{"id":18823,"date":"2025-12-12T20:05:01","date_gmt":"2025-12-12T20:05:01","guid":{"rendered":"https:\/\/blogdobispo.com.br\/?p=18823"},"modified":"2025-12-12T20:05:01","modified_gmt":"2025-12-12T20:05:01","slug":"vereador-robson-carvalho-faz-balanco-positivo-do-mandato-em-2025-e-se-mostra-motivado-para-possivel-disputa-em-2026","status":"publish","type":"post","link":"https:\/\/blogdobispo.com.br\/?p=18823","title":{"rendered":"Vereador Robson Carvalho faz balan\u00e7o positivo do mandato em 2025 e se mostra motivado para poss\u00edvel disputa em 2026"},"content":{"rendered":"\n<p class=\"p1\"><\/p>\n\n\n\n<figure class=\"wp-block-image size-large\"><img data-recalc-dims=\"1\" fetchpriority=\"high\" decoding=\"async\" width=\"800\" height=\"766\" src=\"https:\/\/i0.wp.com\/blogdobispo.com.br\/wp-content\/uploads\/2025\/12\/img_8179-2-1024x980.jpg?resize=800%2C766&#038;ssl=1\" class=\"wp-image-18822\" srcset=\"https:\/\/i0.wp.com\/blogdobispo.com.br\/wp-content\/uploads\/2025\/12\/img_8179-2.jpg?resize=1024%2C980&amp;ssl=1 1024w, https:\/\/i0.wp.com\/blogdobispo.com.br\/wp-content\/uploads\/2025\/12\/img_8179-2.jpg?resize=300%2C287&amp;ssl=1 300w, https:\/\/i0.wp.com\/blogdobispo.com.br\/wp-content\/uploads\/2025\/12\/img_8179-2.jpg?resize=768%2C735&amp;ssl=1 768w, https:\/\/i0.wp.com\/blogdobispo.com.br\/wp-content\/uploads\/2025\/12\/img_8179-2.jpg?resize=1536%2C1471&amp;ssl=1 1536w, https:\/\/i0.wp.com\/blogdobispo.com.br\/wp-content\/uploads\/2025\/12\/img_8179-2.jpg?w=2000&amp;ssl=1 2000w, https:\/\/i0.wp.com\/blogdobispo.com.br\/wp-content\/uploads\/2025\/12\/img_8179-2.jpg?w=1600 1600w\" sizes=\"(max-width: 800px) 100vw, 800px\" \/><\/figure>\n\n\n\n<p class=\"p1\">O vereador de Natal Robson Carvalho encerra o ano de 2025 com uma avalia\u00e7\u00e3o positiva de seu mandato, especialmente no que diz respeito \u00e0s a\u00e7\u00f5es voltadas \u00e0 causa animal, uma de suas principais bandeiras na C\u00e2mara Municipal.<\/p>\n\n\n\n<p class=\"p1\">Ao longo do ano, Robson intensificou projetos e articula\u00e7\u00f5es para ampliar a prote\u00e7\u00e3o animal na capital potiguar, defendendo iniciativas como campanhas de ado\u00e7\u00e3o, avan\u00e7os no programa de castra\u00e7\u00e3o, melhorias na rede de atendimento veterin\u00e1rio p\u00fablico e a\u00e7\u00f5es educativas de conscientiza\u00e7\u00e3o sobre cuidados e responsabilidade com os animais.<\/p>\n\n\n\n<p class=\"p1\">Segundo o vereador, 2025 foi um per\u00edodo de consolida\u00e7\u00e3o. Ele destacou que o trabalho realizado fortaleceu o di\u00e1logo com protetores, ONGs e volunt\u00e1rios, al\u00e9m de ampliar o apoio da popula\u00e7\u00e3o natalense \u00e0 pauta.<\/p>\n\n\n\n<p class=\"p1\">Motivado pelos resultados e pela repercuss\u00e3o positiva das a\u00e7\u00f5es, Robson Carvalho admite que 2026 dever\u00e1 ser um ano de novos desafios. O vereador \u00e9 citado como um dos nomes que podem disputar uma vaga na Assembleia Legislativa do Rio Grande do Norte, caso decida levar suas pautas \u2014 especialmente a defesa animal e pol\u00edticas p\u00fablicas de bem-estar \u2014 para o cen\u00e1rio estadual.<\/p>\n\n\n\n<p class=\"p1\">Robson afirma que ainda est\u00e1 avaliando o cen\u00e1rio pol\u00edtico, mas ressalta que o incentivo recebido ao longo do mandato o estimula a pensar em novos passos: \u201cO trabalho n\u00e3o para. A causa animal precisa de voz em todas as esferas, e estamos prontos para continuar fazendo a diferen\u00e7a onde for necess\u00e1rio\u201d, declarou.<\/p>\n\n\n\n<p class=\"p1\">O vereador segue o ano legislativo projetando novas a\u00e7\u00f5es e ampliando di\u00e1logo com setores que apoiam sua atua\u00e7\u00e3o, mantendo o foco no fortalecimento de pol\u00edticas p\u00fablicas de prote\u00e7\u00e3o animal em Natal e, possivelmente, em todo o Rio Grande do Norte.<\/p>\n","protected":false},"excerpt":{"rendered":"<p>O vereador de Natal Robson Carvalho encerra o ano de 2025 com uma avalia\u00e7\u00e3o positiva de seu mandato, especialmente no que diz respeito \u00e0s a\u00e7\u00f5es voltadas \u00e0 causa animal, uma de suas principais bandeiras na C\u00e2mara Municipal. Ao longo do ano, Robson intensificou projetos e articula\u00e7\u00f5es para ampliar a prote\u00e7\u00e3o animal na capital potiguar, defendendo [&hellip;]<\/p>\n","protected":false},"author":1,"featured_media":18822,"comment_status":"open","ping_status":"open","sticky":false,"template":"","format":"standard","meta":{"cybocfi_hide_featured_image":"","_jetpack_memberships_contains_paid_content":false,"footnotes":""},"categories":[1],"tags":[],"class_list":["post-18823","post","type-post","status-publish","format-standard","has-post-thumbnail","hentry","category-diversos"],"yoast_head":"<!-- This site is optimized with the Yoast SEO plugin v25.6 - https:\/\/yoast.com\/wordpress\/plugins\/seo\/ -->\n<title>Vereador Robson Carvalho faz balan\u00e7o positivo do mandato em 2025 e se mostra motivado para poss\u00edvel disputa em 2026 - Blog do Bispo<\/title>\n<meta name=\"robots\" content=\"index, follow, max-snippet:-1, max-image-preview:large, max-video-preview:-1\" \/>\n<link rel=\"canonical\" href=\"https:\/\/blogdobispo.com.br\/?p=18823\" \/>\n<meta property=\"og:locale\" content=\"pt_BR\" \/>\n<meta property=\"og:type\" content=\"article\" \/>\n<meta property=\"og:title\" content=\"Vereador Robson Carvalho faz balan\u00e7o positivo do mandato em 2025 e se mostra motivado para poss\u00edvel disputa em 2026 - Blog do Bispo\" \/>\n<meta property=\"og:description\" content=\"O vereador de Natal Robson Carvalho encerra o ano de 2025 com uma avalia\u00e7\u00e3o positiva de seu mandato, especialmente no que diz respeito \u00e0s a\u00e7\u00f5es voltadas \u00e0 causa animal, uma de suas principais bandeiras na C\u00e2mara Municipal. Ao longo do ano, Robson intensificou projetos e articula\u00e7\u00f5es para ampliar a prote\u00e7\u00e3o animal na capital potiguar, defendendo [&hellip;]\" \/>\n<meta property=\"og:url\" content=\"https:\/\/blogdobispo.com.br\/?p=18823\" \/>\n<meta property=\"og:site_name\" content=\"Blog do Bispo\" \/>\n<meta property=\"article:published_time\" content=\"2025-12-12T20:05:01+00:00\" \/>\n<meta property=\"og:image\" content=\"https:\/\/blogdobispo.com.br\/wp-content\/uploads\/2025\/12\/img_8179-2-1024x980.jpg\" \/>\n<meta name=\"author\" content=\"Jefferson Sterfeno\" \/>\n<meta name=\"twitter:card\" content=\"summary_large_image\" \/>\n<meta name=\"twitter:label1\" content=\"Escrito por\" \/>\n\t<meta name=\"twitter:data1\" content=\"Jefferson Sterfeno\" \/>\n\t<meta name=\"twitter:label2\" content=\"Est. tempo de leitura\" \/>\n\t<meta name=\"twitter:data2\" content=\"1 minuto\" \/>\n<script type=\"application\/ld+json\" class=\"yoast-schema-graph\">{\"@context\":\"https:\/\/schema.org\",\"@graph\":[{\"@type\":\"Article\",\"@id\":\"https:\/\/blogdobispo.com.br\/?p=18823#article\",\"isPartOf\":{\"@id\":\"https:\/\/blogdobispo.com.br\/?p=18823\"},\"author\":{\"name\":\"Jefferson Sterfeno\",\"@id\":\"https:\/\/blogdobispo.com.br\/#\/schema\/person\/e2209cc0e6cea5c5233d033e997b373f\"},\"headline\":\"Vereador Robson Carvalho faz balan\u00e7o positivo do mandato em 2025 e se mostra motivado para poss\u00edvel disputa em 2026\",\"datePublished\":\"2025-12-12T20:05:01+00:00\",\"mainEntityOfPage\":{\"@id\":\"https:\/\/blogdobispo.com.br\/?p=18823\"},\"wordCount\":316,\"commentCount\":0,\"publisher\":{\"@id\":\"https:\/\/blogdobispo.com.br\/#organization\"},\"image\":{\"@id\":\"https:\/\/blogdobispo.com.br\/?p=18823#primaryimage\"},\"thumbnailUrl\":\"https:\/\/i0.wp.com\/blogdobispo.com.br\/wp-content\/uploads\/2025\/12\/img_8179-2.jpg?fit=2000%2C1915&ssl=1\",\"articleSection\":[\"diversos\"],\"inLanguage\":\"pt-BR\",\"potentialAction\":[{\"@type\":\"CommentAction\",\"name\":\"Comment\",\"target\":[\"https:\/\/blogdobispo.com.br\/?p=18823#respond\"]}]},{\"@type\":\"WebPage\",\"@id\":\"https:\/\/blogdobispo.com.br\/?p=18823\",\"url\":\"https:\/\/blogdobispo.com.br\/?p=18823\",\"name\":\"Vereador Robson Carvalho faz balan\u00e7o positivo do mandato em 2025 e se mostra motivado para poss\u00edvel disputa em 2026 - Blog do Bispo\",\"isPartOf\":{\"@id\":\"https:\/\/blogdobispo.com.br\/#website\"},\"primaryImageOfPage\":{\"@id\":\"https:\/\/blogdobispo.com.br\/?p=18823#primaryimage\"},\"image\":{\"@id\":\"https:\/\/blogdobispo.com.br\/?p=18823#primaryimage\"},\"thumbnailUrl\":\"https:\/\/i0.wp.com\/blogdobispo.com.br\/wp-content\/uploads\/2025\/12\/img_8179-2.jpg?fit=2000%2C1915&ssl=1\",\"datePublished\":\"2025-12-12T20:05:01+00:00\",\"breadcrumb\":{\"@id\":\"https:\/\/blogdobispo.com.br\/?p=18823#breadcrumb\"},\"inLanguage\":\"pt-BR\",\"potentialAction\":[{\"@type\":\"ReadAction\",\"target\":[\"https:\/\/blogdobispo.com.br\/?p=18823\"]}]},{\"@type\":\"ImageObject\",\"inLanguage\":\"pt-BR\",\"@id\":\"https:\/\/blogdobispo.com.br\/?p=18823#primaryimage\",\"url\":\"https:\/\/i0.wp.com\/blogdobispo.com.br\/wp-content\/uploads\/2025\/12\/img_8179-2.jpg?fit=2000%2C1915&ssl=1\",\"contentUrl\":\"https:\/\/i0.wp.com\/blogdobispo.com.br\/wp-content\/uploads\/2025\/12\/img_8179-2.jpg?fit=2000%2C1915&ssl=1\",\"width\":2000,\"height\":1915},{\"@type\":\"BreadcrumbList\",\"@id\":\"https:\/\/blogdobispo.com.br\/?p=18823#breadcrumb\",\"itemListElement\":[{\"@type\":\"ListItem\",\"position\":1,\"name\":\"In\u00edcio\",\"item\":\"https:\/\/blogdobispo.com.br\/\"},{\"@type\":\"ListItem\",\"position\":2,\"name\":\"Vereador Robson Carvalho faz balan\u00e7o positivo do mandato em 2025 e se mostra motivado para poss\u00edvel disputa em 2026\"}]},{\"@type\":\"WebSite\",\"@id\":\"https:\/\/blogdobispo.com.br\/#website\",\"url\":\"https:\/\/blogdobispo.com.br\/\",\"name\":\"Blog do Bispo\",\"description\":\"Comprometido apenas com o leitor\",\"publisher\":{\"@id\":\"https:\/\/blogdobispo.com.br\/#organization\"},\"potentialAction\":[{\"@type\":\"SearchAction\",\"target\":{\"@type\":\"EntryPoint\",\"urlTemplate\":\"https:\/\/blogdobispo.com.br\/?s={search_term_string}\"},\"query-input\":{\"@type\":\"PropertyValueSpecification\",\"valueRequired\":true,\"valueName\":\"search_term_string\"}}],\"inLanguage\":\"pt-BR\"},{\"@type\":\"Organization\",\"@id\":\"https:\/\/blogdobispo.com.br\/#organization\",\"name\":\"Blog do Bispo\",\"url\":\"https:\/\/blogdobispo.com.br\/\",\"logo\":{\"@type\":\"ImageObject\",\"inLanguage\":\"pt-BR\",\"@id\":\"https:\/\/blogdobispo.com.br\/#\/schema\/logo\/image\/\",\"url\":\"http:\/\/blogdobispo.com.br\/wp-content\/uploads\/2023\/05\/cropped-headear.png\",\"contentUrl\":\"http:\/\/blogdobispo.com.br\/wp-content\/uploads\/2023\/05\/cropped-headear.png\",\"width\":1500,\"height\":399,\"caption\":\"Blog do Bispo\"},\"image\":{\"@id\":\"https:\/\/blogdobispo.com.br\/#\/schema\/logo\/image\/\"}},{\"@type\":\"Person\",\"@id\":\"https:\/\/blogdobispo.com.br\/#\/schema\/person\/e2209cc0e6cea5c5233d033e997b373f\",\"name\":\"Jefferson Sterfeno\",\"image\":{\"@type\":\"ImageObject\",\"inLanguage\":\"pt-BR\",\"@id\":\"https:\/\/blogdobispo.com.br\/#\/schema\/person\/image\/\",\"url\":\"https:\/\/secure.gravatar.com\/avatar\/0534e84764641168a677026b6d57a3f51dc7ac4db0b4f6186d9cb330d4ee1160?s=96&d=mm&r=g\",\"contentUrl\":\"https:\/\/secure.gravatar.com\/avatar\/0534e84764641168a677026b6d57a3f51dc7ac4db0b4f6186d9cb330d4ee1160?s=96&d=mm&r=g\",\"caption\":\"Jefferson Sterfeno\"},\"sameAs\":[\"http:\/\/blogdobispo.com.br\"],\"url\":\"https:\/\/blogdobispo.com.br\/?author=1\"}]}<\/script>\n<!-- \/ Yoast SEO plugin. -->","yoast_head_json":{"title":"Vereador Robson Carvalho faz balan\u00e7o positivo do mandato em 2025 e se mostra motivado para poss\u00edvel disputa em 2026 - Blog do Bispo","robots":{"index":"index","follow":"follow","max-snippet":"max-snippet:-1","max-image-preview":"max-image-preview:large","max-video-preview":"max-video-preview:-1"},"canonical":"https:\/\/blogdobispo.com.br\/?p=18823","og_locale":"pt_BR","og_type":"article","og_title":"Vereador Robson Carvalho faz balan\u00e7o positivo do mandato em 2025 e se mostra motivado para poss\u00edvel disputa em 2026 - Blog do Bispo","og_description":"O vereador de Natal Robson Carvalho encerra o ano de 2025 com uma avalia\u00e7\u00e3o positiva de seu mandato, especialmente no que diz respeito \u00e0s a\u00e7\u00f5es voltadas \u00e0 causa animal, uma de suas principais bandeiras na C\u00e2mara Municipal. Ao longo do ano, Robson intensificou projetos e articula\u00e7\u00f5es para ampliar a prote\u00e7\u00e3o animal na capital potiguar, defendendo [&hellip;]","og_url":"https:\/\/blogdobispo.com.br\/?p=18823","og_site_name":"Blog do Bispo","article_published_time":"2025-12-12T20:05:01+00:00","og_image":[{"url":"https:\/\/blogdobispo.com.br\/wp-content\/uploads\/2025\/12\/img_8179-2-1024x980.jpg","type":"","width":"","height":""}],"author":"Jefferson Sterfeno","twitter_card":"summary_large_image","twitter_misc":{"Escrito por":"Jefferson Sterfeno","Est. tempo de leitura":"1 minuto"},"schema":{"@context":"https:\/\/schema.org","@graph":[{"@type":"Article","@id":"https:\/\/blogdobispo.com.br\/?p=18823#article","isPartOf":{"@id":"https:\/\/blogdobispo.com.br\/?p=18823"},"author":{"name":"Jefferson Sterfeno","@id":"https:\/\/blogdobispo.com.br\/#\/schema\/person\/e2209cc0e6cea5c5233d033e997b373f"},"headline":"Vereador Robson Carvalho faz balan\u00e7o positivo do mandato em 2025 e se mostra motivado para poss\u00edvel disputa em 2026","datePublished":"2025-12-12T20:05:01+00:00","mainEntityOfPage":{"@id":"https:\/\/blogdobispo.com.br\/?p=18823"},"wordCount":316,"commentCount":0,"publisher":{"@id":"https:\/\/blogdobispo.com.br\/#organization"},"image":{"@id":"https:\/\/blogdobispo.com.br\/?p=18823#primaryimage"},"thumbnailUrl":"https:\/\/i0.wp.com\/blogdobispo.com.br\/wp-content\/uploads\/2025\/12\/img_8179-2.jpg?fit=2000%2C1915&ssl=1","articleSection":["diversos"],"inLanguage":"pt-BR","potentialAction":[{"@type":"CommentAction","name":"Comment","target":["https:\/\/blogdobispo.com.br\/?p=18823#respond"]}]},{"@type":"WebPage","@id":"https:\/\/blogdobispo.com.br\/?p=18823","url":"https:\/\/blogdobispo.com.br\/?p=18823","name":"Vereador Robson Carvalho faz balan\u00e7o positivo do mandato em 2025 e se mostra motivado para poss\u00edvel disputa em 2026 - Blog do Bispo","isPartOf":{"@id":"https:\/\/blogdobispo.com.br\/#website"},"primaryImageOfPage":{"@id":"https:\/\/blogdobispo.com.br\/?p=18823#primaryimage"},"image":{"@id":"https:\/\/blogdobispo.com.br\/?p=18823#primaryimage"},"thumbnailUrl":"https:\/\/i0.wp.com\/blogdobispo.com.br\/wp-content\/uploads\/2025\/12\/img_8179-2.jpg?fit=2000%2C1915&ssl=1","datePublished":"2025-12-12T20:05:01+00:00","breadcrumb":{"@id":"https:\/\/blogdobispo.com.br\/?p=18823#breadcrumb"},"inLanguage":"pt-BR","potentialAction":[{"@type":"ReadAction","target":["https:\/\/blogdobispo.com.br\/?p=18823"]}]},{"@type":"ImageObject","inLanguage":"pt-BR","@id":"https:\/\/blogdobispo.com.br\/?p=18823#primaryimage","url":"https:\/\/i0.wp.com\/blogdobispo.com.br\/wp-content\/uploads\/2025\/12\/img_8179-2.jpg?fit=2000%2C1915&ssl=1","contentUrl":"https:\/\/i0.wp.com\/blogdobispo.com.br\/wp-content\/uploads\/2025\/12\/img_8179-2.jpg?fit=2000%2C1915&ssl=1","width":2000,"height":1915},{"@type":"BreadcrumbList","@id":"https:\/\/blogdobispo.com.br\/?p=18823#breadcrumb","itemListElement":[{"@type":"ListItem","position":1,"name":"In\u00edcio","item":"https:\/\/blogdobispo.com.br\/"},{"@type":"ListItem","position":2,"name":"Vereador Robson Carvalho faz balan\u00e7o positivo do mandato em 2025 e se mostra motivado para poss\u00edvel disputa em 2026"}]},{"@type":"WebSite","@id":"https:\/\/blogdobispo.com.br\/#website","url":"https:\/\/blogdobispo.com.br\/","name":"Blog do Bispo","description":"Comprometido apenas com o leitor","publisher":{"@id":"https:\/\/blogdobispo.com.br\/#organization"},"potentialAction":[{"@type":"SearchAction","target":{"@type":"EntryPoint","urlTemplate":"https:\/\/blogdobispo.com.br\/?s={search_term_string}"},"query-input":{"@type":"PropertyValueSpecification","valueRequired":true,"valueName":"search_term_string"}}],"inLanguage":"pt-BR"},{"@type":"Organization","@id":"https:\/\/blogdobispo.com.br\/#organization","name":"Blog do Bispo","url":"https:\/\/blogdobispo.com.br\/","logo":{"@type":"ImageObject","inLanguage":"pt-BR","@id":"https:\/\/blogdobispo.com.br\/#\/schema\/logo\/image\/","url":"http:\/\/blogdobispo.com.br\/wp-content\/uploads\/2023\/05\/cropped-headear.png","contentUrl":"http:\/\/blogdobispo.com.br\/wp-content\/uploads\/2023\/05\/cropped-headear.png","width":1500,"height":399,"caption":"Blog do Bispo"},"image":{"@id":"https:\/\/blogdobispo.com.br\/#\/schema\/logo\/image\/"}},{"@type":"Person","@id":"https:\/\/blogdobispo.com.br\/#\/schema\/person\/e2209cc0e6cea5c5233d033e997b373f","name":"Jefferson Sterfeno","image":{"@type":"ImageObject","inLanguage":"pt-BR","@id":"https:\/\/blogdobispo.com.br\/#\/schema\/person\/image\/","url":"https:\/\/secure.gravatar.com\/avatar\/0534e84764641168a677026b6d57a3f51dc7ac4db0b4f6186d9cb330d4ee1160?s=96&d=mm&r=g","contentUrl":"https:\/\/secure.gravatar.com\/avatar\/0534e84764641168a677026b6d57a3f51dc7ac4db0b4f6186d9cb330d4ee1160?s=96&d=mm&r=g","caption":"Jefferson Sterfeno"},"sameAs":["http:\/\/blogdobispo.com.br"],"url":"https:\/\/blogdobispo.com.br\/?author=1"}]}},"featured_image_urls":{"full":["https:\/\/i0.wp.com\/blogdobispo.com.br\/wp-content\/uploads\/2025\/12\/img_8179-2.jpg?fit=2000%2C1915&ssl=1",2000,1915,false],"thumbnail":["https:\/\/i0.wp.com\/blogdobispo.com.br\/wp-content\/uploads\/2025\/12\/img_8179-2.jpg?resize=150%2C150&ssl=1",150,150,true],"medium":["https:\/\/i0.wp.com\/blogdobispo.com.br\/wp-content\/uploads\/2025\/12\/img_8179-2.jpg?fit=300%2C287&ssl=1",300,287,true],"medium_large":["https:\/\/i0.wp.com\/blogdobispo.com.br\/wp-content\/uploads\/2025\/12\/img_8179-2.jpg?fit=768%2C735&ssl=1",768,735,true],"large":["https:\/\/i0.wp.com\/blogdobispo.com.br\/wp-content\/uploads\/2025\/12\/img_8179-2.jpg?fit=800%2C766&ssl=1",800,766,true],"1536x1536":["https:\/\/i0.wp.com\/blogdobispo.com.br\/wp-content\/uploads\/2025\/12\/img_8179-2.jpg?fit=1536%2C1471&ssl=1",1536,1471,true],"2048x2048":["https:\/\/i0.wp.com\/blogdobispo.com.br\/wp-content\/uploads\/2025\/12\/img_8179-2.jpg?fit=2000%2C1915&ssl=1",2000,1915,true]},"author_info":{"display_name":"Jefferson Sterfeno","author_link":"https:\/\/blogdobispo.com.br\/?author=1"},"category_info":"<a href=\"https:\/\/blogdobispo.com.br\/?cat=1\" rel=\"category\">diversos<\/a>","tag_info":"diversos","comment_count":"0","jetpack_featured_media_url":"https:\/\/i0.wp.com\/blogdobispo.com.br\/wp-content\/uploads\/2025\/12\/img_8179-2.jpg?fit=2000%2C1915&ssl=1","jetpack_sharing_enabled":true,"_links":{"self":[{"href":"https:\/\/blogdobispo.com.br\/index.php?rest_route=\/wp\/v2\/posts\/18823","targetHints":{"allow":["GET"]}}],"collection":[{"href":"https:\/\/blogdobispo.com.br\/index.php?rest_route=\/wp\/v2\/posts"}],"about":[{"href":"https:\/\/blogdobispo.com.br\/index.php?rest_route=\/wp\/v2\/types\/post"}],"author":[{"embeddable":true,"href":"https:\/\/blogdobispo.com.br\/index.php?rest_route=\/wp\/v2\/users\/1"}],"replies":[{"embeddable":true,"href":"https:\/\/blogdobispo.com.br\/index.php?rest_route=%2Fwp%2Fv2%2Fcomments&post=18823"}],"version-history":[{"count":0,"href":"https:\/\/blogdobispo.com.br\/index.php?rest_route=\/wp\/v2\/posts\/18823\/revisions"}],"wp:featuredmedia":[{"embeddable":true,"href":"https:\/\/blogdobispo.com.br\/index.php?rest_route=\/wp\/v2\/media\/18822"}],"wp:attachment":[{"href":"https:\/\/blogdobispo.com.br\/index.php?rest_route=%2Fwp%2Fv2%2Fmedia&parent=18823"}],"wp:term":[{"taxonomy":"category","embeddable":true,"href":"https:\/\/blogdobispo.com.br\/index.php?rest_route=%2Fwp%2Fv2%2Fcategories&post=18823"},{"taxonomy":"post_tag","embeddable":true,"href":"https:\/\/blogdobispo.com.br\/index.php?rest_route=%2Fwp%2Fv2%2Ftags&post=18823"}],"curies":[{"name":"wp","href":"https:\/\/api.w.org\/{rel}","templated":true}]}}