{"id":18819,"date":"2025-12-12T20:00:25","date_gmt":"2025-12-12T20:00:25","guid":{"rendered":"https:\/\/blogdobispo.com.br\/?p=18819"},"modified":"2026-02-02T17:04:22","modified_gmt":"2026-02-02T17:04:22","slug":"ubaldo-fernandes-recebe-titulo-de-parlamentar-do-ano-em-noite-prestigiada-pela-imprensa-e-autoridades","status":"publish","type":"post","link":"https:\/\/blogdobispo.com.br\/?p=18819","title":{"rendered":"Ubaldo Fernandes recebe T\u00edtulo De Parlamentar do Ano em noite prestigiada pela imprensa e autoridades"},"content":{"rendered":"\n<figure class=\"wp-block-image size-large\"><img data-recalc-dims=\"1\" fetchpriority=\"high\" decoding=\"async\" width=\"800\" height=\"534\" src=\"https:\/\/i0.wp.com\/blogdobispo.com.br\/wp-content\/uploads\/2025\/12\/bb4182b5-ef64-407b-9772-c2a65b8f2983-1024x683.jpg?resize=800%2C534&#038;ssl=1\" alt=\"\" class=\"wp-image-18818\" srcset=\"https:\/\/i0.wp.com\/blogdobispo.com.br\/wp-content\/uploads\/2025\/12\/bb4182b5-ef64-407b-9772-c2a65b8f2983.jpg?resize=1024%2C683&amp;ssl=1 1024w, https:\/\/i0.wp.com\/blogdobispo.com.br\/wp-content\/uploads\/2025\/12\/bb4182b5-ef64-407b-9772-c2a65b8f2983.jpg?resize=300%2C200&amp;ssl=1 300w, https:\/\/i0.wp.com\/blogdobispo.com.br\/wp-content\/uploads\/2025\/12\/bb4182b5-ef64-407b-9772-c2a65b8f2983.jpg?resize=768%2C512&amp;ssl=1 768w, https:\/\/i0.wp.com\/blogdobispo.com.br\/wp-content\/uploads\/2025\/12\/bb4182b5-ef64-407b-9772-c2a65b8f2983.jpg?resize=1536%2C1024&amp;ssl=1 1536w, https:\/\/i0.wp.com\/blogdobispo.com.br\/wp-content\/uploads\/2025\/12\/bb4182b5-ef64-407b-9772-c2a65b8f2983.jpg?w=1599&amp;ssl=1 1599w\" sizes=\"(max-width: 800px) 100vw, 800px\" \/><\/figure>\n\n\n\n<p><\/p>\n\n\n\n<p>O deputado estadual Ubaldo Fernandes recebeu, na noite desta quinta-feira (12), no restaurante Agaricus, o T\u00edtulo deParlamentar do Ano, concedido pelo Comit\u00ea de Imprensa da Assembleia Legislativa do Rio Grande do Norte. A solenidade reuniu jornalistas, autoridades, parlamentares, familiares e amigos, em um clima de reconhecimento p\u00fablico ao trabalho desenvolvido pelo deputado ao longo do ano.<\/p>\n\n\n\n<p>Durante seu discurso, Ubaldo Fernandes agradeceu \u00e0 imprensa potiguar pela escolha e destacou que o reconhecimento engrandece sua trajet\u00f3ria e aumenta a responsabilidade do mandato. Ele fez quest\u00e3o de mencionar o presidente do Comit\u00ea, Oliveira Wanderley, e dedicou palavras de afeto \u00e0 esposa Ivanilda e \u00e0s filhas Helo\u00edsa e Isla, que representam, segundo ele, seu maior apoio di\u00e1rio. Tamb\u00e9m destacou o trabalho da diretora de Comunica\u00e7\u00e3o, Mar\u00edlia Rocha, e do diretor da TV Assembleia, Bruno Giovanni, que fortalecem a rela\u00e7\u00e3o entre o Poder Legislativo e a sociedade.<\/p>\n\n\n\n<p>Em tom emocionado, afirmou que o t\u00edtulo n\u00e3o \u00e9 personalista, mas coletivo, pois representa todos os segmentos sociais que acompanham, apoiam e participam do seu trabalho. Segundo o deputado, o reconhecimento \u00e9 fruto do di\u00e1logo, da escuta ativa e da parceria constante com a popula\u00e7\u00e3o. Ubaldo lembrou ainda que tem se orgulhado de representar o Rio Grande do Norte nos congressos da Unale. Segundo ele, parlamentares de todo o pa\u00eds reconhecem o RN como refer\u00eancia pela gest\u00e3o grandiosa e pelo respeito institucional que a Assembleia Legislativa conquistou, destacando que esse prest\u00edgio motiva ainda mais seu trabalho no segundo mandato.<\/p>\n\n\n\n<p>O presidente da Assembleia Legislativa, Ezequiel Ferreira, tamb\u00e9m discursou e elogiou a atua\u00e7\u00e3o do homenageado. Ezequiel destacou a origem simples de Ubaldo e sua dedica\u00e7\u00e3o incans\u00e1vel \u00e0 vida p\u00fablica, afirmando que poucos t\u00eam uma rotina t\u00e3o intensa quanto a dele, sempre com a casa cheia, atendendo pessoas de manh\u00e3, de tarde e de noite, providenciando transporte, apoio e acolhimento \u00e0 popula\u00e7\u00e3o. Segundo o presidente, Ubaldo \u00e9 um verdadeiro \u201cestradeiro\u201d, sempre presente nos munic\u00edpios e perto das pessoas, o que justifica, de forma incontest\u00e1vel, o reconhecimento concedido pela imprensa.<\/p>\n\n\n\n<p>A solenidade foi marcada por emo\u00e7\u00e3o, demonstra\u00e7\u00f5es de respeito e pela reafirma\u00e7\u00e3o do compromisso do deputado Ubaldo Fernandes com a coletividade potiguar e com o fortalecimento do trabalho parlamentar em defesa de quem mais precisa. Estiveram presentes o presidente do Comit\u00ea de Imprensa, Oliveira Wanderley; al\u00e9m da diretora de Comunica\u00e7\u00e3o da Assembleia Legislativa, Mar\u00edlia Rocha, e do diretor da TV Assembleia, Bruno Giovanni. A homenagem tamb\u00e9m foi prestigiada pelos deputados Coronel Azevedo, Eudiane Macedo, Adjuto Dias, Taveira J\u00fanior, Isolda Dantas, Terezinha Maia e Hermano Morais, al\u00e9m dos vereadores Herberth Sena, L\u00e9o Souza e T\u00e1rcio de Eudiane. A solenidade contou ainda com a presen\u00e7a do diretor-geral da Casa, Augusto Viveiros, e da diretora-geral da Presid\u00eancia, Dulcin\u00e9a Brand\u00e3o.<\/p>\n","protected":false},"excerpt":{"rendered":"<p>O deputado estadual Ubaldo Fernandes recebeu, na noite desta quinta-feira (12), no restaurante Agaricus, o T\u00edtulo deParlamentar do Ano, concedido pelo Comit\u00ea de Imprensa da Assembleia Legislativa do Rio Grande do Norte. A solenidade reuniu jornalistas, autoridades, parlamentares, familiares e amigos, em um clima de reconhecimento p\u00fablico ao trabalho desenvolvido pelo deputado ao longo do [&hellip;]<\/p>\n","protected":false},"author":1,"featured_media":18818,"comment_status":"open","ping_status":"open","sticky":false,"template":"","format":"standard","meta":{"cybocfi_hide_featured_image":"","_jetpack_memberships_contains_paid_content":false,"footnotes":""},"categories":[1],"tags":[],"class_list":["post-18819","post","type-post","status-publish","format-standard","has-post-thumbnail","hentry","category-diversos"],"yoast_head":"<!-- This site is optimized with the Yoast SEO plugin v25.6 - https:\/\/yoast.com\/wordpress\/plugins\/seo\/ -->\n<title>Ubaldo Fernandes recebe T\u00edtulo De Parlamentar do Ano em noite prestigiada pela imprensa e autoridades - Blog do Bispo<\/title>\n<meta name=\"robots\" content=\"index, follow, max-snippet:-1, max-image-preview:large, max-video-preview:-1\" \/>\n<link rel=\"canonical\" href=\"https:\/\/blogdobispo.com.br\/?p=18819\" \/>\n<meta property=\"og:locale\" content=\"pt_BR\" \/>\n<meta property=\"og:type\" content=\"article\" \/>\n<meta property=\"og:title\" content=\"Ubaldo Fernandes recebe T\u00edtulo De Parlamentar do Ano em noite prestigiada pela imprensa e autoridades - Blog do Bispo\" \/>\n<meta property=\"og:description\" content=\"O deputado estadual Ubaldo Fernandes recebeu, na noite desta quinta-feira (12), no restaurante Agaricus, o T\u00edtulo deParlamentar do Ano, concedido pelo Comit\u00ea de Imprensa da Assembleia Legislativa do Rio Grande do Norte. A solenidade reuniu jornalistas, autoridades, parlamentares, familiares e amigos, em um clima de reconhecimento p\u00fablico ao trabalho desenvolvido pelo deputado ao longo do [&hellip;]\" \/>\n<meta property=\"og:url\" content=\"https:\/\/blogdobispo.com.br\/?p=18819\" \/>\n<meta property=\"og:site_name\" content=\"Blog do Bispo\" \/>\n<meta property=\"article:published_time\" content=\"2025-12-12T20:00:25+00:00\" \/>\n<meta property=\"article:modified_time\" content=\"2026-02-02T17:04:22+00:00\" \/>\n<meta property=\"og:image\" content=\"https:\/\/i0.wp.com\/blogdobispo.com.br\/wp-content\/uploads\/2025\/12\/bb4182b5-ef64-407b-9772-c2a65b8f2983.jpg?fit=1599%2C1066&ssl=1\" \/>\n\t<meta property=\"og:image:width\" content=\"1599\" \/>\n\t<meta property=\"og:image:height\" content=\"1066\" \/>\n\t<meta property=\"og:image:type\" content=\"image\/jpeg\" \/>\n<meta name=\"author\" content=\"Jefferson Sterfeno\" \/>\n<meta name=\"twitter:card\" content=\"summary_large_image\" \/>\n<meta name=\"twitter:label1\" content=\"Escrito por\" \/>\n\t<meta name=\"twitter:data1\" content=\"Jefferson Sterfeno\" \/>\n\t<meta name=\"twitter:label2\" content=\"Est. tempo de leitura\" \/>\n\t<meta name=\"twitter:data2\" content=\"2 minutos\" \/>\n<script type=\"application\/ld+json\" class=\"yoast-schema-graph\">{\"@context\":\"https:\/\/schema.org\",\"@graph\":[{\"@type\":\"Article\",\"@id\":\"https:\/\/blogdobispo.com.br\/?p=18819#article\",\"isPartOf\":{\"@id\":\"https:\/\/blogdobispo.com.br\/?p=18819\"},\"author\":{\"name\":\"Jefferson Sterfeno\",\"@id\":\"https:\/\/blogdobispo.com.br\/#\/schema\/person\/e2209cc0e6cea5c5233d033e997b373f\"},\"headline\":\"Ubaldo Fernandes recebe T\u00edtulo De Parlamentar do Ano em noite prestigiada pela imprensa e autoridades\",\"datePublished\":\"2025-12-12T20:00:25+00:00\",\"dateModified\":\"2026-02-02T17:04:22+00:00\",\"mainEntityOfPage\":{\"@id\":\"https:\/\/blogdobispo.com.br\/?p=18819\"},\"wordCount\":497,\"commentCount\":0,\"publisher\":{\"@id\":\"https:\/\/blogdobispo.com.br\/#organization\"},\"image\":{\"@id\":\"https:\/\/blogdobispo.com.br\/?p=18819#primaryimage\"},\"thumbnailUrl\":\"https:\/\/i0.wp.com\/blogdobispo.com.br\/wp-content\/uploads\/2025\/12\/bb4182b5-ef64-407b-9772-c2a65b8f2983.jpg?fit=1599%2C1066&ssl=1\",\"articleSection\":[\"diversos\"],\"inLanguage\":\"pt-BR\",\"potentialAction\":[{\"@type\":\"CommentAction\",\"name\":\"Comment\",\"target\":[\"https:\/\/blogdobispo.com.br\/?p=18819#respond\"]}]},{\"@type\":\"WebPage\",\"@id\":\"https:\/\/blogdobispo.com.br\/?p=18819\",\"url\":\"https:\/\/blogdobispo.com.br\/?p=18819\",\"name\":\"Ubaldo Fernandes recebe T\u00edtulo De Parlamentar do Ano em noite prestigiada pela imprensa e autoridades - Blog do Bispo\",\"isPartOf\":{\"@id\":\"https:\/\/blogdobispo.com.br\/#website\"},\"primaryImageOfPage\":{\"@id\":\"https:\/\/blogdobispo.com.br\/?p=18819#primaryimage\"},\"image\":{\"@id\":\"https:\/\/blogdobispo.com.br\/?p=18819#primaryimage\"},\"thumbnailUrl\":\"https:\/\/i0.wp.com\/blogdobispo.com.br\/wp-content\/uploads\/2025\/12\/bb4182b5-ef64-407b-9772-c2a65b8f2983.jpg?fit=1599%2C1066&ssl=1\",\"datePublished\":\"2025-12-12T20:00:25+00:00\",\"dateModified\":\"2026-02-02T17:04:22+00:00\",\"breadcrumb\":{\"@id\":\"https:\/\/blogdobispo.com.br\/?p=18819#breadcrumb\"},\"inLanguage\":\"pt-BR\",\"potentialAction\":[{\"@type\":\"ReadAction\",\"target\":[\"https:\/\/blogdobispo.com.br\/?p=18819\"]}]},{\"@type\":\"ImageObject\",\"inLanguage\":\"pt-BR\",\"@id\":\"https:\/\/blogdobispo.com.br\/?p=18819#primaryimage\",\"url\":\"https:\/\/i0.wp.com\/blogdobispo.com.br\/wp-content\/uploads\/2025\/12\/bb4182b5-ef64-407b-9772-c2a65b8f2983.jpg?fit=1599%2C1066&ssl=1\",\"contentUrl\":\"https:\/\/i0.wp.com\/blogdobispo.com.br\/wp-content\/uploads\/2025\/12\/bb4182b5-ef64-407b-9772-c2a65b8f2983.jpg?fit=1599%2C1066&ssl=1\",\"width\":1599,\"height\":1066},{\"@type\":\"BreadcrumbList\",\"@id\":\"https:\/\/blogdobispo.com.br\/?p=18819#breadcrumb\",\"itemListElement\":[{\"@type\":\"ListItem\",\"position\":1,\"name\":\"In\u00edcio\",\"item\":\"https:\/\/blogdobispo.com.br\/\"},{\"@type\":\"ListItem\",\"position\":2,\"name\":\"Ubaldo Fernandes recebe T\u00edtulo De Parlamentar do Ano em noite prestigiada pela imprensa e autoridades\"}]},{\"@type\":\"WebSite\",\"@id\":\"https:\/\/blogdobispo.com.br\/#website\",\"url\":\"https:\/\/blogdobispo.com.br\/\",\"name\":\"Blog do Bispo\",\"description\":\"Comprometido apenas com o leitor\",\"publisher\":{\"@id\":\"https:\/\/blogdobispo.com.br\/#organization\"},\"potentialAction\":[{\"@type\":\"SearchAction\",\"target\":{\"@type\":\"EntryPoint\",\"urlTemplate\":\"https:\/\/blogdobispo.com.br\/?s={search_term_string}\"},\"query-input\":{\"@type\":\"PropertyValueSpecification\",\"valueRequired\":true,\"valueName\":\"search_term_string\"}}],\"inLanguage\":\"pt-BR\"},{\"@type\":\"Organization\",\"@id\":\"https:\/\/blogdobispo.com.br\/#organization\",\"name\":\"Blog do Bispo\",\"url\":\"https:\/\/blogdobispo.com.br\/\",\"logo\":{\"@type\":\"ImageObject\",\"inLanguage\":\"pt-BR\",\"@id\":\"https:\/\/blogdobispo.com.br\/#\/schema\/logo\/image\/\",\"url\":\"http:\/\/blogdobispo.com.br\/wp-content\/uploads\/2023\/05\/cropped-headear.png\",\"contentUrl\":\"http:\/\/blogdobispo.com.br\/wp-content\/uploads\/2023\/05\/cropped-headear.png\",\"width\":1500,\"height\":399,\"caption\":\"Blog do Bispo\"},\"image\":{\"@id\":\"https:\/\/blogdobispo.com.br\/#\/schema\/logo\/image\/\"}},{\"@type\":\"Person\",\"@id\":\"https:\/\/blogdobispo.com.br\/#\/schema\/person\/e2209cc0e6cea5c5233d033e997b373f\",\"name\":\"Jefferson Sterfeno\",\"image\":{\"@type\":\"ImageObject\",\"inLanguage\":\"pt-BR\",\"@id\":\"https:\/\/blogdobispo.com.br\/#\/schema\/person\/image\/\",\"url\":\"https:\/\/secure.gravatar.com\/avatar\/0534e84764641168a677026b6d57a3f51dc7ac4db0b4f6186d9cb330d4ee1160?s=96&d=mm&r=g\",\"contentUrl\":\"https:\/\/secure.gravatar.com\/avatar\/0534e84764641168a677026b6d57a3f51dc7ac4db0b4f6186d9cb330d4ee1160?s=96&d=mm&r=g\",\"caption\":\"Jefferson Sterfeno\"},\"sameAs\":[\"http:\/\/blogdobispo.com.br\"],\"url\":\"https:\/\/blogdobispo.com.br\/?author=1\"}]}<\/script>\n<!-- \/ Yoast SEO plugin. -->","yoast_head_json":{"title":"Ubaldo Fernandes recebe T\u00edtulo De Parlamentar do Ano em noite prestigiada pela imprensa e autoridades - Blog do Bispo","robots":{"index":"index","follow":"follow","max-snippet":"max-snippet:-1","max-image-preview":"max-image-preview:large","max-video-preview":"max-video-preview:-1"},"canonical":"https:\/\/blogdobispo.com.br\/?p=18819","og_locale":"pt_BR","og_type":"article","og_title":"Ubaldo Fernandes recebe T\u00edtulo De Parlamentar do Ano em noite prestigiada pela imprensa e autoridades - Blog do Bispo","og_description":"O deputado estadual Ubaldo Fernandes recebeu, na noite desta quinta-feira (12), no restaurante Agaricus, o T\u00edtulo deParlamentar do Ano, concedido pelo Comit\u00ea de Imprensa da Assembleia Legislativa do Rio Grande do Norte. A solenidade reuniu jornalistas, autoridades, parlamentares, familiares e amigos, em um clima de reconhecimento p\u00fablico ao trabalho desenvolvido pelo deputado ao longo do [&hellip;]","og_url":"https:\/\/blogdobispo.com.br\/?p=18819","og_site_name":"Blog do Bispo","article_published_time":"2025-12-12T20:00:25+00:00","article_modified_time":"2026-02-02T17:04:22+00:00","og_image":[{"width":1599,"height":1066,"url":"https:\/\/i0.wp.com\/blogdobispo.com.br\/wp-content\/uploads\/2025\/12\/bb4182b5-ef64-407b-9772-c2a65b8f2983.jpg?fit=1599%2C1066&ssl=1","type":"image\/jpeg"}],"author":"Jefferson Sterfeno","twitter_card":"summary_large_image","twitter_misc":{"Escrito por":"Jefferson Sterfeno","Est. tempo de leitura":"2 minutos"},"schema":{"@context":"https:\/\/schema.org","@graph":[{"@type":"Article","@id":"https:\/\/blogdobispo.com.br\/?p=18819#article","isPartOf":{"@id":"https:\/\/blogdobispo.com.br\/?p=18819"},"author":{"name":"Jefferson Sterfeno","@id":"https:\/\/blogdobispo.com.br\/#\/schema\/person\/e2209cc0e6cea5c5233d033e997b373f"},"headline":"Ubaldo Fernandes recebe T\u00edtulo De Parlamentar do Ano em noite prestigiada pela imprensa e autoridades","datePublished":"2025-12-12T20:00:25+00:00","dateModified":"2026-02-02T17:04:22+00:00","mainEntityOfPage":{"@id":"https:\/\/blogdobispo.com.br\/?p=18819"},"wordCount":497,"commentCount":0,"publisher":{"@id":"https:\/\/blogdobispo.com.br\/#organization"},"image":{"@id":"https:\/\/blogdobispo.com.br\/?p=18819#primaryimage"},"thumbnailUrl":"https:\/\/i0.wp.com\/blogdobispo.com.br\/wp-content\/uploads\/2025\/12\/bb4182b5-ef64-407b-9772-c2a65b8f2983.jpg?fit=1599%2C1066&ssl=1","articleSection":["diversos"],"inLanguage":"pt-BR","potentialAction":[{"@type":"CommentAction","name":"Comment","target":["https:\/\/blogdobispo.com.br\/?p=18819#respond"]}]},{"@type":"WebPage","@id":"https:\/\/blogdobispo.com.br\/?p=18819","url":"https:\/\/blogdobispo.com.br\/?p=18819","name":"Ubaldo Fernandes recebe T\u00edtulo De Parlamentar do Ano em noite prestigiada pela imprensa e autoridades - Blog do Bispo","isPartOf":{"@id":"https:\/\/blogdobispo.com.br\/#website"},"primaryImageOfPage":{"@id":"https:\/\/blogdobispo.com.br\/?p=18819#primaryimage"},"image":{"@id":"https:\/\/blogdobispo.com.br\/?p=18819#primaryimage"},"thumbnailUrl":"https:\/\/i0.wp.com\/blogdobispo.com.br\/wp-content\/uploads\/2025\/12\/bb4182b5-ef64-407b-9772-c2a65b8f2983.jpg?fit=1599%2C1066&ssl=1","datePublished":"2025-12-12T20:00:25+00:00","dateModified":"2026-02-02T17:04:22+00:00","breadcrumb":{"@id":"https:\/\/blogdobispo.com.br\/?p=18819#breadcrumb"},"inLanguage":"pt-BR","potentialAction":[{"@type":"ReadAction","target":["https:\/\/blogdobispo.com.br\/?p=18819"]}]},{"@type":"ImageObject","inLanguage":"pt-BR","@id":"https:\/\/blogdobispo.com.br\/?p=18819#primaryimage","url":"https:\/\/i0.wp.com\/blogdobispo.com.br\/wp-content\/uploads\/2025\/12\/bb4182b5-ef64-407b-9772-c2a65b8f2983.jpg?fit=1599%2C1066&ssl=1","contentUrl":"https:\/\/i0.wp.com\/blogdobispo.com.br\/wp-content\/uploads\/2025\/12\/bb4182b5-ef64-407b-9772-c2a65b8f2983.jpg?fit=1599%2C1066&ssl=1","width":1599,"height":1066},{"@type":"BreadcrumbList","@id":"https:\/\/blogdobispo.com.br\/?p=18819#breadcrumb","itemListElement":[{"@type":"ListItem","position":1,"name":"In\u00edcio","item":"https:\/\/blogdobispo.com.br\/"},{"@type":"ListItem","position":2,"name":"Ubaldo Fernandes recebe T\u00edtulo De Parlamentar do Ano em noite prestigiada pela imprensa e autoridades"}]},{"@type":"WebSite","@id":"https:\/\/blogdobispo.com.br\/#website","url":"https:\/\/blogdobispo.com.br\/","name":"Blog do Bispo","description":"Comprometido apenas com o leitor","publisher":{"@id":"https:\/\/blogdobispo.com.br\/#organization"},"potentialAction":[{"@type":"SearchAction","target":{"@type":"EntryPoint","urlTemplate":"https:\/\/blogdobispo.com.br\/?s={search_term_string}"},"query-input":{"@type":"PropertyValueSpecification","valueRequired":true,"valueName":"search_term_string"}}],"inLanguage":"pt-BR"},{"@type":"Organization","@id":"https:\/\/blogdobispo.com.br\/#organization","name":"Blog do Bispo","url":"https:\/\/blogdobispo.com.br\/","logo":{"@type":"ImageObject","inLanguage":"pt-BR","@id":"https:\/\/blogdobispo.com.br\/#\/schema\/logo\/image\/","url":"http:\/\/blogdobispo.com.br\/wp-content\/uploads\/2023\/05\/cropped-headear.png","contentUrl":"http:\/\/blogdobispo.com.br\/wp-content\/uploads\/2023\/05\/cropped-headear.png","width":1500,"height":399,"caption":"Blog do Bispo"},"image":{"@id":"https:\/\/blogdobispo.com.br\/#\/schema\/logo\/image\/"}},{"@type":"Person","@id":"https:\/\/blogdobispo.com.br\/#\/schema\/person\/e2209cc0e6cea5c5233d033e997b373f","name":"Jefferson Sterfeno","image":{"@type":"ImageObject","inLanguage":"pt-BR","@id":"https:\/\/blogdobispo.com.br\/#\/schema\/person\/image\/","url":"https:\/\/secure.gravatar.com\/avatar\/0534e84764641168a677026b6d57a3f51dc7ac4db0b4f6186d9cb330d4ee1160?s=96&d=mm&r=g","contentUrl":"https:\/\/secure.gravatar.com\/avatar\/0534e84764641168a677026b6d57a3f51dc7ac4db0b4f6186d9cb330d4ee1160?s=96&d=mm&r=g","caption":"Jefferson Sterfeno"},"sameAs":["http:\/\/blogdobispo.com.br"],"url":"https:\/\/blogdobispo.com.br\/?author=1"}]}},"featured_image_urls":{"full":["https:\/\/i0.wp.com\/blogdobispo.com.br\/wp-content\/uploads\/2025\/12\/bb4182b5-ef64-407b-9772-c2a65b8f2983.jpg?fit=1599%2C1066&ssl=1",1599,1066,false],"thumbnail":["https:\/\/i0.wp.com\/blogdobispo.com.br\/wp-content\/uploads\/2025\/12\/bb4182b5-ef64-407b-9772-c2a65b8f2983.jpg?resize=150%2C150&ssl=1",150,150,true],"medium":["https:\/\/i0.wp.com\/blogdobispo.com.br\/wp-content\/uploads\/2025\/12\/bb4182b5-ef64-407b-9772-c2a65b8f2983.jpg?fit=300%2C200&ssl=1",300,200,true],"medium_large":["https:\/\/i0.wp.com\/blogdobispo.com.br\/wp-content\/uploads\/2025\/12\/bb4182b5-ef64-407b-9772-c2a65b8f2983.jpg?fit=768%2C512&ssl=1",768,512,true],"large":["https:\/\/i0.wp.com\/blogdobispo.com.br\/wp-content\/uploads\/2025\/12\/bb4182b5-ef64-407b-9772-c2a65b8f2983.jpg?fit=800%2C534&ssl=1",800,534,true],"1536x1536":["https:\/\/i0.wp.com\/blogdobispo.com.br\/wp-content\/uploads\/2025\/12\/bb4182b5-ef64-407b-9772-c2a65b8f2983.jpg?fit=1536%2C1024&ssl=1",1536,1024,true],"2048x2048":["https:\/\/i0.wp.com\/blogdobispo.com.br\/wp-content\/uploads\/2025\/12\/bb4182b5-ef64-407b-9772-c2a65b8f2983.jpg?fit=1599%2C1066&ssl=1",1599,1066,true]},"author_info":{"display_name":"Jefferson Sterfeno","author_link":"https:\/\/blogdobispo.com.br\/?author=1"},"category_info":"<a href=\"https:\/\/blogdobispo.com.br\/?cat=1\" rel=\"category\">diversos<\/a>","tag_info":"diversos","comment_count":"0","jetpack_featured_media_url":"https:\/\/i0.wp.com\/blogdobispo.com.br\/wp-content\/uploads\/2025\/12\/bb4182b5-ef64-407b-9772-c2a65b8f2983.jpg?fit=1599%2C1066&ssl=1","jetpack_sharing_enabled":true,"_links":{"self":[{"href":"https:\/\/blogdobispo.com.br\/index.php?rest_route=\/wp\/v2\/posts\/18819","targetHints":{"allow":["GET"]}}],"collection":[{"href":"https:\/\/blogdobispo.com.br\/index.php?rest_route=\/wp\/v2\/posts"}],"about":[{"href":"https:\/\/blogdobispo.com.br\/index.php?rest_route=\/wp\/v2\/types\/post"}],"author":[{"embeddable":true,"href":"https:\/\/blogdobispo.com.br\/index.php?rest_route=\/wp\/v2\/users\/1"}],"replies":[{"embeddable":true,"href":"https:\/\/blogdobispo.com.br\/index.php?rest_route=%2Fwp%2Fv2%2Fcomments&post=18819"}],"version-history":[{"count":1,"href":"https:\/\/blogdobispo.com.br\/index.php?rest_route=\/wp\/v2\/posts\/18819\/revisions"}],"predecessor-version":[{"id":19073,"href":"https:\/\/blogdobispo.com.br\/index.php?rest_route=\/wp\/v2\/posts\/18819\/revisions\/19073"}],"wp:featuredmedia":[{"embeddable":true,"href":"https:\/\/blogdobispo.com.br\/index.php?rest_route=\/wp\/v2\/media\/18818"}],"wp:attachment":[{"href":"https:\/\/blogdobispo.com.br\/index.php?rest_route=%2Fwp%2Fv2%2Fmedia&parent=18819"}],"wp:term":[{"taxonomy":"category","embeddable":true,"href":"https:\/\/blogdobispo.com.br\/index.php?rest_route=%2Fwp%2Fv2%2Fcategories&post=18819"},{"taxonomy":"post_tag","embeddable":true,"href":"https:\/\/blogdobispo.com.br\/index.php?rest_route=%2Fwp%2Fv2%2Ftags&post=18819"}],"curies":[{"name":"wp","href":"https:\/\/api.w.org\/{rel}","templated":true}]}}