{"id":18813,"date":"2025-12-12T19:52:24","date_gmt":"2025-12-12T19:52:24","guid":{"rendered":"https:\/\/blogdobispo.com.br\/?p=18813"},"modified":"2025-12-12T19:52:24","modified_gmt":"2025-12-12T19:52:24","slug":"estou-ainda-mais-motivado-para-buscar-essa-vaga-afirma-coronel-helio-apos-agenda-em-brasilia","status":"publish","type":"post","link":"https:\/\/blogdobispo.com.br\/?p=18813","title":{"rendered":"\u201cEstou ainda mais motivado para buscar essa vaga\u201d, afirma Coronel H\u00e9lio ap\u00f3s agenda em Bras\u00edlia"},"content":{"rendered":"\n<figure class=\"wp-block-image size-large\"><img data-recalc-dims=\"1\" fetchpriority=\"high\" decoding=\"async\" width=\"768\" height=\"1024\" src=\"https:\/\/i0.wp.com\/blogdobispo.com.br\/wp-content\/uploads\/2025\/12\/7123bee7-a592-4f18-b0ff-ea267e462d68-4-768x1024.jpg?resize=768%2C1024&#038;ssl=1\" class=\"wp-image-18812\" srcset=\"https:\/\/i0.wp.com\/blogdobispo.com.br\/wp-content\/uploads\/2025\/12\/7123bee7-a592-4f18-b0ff-ea267e462d68-4.jpg?resize=768%2C1024&amp;ssl=1 768w, https:\/\/i0.wp.com\/blogdobispo.com.br\/wp-content\/uploads\/2025\/12\/7123bee7-a592-4f18-b0ff-ea267e462d68-4.jpg?resize=225%2C300&amp;ssl=1 225w, https:\/\/i0.wp.com\/blogdobispo.com.br\/wp-content\/uploads\/2025\/12\/7123bee7-a592-4f18-b0ff-ea267e462d68-4.jpg?resize=1152%2C1536&amp;ssl=1 1152w, https:\/\/i0.wp.com\/blogdobispo.com.br\/wp-content\/uploads\/2025\/12\/7123bee7-a592-4f18-b0ff-ea267e462d68-4.jpg?w=1200&amp;ssl=1 1200w\" sizes=\"(max-width: 768px) 100vw, 768px\" \/><\/figure>\n\n\n\n<p><\/p>\n\n\n\n<p>O Coronel Helio (PL), pr\u00e9 candidato ao senado, cumpriu na \u00faltima semana, uma s\u00e9rie de agendas pol\u00edticas em Bras\u00edlia que refor\u00e7aram sua disposi\u00e7\u00e3o de seguir na caminhada rumo ao Senado Federal em 2026. As reuni\u00f5es envolveram tanto a dire\u00e7\u00e3o nacional do Partido Liberal quanto encontros com parlamentares que hoje exercem papel de destaque no cen\u00e1rio pol\u00edtico nacional.<\/p>\n\n\n\n<p>Entre os compromissos, Coronel H\u00e9lio participou de uma reuni\u00e3o com o PL Nacional, onde foram discutidos cen\u00e1rios pol\u00edticos, estrat\u00e9gias partid\u00e1rias e a conjuntura nacional, al\u00e9m de pautas relacionadas \u00e0 atua\u00e7\u00e3o do senador Fl\u00e1vio Bolsonaro. A agenda refor\u00e7ou o alinhamento com a vis\u00e3o do partido para os pr\u00f3ximos anos e o fortalecimento da bancada conservadora no Senado.<\/p>\n\n\n\n<p>Ainda em Bras\u00edlia, Coronel H\u00e9lio se reuniu com os senadores Rog\u00e9rio Marinho e Styvenson Valentim, dois nomes centrais da oposi\u00e7\u00e3o ao atual governo. Os encontros trataram de temas institucionais, do papel do Senado no equil\u00edbrio entre os Poderes e dos desafios enfrentados pelos estados do Nordeste, em especial o Rio Grande do Norte.<\/p>\n\n\n\n<p>Ap\u00f3s a conversa com o senador Styvenson Valentim, Coronel H\u00e9lio destacou que saiu do encontro ainda mais motivado para disputar uma das duas vagas ao Senado em 2026. No pr\u00f3ximo pleito, cada eleitor poder\u00e1 votar em dois candidatos ao Senado, o que amplia as possibilidades de composi\u00e7\u00e3o pol\u00edtica e de alian\u00e7as baseadas em afinidade de ideias.<\/p>\n\n\n\n<p>Segundo Coronel H\u00e9lio, o alinhamento natural de valores e posicionamentos com o senador Styvenson, aliado aos dados da pesquisa ITEM, que aponta vantagem da dupla em rela\u00e7\u00e3o \u00e0 chapa da esquerda, fortalece a convic\u00e7\u00e3o de que existe espa\u00e7o para uma representa\u00e7\u00e3o firme, independente e alinhada aos anseios de grande parte da popula\u00e7\u00e3o potiguar, j\u00e1 que no pr\u00f3ximo ano o pleito contar\u00e1 com a escolha de dois senadores para cada estado.<\/p>\n\n\n\n<p>\u201cEssas conversas em Bras\u00edlia refor\u00e7am a certeza de que o Rio Grande do Norte precisa de vozes que tenham coragem, independ\u00eancia e compromisso com a Constitui\u00e7\u00e3o. Estou ainda mais motivado para buscar essa vaga\u201d, afirmou Coronel H\u00e9lio.<\/p>\n\n\n\n<p>A agenda na capital federal encerrou-se com avalia\u00e7\u00f5es positivas sobre o cen\u00e1rio pol\u00edtico e a percep\u00e7\u00e3o de que o debate em torno do Senado em 2026 tende a ganhar protagonismo nos pr\u00f3ximos meses, especialmente diante das discuss\u00f5es sobre limites institucionais, fiscaliza\u00e7\u00e3o dos Poderes e defesa dos interesses dos estados.<\/p>\n","protected":false},"excerpt":{"rendered":"<p>O Coronel Helio (PL), pr\u00e9 candidato ao senado, cumpriu na \u00faltima semana, uma s\u00e9rie de agendas pol\u00edticas em Bras\u00edlia que refor\u00e7aram sua disposi\u00e7\u00e3o de seguir na caminhada rumo ao Senado Federal em 2026. As reuni\u00f5es envolveram tanto a dire\u00e7\u00e3o nacional do Partido Liberal quanto encontros com parlamentares que hoje exercem papel de destaque no cen\u00e1rio [&hellip;]<\/p>\n","protected":false},"author":1,"featured_media":18812,"comment_status":"open","ping_status":"open","sticky":false,"template":"","format":"standard","meta":{"cybocfi_hide_featured_image":"","_jetpack_memberships_contains_paid_content":false,"footnotes":""},"categories":[1],"tags":[],"class_list":["post-18813","post","type-post","status-publish","format-standard","has-post-thumbnail","hentry","category-diversos"],"yoast_head":"<!-- This site is optimized with the Yoast SEO plugin v25.6 - https:\/\/yoast.com\/wordpress\/plugins\/seo\/ -->\n<title>\u201cEstou ainda mais motivado para buscar essa vaga\u201d, afirma Coronel H\u00e9lio ap\u00f3s agenda em Bras\u00edlia - Blog do Bispo<\/title>\n<meta name=\"robots\" content=\"index, follow, max-snippet:-1, max-image-preview:large, max-video-preview:-1\" \/>\n<link rel=\"canonical\" href=\"https:\/\/blogdobispo.com.br\/?p=18813\" \/>\n<meta property=\"og:locale\" content=\"pt_BR\" \/>\n<meta property=\"og:type\" content=\"article\" \/>\n<meta property=\"og:title\" content=\"\u201cEstou ainda mais motivado para buscar essa vaga\u201d, afirma Coronel H\u00e9lio ap\u00f3s agenda em Bras\u00edlia - Blog do Bispo\" \/>\n<meta property=\"og:description\" content=\"O Coronel Helio (PL), pr\u00e9 candidato ao senado, cumpriu na \u00faltima semana, uma s\u00e9rie de agendas pol\u00edticas em Bras\u00edlia que refor\u00e7aram sua disposi\u00e7\u00e3o de seguir na caminhada rumo ao Senado Federal em 2026. As reuni\u00f5es envolveram tanto a dire\u00e7\u00e3o nacional do Partido Liberal quanto encontros com parlamentares que hoje exercem papel de destaque no cen\u00e1rio [&hellip;]\" \/>\n<meta property=\"og:url\" content=\"https:\/\/blogdobispo.com.br\/?p=18813\" \/>\n<meta property=\"og:site_name\" content=\"Blog do Bispo\" \/>\n<meta property=\"article:published_time\" content=\"2025-12-12T19:52:24+00:00\" \/>\n<meta property=\"og:image\" content=\"https:\/\/blogdobispo.com.br\/wp-content\/uploads\/2025\/12\/7123bee7-a592-4f18-b0ff-ea267e462d68-4-768x1024.jpg\" \/>\n<meta name=\"author\" content=\"Jefferson Sterfeno\" \/>\n<meta name=\"twitter:card\" content=\"summary_large_image\" \/>\n<meta name=\"twitter:label1\" content=\"Escrito por\" \/>\n\t<meta name=\"twitter:data1\" content=\"Jefferson Sterfeno\" \/>\n\t<meta name=\"twitter:label2\" content=\"Est. tempo de leitura\" \/>\n\t<meta name=\"twitter:data2\" content=\"2 minutos\" \/>\n<script type=\"application\/ld+json\" class=\"yoast-schema-graph\">{\"@context\":\"https:\/\/schema.org\",\"@graph\":[{\"@type\":\"Article\",\"@id\":\"https:\/\/blogdobispo.com.br\/?p=18813#article\",\"isPartOf\":{\"@id\":\"https:\/\/blogdobispo.com.br\/?p=18813\"},\"author\":{\"name\":\"Jefferson Sterfeno\",\"@id\":\"https:\/\/blogdobispo.com.br\/#\/schema\/person\/e2209cc0e6cea5c5233d033e997b373f\"},\"headline\":\"\u201cEstou ainda mais motivado para buscar essa vaga\u201d, afirma Coronel H\u00e9lio ap\u00f3s agenda em Bras\u00edlia\",\"datePublished\":\"2025-12-12T19:52:24+00:00\",\"mainEntityOfPage\":{\"@id\":\"https:\/\/blogdobispo.com.br\/?p=18813\"},\"wordCount\":442,\"commentCount\":0,\"publisher\":{\"@id\":\"https:\/\/blogdobispo.com.br\/#organization\"},\"image\":{\"@id\":\"https:\/\/blogdobispo.com.br\/?p=18813#primaryimage\"},\"thumbnailUrl\":\"https:\/\/i0.wp.com\/blogdobispo.com.br\/wp-content\/uploads\/2025\/12\/7123bee7-a592-4f18-b0ff-ea267e462d68-4.jpg?fit=1200%2C1600&ssl=1\",\"articleSection\":[\"diversos\"],\"inLanguage\":\"pt-BR\",\"potentialAction\":[{\"@type\":\"CommentAction\",\"name\":\"Comment\",\"target\":[\"https:\/\/blogdobispo.com.br\/?p=18813#respond\"]}]},{\"@type\":\"WebPage\",\"@id\":\"https:\/\/blogdobispo.com.br\/?p=18813\",\"url\":\"https:\/\/blogdobispo.com.br\/?p=18813\",\"name\":\"\u201cEstou ainda mais motivado para buscar essa vaga\u201d, afirma Coronel H\u00e9lio ap\u00f3s agenda em Bras\u00edlia - Blog do Bispo\",\"isPartOf\":{\"@id\":\"https:\/\/blogdobispo.com.br\/#website\"},\"primaryImageOfPage\":{\"@id\":\"https:\/\/blogdobispo.com.br\/?p=18813#primaryimage\"},\"image\":{\"@id\":\"https:\/\/blogdobispo.com.br\/?p=18813#primaryimage\"},\"thumbnailUrl\":\"https:\/\/i0.wp.com\/blogdobispo.com.br\/wp-content\/uploads\/2025\/12\/7123bee7-a592-4f18-b0ff-ea267e462d68-4.jpg?fit=1200%2C1600&ssl=1\",\"datePublished\":\"2025-12-12T19:52:24+00:00\",\"breadcrumb\":{\"@id\":\"https:\/\/blogdobispo.com.br\/?p=18813#breadcrumb\"},\"inLanguage\":\"pt-BR\",\"potentialAction\":[{\"@type\":\"ReadAction\",\"target\":[\"https:\/\/blogdobispo.com.br\/?p=18813\"]}]},{\"@type\":\"ImageObject\",\"inLanguage\":\"pt-BR\",\"@id\":\"https:\/\/blogdobispo.com.br\/?p=18813#primaryimage\",\"url\":\"https:\/\/i0.wp.com\/blogdobispo.com.br\/wp-content\/uploads\/2025\/12\/7123bee7-a592-4f18-b0ff-ea267e462d68-4.jpg?fit=1200%2C1600&ssl=1\",\"contentUrl\":\"https:\/\/i0.wp.com\/blogdobispo.com.br\/wp-content\/uploads\/2025\/12\/7123bee7-a592-4f18-b0ff-ea267e462d68-4.jpg?fit=1200%2C1600&ssl=1\",\"width\":1200,\"height\":1600},{\"@type\":\"BreadcrumbList\",\"@id\":\"https:\/\/blogdobispo.com.br\/?p=18813#breadcrumb\",\"itemListElement\":[{\"@type\":\"ListItem\",\"position\":1,\"name\":\"In\u00edcio\",\"item\":\"https:\/\/blogdobispo.com.br\/\"},{\"@type\":\"ListItem\",\"position\":2,\"name\":\"\u201cEstou ainda mais motivado para buscar essa vaga\u201d, afirma Coronel H\u00e9lio ap\u00f3s agenda em Bras\u00edlia\"}]},{\"@type\":\"WebSite\",\"@id\":\"https:\/\/blogdobispo.com.br\/#website\",\"url\":\"https:\/\/blogdobispo.com.br\/\",\"name\":\"Blog do Bispo\",\"description\":\"Comprometido apenas com o leitor\",\"publisher\":{\"@id\":\"https:\/\/blogdobispo.com.br\/#organization\"},\"potentialAction\":[{\"@type\":\"SearchAction\",\"target\":{\"@type\":\"EntryPoint\",\"urlTemplate\":\"https:\/\/blogdobispo.com.br\/?s={search_term_string}\"},\"query-input\":{\"@type\":\"PropertyValueSpecification\",\"valueRequired\":true,\"valueName\":\"search_term_string\"}}],\"inLanguage\":\"pt-BR\"},{\"@type\":\"Organization\",\"@id\":\"https:\/\/blogdobispo.com.br\/#organization\",\"name\":\"Blog do Bispo\",\"url\":\"https:\/\/blogdobispo.com.br\/\",\"logo\":{\"@type\":\"ImageObject\",\"inLanguage\":\"pt-BR\",\"@id\":\"https:\/\/blogdobispo.com.br\/#\/schema\/logo\/image\/\",\"url\":\"http:\/\/blogdobispo.com.br\/wp-content\/uploads\/2023\/05\/cropped-headear.png\",\"contentUrl\":\"http:\/\/blogdobispo.com.br\/wp-content\/uploads\/2023\/05\/cropped-headear.png\",\"width\":1500,\"height\":399,\"caption\":\"Blog do Bispo\"},\"image\":{\"@id\":\"https:\/\/blogdobispo.com.br\/#\/schema\/logo\/image\/\"}},{\"@type\":\"Person\",\"@id\":\"https:\/\/blogdobispo.com.br\/#\/schema\/person\/e2209cc0e6cea5c5233d033e997b373f\",\"name\":\"Jefferson Sterfeno\",\"image\":{\"@type\":\"ImageObject\",\"inLanguage\":\"pt-BR\",\"@id\":\"https:\/\/blogdobispo.com.br\/#\/schema\/person\/image\/\",\"url\":\"https:\/\/secure.gravatar.com\/avatar\/0534e84764641168a677026b6d57a3f51dc7ac4db0b4f6186d9cb330d4ee1160?s=96&d=mm&r=g\",\"contentUrl\":\"https:\/\/secure.gravatar.com\/avatar\/0534e84764641168a677026b6d57a3f51dc7ac4db0b4f6186d9cb330d4ee1160?s=96&d=mm&r=g\",\"caption\":\"Jefferson Sterfeno\"},\"sameAs\":[\"http:\/\/blogdobispo.com.br\"],\"url\":\"https:\/\/blogdobispo.com.br\/?author=1\"}]}<\/script>\n<!-- \/ Yoast SEO plugin. -->","yoast_head_json":{"title":"\u201cEstou ainda mais motivado para buscar essa vaga\u201d, afirma Coronel H\u00e9lio ap\u00f3s agenda em Bras\u00edlia - Blog do Bispo","robots":{"index":"index","follow":"follow","max-snippet":"max-snippet:-1","max-image-preview":"max-image-preview:large","max-video-preview":"max-video-preview:-1"},"canonical":"https:\/\/blogdobispo.com.br\/?p=18813","og_locale":"pt_BR","og_type":"article","og_title":"\u201cEstou ainda mais motivado para buscar essa vaga\u201d, afirma Coronel H\u00e9lio ap\u00f3s agenda em Bras\u00edlia - Blog do Bispo","og_description":"O Coronel Helio (PL), pr\u00e9 candidato ao senado, cumpriu na \u00faltima semana, uma s\u00e9rie de agendas pol\u00edticas em Bras\u00edlia que refor\u00e7aram sua disposi\u00e7\u00e3o de seguir na caminhada rumo ao Senado Federal em 2026. As reuni\u00f5es envolveram tanto a dire\u00e7\u00e3o nacional do Partido Liberal quanto encontros com parlamentares que hoje exercem papel de destaque no cen\u00e1rio [&hellip;]","og_url":"https:\/\/blogdobispo.com.br\/?p=18813","og_site_name":"Blog do Bispo","article_published_time":"2025-12-12T19:52:24+00:00","og_image":[{"url":"https:\/\/blogdobispo.com.br\/wp-content\/uploads\/2025\/12\/7123bee7-a592-4f18-b0ff-ea267e462d68-4-768x1024.jpg","type":"","width":"","height":""}],"author":"Jefferson Sterfeno","twitter_card":"summary_large_image","twitter_misc":{"Escrito por":"Jefferson Sterfeno","Est. tempo de leitura":"2 minutos"},"schema":{"@context":"https:\/\/schema.org","@graph":[{"@type":"Article","@id":"https:\/\/blogdobispo.com.br\/?p=18813#article","isPartOf":{"@id":"https:\/\/blogdobispo.com.br\/?p=18813"},"author":{"name":"Jefferson Sterfeno","@id":"https:\/\/blogdobispo.com.br\/#\/schema\/person\/e2209cc0e6cea5c5233d033e997b373f"},"headline":"\u201cEstou ainda mais motivado para buscar essa vaga\u201d, afirma Coronel H\u00e9lio ap\u00f3s agenda em Bras\u00edlia","datePublished":"2025-12-12T19:52:24+00:00","mainEntityOfPage":{"@id":"https:\/\/blogdobispo.com.br\/?p=18813"},"wordCount":442,"commentCount":0,"publisher":{"@id":"https:\/\/blogdobispo.com.br\/#organization"},"image":{"@id":"https:\/\/blogdobispo.com.br\/?p=18813#primaryimage"},"thumbnailUrl":"https:\/\/i0.wp.com\/blogdobispo.com.br\/wp-content\/uploads\/2025\/12\/7123bee7-a592-4f18-b0ff-ea267e462d68-4.jpg?fit=1200%2C1600&ssl=1","articleSection":["diversos"],"inLanguage":"pt-BR","potentialAction":[{"@type":"CommentAction","name":"Comment","target":["https:\/\/blogdobispo.com.br\/?p=18813#respond"]}]},{"@type":"WebPage","@id":"https:\/\/blogdobispo.com.br\/?p=18813","url":"https:\/\/blogdobispo.com.br\/?p=18813","name":"\u201cEstou ainda mais motivado para buscar essa vaga\u201d, afirma Coronel H\u00e9lio ap\u00f3s agenda em Bras\u00edlia - Blog do Bispo","isPartOf":{"@id":"https:\/\/blogdobispo.com.br\/#website"},"primaryImageOfPage":{"@id":"https:\/\/blogdobispo.com.br\/?p=18813#primaryimage"},"image":{"@id":"https:\/\/blogdobispo.com.br\/?p=18813#primaryimage"},"thumbnailUrl":"https:\/\/i0.wp.com\/blogdobispo.com.br\/wp-content\/uploads\/2025\/12\/7123bee7-a592-4f18-b0ff-ea267e462d68-4.jpg?fit=1200%2C1600&ssl=1","datePublished":"2025-12-12T19:52:24+00:00","breadcrumb":{"@id":"https:\/\/blogdobispo.com.br\/?p=18813#breadcrumb"},"inLanguage":"pt-BR","potentialAction":[{"@type":"ReadAction","target":["https:\/\/blogdobispo.com.br\/?p=18813"]}]},{"@type":"ImageObject","inLanguage":"pt-BR","@id":"https:\/\/blogdobispo.com.br\/?p=18813#primaryimage","url":"https:\/\/i0.wp.com\/blogdobispo.com.br\/wp-content\/uploads\/2025\/12\/7123bee7-a592-4f18-b0ff-ea267e462d68-4.jpg?fit=1200%2C1600&ssl=1","contentUrl":"https:\/\/i0.wp.com\/blogdobispo.com.br\/wp-content\/uploads\/2025\/12\/7123bee7-a592-4f18-b0ff-ea267e462d68-4.jpg?fit=1200%2C1600&ssl=1","width":1200,"height":1600},{"@type":"BreadcrumbList","@id":"https:\/\/blogdobispo.com.br\/?p=18813#breadcrumb","itemListElement":[{"@type":"ListItem","position":1,"name":"In\u00edcio","item":"https:\/\/blogdobispo.com.br\/"},{"@type":"ListItem","position":2,"name":"\u201cEstou ainda mais motivado para buscar essa vaga\u201d, afirma Coronel H\u00e9lio ap\u00f3s agenda em Bras\u00edlia"}]},{"@type":"WebSite","@id":"https:\/\/blogdobispo.com.br\/#website","url":"https:\/\/blogdobispo.com.br\/","name":"Blog do Bispo","description":"Comprometido apenas com o leitor","publisher":{"@id":"https:\/\/blogdobispo.com.br\/#organization"},"potentialAction":[{"@type":"SearchAction","target":{"@type":"EntryPoint","urlTemplate":"https:\/\/blogdobispo.com.br\/?s={search_term_string}"},"query-input":{"@type":"PropertyValueSpecification","valueRequired":true,"valueName":"search_term_string"}}],"inLanguage":"pt-BR"},{"@type":"Organization","@id":"https:\/\/blogdobispo.com.br\/#organization","name":"Blog do Bispo","url":"https:\/\/blogdobispo.com.br\/","logo":{"@type":"ImageObject","inLanguage":"pt-BR","@id":"https:\/\/blogdobispo.com.br\/#\/schema\/logo\/image\/","url":"http:\/\/blogdobispo.com.br\/wp-content\/uploads\/2023\/05\/cropped-headear.png","contentUrl":"http:\/\/blogdobispo.com.br\/wp-content\/uploads\/2023\/05\/cropped-headear.png","width":1500,"height":399,"caption":"Blog do Bispo"},"image":{"@id":"https:\/\/blogdobispo.com.br\/#\/schema\/logo\/image\/"}},{"@type":"Person","@id":"https:\/\/blogdobispo.com.br\/#\/schema\/person\/e2209cc0e6cea5c5233d033e997b373f","name":"Jefferson Sterfeno","image":{"@type":"ImageObject","inLanguage":"pt-BR","@id":"https:\/\/blogdobispo.com.br\/#\/schema\/person\/image\/","url":"https:\/\/secure.gravatar.com\/avatar\/0534e84764641168a677026b6d57a3f51dc7ac4db0b4f6186d9cb330d4ee1160?s=96&d=mm&r=g","contentUrl":"https:\/\/secure.gravatar.com\/avatar\/0534e84764641168a677026b6d57a3f51dc7ac4db0b4f6186d9cb330d4ee1160?s=96&d=mm&r=g","caption":"Jefferson Sterfeno"},"sameAs":["http:\/\/blogdobispo.com.br"],"url":"https:\/\/blogdobispo.com.br\/?author=1"}]}},"featured_image_urls":{"full":["https:\/\/i0.wp.com\/blogdobispo.com.br\/wp-content\/uploads\/2025\/12\/7123bee7-a592-4f18-b0ff-ea267e462d68-4.jpg?fit=1200%2C1600&ssl=1",1200,1600,false],"thumbnail":["https:\/\/i0.wp.com\/blogdobispo.com.br\/wp-content\/uploads\/2025\/12\/7123bee7-a592-4f18-b0ff-ea267e462d68-4.jpg?resize=150%2C150&ssl=1",150,150,true],"medium":["https:\/\/i0.wp.com\/blogdobispo.com.br\/wp-content\/uploads\/2025\/12\/7123bee7-a592-4f18-b0ff-ea267e462d68-4.jpg?fit=225%2C300&ssl=1",225,300,true],"medium_large":["https:\/\/i0.wp.com\/blogdobispo.com.br\/wp-content\/uploads\/2025\/12\/7123bee7-a592-4f18-b0ff-ea267e462d68-4.jpg?fit=768%2C1024&ssl=1",768,1024,true],"large":["https:\/\/i0.wp.com\/blogdobispo.com.br\/wp-content\/uploads\/2025\/12\/7123bee7-a592-4f18-b0ff-ea267e462d68-4.jpg?fit=768%2C1024&ssl=1",768,1024,true],"1536x1536":["https:\/\/i0.wp.com\/blogdobispo.com.br\/wp-content\/uploads\/2025\/12\/7123bee7-a592-4f18-b0ff-ea267e462d68-4.jpg?fit=1152%2C1536&ssl=1",1152,1536,true],"2048x2048":["https:\/\/i0.wp.com\/blogdobispo.com.br\/wp-content\/uploads\/2025\/12\/7123bee7-a592-4f18-b0ff-ea267e462d68-4.jpg?fit=1200%2C1600&ssl=1",1200,1600,true]},"author_info":{"display_name":"Jefferson Sterfeno","author_link":"https:\/\/blogdobispo.com.br\/?author=1"},"category_info":"<a href=\"https:\/\/blogdobispo.com.br\/?cat=1\" rel=\"category\">diversos<\/a>","tag_info":"diversos","comment_count":"0","jetpack_featured_media_url":"https:\/\/i0.wp.com\/blogdobispo.com.br\/wp-content\/uploads\/2025\/12\/7123bee7-a592-4f18-b0ff-ea267e462d68-4.jpg?fit=1200%2C1600&ssl=1","jetpack_sharing_enabled":true,"_links":{"self":[{"href":"https:\/\/blogdobispo.com.br\/index.php?rest_route=\/wp\/v2\/posts\/18813","targetHints":{"allow":["GET"]}}],"collection":[{"href":"https:\/\/blogdobispo.com.br\/index.php?rest_route=\/wp\/v2\/posts"}],"about":[{"href":"https:\/\/blogdobispo.com.br\/index.php?rest_route=\/wp\/v2\/types\/post"}],"author":[{"embeddable":true,"href":"https:\/\/blogdobispo.com.br\/index.php?rest_route=\/wp\/v2\/users\/1"}],"replies":[{"embeddable":true,"href":"https:\/\/blogdobispo.com.br\/index.php?rest_route=%2Fwp%2Fv2%2Fcomments&post=18813"}],"version-history":[{"count":0,"href":"https:\/\/blogdobispo.com.br\/index.php?rest_route=\/wp\/v2\/posts\/18813\/revisions"}],"wp:featuredmedia":[{"embeddable":true,"href":"https:\/\/blogdobispo.com.br\/index.php?rest_route=\/wp\/v2\/media\/18812"}],"wp:attachment":[{"href":"https:\/\/blogdobispo.com.br\/index.php?rest_route=%2Fwp%2Fv2%2Fmedia&parent=18813"}],"wp:term":[{"taxonomy":"category","embeddable":true,"href":"https:\/\/blogdobispo.com.br\/index.php?rest_route=%2Fwp%2Fv2%2Fcategories&post=18813"},{"taxonomy":"post_tag","embeddable":true,"href":"https:\/\/blogdobispo.com.br\/index.php?rest_route=%2Fwp%2Fv2%2Ftags&post=18813"}],"curies":[{"name":"wp","href":"https:\/\/api.w.org\/{rel}","templated":true}]}}