{"id":18804,"date":"2025-12-09T17:09:57","date_gmt":"2025-12-09T17:09:57","guid":{"rendered":"https:\/\/blogdobispo.com.br\/?p=18804"},"modified":"2025-12-09T17:09:57","modified_gmt":"2025-12-09T17:09:57","slug":"semana-da-cultura-evangelica-acontecera-pela-primeira-vez-em-caico-neste-final-de-semana-com-apoio-da-prefeitura-municipal","status":"publish","type":"post","link":"https:\/\/blogdobispo.com.br\/?p=18804","title":{"rendered":"Semana da Cultura Evang\u00e9lica acontecer\u00e1 pela primeira vez em Caic\u00f3 neste final de semana com apoio da prefeitura municipal"},"content":{"rendered":"<p>A Prefeitura Municipal de Caic\u00f3 realizou, nesta ter\u00e7a-feira (09), a apresenta\u00e7\u00e3o oficial da Semana de Cultura Evang\u00e9lica \u2013 Caic\u00f3 Vida e Luz, evento que passa a integrar o calend\u00e1rio cultural do munic\u00edpio e ser\u00e1 realizado nos dias 12, 13 e 14 de dezembro, na Ilha de Sant\u2019Ana. A programa\u00e7\u00e3o inclui apresenta\u00e7\u00f5es musicais, palestras e momentos de louvor voltados para toda a comunidade.<\/p>\n<p>Na sexta-feira (12), a partir das 19h, o p\u00fablico contar\u00e1 com apresenta\u00e7\u00f5es das cantoras Fernanda e Gislaine e Alice Marciel. J\u00e1 no s\u00e1bado (13), \u00e0s 14h, haver\u00e1 palestra com o Pastor J\u00fanior Firmino, e \u00e0 noite a Ilha de Sant\u2019Ana receber\u00e1 um grande momento de adora\u00e7\u00e3o com a cantora Rafaella Mar\u00e7al. A programa\u00e7\u00e3o segue no domingo (14), \u00e0s 14h30, com uma palestra sobre o tema \u201cSexualidade para casais\u201d, tamb\u00e9m ministrada pelo Pastor J\u00fanior Firmino.<\/p>\n<p>coletiva de apresenta\u00e7\u00e3o, realizada na Secretaria de Comunica\u00e7\u00e3o, reuniu autoridades municipais e representantes do segmento evang\u00e9lico. Estiveram presentes o prefeito de Caic\u00f3, Dr. Tadeu, o secret\u00e1rio de Turismo, George Victor, o vereador Luiz da Samana\u00fa e pastores de diversas denomina\u00e7\u00f5es evang\u00e9licas do munic\u00edpio: Jo\u00e3o Maria Rodrigues Alburquerque, Abel Ven\u00e2ncio, Pedro Lu\u00eds P. da Silva, Zaqueu F. da Silva, Francinaldo Fernandes da Cunha, Jonhy Herebert, Jo\u00e3o Enock de Figueir\u00eado Neto, Ronaldo Francisco Coelho, F\u00e1bio Alexandre da Silva, Alberto F. Bezerra, Erinaldo Lino, al\u00e9m do vereador Irm\u00e3o Renato Saldanha.<\/p>\n<p>Autor do projeto de lei que institui a Semana de Cultura Evang\u00e9lica em Caic\u00f3, o vereador Irm\u00e3o Renato Saldanha destacou a import\u00e2ncia do reconhecimento p\u00fablico da contribui\u00e7\u00e3o evang\u00e9lica para o desenvolvimento social e espiritual do munic\u00edpio.<\/p>\n<p>\u201cA cria\u00e7\u00e3o da Semana de Cultura Evang\u00e9lica \u00e9 um marco para nossa cidade. \u00c9 um momento de celebrar a f\u00e9, a m\u00fasica, os valores crist\u00e3os e a uni\u00e3o das igrejas. Agrade\u00e7o ao Executivo pelo apoio e por abra\u00e7ar esse projeto, que nasceu do di\u00e1logo com os pastores e com a comunidade. Tenho certeza de que o Caic\u00f3 Vida e Luz ser\u00e1 uma b\u00ean\u00e7\u00e3o para todos n\u00f3s e se tornar\u00e1 uma tradi\u00e7\u00e3o anual em nosso calend\u00e1rio cultural\u201d, afirmou o Irm\u00e3o Renato.<\/p>\n<p>Durante a apresenta\u00e7\u00e3o, o prefeito Dr. Tadeu refor\u00e7ou a relev\u00e2ncia do evento e o compromisso da gest\u00e3o municipal em apoiar iniciativas que fortale\u00e7am a identidade cultural e religiosa da popula\u00e7\u00e3o.<\/p>\n<p>\u201cEssa \u00e9 uma reivindica\u00e7\u00e3o justa do segmento evang\u00e9lico, da associa\u00e7\u00e3o dos pastores e dos fi\u00e9is. Tivemos o apoio de uma emenda parlamentar do deputado Sargento Gon\u00e7alves, e esse evento foi constru\u00eddo n\u00e3o apenas pelo Poder P\u00fablico, mas, sobretudo, pelo pr\u00f3prio segmento evang\u00e9lico. A gente espera que essa programa\u00e7\u00e3o nas\u00e7a grande e se consolide no calend\u00e1rio de eventos do munic\u00edpio de Caic\u00f3. \u00c9 uma alegria poder, junto com as igrejas, proporcionar um momento de f\u00e9, cultura e integra\u00e7\u00e3o para toda a popula\u00e7\u00e3o\u201d, disse o prefeito de Caic\u00f3, Dr. Tadeu.<\/p>\n<p>A Semana de Cultura Evang\u00e9lica marca um novo cap\u00edtulo na valoriza\u00e7\u00e3o das express\u00f5es religiosas e culturais de Caic\u00f3, fortalecendo la\u00e7os comunit\u00e1rios e oferecendo uma programa\u00e7\u00e3o acess\u00edvel e de relev\u00e2ncia para todas as fam\u00edlias.<img data-recalc-dims=\"1\" fetchpriority=\"high\" decoding=\"async\" class=\"alignnone size-medium wp-image-18805\" src=\"https:\/\/i0.wp.com\/blogdobispo.com.br\/wp-content\/uploads\/2025\/12\/05b747f8-2023-4ec5-a399-ac1fcace63d1-819x1024.jpg.webp?resize=240%2C300\" alt=\"\" width=\"240\" height=\"300\" srcset=\"https:\/\/i0.wp.com\/blogdobispo.com.br\/wp-content\/uploads\/2025\/12\/05b747f8-2023-4ec5-a399-ac1fcace63d1-819x1024.jpg.webp?resize=240%2C300&amp;ssl=1 240w, https:\/\/i0.wp.com\/blogdobispo.com.br\/wp-content\/uploads\/2025\/12\/05b747f8-2023-4ec5-a399-ac1fcace63d1-819x1024.jpg.webp?resize=768%2C960&amp;ssl=1 768w, https:\/\/i0.wp.com\/blogdobispo.com.br\/wp-content\/uploads\/2025\/12\/05b747f8-2023-4ec5-a399-ac1fcace63d1-819x1024.jpg.webp?w=819&amp;ssl=1 819w\" sizes=\"(max-width: 240px) 100vw, 240px\" \/><\/p>\n","protected":false},"excerpt":{"rendered":"<p>A Prefeitura Municipal de Caic\u00f3 realizou, nesta ter\u00e7a-feira (09), a apresenta\u00e7\u00e3o oficial da Semana de Cultura Evang\u00e9lica \u2013 Caic\u00f3 Vida e Luz, evento que passa a integrar o calend\u00e1rio cultural do munic\u00edpio e ser\u00e1 realizado nos dias 12, 13 e 14 de dezembro, na Ilha de Sant\u2019Ana. A programa\u00e7\u00e3o inclui apresenta\u00e7\u00f5es musicais, palestras e momentos [&hellip;]<\/p>\n","protected":false},"author":1,"featured_media":18805,"comment_status":"open","ping_status":"open","sticky":false,"template":"","format":"standard","meta":{"cybocfi_hide_featured_image":"","_jetpack_memberships_contains_paid_content":false,"footnotes":""},"categories":[1],"tags":[],"class_list":["post-18804","post","type-post","status-publish","format-standard","has-post-thumbnail","hentry","category-diversos"],"yoast_head":"<!-- This site is optimized with the Yoast SEO plugin v25.6 - https:\/\/yoast.com\/wordpress\/plugins\/seo\/ -->\n<title>Semana da Cultura Evang\u00e9lica acontecer\u00e1 pela primeira vez em Caic\u00f3 neste final de semana com apoio da prefeitura municipal - Blog do Bispo<\/title>\n<meta name=\"robots\" content=\"index, follow, max-snippet:-1, max-image-preview:large, max-video-preview:-1\" \/>\n<link rel=\"canonical\" href=\"https:\/\/blogdobispo.com.br\/?p=18804\" \/>\n<meta property=\"og:locale\" content=\"pt_BR\" \/>\n<meta property=\"og:type\" content=\"article\" \/>\n<meta property=\"og:title\" content=\"Semana da Cultura Evang\u00e9lica acontecer\u00e1 pela primeira vez em Caic\u00f3 neste final de semana com apoio da prefeitura municipal - Blog do Bispo\" \/>\n<meta property=\"og:description\" content=\"A Prefeitura Municipal de Caic\u00f3 realizou, nesta ter\u00e7a-feira (09), a apresenta\u00e7\u00e3o oficial da Semana de Cultura Evang\u00e9lica \u2013 Caic\u00f3 Vida e Luz, evento que passa a integrar o calend\u00e1rio cultural do munic\u00edpio e ser\u00e1 realizado nos dias 12, 13 e 14 de dezembro, na Ilha de Sant\u2019Ana. A programa\u00e7\u00e3o inclui apresenta\u00e7\u00f5es musicais, palestras e momentos [&hellip;]\" \/>\n<meta property=\"og:url\" content=\"https:\/\/blogdobispo.com.br\/?p=18804\" \/>\n<meta property=\"og:site_name\" content=\"Blog do Bispo\" \/>\n<meta property=\"article:published_time\" content=\"2025-12-09T17:09:57+00:00\" \/>\n<meta property=\"og:image\" content=\"http:\/\/blogdobispo.com.br\/wp-content\/uploads\/2025\/12\/05b747f8-2023-4ec5-a399-ac1fcace63d1-819x1024.jpg.webp\" \/>\n\t<meta property=\"og:image:width\" content=\"819\" \/>\n\t<meta property=\"og:image:height\" content=\"1024\" \/>\n\t<meta property=\"og:image:type\" content=\"image\/webp\" \/>\n<meta name=\"author\" content=\"Jefferson Sterfeno\" \/>\n<meta name=\"twitter:card\" content=\"summary_large_image\" \/>\n<meta name=\"twitter:label1\" content=\"Escrito por\" \/>\n\t<meta name=\"twitter:data1\" content=\"Jefferson Sterfeno\" \/>\n\t<meta name=\"twitter:label2\" content=\"Est. tempo de leitura\" \/>\n\t<meta name=\"twitter:data2\" content=\"4 minutos\" \/>\n<script type=\"application\/ld+json\" class=\"yoast-schema-graph\">{\"@context\":\"https:\/\/schema.org\",\"@graph\":[{\"@type\":\"Article\",\"@id\":\"https:\/\/blogdobispo.com.br\/?p=18804#article\",\"isPartOf\":{\"@id\":\"https:\/\/blogdobispo.com.br\/?p=18804\"},\"author\":{\"name\":\"Jefferson Sterfeno\",\"@id\":\"https:\/\/blogdobispo.com.br\/#\/schema\/person\/e2209cc0e6cea5c5233d033e997b373f\"},\"headline\":\"Semana da Cultura Evang\u00e9lica acontecer\u00e1 pela primeira vez em Caic\u00f3 neste final de semana com apoio da prefeitura municipal\",\"datePublished\":\"2025-12-09T17:09:57+00:00\",\"mainEntityOfPage\":{\"@id\":\"https:\/\/blogdobispo.com.br\/?p=18804\"},\"wordCount\":583,\"commentCount\":0,\"publisher\":{\"@id\":\"https:\/\/blogdobispo.com.br\/#organization\"},\"image\":{\"@id\":\"https:\/\/blogdobispo.com.br\/?p=18804#primaryimage\"},\"thumbnailUrl\":\"https:\/\/i0.wp.com\/blogdobispo.com.br\/wp-content\/uploads\/2025\/12\/05b747f8-2023-4ec5-a399-ac1fcace63d1-819x1024.jpg.webp?fit=819%2C1024&ssl=1\",\"articleSection\":[\"diversos\"],\"inLanguage\":\"pt-BR\",\"potentialAction\":[{\"@type\":\"CommentAction\",\"name\":\"Comment\",\"target\":[\"https:\/\/blogdobispo.com.br\/?p=18804#respond\"]}]},{\"@type\":\"WebPage\",\"@id\":\"https:\/\/blogdobispo.com.br\/?p=18804\",\"url\":\"https:\/\/blogdobispo.com.br\/?p=18804\",\"name\":\"Semana da Cultura Evang\u00e9lica acontecer\u00e1 pela primeira vez em Caic\u00f3 neste final de semana com apoio da prefeitura municipal - Blog do Bispo\",\"isPartOf\":{\"@id\":\"https:\/\/blogdobispo.com.br\/#website\"},\"primaryImageOfPage\":{\"@id\":\"https:\/\/blogdobispo.com.br\/?p=18804#primaryimage\"},\"image\":{\"@id\":\"https:\/\/blogdobispo.com.br\/?p=18804#primaryimage\"},\"thumbnailUrl\":\"https:\/\/i0.wp.com\/blogdobispo.com.br\/wp-content\/uploads\/2025\/12\/05b747f8-2023-4ec5-a399-ac1fcace63d1-819x1024.jpg.webp?fit=819%2C1024&ssl=1\",\"datePublished\":\"2025-12-09T17:09:57+00:00\",\"breadcrumb\":{\"@id\":\"https:\/\/blogdobispo.com.br\/?p=18804#breadcrumb\"},\"inLanguage\":\"pt-BR\",\"potentialAction\":[{\"@type\":\"ReadAction\",\"target\":[\"https:\/\/blogdobispo.com.br\/?p=18804\"]}]},{\"@type\":\"ImageObject\",\"inLanguage\":\"pt-BR\",\"@id\":\"https:\/\/blogdobispo.com.br\/?p=18804#primaryimage\",\"url\":\"https:\/\/i0.wp.com\/blogdobispo.com.br\/wp-content\/uploads\/2025\/12\/05b747f8-2023-4ec5-a399-ac1fcace63d1-819x1024.jpg.webp?fit=819%2C1024&ssl=1\",\"contentUrl\":\"https:\/\/i0.wp.com\/blogdobispo.com.br\/wp-content\/uploads\/2025\/12\/05b747f8-2023-4ec5-a399-ac1fcace63d1-819x1024.jpg.webp?fit=819%2C1024&ssl=1\",\"width\":819,\"height\":1024},{\"@type\":\"BreadcrumbList\",\"@id\":\"https:\/\/blogdobispo.com.br\/?p=18804#breadcrumb\",\"itemListElement\":[{\"@type\":\"ListItem\",\"position\":1,\"name\":\"In\u00edcio\",\"item\":\"https:\/\/blogdobispo.com.br\/\"},{\"@type\":\"ListItem\",\"position\":2,\"name\":\"Semana da Cultura Evang\u00e9lica acontecer\u00e1 pela primeira vez em Caic\u00f3 neste final de semana com apoio da prefeitura municipal\"}]},{\"@type\":\"WebSite\",\"@id\":\"https:\/\/blogdobispo.com.br\/#website\",\"url\":\"https:\/\/blogdobispo.com.br\/\",\"name\":\"Blog do Bispo\",\"description\":\"Comprometido apenas com o leitor\",\"publisher\":{\"@id\":\"https:\/\/blogdobispo.com.br\/#organization\"},\"potentialAction\":[{\"@type\":\"SearchAction\",\"target\":{\"@type\":\"EntryPoint\",\"urlTemplate\":\"https:\/\/blogdobispo.com.br\/?s={search_term_string}\"},\"query-input\":{\"@type\":\"PropertyValueSpecification\",\"valueRequired\":true,\"valueName\":\"search_term_string\"}}],\"inLanguage\":\"pt-BR\"},{\"@type\":\"Organization\",\"@id\":\"https:\/\/blogdobispo.com.br\/#organization\",\"name\":\"Blog do Bispo\",\"url\":\"https:\/\/blogdobispo.com.br\/\",\"logo\":{\"@type\":\"ImageObject\",\"inLanguage\":\"pt-BR\",\"@id\":\"https:\/\/blogdobispo.com.br\/#\/schema\/logo\/image\/\",\"url\":\"http:\/\/blogdobispo.com.br\/wp-content\/uploads\/2023\/05\/cropped-headear.png\",\"contentUrl\":\"http:\/\/blogdobispo.com.br\/wp-content\/uploads\/2023\/05\/cropped-headear.png\",\"width\":1500,\"height\":399,\"caption\":\"Blog do Bispo\"},\"image\":{\"@id\":\"https:\/\/blogdobispo.com.br\/#\/schema\/logo\/image\/\"}},{\"@type\":\"Person\",\"@id\":\"https:\/\/blogdobispo.com.br\/#\/schema\/person\/e2209cc0e6cea5c5233d033e997b373f\",\"name\":\"Jefferson Sterfeno\",\"image\":{\"@type\":\"ImageObject\",\"inLanguage\":\"pt-BR\",\"@id\":\"https:\/\/blogdobispo.com.br\/#\/schema\/person\/image\/\",\"url\":\"https:\/\/secure.gravatar.com\/avatar\/0534e84764641168a677026b6d57a3f51dc7ac4db0b4f6186d9cb330d4ee1160?s=96&d=mm&r=g\",\"contentUrl\":\"https:\/\/secure.gravatar.com\/avatar\/0534e84764641168a677026b6d57a3f51dc7ac4db0b4f6186d9cb330d4ee1160?s=96&d=mm&r=g\",\"caption\":\"Jefferson Sterfeno\"},\"sameAs\":[\"http:\/\/blogdobispo.com.br\"],\"url\":\"https:\/\/blogdobispo.com.br\/?author=1\"}]}<\/script>\n<!-- \/ Yoast SEO plugin. -->","yoast_head_json":{"title":"Semana da Cultura Evang\u00e9lica acontecer\u00e1 pela primeira vez em Caic\u00f3 neste final de semana com apoio da prefeitura municipal - Blog do Bispo","robots":{"index":"index","follow":"follow","max-snippet":"max-snippet:-1","max-image-preview":"max-image-preview:large","max-video-preview":"max-video-preview:-1"},"canonical":"https:\/\/blogdobispo.com.br\/?p=18804","og_locale":"pt_BR","og_type":"article","og_title":"Semana da Cultura Evang\u00e9lica acontecer\u00e1 pela primeira vez em Caic\u00f3 neste final de semana com apoio da prefeitura municipal - Blog do Bispo","og_description":"A Prefeitura Municipal de Caic\u00f3 realizou, nesta ter\u00e7a-feira (09), a apresenta\u00e7\u00e3o oficial da Semana de Cultura Evang\u00e9lica \u2013 Caic\u00f3 Vida e Luz, evento que passa a integrar o calend\u00e1rio cultural do munic\u00edpio e ser\u00e1 realizado nos dias 12, 13 e 14 de dezembro, na Ilha de Sant\u2019Ana. A programa\u00e7\u00e3o inclui apresenta\u00e7\u00f5es musicais, palestras e momentos [&hellip;]","og_url":"https:\/\/blogdobispo.com.br\/?p=18804","og_site_name":"Blog do Bispo","article_published_time":"2025-12-09T17:09:57+00:00","og_image":[{"width":819,"height":1024,"url":"http:\/\/blogdobispo.com.br\/wp-content\/uploads\/2025\/12\/05b747f8-2023-4ec5-a399-ac1fcace63d1-819x1024.jpg.webp","type":"image\/webp"}],"author":"Jefferson Sterfeno","twitter_card":"summary_large_image","twitter_misc":{"Escrito por":"Jefferson Sterfeno","Est. tempo de leitura":"4 minutos"},"schema":{"@context":"https:\/\/schema.org","@graph":[{"@type":"Article","@id":"https:\/\/blogdobispo.com.br\/?p=18804#article","isPartOf":{"@id":"https:\/\/blogdobispo.com.br\/?p=18804"},"author":{"name":"Jefferson Sterfeno","@id":"https:\/\/blogdobispo.com.br\/#\/schema\/person\/e2209cc0e6cea5c5233d033e997b373f"},"headline":"Semana da Cultura Evang\u00e9lica acontecer\u00e1 pela primeira vez em Caic\u00f3 neste final de semana com apoio da prefeitura municipal","datePublished":"2025-12-09T17:09:57+00:00","mainEntityOfPage":{"@id":"https:\/\/blogdobispo.com.br\/?p=18804"},"wordCount":583,"commentCount":0,"publisher":{"@id":"https:\/\/blogdobispo.com.br\/#organization"},"image":{"@id":"https:\/\/blogdobispo.com.br\/?p=18804#primaryimage"},"thumbnailUrl":"https:\/\/i0.wp.com\/blogdobispo.com.br\/wp-content\/uploads\/2025\/12\/05b747f8-2023-4ec5-a399-ac1fcace63d1-819x1024.jpg.webp?fit=819%2C1024&ssl=1","articleSection":["diversos"],"inLanguage":"pt-BR","potentialAction":[{"@type":"CommentAction","name":"Comment","target":["https:\/\/blogdobispo.com.br\/?p=18804#respond"]}]},{"@type":"WebPage","@id":"https:\/\/blogdobispo.com.br\/?p=18804","url":"https:\/\/blogdobispo.com.br\/?p=18804","name":"Semana da Cultura Evang\u00e9lica acontecer\u00e1 pela primeira vez em Caic\u00f3 neste final de semana com apoio da prefeitura municipal - Blog do Bispo","isPartOf":{"@id":"https:\/\/blogdobispo.com.br\/#website"},"primaryImageOfPage":{"@id":"https:\/\/blogdobispo.com.br\/?p=18804#primaryimage"},"image":{"@id":"https:\/\/blogdobispo.com.br\/?p=18804#primaryimage"},"thumbnailUrl":"https:\/\/i0.wp.com\/blogdobispo.com.br\/wp-content\/uploads\/2025\/12\/05b747f8-2023-4ec5-a399-ac1fcace63d1-819x1024.jpg.webp?fit=819%2C1024&ssl=1","datePublished":"2025-12-09T17:09:57+00:00","breadcrumb":{"@id":"https:\/\/blogdobispo.com.br\/?p=18804#breadcrumb"},"inLanguage":"pt-BR","potentialAction":[{"@type":"ReadAction","target":["https:\/\/blogdobispo.com.br\/?p=18804"]}]},{"@type":"ImageObject","inLanguage":"pt-BR","@id":"https:\/\/blogdobispo.com.br\/?p=18804#primaryimage","url":"https:\/\/i0.wp.com\/blogdobispo.com.br\/wp-content\/uploads\/2025\/12\/05b747f8-2023-4ec5-a399-ac1fcace63d1-819x1024.jpg.webp?fit=819%2C1024&ssl=1","contentUrl":"https:\/\/i0.wp.com\/blogdobispo.com.br\/wp-content\/uploads\/2025\/12\/05b747f8-2023-4ec5-a399-ac1fcace63d1-819x1024.jpg.webp?fit=819%2C1024&ssl=1","width":819,"height":1024},{"@type":"BreadcrumbList","@id":"https:\/\/blogdobispo.com.br\/?p=18804#breadcrumb","itemListElement":[{"@type":"ListItem","position":1,"name":"In\u00edcio","item":"https:\/\/blogdobispo.com.br\/"},{"@type":"ListItem","position":2,"name":"Semana da Cultura Evang\u00e9lica acontecer\u00e1 pela primeira vez em Caic\u00f3 neste final de semana com apoio da prefeitura municipal"}]},{"@type":"WebSite","@id":"https:\/\/blogdobispo.com.br\/#website","url":"https:\/\/blogdobispo.com.br\/","name":"Blog do Bispo","description":"Comprometido apenas com o leitor","publisher":{"@id":"https:\/\/blogdobispo.com.br\/#organization"},"potentialAction":[{"@type":"SearchAction","target":{"@type":"EntryPoint","urlTemplate":"https:\/\/blogdobispo.com.br\/?s={search_term_string}"},"query-input":{"@type":"PropertyValueSpecification","valueRequired":true,"valueName":"search_term_string"}}],"inLanguage":"pt-BR"},{"@type":"Organization","@id":"https:\/\/blogdobispo.com.br\/#organization","name":"Blog do Bispo","url":"https:\/\/blogdobispo.com.br\/","logo":{"@type":"ImageObject","inLanguage":"pt-BR","@id":"https:\/\/blogdobispo.com.br\/#\/schema\/logo\/image\/","url":"http:\/\/blogdobispo.com.br\/wp-content\/uploads\/2023\/05\/cropped-headear.png","contentUrl":"http:\/\/blogdobispo.com.br\/wp-content\/uploads\/2023\/05\/cropped-headear.png","width":1500,"height":399,"caption":"Blog do Bispo"},"image":{"@id":"https:\/\/blogdobispo.com.br\/#\/schema\/logo\/image\/"}},{"@type":"Person","@id":"https:\/\/blogdobispo.com.br\/#\/schema\/person\/e2209cc0e6cea5c5233d033e997b373f","name":"Jefferson Sterfeno","image":{"@type":"ImageObject","inLanguage":"pt-BR","@id":"https:\/\/blogdobispo.com.br\/#\/schema\/person\/image\/","url":"https:\/\/secure.gravatar.com\/avatar\/0534e84764641168a677026b6d57a3f51dc7ac4db0b4f6186d9cb330d4ee1160?s=96&d=mm&r=g","contentUrl":"https:\/\/secure.gravatar.com\/avatar\/0534e84764641168a677026b6d57a3f51dc7ac4db0b4f6186d9cb330d4ee1160?s=96&d=mm&r=g","caption":"Jefferson Sterfeno"},"sameAs":["http:\/\/blogdobispo.com.br"],"url":"https:\/\/blogdobispo.com.br\/?author=1"}]}},"featured_image_urls":{"full":["https:\/\/i0.wp.com\/blogdobispo.com.br\/wp-content\/uploads\/2025\/12\/05b747f8-2023-4ec5-a399-ac1fcace63d1-819x1024.jpg.webp?fit=819%2C1024&ssl=1",819,1024,false],"thumbnail":["https:\/\/i0.wp.com\/blogdobispo.com.br\/wp-content\/uploads\/2025\/12\/05b747f8-2023-4ec5-a399-ac1fcace63d1-819x1024.jpg.webp?resize=150%2C150&ssl=1",150,150,true],"medium":["https:\/\/i0.wp.com\/blogdobispo.com.br\/wp-content\/uploads\/2025\/12\/05b747f8-2023-4ec5-a399-ac1fcace63d1-819x1024.jpg.webp?fit=240%2C300&ssl=1",240,300,true],"medium_large":["https:\/\/i0.wp.com\/blogdobispo.com.br\/wp-content\/uploads\/2025\/12\/05b747f8-2023-4ec5-a399-ac1fcace63d1-819x1024.jpg.webp?fit=768%2C960&ssl=1",768,960,true],"large":["https:\/\/i0.wp.com\/blogdobispo.com.br\/wp-content\/uploads\/2025\/12\/05b747f8-2023-4ec5-a399-ac1fcace63d1-819x1024.jpg.webp?fit=800%2C1000&ssl=1",800,1000,true],"1536x1536":["https:\/\/i0.wp.com\/blogdobispo.com.br\/wp-content\/uploads\/2025\/12\/05b747f8-2023-4ec5-a399-ac1fcace63d1-819x1024.jpg.webp?fit=819%2C1024&ssl=1",819,1024,true],"2048x2048":["https:\/\/i0.wp.com\/blogdobispo.com.br\/wp-content\/uploads\/2025\/12\/05b747f8-2023-4ec5-a399-ac1fcace63d1-819x1024.jpg.webp?fit=819%2C1024&ssl=1",819,1024,true]},"author_info":{"display_name":"Jefferson Sterfeno","author_link":"https:\/\/blogdobispo.com.br\/?author=1"},"category_info":"<a href=\"https:\/\/blogdobispo.com.br\/?cat=1\" rel=\"category\">diversos<\/a>","tag_info":"diversos","comment_count":"0","jetpack_featured_media_url":"https:\/\/i0.wp.com\/blogdobispo.com.br\/wp-content\/uploads\/2025\/12\/05b747f8-2023-4ec5-a399-ac1fcace63d1-819x1024.jpg.webp?fit=819%2C1024&ssl=1","jetpack_sharing_enabled":true,"_links":{"self":[{"href":"https:\/\/blogdobispo.com.br\/index.php?rest_route=\/wp\/v2\/posts\/18804","targetHints":{"allow":["GET"]}}],"collection":[{"href":"https:\/\/blogdobispo.com.br\/index.php?rest_route=\/wp\/v2\/posts"}],"about":[{"href":"https:\/\/blogdobispo.com.br\/index.php?rest_route=\/wp\/v2\/types\/post"}],"author":[{"embeddable":true,"href":"https:\/\/blogdobispo.com.br\/index.php?rest_route=\/wp\/v2\/users\/1"}],"replies":[{"embeddable":true,"href":"https:\/\/blogdobispo.com.br\/index.php?rest_route=%2Fwp%2Fv2%2Fcomments&post=18804"}],"version-history":[{"count":1,"href":"https:\/\/blogdobispo.com.br\/index.php?rest_route=\/wp\/v2\/posts\/18804\/revisions"}],"predecessor-version":[{"id":18806,"href":"https:\/\/blogdobispo.com.br\/index.php?rest_route=\/wp\/v2\/posts\/18804\/revisions\/18806"}],"wp:featuredmedia":[{"embeddable":true,"href":"https:\/\/blogdobispo.com.br\/index.php?rest_route=\/wp\/v2\/media\/18805"}],"wp:attachment":[{"href":"https:\/\/blogdobispo.com.br\/index.php?rest_route=%2Fwp%2Fv2%2Fmedia&parent=18804"}],"wp:term":[{"taxonomy":"category","embeddable":true,"href":"https:\/\/blogdobispo.com.br\/index.php?rest_route=%2Fwp%2Fv2%2Fcategories&post=18804"},{"taxonomy":"post_tag","embeddable":true,"href":"https:\/\/blogdobispo.com.br\/index.php?rest_route=%2Fwp%2Fv2%2Ftags&post=18804"}],"curies":[{"name":"wp","href":"https:\/\/api.w.org\/{rel}","templated":true}]}}