{"id":18801,"date":"2025-12-09T17:08:01","date_gmt":"2025-12-09T17:08:01","guid":{"rendered":"https:\/\/blogdobispo.com.br\/?p=18801"},"modified":"2025-12-09T17:08:01","modified_gmt":"2025-12-09T17:08:01","slug":"morre-a-mulher-mais-velha-do-rn-grupo-leao-e-vila-emite-nota-de-pesar","status":"publish","type":"post","link":"https:\/\/blogdobispo.com.br\/?p=18801","title":{"rendered":"Morre a mulher mais velha do RN, grupo Le\u00e3o e Vila emite nota de pesar"},"content":{"rendered":"<p>A mulher com mais idade do Rio Grande do Norte faleceu. Palmira Gurgel do Amaral morreu aos 118 anos. O vel\u00f3rio est\u00e1 ocorrendo hoje no Centro de Vel\u00f3rio Vila Park e amanh\u00e3, \u00e0s 9h, ser\u00e1 o sepultamento no Cemit\u00e9rio P\u00fablico S\u00e3o Sebasti\u00e3o, em Parnamirim.<\/p>\n<p>Dona Palmira, como era chamada, tinha uma estreita rela\u00e7\u00e3o com o Grupo Le\u00e3o e Vila. Afinal, era a cliente h\u00e1 41 anos da empresa. \u201cO Grupo Le\u00e3o e Vila externa todo seu pesar e eleva suas ora\u00e7\u00f5es a Deus por dona Palmira\u201d, diz um dos trechos da nota de pesar divulgada.<\/p>\n<p><strong>Leia a nota na \u00edntegra:<\/strong><\/p>\n<p><strong>NOTA DE PESAR<\/strong><\/p>\n<p><em>O Grupo Le\u00e3o e Vila externa todo seu pesar pelo falecimento de Palmira Gurgel do Amaral. Cliente da nossa empresa h\u00e1 41 anos, dona Palmira trazia a alegria e o bem viver como suas marcas.<\/em><\/p>\n<p><em>Elevamos a Deus nossas preces por ela e, ao mesmo tempo, agradecemos a dona Palmira toda confian\u00e7a na nossa empresa.<\/em><\/p>\n<p><strong>Natal, 9 de dezembro de 2025<\/strong><br \/>\n<em>Grupo Le\u00e3o e Vila<\/em><img data-recalc-dims=\"1\" fetchpriority=\"high\" decoding=\"async\" class=\"alignnone size-medium wp-image-18802\" src=\"https:\/\/i0.wp.com\/blogdobispo.com.br\/wp-content\/uploads\/2025\/12\/11087df4-1aa4-4e52-8d92-4546b3c261ed-1024x1024.jpg.webp?resize=300%2C300\" alt=\"\" width=\"300\" height=\"300\" srcset=\"https:\/\/i0.wp.com\/blogdobispo.com.br\/wp-content\/uploads\/2025\/12\/11087df4-1aa4-4e52-8d92-4546b3c261ed-1024x1024.jpg.webp?resize=300%2C300&amp;ssl=1 300w, https:\/\/i0.wp.com\/blogdobispo.com.br\/wp-content\/uploads\/2025\/12\/11087df4-1aa4-4e52-8d92-4546b3c261ed-1024x1024.jpg.webp?resize=150%2C150&amp;ssl=1 150w, https:\/\/i0.wp.com\/blogdobispo.com.br\/wp-content\/uploads\/2025\/12\/11087df4-1aa4-4e52-8d92-4546b3c261ed-1024x1024.jpg.webp?resize=768%2C768&amp;ssl=1 768w, https:\/\/i0.wp.com\/blogdobispo.com.br\/wp-content\/uploads\/2025\/12\/11087df4-1aa4-4e52-8d92-4546b3c261ed-1024x1024.jpg.webp?w=1024&amp;ssl=1 1024w\" sizes=\"(max-width: 300px) 100vw, 300px\" \/><\/p>\n","protected":false},"excerpt":{"rendered":"<p>A mulher com mais idade do Rio Grande do Norte faleceu. Palmira Gurgel do Amaral morreu aos 118 anos. O vel\u00f3rio est\u00e1 ocorrendo hoje no Centro de Vel\u00f3rio Vila Park e amanh\u00e3, \u00e0s 9h, ser\u00e1 o sepultamento no Cemit\u00e9rio P\u00fablico S\u00e3o Sebasti\u00e3o, em Parnamirim. Dona Palmira, como era chamada, tinha uma estreita rela\u00e7\u00e3o com o [&hellip;]<\/p>\n","protected":false},"author":1,"featured_media":18802,"comment_status":"open","ping_status":"open","sticky":false,"template":"","format":"standard","meta":{"cybocfi_hide_featured_image":"","_jetpack_memberships_contains_paid_content":false,"footnotes":""},"categories":[1],"tags":[],"class_list":["post-18801","post","type-post","status-publish","format-standard","has-post-thumbnail","hentry","category-diversos"],"yoast_head":"<!-- This site is optimized with the Yoast SEO plugin v25.6 - https:\/\/yoast.com\/wordpress\/plugins\/seo\/ -->\n<title>Morre a mulher mais velha do RN, grupo Le\u00e3o e Vila emite nota de pesar - Blog do Bispo<\/title>\n<meta name=\"robots\" content=\"index, follow, max-snippet:-1, max-image-preview:large, max-video-preview:-1\" \/>\n<link rel=\"canonical\" href=\"https:\/\/blogdobispo.com.br\/?p=18801\" \/>\n<meta property=\"og:locale\" content=\"pt_BR\" \/>\n<meta property=\"og:type\" content=\"article\" \/>\n<meta property=\"og:title\" content=\"Morre a mulher mais velha do RN, grupo Le\u00e3o e Vila emite nota de pesar - Blog do Bispo\" \/>\n<meta property=\"og:description\" content=\"A mulher com mais idade do Rio Grande do Norte faleceu. Palmira Gurgel do Amaral morreu aos 118 anos. O vel\u00f3rio est\u00e1 ocorrendo hoje no Centro de Vel\u00f3rio Vila Park e amanh\u00e3, \u00e0s 9h, ser\u00e1 o sepultamento no Cemit\u00e9rio P\u00fablico S\u00e3o Sebasti\u00e3o, em Parnamirim. Dona Palmira, como era chamada, tinha uma estreita rela\u00e7\u00e3o com o [&hellip;]\" \/>\n<meta property=\"og:url\" content=\"https:\/\/blogdobispo.com.br\/?p=18801\" \/>\n<meta property=\"og:site_name\" content=\"Blog do Bispo\" \/>\n<meta property=\"article:published_time\" content=\"2025-12-09T17:08:01+00:00\" \/>\n<meta property=\"og:image\" content=\"http:\/\/blogdobispo.com.br\/wp-content\/uploads\/2025\/12\/11087df4-1aa4-4e52-8d92-4546b3c261ed-1024x1024.jpg.webp\" \/>\n\t<meta property=\"og:image:width\" content=\"1024\" \/>\n\t<meta property=\"og:image:height\" content=\"1024\" \/>\n\t<meta property=\"og:image:type\" content=\"image\/webp\" \/>\n<meta name=\"author\" content=\"Jefferson Sterfeno\" \/>\n<meta name=\"twitter:card\" content=\"summary_large_image\" \/>\n<meta name=\"twitter:label1\" content=\"Escrito por\" \/>\n\t<meta name=\"twitter:data1\" content=\"Jefferson Sterfeno\" \/>\n\t<meta name=\"twitter:label2\" content=\"Est. tempo de leitura\" \/>\n\t<meta name=\"twitter:data2\" content=\"2 minutos\" \/>\n<script type=\"application\/ld+json\" class=\"yoast-schema-graph\">{\"@context\":\"https:\/\/schema.org\",\"@graph\":[{\"@type\":\"Article\",\"@id\":\"https:\/\/blogdobispo.com.br\/?p=18801#article\",\"isPartOf\":{\"@id\":\"https:\/\/blogdobispo.com.br\/?p=18801\"},\"author\":{\"name\":\"Jefferson Sterfeno\",\"@id\":\"https:\/\/blogdobispo.com.br\/#\/schema\/person\/e2209cc0e6cea5c5233d033e997b373f\"},\"headline\":\"Morre a mulher mais velha do RN, grupo Le\u00e3o e Vila emite nota de pesar\",\"datePublished\":\"2025-12-09T17:08:01+00:00\",\"mainEntityOfPage\":{\"@id\":\"https:\/\/blogdobispo.com.br\/?p=18801\"},\"wordCount\":192,\"commentCount\":0,\"publisher\":{\"@id\":\"https:\/\/blogdobispo.com.br\/#organization\"},\"image\":{\"@id\":\"https:\/\/blogdobispo.com.br\/?p=18801#primaryimage\"},\"thumbnailUrl\":\"https:\/\/i0.wp.com\/blogdobispo.com.br\/wp-content\/uploads\/2025\/12\/11087df4-1aa4-4e52-8d92-4546b3c261ed-1024x1024.jpg.webp?fit=1024%2C1024&ssl=1\",\"articleSection\":[\"diversos\"],\"inLanguage\":\"pt-BR\",\"potentialAction\":[{\"@type\":\"CommentAction\",\"name\":\"Comment\",\"target\":[\"https:\/\/blogdobispo.com.br\/?p=18801#respond\"]}]},{\"@type\":\"WebPage\",\"@id\":\"https:\/\/blogdobispo.com.br\/?p=18801\",\"url\":\"https:\/\/blogdobispo.com.br\/?p=18801\",\"name\":\"Morre a mulher mais velha do RN, grupo Le\u00e3o e Vila emite nota de pesar - Blog do Bispo\",\"isPartOf\":{\"@id\":\"https:\/\/blogdobispo.com.br\/#website\"},\"primaryImageOfPage\":{\"@id\":\"https:\/\/blogdobispo.com.br\/?p=18801#primaryimage\"},\"image\":{\"@id\":\"https:\/\/blogdobispo.com.br\/?p=18801#primaryimage\"},\"thumbnailUrl\":\"https:\/\/i0.wp.com\/blogdobispo.com.br\/wp-content\/uploads\/2025\/12\/11087df4-1aa4-4e52-8d92-4546b3c261ed-1024x1024.jpg.webp?fit=1024%2C1024&ssl=1\",\"datePublished\":\"2025-12-09T17:08:01+00:00\",\"breadcrumb\":{\"@id\":\"https:\/\/blogdobispo.com.br\/?p=18801#breadcrumb\"},\"inLanguage\":\"pt-BR\",\"potentialAction\":[{\"@type\":\"ReadAction\",\"target\":[\"https:\/\/blogdobispo.com.br\/?p=18801\"]}]},{\"@type\":\"ImageObject\",\"inLanguage\":\"pt-BR\",\"@id\":\"https:\/\/blogdobispo.com.br\/?p=18801#primaryimage\",\"url\":\"https:\/\/i0.wp.com\/blogdobispo.com.br\/wp-content\/uploads\/2025\/12\/11087df4-1aa4-4e52-8d92-4546b3c261ed-1024x1024.jpg.webp?fit=1024%2C1024&ssl=1\",\"contentUrl\":\"https:\/\/i0.wp.com\/blogdobispo.com.br\/wp-content\/uploads\/2025\/12\/11087df4-1aa4-4e52-8d92-4546b3c261ed-1024x1024.jpg.webp?fit=1024%2C1024&ssl=1\",\"width\":1024,\"height\":1024},{\"@type\":\"BreadcrumbList\",\"@id\":\"https:\/\/blogdobispo.com.br\/?p=18801#breadcrumb\",\"itemListElement\":[{\"@type\":\"ListItem\",\"position\":1,\"name\":\"In\u00edcio\",\"item\":\"https:\/\/blogdobispo.com.br\/\"},{\"@type\":\"ListItem\",\"position\":2,\"name\":\"Morre a mulher mais velha do RN, grupo Le\u00e3o e Vila emite nota de pesar\"}]},{\"@type\":\"WebSite\",\"@id\":\"https:\/\/blogdobispo.com.br\/#website\",\"url\":\"https:\/\/blogdobispo.com.br\/\",\"name\":\"Blog do Bispo\",\"description\":\"Comprometido apenas com o leitor\",\"publisher\":{\"@id\":\"https:\/\/blogdobispo.com.br\/#organization\"},\"potentialAction\":[{\"@type\":\"SearchAction\",\"target\":{\"@type\":\"EntryPoint\",\"urlTemplate\":\"https:\/\/blogdobispo.com.br\/?s={search_term_string}\"},\"query-input\":{\"@type\":\"PropertyValueSpecification\",\"valueRequired\":true,\"valueName\":\"search_term_string\"}}],\"inLanguage\":\"pt-BR\"},{\"@type\":\"Organization\",\"@id\":\"https:\/\/blogdobispo.com.br\/#organization\",\"name\":\"Blog do Bispo\",\"url\":\"https:\/\/blogdobispo.com.br\/\",\"logo\":{\"@type\":\"ImageObject\",\"inLanguage\":\"pt-BR\",\"@id\":\"https:\/\/blogdobispo.com.br\/#\/schema\/logo\/image\/\",\"url\":\"http:\/\/blogdobispo.com.br\/wp-content\/uploads\/2023\/05\/cropped-headear.png\",\"contentUrl\":\"http:\/\/blogdobispo.com.br\/wp-content\/uploads\/2023\/05\/cropped-headear.png\",\"width\":1500,\"height\":399,\"caption\":\"Blog do Bispo\"},\"image\":{\"@id\":\"https:\/\/blogdobispo.com.br\/#\/schema\/logo\/image\/\"}},{\"@type\":\"Person\",\"@id\":\"https:\/\/blogdobispo.com.br\/#\/schema\/person\/e2209cc0e6cea5c5233d033e997b373f\",\"name\":\"Jefferson Sterfeno\",\"image\":{\"@type\":\"ImageObject\",\"inLanguage\":\"pt-BR\",\"@id\":\"https:\/\/blogdobispo.com.br\/#\/schema\/person\/image\/\",\"url\":\"https:\/\/secure.gravatar.com\/avatar\/0534e84764641168a677026b6d57a3f51dc7ac4db0b4f6186d9cb330d4ee1160?s=96&d=mm&r=g\",\"contentUrl\":\"https:\/\/secure.gravatar.com\/avatar\/0534e84764641168a677026b6d57a3f51dc7ac4db0b4f6186d9cb330d4ee1160?s=96&d=mm&r=g\",\"caption\":\"Jefferson Sterfeno\"},\"sameAs\":[\"http:\/\/blogdobispo.com.br\"],\"url\":\"https:\/\/blogdobispo.com.br\/?author=1\"}]}<\/script>\n<!-- \/ Yoast SEO plugin. -->","yoast_head_json":{"title":"Morre a mulher mais velha do RN, grupo Le\u00e3o e Vila emite nota de pesar - Blog do Bispo","robots":{"index":"index","follow":"follow","max-snippet":"max-snippet:-1","max-image-preview":"max-image-preview:large","max-video-preview":"max-video-preview:-1"},"canonical":"https:\/\/blogdobispo.com.br\/?p=18801","og_locale":"pt_BR","og_type":"article","og_title":"Morre a mulher mais velha do RN, grupo Le\u00e3o e Vila emite nota de pesar - Blog do Bispo","og_description":"A mulher com mais idade do Rio Grande do Norte faleceu. Palmira Gurgel do Amaral morreu aos 118 anos. O vel\u00f3rio est\u00e1 ocorrendo hoje no Centro de Vel\u00f3rio Vila Park e amanh\u00e3, \u00e0s 9h, ser\u00e1 o sepultamento no Cemit\u00e9rio P\u00fablico S\u00e3o Sebasti\u00e3o, em Parnamirim. Dona Palmira, como era chamada, tinha uma estreita rela\u00e7\u00e3o com o [&hellip;]","og_url":"https:\/\/blogdobispo.com.br\/?p=18801","og_site_name":"Blog do Bispo","article_published_time":"2025-12-09T17:08:01+00:00","og_image":[{"width":1024,"height":1024,"url":"http:\/\/blogdobispo.com.br\/wp-content\/uploads\/2025\/12\/11087df4-1aa4-4e52-8d92-4546b3c261ed-1024x1024.jpg.webp","type":"image\/webp"}],"author":"Jefferson Sterfeno","twitter_card":"summary_large_image","twitter_misc":{"Escrito por":"Jefferson Sterfeno","Est. tempo de leitura":"2 minutos"},"schema":{"@context":"https:\/\/schema.org","@graph":[{"@type":"Article","@id":"https:\/\/blogdobispo.com.br\/?p=18801#article","isPartOf":{"@id":"https:\/\/blogdobispo.com.br\/?p=18801"},"author":{"name":"Jefferson Sterfeno","@id":"https:\/\/blogdobispo.com.br\/#\/schema\/person\/e2209cc0e6cea5c5233d033e997b373f"},"headline":"Morre a mulher mais velha do RN, grupo Le\u00e3o e Vila emite nota de pesar","datePublished":"2025-12-09T17:08:01+00:00","mainEntityOfPage":{"@id":"https:\/\/blogdobispo.com.br\/?p=18801"},"wordCount":192,"commentCount":0,"publisher":{"@id":"https:\/\/blogdobispo.com.br\/#organization"},"image":{"@id":"https:\/\/blogdobispo.com.br\/?p=18801#primaryimage"},"thumbnailUrl":"https:\/\/i0.wp.com\/blogdobispo.com.br\/wp-content\/uploads\/2025\/12\/11087df4-1aa4-4e52-8d92-4546b3c261ed-1024x1024.jpg.webp?fit=1024%2C1024&ssl=1","articleSection":["diversos"],"inLanguage":"pt-BR","potentialAction":[{"@type":"CommentAction","name":"Comment","target":["https:\/\/blogdobispo.com.br\/?p=18801#respond"]}]},{"@type":"WebPage","@id":"https:\/\/blogdobispo.com.br\/?p=18801","url":"https:\/\/blogdobispo.com.br\/?p=18801","name":"Morre a mulher mais velha do RN, grupo Le\u00e3o e Vila emite nota de pesar - Blog do Bispo","isPartOf":{"@id":"https:\/\/blogdobispo.com.br\/#website"},"primaryImageOfPage":{"@id":"https:\/\/blogdobispo.com.br\/?p=18801#primaryimage"},"image":{"@id":"https:\/\/blogdobispo.com.br\/?p=18801#primaryimage"},"thumbnailUrl":"https:\/\/i0.wp.com\/blogdobispo.com.br\/wp-content\/uploads\/2025\/12\/11087df4-1aa4-4e52-8d92-4546b3c261ed-1024x1024.jpg.webp?fit=1024%2C1024&ssl=1","datePublished":"2025-12-09T17:08:01+00:00","breadcrumb":{"@id":"https:\/\/blogdobispo.com.br\/?p=18801#breadcrumb"},"inLanguage":"pt-BR","potentialAction":[{"@type":"ReadAction","target":["https:\/\/blogdobispo.com.br\/?p=18801"]}]},{"@type":"ImageObject","inLanguage":"pt-BR","@id":"https:\/\/blogdobispo.com.br\/?p=18801#primaryimage","url":"https:\/\/i0.wp.com\/blogdobispo.com.br\/wp-content\/uploads\/2025\/12\/11087df4-1aa4-4e52-8d92-4546b3c261ed-1024x1024.jpg.webp?fit=1024%2C1024&ssl=1","contentUrl":"https:\/\/i0.wp.com\/blogdobispo.com.br\/wp-content\/uploads\/2025\/12\/11087df4-1aa4-4e52-8d92-4546b3c261ed-1024x1024.jpg.webp?fit=1024%2C1024&ssl=1","width":1024,"height":1024},{"@type":"BreadcrumbList","@id":"https:\/\/blogdobispo.com.br\/?p=18801#breadcrumb","itemListElement":[{"@type":"ListItem","position":1,"name":"In\u00edcio","item":"https:\/\/blogdobispo.com.br\/"},{"@type":"ListItem","position":2,"name":"Morre a mulher mais velha do RN, grupo Le\u00e3o e Vila emite nota de pesar"}]},{"@type":"WebSite","@id":"https:\/\/blogdobispo.com.br\/#website","url":"https:\/\/blogdobispo.com.br\/","name":"Blog do Bispo","description":"Comprometido apenas com o leitor","publisher":{"@id":"https:\/\/blogdobispo.com.br\/#organization"},"potentialAction":[{"@type":"SearchAction","target":{"@type":"EntryPoint","urlTemplate":"https:\/\/blogdobispo.com.br\/?s={search_term_string}"},"query-input":{"@type":"PropertyValueSpecification","valueRequired":true,"valueName":"search_term_string"}}],"inLanguage":"pt-BR"},{"@type":"Organization","@id":"https:\/\/blogdobispo.com.br\/#organization","name":"Blog do Bispo","url":"https:\/\/blogdobispo.com.br\/","logo":{"@type":"ImageObject","inLanguage":"pt-BR","@id":"https:\/\/blogdobispo.com.br\/#\/schema\/logo\/image\/","url":"http:\/\/blogdobispo.com.br\/wp-content\/uploads\/2023\/05\/cropped-headear.png","contentUrl":"http:\/\/blogdobispo.com.br\/wp-content\/uploads\/2023\/05\/cropped-headear.png","width":1500,"height":399,"caption":"Blog do Bispo"},"image":{"@id":"https:\/\/blogdobispo.com.br\/#\/schema\/logo\/image\/"}},{"@type":"Person","@id":"https:\/\/blogdobispo.com.br\/#\/schema\/person\/e2209cc0e6cea5c5233d033e997b373f","name":"Jefferson Sterfeno","image":{"@type":"ImageObject","inLanguage":"pt-BR","@id":"https:\/\/blogdobispo.com.br\/#\/schema\/person\/image\/","url":"https:\/\/secure.gravatar.com\/avatar\/0534e84764641168a677026b6d57a3f51dc7ac4db0b4f6186d9cb330d4ee1160?s=96&d=mm&r=g","contentUrl":"https:\/\/secure.gravatar.com\/avatar\/0534e84764641168a677026b6d57a3f51dc7ac4db0b4f6186d9cb330d4ee1160?s=96&d=mm&r=g","caption":"Jefferson Sterfeno"},"sameAs":["http:\/\/blogdobispo.com.br"],"url":"https:\/\/blogdobispo.com.br\/?author=1"}]}},"featured_image_urls":{"full":["https:\/\/i0.wp.com\/blogdobispo.com.br\/wp-content\/uploads\/2025\/12\/11087df4-1aa4-4e52-8d92-4546b3c261ed-1024x1024.jpg.webp?fit=1024%2C1024&ssl=1",1024,1024,false],"thumbnail":["https:\/\/i0.wp.com\/blogdobispo.com.br\/wp-content\/uploads\/2025\/12\/11087df4-1aa4-4e52-8d92-4546b3c261ed-1024x1024.jpg.webp?resize=150%2C150&ssl=1",150,150,true],"medium":["https:\/\/i0.wp.com\/blogdobispo.com.br\/wp-content\/uploads\/2025\/12\/11087df4-1aa4-4e52-8d92-4546b3c261ed-1024x1024.jpg.webp?fit=300%2C300&ssl=1",300,300,true],"medium_large":["https:\/\/i0.wp.com\/blogdobispo.com.br\/wp-content\/uploads\/2025\/12\/11087df4-1aa4-4e52-8d92-4546b3c261ed-1024x1024.jpg.webp?fit=768%2C768&ssl=1",768,768,true],"large":["https:\/\/i0.wp.com\/blogdobispo.com.br\/wp-content\/uploads\/2025\/12\/11087df4-1aa4-4e52-8d92-4546b3c261ed-1024x1024.jpg.webp?fit=800%2C800&ssl=1",800,800,true],"1536x1536":["https:\/\/i0.wp.com\/blogdobispo.com.br\/wp-content\/uploads\/2025\/12\/11087df4-1aa4-4e52-8d92-4546b3c261ed-1024x1024.jpg.webp?fit=1024%2C1024&ssl=1",1024,1024,true],"2048x2048":["https:\/\/i0.wp.com\/blogdobispo.com.br\/wp-content\/uploads\/2025\/12\/11087df4-1aa4-4e52-8d92-4546b3c261ed-1024x1024.jpg.webp?fit=1024%2C1024&ssl=1",1024,1024,true]},"author_info":{"display_name":"Jefferson Sterfeno","author_link":"https:\/\/blogdobispo.com.br\/?author=1"},"category_info":"<a href=\"https:\/\/blogdobispo.com.br\/?cat=1\" rel=\"category\">diversos<\/a>","tag_info":"diversos","comment_count":"0","jetpack_featured_media_url":"https:\/\/i0.wp.com\/blogdobispo.com.br\/wp-content\/uploads\/2025\/12\/11087df4-1aa4-4e52-8d92-4546b3c261ed-1024x1024.jpg.webp?fit=1024%2C1024&ssl=1","jetpack_sharing_enabled":true,"_links":{"self":[{"href":"https:\/\/blogdobispo.com.br\/index.php?rest_route=\/wp\/v2\/posts\/18801","targetHints":{"allow":["GET"]}}],"collection":[{"href":"https:\/\/blogdobispo.com.br\/index.php?rest_route=\/wp\/v2\/posts"}],"about":[{"href":"https:\/\/blogdobispo.com.br\/index.php?rest_route=\/wp\/v2\/types\/post"}],"author":[{"embeddable":true,"href":"https:\/\/blogdobispo.com.br\/index.php?rest_route=\/wp\/v2\/users\/1"}],"replies":[{"embeddable":true,"href":"https:\/\/blogdobispo.com.br\/index.php?rest_route=%2Fwp%2Fv2%2Fcomments&post=18801"}],"version-history":[{"count":1,"href":"https:\/\/blogdobispo.com.br\/index.php?rest_route=\/wp\/v2\/posts\/18801\/revisions"}],"predecessor-version":[{"id":18803,"href":"https:\/\/blogdobispo.com.br\/index.php?rest_route=\/wp\/v2\/posts\/18801\/revisions\/18803"}],"wp:featuredmedia":[{"embeddable":true,"href":"https:\/\/blogdobispo.com.br\/index.php?rest_route=\/wp\/v2\/media\/18802"}],"wp:attachment":[{"href":"https:\/\/blogdobispo.com.br\/index.php?rest_route=%2Fwp%2Fv2%2Fmedia&parent=18801"}],"wp:term":[{"taxonomy":"category","embeddable":true,"href":"https:\/\/blogdobispo.com.br\/index.php?rest_route=%2Fwp%2Fv2%2Fcategories&post=18801"},{"taxonomy":"post_tag","embeddable":true,"href":"https:\/\/blogdobispo.com.br\/index.php?rest_route=%2Fwp%2Fv2%2Ftags&post=18801"}],"curies":[{"name":"wp","href":"https:\/\/api.w.org\/{rel}","templated":true}]}}