{"id":18798,"date":"2025-12-09T17:02:47","date_gmt":"2025-12-09T17:02:47","guid":{"rendered":"https:\/\/blogdobispo.com.br\/?p=18798"},"modified":"2026-02-02T17:02:39","modified_gmt":"2026-02-02T17:02:39","slug":"jornalistas-elegem-ubaldo-fernandes-como-parlamentar-do-ano-na-alrn","status":"publish","type":"post","link":"https:\/\/blogdobispo.com.br\/?p=18798","title":{"rendered":"Jornalistas elegem Ubaldo Fernandes como Parlamentar do Ano na ALRN"},"content":{"rendered":"<p><img data-recalc-dims=\"1\" decoding=\"async\" src=\"https:\/\/i0.wp.com\/www.al.rn.leg.br\/storage\/noticias\/2025\/12\/09\/KfI94Dwr55cfU2mj0onYQWRoRFgVptTs4lXjrlcK.jpg?w=800&#038;ssl=1\" class=\"img-fluid imgNot\"><\/p>\n<p class=\"publish-new\">09\/12\/2025<\/p>\n<div class=\"text-area\">\n<p>Os jornalistas que integram o Comit\u00ea de Imprensa da Assembleia Legislativa do Rio Grande do Norte elegeram, nesta ter\u00e7a-feira (9), o deputado Ubaldo Fernandes (PSDB) como Parlamentar do Ano, em vota\u00e7\u00e3o realizada no Audit\u00f3rio Cortez Pereira. A escolha \u00e9 promovida anualmente pelo Comit\u00ea, presidido pelo jornalista Oliveira Wanderley, e reconhece o trabalho desenvolvido pelos parlamentares ao longo do ano legislativo.<\/p>\n<p>Dos 47 profissionais de imprensa aptos a votar, 42 compareceram. O resultado confirmou a ampla prefer\u00eancia pelo deputado Ubaldo Fernandes, que recebeu 32 votos. Em seguida, apareceram os deputados Tomba Farias (PL), com 4 votos; Divaneide Bas\u00edlio (PT), com 3; Cristiane Dantas (SDD), com 2; e Galeno Torquato (PSDB), com um voto.<\/p>\n<p>Ao anunciar o resultado, o presidente do Comit\u00ea de Imprensa destacou a import\u00e2ncia da escolha para o fortalecimento da atividade parlamentar e para a rela\u00e7\u00e3o entre a Casa Legislativa e os profissionais de comunica\u00e7\u00e3o. \u201cOs jornalistas votaram e elegeram o deputado Ubaldo Fernandes como Parlamentar do Ano. Uma honraria que representa o reconhecimento pelo trabalho desenvolvido durante o ano\u201d, afirmou Oliveira Wanderley.<\/p>\n<p>Emocionado, Ubaldo Fernandes agradeceu a confian\u00e7a e ressaltou o compromisso de seguir atuando em defesa da popula\u00e7\u00e3o potiguar. \u201cA caminhada agora \u00e9 muito maior, porque esse t\u00edtulo \u00e9 muito honroso para o parlamentar. Agrade\u00e7o ao povo do Rio Grande do Norte, \u00e0 imprensa, aos jornalistas credenciados e ao comit\u00ea por terem me escolhido Parlamentar do Ano. Continuarei trabalhando com dedica\u00e7\u00e3o e responsabilidade\u201d, declarou.<\/p>\n<p>&nbsp;<\/p>\n<p><strong>Tradi\u00e7\u00e3o e reconhecimento<\/strong><\/p>\n<p>Criado na legislatura de 1981\u20131983, durante a gest\u00e3o do ent\u00e3o presidente da Casa, ex-deputado Carlos Augusto Rosado, o Comit\u00ea de Imprensa recebeu o nome do jornalista Alexis Gurgel, um dos grandes nomes do jornalismo potiguar. O primeiro parlamentar homenageado foi o ex-deputado Roberto Furtado, em 1982, marcando o in\u00edcio de uma tradi\u00e7\u00e3o que valoriza a atua\u00e7\u00e3o pol\u00edtica e fortalece a rela\u00e7\u00e3o entre o Legislativo e a imprensa.<\/p>\n<p>A escolha do Parlamentar do Ano reafirma a import\u00e2ncia do di\u00e1logo transparente, do trabalho legislativo comprometido e da imprensa como ponte entre o Parlamento e a sociedade.<\/p>\n<\/div>\n","protected":false},"excerpt":{"rendered":"<p>09\/12\/2025 Os jornalistas que integram o Comit\u00ea de Imprensa da Assembleia Legislativa do Rio Grande do Norte elegeram, nesta ter\u00e7a-feira (9), o deputado Ubaldo Fernandes (PSDB) como Parlamentar do Ano, em vota\u00e7\u00e3o realizada no Audit\u00f3rio Cortez Pereira. A escolha \u00e9 promovida anualmente pelo Comit\u00ea, presidido pelo jornalista Oliveira Wanderley, e reconhece o trabalho desenvolvido pelos [&hellip;]<\/p>\n","protected":false},"author":1,"featured_media":18799,"comment_status":"open","ping_status":"open","sticky":false,"template":"","format":"standard","meta":{"cybocfi_hide_featured_image":"","_jetpack_memberships_contains_paid_content":false,"footnotes":""},"categories":[1],"tags":[],"class_list":["post-18798","post","type-post","status-publish","format-standard","has-post-thumbnail","hentry","category-diversos"],"yoast_head":"<!-- This site is optimized with the Yoast SEO plugin v25.6 - https:\/\/yoast.com\/wordpress\/plugins\/seo\/ -->\n<title>Jornalistas elegem Ubaldo Fernandes como Parlamentar do Ano na ALRN - Blog do Bispo<\/title>\n<meta name=\"robots\" content=\"index, follow, max-snippet:-1, max-image-preview:large, max-video-preview:-1\" \/>\n<link rel=\"canonical\" href=\"https:\/\/blogdobispo.com.br\/?p=18798\" \/>\n<meta property=\"og:locale\" content=\"pt_BR\" \/>\n<meta property=\"og:type\" content=\"article\" \/>\n<meta property=\"og:title\" content=\"Jornalistas elegem Ubaldo Fernandes como Parlamentar do Ano na ALRN - Blog do Bispo\" \/>\n<meta property=\"og:description\" content=\"09\/12\/2025 Os jornalistas que integram o Comit\u00ea de Imprensa da Assembleia Legislativa do Rio Grande do Norte elegeram, nesta ter\u00e7a-feira (9), o deputado Ubaldo Fernandes (PSDB) como Parlamentar do Ano, em vota\u00e7\u00e3o realizada no Audit\u00f3rio Cortez Pereira. A escolha \u00e9 promovida anualmente pelo Comit\u00ea, presidido pelo jornalista Oliveira Wanderley, e reconhece o trabalho desenvolvido pelos [&hellip;]\" \/>\n<meta property=\"og:url\" content=\"https:\/\/blogdobispo.com.br\/?p=18798\" \/>\n<meta property=\"og:site_name\" content=\"Blog do Bispo\" \/>\n<meta property=\"article:published_time\" content=\"2025-12-09T17:02:47+00:00\" \/>\n<meta property=\"article:modified_time\" content=\"2026-02-02T17:02:39+00:00\" \/>\n<meta property=\"og:image\" content=\"https:\/\/i0.wp.com\/blogdobispo.com.br\/wp-content\/uploads\/2025\/12\/KfI94Dwr55cfU2mj0onYQWRoRFgVptTs4lXjrlcK.jpg?fit=1280%2C960&ssl=1\" \/>\n\t<meta property=\"og:image:width\" content=\"1280\" \/>\n\t<meta property=\"og:image:height\" content=\"960\" \/>\n\t<meta property=\"og:image:type\" content=\"image\/jpeg\" \/>\n<meta name=\"author\" content=\"Jefferson Sterfeno\" \/>\n<meta name=\"twitter:card\" content=\"summary_large_image\" \/>\n<meta name=\"twitter:label1\" content=\"Escrito por\" \/>\n\t<meta name=\"twitter:data1\" content=\"Jefferson Sterfeno\" \/>\n\t<meta name=\"twitter:label2\" content=\"Est. tempo de leitura\" \/>\n\t<meta name=\"twitter:data2\" content=\"3 minutos\" \/>\n<script type=\"application\/ld+json\" class=\"yoast-schema-graph\">{\"@context\":\"https:\/\/schema.org\",\"@graph\":[{\"@type\":\"Article\",\"@id\":\"https:\/\/blogdobispo.com.br\/?p=18798#article\",\"isPartOf\":{\"@id\":\"https:\/\/blogdobispo.com.br\/?p=18798\"},\"author\":{\"name\":\"Jefferson Sterfeno\",\"@id\":\"https:\/\/blogdobispo.com.br\/#\/schema\/person\/e2209cc0e6cea5c5233d033e997b373f\"},\"headline\":\"Jornalistas elegem Ubaldo Fernandes como Parlamentar do Ano na ALRN\",\"datePublished\":\"2025-12-09T17:02:47+00:00\",\"dateModified\":\"2026-02-02T17:02:39+00:00\",\"mainEntityOfPage\":{\"@id\":\"https:\/\/blogdobispo.com.br\/?p=18798\"},\"wordCount\":355,\"commentCount\":0,\"publisher\":{\"@id\":\"https:\/\/blogdobispo.com.br\/#organization\"},\"image\":{\"@id\":\"https:\/\/blogdobispo.com.br\/?p=18798#primaryimage\"},\"thumbnailUrl\":\"https:\/\/i0.wp.com\/blogdobispo.com.br\/wp-content\/uploads\/2025\/12\/KfI94Dwr55cfU2mj0onYQWRoRFgVptTs4lXjrlcK.jpg?fit=1280%2C960&ssl=1\",\"articleSection\":[\"diversos\"],\"inLanguage\":\"pt-BR\",\"potentialAction\":[{\"@type\":\"CommentAction\",\"name\":\"Comment\",\"target\":[\"https:\/\/blogdobispo.com.br\/?p=18798#respond\"]}]},{\"@type\":\"WebPage\",\"@id\":\"https:\/\/blogdobispo.com.br\/?p=18798\",\"url\":\"https:\/\/blogdobispo.com.br\/?p=18798\",\"name\":\"Jornalistas elegem Ubaldo Fernandes como Parlamentar do Ano na ALRN - Blog do Bispo\",\"isPartOf\":{\"@id\":\"https:\/\/blogdobispo.com.br\/#website\"},\"primaryImageOfPage\":{\"@id\":\"https:\/\/blogdobispo.com.br\/?p=18798#primaryimage\"},\"image\":{\"@id\":\"https:\/\/blogdobispo.com.br\/?p=18798#primaryimage\"},\"thumbnailUrl\":\"https:\/\/i0.wp.com\/blogdobispo.com.br\/wp-content\/uploads\/2025\/12\/KfI94Dwr55cfU2mj0onYQWRoRFgVptTs4lXjrlcK.jpg?fit=1280%2C960&ssl=1\",\"datePublished\":\"2025-12-09T17:02:47+00:00\",\"dateModified\":\"2026-02-02T17:02:39+00:00\",\"breadcrumb\":{\"@id\":\"https:\/\/blogdobispo.com.br\/?p=18798#breadcrumb\"},\"inLanguage\":\"pt-BR\",\"potentialAction\":[{\"@type\":\"ReadAction\",\"target\":[\"https:\/\/blogdobispo.com.br\/?p=18798\"]}]},{\"@type\":\"ImageObject\",\"inLanguage\":\"pt-BR\",\"@id\":\"https:\/\/blogdobispo.com.br\/?p=18798#primaryimage\",\"url\":\"https:\/\/i0.wp.com\/blogdobispo.com.br\/wp-content\/uploads\/2025\/12\/KfI94Dwr55cfU2mj0onYQWRoRFgVptTs4lXjrlcK.jpg?fit=1280%2C960&ssl=1\",\"contentUrl\":\"https:\/\/i0.wp.com\/blogdobispo.com.br\/wp-content\/uploads\/2025\/12\/KfI94Dwr55cfU2mj0onYQWRoRFgVptTs4lXjrlcK.jpg?fit=1280%2C960&ssl=1\",\"width\":1280,\"height\":960},{\"@type\":\"BreadcrumbList\",\"@id\":\"https:\/\/blogdobispo.com.br\/?p=18798#breadcrumb\",\"itemListElement\":[{\"@type\":\"ListItem\",\"position\":1,\"name\":\"In\u00edcio\",\"item\":\"https:\/\/blogdobispo.com.br\/\"},{\"@type\":\"ListItem\",\"position\":2,\"name\":\"Jornalistas elegem Ubaldo Fernandes como Parlamentar do Ano na ALRN\"}]},{\"@type\":\"WebSite\",\"@id\":\"https:\/\/blogdobispo.com.br\/#website\",\"url\":\"https:\/\/blogdobispo.com.br\/\",\"name\":\"Blog do Bispo\",\"description\":\"Comprometido apenas com o leitor\",\"publisher\":{\"@id\":\"https:\/\/blogdobispo.com.br\/#organization\"},\"potentialAction\":[{\"@type\":\"SearchAction\",\"target\":{\"@type\":\"EntryPoint\",\"urlTemplate\":\"https:\/\/blogdobispo.com.br\/?s={search_term_string}\"},\"query-input\":{\"@type\":\"PropertyValueSpecification\",\"valueRequired\":true,\"valueName\":\"search_term_string\"}}],\"inLanguage\":\"pt-BR\"},{\"@type\":\"Organization\",\"@id\":\"https:\/\/blogdobispo.com.br\/#organization\",\"name\":\"Blog do Bispo\",\"url\":\"https:\/\/blogdobispo.com.br\/\",\"logo\":{\"@type\":\"ImageObject\",\"inLanguage\":\"pt-BR\",\"@id\":\"https:\/\/blogdobispo.com.br\/#\/schema\/logo\/image\/\",\"url\":\"http:\/\/blogdobispo.com.br\/wp-content\/uploads\/2023\/05\/cropped-headear.png\",\"contentUrl\":\"http:\/\/blogdobispo.com.br\/wp-content\/uploads\/2023\/05\/cropped-headear.png\",\"width\":1500,\"height\":399,\"caption\":\"Blog do Bispo\"},\"image\":{\"@id\":\"https:\/\/blogdobispo.com.br\/#\/schema\/logo\/image\/\"}},{\"@type\":\"Person\",\"@id\":\"https:\/\/blogdobispo.com.br\/#\/schema\/person\/e2209cc0e6cea5c5233d033e997b373f\",\"name\":\"Jefferson Sterfeno\",\"image\":{\"@type\":\"ImageObject\",\"inLanguage\":\"pt-BR\",\"@id\":\"https:\/\/blogdobispo.com.br\/#\/schema\/person\/image\/\",\"url\":\"https:\/\/secure.gravatar.com\/avatar\/0534e84764641168a677026b6d57a3f51dc7ac4db0b4f6186d9cb330d4ee1160?s=96&d=mm&r=g\",\"contentUrl\":\"https:\/\/secure.gravatar.com\/avatar\/0534e84764641168a677026b6d57a3f51dc7ac4db0b4f6186d9cb330d4ee1160?s=96&d=mm&r=g\",\"caption\":\"Jefferson Sterfeno\"},\"sameAs\":[\"http:\/\/blogdobispo.com.br\"],\"url\":\"https:\/\/blogdobispo.com.br\/?author=1\"}]}<\/script>\n<!-- \/ Yoast SEO plugin. -->","yoast_head_json":{"title":"Jornalistas elegem Ubaldo Fernandes como Parlamentar do Ano na ALRN - Blog do Bispo","robots":{"index":"index","follow":"follow","max-snippet":"max-snippet:-1","max-image-preview":"max-image-preview:large","max-video-preview":"max-video-preview:-1"},"canonical":"https:\/\/blogdobispo.com.br\/?p=18798","og_locale":"pt_BR","og_type":"article","og_title":"Jornalistas elegem Ubaldo Fernandes como Parlamentar do Ano na ALRN - Blog do Bispo","og_description":"09\/12\/2025 Os jornalistas que integram o Comit\u00ea de Imprensa da Assembleia Legislativa do Rio Grande do Norte elegeram, nesta ter\u00e7a-feira (9), o deputado Ubaldo Fernandes (PSDB) como Parlamentar do Ano, em vota\u00e7\u00e3o realizada no Audit\u00f3rio Cortez Pereira. A escolha \u00e9 promovida anualmente pelo Comit\u00ea, presidido pelo jornalista Oliveira Wanderley, e reconhece o trabalho desenvolvido pelos [&hellip;]","og_url":"https:\/\/blogdobispo.com.br\/?p=18798","og_site_name":"Blog do Bispo","article_published_time":"2025-12-09T17:02:47+00:00","article_modified_time":"2026-02-02T17:02:39+00:00","og_image":[{"width":1280,"height":960,"url":"https:\/\/i0.wp.com\/blogdobispo.com.br\/wp-content\/uploads\/2025\/12\/KfI94Dwr55cfU2mj0onYQWRoRFgVptTs4lXjrlcK.jpg?fit=1280%2C960&ssl=1","type":"image\/jpeg"}],"author":"Jefferson Sterfeno","twitter_card":"summary_large_image","twitter_misc":{"Escrito por":"Jefferson Sterfeno","Est. tempo de leitura":"3 minutos"},"schema":{"@context":"https:\/\/schema.org","@graph":[{"@type":"Article","@id":"https:\/\/blogdobispo.com.br\/?p=18798#article","isPartOf":{"@id":"https:\/\/blogdobispo.com.br\/?p=18798"},"author":{"name":"Jefferson Sterfeno","@id":"https:\/\/blogdobispo.com.br\/#\/schema\/person\/e2209cc0e6cea5c5233d033e997b373f"},"headline":"Jornalistas elegem Ubaldo Fernandes como Parlamentar do Ano na ALRN","datePublished":"2025-12-09T17:02:47+00:00","dateModified":"2026-02-02T17:02:39+00:00","mainEntityOfPage":{"@id":"https:\/\/blogdobispo.com.br\/?p=18798"},"wordCount":355,"commentCount":0,"publisher":{"@id":"https:\/\/blogdobispo.com.br\/#organization"},"image":{"@id":"https:\/\/blogdobispo.com.br\/?p=18798#primaryimage"},"thumbnailUrl":"https:\/\/i0.wp.com\/blogdobispo.com.br\/wp-content\/uploads\/2025\/12\/KfI94Dwr55cfU2mj0onYQWRoRFgVptTs4lXjrlcK.jpg?fit=1280%2C960&ssl=1","articleSection":["diversos"],"inLanguage":"pt-BR","potentialAction":[{"@type":"CommentAction","name":"Comment","target":["https:\/\/blogdobispo.com.br\/?p=18798#respond"]}]},{"@type":"WebPage","@id":"https:\/\/blogdobispo.com.br\/?p=18798","url":"https:\/\/blogdobispo.com.br\/?p=18798","name":"Jornalistas elegem Ubaldo Fernandes como Parlamentar do Ano na ALRN - Blog do Bispo","isPartOf":{"@id":"https:\/\/blogdobispo.com.br\/#website"},"primaryImageOfPage":{"@id":"https:\/\/blogdobispo.com.br\/?p=18798#primaryimage"},"image":{"@id":"https:\/\/blogdobispo.com.br\/?p=18798#primaryimage"},"thumbnailUrl":"https:\/\/i0.wp.com\/blogdobispo.com.br\/wp-content\/uploads\/2025\/12\/KfI94Dwr55cfU2mj0onYQWRoRFgVptTs4lXjrlcK.jpg?fit=1280%2C960&ssl=1","datePublished":"2025-12-09T17:02:47+00:00","dateModified":"2026-02-02T17:02:39+00:00","breadcrumb":{"@id":"https:\/\/blogdobispo.com.br\/?p=18798#breadcrumb"},"inLanguage":"pt-BR","potentialAction":[{"@type":"ReadAction","target":["https:\/\/blogdobispo.com.br\/?p=18798"]}]},{"@type":"ImageObject","inLanguage":"pt-BR","@id":"https:\/\/blogdobispo.com.br\/?p=18798#primaryimage","url":"https:\/\/i0.wp.com\/blogdobispo.com.br\/wp-content\/uploads\/2025\/12\/KfI94Dwr55cfU2mj0onYQWRoRFgVptTs4lXjrlcK.jpg?fit=1280%2C960&ssl=1","contentUrl":"https:\/\/i0.wp.com\/blogdobispo.com.br\/wp-content\/uploads\/2025\/12\/KfI94Dwr55cfU2mj0onYQWRoRFgVptTs4lXjrlcK.jpg?fit=1280%2C960&ssl=1","width":1280,"height":960},{"@type":"BreadcrumbList","@id":"https:\/\/blogdobispo.com.br\/?p=18798#breadcrumb","itemListElement":[{"@type":"ListItem","position":1,"name":"In\u00edcio","item":"https:\/\/blogdobispo.com.br\/"},{"@type":"ListItem","position":2,"name":"Jornalistas elegem Ubaldo Fernandes como Parlamentar do Ano na ALRN"}]},{"@type":"WebSite","@id":"https:\/\/blogdobispo.com.br\/#website","url":"https:\/\/blogdobispo.com.br\/","name":"Blog do Bispo","description":"Comprometido apenas com o leitor","publisher":{"@id":"https:\/\/blogdobispo.com.br\/#organization"},"potentialAction":[{"@type":"SearchAction","target":{"@type":"EntryPoint","urlTemplate":"https:\/\/blogdobispo.com.br\/?s={search_term_string}"},"query-input":{"@type":"PropertyValueSpecification","valueRequired":true,"valueName":"search_term_string"}}],"inLanguage":"pt-BR"},{"@type":"Organization","@id":"https:\/\/blogdobispo.com.br\/#organization","name":"Blog do Bispo","url":"https:\/\/blogdobispo.com.br\/","logo":{"@type":"ImageObject","inLanguage":"pt-BR","@id":"https:\/\/blogdobispo.com.br\/#\/schema\/logo\/image\/","url":"http:\/\/blogdobispo.com.br\/wp-content\/uploads\/2023\/05\/cropped-headear.png","contentUrl":"http:\/\/blogdobispo.com.br\/wp-content\/uploads\/2023\/05\/cropped-headear.png","width":1500,"height":399,"caption":"Blog do Bispo"},"image":{"@id":"https:\/\/blogdobispo.com.br\/#\/schema\/logo\/image\/"}},{"@type":"Person","@id":"https:\/\/blogdobispo.com.br\/#\/schema\/person\/e2209cc0e6cea5c5233d033e997b373f","name":"Jefferson Sterfeno","image":{"@type":"ImageObject","inLanguage":"pt-BR","@id":"https:\/\/blogdobispo.com.br\/#\/schema\/person\/image\/","url":"https:\/\/secure.gravatar.com\/avatar\/0534e84764641168a677026b6d57a3f51dc7ac4db0b4f6186d9cb330d4ee1160?s=96&d=mm&r=g","contentUrl":"https:\/\/secure.gravatar.com\/avatar\/0534e84764641168a677026b6d57a3f51dc7ac4db0b4f6186d9cb330d4ee1160?s=96&d=mm&r=g","caption":"Jefferson Sterfeno"},"sameAs":["http:\/\/blogdobispo.com.br"],"url":"https:\/\/blogdobispo.com.br\/?author=1"}]}},"featured_image_urls":{"full":["https:\/\/i0.wp.com\/blogdobispo.com.br\/wp-content\/uploads\/2025\/12\/KfI94Dwr55cfU2mj0onYQWRoRFgVptTs4lXjrlcK.jpg?fit=1280%2C960&ssl=1",1280,960,false],"thumbnail":["https:\/\/i0.wp.com\/blogdobispo.com.br\/wp-content\/uploads\/2025\/12\/KfI94Dwr55cfU2mj0onYQWRoRFgVptTs4lXjrlcK.jpg?resize=150%2C150&ssl=1",150,150,true],"medium":["https:\/\/i0.wp.com\/blogdobispo.com.br\/wp-content\/uploads\/2025\/12\/KfI94Dwr55cfU2mj0onYQWRoRFgVptTs4lXjrlcK.jpg?fit=300%2C225&ssl=1",300,225,true],"medium_large":["https:\/\/i0.wp.com\/blogdobispo.com.br\/wp-content\/uploads\/2025\/12\/KfI94Dwr55cfU2mj0onYQWRoRFgVptTs4lXjrlcK.jpg?fit=768%2C576&ssl=1",768,576,true],"large":["https:\/\/i0.wp.com\/blogdobispo.com.br\/wp-content\/uploads\/2025\/12\/KfI94Dwr55cfU2mj0onYQWRoRFgVptTs4lXjrlcK.jpg?fit=800%2C600&ssl=1",800,600,true],"1536x1536":["https:\/\/i0.wp.com\/blogdobispo.com.br\/wp-content\/uploads\/2025\/12\/KfI94Dwr55cfU2mj0onYQWRoRFgVptTs4lXjrlcK.jpg?fit=1280%2C960&ssl=1",1280,960,true],"2048x2048":["https:\/\/i0.wp.com\/blogdobispo.com.br\/wp-content\/uploads\/2025\/12\/KfI94Dwr55cfU2mj0onYQWRoRFgVptTs4lXjrlcK.jpg?fit=1280%2C960&ssl=1",1280,960,true]},"author_info":{"display_name":"Jefferson Sterfeno","author_link":"https:\/\/blogdobispo.com.br\/?author=1"},"category_info":"<a href=\"https:\/\/blogdobispo.com.br\/?cat=1\" rel=\"category\">diversos<\/a>","tag_info":"diversos","comment_count":"0","jetpack_featured_media_url":"https:\/\/i0.wp.com\/blogdobispo.com.br\/wp-content\/uploads\/2025\/12\/KfI94Dwr55cfU2mj0onYQWRoRFgVptTs4lXjrlcK.jpg?fit=1280%2C960&ssl=1","jetpack_sharing_enabled":true,"_links":{"self":[{"href":"https:\/\/blogdobispo.com.br\/index.php?rest_route=\/wp\/v2\/posts\/18798","targetHints":{"allow":["GET"]}}],"collection":[{"href":"https:\/\/blogdobispo.com.br\/index.php?rest_route=\/wp\/v2\/posts"}],"about":[{"href":"https:\/\/blogdobispo.com.br\/index.php?rest_route=\/wp\/v2\/types\/post"}],"author":[{"embeddable":true,"href":"https:\/\/blogdobispo.com.br\/index.php?rest_route=\/wp\/v2\/users\/1"}],"replies":[{"embeddable":true,"href":"https:\/\/blogdobispo.com.br\/index.php?rest_route=%2Fwp%2Fv2%2Fcomments&post=18798"}],"version-history":[{"count":2,"href":"https:\/\/blogdobispo.com.br\/index.php?rest_route=\/wp\/v2\/posts\/18798\/revisions"}],"predecessor-version":[{"id":19069,"href":"https:\/\/blogdobispo.com.br\/index.php?rest_route=\/wp\/v2\/posts\/18798\/revisions\/19069"}],"wp:featuredmedia":[{"embeddable":true,"href":"https:\/\/blogdobispo.com.br\/index.php?rest_route=\/wp\/v2\/media\/18799"}],"wp:attachment":[{"href":"https:\/\/blogdobispo.com.br\/index.php?rest_route=%2Fwp%2Fv2%2Fmedia&parent=18798"}],"wp:term":[{"taxonomy":"category","embeddable":true,"href":"https:\/\/blogdobispo.com.br\/index.php?rest_route=%2Fwp%2Fv2%2Fcategories&post=18798"},{"taxonomy":"post_tag","embeddable":true,"href":"https:\/\/blogdobispo.com.br\/index.php?rest_route=%2Fwp%2Fv2%2Ftags&post=18798"}],"curies":[{"name":"wp","href":"https:\/\/api.w.org\/{rel}","templated":true}]}}