{"id":18795,"date":"2025-12-09T17:01:43","date_gmt":"2025-12-09T17:01:43","guid":{"rendered":"https:\/\/blogdobispo.com.br\/?p=18795"},"modified":"2026-02-02T17:02:57","modified_gmt":"2026-02-02T17:02:57","slug":"plenario-da-alrn-aprova-adesao-do-rn-ao-propag-apos-debate-e-vota-outros-projetos","status":"publish","type":"post","link":"https:\/\/blogdobispo.com.br\/?p=18795","title":{"rendered":"Plen\u00e1rio da ALRN aprova ades\u00e3o do RN ao Propag ap\u00f3s debate e vota outros projetos"},"content":{"rendered":"<p><img data-recalc-dims=\"1\" fetchpriority=\"high\" decoding=\"async\" src=\"https:\/\/i0.wp.com\/blogdobispo.com.br\/wp-content\/uploads\/2025\/12\/P3CMqG0dbF7MnpXvkUHDADtQEzYUgzDCTdeADKjr.jpg?resize=300%2C186\" class=\"alignnone size-medium wp-image-18796\" width=\"300\" height=\"186\" alt=\"\" srcset=\"https:\/\/i0.wp.com\/blogdobispo.com.br\/wp-content\/uploads\/2025\/12\/P3CMqG0dbF7MnpXvkUHDADtQEzYUgzDCTdeADKjr.jpg?resize=300%2C186&amp;ssl=1 300w, https:\/\/i0.wp.com\/blogdobispo.com.br\/wp-content\/uploads\/2025\/12\/P3CMqG0dbF7MnpXvkUHDADtQEzYUgzDCTdeADKjr.jpg?resize=1024%2C634&amp;ssl=1 1024w, https:\/\/i0.wp.com\/blogdobispo.com.br\/wp-content\/uploads\/2025\/12\/P3CMqG0dbF7MnpXvkUHDADtQEzYUgzDCTdeADKjr.jpg?resize=768%2C475&amp;ssl=1 768w, https:\/\/i0.wp.com\/blogdobispo.com.br\/wp-content\/uploads\/2025\/12\/P3CMqG0dbF7MnpXvkUHDADtQEzYUgzDCTdeADKjr.jpg?w=1280&amp;ssl=1 1280w\" sizes=\"(max-width: 300px) 100vw, 300px\" \/><\/p>\n<p class=\"publish-new\">09\/12\/2025<\/p>\n<div class=\"text-area\">\n<p>Em vota\u00e7\u00e3o durante a sess\u00e3o plen\u00e1ria desta ter\u00e7a-feira (9), os deputados da Assembleia Legislativa do RN aprovaram o projeto que autoriza o Estado a aderir ao Programa de Pleno Pagamento de D\u00edvidas dos Estados, o Propag. A mat\u00e9ria, de iniciativa do Governo do Estado, abriu os trabalhos e gerou debate entre os parlamentares.<\/p>\n<p>O parecer favor\u00e1vel do deputado Hermano Morais (PV) foi acompanhado pela maioria, mas n\u00e3o passou sem cr\u00edticas. O deputado Jos\u00e9 Dias (PL) questionou a proposta e afirmou que se tratava da \u201cburocracia do PT em plena a\u00e7\u00e3o para trazer ilus\u00e3o ao nosso povo\u201d, antes de declarar voto favor\u00e1vel. J\u00e1 o deputado Francisco do PT destacou que a ades\u00e3o representa uma medida estrutural e de impacto futuro para o estado. \u201c\u00c9 uma a\u00e7\u00e3o de estado, quem vai se beneficiar n\u00e3o \u00e9 o governo da professora F\u00e1tima, mas a educa\u00e7\u00e3o do RN, assim como outras unidades federativas\u201d, destacou Francisco do PT.<\/p>\n<p>Segundo o parlamentar, o Propag garantir\u00e1 ao Rio Grande do Norte, a partir de 2027, quase R$ 280 milh\u00f5es para a educa\u00e7\u00e3o. Pela regra, explicou, 60% dos recursos devem ser aplicados no ensino profissionalizante e 40% em obras de infraestrutura escolar. Francisco refor\u00e7ou que se trata de uma a\u00e7\u00e3o de estado e que os resultados beneficiam o RN independentemente de gest\u00f5es.<\/p>\n<p>Ap\u00f3s a an\u00e1lise do Propag, o plen\u00e1rio avan\u00e7ou na pauta e aprovou quatro projetos apresentados em bloco, todos de autoria da deputada Divaneide Bas\u00edlio (PT). As propostas instituem o Dia Estadual do Capoeirista, celebrado em 5 de mar\u00e7o, a Semana da Fam\u00edlia At\u00edpica, o Dia Estadual das Altas Habilidades ou Superdota\u00e7\u00e3o, comemorado em 10 de agosto, e reconhecem a Vila Feliz de Nossa Senhora do Bom Parto, em Pium, como patrim\u00f4nio cultural material e imaterial.<\/p>\n<p>Os deputados tamb\u00e9m aprovaram outra mat\u00e9ria do Executivo que altera a Lei Complementar 504. O texto atualiza crit\u00e9rios de classifica\u00e7\u00e3o das escolas da rede p\u00fablica estadual e define a quantidade de fun\u00e7\u00f5es gratificadas de diretor e vice-diretor.<\/p>\n<\/div>\n","protected":false},"excerpt":{"rendered":"<p>09\/12\/2025 Em vota\u00e7\u00e3o durante a sess\u00e3o plen\u00e1ria desta ter\u00e7a-feira (9), os deputados da Assembleia Legislativa do RN aprovaram o projeto que autoriza o Estado a aderir ao Programa de Pleno Pagamento de D\u00edvidas dos Estados, o Propag. A mat\u00e9ria, de iniciativa do Governo do Estado, abriu os trabalhos e gerou debate entre os parlamentares. O [&hellip;]<\/p>\n","protected":false},"author":1,"featured_media":18796,"comment_status":"open","ping_status":"open","sticky":false,"template":"","format":"standard","meta":{"cybocfi_hide_featured_image":"","_jetpack_memberships_contains_paid_content":false,"footnotes":""},"categories":[1],"tags":[],"class_list":["post-18795","post","type-post","status-publish","format-standard","has-post-thumbnail","hentry","category-diversos"],"yoast_head":"<!-- This site is optimized with the Yoast SEO plugin v25.6 - https:\/\/yoast.com\/wordpress\/plugins\/seo\/ -->\n<title>Plen\u00e1rio da ALRN aprova ades\u00e3o do RN ao Propag ap\u00f3s debate e vota outros projetos - Blog do Bispo<\/title>\n<meta name=\"robots\" content=\"index, follow, max-snippet:-1, max-image-preview:large, max-video-preview:-1\" \/>\n<link rel=\"canonical\" href=\"https:\/\/blogdobispo.com.br\/?p=18795\" \/>\n<meta property=\"og:locale\" content=\"pt_BR\" \/>\n<meta property=\"og:type\" content=\"article\" \/>\n<meta property=\"og:title\" content=\"Plen\u00e1rio da ALRN aprova ades\u00e3o do RN ao Propag ap\u00f3s debate e vota outros projetos - Blog do Bispo\" \/>\n<meta property=\"og:description\" content=\"09\/12\/2025 Em vota\u00e7\u00e3o durante a sess\u00e3o plen\u00e1ria desta ter\u00e7a-feira (9), os deputados da Assembleia Legislativa do RN aprovaram o projeto que autoriza o Estado a aderir ao Programa de Pleno Pagamento de D\u00edvidas dos Estados, o Propag. A mat\u00e9ria, de iniciativa do Governo do Estado, abriu os trabalhos e gerou debate entre os parlamentares. O [&hellip;]\" \/>\n<meta property=\"og:url\" content=\"https:\/\/blogdobispo.com.br\/?p=18795\" \/>\n<meta property=\"og:site_name\" content=\"Blog do Bispo\" \/>\n<meta property=\"article:published_time\" content=\"2025-12-09T17:01:43+00:00\" \/>\n<meta property=\"article:modified_time\" content=\"2026-02-02T17:02:57+00:00\" \/>\n<meta property=\"og:image\" content=\"https:\/\/i0.wp.com\/blogdobispo.com.br\/wp-content\/uploads\/2025\/12\/P3CMqG0dbF7MnpXvkUHDADtQEzYUgzDCTdeADKjr.jpg?fit=1280%2C792&ssl=1\" \/>\n\t<meta property=\"og:image:width\" content=\"1280\" \/>\n\t<meta property=\"og:image:height\" content=\"792\" \/>\n\t<meta property=\"og:image:type\" content=\"image\/jpeg\" \/>\n<meta name=\"author\" content=\"Jefferson Sterfeno\" \/>\n<meta name=\"twitter:card\" content=\"summary_large_image\" \/>\n<meta name=\"twitter:label1\" content=\"Escrito por\" \/>\n\t<meta name=\"twitter:data1\" content=\"Jefferson Sterfeno\" \/>\n\t<meta name=\"twitter:label2\" content=\"Est. tempo de leitura\" \/>\n\t<meta name=\"twitter:data2\" content=\"3 minutos\" \/>\n<script type=\"application\/ld+json\" class=\"yoast-schema-graph\">{\"@context\":\"https:\/\/schema.org\",\"@graph\":[{\"@type\":\"Article\",\"@id\":\"https:\/\/blogdobispo.com.br\/?p=18795#article\",\"isPartOf\":{\"@id\":\"https:\/\/blogdobispo.com.br\/?p=18795\"},\"author\":{\"name\":\"Jefferson Sterfeno\",\"@id\":\"https:\/\/blogdobispo.com.br\/#\/schema\/person\/e2209cc0e6cea5c5233d033e997b373f\"},\"headline\":\"Plen\u00e1rio da ALRN aprova ades\u00e3o do RN ao Propag ap\u00f3s debate e vota outros projetos\",\"datePublished\":\"2025-12-09T17:01:43+00:00\",\"dateModified\":\"2026-02-02T17:02:57+00:00\",\"mainEntityOfPage\":{\"@id\":\"https:\/\/blogdobispo.com.br\/?p=18795\"},\"wordCount\":371,\"commentCount\":0,\"publisher\":{\"@id\":\"https:\/\/blogdobispo.com.br\/#organization\"},\"image\":{\"@id\":\"https:\/\/blogdobispo.com.br\/?p=18795#primaryimage\"},\"thumbnailUrl\":\"https:\/\/i0.wp.com\/blogdobispo.com.br\/wp-content\/uploads\/2025\/12\/P3CMqG0dbF7MnpXvkUHDADtQEzYUgzDCTdeADKjr.jpg?fit=1280%2C792&ssl=1\",\"articleSection\":[\"diversos\"],\"inLanguage\":\"pt-BR\",\"potentialAction\":[{\"@type\":\"CommentAction\",\"name\":\"Comment\",\"target\":[\"https:\/\/blogdobispo.com.br\/?p=18795#respond\"]}]},{\"@type\":\"WebPage\",\"@id\":\"https:\/\/blogdobispo.com.br\/?p=18795\",\"url\":\"https:\/\/blogdobispo.com.br\/?p=18795\",\"name\":\"Plen\u00e1rio da ALRN aprova ades\u00e3o do RN ao Propag ap\u00f3s debate e vota outros projetos - Blog do Bispo\",\"isPartOf\":{\"@id\":\"https:\/\/blogdobispo.com.br\/#website\"},\"primaryImageOfPage\":{\"@id\":\"https:\/\/blogdobispo.com.br\/?p=18795#primaryimage\"},\"image\":{\"@id\":\"https:\/\/blogdobispo.com.br\/?p=18795#primaryimage\"},\"thumbnailUrl\":\"https:\/\/i0.wp.com\/blogdobispo.com.br\/wp-content\/uploads\/2025\/12\/P3CMqG0dbF7MnpXvkUHDADtQEzYUgzDCTdeADKjr.jpg?fit=1280%2C792&ssl=1\",\"datePublished\":\"2025-12-09T17:01:43+00:00\",\"dateModified\":\"2026-02-02T17:02:57+00:00\",\"breadcrumb\":{\"@id\":\"https:\/\/blogdobispo.com.br\/?p=18795#breadcrumb\"},\"inLanguage\":\"pt-BR\",\"potentialAction\":[{\"@type\":\"ReadAction\",\"target\":[\"https:\/\/blogdobispo.com.br\/?p=18795\"]}]},{\"@type\":\"ImageObject\",\"inLanguage\":\"pt-BR\",\"@id\":\"https:\/\/blogdobispo.com.br\/?p=18795#primaryimage\",\"url\":\"https:\/\/i0.wp.com\/blogdobispo.com.br\/wp-content\/uploads\/2025\/12\/P3CMqG0dbF7MnpXvkUHDADtQEzYUgzDCTdeADKjr.jpg?fit=1280%2C792&ssl=1\",\"contentUrl\":\"https:\/\/i0.wp.com\/blogdobispo.com.br\/wp-content\/uploads\/2025\/12\/P3CMqG0dbF7MnpXvkUHDADtQEzYUgzDCTdeADKjr.jpg?fit=1280%2C792&ssl=1\",\"width\":1280,\"height\":792},{\"@type\":\"BreadcrumbList\",\"@id\":\"https:\/\/blogdobispo.com.br\/?p=18795#breadcrumb\",\"itemListElement\":[{\"@type\":\"ListItem\",\"position\":1,\"name\":\"In\u00edcio\",\"item\":\"https:\/\/blogdobispo.com.br\/\"},{\"@type\":\"ListItem\",\"position\":2,\"name\":\"Plen\u00e1rio da ALRN aprova ades\u00e3o do RN ao Propag ap\u00f3s debate e vota outros projetos\"}]},{\"@type\":\"WebSite\",\"@id\":\"https:\/\/blogdobispo.com.br\/#website\",\"url\":\"https:\/\/blogdobispo.com.br\/\",\"name\":\"Blog do Bispo\",\"description\":\"Comprometido apenas com o leitor\",\"publisher\":{\"@id\":\"https:\/\/blogdobispo.com.br\/#organization\"},\"potentialAction\":[{\"@type\":\"SearchAction\",\"target\":{\"@type\":\"EntryPoint\",\"urlTemplate\":\"https:\/\/blogdobispo.com.br\/?s={search_term_string}\"},\"query-input\":{\"@type\":\"PropertyValueSpecification\",\"valueRequired\":true,\"valueName\":\"search_term_string\"}}],\"inLanguage\":\"pt-BR\"},{\"@type\":\"Organization\",\"@id\":\"https:\/\/blogdobispo.com.br\/#organization\",\"name\":\"Blog do Bispo\",\"url\":\"https:\/\/blogdobispo.com.br\/\",\"logo\":{\"@type\":\"ImageObject\",\"inLanguage\":\"pt-BR\",\"@id\":\"https:\/\/blogdobispo.com.br\/#\/schema\/logo\/image\/\",\"url\":\"http:\/\/blogdobispo.com.br\/wp-content\/uploads\/2023\/05\/cropped-headear.png\",\"contentUrl\":\"http:\/\/blogdobispo.com.br\/wp-content\/uploads\/2023\/05\/cropped-headear.png\",\"width\":1500,\"height\":399,\"caption\":\"Blog do Bispo\"},\"image\":{\"@id\":\"https:\/\/blogdobispo.com.br\/#\/schema\/logo\/image\/\"}},{\"@type\":\"Person\",\"@id\":\"https:\/\/blogdobispo.com.br\/#\/schema\/person\/e2209cc0e6cea5c5233d033e997b373f\",\"name\":\"Jefferson Sterfeno\",\"image\":{\"@type\":\"ImageObject\",\"inLanguage\":\"pt-BR\",\"@id\":\"https:\/\/blogdobispo.com.br\/#\/schema\/person\/image\/\",\"url\":\"https:\/\/secure.gravatar.com\/avatar\/0534e84764641168a677026b6d57a3f51dc7ac4db0b4f6186d9cb330d4ee1160?s=96&d=mm&r=g\",\"contentUrl\":\"https:\/\/secure.gravatar.com\/avatar\/0534e84764641168a677026b6d57a3f51dc7ac4db0b4f6186d9cb330d4ee1160?s=96&d=mm&r=g\",\"caption\":\"Jefferson Sterfeno\"},\"sameAs\":[\"http:\/\/blogdobispo.com.br\"],\"url\":\"https:\/\/blogdobispo.com.br\/?author=1\"}]}<\/script>\n<!-- \/ Yoast SEO plugin. -->","yoast_head_json":{"title":"Plen\u00e1rio da ALRN aprova ades\u00e3o do RN ao Propag ap\u00f3s debate e vota outros projetos - Blog do Bispo","robots":{"index":"index","follow":"follow","max-snippet":"max-snippet:-1","max-image-preview":"max-image-preview:large","max-video-preview":"max-video-preview:-1"},"canonical":"https:\/\/blogdobispo.com.br\/?p=18795","og_locale":"pt_BR","og_type":"article","og_title":"Plen\u00e1rio da ALRN aprova ades\u00e3o do RN ao Propag ap\u00f3s debate e vota outros projetos - Blog do Bispo","og_description":"09\/12\/2025 Em vota\u00e7\u00e3o durante a sess\u00e3o plen\u00e1ria desta ter\u00e7a-feira (9), os deputados da Assembleia Legislativa do RN aprovaram o projeto que autoriza o Estado a aderir ao Programa de Pleno Pagamento de D\u00edvidas dos Estados, o Propag. A mat\u00e9ria, de iniciativa do Governo do Estado, abriu os trabalhos e gerou debate entre os parlamentares. O [&hellip;]","og_url":"https:\/\/blogdobispo.com.br\/?p=18795","og_site_name":"Blog do Bispo","article_published_time":"2025-12-09T17:01:43+00:00","article_modified_time":"2026-02-02T17:02:57+00:00","og_image":[{"width":1280,"height":792,"url":"https:\/\/i0.wp.com\/blogdobispo.com.br\/wp-content\/uploads\/2025\/12\/P3CMqG0dbF7MnpXvkUHDADtQEzYUgzDCTdeADKjr.jpg?fit=1280%2C792&ssl=1","type":"image\/jpeg"}],"author":"Jefferson Sterfeno","twitter_card":"summary_large_image","twitter_misc":{"Escrito por":"Jefferson Sterfeno","Est. tempo de leitura":"3 minutos"},"schema":{"@context":"https:\/\/schema.org","@graph":[{"@type":"Article","@id":"https:\/\/blogdobispo.com.br\/?p=18795#article","isPartOf":{"@id":"https:\/\/blogdobispo.com.br\/?p=18795"},"author":{"name":"Jefferson Sterfeno","@id":"https:\/\/blogdobispo.com.br\/#\/schema\/person\/e2209cc0e6cea5c5233d033e997b373f"},"headline":"Plen\u00e1rio da ALRN aprova ades\u00e3o do RN ao Propag ap\u00f3s debate e vota outros projetos","datePublished":"2025-12-09T17:01:43+00:00","dateModified":"2026-02-02T17:02:57+00:00","mainEntityOfPage":{"@id":"https:\/\/blogdobispo.com.br\/?p=18795"},"wordCount":371,"commentCount":0,"publisher":{"@id":"https:\/\/blogdobispo.com.br\/#organization"},"image":{"@id":"https:\/\/blogdobispo.com.br\/?p=18795#primaryimage"},"thumbnailUrl":"https:\/\/i0.wp.com\/blogdobispo.com.br\/wp-content\/uploads\/2025\/12\/P3CMqG0dbF7MnpXvkUHDADtQEzYUgzDCTdeADKjr.jpg?fit=1280%2C792&ssl=1","articleSection":["diversos"],"inLanguage":"pt-BR","potentialAction":[{"@type":"CommentAction","name":"Comment","target":["https:\/\/blogdobispo.com.br\/?p=18795#respond"]}]},{"@type":"WebPage","@id":"https:\/\/blogdobispo.com.br\/?p=18795","url":"https:\/\/blogdobispo.com.br\/?p=18795","name":"Plen\u00e1rio da ALRN aprova ades\u00e3o do RN ao Propag ap\u00f3s debate e vota outros projetos - Blog do Bispo","isPartOf":{"@id":"https:\/\/blogdobispo.com.br\/#website"},"primaryImageOfPage":{"@id":"https:\/\/blogdobispo.com.br\/?p=18795#primaryimage"},"image":{"@id":"https:\/\/blogdobispo.com.br\/?p=18795#primaryimage"},"thumbnailUrl":"https:\/\/i0.wp.com\/blogdobispo.com.br\/wp-content\/uploads\/2025\/12\/P3CMqG0dbF7MnpXvkUHDADtQEzYUgzDCTdeADKjr.jpg?fit=1280%2C792&ssl=1","datePublished":"2025-12-09T17:01:43+00:00","dateModified":"2026-02-02T17:02:57+00:00","breadcrumb":{"@id":"https:\/\/blogdobispo.com.br\/?p=18795#breadcrumb"},"inLanguage":"pt-BR","potentialAction":[{"@type":"ReadAction","target":["https:\/\/blogdobispo.com.br\/?p=18795"]}]},{"@type":"ImageObject","inLanguage":"pt-BR","@id":"https:\/\/blogdobispo.com.br\/?p=18795#primaryimage","url":"https:\/\/i0.wp.com\/blogdobispo.com.br\/wp-content\/uploads\/2025\/12\/P3CMqG0dbF7MnpXvkUHDADtQEzYUgzDCTdeADKjr.jpg?fit=1280%2C792&ssl=1","contentUrl":"https:\/\/i0.wp.com\/blogdobispo.com.br\/wp-content\/uploads\/2025\/12\/P3CMqG0dbF7MnpXvkUHDADtQEzYUgzDCTdeADKjr.jpg?fit=1280%2C792&ssl=1","width":1280,"height":792},{"@type":"BreadcrumbList","@id":"https:\/\/blogdobispo.com.br\/?p=18795#breadcrumb","itemListElement":[{"@type":"ListItem","position":1,"name":"In\u00edcio","item":"https:\/\/blogdobispo.com.br\/"},{"@type":"ListItem","position":2,"name":"Plen\u00e1rio da ALRN aprova ades\u00e3o do RN ao Propag ap\u00f3s debate e vota outros projetos"}]},{"@type":"WebSite","@id":"https:\/\/blogdobispo.com.br\/#website","url":"https:\/\/blogdobispo.com.br\/","name":"Blog do Bispo","description":"Comprometido apenas com o leitor","publisher":{"@id":"https:\/\/blogdobispo.com.br\/#organization"},"potentialAction":[{"@type":"SearchAction","target":{"@type":"EntryPoint","urlTemplate":"https:\/\/blogdobispo.com.br\/?s={search_term_string}"},"query-input":{"@type":"PropertyValueSpecification","valueRequired":true,"valueName":"search_term_string"}}],"inLanguage":"pt-BR"},{"@type":"Organization","@id":"https:\/\/blogdobispo.com.br\/#organization","name":"Blog do Bispo","url":"https:\/\/blogdobispo.com.br\/","logo":{"@type":"ImageObject","inLanguage":"pt-BR","@id":"https:\/\/blogdobispo.com.br\/#\/schema\/logo\/image\/","url":"http:\/\/blogdobispo.com.br\/wp-content\/uploads\/2023\/05\/cropped-headear.png","contentUrl":"http:\/\/blogdobispo.com.br\/wp-content\/uploads\/2023\/05\/cropped-headear.png","width":1500,"height":399,"caption":"Blog do Bispo"},"image":{"@id":"https:\/\/blogdobispo.com.br\/#\/schema\/logo\/image\/"}},{"@type":"Person","@id":"https:\/\/blogdobispo.com.br\/#\/schema\/person\/e2209cc0e6cea5c5233d033e997b373f","name":"Jefferson Sterfeno","image":{"@type":"ImageObject","inLanguage":"pt-BR","@id":"https:\/\/blogdobispo.com.br\/#\/schema\/person\/image\/","url":"https:\/\/secure.gravatar.com\/avatar\/0534e84764641168a677026b6d57a3f51dc7ac4db0b4f6186d9cb330d4ee1160?s=96&d=mm&r=g","contentUrl":"https:\/\/secure.gravatar.com\/avatar\/0534e84764641168a677026b6d57a3f51dc7ac4db0b4f6186d9cb330d4ee1160?s=96&d=mm&r=g","caption":"Jefferson Sterfeno"},"sameAs":["http:\/\/blogdobispo.com.br"],"url":"https:\/\/blogdobispo.com.br\/?author=1"}]}},"featured_image_urls":{"full":["https:\/\/i0.wp.com\/blogdobispo.com.br\/wp-content\/uploads\/2025\/12\/P3CMqG0dbF7MnpXvkUHDADtQEzYUgzDCTdeADKjr.jpg?fit=1280%2C792&ssl=1",1280,792,false],"thumbnail":["https:\/\/i0.wp.com\/blogdobispo.com.br\/wp-content\/uploads\/2025\/12\/P3CMqG0dbF7MnpXvkUHDADtQEzYUgzDCTdeADKjr.jpg?resize=150%2C150&ssl=1",150,150,true],"medium":["https:\/\/i0.wp.com\/blogdobispo.com.br\/wp-content\/uploads\/2025\/12\/P3CMqG0dbF7MnpXvkUHDADtQEzYUgzDCTdeADKjr.jpg?fit=300%2C186&ssl=1",300,186,true],"medium_large":["https:\/\/i0.wp.com\/blogdobispo.com.br\/wp-content\/uploads\/2025\/12\/P3CMqG0dbF7MnpXvkUHDADtQEzYUgzDCTdeADKjr.jpg?fit=768%2C475&ssl=1",768,475,true],"large":["https:\/\/i0.wp.com\/blogdobispo.com.br\/wp-content\/uploads\/2025\/12\/P3CMqG0dbF7MnpXvkUHDADtQEzYUgzDCTdeADKjr.jpg?fit=800%2C495&ssl=1",800,495,true],"1536x1536":["https:\/\/i0.wp.com\/blogdobispo.com.br\/wp-content\/uploads\/2025\/12\/P3CMqG0dbF7MnpXvkUHDADtQEzYUgzDCTdeADKjr.jpg?fit=1280%2C792&ssl=1",1280,792,true],"2048x2048":["https:\/\/i0.wp.com\/blogdobispo.com.br\/wp-content\/uploads\/2025\/12\/P3CMqG0dbF7MnpXvkUHDADtQEzYUgzDCTdeADKjr.jpg?fit=1280%2C792&ssl=1",1280,792,true]},"author_info":{"display_name":"Jefferson Sterfeno","author_link":"https:\/\/blogdobispo.com.br\/?author=1"},"category_info":"<a href=\"https:\/\/blogdobispo.com.br\/?cat=1\" rel=\"category\">diversos<\/a>","tag_info":"diversos","comment_count":"0","jetpack_featured_media_url":"https:\/\/i0.wp.com\/blogdobispo.com.br\/wp-content\/uploads\/2025\/12\/P3CMqG0dbF7MnpXvkUHDADtQEzYUgzDCTdeADKjr.jpg?fit=1280%2C792&ssl=1","jetpack_sharing_enabled":true,"_links":{"self":[{"href":"https:\/\/blogdobispo.com.br\/index.php?rest_route=\/wp\/v2\/posts\/18795","targetHints":{"allow":["GET"]}}],"collection":[{"href":"https:\/\/blogdobispo.com.br\/index.php?rest_route=\/wp\/v2\/posts"}],"about":[{"href":"https:\/\/blogdobispo.com.br\/index.php?rest_route=\/wp\/v2\/types\/post"}],"author":[{"embeddable":true,"href":"https:\/\/blogdobispo.com.br\/index.php?rest_route=\/wp\/v2\/users\/1"}],"replies":[{"embeddable":true,"href":"https:\/\/blogdobispo.com.br\/index.php?rest_route=%2Fwp%2Fv2%2Fcomments&post=18795"}],"version-history":[{"count":2,"href":"https:\/\/blogdobispo.com.br\/index.php?rest_route=\/wp\/v2\/posts\/18795\/revisions"}],"predecessor-version":[{"id":19070,"href":"https:\/\/blogdobispo.com.br\/index.php?rest_route=\/wp\/v2\/posts\/18795\/revisions\/19070"}],"wp:featuredmedia":[{"embeddable":true,"href":"https:\/\/blogdobispo.com.br\/index.php?rest_route=\/wp\/v2\/media\/18796"}],"wp:attachment":[{"href":"https:\/\/blogdobispo.com.br\/index.php?rest_route=%2Fwp%2Fv2%2Fmedia&parent=18795"}],"wp:term":[{"taxonomy":"category","embeddable":true,"href":"https:\/\/blogdobispo.com.br\/index.php?rest_route=%2Fwp%2Fv2%2Fcategories&post=18795"},{"taxonomy":"post_tag","embeddable":true,"href":"https:\/\/blogdobispo.com.br\/index.php?rest_route=%2Fwp%2Fv2%2Ftags&post=18795"}],"curies":[{"name":"wp","href":"https:\/\/api.w.org\/{rel}","templated":true}]}}