{"id":18788,"date":"2025-12-09T13:24:56","date_gmt":"2025-12-09T13:24:56","guid":{"rendered":"https:\/\/blogdobispo.com.br\/?p=18788"},"modified":"2025-12-09T13:24:56","modified_gmt":"2025-12-09T13:24:56","slug":"a-maquina-de-propaganda-do-prefeito-chapeu-de-couro-como-allyson-bezerra-se-aproximou-de-seu-projeto-eleitoral-atraves-da-verba-institucional-da-prefeitura-de-mossoro","status":"publish","type":"post","link":"https:\/\/blogdobispo.com.br\/?p=18788","title":{"rendered":"A M\u00e1quina de Propaganda do Prefeito Chap\u00e9u de Couro: Como Allyson Bezerra Se Aproximou de Seu Projeto Eleitoral Atrav\u00e9s da Verba Institucional da Prefeitura de Mossor\u00f3"},"content":{"rendered":"<p>A m\u00e1quina de propaganda do prefeito chap\u00e9u de coro deu um n\u00f3 nos n\u00fameros da comunica\u00e7\u00e3o digital dessas terras. Avaliando quatro dos principais pol\u00edticos do estado surgeum campo de batalha invis\u00edvel, onde a percep\u00e7\u00e3o da realidade \u00e9 moldada por ex\u00e9rcitos de rob\u00f4s, verbas p\u00fablicas e uma imprensa que ora fiscaliza, ora aplaude. No centro da disputa, a\u00a0<a title=\"Quem \u00e9 a Namorada de F\u00e1tima Bezerra? Styvenson \u00e9 Gay? Descubra Curiosidades sobre Pol\u00edticos do RN Incluindo Nat\u00e1lia Bonavides\" href=\"https:\/\/blogdodina.com\/quem-e-a-namorada-de-fatima-bezerra-styvenson-e-gay-descubra-curiosidades-sobre-politicos-do-rn-incluindo-natalia-bonavides\/\" data-internallinksmanager029f6b8e52c=\"11\">governadora F\u00e1tima Bezerra<\/a>\u00a0e o prefeito de Mossor\u00f3, Allyson Bezerra, vivem em universos midi\u00e1ticos opostos. Um \u00e9 o da cr\u00edtica implac\u00e1vel; o outro, o da blindagem quase perfeita. Os dados sugerem que essa diferen\u00e7a tem um pre\u00e7o: R$ 4,3 milh\u00f5es<\/p>\n<h3 id=\"prologo-o-prefeito-e-o-buraco\" class=\"wp-block-heading\">Pr\u00f3logo: O Prefeito e o Buraco<\/h3>\n<p>Em algum lugar de Mossor\u00f3, segunda maior cidade do\u00a0<a title=\"Natal e RN\" href=\"https:\/\/blogdodina.com\/categoria\/noticias-natal-e-rio-grande-do-norte\/\" data-internallinksmanager029f6b8e52c=\"3\">Rio Grande do Norte<\/a>, um cidad\u00e3o desvia de um buraco na rua. Talvez reclame da sa\u00fade, que demora, ou da escola do filho, que precisa de reforma. Problemas comuns, de qualquer cidade. Longe dali, nos servidores de uma empresa de an\u00e1lise de dados, uma realidade paralela \u00e9 constru\u00edda. Nela, o prefeito da cidade,\u00a0<strong><a href=\"https:\/\/blogdodina.com\/empresario-prefeito-mossoro-propina-4-allyson\/\" data-type=\"post\" data-id=\"16044\">Allyson Bezerra<\/a><\/strong>, do Uni\u00e3o\u00a0<a title=\"Noticias\" href=\"https:\/\/blogdodina.com\/categoria\/noticias\/\" data-internallinksmanager029f6b8e52c=\"4\">Brasil<\/a>, n\u00e3o \u00e9 o gestor dos buracos, mas um l\u00edder em ascens\u00e3o, o mais cotado para governar o estado em 2026, um fen\u00f4meno de popularidade.<\/p>\n<p>Enquanto isso, em Natal, a governadora F\u00e1tima Bezerra, do PT, acorda com mais uma manchete sobre o colapso na sa\u00fade, o d\u00e9ficit na previd\u00eancia ou a viol\u00eancia que n\u00e3o cede. Para ela, a realidade paralela n\u00e3o existe. O notici\u00e1rio \u00e9 um espelho cruel dos problemas de seu governo.<\/p>\n<p>Por que dois chefes de executivo, no mesmo estado, vivem em universos de not\u00edcias t\u00e3o distintos? A resposta, sugerem os dados e uma\u00a0<a title=\"Fatos\" href=\"https:\/\/blogdodina.com\/categoria\/verificacao-de-fatos\/\" data-internallinksmanager029f6b8e52c=\"5\">investiga\u00e7\u00e3o<\/a>\u00a0do Minist\u00e9rio P\u00fablico Eleitoral, est\u00e1 em como cada um joga o jogo da comunica\u00e7\u00e3o. E, principalmente, em quem paga por ele.<\/p>\n<h3 id=\"os-quatro-cavaleiros-dos-maiores-ativos-digitais\" class=\"wp-block-heading\">Os Quatro Cavaleiros dos Maiores Ativos Digitais<\/h3>\n<p>Para entender o campo de batalha, analisamos quase dois anos de men\u00e7\u00f5es online de quatro figuras centrais da\u00a0<a title=\"Pol\u00edtica e Economia\" href=\"https:\/\/blogdodina.com\/categoria\/politica-e-economia\/\" data-internallinksmanager029f6b8e52c=\"2\">pol\u00edtica<\/a>\u00a0potiguar: a governadora F\u00e1tima Bezerra, o senador e ex-ministro de Bolsonaro, Rog\u00e9rio Marinho (PL), o senador e ex-policial, Styvenson Valentin (PODE), e o prefeito de Mossor\u00f3, Allyson Bezerra.<\/p>\n<p>\u00c0 primeira vista, os n\u00fameros s\u00e3o um massacre. Rog\u00e9rio Marinho \u00e9 um Golias digital. Com mais de 400 mil men\u00e7\u00f5es, ele supera F\u00e1tima em 13 vezes. Seu alcance potencial, de 1,72 bilh\u00e3o de pessoas, \u00e9 maior que a popula\u00e7\u00e3o da China. Mas isso n\u00e3o significa tanto porque todo esse alcance reflete seu engajamento no Twitter pela proje\u00e7\u00e3o nacional das discuss\u00f5es envolvendo Bolsonaro.<\/p>\n<p>Mas no\u00a0<a title=\"Noticias\" href=\"https:\/\/blogdodina.com\/categoria\/noticias\/\" data-internallinksmanager029f6b8e52c=\"4\">mundo<\/a>\u00a0digital, nem tudo que reluz \u00e9 ouro. O imp\u00e9rio de Marinho \u00e9 constru\u00eddo sobre uma base fr\u00e1gil: quase 78% de todo o conte\u00fado sobre ele s\u00e3o apenas compartilhamentos. \u00c9 como um\u00a0<a title=\"Cultura Entretenimento\" href=\"https:\/\/blogdodina.com\/categoria\/cultura-e-entretenimento\/\" target=\"_blank\" rel=\"noopener\" data-internallinksmanager029f6b8e52c=\"12\">show<\/a>\u00a0com milh\u00f5es de ingressos distribu\u00eddos, mas onde a maioria do p\u00fablico est\u00e1 apenas repassando o convite, sem criar seu pr\u00f3prio barulho. \u00c9 um sinal cl\u00e1ssico de amplifica\u00e7\u00e3o artificial, um ex\u00e9rcito de perfis cuja \u00fanica miss\u00e3o \u00e9 ecoar a mensagem do chefe.<\/p>\n<p>F\u00e1tima e Styvenson, por sua vez, jogam um jogo mais tradicional, com um equil\u00edbrio entre conte\u00fado original e compartilhamentos. Mas \u00e9 Allyson Bezerra, o prefeito da cidade do interior, quem apresenta a anomalia mais intrigante.<\/p>\n<h1 id=\"distribuicao-e-discrepancia\" class=\"wp-block-heading\">Como Funciona A m\u00e1quina de propaganda do prefeito chap\u00e9u de coro<\/h1>\n<p>Nos \u00faltimos dois anos, a distribui\u00e7\u00e3o de quase 27 mil men\u00e7\u00f5es ao nome do prefeito de Mossor\u00f3 atendeu a essa din\u00e2mica:<\/p>\n<h3 id=\"dois-jornais-para-dois-governantes\" class=\"wp-block-heading\">Dois Jornais para Dois Governantes<\/h3>\n<p>A diferen\u00e7a de estrat\u00e9gia se reflete no espelho do notici\u00e1rio. Quando analisamos o conte\u00fado das not\u00edcias sobre os dois chefes de executivo, F\u00e1tima e Allyson, o contraste \u00e9 brutal.<\/p>\n<p><strong>O Jornal de F\u00e1tima Bezerra:<\/strong><\/p>\n<p>\u00c9 um di\u00e1rio de crises. As not\u00edcias negativas e neutras sobre ela s\u00e3o um manual de problemas de gest\u00e3o p\u00fablica:<\/p>\n<p>\u2022Sa\u00fade em Colapso: \u201cHospitais enfrentam severas faltas de suprimentos.\u201d<\/p>\n<div class=\"google-auto-placed ap_container\"><ins class=\"adsbygoogle loaded\" data-ad-client=\"ca-pub-1607500056140678\" data-ad-slot=\"undefined\" data-adsbygoogle-status=\"done\" data-ad-status=\"unfilled\"><\/p>\n<div id=\"aswift_3_host\"><iframe id=\"aswift_3\" tabindex=\"0\" title=\"Advertisement\" src=\"https:\/\/googleads.g.doubleclick.net\/pagead\/ads?gdpr=0&amp;client=ca-pub-1607500056140678&amp;output=html&amp;h=100&amp;slotname=undefined&amp;adk=268358424&amp;adf=1071858208&amp;pi=t.ma~as.undefined&amp;w=320&amp;lmt=1765267739&amp;format=320x100&amp;url=https%3A%2F%2Fblogdodina.com%2Fa-maquina-de-propaganda-do-prefeito-chapeu-de-coro%2F&amp;aieuf=1&amp;aicrs=1&amp;uach=WyJXaW5kb3dzIiwiOC4wLjAiLCJ4ODYiLCIiLCIxNDIuMC43NDQ0LjE3NiIsbnVsbCwwLG51bGwsIjY0IixbWyJDaHJvbWl1bSIsIjE0Mi4wLjc0NDQuMTc2Il0sWyJHb29nbGUgQ2hyb21lIiwiMTQyLjAuNzQ0NC4xNzYiXSxbIk5vdF9BIEJyYW5kIiwiOTkuMC4wLjAiXV0sMF0.&amp;abgtt=6&amp;dt=1765286556371&amp;bpp=2&amp;bdt=176602&amp;idt=2&amp;shv=r20251205&amp;mjsv=m202512020501&amp;ptt=9&amp;saldr=aa&amp;abxe=1&amp;cookie=ID%3Dec07eb44788c6002%3AT%3D1756132128%3ART%3D1765286374%3AS%3DALNI_MZQDEKGNRVpeyEEvGcpCbuaIEt2XQ&amp;gpic=UID%3D000012743d34fe5a%3AT%3D1756132128%3ART%3D1765286374%3AS%3DALNI_Ma9bC1tHfVyvA_0k6CttXFgW6KmlA&amp;eo_id_str=ID%3D35a8c73f7dbf7847%3AT%3D1756132128%3ART%3D1765286374%3AS%3DAA-AfjZgDE4AhqB8ioEtorpQvq_c&amp;prev_fmts=0x0%2C1351x607%2C336x280%2C1005x124%2C320x100%2C320x100%2C320x100%2C320x100%2C320x100&amp;nras=3&amp;correlator=1450149610214&amp;frm=20&amp;pv=1&amp;u_tz=-180&amp;u_his=2&amp;u_h=768&amp;u_w=1366&amp;u_ah=728&amp;u_aw=1366&amp;u_cd=24&amp;u_sd=1&amp;dmc=8&amp;adx=516&amp;ady=5070&amp;biw=1351&amp;bih=607&amp;scr_x=0&amp;scr_y=3300&amp;eid=31095745%2C31096042%2C42532524%2C95376241%2C95376563%2C95378599%2C95379030%2C95379484%2C31096047%2C42533294&amp;oid=2&amp;psts=AOrYGslaWq-YNtZ9vFV2ETl8gTLs5GlS1IDtvCF4eOn0srO_7BOPuCbK8h2Rf9DpWDe1d3-ebGX8Soaj5NG9Cr2_azGnol1-DOpC1EMaUm9Z-W3M_5KT1J3txWx4vPdyigmy%2CAOrYGsk9KZYun2hdNldtQ5iJf0npq9-xWHRosXszv8zNCiS5_8WfjTCWngn06rHNa2nxzH6gixG8QajbbNKwiaMSlThd5m3QayGd2jhxUA%2CAOrYGsmokTWqHhtLZb2-ae3SQRAHVfqA-uYPLVL-Y5WInjd3YgZPu_pw6OovTppCuBSdOZJK_WBxVNApCU2S5kls42PKOI-R2becDEudVV4%2CAOrYGsl7dVsEj3GkYW96Mhz-Fw1CXgkJiZwcYc3-vsnBk-29hAR5GHufOrG0MWD4Dc7BKJ7-EKSGixV4du119oSFCVwQo5h-I9RgbK-ivJM&amp;pvsid=1751193219789135&amp;tmod=944218454&amp;uas=1&amp;nvt=1&amp;ref=https%3A%2F%2Fblogdodina.com%2F&amp;fc=1920&amp;brdim=0%2C0%2C0%2C0%2C1366%2C0%2C1366%2C728%2C1366%2C607&amp;vis=1&amp;rsz=%7C%7CeEbr%7C&amp;abl=CS&amp;pfx=0&amp;fu=0&amp;bc=31&amp;bz=1&amp;pgls=CAEaAzYuOQ..~CAA.~CAEQBBoHMS4xNjIuMQ..&amp;ifi=42&amp;uci=a!16&amp;btvi=6&amp;fsb=1&amp;dtd=506\" name=\"aswift_3\" width=\"320\" height=\"100\" frameborder=\"0\" marginwidth=\"0\" marginheight=\"0\" scrolling=\"no\" sandbox=\"allow-forms allow-popups allow-popups-to-escape-sandbox allow-same-origin allow-scripts allow-top-navigation-by-user-activation\" data-google-container-id=\"a!16\" aria-label=\"Advertisement\" data-load-complete=\"true\" data-mce-fragment=\"1\"><\/iframe><\/div>\n<p><\/ins><\/div>\n<p>\u2022Crise Fiscal: \u201cTCE-RN emite alerta sobre a situa\u00e7\u00e3o cr\u00edtica da Previd\u00eancia.\u201d<\/p>\n<p>\u2022Aumento de Impostos: \u201cAumento do ICMS de 18% para 20% gera revolta.\u201d<\/p>\n<p>\u2022Alta Desaprova\u00e7\u00e3o: \u201c67% dos eleitores insatisfeitos com sua gest\u00e3o.\u201d<\/p>\n<p>As cr\u00edticas s\u00e3o espec\u00edficas, baseadas em dados e atribu\u00eddas a fontes (TCE, pesquisas, fatos econ\u00f4micos). \u00c9 a imprensa em seu papel cl\u00e1ssico de fiscaliza\u00e7\u00e3o do poder.<\/p>\n<p><strong>O Jornal de Allyson Bezerra:<\/strong><\/p>\n<p>\u00c9 um di\u00e1rio de campanha eleitoral para 2026. As not\u00edcias positivas e neutras sobre ele s\u00e3o um manual de marketing pol\u00edtico:<\/p>\n<p>\u2022Foco no Futuro: \u201cAllyson Bezerra lidera as inten\u00e7\u00f5es de voto para 2026.\u201d<\/p>\n<p>\u2022Constru\u00e7\u00e3o de Imagem: \u201c\u00c9 visto como um forte concorrente, com sua popularidade crescendo.\u201d<\/p>\n<p>\u2022Alian\u00e7as Pol\u00edticas: \u201cAllyson e Rog\u00e9rio Marinho est\u00e3o em conversas para unir for\u00e7as.\u201d<\/p>\n<p>\u2022Cr\u00edticas Gen\u00e9ricas: Quando h\u00e1 cr\u00edticas, s\u00e3o vagas: \u201cenfrenta desafios\u201d, \u201ctem sido alvo de questionamentos\u201d.<\/p>\n<p>N\u00e3o se fala dos buracos de Mossor\u00f3. Fala-se da pavimenta\u00e7\u00e3o de seu caminho para o governo do estado.<\/p>\n<figure class=\"wp-block-table\">\n<table class=\"has-fixed-layout\">\n<tbody>\n<tr>\n<td>TEMA DA NOT\u00cdCIA<\/td>\n<td>F\u00c1TIMA BEZERRA (Governadora)<\/td>\n<td>ALLYSON BEZERRA (Prefeito)<\/td>\n<\/tr>\n<tr>\n<td>FOCO PRINCIPAL<\/td>\n<td>Problemas da gest\u00e3o ATUAL<\/td>\n<td>Candidatura para a elei\u00e7\u00e3o FUTURA<\/td>\n<\/tr>\n<tr>\n<td>NATUREZA DA CR\u00cdTICA<\/td>\n<td>Espec\u00edfica, com dados e fontes<\/td>\n<td>Gen\u00e9rica, vaga e minimizada<\/td>\n<\/tr>\n<tr>\n<td>PAPEL DA M\u00cdDIA<\/td>\n<td>Fiscaliza\u00e7\u00e3o do poder<\/td>\n<td>Promo\u00e7\u00e3o do pol\u00edtico<\/td>\n<\/tr>\n<\/tbody>\n<\/table>\n<\/figure>\n<h3 id=\"o-preco-da-realidade\" class=\"wp-block-heading\">O Pre\u00e7o da Realidade<\/h3>\n<p>Por que a m\u00eddia trata os dois de forma t\u00e3o diferente? O parecer do Minist\u00e9rio P\u00fablico Eleitoral no Recurso Eleitoral n\u00ba 0600127-80.2024.6.20.0033 oferece uma resposta contundente: dinheiro.<\/p>\n<p>O MP acusa Allyson Bezerra de abuso de poder pol\u00edtico e econ\u00f4mico por, supostamente, usar a m\u00e1quina da prefeitura para se promover. A acusa\u00e7\u00e3o central \u00e9 que a Prefeitura de Mossor\u00f3, que tinha um or\u00e7amento de publicidade de R$ 841 mil, empenhou mais de R$ 4,3 milh\u00f5es com ag\u00eancias de comunica\u00e7\u00e3o. Esse dinheiro, segundo o MP, era usado para subcontratar os mesmos blogs, portais e influenciadores que hoje constroem a imagem de Allyson como \u201cl\u00edder nas pesquisas\u201d.<\/p>\n<div class=\"google-auto-placed ap_container\"><ins class=\"adsbygoogle loaded\" data-ad-client=\"ca-pub-1607500056140678\" data-ad-slot=\"undefined\" data-adsbygoogle-status=\"done\" data-ad-status=\"unfilled\"><\/p>\n<div id=\"aswift_4_host\"><iframe id=\"aswift_4\" tabindex=\"0\" title=\"Advertisement\" src=\"https:\/\/googleads.g.doubleclick.net\/pagead\/ads?gdpr=0&amp;client=ca-pub-1607500056140678&amp;output=html&amp;h=100&amp;slotname=undefined&amp;adk=268358424&amp;adf=3137732976&amp;pi=t.ma~as.undefined&amp;w=320&amp;lmt=1765267739&amp;format=320x100&amp;url=https%3A%2F%2Fblogdodina.com%2Fa-maquina-de-propaganda-do-prefeito-chapeu-de-coro%2F&amp;aieuf=1&amp;aicrs=1&amp;uach=WyJXaW5kb3dzIiwiOC4wLjAiLCJ4ODYiLCIiLCIxNDIuMC43NDQ0LjE3NiIsbnVsbCwwLG51bGwsIjY0IixbWyJDaHJvbWl1bSIsIjE0Mi4wLjc0NDQuMTc2Il0sWyJHb29nbGUgQ2hyb21lIiwiMTQyLjAuNzQ0NC4xNzYiXSxbIk5vdF9BIEJyYW5kIiwiOTkuMC4wLjAiXV0sMF0.&amp;abgtt=6&amp;dt=1765286556375&amp;bpp=1&amp;bdt=176606&amp;idt=0&amp;shv=r20251205&amp;mjsv=m202512020501&amp;ptt=9&amp;saldr=aa&amp;abxe=1&amp;cookie=ID%3Dec07eb44788c6002%3AT%3D1756132128%3ART%3D1765286374%3AS%3DALNI_MZQDEKGNRVpeyEEvGcpCbuaIEt2XQ&amp;gpic=UID%3D000012743d34fe5a%3AT%3D1756132128%3ART%3D1765286374%3AS%3DALNI_Ma9bC1tHfVyvA_0k6CttXFgW6KmlA&amp;eo_id_str=ID%3D35a8c73f7dbf7847%3AT%3D1756132128%3ART%3D1765286374%3AS%3DAA-AfjZgDE4AhqB8ioEtorpQvq_c&amp;prev_fmts=0x0%2C1351x607%2C336x280%2C1005x124%2C320x100%2C320x100%2C320x100%2C320x100%2C320x100%2C320x100&amp;nras=3&amp;correlator=1450149610214&amp;frm=20&amp;pv=1&amp;u_tz=-180&amp;u_his=2&amp;u_h=768&amp;u_w=1366&amp;u_ah=728&amp;u_aw=1366&amp;u_cd=24&amp;u_sd=1&amp;dmc=8&amp;adx=516&amp;ady=6145&amp;biw=1351&amp;bih=607&amp;scr_x=0&amp;scr_y=3724&amp;eid=31095745%2C31096042%2C42532524%2C95376241%2C95376563%2C95378599%2C95379030%2C95379484%2C31096047%2C42533294&amp;oid=2&amp;psts=AOrYGslaWq-YNtZ9vFV2ETl8gTLs5GlS1IDtvCF4eOn0srO_7BOPuCbK8h2Rf9DpWDe1d3-ebGX8Soaj5NG9Cr2_azGnol1-DOpC1EMaUm9Z-W3M_5KT1J3txWx4vPdyigmy%2CAOrYGsk9KZYun2hdNldtQ5iJf0npq9-xWHRosXszv8zNCiS5_8WfjTCWngn06rHNa2nxzH6gixG8QajbbNKwiaMSlThd5m3QayGd2jhxUA%2CAOrYGsmokTWqHhtLZb2-ae3SQRAHVfqA-uYPLVL-Y5WInjd3YgZPu_pw6OovTppCuBSdOZJK_WBxVNApCU2S5kls42PKOI-R2becDEudVV4%2CAOrYGsl7dVsEj3GkYW96Mhz-Fw1CXgkJiZwcYc3-vsnBk-29hAR5GHufOrG0MWD4Dc7BKJ7-EKSGixV4du119oSFCVwQo5h-I9RgbK-ivJM&amp;pvsid=1751193219789135&amp;tmod=944218454&amp;uas=3&amp;nvt=1&amp;ref=https%3A%2F%2Fblogdodina.com%2F&amp;fc=1920&amp;brdim=0%2C0%2C0%2C0%2C1366%2C0%2C1366%2C728%2C1366%2C607&amp;vis=1&amp;rsz=%7C%7CeEbr%7C&amp;abl=CS&amp;pfx=0&amp;fu=0&amp;bc=31&amp;bz=1&amp;pgls=CAEaAzYuOQ..~CAA.~CAEQBBoHMS4xNjIuMQ..&amp;ifi=43&amp;uci=a!17&amp;btvi=7&amp;fsb=1&amp;dtd=5794\" name=\"aswift_4\" width=\"320\" height=\"100\" frameborder=\"0\" marginwidth=\"0\" marginheight=\"0\" scrolling=\"no\" sandbox=\"allow-forms allow-popups allow-popups-to-escape-sandbox allow-same-origin allow-scripts allow-top-navigation-by-user-activation\" data-google-container-id=\"a!17\" aria-label=\"Advertisement\" data-load-complete=\"true\" data-mce-fragment=\"1\"><\/iframe><\/div>\n<p><\/ins><\/div>\n<p>\u00c9 a \u201cblindagem midi\u00e1tica\u201d em a\u00e7\u00e3o. Enquanto F\u00e1tima \u00e9 obrigada a responder pela realidade de sua gest\u00e3o, Allyson parece ter comprado uma realidade alternativa, onde os problemas de Mossor\u00f3 s\u00e3o ofuscados pela gl\u00f3ria de sua futura candidatura.<\/p>\n<p>Os dados de \u201cefici\u00eancia\u201d confirmam a suspeita. F\u00e1tima tem 5 vezes mais \u201cautores \u00fanicos\u201d (pessoas falando sobre ela) que Allyson. No entanto, cada \u201cautor\u201d de Allyson produz, em m\u00e9dia, 11,3 men\u00e7\u00f5es, contra apenas 2,4 de F\u00e1tima.<\/p>\n<figure class=\"wp-block-image\"><img data-recalc-dims=\"1\" decoding=\"async\" src=\"https:\/\/i0.wp.com\/private-us-east-1.manuscdn.com\/sessionFile\/rIooVe1MgO50fj4yKqu9kM\/sandbox\/RwxhzIRIk3MYkPGRrHDbL3-images_1765265313761_na1fn_L2hvbWUvdWJ1bnR1L3JlcG9ydGFnZW1fcm4vZ3JhZmljb3MvMDNfZWZpY2llbmNpYV9zdXNwZWl0YQ.png?w=800&#038;ssl=1\" alt=\"Gr\u00e1fico da Efici\u00eancia Suspeita\" \/><\/figure>\n<p>\u00c9 a diferen\u00e7a entre uma conversa de bar, com muitas pessoas falando um pouco, e uma reda\u00e7\u00e3o de jornal, com poucos profissionais produzindo muito conte\u00fado. Os \u201cautores\u201d de Allyson s\u00e3o, ao que tudo indica, profissionais.<\/p>\n<h3 id=\"o-custo-da-verdade\" class=\"wp-block-heading\">O Custo da Verdade<\/h3>\n<p>No fim, os dados revelam tr\u00eas modelos de comunica\u00e7\u00e3o pol\u00edtica no Rio Grande do Norte:<\/p>\n<p>1.O Modelo da For\u00e7a Bruta (Rog\u00e9rio Marinho): Usa a\u00a0<a title=\"Tecnologia e Inova\u00e7\u00e3o\" href=\"https:\/\/blogdodina.com\/categoria\/tecnologia-e-inovacao\/\" target=\"_blank\" rel=\"noopener\" data-internallinksmanager029f6b8e52c=\"13\">tecnologia<\/a>\u00a0para criar um volume gigantesco de ru\u00eddo, uma demonstra\u00e7\u00e3o de poder digital que pode ou n\u00e3o se traduzir em votos.<\/p>\n<p>2.O Modelo da Realidade Nua e Crua (F\u00e1tima Bezerra): Governa sob o escrut\u00ednio de uma imprensa que, para o bem ou para o mal, reflete os problemas reais da popula\u00e7\u00e3o.<\/p>\n<p>3.O Modelo da Realidade Comprada (Allyson Bezerra): Usa recursos p\u00fablicos para criar uma bolha de not\u00edcias positivas, uma blindagem que o protege dos problemas de sua pr\u00f3pria gest\u00e3o e o projeta para o futuro.<\/p>\n<div class=\"google-auto-placed ap_container\"><ins class=\"adsbygoogle loaded\" data-ad-client=\"ca-pub-1607500056140678\" data-ad-slot=\"undefined\" data-adsbygoogle-status=\"done\" data-ad-status=\"unfilled\"><\/p>\n<div id=\"aswift_5_host\"><iframe id=\"aswift_5\" tabindex=\"0\" title=\"Advertisement\" src=\"https:\/\/googleads.g.doubleclick.net\/pagead\/ads?gdpr=0&amp;client=ca-pub-1607500056140678&amp;output=html&amp;h=100&amp;slotname=undefined&amp;adk=268358424&amp;adf=696141738&amp;pi=t.ma~as.undefined&amp;w=320&amp;lmt=1765267739&amp;format=320x100&amp;url=https%3A%2F%2Fblogdodina.com%2Fa-maquina-de-propaganda-do-prefeito-chapeu-de-coro%2F&amp;aieuf=1&amp;aicrs=1&amp;uach=WyJXaW5kb3dzIiwiOC4wLjAiLCJ4ODYiLCIiLCIxNDIuMC43NDQ0LjE3NiIsbnVsbCwwLG51bGwsIjY0IixbWyJDaHJvbWl1bSIsIjE0Mi4wLjc0NDQuMTc2Il0sWyJHb29nbGUgQ2hyb21lIiwiMTQyLjAuNzQ0NC4xNzYiXSxbIk5vdF9BIEJyYW5kIiwiOTkuMC4wLjAiXV0sMF0.&amp;abgtt=6&amp;dt=1765286556377&amp;bpp=1&amp;bdt=176608&amp;idt=1&amp;shv=r20251205&amp;mjsv=m202512020501&amp;ptt=9&amp;saldr=aa&amp;abxe=1&amp;cookie=ID%3Dec07eb44788c6002%3AT%3D1756132128%3ART%3D1765286374%3AS%3DALNI_MZQDEKGNRVpeyEEvGcpCbuaIEt2XQ&amp;gpic=UID%3D000012743d34fe5a%3AT%3D1756132128%3ART%3D1765286374%3AS%3DALNI_Ma9bC1tHfVyvA_0k6CttXFgW6KmlA&amp;eo_id_str=ID%3D35a8c73f7dbf7847%3AT%3D1756132128%3ART%3D1765286374%3AS%3DAA-AfjZgDE4AhqB8ioEtorpQvq_c&amp;prev_fmts=0x0%2C1351x607%2C336x280%2C1005x124%2C320x100%2C320x100%2C320x100%2C320x100%2C320x100%2C320x100%2C320x100&amp;nras=3&amp;correlator=1450149610214&amp;frm=20&amp;pv=1&amp;u_tz=-180&amp;u_his=2&amp;u_h=768&amp;u_w=1366&amp;u_ah=728&amp;u_aw=1366&amp;u_cd=24&amp;u_sd=1&amp;dmc=8&amp;adx=516&amp;ady=7436&amp;biw=1351&amp;bih=607&amp;scr_x=0&amp;scr_y=5043&amp;eid=31095745%2C31096042%2C42532524%2C95376241%2C95376563%2C95378599%2C95379030%2C95379484%2C31096047%2C42533294&amp;oid=2&amp;psts=AOrYGslaWq-YNtZ9vFV2ETl8gTLs5GlS1IDtvCF4eOn0srO_7BOPuCbK8h2Rf9DpWDe1d3-ebGX8Soaj5NG9Cr2_azGnol1-DOpC1EMaUm9Z-W3M_5KT1J3txWx4vPdyigmy%2CAOrYGsk9KZYun2hdNldtQ5iJf0npq9-xWHRosXszv8zNCiS5_8WfjTCWngn06rHNa2nxzH6gixG8QajbbNKwiaMSlThd5m3QayGd2jhxUA%2CAOrYGsmokTWqHhtLZb2-ae3SQRAHVfqA-uYPLVL-Y5WInjd3YgZPu_pw6OovTppCuBSdOZJK_WBxVNApCU2S5kls42PKOI-R2becDEudVV4%2CAOrYGsl7dVsEj3GkYW96Mhz-Fw1CXgkJiZwcYc3-vsnBk-29hAR5GHufOrG0MWD4Dc7BKJ7-EKSGixV4du119oSFCVwQo5h-I9RgbK-ivJM&amp;pvsid=1751193219789135&amp;tmod=944218454&amp;uas=3&amp;nvt=1&amp;ref=https%3A%2F%2Fblogdodina.com%2F&amp;fc=1920&amp;brdim=0%2C0%2C0%2C0%2C1366%2C0%2C1366%2C728%2C1366%2C607&amp;vis=1&amp;rsz=%7C%7CeEbr%7C&amp;abl=CS&amp;pfx=0&amp;fu=0&amp;bc=31&amp;bz=1&amp;pgls=CAEaAzYuOQ..~CAA.~CAEQBBoHMS4xNjIuMQ..&amp;ifi=44&amp;uci=a!18&amp;btvi=8&amp;fsb=1&amp;dtd=9875\" name=\"aswift_5\" width=\"320\" height=\"100\" frameborder=\"0\" marginwidth=\"0\" marginheight=\"0\" scrolling=\"no\" sandbox=\"allow-forms allow-popups allow-popups-to-escape-sandbox allow-same-origin allow-scripts allow-top-navigation-by-user-activation\" data-google-container-id=\"a!18\" aria-label=\"Advertisement\" data-load-complete=\"true\" data-mce-fragment=\"1\"><\/iframe><\/div>\n<p><\/ins><\/div>\n<p>O caso de Allyson, agora nas m\u00e3os da Justi\u00e7a Eleitoral, levanta uma quest\u00e3o fundamental para a democracia: qual o custo de se permitir que um governante use o dinheiro do cidad\u00e3o para construir uma realidade onde ele \u00e9 sempre o her\u00f3i? E, mais importante: se a imprensa que deveria fiscalizar o poder est\u00e1 na folha de pagamento do pr\u00f3prio poder, quem resta para apontar os buracos no caminho?<\/p>\n<p>Na pr\u00f3xima reportagem vamos explorar como o Mossor\u00f3 Cidade Junina \u00e9 um dos principais propulsores dessa m\u00e1quina. Eu solicitei \u00e0 Prefeitura de Mossor\u00f3 via Lei de Acesso \u00e0 Informa\u00e7\u00e3o todos os contratos da festa, mas n\u00e3o obtiver resposta. O Minist\u00e9rio P\u00fablico do Estado foi acionado para fazer a lei valer e os documentos, que s\u00e3o p\u00fablicos, serem disponibilizados.<\/p>\n<p>Blog do Dinda<img data-recalc-dims=\"1\" fetchpriority=\"high\" decoding=\"async\" class=\"alignnone size-medium wp-image-18789\" src=\"https:\/\/i0.wp.com\/blogdobispo.com.br\/wp-content\/uploads\/2025\/12\/01_volume_total.png?resize=300%2C178\" alt=\"\" width=\"300\" height=\"178\" srcset=\"https:\/\/i0.wp.com\/blogdobispo.com.br\/wp-content\/uploads\/2025\/12\/01_volume_total-scaled.png?resize=300%2C178&amp;ssl=1 300w, https:\/\/i0.wp.com\/blogdobispo.com.br\/wp-content\/uploads\/2025\/12\/01_volume_total-scaled.png?resize=1024%2C608&amp;ssl=1 1024w, https:\/\/i0.wp.com\/blogdobispo.com.br\/wp-content\/uploads\/2025\/12\/01_volume_total-scaled.png?resize=768%2C456&amp;ssl=1 768w, https:\/\/i0.wp.com\/blogdobispo.com.br\/wp-content\/uploads\/2025\/12\/01_volume_total-scaled.png?resize=1536%2C913&amp;ssl=1 1536w, https:\/\/i0.wp.com\/blogdobispo.com.br\/wp-content\/uploads\/2025\/12\/01_volume_total-scaled.png?resize=2048%2C1217&amp;ssl=1 2048w, https:\/\/i0.wp.com\/blogdobispo.com.br\/wp-content\/uploads\/2025\/12\/01_volume_total-scaled.png?w=1600 1600w, https:\/\/i0.wp.com\/blogdobispo.com.br\/wp-content\/uploads\/2025\/12\/01_volume_total-scaled.png?w=2400 2400w\" sizes=\"(max-width: 300px) 100vw, 300px\" \/> <img data-recalc-dims=\"1\" decoding=\"async\" class=\"alignnone size-medium wp-image-18790\" src=\"https:\/\/i0.wp.com\/blogdobispo.com.br\/wp-content\/uploads\/2025\/12\/image-3.webp?resize=300%2C209\" alt=\"\" width=\"300\" height=\"209\" srcset=\"https:\/\/i0.wp.com\/blogdobispo.com.br\/wp-content\/uploads\/2025\/12\/image-3.webp?resize=300%2C209&amp;ssl=1 300w, https:\/\/i0.wp.com\/blogdobispo.com.br\/wp-content\/uploads\/2025\/12\/image-3.webp?resize=768%2C535&amp;ssl=1 768w, https:\/\/i0.wp.com\/blogdobispo.com.br\/wp-content\/uploads\/2025\/12\/image-3.webp?w=897&amp;ssl=1 897w\" sizes=\"(max-width: 300px) 100vw, 300px\" \/><\/p>\n","protected":false},"excerpt":{"rendered":"<p>A m\u00e1quina de propaganda do prefeito chap\u00e9u de coro deu um n\u00f3 nos n\u00fameros da comunica\u00e7\u00e3o digital dessas terras. Avaliando quatro dos principais pol\u00edticos do estado surgeum campo de batalha invis\u00edvel, onde a percep\u00e7\u00e3o da realidade \u00e9 moldada por ex\u00e9rcitos de rob\u00f4s, verbas p\u00fablicas e uma imprensa que ora fiscaliza, ora aplaude. No centro da [&hellip;]<\/p>\n","protected":false},"author":1,"featured_media":0,"comment_status":"open","ping_status":"open","sticky":false,"template":"","format":"standard","meta":{"cybocfi_hide_featured_image":"","_jetpack_memberships_contains_paid_content":false,"footnotes":""},"categories":[1],"tags":[],"class_list":["post-18788","post","type-post","status-publish","format-standard","hentry","category-diversos"],"yoast_head":"<!-- This site is optimized with the Yoast SEO plugin v25.6 - https:\/\/yoast.com\/wordpress\/plugins\/seo\/ -->\n<title>A M\u00e1quina de Propaganda do Prefeito Chap\u00e9u de Couro: Como Allyson Bezerra Se Aproximou de Seu Projeto Eleitoral Atrav\u00e9s da Verba Institucional da Prefeitura de Mossor\u00f3 - Blog do Bispo<\/title>\n<meta name=\"robots\" content=\"index, follow, max-snippet:-1, max-image-preview:large, max-video-preview:-1\" \/>\n<link rel=\"canonical\" href=\"https:\/\/blogdobispo.com.br\/?p=18788\" \/>\n<meta property=\"og:locale\" content=\"pt_BR\" \/>\n<meta property=\"og:type\" content=\"article\" \/>\n<meta property=\"og:title\" content=\"A M\u00e1quina de Propaganda do Prefeito Chap\u00e9u de Couro: Como Allyson Bezerra Se Aproximou de Seu Projeto Eleitoral Atrav\u00e9s da Verba Institucional da Prefeitura de Mossor\u00f3 - Blog do Bispo\" \/>\n<meta property=\"og:description\" content=\"A m\u00e1quina de propaganda do prefeito chap\u00e9u de coro deu um n\u00f3 nos n\u00fameros da comunica\u00e7\u00e3o digital dessas terras. Avaliando quatro dos principais pol\u00edticos do estado surgeum campo de batalha invis\u00edvel, onde a percep\u00e7\u00e3o da realidade \u00e9 moldada por ex\u00e9rcitos de rob\u00f4s, verbas p\u00fablicas e uma imprensa que ora fiscaliza, ora aplaude. No centro da [&hellip;]\" \/>\n<meta property=\"og:url\" content=\"https:\/\/blogdobispo.com.br\/?p=18788\" \/>\n<meta property=\"og:site_name\" content=\"Blog do Bispo\" \/>\n<meta property=\"article:published_time\" content=\"2025-12-09T13:24:56+00:00\" \/>\n<meta property=\"og:image\" content=\"https:\/\/private-us-east-1.manuscdn.com\/sessionFile\/rIooVe1MgO50fj4yKqu9kM\/sandbox\/RwxhzIRIk3MYkPGRrHDbL3-images_1765265313761_na1fn_L2hvbWUvdWJ1bnR1L3JlcG9ydGFnZW1fcm4vZ3JhZmljb3MvMDNfZWZpY2llbmNpYV9zdXNwZWl0YQ.png?Policy=eyJTdGF0ZW1lbnQiOlt7IlJlc291cmNlIjoiaHR0cHM6Ly9wcml2YXRlLXVzLWVhc3QtMS5tYW51c2Nkbi5jb20vc2Vzc2lvbkZpbGUvcklvb1ZlMU1nTzUwZmo0eUtxdTlrTS9zYW5kYm94L1J3eGh6SVJJazNNWWtQR1JySERiTDMtaW1hZ2VzXzE3NjUyNjUzMTM3NjFfbmExZm5fTDJodmJXVXZkV0oxYm5SMUwzSmxjRzl5ZEdGblpXMWZjbTR2WjNKaFptbGpiM012TUROZlpXWnBZMmxsYm1OcFlWOXpkWE53WldsMFlRLnBuZyIsIkNvbmRpdGlvbiI6eyJEYXRlTGVzc1RoYW4iOnsiQVdTOkVwb2NoVGltZSI6MTc5ODc2MTYwMH19fV19&amp;Key-Pair-Id=K2HSFNDJXOU9YS&amp;Signature=cj8s8Qary-BiTafcG2~9a8fOfGmyk6RGpRLIth04FnzcGE9RnyqmAIbPQVO9VkKx~aKCotb29IbdTAKyBRm5e8ZPH7JpYf5cB26Nt-nfULC-l9Iyg0UFDD5kZL27T2oM3gs4b~S98onB0-p1StcxMQ7ARvh7tFAJie3tgCDmuBYbkkR00Gc~P7erZILU4l~QGnRUfRb3Y3VFq5DdI2i378DYoSOk1foeWOw5RcmcyonAfWsePLMdG9f3dZ1TZkRhhNzDVxk6cmwEyHTB5xV4aR3JLDko57v64azVQT5njE6WQIQJKYt6nvQEHzKjQEQCaEGqVMQxMRiRwTIuXOGoRg__\" \/>\n<meta name=\"author\" content=\"Jefferson Sterfeno\" \/>\n<meta name=\"twitter:card\" content=\"summary_large_image\" \/>\n<meta name=\"twitter:label1\" content=\"Escrito por\" \/>\n\t<meta name=\"twitter:data1\" content=\"Jefferson Sterfeno\" \/>\n\t<meta name=\"twitter:label2\" content=\"Est. tempo de leitura\" \/>\n\t<meta name=\"twitter:data2\" content=\"8 minutos\" \/>\n<script type=\"application\/ld+json\" class=\"yoast-schema-graph\">{\"@context\":\"https:\/\/schema.org\",\"@graph\":[{\"@type\":\"Article\",\"@id\":\"https:\/\/blogdobispo.com.br\/?p=18788#article\",\"isPartOf\":{\"@id\":\"https:\/\/blogdobispo.com.br\/?p=18788\"},\"author\":{\"name\":\"Jefferson Sterfeno\",\"@id\":\"https:\/\/blogdobispo.com.br\/#\/schema\/person\/e2209cc0e6cea5c5233d033e997b373f\"},\"headline\":\"A M\u00e1quina de Propaganda do Prefeito Chap\u00e9u de Couro: Como Allyson Bezerra Se Aproximou de Seu Projeto Eleitoral Atrav\u00e9s da Verba Institucional da Prefeitura de Mossor\u00f3\",\"datePublished\":\"2025-12-09T13:24:56+00:00\",\"mainEntityOfPage\":{\"@id\":\"https:\/\/blogdobispo.com.br\/?p=18788\"},\"wordCount\":1438,\"commentCount\":0,\"publisher\":{\"@id\":\"https:\/\/blogdobispo.com.br\/#organization\"},\"image\":{\"@id\":\"https:\/\/blogdobispo.com.br\/?p=18788#primaryimage\"},\"thumbnailUrl\":\"https:\/\/private-us-east-1.manuscdn.com\/sessionFile\/rIooVe1MgO50fj4yKqu9kM\/sandbox\/RwxhzIRIk3MYkPGRrHDbL3-images_1765265313761_na1fn_L2hvbWUvdWJ1bnR1L3JlcG9ydGFnZW1fcm4vZ3JhZmljb3MvMDNfZWZpY2llbmNpYV9zdXNwZWl0YQ.png?Policy=eyJTdGF0ZW1lbnQiOlt7IlJlc291cmNlIjoiaHR0cHM6Ly9wcml2YXRlLXVzLWVhc3QtMS5tYW51c2Nkbi5jb20vc2Vzc2lvbkZpbGUvcklvb1ZlMU1nTzUwZmo0eUtxdTlrTS9zYW5kYm94L1J3eGh6SVJJazNNWWtQR1JySERiTDMtaW1hZ2VzXzE3NjUyNjUzMTM3NjFfbmExZm5fTDJodmJXVXZkV0oxYm5SMUwzSmxjRzl5ZEdGblpXMWZjbTR2WjNKaFptbGpiM012TUROZlpXWnBZMmxsYm1OcFlWOXpkWE53WldsMFlRLnBuZyIsIkNvbmRpdGlvbiI6eyJEYXRlTGVzc1RoYW4iOnsiQVdTOkVwb2NoVGltZSI6MTc5ODc2MTYwMH19fV19&amp;Key-Pair-Id=K2HSFNDJXOU9YS&amp;Signature=cj8s8Qary-BiTafcG2~9a8fOfGmyk6RGpRLIth04FnzcGE9RnyqmAIbPQVO9VkKx~aKCotb29IbdTAKyBRm5e8ZPH7JpYf5cB26Nt-nfULC-l9Iyg0UFDD5kZL27T2oM3gs4b~S98onB0-p1StcxMQ7ARvh7tFAJie3tgCDmuBYbkkR00Gc~P7erZILU4l~QGnRUfRb3Y3VFq5DdI2i378DYoSOk1foeWOw5RcmcyonAfWsePLMdG9f3dZ1TZkRhhNzDVxk6cmwEyHTB5xV4aR3JLDko57v64azVQT5njE6WQIQJKYt6nvQEHzKjQEQCaEGqVMQxMRiRwTIuXOGoRg__\",\"articleSection\":[\"diversos\"],\"inLanguage\":\"pt-BR\",\"potentialAction\":[{\"@type\":\"CommentAction\",\"name\":\"Comment\",\"target\":[\"https:\/\/blogdobispo.com.br\/?p=18788#respond\"]}]},{\"@type\":\"WebPage\",\"@id\":\"https:\/\/blogdobispo.com.br\/?p=18788\",\"url\":\"https:\/\/blogdobispo.com.br\/?p=18788\",\"name\":\"A M\u00e1quina de Propaganda do Prefeito Chap\u00e9u de Couro: Como Allyson Bezerra Se Aproximou de Seu Projeto Eleitoral Atrav\u00e9s da Verba Institucional da Prefeitura de Mossor\u00f3 - Blog do Bispo\",\"isPartOf\":{\"@id\":\"https:\/\/blogdobispo.com.br\/#website\"},\"primaryImageOfPage\":{\"@id\":\"https:\/\/blogdobispo.com.br\/?p=18788#primaryimage\"},\"image\":{\"@id\":\"https:\/\/blogdobispo.com.br\/?p=18788#primaryimage\"},\"thumbnailUrl\":\"https:\/\/private-us-east-1.manuscdn.com\/sessionFile\/rIooVe1MgO50fj4yKqu9kM\/sandbox\/RwxhzIRIk3MYkPGRrHDbL3-images_1765265313761_na1fn_L2hvbWUvdWJ1bnR1L3JlcG9ydGFnZW1fcm4vZ3JhZmljb3MvMDNfZWZpY2llbmNpYV9zdXNwZWl0YQ.png?Policy=eyJTdGF0ZW1lbnQiOlt7IlJlc291cmNlIjoiaHR0cHM6Ly9wcml2YXRlLXVzLWVhc3QtMS5tYW51c2Nkbi5jb20vc2Vzc2lvbkZpbGUvcklvb1ZlMU1nTzUwZmo0eUtxdTlrTS9zYW5kYm94L1J3eGh6SVJJazNNWWtQR1JySERiTDMtaW1hZ2VzXzE3NjUyNjUzMTM3NjFfbmExZm5fTDJodmJXVXZkV0oxYm5SMUwzSmxjRzl5ZEdGblpXMWZjbTR2WjNKaFptbGpiM012TUROZlpXWnBZMmxsYm1OcFlWOXpkWE53WldsMFlRLnBuZyIsIkNvbmRpdGlvbiI6eyJEYXRlTGVzc1RoYW4iOnsiQVdTOkVwb2NoVGltZSI6MTc5ODc2MTYwMH19fV19&amp;Key-Pair-Id=K2HSFNDJXOU9YS&amp;Signature=cj8s8Qary-BiTafcG2~9a8fOfGmyk6RGpRLIth04FnzcGE9RnyqmAIbPQVO9VkKx~aKCotb29IbdTAKyBRm5e8ZPH7JpYf5cB26Nt-nfULC-l9Iyg0UFDD5kZL27T2oM3gs4b~S98onB0-p1StcxMQ7ARvh7tFAJie3tgCDmuBYbkkR00Gc~P7erZILU4l~QGnRUfRb3Y3VFq5DdI2i378DYoSOk1foeWOw5RcmcyonAfWsePLMdG9f3dZ1TZkRhhNzDVxk6cmwEyHTB5xV4aR3JLDko57v64azVQT5njE6WQIQJKYt6nvQEHzKjQEQCaEGqVMQxMRiRwTIuXOGoRg__\",\"datePublished\":\"2025-12-09T13:24:56+00:00\",\"breadcrumb\":{\"@id\":\"https:\/\/blogdobispo.com.br\/?p=18788#breadcrumb\"},\"inLanguage\":\"pt-BR\",\"potentialAction\":[{\"@type\":\"ReadAction\",\"target\":[\"https:\/\/blogdobispo.com.br\/?p=18788\"]}]},{\"@type\":\"ImageObject\",\"inLanguage\":\"pt-BR\",\"@id\":\"https:\/\/blogdobispo.com.br\/?p=18788#primaryimage\",\"url\":\"https:\/\/private-us-east-1.manuscdn.com\/sessionFile\/rIooVe1MgO50fj4yKqu9kM\/sandbox\/RwxhzIRIk3MYkPGRrHDbL3-images_1765265313761_na1fn_L2hvbWUvdWJ1bnR1L3JlcG9ydGFnZW1fcm4vZ3JhZmljb3MvMDNfZWZpY2llbmNpYV9zdXNwZWl0YQ.png?Policy=eyJTdGF0ZW1lbnQiOlt7IlJlc291cmNlIjoiaHR0cHM6Ly9wcml2YXRlLXVzLWVhc3QtMS5tYW51c2Nkbi5jb20vc2Vzc2lvbkZpbGUvcklvb1ZlMU1nTzUwZmo0eUtxdTlrTS9zYW5kYm94L1J3eGh6SVJJazNNWWtQR1JySERiTDMtaW1hZ2VzXzE3NjUyNjUzMTM3NjFfbmExZm5fTDJodmJXVXZkV0oxYm5SMUwzSmxjRzl5ZEdGblpXMWZjbTR2WjNKaFptbGpiM012TUROZlpXWnBZMmxsYm1OcFlWOXpkWE53WldsMFlRLnBuZyIsIkNvbmRpdGlvbiI6eyJEYXRlTGVzc1RoYW4iOnsiQVdTOkVwb2NoVGltZSI6MTc5ODc2MTYwMH19fV19&amp;Key-Pair-Id=K2HSFNDJXOU9YS&amp;Signature=cj8s8Qary-BiTafcG2~9a8fOfGmyk6RGpRLIth04FnzcGE9RnyqmAIbPQVO9VkKx~aKCotb29IbdTAKyBRm5e8ZPH7JpYf5cB26Nt-nfULC-l9Iyg0UFDD5kZL27T2oM3gs4b~S98onB0-p1StcxMQ7ARvh7tFAJie3tgCDmuBYbkkR00Gc~P7erZILU4l~QGnRUfRb3Y3VFq5DdI2i378DYoSOk1foeWOw5RcmcyonAfWsePLMdG9f3dZ1TZkRhhNzDVxk6cmwEyHTB5xV4aR3JLDko57v64azVQT5njE6WQIQJKYt6nvQEHzKjQEQCaEGqVMQxMRiRwTIuXOGoRg__\",\"contentUrl\":\"https:\/\/private-us-east-1.manuscdn.com\/sessionFile\/rIooVe1MgO50fj4yKqu9kM\/sandbox\/RwxhzIRIk3MYkPGRrHDbL3-images_1765265313761_na1fn_L2hvbWUvdWJ1bnR1L3JlcG9ydGFnZW1fcm4vZ3JhZmljb3MvMDNfZWZpY2llbmNpYV9zdXNwZWl0YQ.png?Policy=eyJTdGF0ZW1lbnQiOlt7IlJlc291cmNlIjoiaHR0cHM6Ly9wcml2YXRlLXVzLWVhc3QtMS5tYW51c2Nkbi5jb20vc2Vzc2lvbkZpbGUvcklvb1ZlMU1nTzUwZmo0eUtxdTlrTS9zYW5kYm94L1J3eGh6SVJJazNNWWtQR1JySERiTDMtaW1hZ2VzXzE3NjUyNjUzMTM3NjFfbmExZm5fTDJodmJXVXZkV0oxYm5SMUwzSmxjRzl5ZEdGblpXMWZjbTR2WjNKaFptbGpiM012TUROZlpXWnBZMmxsYm1OcFlWOXpkWE53WldsMFlRLnBuZyIsIkNvbmRpdGlvbiI6eyJEYXRlTGVzc1RoYW4iOnsiQVdTOkVwb2NoVGltZSI6MTc5ODc2MTYwMH19fV19&amp;Key-Pair-Id=K2HSFNDJXOU9YS&amp;Signature=cj8s8Qary-BiTafcG2~9a8fOfGmyk6RGpRLIth04FnzcGE9RnyqmAIbPQVO9VkKx~aKCotb29IbdTAKyBRm5e8ZPH7JpYf5cB26Nt-nfULC-l9Iyg0UFDD5kZL27T2oM3gs4b~S98onB0-p1StcxMQ7ARvh7tFAJie3tgCDmuBYbkkR00Gc~P7erZILU4l~QGnRUfRb3Y3VFq5DdI2i378DYoSOk1foeWOw5RcmcyonAfWsePLMdG9f3dZ1TZkRhhNzDVxk6cmwEyHTB5xV4aR3JLDko57v64azVQT5njE6WQIQJKYt6nvQEHzKjQEQCaEGqVMQxMRiRwTIuXOGoRg__\"},{\"@type\":\"BreadcrumbList\",\"@id\":\"https:\/\/blogdobispo.com.br\/?p=18788#breadcrumb\",\"itemListElement\":[{\"@type\":\"ListItem\",\"position\":1,\"name\":\"In\u00edcio\",\"item\":\"https:\/\/blogdobispo.com.br\/\"},{\"@type\":\"ListItem\",\"position\":2,\"name\":\"A M\u00e1quina de Propaganda do Prefeito Chap\u00e9u de Couro: Como Allyson Bezerra Se Aproximou de Seu Projeto Eleitoral Atrav\u00e9s da Verba Institucional da Prefeitura de Mossor\u00f3\"}]},{\"@type\":\"WebSite\",\"@id\":\"https:\/\/blogdobispo.com.br\/#website\",\"url\":\"https:\/\/blogdobispo.com.br\/\",\"name\":\"Blog do Bispo\",\"description\":\"Comprometido apenas com o leitor\",\"publisher\":{\"@id\":\"https:\/\/blogdobispo.com.br\/#organization\"},\"potentialAction\":[{\"@type\":\"SearchAction\",\"target\":{\"@type\":\"EntryPoint\",\"urlTemplate\":\"https:\/\/blogdobispo.com.br\/?s={search_term_string}\"},\"query-input\":{\"@type\":\"PropertyValueSpecification\",\"valueRequired\":true,\"valueName\":\"search_term_string\"}}],\"inLanguage\":\"pt-BR\"},{\"@type\":\"Organization\",\"@id\":\"https:\/\/blogdobispo.com.br\/#organization\",\"name\":\"Blog do Bispo\",\"url\":\"https:\/\/blogdobispo.com.br\/\",\"logo\":{\"@type\":\"ImageObject\",\"inLanguage\":\"pt-BR\",\"@id\":\"https:\/\/blogdobispo.com.br\/#\/schema\/logo\/image\/\",\"url\":\"http:\/\/blogdobispo.com.br\/wp-content\/uploads\/2023\/05\/cropped-headear.png\",\"contentUrl\":\"http:\/\/blogdobispo.com.br\/wp-content\/uploads\/2023\/05\/cropped-headear.png\",\"width\":1500,\"height\":399,\"caption\":\"Blog do Bispo\"},\"image\":{\"@id\":\"https:\/\/blogdobispo.com.br\/#\/schema\/logo\/image\/\"}},{\"@type\":\"Person\",\"@id\":\"https:\/\/blogdobispo.com.br\/#\/schema\/person\/e2209cc0e6cea5c5233d033e997b373f\",\"name\":\"Jefferson Sterfeno\",\"image\":{\"@type\":\"ImageObject\",\"inLanguage\":\"pt-BR\",\"@id\":\"https:\/\/blogdobispo.com.br\/#\/schema\/person\/image\/\",\"url\":\"https:\/\/secure.gravatar.com\/avatar\/0534e84764641168a677026b6d57a3f51dc7ac4db0b4f6186d9cb330d4ee1160?s=96&d=mm&r=g\",\"contentUrl\":\"https:\/\/secure.gravatar.com\/avatar\/0534e84764641168a677026b6d57a3f51dc7ac4db0b4f6186d9cb330d4ee1160?s=96&d=mm&r=g\",\"caption\":\"Jefferson Sterfeno\"},\"sameAs\":[\"http:\/\/blogdobispo.com.br\"],\"url\":\"https:\/\/blogdobispo.com.br\/?author=1\"}]}<\/script>\n<!-- \/ Yoast SEO plugin. -->","yoast_head_json":{"title":"A M\u00e1quina de Propaganda do Prefeito Chap\u00e9u de Couro: Como Allyson Bezerra Se Aproximou de Seu Projeto Eleitoral Atrav\u00e9s da Verba Institucional da Prefeitura de Mossor\u00f3 - Blog do Bispo","robots":{"index":"index","follow":"follow","max-snippet":"max-snippet:-1","max-image-preview":"max-image-preview:large","max-video-preview":"max-video-preview:-1"},"canonical":"https:\/\/blogdobispo.com.br\/?p=18788","og_locale":"pt_BR","og_type":"article","og_title":"A M\u00e1quina de Propaganda do Prefeito Chap\u00e9u de Couro: Como Allyson Bezerra Se Aproximou de Seu Projeto Eleitoral Atrav\u00e9s da Verba Institucional da Prefeitura de Mossor\u00f3 - Blog do Bispo","og_description":"A m\u00e1quina de propaganda do prefeito chap\u00e9u de coro deu um n\u00f3 nos n\u00fameros da comunica\u00e7\u00e3o digital dessas terras. Avaliando quatro dos principais pol\u00edticos do estado surgeum campo de batalha invis\u00edvel, onde a percep\u00e7\u00e3o da realidade \u00e9 moldada por ex\u00e9rcitos de rob\u00f4s, verbas p\u00fablicas e uma imprensa que ora fiscaliza, ora aplaude. No centro da [&hellip;]","og_url":"https:\/\/blogdobispo.com.br\/?p=18788","og_site_name":"Blog do Bispo","article_published_time":"2025-12-09T13:24:56+00:00","og_image":[{"url":"https:\/\/private-us-east-1.manuscdn.com\/sessionFile\/rIooVe1MgO50fj4yKqu9kM\/sandbox\/RwxhzIRIk3MYkPGRrHDbL3-images_1765265313761_na1fn_L2hvbWUvdWJ1bnR1L3JlcG9ydGFnZW1fcm4vZ3JhZmljb3MvMDNfZWZpY2llbmNpYV9zdXNwZWl0YQ.png?Policy=eyJTdGF0ZW1lbnQiOlt7IlJlc291cmNlIjoiaHR0cHM6Ly9wcml2YXRlLXVzLWVhc3QtMS5tYW51c2Nkbi5jb20vc2Vzc2lvbkZpbGUvcklvb1ZlMU1nTzUwZmo0eUtxdTlrTS9zYW5kYm94L1J3eGh6SVJJazNNWWtQR1JySERiTDMtaW1hZ2VzXzE3NjUyNjUzMTM3NjFfbmExZm5fTDJodmJXVXZkV0oxYm5SMUwzSmxjRzl5ZEdGblpXMWZjbTR2WjNKaFptbGpiM012TUROZlpXWnBZMmxsYm1OcFlWOXpkWE53WldsMFlRLnBuZyIsIkNvbmRpdGlvbiI6eyJEYXRlTGVzc1RoYW4iOnsiQVdTOkVwb2NoVGltZSI6MTc5ODc2MTYwMH19fV19&amp;Key-Pair-Id=K2HSFNDJXOU9YS&amp;Signature=cj8s8Qary-BiTafcG2~9a8fOfGmyk6RGpRLIth04FnzcGE9RnyqmAIbPQVO9VkKx~aKCotb29IbdTAKyBRm5e8ZPH7JpYf5cB26Nt-nfULC-l9Iyg0UFDD5kZL27T2oM3gs4b~S98onB0-p1StcxMQ7ARvh7tFAJie3tgCDmuBYbkkR00Gc~P7erZILU4l~QGnRUfRb3Y3VFq5DdI2i378DYoSOk1foeWOw5RcmcyonAfWsePLMdG9f3dZ1TZkRhhNzDVxk6cmwEyHTB5xV4aR3JLDko57v64azVQT5njE6WQIQJKYt6nvQEHzKjQEQCaEGqVMQxMRiRwTIuXOGoRg__","type":"","width":"","height":""}],"author":"Jefferson Sterfeno","twitter_card":"summary_large_image","twitter_misc":{"Escrito por":"Jefferson Sterfeno","Est. tempo de leitura":"8 minutos"},"schema":{"@context":"https:\/\/schema.org","@graph":[{"@type":"Article","@id":"https:\/\/blogdobispo.com.br\/?p=18788#article","isPartOf":{"@id":"https:\/\/blogdobispo.com.br\/?p=18788"},"author":{"name":"Jefferson Sterfeno","@id":"https:\/\/blogdobispo.com.br\/#\/schema\/person\/e2209cc0e6cea5c5233d033e997b373f"},"headline":"A M\u00e1quina de Propaganda do Prefeito Chap\u00e9u de Couro: Como Allyson Bezerra Se Aproximou de Seu Projeto Eleitoral Atrav\u00e9s da Verba Institucional da Prefeitura de Mossor\u00f3","datePublished":"2025-12-09T13:24:56+00:00","mainEntityOfPage":{"@id":"https:\/\/blogdobispo.com.br\/?p=18788"},"wordCount":1438,"commentCount":0,"publisher":{"@id":"https:\/\/blogdobispo.com.br\/#organization"},"image":{"@id":"https:\/\/blogdobispo.com.br\/?p=18788#primaryimage"},"thumbnailUrl":"https:\/\/private-us-east-1.manuscdn.com\/sessionFile\/rIooVe1MgO50fj4yKqu9kM\/sandbox\/RwxhzIRIk3MYkPGRrHDbL3-images_1765265313761_na1fn_L2hvbWUvdWJ1bnR1L3JlcG9ydGFnZW1fcm4vZ3JhZmljb3MvMDNfZWZpY2llbmNpYV9zdXNwZWl0YQ.png?Policy=eyJTdGF0ZW1lbnQiOlt7IlJlc291cmNlIjoiaHR0cHM6Ly9wcml2YXRlLXVzLWVhc3QtMS5tYW51c2Nkbi5jb20vc2Vzc2lvbkZpbGUvcklvb1ZlMU1nTzUwZmo0eUtxdTlrTS9zYW5kYm94L1J3eGh6SVJJazNNWWtQR1JySERiTDMtaW1hZ2VzXzE3NjUyNjUzMTM3NjFfbmExZm5fTDJodmJXVXZkV0oxYm5SMUwzSmxjRzl5ZEdGblpXMWZjbTR2WjNKaFptbGpiM012TUROZlpXWnBZMmxsYm1OcFlWOXpkWE53WldsMFlRLnBuZyIsIkNvbmRpdGlvbiI6eyJEYXRlTGVzc1RoYW4iOnsiQVdTOkVwb2NoVGltZSI6MTc5ODc2MTYwMH19fV19&amp;Key-Pair-Id=K2HSFNDJXOU9YS&amp;Signature=cj8s8Qary-BiTafcG2~9a8fOfGmyk6RGpRLIth04FnzcGE9RnyqmAIbPQVO9VkKx~aKCotb29IbdTAKyBRm5e8ZPH7JpYf5cB26Nt-nfULC-l9Iyg0UFDD5kZL27T2oM3gs4b~S98onB0-p1StcxMQ7ARvh7tFAJie3tgCDmuBYbkkR00Gc~P7erZILU4l~QGnRUfRb3Y3VFq5DdI2i378DYoSOk1foeWOw5RcmcyonAfWsePLMdG9f3dZ1TZkRhhNzDVxk6cmwEyHTB5xV4aR3JLDko57v64azVQT5njE6WQIQJKYt6nvQEHzKjQEQCaEGqVMQxMRiRwTIuXOGoRg__","articleSection":["diversos"],"inLanguage":"pt-BR","potentialAction":[{"@type":"CommentAction","name":"Comment","target":["https:\/\/blogdobispo.com.br\/?p=18788#respond"]}]},{"@type":"WebPage","@id":"https:\/\/blogdobispo.com.br\/?p=18788","url":"https:\/\/blogdobispo.com.br\/?p=18788","name":"A M\u00e1quina de Propaganda do Prefeito Chap\u00e9u de Couro: Como Allyson Bezerra Se Aproximou de Seu Projeto Eleitoral Atrav\u00e9s da Verba Institucional da Prefeitura de Mossor\u00f3 - Blog do Bispo","isPartOf":{"@id":"https:\/\/blogdobispo.com.br\/#website"},"primaryImageOfPage":{"@id":"https:\/\/blogdobispo.com.br\/?p=18788#primaryimage"},"image":{"@id":"https:\/\/blogdobispo.com.br\/?p=18788#primaryimage"},"thumbnailUrl":"https:\/\/private-us-east-1.manuscdn.com\/sessionFile\/rIooVe1MgO50fj4yKqu9kM\/sandbox\/RwxhzIRIk3MYkPGRrHDbL3-images_1765265313761_na1fn_L2hvbWUvdWJ1bnR1L3JlcG9ydGFnZW1fcm4vZ3JhZmljb3MvMDNfZWZpY2llbmNpYV9zdXNwZWl0YQ.png?Policy=eyJTdGF0ZW1lbnQiOlt7IlJlc291cmNlIjoiaHR0cHM6Ly9wcml2YXRlLXVzLWVhc3QtMS5tYW51c2Nkbi5jb20vc2Vzc2lvbkZpbGUvcklvb1ZlMU1nTzUwZmo0eUtxdTlrTS9zYW5kYm94L1J3eGh6SVJJazNNWWtQR1JySERiTDMtaW1hZ2VzXzE3NjUyNjUzMTM3NjFfbmExZm5fTDJodmJXVXZkV0oxYm5SMUwzSmxjRzl5ZEdGblpXMWZjbTR2WjNKaFptbGpiM012TUROZlpXWnBZMmxsYm1OcFlWOXpkWE53WldsMFlRLnBuZyIsIkNvbmRpdGlvbiI6eyJEYXRlTGVzc1RoYW4iOnsiQVdTOkVwb2NoVGltZSI6MTc5ODc2MTYwMH19fV19&amp;Key-Pair-Id=K2HSFNDJXOU9YS&amp;Signature=cj8s8Qary-BiTafcG2~9a8fOfGmyk6RGpRLIth04FnzcGE9RnyqmAIbPQVO9VkKx~aKCotb29IbdTAKyBRm5e8ZPH7JpYf5cB26Nt-nfULC-l9Iyg0UFDD5kZL27T2oM3gs4b~S98onB0-p1StcxMQ7ARvh7tFAJie3tgCDmuBYbkkR00Gc~P7erZILU4l~QGnRUfRb3Y3VFq5DdI2i378DYoSOk1foeWOw5RcmcyonAfWsePLMdG9f3dZ1TZkRhhNzDVxk6cmwEyHTB5xV4aR3JLDko57v64azVQT5njE6WQIQJKYt6nvQEHzKjQEQCaEGqVMQxMRiRwTIuXOGoRg__","datePublished":"2025-12-09T13:24:56+00:00","breadcrumb":{"@id":"https:\/\/blogdobispo.com.br\/?p=18788#breadcrumb"},"inLanguage":"pt-BR","potentialAction":[{"@type":"ReadAction","target":["https:\/\/blogdobispo.com.br\/?p=18788"]}]},{"@type":"ImageObject","inLanguage":"pt-BR","@id":"https:\/\/blogdobispo.com.br\/?p=18788#primaryimage","url":"https:\/\/private-us-east-1.manuscdn.com\/sessionFile\/rIooVe1MgO50fj4yKqu9kM\/sandbox\/RwxhzIRIk3MYkPGRrHDbL3-images_1765265313761_na1fn_L2hvbWUvdWJ1bnR1L3JlcG9ydGFnZW1fcm4vZ3JhZmljb3MvMDNfZWZpY2llbmNpYV9zdXNwZWl0YQ.png?Policy=eyJTdGF0ZW1lbnQiOlt7IlJlc291cmNlIjoiaHR0cHM6Ly9wcml2YXRlLXVzLWVhc3QtMS5tYW51c2Nkbi5jb20vc2Vzc2lvbkZpbGUvcklvb1ZlMU1nTzUwZmo0eUtxdTlrTS9zYW5kYm94L1J3eGh6SVJJazNNWWtQR1JySERiTDMtaW1hZ2VzXzE3NjUyNjUzMTM3NjFfbmExZm5fTDJodmJXVXZkV0oxYm5SMUwzSmxjRzl5ZEdGblpXMWZjbTR2WjNKaFptbGpiM012TUROZlpXWnBZMmxsYm1OcFlWOXpkWE53WldsMFlRLnBuZyIsIkNvbmRpdGlvbiI6eyJEYXRlTGVzc1RoYW4iOnsiQVdTOkVwb2NoVGltZSI6MTc5ODc2MTYwMH19fV19&amp;Key-Pair-Id=K2HSFNDJXOU9YS&amp;Signature=cj8s8Qary-BiTafcG2~9a8fOfGmyk6RGpRLIth04FnzcGE9RnyqmAIbPQVO9VkKx~aKCotb29IbdTAKyBRm5e8ZPH7JpYf5cB26Nt-nfULC-l9Iyg0UFDD5kZL27T2oM3gs4b~S98onB0-p1StcxMQ7ARvh7tFAJie3tgCDmuBYbkkR00Gc~P7erZILU4l~QGnRUfRb3Y3VFq5DdI2i378DYoSOk1foeWOw5RcmcyonAfWsePLMdG9f3dZ1TZkRhhNzDVxk6cmwEyHTB5xV4aR3JLDko57v64azVQT5njE6WQIQJKYt6nvQEHzKjQEQCaEGqVMQxMRiRwTIuXOGoRg__","contentUrl":"https:\/\/private-us-east-1.manuscdn.com\/sessionFile\/rIooVe1MgO50fj4yKqu9kM\/sandbox\/RwxhzIRIk3MYkPGRrHDbL3-images_1765265313761_na1fn_L2hvbWUvdWJ1bnR1L3JlcG9ydGFnZW1fcm4vZ3JhZmljb3MvMDNfZWZpY2llbmNpYV9zdXNwZWl0YQ.png?Policy=eyJTdGF0ZW1lbnQiOlt7IlJlc291cmNlIjoiaHR0cHM6Ly9wcml2YXRlLXVzLWVhc3QtMS5tYW51c2Nkbi5jb20vc2Vzc2lvbkZpbGUvcklvb1ZlMU1nTzUwZmo0eUtxdTlrTS9zYW5kYm94L1J3eGh6SVJJazNNWWtQR1JySERiTDMtaW1hZ2VzXzE3NjUyNjUzMTM3NjFfbmExZm5fTDJodmJXVXZkV0oxYm5SMUwzSmxjRzl5ZEdGblpXMWZjbTR2WjNKaFptbGpiM012TUROZlpXWnBZMmxsYm1OcFlWOXpkWE53WldsMFlRLnBuZyIsIkNvbmRpdGlvbiI6eyJEYXRlTGVzc1RoYW4iOnsiQVdTOkVwb2NoVGltZSI6MTc5ODc2MTYwMH19fV19&amp;Key-Pair-Id=K2HSFNDJXOU9YS&amp;Signature=cj8s8Qary-BiTafcG2~9a8fOfGmyk6RGpRLIth04FnzcGE9RnyqmAIbPQVO9VkKx~aKCotb29IbdTAKyBRm5e8ZPH7JpYf5cB26Nt-nfULC-l9Iyg0UFDD5kZL27T2oM3gs4b~S98onB0-p1StcxMQ7ARvh7tFAJie3tgCDmuBYbkkR00Gc~P7erZILU4l~QGnRUfRb3Y3VFq5DdI2i378DYoSOk1foeWOw5RcmcyonAfWsePLMdG9f3dZ1TZkRhhNzDVxk6cmwEyHTB5xV4aR3JLDko57v64azVQT5njE6WQIQJKYt6nvQEHzKjQEQCaEGqVMQxMRiRwTIuXOGoRg__"},{"@type":"BreadcrumbList","@id":"https:\/\/blogdobispo.com.br\/?p=18788#breadcrumb","itemListElement":[{"@type":"ListItem","position":1,"name":"In\u00edcio","item":"https:\/\/blogdobispo.com.br\/"},{"@type":"ListItem","position":2,"name":"A M\u00e1quina de Propaganda do Prefeito Chap\u00e9u de Couro: Como Allyson Bezerra Se Aproximou de Seu Projeto Eleitoral Atrav\u00e9s da Verba Institucional da Prefeitura de Mossor\u00f3"}]},{"@type":"WebSite","@id":"https:\/\/blogdobispo.com.br\/#website","url":"https:\/\/blogdobispo.com.br\/","name":"Blog do Bispo","description":"Comprometido apenas com o leitor","publisher":{"@id":"https:\/\/blogdobispo.com.br\/#organization"},"potentialAction":[{"@type":"SearchAction","target":{"@type":"EntryPoint","urlTemplate":"https:\/\/blogdobispo.com.br\/?s={search_term_string}"},"query-input":{"@type":"PropertyValueSpecification","valueRequired":true,"valueName":"search_term_string"}}],"inLanguage":"pt-BR"},{"@type":"Organization","@id":"https:\/\/blogdobispo.com.br\/#organization","name":"Blog do Bispo","url":"https:\/\/blogdobispo.com.br\/","logo":{"@type":"ImageObject","inLanguage":"pt-BR","@id":"https:\/\/blogdobispo.com.br\/#\/schema\/logo\/image\/","url":"http:\/\/blogdobispo.com.br\/wp-content\/uploads\/2023\/05\/cropped-headear.png","contentUrl":"http:\/\/blogdobispo.com.br\/wp-content\/uploads\/2023\/05\/cropped-headear.png","width":1500,"height":399,"caption":"Blog do Bispo"},"image":{"@id":"https:\/\/blogdobispo.com.br\/#\/schema\/logo\/image\/"}},{"@type":"Person","@id":"https:\/\/blogdobispo.com.br\/#\/schema\/person\/e2209cc0e6cea5c5233d033e997b373f","name":"Jefferson Sterfeno","image":{"@type":"ImageObject","inLanguage":"pt-BR","@id":"https:\/\/blogdobispo.com.br\/#\/schema\/person\/image\/","url":"https:\/\/secure.gravatar.com\/avatar\/0534e84764641168a677026b6d57a3f51dc7ac4db0b4f6186d9cb330d4ee1160?s=96&d=mm&r=g","contentUrl":"https:\/\/secure.gravatar.com\/avatar\/0534e84764641168a677026b6d57a3f51dc7ac4db0b4f6186d9cb330d4ee1160?s=96&d=mm&r=g","caption":"Jefferson Sterfeno"},"sameAs":["http:\/\/blogdobispo.com.br"],"url":"https:\/\/blogdobispo.com.br\/?author=1"}]}},"featured_image_urls":{"full":"","thumbnail":"","medium":"","medium_large":"","large":"","1536x1536":"","2048x2048":""},"author_info":{"display_name":"Jefferson Sterfeno","author_link":"https:\/\/blogdobispo.com.br\/?author=1"},"category_info":"<a href=\"https:\/\/blogdobispo.com.br\/?cat=1\" rel=\"category\">diversos<\/a>","tag_info":"diversos","comment_count":"0","jetpack_featured_media_url":"","jetpack_sharing_enabled":true,"_links":{"self":[{"href":"https:\/\/blogdobispo.com.br\/index.php?rest_route=\/wp\/v2\/posts\/18788","targetHints":{"allow":["GET"]}}],"collection":[{"href":"https:\/\/blogdobispo.com.br\/index.php?rest_route=\/wp\/v2\/posts"}],"about":[{"href":"https:\/\/blogdobispo.com.br\/index.php?rest_route=\/wp\/v2\/types\/post"}],"author":[{"embeddable":true,"href":"https:\/\/blogdobispo.com.br\/index.php?rest_route=\/wp\/v2\/users\/1"}],"replies":[{"embeddable":true,"href":"https:\/\/blogdobispo.com.br\/index.php?rest_route=%2Fwp%2Fv2%2Fcomments&post=18788"}],"version-history":[{"count":1,"href":"https:\/\/blogdobispo.com.br\/index.php?rest_route=\/wp\/v2\/posts\/18788\/revisions"}],"predecessor-version":[{"id":18791,"href":"https:\/\/blogdobispo.com.br\/index.php?rest_route=\/wp\/v2\/posts\/18788\/revisions\/18791"}],"wp:attachment":[{"href":"https:\/\/blogdobispo.com.br\/index.php?rest_route=%2Fwp%2Fv2%2Fmedia&parent=18788"}],"wp:term":[{"taxonomy":"category","embeddable":true,"href":"https:\/\/blogdobispo.com.br\/index.php?rest_route=%2Fwp%2Fv2%2Fcategories&post=18788"},{"taxonomy":"post_tag","embeddable":true,"href":"https:\/\/blogdobispo.com.br\/index.php?rest_route=%2Fwp%2Fv2%2Ftags&post=18788"}],"curies":[{"name":"wp","href":"https:\/\/api.w.org\/{rel}","templated":true}]}}