{"id":18785,"date":"2025-12-08T20:37:51","date_gmt":"2025-12-08T20:37:51","guid":{"rendered":"https:\/\/blogdobispo.com.br\/?p=18785"},"modified":"2025-12-08T20:37:51","modified_gmt":"2025-12-08T20:37:51","slug":"gestao-de-rh-da-educacao-de-natal-se-destaca-por-dialogo-e-presenca-nas-escolas","status":"publish","type":"post","link":"https:\/\/blogdobispo.com.br\/?p=18785","title":{"rendered":"Gest\u00e3o de RH da Educa\u00e7\u00e3o de Natal se destaca por di\u00e1logo e presen\u00e7a nas escolas"},"content":{"rendered":"\n<p class=\"p1\">A gest\u00e3o da Secretaria Municipal de Educa\u00e7\u00e3o de Natal tem se destacado ao longo deste ano pelo fortalecimento das a\u00e7\u00f5es de apoio \u00e0s unidades escolares e pela valoriza\u00e7\u00e3o da rede de ensino. \u00c0 frente da Diretoria de Recursos Humanos, Fl\u00e1vio Fonseca tem desempenhado um papel essencial nesse processo, conduzindo um trabalho marcado por organiza\u00e7\u00e3o, di\u00e1logo e presen\u00e7a constante nas escolas.<\/p>\n\n\n\n<p class=\"p1\">Reconhecido pela capacidade de articula\u00e7\u00e3o e pela postura aberta ao di\u00e1logo, Fl\u00e1vio coordenou uma s\u00e9rie de visitas t\u00e9cnicas \u00e0s escolas e creches do munic\u00edpio, mantendo contato permanente com diretores e equipes administrativas. Nessas visitas, a equipe da Educa\u00e7\u00e3o tem ouvido atentamente as demandas, solicita\u00e7\u00f5es e desafios apresentados pelas unidades, construindo solu\u00e7\u00f5es vi\u00e1veis e, sempre que poss\u00edvel, de curto prazo. A iniciativa tem aproximado ainda mais a gest\u00e3o central da rotina das escolas, fortalecendo v\u00ednculos e garantindo respostas mais r\u00e1pidas \u00e0s necessidades do cotidiano escolar.<\/p>\n\n\n\n<figure class=\"wp-block-image size-large\"><img data-recalc-dims=\"1\" fetchpriority=\"high\" decoding=\"async\" width=\"800\" height=\"992\" src=\"https:\/\/i0.wp.com\/blogdobispo.com.br\/wp-content\/uploads\/2025\/12\/img_8132-826x1024.jpg?resize=800%2C992&#038;ssl=1\" class=\"wp-image-18782\" srcset=\"https:\/\/i0.wp.com\/blogdobispo.com.br\/wp-content\/uploads\/2025\/12\/img_8132.jpg?resize=826%2C1024&amp;ssl=1 826w, https:\/\/i0.wp.com\/blogdobispo.com.br\/wp-content\/uploads\/2025\/12\/img_8132.jpg?resize=242%2C300&amp;ssl=1 242w, https:\/\/i0.wp.com\/blogdobispo.com.br\/wp-content\/uploads\/2025\/12\/img_8132.jpg?resize=768%2C952&amp;ssl=1 768w, https:\/\/i0.wp.com\/blogdobispo.com.br\/wp-content\/uploads\/2025\/12\/img_8132.jpg?w=947&amp;ssl=1 947w\" sizes=\"(max-width: 800px) 100vw, 800px\" \/><\/figure>\n\n\n\n<figure class=\"wp-block-image size-large\"><img data-recalc-dims=\"1\" decoding=\"async\" width=\"681\" height=\"1024\" src=\"https:\/\/i0.wp.com\/blogdobispo.com.br\/wp-content\/uploads\/2025\/12\/img_8129-681x1024.jpg?resize=681%2C1024&#038;ssl=1\" class=\"wp-image-18784\" srcset=\"https:\/\/i0.wp.com\/blogdobispo.com.br\/wp-content\/uploads\/2025\/12\/img_8129.jpg?resize=681%2C1024&amp;ssl=1 681w, https:\/\/i0.wp.com\/blogdobispo.com.br\/wp-content\/uploads\/2025\/12\/img_8129.jpg?resize=200%2C300&amp;ssl=1 200w, https:\/\/i0.wp.com\/blogdobispo.com.br\/wp-content\/uploads\/2025\/12\/img_8129.jpg?resize=768%2C1154&amp;ssl=1 768w, https:\/\/i0.wp.com\/blogdobispo.com.br\/wp-content\/uploads\/2025\/12\/img_8129.jpg?w=960&amp;ssl=1 960w\" sizes=\"(max-width: 681px) 100vw, 681px\" \/><\/figure>\n\n\n\n<p class=\"p1\">O trabalho de Fl\u00e1vio Fonseca se soma ao esfor\u00e7o conjunto da atual gest\u00e3o da Educa\u00e7\u00e3o, liderada pelo secret\u00e1rio Aldo Fernandes, que tem imprimido um ritmo din\u00e2mico \u00e0s a\u00e7\u00f5es da pasta. Outro nome que tem ganhado destaque \u00e9 Adson Soares, reconhecido pela atua\u00e7\u00e3o t\u00e9cnica e pelo apoio direto \u00e0s a\u00e7\u00f5es de campo, contribuindo para agilizar processos e ampliar parcerias.<\/p>\n\n\n\n<p class=\"p1\">A confian\u00e7a do prefeito Paulinho Freire  na condu\u00e7\u00e3o da equipe tem sido determinante para que a Secretaria de Educa\u00e7\u00e3o mantenha um trabalho integrado, eficiente e voltado \u00e0 melhoria cont\u00ednua dos servi\u00e7os prestados \u00e0 popula\u00e7\u00e3o.<\/p>\n\n\n\n<p class=\"p1\"><\/p>\n","protected":false},"excerpt":{"rendered":"<p>A gest\u00e3o da Secretaria Municipal de Educa\u00e7\u00e3o de Natal tem se destacado ao longo deste ano pelo fortalecimento das a\u00e7\u00f5es de apoio \u00e0s unidades escolares e pela valoriza\u00e7\u00e3o da rede de ensino. \u00c0 frente da Diretoria de Recursos Humanos, Fl\u00e1vio Fonseca tem desempenhado um papel essencial nesse processo, conduzindo um trabalho marcado por organiza\u00e7\u00e3o, di\u00e1logo [&hellip;]<\/p>\n","protected":false},"author":1,"featured_media":18782,"comment_status":"open","ping_status":"open","sticky":false,"template":"","format":"standard","meta":{"cybocfi_hide_featured_image":"","_jetpack_memberships_contains_paid_content":false,"footnotes":""},"categories":[1],"tags":[],"class_list":["post-18785","post","type-post","status-publish","format-standard","has-post-thumbnail","hentry","category-diversos"],"yoast_head":"<!-- This site is optimized with the Yoast SEO plugin v25.6 - https:\/\/yoast.com\/wordpress\/plugins\/seo\/ -->\n<title>Gest\u00e3o de RH da Educa\u00e7\u00e3o de Natal se destaca por di\u00e1logo e presen\u00e7a nas escolas - Blog do Bispo<\/title>\n<meta name=\"robots\" content=\"index, follow, max-snippet:-1, max-image-preview:large, max-video-preview:-1\" \/>\n<link rel=\"canonical\" href=\"https:\/\/blogdobispo.com.br\/?p=18785\" \/>\n<meta property=\"og:locale\" content=\"pt_BR\" \/>\n<meta property=\"og:type\" content=\"article\" \/>\n<meta property=\"og:title\" content=\"Gest\u00e3o de RH da Educa\u00e7\u00e3o de Natal se destaca por di\u00e1logo e presen\u00e7a nas escolas - Blog do Bispo\" \/>\n<meta property=\"og:description\" content=\"A gest\u00e3o da Secretaria Municipal de Educa\u00e7\u00e3o de Natal tem se destacado ao longo deste ano pelo fortalecimento das a\u00e7\u00f5es de apoio \u00e0s unidades escolares e pela valoriza\u00e7\u00e3o da rede de ensino. \u00c0 frente da Diretoria de Recursos Humanos, Fl\u00e1vio Fonseca tem desempenhado um papel essencial nesse processo, conduzindo um trabalho marcado por organiza\u00e7\u00e3o, di\u00e1logo [&hellip;]\" \/>\n<meta property=\"og:url\" content=\"https:\/\/blogdobispo.com.br\/?p=18785\" \/>\n<meta property=\"og:site_name\" content=\"Blog do Bispo\" \/>\n<meta property=\"article:published_time\" content=\"2025-12-08T20:37:51+00:00\" \/>\n<meta property=\"og:image\" content=\"https:\/\/blogdobispo.com.br\/wp-content\/uploads\/2025\/12\/img_8132-826x1024.jpg\" \/>\n<meta name=\"author\" content=\"Jefferson Sterfeno\" \/>\n<meta name=\"twitter:card\" content=\"summary_large_image\" \/>\n<meta name=\"twitter:label1\" content=\"Escrito por\" \/>\n\t<meta name=\"twitter:data1\" content=\"Jefferson Sterfeno\" \/>\n\t<meta name=\"twitter:label2\" content=\"Est. tempo de leitura\" \/>\n\t<meta name=\"twitter:data2\" content=\"1 minuto\" \/>\n<script type=\"application\/ld+json\" class=\"yoast-schema-graph\">{\"@context\":\"https:\/\/schema.org\",\"@graph\":[{\"@type\":\"Article\",\"@id\":\"https:\/\/blogdobispo.com.br\/?p=18785#article\",\"isPartOf\":{\"@id\":\"https:\/\/blogdobispo.com.br\/?p=18785\"},\"author\":{\"name\":\"Jefferson Sterfeno\",\"@id\":\"https:\/\/blogdobispo.com.br\/#\/schema\/person\/e2209cc0e6cea5c5233d033e997b373f\"},\"headline\":\"Gest\u00e3o de RH da Educa\u00e7\u00e3o de Natal se destaca por di\u00e1logo e presen\u00e7a nas escolas\",\"datePublished\":\"2025-12-08T20:37:51+00:00\",\"mainEntityOfPage\":{\"@id\":\"https:\/\/blogdobispo.com.br\/?p=18785\"},\"wordCount\":289,\"commentCount\":0,\"publisher\":{\"@id\":\"https:\/\/blogdobispo.com.br\/#organization\"},\"image\":{\"@id\":\"https:\/\/blogdobispo.com.br\/?p=18785#primaryimage\"},\"thumbnailUrl\":\"https:\/\/i0.wp.com\/blogdobispo.com.br\/wp-content\/uploads\/2025\/12\/img_8132.jpg?fit=947%2C1174&ssl=1\",\"articleSection\":[\"diversos\"],\"inLanguage\":\"pt-BR\",\"potentialAction\":[{\"@type\":\"CommentAction\",\"name\":\"Comment\",\"target\":[\"https:\/\/blogdobispo.com.br\/?p=18785#respond\"]}]},{\"@type\":\"WebPage\",\"@id\":\"https:\/\/blogdobispo.com.br\/?p=18785\",\"url\":\"https:\/\/blogdobispo.com.br\/?p=18785\",\"name\":\"Gest\u00e3o de RH da Educa\u00e7\u00e3o de Natal se destaca por di\u00e1logo e presen\u00e7a nas escolas - Blog do Bispo\",\"isPartOf\":{\"@id\":\"https:\/\/blogdobispo.com.br\/#website\"},\"primaryImageOfPage\":{\"@id\":\"https:\/\/blogdobispo.com.br\/?p=18785#primaryimage\"},\"image\":{\"@id\":\"https:\/\/blogdobispo.com.br\/?p=18785#primaryimage\"},\"thumbnailUrl\":\"https:\/\/i0.wp.com\/blogdobispo.com.br\/wp-content\/uploads\/2025\/12\/img_8132.jpg?fit=947%2C1174&ssl=1\",\"datePublished\":\"2025-12-08T20:37:51+00:00\",\"breadcrumb\":{\"@id\":\"https:\/\/blogdobispo.com.br\/?p=18785#breadcrumb\"},\"inLanguage\":\"pt-BR\",\"potentialAction\":[{\"@type\":\"ReadAction\",\"target\":[\"https:\/\/blogdobispo.com.br\/?p=18785\"]}]},{\"@type\":\"ImageObject\",\"inLanguage\":\"pt-BR\",\"@id\":\"https:\/\/blogdobispo.com.br\/?p=18785#primaryimage\",\"url\":\"https:\/\/i0.wp.com\/blogdobispo.com.br\/wp-content\/uploads\/2025\/12\/img_8132.jpg?fit=947%2C1174&ssl=1\",\"contentUrl\":\"https:\/\/i0.wp.com\/blogdobispo.com.br\/wp-content\/uploads\/2025\/12\/img_8132.jpg?fit=947%2C1174&ssl=1\",\"width\":947,\"height\":1174,\"caption\":\"Screenshot\"},{\"@type\":\"BreadcrumbList\",\"@id\":\"https:\/\/blogdobispo.com.br\/?p=18785#breadcrumb\",\"itemListElement\":[{\"@type\":\"ListItem\",\"position\":1,\"name\":\"In\u00edcio\",\"item\":\"https:\/\/blogdobispo.com.br\/\"},{\"@type\":\"ListItem\",\"position\":2,\"name\":\"Gest\u00e3o de RH da Educa\u00e7\u00e3o de Natal se destaca por di\u00e1logo e presen\u00e7a nas escolas\"}]},{\"@type\":\"WebSite\",\"@id\":\"https:\/\/blogdobispo.com.br\/#website\",\"url\":\"https:\/\/blogdobispo.com.br\/\",\"name\":\"Blog do Bispo\",\"description\":\"Comprometido apenas com o leitor\",\"publisher\":{\"@id\":\"https:\/\/blogdobispo.com.br\/#organization\"},\"potentialAction\":[{\"@type\":\"SearchAction\",\"target\":{\"@type\":\"EntryPoint\",\"urlTemplate\":\"https:\/\/blogdobispo.com.br\/?s={search_term_string}\"},\"query-input\":{\"@type\":\"PropertyValueSpecification\",\"valueRequired\":true,\"valueName\":\"search_term_string\"}}],\"inLanguage\":\"pt-BR\"},{\"@type\":\"Organization\",\"@id\":\"https:\/\/blogdobispo.com.br\/#organization\",\"name\":\"Blog do Bispo\",\"url\":\"https:\/\/blogdobispo.com.br\/\",\"logo\":{\"@type\":\"ImageObject\",\"inLanguage\":\"pt-BR\",\"@id\":\"https:\/\/blogdobispo.com.br\/#\/schema\/logo\/image\/\",\"url\":\"http:\/\/blogdobispo.com.br\/wp-content\/uploads\/2023\/05\/cropped-headear.png\",\"contentUrl\":\"http:\/\/blogdobispo.com.br\/wp-content\/uploads\/2023\/05\/cropped-headear.png\",\"width\":1500,\"height\":399,\"caption\":\"Blog do Bispo\"},\"image\":{\"@id\":\"https:\/\/blogdobispo.com.br\/#\/schema\/logo\/image\/\"}},{\"@type\":\"Person\",\"@id\":\"https:\/\/blogdobispo.com.br\/#\/schema\/person\/e2209cc0e6cea5c5233d033e997b373f\",\"name\":\"Jefferson Sterfeno\",\"image\":{\"@type\":\"ImageObject\",\"inLanguage\":\"pt-BR\",\"@id\":\"https:\/\/blogdobispo.com.br\/#\/schema\/person\/image\/\",\"url\":\"https:\/\/secure.gravatar.com\/avatar\/0534e84764641168a677026b6d57a3f51dc7ac4db0b4f6186d9cb330d4ee1160?s=96&d=mm&r=g\",\"contentUrl\":\"https:\/\/secure.gravatar.com\/avatar\/0534e84764641168a677026b6d57a3f51dc7ac4db0b4f6186d9cb330d4ee1160?s=96&d=mm&r=g\",\"caption\":\"Jefferson Sterfeno\"},\"sameAs\":[\"http:\/\/blogdobispo.com.br\"],\"url\":\"https:\/\/blogdobispo.com.br\/?author=1\"}]}<\/script>\n<!-- \/ Yoast SEO plugin. -->","yoast_head_json":{"title":"Gest\u00e3o de RH da Educa\u00e7\u00e3o de Natal se destaca por di\u00e1logo e presen\u00e7a nas escolas - Blog do Bispo","robots":{"index":"index","follow":"follow","max-snippet":"max-snippet:-1","max-image-preview":"max-image-preview:large","max-video-preview":"max-video-preview:-1"},"canonical":"https:\/\/blogdobispo.com.br\/?p=18785","og_locale":"pt_BR","og_type":"article","og_title":"Gest\u00e3o de RH da Educa\u00e7\u00e3o de Natal se destaca por di\u00e1logo e presen\u00e7a nas escolas - Blog do Bispo","og_description":"A gest\u00e3o da Secretaria Municipal de Educa\u00e7\u00e3o de Natal tem se destacado ao longo deste ano pelo fortalecimento das a\u00e7\u00f5es de apoio \u00e0s unidades escolares e pela valoriza\u00e7\u00e3o da rede de ensino. \u00c0 frente da Diretoria de Recursos Humanos, Fl\u00e1vio Fonseca tem desempenhado um papel essencial nesse processo, conduzindo um trabalho marcado por organiza\u00e7\u00e3o, di\u00e1logo [&hellip;]","og_url":"https:\/\/blogdobispo.com.br\/?p=18785","og_site_name":"Blog do Bispo","article_published_time":"2025-12-08T20:37:51+00:00","og_image":[{"url":"https:\/\/blogdobispo.com.br\/wp-content\/uploads\/2025\/12\/img_8132-826x1024.jpg","type":"","width":"","height":""}],"author":"Jefferson Sterfeno","twitter_card":"summary_large_image","twitter_misc":{"Escrito por":"Jefferson Sterfeno","Est. tempo de leitura":"1 minuto"},"schema":{"@context":"https:\/\/schema.org","@graph":[{"@type":"Article","@id":"https:\/\/blogdobispo.com.br\/?p=18785#article","isPartOf":{"@id":"https:\/\/blogdobispo.com.br\/?p=18785"},"author":{"name":"Jefferson Sterfeno","@id":"https:\/\/blogdobispo.com.br\/#\/schema\/person\/e2209cc0e6cea5c5233d033e997b373f"},"headline":"Gest\u00e3o de RH da Educa\u00e7\u00e3o de Natal se destaca por di\u00e1logo e presen\u00e7a nas escolas","datePublished":"2025-12-08T20:37:51+00:00","mainEntityOfPage":{"@id":"https:\/\/blogdobispo.com.br\/?p=18785"},"wordCount":289,"commentCount":0,"publisher":{"@id":"https:\/\/blogdobispo.com.br\/#organization"},"image":{"@id":"https:\/\/blogdobispo.com.br\/?p=18785#primaryimage"},"thumbnailUrl":"https:\/\/i0.wp.com\/blogdobispo.com.br\/wp-content\/uploads\/2025\/12\/img_8132.jpg?fit=947%2C1174&ssl=1","articleSection":["diversos"],"inLanguage":"pt-BR","potentialAction":[{"@type":"CommentAction","name":"Comment","target":["https:\/\/blogdobispo.com.br\/?p=18785#respond"]}]},{"@type":"WebPage","@id":"https:\/\/blogdobispo.com.br\/?p=18785","url":"https:\/\/blogdobispo.com.br\/?p=18785","name":"Gest\u00e3o de RH da Educa\u00e7\u00e3o de Natal se destaca por di\u00e1logo e presen\u00e7a nas escolas - Blog do Bispo","isPartOf":{"@id":"https:\/\/blogdobispo.com.br\/#website"},"primaryImageOfPage":{"@id":"https:\/\/blogdobispo.com.br\/?p=18785#primaryimage"},"image":{"@id":"https:\/\/blogdobispo.com.br\/?p=18785#primaryimage"},"thumbnailUrl":"https:\/\/i0.wp.com\/blogdobispo.com.br\/wp-content\/uploads\/2025\/12\/img_8132.jpg?fit=947%2C1174&ssl=1","datePublished":"2025-12-08T20:37:51+00:00","breadcrumb":{"@id":"https:\/\/blogdobispo.com.br\/?p=18785#breadcrumb"},"inLanguage":"pt-BR","potentialAction":[{"@type":"ReadAction","target":["https:\/\/blogdobispo.com.br\/?p=18785"]}]},{"@type":"ImageObject","inLanguage":"pt-BR","@id":"https:\/\/blogdobispo.com.br\/?p=18785#primaryimage","url":"https:\/\/i0.wp.com\/blogdobispo.com.br\/wp-content\/uploads\/2025\/12\/img_8132.jpg?fit=947%2C1174&ssl=1","contentUrl":"https:\/\/i0.wp.com\/blogdobispo.com.br\/wp-content\/uploads\/2025\/12\/img_8132.jpg?fit=947%2C1174&ssl=1","width":947,"height":1174,"caption":"Screenshot"},{"@type":"BreadcrumbList","@id":"https:\/\/blogdobispo.com.br\/?p=18785#breadcrumb","itemListElement":[{"@type":"ListItem","position":1,"name":"In\u00edcio","item":"https:\/\/blogdobispo.com.br\/"},{"@type":"ListItem","position":2,"name":"Gest\u00e3o de RH da Educa\u00e7\u00e3o de Natal se destaca por di\u00e1logo e presen\u00e7a nas escolas"}]},{"@type":"WebSite","@id":"https:\/\/blogdobispo.com.br\/#website","url":"https:\/\/blogdobispo.com.br\/","name":"Blog do Bispo","description":"Comprometido apenas com o leitor","publisher":{"@id":"https:\/\/blogdobispo.com.br\/#organization"},"potentialAction":[{"@type":"SearchAction","target":{"@type":"EntryPoint","urlTemplate":"https:\/\/blogdobispo.com.br\/?s={search_term_string}"},"query-input":{"@type":"PropertyValueSpecification","valueRequired":true,"valueName":"search_term_string"}}],"inLanguage":"pt-BR"},{"@type":"Organization","@id":"https:\/\/blogdobispo.com.br\/#organization","name":"Blog do Bispo","url":"https:\/\/blogdobispo.com.br\/","logo":{"@type":"ImageObject","inLanguage":"pt-BR","@id":"https:\/\/blogdobispo.com.br\/#\/schema\/logo\/image\/","url":"http:\/\/blogdobispo.com.br\/wp-content\/uploads\/2023\/05\/cropped-headear.png","contentUrl":"http:\/\/blogdobispo.com.br\/wp-content\/uploads\/2023\/05\/cropped-headear.png","width":1500,"height":399,"caption":"Blog do Bispo"},"image":{"@id":"https:\/\/blogdobispo.com.br\/#\/schema\/logo\/image\/"}},{"@type":"Person","@id":"https:\/\/blogdobispo.com.br\/#\/schema\/person\/e2209cc0e6cea5c5233d033e997b373f","name":"Jefferson Sterfeno","image":{"@type":"ImageObject","inLanguage":"pt-BR","@id":"https:\/\/blogdobispo.com.br\/#\/schema\/person\/image\/","url":"https:\/\/secure.gravatar.com\/avatar\/0534e84764641168a677026b6d57a3f51dc7ac4db0b4f6186d9cb330d4ee1160?s=96&d=mm&r=g","contentUrl":"https:\/\/secure.gravatar.com\/avatar\/0534e84764641168a677026b6d57a3f51dc7ac4db0b4f6186d9cb330d4ee1160?s=96&d=mm&r=g","caption":"Jefferson Sterfeno"},"sameAs":["http:\/\/blogdobispo.com.br"],"url":"https:\/\/blogdobispo.com.br\/?author=1"}]}},"featured_image_urls":{"full":["https:\/\/i0.wp.com\/blogdobispo.com.br\/wp-content\/uploads\/2025\/12\/img_8132.jpg?fit=947%2C1174&ssl=1",947,1174,false],"thumbnail":["https:\/\/i0.wp.com\/blogdobispo.com.br\/wp-content\/uploads\/2025\/12\/img_8132.jpg?resize=150%2C150&ssl=1",150,150,true],"medium":["https:\/\/i0.wp.com\/blogdobispo.com.br\/wp-content\/uploads\/2025\/12\/img_8132.jpg?fit=242%2C300&ssl=1",242,300,true],"medium_large":["https:\/\/i0.wp.com\/blogdobispo.com.br\/wp-content\/uploads\/2025\/12\/img_8132.jpg?fit=768%2C952&ssl=1",768,952,true],"large":["https:\/\/i0.wp.com\/blogdobispo.com.br\/wp-content\/uploads\/2025\/12\/img_8132.jpg?fit=800%2C992&ssl=1",800,992,true],"1536x1536":["https:\/\/i0.wp.com\/blogdobispo.com.br\/wp-content\/uploads\/2025\/12\/img_8132.jpg?fit=947%2C1174&ssl=1",947,1174,true],"2048x2048":["https:\/\/i0.wp.com\/blogdobispo.com.br\/wp-content\/uploads\/2025\/12\/img_8132.jpg?fit=947%2C1174&ssl=1",947,1174,true]},"author_info":{"display_name":"Jefferson Sterfeno","author_link":"https:\/\/blogdobispo.com.br\/?author=1"},"category_info":"<a href=\"https:\/\/blogdobispo.com.br\/?cat=1\" rel=\"category\">diversos<\/a>","tag_info":"diversos","comment_count":"0","jetpack_featured_media_url":"https:\/\/i0.wp.com\/blogdobispo.com.br\/wp-content\/uploads\/2025\/12\/img_8132.jpg?fit=947%2C1174&ssl=1","jetpack_sharing_enabled":true,"_links":{"self":[{"href":"https:\/\/blogdobispo.com.br\/index.php?rest_route=\/wp\/v2\/posts\/18785","targetHints":{"allow":["GET"]}}],"collection":[{"href":"https:\/\/blogdobispo.com.br\/index.php?rest_route=\/wp\/v2\/posts"}],"about":[{"href":"https:\/\/blogdobispo.com.br\/index.php?rest_route=\/wp\/v2\/types\/post"}],"author":[{"embeddable":true,"href":"https:\/\/blogdobispo.com.br\/index.php?rest_route=\/wp\/v2\/users\/1"}],"replies":[{"embeddable":true,"href":"https:\/\/blogdobispo.com.br\/index.php?rest_route=%2Fwp%2Fv2%2Fcomments&post=18785"}],"version-history":[{"count":0,"href":"https:\/\/blogdobispo.com.br\/index.php?rest_route=\/wp\/v2\/posts\/18785\/revisions"}],"wp:featuredmedia":[{"embeddable":true,"href":"https:\/\/blogdobispo.com.br\/index.php?rest_route=\/wp\/v2\/media\/18782"}],"wp:attachment":[{"href":"https:\/\/blogdobispo.com.br\/index.php?rest_route=%2Fwp%2Fv2%2Fmedia&parent=18785"}],"wp:term":[{"taxonomy":"category","embeddable":true,"href":"https:\/\/blogdobispo.com.br\/index.php?rest_route=%2Fwp%2Fv2%2Fcategories&post=18785"},{"taxonomy":"post_tag","embeddable":true,"href":"https:\/\/blogdobispo.com.br\/index.php?rest_route=%2Fwp%2Fv2%2Ftags&post=18785"}],"curies":[{"name":"wp","href":"https:\/\/api.w.org\/{rel}","templated":true}]}}