{"id":18778,"date":"2025-12-06T14:52:57","date_gmt":"2025-12-06T14:52:57","guid":{"rendered":"https:\/\/blogdobispo.com.br\/?p=18778"},"modified":"2025-12-06T14:52:57","modified_gmt":"2025-12-06T14:52:57","slug":"divulgando-natal-ha-20-anos-em-transmissoes-do-carnatal-apresentador-betinho-recebe-titulo-de-cidadao-natalense-do-vereador-daniel-santiago","status":"publish","type":"post","link":"https:\/\/blogdobispo.com.br\/?p=18778","title":{"rendered":"Divulgando Natal h\u00e1 20 anos em transmiss\u00f5es do Carnatal, apresentador Betinho recebe t\u00edtulo de Cidad\u00e3o Natalense do vereador Daniel Santiago"},"content":{"rendered":"\n<figure class=\"wp-block-image size-large\"><img data-recalc-dims=\"1\" fetchpriority=\"high\" decoding=\"async\" width=\"768\" height=\"1024\" src=\"https:\/\/i0.wp.com\/blogdobispo.com.br\/wp-content\/uploads\/2025\/12\/b71df3a8-3fa8-4853-a6cd-5a720f9ba12d-768x1024.jpg?resize=768%2C1024&#038;ssl=1\" class=\"wp-image-18776\" srcset=\"https:\/\/i0.wp.com\/blogdobispo.com.br\/wp-content\/uploads\/2025\/12\/b71df3a8-3fa8-4853-a6cd-5a720f9ba12d.jpg?resize=768%2C1024&amp;ssl=1 768w, https:\/\/i0.wp.com\/blogdobispo.com.br\/wp-content\/uploads\/2025\/12\/b71df3a8-3fa8-4853-a6cd-5a720f9ba12d.jpg?resize=225%2C300&amp;ssl=1 225w, https:\/\/i0.wp.com\/blogdobispo.com.br\/wp-content\/uploads\/2025\/12\/b71df3a8-3fa8-4853-a6cd-5a720f9ba12d.jpg?resize=1152%2C1536&amp;ssl=1 1152w, https:\/\/i0.wp.com\/blogdobispo.com.br\/wp-content\/uploads\/2025\/12\/b71df3a8-3fa8-4853-a6cd-5a720f9ba12d.jpg?w=1200&amp;ssl=1 1200w\" sizes=\"(max-width: 768px) 100vw, 768px\" \/><\/figure>\n\n\n\n<p><\/p>\n\n\n\n<p>Na noite desta sexta-feira (05), em plena abertura do Carnatal e com transmiss\u00e3o ao vivo pela Band, o vereador Daniel Santiago entregou o T\u00edtulo de Cidad\u00e3o Natalense ao apresentador de TV Roberto de Oliveira Rampasio, o carism\u00e1tico e querido Betinho. A homenagem reconhece a enorme contribui\u00e7\u00e3o do comunicador para a divulga\u00e7\u00e3o nacional do nosso destino tur\u00edstico e para o fortalecimento da principal cadeia econ\u00f4mica de Natal e do Rio Grande do Norte: o turismo.<\/p>\n\n\n\n<p>H\u00e1 20 anos, Betinho est\u00e1 \u00e0 frente da transmiss\u00e3o do Carnatal para todo o Brasil, atrav\u00e9s do &#8220;De Olho na Folia\/ Band Folia&#8221;, levando a energia da micareta para milh\u00f5es de pessoas e ajudando a projetar a capital potiguar como refer\u00eancia de alegria, hospitalidade e cultura. Seu trabalho consistente tem ampliado a visibilidade da festa e atra\u00eddo cada vez mais visitantes para Natal.<\/p>\n\n\n\n<p>Ao entregar o t\u00edtulo, o vereador Daniel Santiago destacou que a homenagem \u00e9 \u201cum agradecimento da cidade a algu\u00e9m que, com profissionalismo e paix\u00e3o, tem ajudado a impulsionar o turismo local e a fortalecer a identidade cultural de Natal\u201d.<\/p>\n\n\n\n<p>SOBRE BETINHO<br \/>Roberto de Oliveira Rampasio iniciou sua trajet\u00f3ria no Grupo Bandeirantes aos 14 anos, como office boy. Com talento, dedica\u00e7\u00e3o e paix\u00e3o pela comunica\u00e7\u00e3o, trilhou um caminho ascendente: produtor, apresentador, coordenador e diretor art\u00edstico da Band FM\/SP.<\/p>\n\n\n\n<p>Atualmente, est\u00e1 na dire\u00e7\u00e3o art\u00edstica das afiliadas da emissora em Porto Alegre e Rio de Janeiro. Respeitado em todo o cen\u00e1rio musical nacional, Betinho \u00e9 um dos maiores conhecedores e divulgadores da m\u00fasica baiana no pa\u00eds \u2014 e um apaixonado declarado pela Bahia. Durante 18 anos, apresentou e produziu o programa Ax\u00e9 BAND, transmitido para mais de 50 cidades brasileiras.<\/p>\n\n\n\n<p>\u00c9 uma das vozes mais marcantes do BAND FOLIA, projeto que transmite o Carnaval de Salvador desde 2000, e tamb\u00e9m do De Olho na Folia, respons\u00e1vel por levar o Carnatal aos lares brasileiros desde 2006. Al\u00e9m de apresentador e comunicador, Betinho tamb\u00e9m atua como DJ de m\u00fasica baiana, com passagens por grandes eventos no Brasil e no exterior, abrindo shows de nomes como Ivete Sangalo, Claudia Leitte, Bell Marques e Saulo Fernandes.<\/p>\n","protected":false},"excerpt":{"rendered":"<p>Na noite desta sexta-feira (05), em plena abertura do Carnatal e com transmiss\u00e3o ao vivo pela Band, o vereador Daniel Santiago entregou o T\u00edtulo de Cidad\u00e3o Natalense ao apresentador de TV Roberto de Oliveira Rampasio, o carism\u00e1tico e querido Betinho. A homenagem reconhece a enorme contribui\u00e7\u00e3o do comunicador para a divulga\u00e7\u00e3o nacional do nosso destino [&hellip;]<\/p>\n","protected":false},"author":1,"featured_media":18777,"comment_status":"open","ping_status":"open","sticky":false,"template":"","format":"standard","meta":{"cybocfi_hide_featured_image":"","_jetpack_memberships_contains_paid_content":false,"footnotes":""},"categories":[1],"tags":[],"class_list":["post-18778","post","type-post","status-publish","format-standard","has-post-thumbnail","hentry","category-diversos"],"yoast_head":"<!-- This site is optimized with the Yoast SEO plugin v25.6 - https:\/\/yoast.com\/wordpress\/plugins\/seo\/ -->\n<title>Divulgando Natal h\u00e1 20 anos em transmiss\u00f5es do Carnatal, apresentador Betinho recebe t\u00edtulo de Cidad\u00e3o Natalense do vereador Daniel Santiago - Blog do Bispo<\/title>\n<meta name=\"robots\" content=\"index, follow, max-snippet:-1, max-image-preview:large, max-video-preview:-1\" \/>\n<link rel=\"canonical\" href=\"https:\/\/blogdobispo.com.br\/?p=18778\" \/>\n<meta property=\"og:locale\" content=\"pt_BR\" \/>\n<meta property=\"og:type\" content=\"article\" \/>\n<meta property=\"og:title\" content=\"Divulgando Natal h\u00e1 20 anos em transmiss\u00f5es do Carnatal, apresentador Betinho recebe t\u00edtulo de Cidad\u00e3o Natalense do vereador Daniel Santiago - Blog do Bispo\" \/>\n<meta property=\"og:description\" content=\"Na noite desta sexta-feira (05), em plena abertura do Carnatal e com transmiss\u00e3o ao vivo pela Band, o vereador Daniel Santiago entregou o T\u00edtulo de Cidad\u00e3o Natalense ao apresentador de TV Roberto de Oliveira Rampasio, o carism\u00e1tico e querido Betinho. A homenagem reconhece a enorme contribui\u00e7\u00e3o do comunicador para a divulga\u00e7\u00e3o nacional do nosso destino [&hellip;]\" \/>\n<meta property=\"og:url\" content=\"https:\/\/blogdobispo.com.br\/?p=18778\" \/>\n<meta property=\"og:site_name\" content=\"Blog do Bispo\" \/>\n<meta property=\"article:published_time\" content=\"2025-12-06T14:52:57+00:00\" \/>\n<meta property=\"og:image\" content=\"https:\/\/blogdobispo.com.br\/wp-content\/uploads\/2025\/12\/b71df3a8-3fa8-4853-a6cd-5a720f9ba12d-768x1024.jpg\" \/>\n<meta name=\"author\" content=\"Jefferson Sterfeno\" \/>\n<meta name=\"twitter:card\" content=\"summary_large_image\" \/>\n<meta name=\"twitter:label1\" content=\"Escrito por\" \/>\n\t<meta name=\"twitter:data1\" content=\"Jefferson Sterfeno\" \/>\n\t<meta name=\"twitter:label2\" content=\"Est. tempo de leitura\" \/>\n\t<meta name=\"twitter:data2\" content=\"2 minutos\" \/>\n<script type=\"application\/ld+json\" class=\"yoast-schema-graph\">{\"@context\":\"https:\/\/schema.org\",\"@graph\":[{\"@type\":\"Article\",\"@id\":\"https:\/\/blogdobispo.com.br\/?p=18778#article\",\"isPartOf\":{\"@id\":\"https:\/\/blogdobispo.com.br\/?p=18778\"},\"author\":{\"name\":\"Jefferson Sterfeno\",\"@id\":\"https:\/\/blogdobispo.com.br\/#\/schema\/person\/e2209cc0e6cea5c5233d033e997b373f\"},\"headline\":\"Divulgando Natal h\u00e1 20 anos em transmiss\u00f5es do Carnatal, apresentador Betinho recebe t\u00edtulo de Cidad\u00e3o Natalense do vereador Daniel Santiago\",\"datePublished\":\"2025-12-06T14:52:57+00:00\",\"mainEntityOfPage\":{\"@id\":\"https:\/\/blogdobispo.com.br\/?p=18778\"},\"wordCount\":387,\"commentCount\":0,\"publisher\":{\"@id\":\"https:\/\/blogdobispo.com.br\/#organization\"},\"image\":{\"@id\":\"https:\/\/blogdobispo.com.br\/?p=18778#primaryimage\"},\"thumbnailUrl\":\"https:\/\/i0.wp.com\/blogdobispo.com.br\/wp-content\/uploads\/2025\/12\/b71df3a8-3fa8-4853-a6cd-5a720f9ba12d-1.jpg?fit=1200%2C1600&ssl=1\",\"articleSection\":[\"diversos\"],\"inLanguage\":\"pt-BR\",\"potentialAction\":[{\"@type\":\"CommentAction\",\"name\":\"Comment\",\"target\":[\"https:\/\/blogdobispo.com.br\/?p=18778#respond\"]}]},{\"@type\":\"WebPage\",\"@id\":\"https:\/\/blogdobispo.com.br\/?p=18778\",\"url\":\"https:\/\/blogdobispo.com.br\/?p=18778\",\"name\":\"Divulgando Natal h\u00e1 20 anos em transmiss\u00f5es do Carnatal, apresentador Betinho recebe t\u00edtulo de Cidad\u00e3o Natalense do vereador Daniel Santiago - Blog do Bispo\",\"isPartOf\":{\"@id\":\"https:\/\/blogdobispo.com.br\/#website\"},\"primaryImageOfPage\":{\"@id\":\"https:\/\/blogdobispo.com.br\/?p=18778#primaryimage\"},\"image\":{\"@id\":\"https:\/\/blogdobispo.com.br\/?p=18778#primaryimage\"},\"thumbnailUrl\":\"https:\/\/i0.wp.com\/blogdobispo.com.br\/wp-content\/uploads\/2025\/12\/b71df3a8-3fa8-4853-a6cd-5a720f9ba12d-1.jpg?fit=1200%2C1600&ssl=1\",\"datePublished\":\"2025-12-06T14:52:57+00:00\",\"breadcrumb\":{\"@id\":\"https:\/\/blogdobispo.com.br\/?p=18778#breadcrumb\"},\"inLanguage\":\"pt-BR\",\"potentialAction\":[{\"@type\":\"ReadAction\",\"target\":[\"https:\/\/blogdobispo.com.br\/?p=18778\"]}]},{\"@type\":\"ImageObject\",\"inLanguage\":\"pt-BR\",\"@id\":\"https:\/\/blogdobispo.com.br\/?p=18778#primaryimage\",\"url\":\"https:\/\/i0.wp.com\/blogdobispo.com.br\/wp-content\/uploads\/2025\/12\/b71df3a8-3fa8-4853-a6cd-5a720f9ba12d-1.jpg?fit=1200%2C1600&ssl=1\",\"contentUrl\":\"https:\/\/i0.wp.com\/blogdobispo.com.br\/wp-content\/uploads\/2025\/12\/b71df3a8-3fa8-4853-a6cd-5a720f9ba12d-1.jpg?fit=1200%2C1600&ssl=1\",\"width\":1200,\"height\":1600},{\"@type\":\"BreadcrumbList\",\"@id\":\"https:\/\/blogdobispo.com.br\/?p=18778#breadcrumb\",\"itemListElement\":[{\"@type\":\"ListItem\",\"position\":1,\"name\":\"In\u00edcio\",\"item\":\"https:\/\/blogdobispo.com.br\/\"},{\"@type\":\"ListItem\",\"position\":2,\"name\":\"Divulgando Natal h\u00e1 20 anos em transmiss\u00f5es do Carnatal, apresentador Betinho recebe t\u00edtulo de Cidad\u00e3o Natalense do vereador Daniel Santiago\"}]},{\"@type\":\"WebSite\",\"@id\":\"https:\/\/blogdobispo.com.br\/#website\",\"url\":\"https:\/\/blogdobispo.com.br\/\",\"name\":\"Blog do Bispo\",\"description\":\"Comprometido apenas com o leitor\",\"publisher\":{\"@id\":\"https:\/\/blogdobispo.com.br\/#organization\"},\"potentialAction\":[{\"@type\":\"SearchAction\",\"target\":{\"@type\":\"EntryPoint\",\"urlTemplate\":\"https:\/\/blogdobispo.com.br\/?s={search_term_string}\"},\"query-input\":{\"@type\":\"PropertyValueSpecification\",\"valueRequired\":true,\"valueName\":\"search_term_string\"}}],\"inLanguage\":\"pt-BR\"},{\"@type\":\"Organization\",\"@id\":\"https:\/\/blogdobispo.com.br\/#organization\",\"name\":\"Blog do Bispo\",\"url\":\"https:\/\/blogdobispo.com.br\/\",\"logo\":{\"@type\":\"ImageObject\",\"inLanguage\":\"pt-BR\",\"@id\":\"https:\/\/blogdobispo.com.br\/#\/schema\/logo\/image\/\",\"url\":\"http:\/\/blogdobispo.com.br\/wp-content\/uploads\/2023\/05\/cropped-headear.png\",\"contentUrl\":\"http:\/\/blogdobispo.com.br\/wp-content\/uploads\/2023\/05\/cropped-headear.png\",\"width\":1500,\"height\":399,\"caption\":\"Blog do Bispo\"},\"image\":{\"@id\":\"https:\/\/blogdobispo.com.br\/#\/schema\/logo\/image\/\"}},{\"@type\":\"Person\",\"@id\":\"https:\/\/blogdobispo.com.br\/#\/schema\/person\/e2209cc0e6cea5c5233d033e997b373f\",\"name\":\"Jefferson Sterfeno\",\"image\":{\"@type\":\"ImageObject\",\"inLanguage\":\"pt-BR\",\"@id\":\"https:\/\/blogdobispo.com.br\/#\/schema\/person\/image\/\",\"url\":\"https:\/\/secure.gravatar.com\/avatar\/0534e84764641168a677026b6d57a3f51dc7ac4db0b4f6186d9cb330d4ee1160?s=96&d=mm&r=g\",\"contentUrl\":\"https:\/\/secure.gravatar.com\/avatar\/0534e84764641168a677026b6d57a3f51dc7ac4db0b4f6186d9cb330d4ee1160?s=96&d=mm&r=g\",\"caption\":\"Jefferson Sterfeno\"},\"sameAs\":[\"http:\/\/blogdobispo.com.br\"],\"url\":\"https:\/\/blogdobispo.com.br\/?author=1\"}]}<\/script>\n<!-- \/ Yoast SEO plugin. -->","yoast_head_json":{"title":"Divulgando Natal h\u00e1 20 anos em transmiss\u00f5es do Carnatal, apresentador Betinho recebe t\u00edtulo de Cidad\u00e3o Natalense do vereador Daniel Santiago - Blog do Bispo","robots":{"index":"index","follow":"follow","max-snippet":"max-snippet:-1","max-image-preview":"max-image-preview:large","max-video-preview":"max-video-preview:-1"},"canonical":"https:\/\/blogdobispo.com.br\/?p=18778","og_locale":"pt_BR","og_type":"article","og_title":"Divulgando Natal h\u00e1 20 anos em transmiss\u00f5es do Carnatal, apresentador Betinho recebe t\u00edtulo de Cidad\u00e3o Natalense do vereador Daniel Santiago - Blog do Bispo","og_description":"Na noite desta sexta-feira (05), em plena abertura do Carnatal e com transmiss\u00e3o ao vivo pela Band, o vereador Daniel Santiago entregou o T\u00edtulo de Cidad\u00e3o Natalense ao apresentador de TV Roberto de Oliveira Rampasio, o carism\u00e1tico e querido Betinho. A homenagem reconhece a enorme contribui\u00e7\u00e3o do comunicador para a divulga\u00e7\u00e3o nacional do nosso destino [&hellip;]","og_url":"https:\/\/blogdobispo.com.br\/?p=18778","og_site_name":"Blog do Bispo","article_published_time":"2025-12-06T14:52:57+00:00","og_image":[{"url":"https:\/\/blogdobispo.com.br\/wp-content\/uploads\/2025\/12\/b71df3a8-3fa8-4853-a6cd-5a720f9ba12d-768x1024.jpg","type":"","width":"","height":""}],"author":"Jefferson Sterfeno","twitter_card":"summary_large_image","twitter_misc":{"Escrito por":"Jefferson Sterfeno","Est. tempo de leitura":"2 minutos"},"schema":{"@context":"https:\/\/schema.org","@graph":[{"@type":"Article","@id":"https:\/\/blogdobispo.com.br\/?p=18778#article","isPartOf":{"@id":"https:\/\/blogdobispo.com.br\/?p=18778"},"author":{"name":"Jefferson Sterfeno","@id":"https:\/\/blogdobispo.com.br\/#\/schema\/person\/e2209cc0e6cea5c5233d033e997b373f"},"headline":"Divulgando Natal h\u00e1 20 anos em transmiss\u00f5es do Carnatal, apresentador Betinho recebe t\u00edtulo de Cidad\u00e3o Natalense do vereador Daniel Santiago","datePublished":"2025-12-06T14:52:57+00:00","mainEntityOfPage":{"@id":"https:\/\/blogdobispo.com.br\/?p=18778"},"wordCount":387,"commentCount":0,"publisher":{"@id":"https:\/\/blogdobispo.com.br\/#organization"},"image":{"@id":"https:\/\/blogdobispo.com.br\/?p=18778#primaryimage"},"thumbnailUrl":"https:\/\/i0.wp.com\/blogdobispo.com.br\/wp-content\/uploads\/2025\/12\/b71df3a8-3fa8-4853-a6cd-5a720f9ba12d-1.jpg?fit=1200%2C1600&ssl=1","articleSection":["diversos"],"inLanguage":"pt-BR","potentialAction":[{"@type":"CommentAction","name":"Comment","target":["https:\/\/blogdobispo.com.br\/?p=18778#respond"]}]},{"@type":"WebPage","@id":"https:\/\/blogdobispo.com.br\/?p=18778","url":"https:\/\/blogdobispo.com.br\/?p=18778","name":"Divulgando Natal h\u00e1 20 anos em transmiss\u00f5es do Carnatal, apresentador Betinho recebe t\u00edtulo de Cidad\u00e3o Natalense do vereador Daniel Santiago - Blog do Bispo","isPartOf":{"@id":"https:\/\/blogdobispo.com.br\/#website"},"primaryImageOfPage":{"@id":"https:\/\/blogdobispo.com.br\/?p=18778#primaryimage"},"image":{"@id":"https:\/\/blogdobispo.com.br\/?p=18778#primaryimage"},"thumbnailUrl":"https:\/\/i0.wp.com\/blogdobispo.com.br\/wp-content\/uploads\/2025\/12\/b71df3a8-3fa8-4853-a6cd-5a720f9ba12d-1.jpg?fit=1200%2C1600&ssl=1","datePublished":"2025-12-06T14:52:57+00:00","breadcrumb":{"@id":"https:\/\/blogdobispo.com.br\/?p=18778#breadcrumb"},"inLanguage":"pt-BR","potentialAction":[{"@type":"ReadAction","target":["https:\/\/blogdobispo.com.br\/?p=18778"]}]},{"@type":"ImageObject","inLanguage":"pt-BR","@id":"https:\/\/blogdobispo.com.br\/?p=18778#primaryimage","url":"https:\/\/i0.wp.com\/blogdobispo.com.br\/wp-content\/uploads\/2025\/12\/b71df3a8-3fa8-4853-a6cd-5a720f9ba12d-1.jpg?fit=1200%2C1600&ssl=1","contentUrl":"https:\/\/i0.wp.com\/blogdobispo.com.br\/wp-content\/uploads\/2025\/12\/b71df3a8-3fa8-4853-a6cd-5a720f9ba12d-1.jpg?fit=1200%2C1600&ssl=1","width":1200,"height":1600},{"@type":"BreadcrumbList","@id":"https:\/\/blogdobispo.com.br\/?p=18778#breadcrumb","itemListElement":[{"@type":"ListItem","position":1,"name":"In\u00edcio","item":"https:\/\/blogdobispo.com.br\/"},{"@type":"ListItem","position":2,"name":"Divulgando Natal h\u00e1 20 anos em transmiss\u00f5es do Carnatal, apresentador Betinho recebe t\u00edtulo de Cidad\u00e3o Natalense do vereador Daniel Santiago"}]},{"@type":"WebSite","@id":"https:\/\/blogdobispo.com.br\/#website","url":"https:\/\/blogdobispo.com.br\/","name":"Blog do Bispo","description":"Comprometido apenas com o leitor","publisher":{"@id":"https:\/\/blogdobispo.com.br\/#organization"},"potentialAction":[{"@type":"SearchAction","target":{"@type":"EntryPoint","urlTemplate":"https:\/\/blogdobispo.com.br\/?s={search_term_string}"},"query-input":{"@type":"PropertyValueSpecification","valueRequired":true,"valueName":"search_term_string"}}],"inLanguage":"pt-BR"},{"@type":"Organization","@id":"https:\/\/blogdobispo.com.br\/#organization","name":"Blog do Bispo","url":"https:\/\/blogdobispo.com.br\/","logo":{"@type":"ImageObject","inLanguage":"pt-BR","@id":"https:\/\/blogdobispo.com.br\/#\/schema\/logo\/image\/","url":"http:\/\/blogdobispo.com.br\/wp-content\/uploads\/2023\/05\/cropped-headear.png","contentUrl":"http:\/\/blogdobispo.com.br\/wp-content\/uploads\/2023\/05\/cropped-headear.png","width":1500,"height":399,"caption":"Blog do Bispo"},"image":{"@id":"https:\/\/blogdobispo.com.br\/#\/schema\/logo\/image\/"}},{"@type":"Person","@id":"https:\/\/blogdobispo.com.br\/#\/schema\/person\/e2209cc0e6cea5c5233d033e997b373f","name":"Jefferson Sterfeno","image":{"@type":"ImageObject","inLanguage":"pt-BR","@id":"https:\/\/blogdobispo.com.br\/#\/schema\/person\/image\/","url":"https:\/\/secure.gravatar.com\/avatar\/0534e84764641168a677026b6d57a3f51dc7ac4db0b4f6186d9cb330d4ee1160?s=96&d=mm&r=g","contentUrl":"https:\/\/secure.gravatar.com\/avatar\/0534e84764641168a677026b6d57a3f51dc7ac4db0b4f6186d9cb330d4ee1160?s=96&d=mm&r=g","caption":"Jefferson Sterfeno"},"sameAs":["http:\/\/blogdobispo.com.br"],"url":"https:\/\/blogdobispo.com.br\/?author=1"}]}},"featured_image_urls":{"full":["https:\/\/i0.wp.com\/blogdobispo.com.br\/wp-content\/uploads\/2025\/12\/b71df3a8-3fa8-4853-a6cd-5a720f9ba12d-1.jpg?fit=1200%2C1600&ssl=1",1200,1600,false],"thumbnail":["https:\/\/i0.wp.com\/blogdobispo.com.br\/wp-content\/uploads\/2025\/12\/b71df3a8-3fa8-4853-a6cd-5a720f9ba12d-1.jpg?resize=150%2C150&ssl=1",150,150,true],"medium":["https:\/\/i0.wp.com\/blogdobispo.com.br\/wp-content\/uploads\/2025\/12\/b71df3a8-3fa8-4853-a6cd-5a720f9ba12d-1.jpg?fit=225%2C300&ssl=1",225,300,true],"medium_large":["https:\/\/i0.wp.com\/blogdobispo.com.br\/wp-content\/uploads\/2025\/12\/b71df3a8-3fa8-4853-a6cd-5a720f9ba12d-1.jpg?fit=768%2C1024&ssl=1",768,1024,true],"large":["https:\/\/i0.wp.com\/blogdobispo.com.br\/wp-content\/uploads\/2025\/12\/b71df3a8-3fa8-4853-a6cd-5a720f9ba12d-1.jpg?fit=768%2C1024&ssl=1",768,1024,true],"1536x1536":["https:\/\/i0.wp.com\/blogdobispo.com.br\/wp-content\/uploads\/2025\/12\/b71df3a8-3fa8-4853-a6cd-5a720f9ba12d-1.jpg?fit=1152%2C1536&ssl=1",1152,1536,true],"2048x2048":["https:\/\/i0.wp.com\/blogdobispo.com.br\/wp-content\/uploads\/2025\/12\/b71df3a8-3fa8-4853-a6cd-5a720f9ba12d-1.jpg?fit=1200%2C1600&ssl=1",1200,1600,true]},"author_info":{"display_name":"Jefferson Sterfeno","author_link":"https:\/\/blogdobispo.com.br\/?author=1"},"category_info":"<a href=\"https:\/\/blogdobispo.com.br\/?cat=1\" rel=\"category\">diversos<\/a>","tag_info":"diversos","comment_count":"0","jetpack_featured_media_url":"https:\/\/i0.wp.com\/blogdobispo.com.br\/wp-content\/uploads\/2025\/12\/b71df3a8-3fa8-4853-a6cd-5a720f9ba12d-1.jpg?fit=1200%2C1600&ssl=1","jetpack_sharing_enabled":true,"_links":{"self":[{"href":"https:\/\/blogdobispo.com.br\/index.php?rest_route=\/wp\/v2\/posts\/18778","targetHints":{"allow":["GET"]}}],"collection":[{"href":"https:\/\/blogdobispo.com.br\/index.php?rest_route=\/wp\/v2\/posts"}],"about":[{"href":"https:\/\/blogdobispo.com.br\/index.php?rest_route=\/wp\/v2\/types\/post"}],"author":[{"embeddable":true,"href":"https:\/\/blogdobispo.com.br\/index.php?rest_route=\/wp\/v2\/users\/1"}],"replies":[{"embeddable":true,"href":"https:\/\/blogdobispo.com.br\/index.php?rest_route=%2Fwp%2Fv2%2Fcomments&post=18778"}],"version-history":[{"count":0,"href":"https:\/\/blogdobispo.com.br\/index.php?rest_route=\/wp\/v2\/posts\/18778\/revisions"}],"wp:featuredmedia":[{"embeddable":true,"href":"https:\/\/blogdobispo.com.br\/index.php?rest_route=\/wp\/v2\/media\/18777"}],"wp:attachment":[{"href":"https:\/\/blogdobispo.com.br\/index.php?rest_route=%2Fwp%2Fv2%2Fmedia&parent=18778"}],"wp:term":[{"taxonomy":"category","embeddable":true,"href":"https:\/\/blogdobispo.com.br\/index.php?rest_route=%2Fwp%2Fv2%2Fcategories&post=18778"},{"taxonomy":"post_tag","embeddable":true,"href":"https:\/\/blogdobispo.com.br\/index.php?rest_route=%2Fwp%2Fv2%2Ftags&post=18778"}],"curies":[{"name":"wp","href":"https:\/\/api.w.org\/{rel}","templated":true}]}}