{"id":18775,"date":"2025-12-05T21:49:13","date_gmt":"2025-12-05T21:49:13","guid":{"rendered":"https:\/\/blogdobispo.com.br\/?p=18775"},"modified":"2025-12-05T21:49:13","modified_gmt":"2025-12-05T21:49:13","slug":"deputado-coronel-azevedo-destaca-confianca-e-celebra-indicacao-de-flavio-bolsonaro-para-a-disputa-presidencial-de-2026","status":"publish","type":"post","link":"https:\/\/blogdobispo.com.br\/?p=18775","title":{"rendered":"Deputado Coronel Azevedo destaca confian\u00e7a e celebra indica\u00e7\u00e3o de Fl\u00e1vio Bolsonaro para a disputa presidencial de 2026"},"content":{"rendered":"\n<figure class=\"wp-block-image size-large\"><img data-recalc-dims=\"1\" fetchpriority=\"high\" decoding=\"async\" width=\"767\" height=\"1024\" src=\"https:\/\/i0.wp.com\/blogdobispo.com.br\/wp-content\/uploads\/2025\/12\/db9ac3ab-7e58-4ed0-bf9f-c75532163c41-767x1024.jpg?resize=767%2C1024&#038;ssl=1\" class=\"wp-image-18773\" srcset=\"https:\/\/i0.wp.com\/blogdobispo.com.br\/wp-content\/uploads\/2025\/12\/db9ac3ab-7e58-4ed0-bf9f-c75532163c41.jpg?resize=767%2C1024&amp;ssl=1 767w, https:\/\/i0.wp.com\/blogdobispo.com.br\/wp-content\/uploads\/2025\/12\/db9ac3ab-7e58-4ed0-bf9f-c75532163c41.jpg?resize=225%2C300&amp;ssl=1 225w, https:\/\/i0.wp.com\/blogdobispo.com.br\/wp-content\/uploads\/2025\/12\/db9ac3ab-7e58-4ed0-bf9f-c75532163c41.jpg?resize=768%2C1025&amp;ssl=1 768w, https:\/\/i0.wp.com\/blogdobispo.com.br\/wp-content\/uploads\/2025\/12\/db9ac3ab-7e58-4ed0-bf9f-c75532163c41.jpg?w=959&amp;ssl=1 959w\" sizes=\"(max-width: 767px) 100vw, 767px\" \/><\/figure>\n\n\n\n<p><\/p>\n\n\n\n<p>O deputado estadual Coronel Azevedo manifestou total apoio e plena confian\u00e7a no senador Fl\u00e1vio Bolsonaro, indicado pelo ex-presidente Jair Bolsonaro como seu pr\u00e9-candidato \u00e0 Presid\u00eancia da Rep\u00fablica nas elei\u00e7\u00f5es de 2026. Para o parlamentar potiguar, a escolha representa a continuidade de um projeto pol\u00edtico que defende valores conservadores, liberdade econ\u00f4mica, seguran\u00e7a e propriedade para o pa\u00eds.<\/p>\n\n\n\n<p>Coronel Azevedo ressaltou que a indica\u00e7\u00e3o refor\u00e7a a uni\u00e3o do campo da direita e demonstra o compromisso do ex-presidente Bolsonaro na supera\u00e7\u00e3o dos desafios postos sobre a na\u00e7\u00e3o brasileira. Segundo o deputado, o senador Fl\u00e1vio re\u00fane experi\u00eancia, preparo, conhecimento e coer\u00eancia para representar milh\u00f5es de brasileiros que desejam um pa\u00eds mais seguro, pr\u00f3spero e com respeito \u00e0s liberdades.<\/p>\n\n\n\n<p>O parlamentar afirmou ainda que seguir\u00e1 trabalhando no Rio Grande do Norte para fortalecer o alinhamento pol\u00edtico em torno do nome de Fl\u00e1vio Bolsonaro, destacando que a escolha traz esperan\u00e7a e renova\u00e7\u00e3o para 2026. Ao final, Coronel Azevedo reafirmou sua pr\u00e9-candidatura \u00e0 reelei\u00e7\u00e3o como deputado estadual e refor\u00e7ou o apoio ao senador Rog\u00e9rio Marinho como nome para Governador do Rio Grande do Norte.<\/p>\n","protected":false},"excerpt":{"rendered":"<p>O deputado estadual Coronel Azevedo manifestou total apoio e plena confian\u00e7a no senador Fl\u00e1vio Bolsonaro, indicado pelo ex-presidente Jair Bolsonaro como seu pr\u00e9-candidato \u00e0 Presid\u00eancia da Rep\u00fablica nas elei\u00e7\u00f5es de 2026. Para o parlamentar potiguar, a escolha representa a continuidade de um projeto pol\u00edtico que defende valores conservadores, liberdade econ\u00f4mica, seguran\u00e7a e propriedade para o [&hellip;]<\/p>\n","protected":false},"author":1,"featured_media":18774,"comment_status":"open","ping_status":"open","sticky":false,"template":"","format":"standard","meta":{"cybocfi_hide_featured_image":"","_jetpack_memberships_contains_paid_content":false,"footnotes":""},"categories":[1],"tags":[],"class_list":["post-18775","post","type-post","status-publish","format-standard","has-post-thumbnail","hentry","category-diversos"],"yoast_head":"<!-- This site is optimized with the Yoast SEO plugin v25.6 - https:\/\/yoast.com\/wordpress\/plugins\/seo\/ -->\n<title>Deputado Coronel Azevedo destaca confian\u00e7a e celebra indica\u00e7\u00e3o de Fl\u00e1vio Bolsonaro para a disputa presidencial de 2026 - Blog do Bispo<\/title>\n<meta name=\"robots\" content=\"index, follow, max-snippet:-1, max-image-preview:large, max-video-preview:-1\" \/>\n<link rel=\"canonical\" href=\"https:\/\/blogdobispo.com.br\/?p=18775\" \/>\n<meta property=\"og:locale\" content=\"pt_BR\" \/>\n<meta property=\"og:type\" content=\"article\" \/>\n<meta property=\"og:title\" content=\"Deputado Coronel Azevedo destaca confian\u00e7a e celebra indica\u00e7\u00e3o de Fl\u00e1vio Bolsonaro para a disputa presidencial de 2026 - Blog do Bispo\" \/>\n<meta property=\"og:description\" content=\"O deputado estadual Coronel Azevedo manifestou total apoio e plena confian\u00e7a no senador Fl\u00e1vio Bolsonaro, indicado pelo ex-presidente Jair Bolsonaro como seu pr\u00e9-candidato \u00e0 Presid\u00eancia da Rep\u00fablica nas elei\u00e7\u00f5es de 2026. Para o parlamentar potiguar, a escolha representa a continuidade de um projeto pol\u00edtico que defende valores conservadores, liberdade econ\u00f4mica, seguran\u00e7a e propriedade para o [&hellip;]\" \/>\n<meta property=\"og:url\" content=\"https:\/\/blogdobispo.com.br\/?p=18775\" \/>\n<meta property=\"og:site_name\" content=\"Blog do Bispo\" \/>\n<meta property=\"article:published_time\" content=\"2025-12-05T21:49:13+00:00\" \/>\n<meta property=\"og:image\" content=\"https:\/\/blogdobispo.com.br\/wp-content\/uploads\/2025\/12\/db9ac3ab-7e58-4ed0-bf9f-c75532163c41-767x1024.jpg\" \/>\n<meta name=\"author\" content=\"Jefferson Sterfeno\" \/>\n<meta name=\"twitter:card\" content=\"summary_large_image\" \/>\n<meta name=\"twitter:label1\" content=\"Escrito por\" \/>\n\t<meta name=\"twitter:data1\" content=\"Jefferson Sterfeno\" \/>\n\t<meta name=\"twitter:label2\" content=\"Est. tempo de leitura\" \/>\n\t<meta name=\"twitter:data2\" content=\"1 minuto\" \/>\n<script type=\"application\/ld+json\" class=\"yoast-schema-graph\">{\"@context\":\"https:\/\/schema.org\",\"@graph\":[{\"@type\":\"Article\",\"@id\":\"https:\/\/blogdobispo.com.br\/?p=18775#article\",\"isPartOf\":{\"@id\":\"https:\/\/blogdobispo.com.br\/?p=18775\"},\"author\":{\"name\":\"Jefferson Sterfeno\",\"@id\":\"https:\/\/blogdobispo.com.br\/#\/schema\/person\/e2209cc0e6cea5c5233d033e997b373f\"},\"headline\":\"Deputado Coronel Azevedo destaca confian\u00e7a e celebra indica\u00e7\u00e3o de Fl\u00e1vio Bolsonaro para a disputa presidencial de 2026\",\"datePublished\":\"2025-12-05T21:49:13+00:00\",\"mainEntityOfPage\":{\"@id\":\"https:\/\/blogdobispo.com.br\/?p=18775\"},\"wordCount\":222,\"commentCount\":0,\"publisher\":{\"@id\":\"https:\/\/blogdobispo.com.br\/#organization\"},\"image\":{\"@id\":\"https:\/\/blogdobispo.com.br\/?p=18775#primaryimage\"},\"thumbnailUrl\":\"https:\/\/i0.wp.com\/blogdobispo.com.br\/wp-content\/uploads\/2025\/12\/db9ac3ab-7e58-4ed0-bf9f-c75532163c41-1.jpg?fit=959%2C1280&ssl=1\",\"articleSection\":[\"diversos\"],\"inLanguage\":\"pt-BR\",\"potentialAction\":[{\"@type\":\"CommentAction\",\"name\":\"Comment\",\"target\":[\"https:\/\/blogdobispo.com.br\/?p=18775#respond\"]}]},{\"@type\":\"WebPage\",\"@id\":\"https:\/\/blogdobispo.com.br\/?p=18775\",\"url\":\"https:\/\/blogdobispo.com.br\/?p=18775\",\"name\":\"Deputado Coronel Azevedo destaca confian\u00e7a e celebra indica\u00e7\u00e3o de Fl\u00e1vio Bolsonaro para a disputa presidencial de 2026 - Blog do Bispo\",\"isPartOf\":{\"@id\":\"https:\/\/blogdobispo.com.br\/#website\"},\"primaryImageOfPage\":{\"@id\":\"https:\/\/blogdobispo.com.br\/?p=18775#primaryimage\"},\"image\":{\"@id\":\"https:\/\/blogdobispo.com.br\/?p=18775#primaryimage\"},\"thumbnailUrl\":\"https:\/\/i0.wp.com\/blogdobispo.com.br\/wp-content\/uploads\/2025\/12\/db9ac3ab-7e58-4ed0-bf9f-c75532163c41-1.jpg?fit=959%2C1280&ssl=1\",\"datePublished\":\"2025-12-05T21:49:13+00:00\",\"breadcrumb\":{\"@id\":\"https:\/\/blogdobispo.com.br\/?p=18775#breadcrumb\"},\"inLanguage\":\"pt-BR\",\"potentialAction\":[{\"@type\":\"ReadAction\",\"target\":[\"https:\/\/blogdobispo.com.br\/?p=18775\"]}]},{\"@type\":\"ImageObject\",\"inLanguage\":\"pt-BR\",\"@id\":\"https:\/\/blogdobispo.com.br\/?p=18775#primaryimage\",\"url\":\"https:\/\/i0.wp.com\/blogdobispo.com.br\/wp-content\/uploads\/2025\/12\/db9ac3ab-7e58-4ed0-bf9f-c75532163c41-1.jpg?fit=959%2C1280&ssl=1\",\"contentUrl\":\"https:\/\/i0.wp.com\/blogdobispo.com.br\/wp-content\/uploads\/2025\/12\/db9ac3ab-7e58-4ed0-bf9f-c75532163c41-1.jpg?fit=959%2C1280&ssl=1\",\"width\":959,\"height\":1280},{\"@type\":\"BreadcrumbList\",\"@id\":\"https:\/\/blogdobispo.com.br\/?p=18775#breadcrumb\",\"itemListElement\":[{\"@type\":\"ListItem\",\"position\":1,\"name\":\"In\u00edcio\",\"item\":\"https:\/\/blogdobispo.com.br\/\"},{\"@type\":\"ListItem\",\"position\":2,\"name\":\"Deputado Coronel Azevedo destaca confian\u00e7a e celebra indica\u00e7\u00e3o de Fl\u00e1vio Bolsonaro para a disputa presidencial de 2026\"}]},{\"@type\":\"WebSite\",\"@id\":\"https:\/\/blogdobispo.com.br\/#website\",\"url\":\"https:\/\/blogdobispo.com.br\/\",\"name\":\"Blog do Bispo\",\"description\":\"Comprometido apenas com o leitor\",\"publisher\":{\"@id\":\"https:\/\/blogdobispo.com.br\/#organization\"},\"potentialAction\":[{\"@type\":\"SearchAction\",\"target\":{\"@type\":\"EntryPoint\",\"urlTemplate\":\"https:\/\/blogdobispo.com.br\/?s={search_term_string}\"},\"query-input\":{\"@type\":\"PropertyValueSpecification\",\"valueRequired\":true,\"valueName\":\"search_term_string\"}}],\"inLanguage\":\"pt-BR\"},{\"@type\":\"Organization\",\"@id\":\"https:\/\/blogdobispo.com.br\/#organization\",\"name\":\"Blog do Bispo\",\"url\":\"https:\/\/blogdobispo.com.br\/\",\"logo\":{\"@type\":\"ImageObject\",\"inLanguage\":\"pt-BR\",\"@id\":\"https:\/\/blogdobispo.com.br\/#\/schema\/logo\/image\/\",\"url\":\"http:\/\/blogdobispo.com.br\/wp-content\/uploads\/2023\/05\/cropped-headear.png\",\"contentUrl\":\"http:\/\/blogdobispo.com.br\/wp-content\/uploads\/2023\/05\/cropped-headear.png\",\"width\":1500,\"height\":399,\"caption\":\"Blog do Bispo\"},\"image\":{\"@id\":\"https:\/\/blogdobispo.com.br\/#\/schema\/logo\/image\/\"}},{\"@type\":\"Person\",\"@id\":\"https:\/\/blogdobispo.com.br\/#\/schema\/person\/e2209cc0e6cea5c5233d033e997b373f\",\"name\":\"Jefferson Sterfeno\",\"image\":{\"@type\":\"ImageObject\",\"inLanguage\":\"pt-BR\",\"@id\":\"https:\/\/blogdobispo.com.br\/#\/schema\/person\/image\/\",\"url\":\"https:\/\/secure.gravatar.com\/avatar\/0534e84764641168a677026b6d57a3f51dc7ac4db0b4f6186d9cb330d4ee1160?s=96&d=mm&r=g\",\"contentUrl\":\"https:\/\/secure.gravatar.com\/avatar\/0534e84764641168a677026b6d57a3f51dc7ac4db0b4f6186d9cb330d4ee1160?s=96&d=mm&r=g\",\"caption\":\"Jefferson Sterfeno\"},\"sameAs\":[\"http:\/\/blogdobispo.com.br\"],\"url\":\"https:\/\/blogdobispo.com.br\/?author=1\"}]}<\/script>\n<!-- \/ Yoast SEO plugin. -->","yoast_head_json":{"title":"Deputado Coronel Azevedo destaca confian\u00e7a e celebra indica\u00e7\u00e3o de Fl\u00e1vio Bolsonaro para a disputa presidencial de 2026 - Blog do Bispo","robots":{"index":"index","follow":"follow","max-snippet":"max-snippet:-1","max-image-preview":"max-image-preview:large","max-video-preview":"max-video-preview:-1"},"canonical":"https:\/\/blogdobispo.com.br\/?p=18775","og_locale":"pt_BR","og_type":"article","og_title":"Deputado Coronel Azevedo destaca confian\u00e7a e celebra indica\u00e7\u00e3o de Fl\u00e1vio Bolsonaro para a disputa presidencial de 2026 - Blog do Bispo","og_description":"O deputado estadual Coronel Azevedo manifestou total apoio e plena confian\u00e7a no senador Fl\u00e1vio Bolsonaro, indicado pelo ex-presidente Jair Bolsonaro como seu pr\u00e9-candidato \u00e0 Presid\u00eancia da Rep\u00fablica nas elei\u00e7\u00f5es de 2026. Para o parlamentar potiguar, a escolha representa a continuidade de um projeto pol\u00edtico que defende valores conservadores, liberdade econ\u00f4mica, seguran\u00e7a e propriedade para o [&hellip;]","og_url":"https:\/\/blogdobispo.com.br\/?p=18775","og_site_name":"Blog do Bispo","article_published_time":"2025-12-05T21:49:13+00:00","og_image":[{"url":"https:\/\/blogdobispo.com.br\/wp-content\/uploads\/2025\/12\/db9ac3ab-7e58-4ed0-bf9f-c75532163c41-767x1024.jpg","type":"","width":"","height":""}],"author":"Jefferson Sterfeno","twitter_card":"summary_large_image","twitter_misc":{"Escrito por":"Jefferson Sterfeno","Est. tempo de leitura":"1 minuto"},"schema":{"@context":"https:\/\/schema.org","@graph":[{"@type":"Article","@id":"https:\/\/blogdobispo.com.br\/?p=18775#article","isPartOf":{"@id":"https:\/\/blogdobispo.com.br\/?p=18775"},"author":{"name":"Jefferson Sterfeno","@id":"https:\/\/blogdobispo.com.br\/#\/schema\/person\/e2209cc0e6cea5c5233d033e997b373f"},"headline":"Deputado Coronel Azevedo destaca confian\u00e7a e celebra indica\u00e7\u00e3o de Fl\u00e1vio Bolsonaro para a disputa presidencial de 2026","datePublished":"2025-12-05T21:49:13+00:00","mainEntityOfPage":{"@id":"https:\/\/blogdobispo.com.br\/?p=18775"},"wordCount":222,"commentCount":0,"publisher":{"@id":"https:\/\/blogdobispo.com.br\/#organization"},"image":{"@id":"https:\/\/blogdobispo.com.br\/?p=18775#primaryimage"},"thumbnailUrl":"https:\/\/i0.wp.com\/blogdobispo.com.br\/wp-content\/uploads\/2025\/12\/db9ac3ab-7e58-4ed0-bf9f-c75532163c41-1.jpg?fit=959%2C1280&ssl=1","articleSection":["diversos"],"inLanguage":"pt-BR","potentialAction":[{"@type":"CommentAction","name":"Comment","target":["https:\/\/blogdobispo.com.br\/?p=18775#respond"]}]},{"@type":"WebPage","@id":"https:\/\/blogdobispo.com.br\/?p=18775","url":"https:\/\/blogdobispo.com.br\/?p=18775","name":"Deputado Coronel Azevedo destaca confian\u00e7a e celebra indica\u00e7\u00e3o de Fl\u00e1vio Bolsonaro para a disputa presidencial de 2026 - Blog do Bispo","isPartOf":{"@id":"https:\/\/blogdobispo.com.br\/#website"},"primaryImageOfPage":{"@id":"https:\/\/blogdobispo.com.br\/?p=18775#primaryimage"},"image":{"@id":"https:\/\/blogdobispo.com.br\/?p=18775#primaryimage"},"thumbnailUrl":"https:\/\/i0.wp.com\/blogdobispo.com.br\/wp-content\/uploads\/2025\/12\/db9ac3ab-7e58-4ed0-bf9f-c75532163c41-1.jpg?fit=959%2C1280&ssl=1","datePublished":"2025-12-05T21:49:13+00:00","breadcrumb":{"@id":"https:\/\/blogdobispo.com.br\/?p=18775#breadcrumb"},"inLanguage":"pt-BR","potentialAction":[{"@type":"ReadAction","target":["https:\/\/blogdobispo.com.br\/?p=18775"]}]},{"@type":"ImageObject","inLanguage":"pt-BR","@id":"https:\/\/blogdobispo.com.br\/?p=18775#primaryimage","url":"https:\/\/i0.wp.com\/blogdobispo.com.br\/wp-content\/uploads\/2025\/12\/db9ac3ab-7e58-4ed0-bf9f-c75532163c41-1.jpg?fit=959%2C1280&ssl=1","contentUrl":"https:\/\/i0.wp.com\/blogdobispo.com.br\/wp-content\/uploads\/2025\/12\/db9ac3ab-7e58-4ed0-bf9f-c75532163c41-1.jpg?fit=959%2C1280&ssl=1","width":959,"height":1280},{"@type":"BreadcrumbList","@id":"https:\/\/blogdobispo.com.br\/?p=18775#breadcrumb","itemListElement":[{"@type":"ListItem","position":1,"name":"In\u00edcio","item":"https:\/\/blogdobispo.com.br\/"},{"@type":"ListItem","position":2,"name":"Deputado Coronel Azevedo destaca confian\u00e7a e celebra indica\u00e7\u00e3o de Fl\u00e1vio Bolsonaro para a disputa presidencial de 2026"}]},{"@type":"WebSite","@id":"https:\/\/blogdobispo.com.br\/#website","url":"https:\/\/blogdobispo.com.br\/","name":"Blog do Bispo","description":"Comprometido apenas com o leitor","publisher":{"@id":"https:\/\/blogdobispo.com.br\/#organization"},"potentialAction":[{"@type":"SearchAction","target":{"@type":"EntryPoint","urlTemplate":"https:\/\/blogdobispo.com.br\/?s={search_term_string}"},"query-input":{"@type":"PropertyValueSpecification","valueRequired":true,"valueName":"search_term_string"}}],"inLanguage":"pt-BR"},{"@type":"Organization","@id":"https:\/\/blogdobispo.com.br\/#organization","name":"Blog do Bispo","url":"https:\/\/blogdobispo.com.br\/","logo":{"@type":"ImageObject","inLanguage":"pt-BR","@id":"https:\/\/blogdobispo.com.br\/#\/schema\/logo\/image\/","url":"http:\/\/blogdobispo.com.br\/wp-content\/uploads\/2023\/05\/cropped-headear.png","contentUrl":"http:\/\/blogdobispo.com.br\/wp-content\/uploads\/2023\/05\/cropped-headear.png","width":1500,"height":399,"caption":"Blog do Bispo"},"image":{"@id":"https:\/\/blogdobispo.com.br\/#\/schema\/logo\/image\/"}},{"@type":"Person","@id":"https:\/\/blogdobispo.com.br\/#\/schema\/person\/e2209cc0e6cea5c5233d033e997b373f","name":"Jefferson Sterfeno","image":{"@type":"ImageObject","inLanguage":"pt-BR","@id":"https:\/\/blogdobispo.com.br\/#\/schema\/person\/image\/","url":"https:\/\/secure.gravatar.com\/avatar\/0534e84764641168a677026b6d57a3f51dc7ac4db0b4f6186d9cb330d4ee1160?s=96&d=mm&r=g","contentUrl":"https:\/\/secure.gravatar.com\/avatar\/0534e84764641168a677026b6d57a3f51dc7ac4db0b4f6186d9cb330d4ee1160?s=96&d=mm&r=g","caption":"Jefferson Sterfeno"},"sameAs":["http:\/\/blogdobispo.com.br"],"url":"https:\/\/blogdobispo.com.br\/?author=1"}]}},"featured_image_urls":{"full":["https:\/\/i0.wp.com\/blogdobispo.com.br\/wp-content\/uploads\/2025\/12\/db9ac3ab-7e58-4ed0-bf9f-c75532163c41-1.jpg?fit=959%2C1280&ssl=1",959,1280,false],"thumbnail":["https:\/\/i0.wp.com\/blogdobispo.com.br\/wp-content\/uploads\/2025\/12\/db9ac3ab-7e58-4ed0-bf9f-c75532163c41-1.jpg?resize=150%2C150&ssl=1",150,150,true],"medium":["https:\/\/i0.wp.com\/blogdobispo.com.br\/wp-content\/uploads\/2025\/12\/db9ac3ab-7e58-4ed0-bf9f-c75532163c41-1.jpg?fit=225%2C300&ssl=1",225,300,true],"medium_large":["https:\/\/i0.wp.com\/blogdobispo.com.br\/wp-content\/uploads\/2025\/12\/db9ac3ab-7e58-4ed0-bf9f-c75532163c41-1.jpg?fit=768%2C1025&ssl=1",768,1025,true],"large":["https:\/\/i0.wp.com\/blogdobispo.com.br\/wp-content\/uploads\/2025\/12\/db9ac3ab-7e58-4ed0-bf9f-c75532163c41-1.jpg?fit=767%2C1024&ssl=1",767,1024,true],"1536x1536":["https:\/\/i0.wp.com\/blogdobispo.com.br\/wp-content\/uploads\/2025\/12\/db9ac3ab-7e58-4ed0-bf9f-c75532163c41-1.jpg?fit=959%2C1280&ssl=1",959,1280,true],"2048x2048":["https:\/\/i0.wp.com\/blogdobispo.com.br\/wp-content\/uploads\/2025\/12\/db9ac3ab-7e58-4ed0-bf9f-c75532163c41-1.jpg?fit=959%2C1280&ssl=1",959,1280,true]},"author_info":{"display_name":"Jefferson Sterfeno","author_link":"https:\/\/blogdobispo.com.br\/?author=1"},"category_info":"<a href=\"https:\/\/blogdobispo.com.br\/?cat=1\" rel=\"category\">diversos<\/a>","tag_info":"diversos","comment_count":"0","jetpack_featured_media_url":"https:\/\/i0.wp.com\/blogdobispo.com.br\/wp-content\/uploads\/2025\/12\/db9ac3ab-7e58-4ed0-bf9f-c75532163c41-1.jpg?fit=959%2C1280&ssl=1","jetpack_sharing_enabled":true,"_links":{"self":[{"href":"https:\/\/blogdobispo.com.br\/index.php?rest_route=\/wp\/v2\/posts\/18775","targetHints":{"allow":["GET"]}}],"collection":[{"href":"https:\/\/blogdobispo.com.br\/index.php?rest_route=\/wp\/v2\/posts"}],"about":[{"href":"https:\/\/blogdobispo.com.br\/index.php?rest_route=\/wp\/v2\/types\/post"}],"author":[{"embeddable":true,"href":"https:\/\/blogdobispo.com.br\/index.php?rest_route=\/wp\/v2\/users\/1"}],"replies":[{"embeddable":true,"href":"https:\/\/blogdobispo.com.br\/index.php?rest_route=%2Fwp%2Fv2%2Fcomments&post=18775"}],"version-history":[{"count":0,"href":"https:\/\/blogdobispo.com.br\/index.php?rest_route=\/wp\/v2\/posts\/18775\/revisions"}],"wp:featuredmedia":[{"embeddable":true,"href":"https:\/\/blogdobispo.com.br\/index.php?rest_route=\/wp\/v2\/media\/18774"}],"wp:attachment":[{"href":"https:\/\/blogdobispo.com.br\/index.php?rest_route=%2Fwp%2Fv2%2Fmedia&parent=18775"}],"wp:term":[{"taxonomy":"category","embeddable":true,"href":"https:\/\/blogdobispo.com.br\/index.php?rest_route=%2Fwp%2Fv2%2Fcategories&post=18775"},{"taxonomy":"post_tag","embeddable":true,"href":"https:\/\/blogdobispo.com.br\/index.php?rest_route=%2Fwp%2Fv2%2Ftags&post=18775"}],"curies":[{"name":"wp","href":"https:\/\/api.w.org\/{rel}","templated":true}]}}