{"id":18767,"date":"2025-12-04T17:37:25","date_gmt":"2025-12-04T17:37:25","guid":{"rendered":"https:\/\/blogdobispo.com.br\/?p=18767"},"modified":"2026-02-02T17:03:14","modified_gmt":"2026-02-02T17:03:14","slug":"alrn-apresenta-projeto-finalista-no-premio-unale-para-os-participantes-da-conferencia","status":"publish","type":"post","link":"https:\/\/blogdobispo.com.br\/?p=18767","title":{"rendered":"ALRN apresenta projeto finalista no Pr\u00eamio Unale para os participantes da Confer\u00eancia"},"content":{"rendered":"<p>O segundo dia da 28\u00aa Confer\u00eancia da Unale foi dedicado \u00e0 apresenta\u00e7\u00e3o dos projetos finalistas do Pr\u00eamio Unale Assembleia Cidad\u00e3 2025, reconhecimento que se consolidou como a principal vitrine das melhores pr\u00e1ticas do Legislativo estadual brasileiro. Entre as finalistas, a Assembleia Legislativa do Rio Grande do Norte, tetracampe\u00e3 da premia\u00e7\u00e3o, voltou a demonstrar por que se mant\u00e9m h\u00e1 anos entre as institui\u00e7\u00f5es mais inovadoras, eficientes e socialmente comprometidas do Pa\u00eds.<\/p>\n<p>Neste ano, a ALRN concorre com o programa Legis V\u00eddeos, uma iniciativa que democratiza o acesso \u00e0s informa\u00e7\u00f5es legislativas por meio de conte\u00fados audiovisuais did\u00e1ticos, acess\u00edveis e de forte alcance social. O projeto traduz, em linguagem clara e moderna, os temas que passam pela Casa, permitindo que a popula\u00e7\u00e3o compreenda melhor seu papel, seus direitos e as transforma\u00e7\u00f5es provocadas pelas leis no cotidiano.<\/p>\n<p>Ser novamente selecionada para disputar o pr\u00eamio \u00e9 motivo de celebra\u00e7\u00e3o e a confirma\u00e7\u00e3o de uma trajet\u00f3ria de gest\u00e3o moderna, planejamento estrat\u00e9gico e investimentos cont\u00ednuos em tecnologia, comunica\u00e7\u00e3o p\u00fablica qualificada e oferta de servi\u00e7os que aproximam o Parlamento da sociedade. A presen\u00e7a da ALRN entre os finalistas reafirma que o Rio Grande do Norte segue contribuindo com experi\u00eancias transformadoras para todo o pa\u00eds.<\/p>\n<p>Durante a apresenta\u00e7\u00e3o, o diretor de Gest\u00e3o Tecnol\u00f3gica da Casa, M\u00e1rio S\u00e9rgio, destacou com firmeza e entusiasmo o diferencial do projeto potiguar.&nbsp;\u201cEstamos todos engajados, trabalhando e fazendo o convencimento dos participantes da confer\u00eancia que s\u00e3o os votantes da elei\u00e7\u00e3o. N\u00e3o tenho d\u00favidas que o Legis V\u00eddeo j\u00e1 \u00e9 um projeto campe\u00e3o por levar cidadania, transpar\u00eancia e tecnologia aos parlamentos do RN e do Brasil\u201d, afirmou.<\/p>\n<p>O reconhecimento alcan\u00e7ado no \u00e2mbito da Unale reflete o esfor\u00e7o integrado da Assembleia para elevar a qualidade dos servi\u00e7os p\u00fablicos, aprimorar a comunica\u00e7\u00e3o institucional e adotar solu\u00e7\u00f5es inovadoras que ampliam o acesso do cidad\u00e3o ao Legislativo. A cada edi\u00e7\u00e3o da premia\u00e7\u00e3o, a ALRN consolida seu papel de protagonista nacional e refor\u00e7a o compromisso de entregar resultados concretos que impactam a vida dos norte-rio-grandenses.<\/p>\n<p>A 28\u00aa Confer\u00eancia Nacional da Unale, que se estender\u00e1 at\u00e9 a pr\u00f3xima sexta-feira (5), tem como tema central &#8220;Humanidade Conectada: Os Legislativos Estaduais no Tempo da IA e das Emerg\u00eancias Clim\u00e1ticas&#8221;. O evento foca no debate sobre o advento da intelig\u00eancia artificial e as novas ferramentas e mecanismos que a inova\u00e7\u00e3o tecnol\u00f3gica apresenta, al\u00e9m das discuss\u00f5es sobre as emerg\u00eancias clim\u00e1ticas. A confer\u00eancia anual tem o objetivo de reunir parlamentares estaduais e federais, servidores legislativos, autoridades governamentais e especialistas nacionais e estrangeiros.<\/p>\n<p>A cidade de Bento Gon\u00e7alves, no Rio Grande do Sul, sedia pela primeira vez o maior evento parlamentar da Am\u00e9rica Latina. A ALRN possui um hist\u00f3rico de destaque na Unale, sendo tetracampe\u00e3 do Pr\u00eamio Unale Assembleia Cidad\u00e3. A institui\u00e7\u00e3o foi reconhecida pelos sistemas Legis RH (2019), e-Legis (2021) e Legis Plen\u00e1rio (2022) na categoria Gest\u00e3o, e pelo projeto &#8216;Assembleia e Voc\u00ea&#8217; (2023) na categoria Atendimento ao Cidad\u00e3o, evidenciando seu compromisso com a inova\u00e7\u00e3o e a efici\u00eancia no servi\u00e7o p\u00fablico.<\/p>\n<p><strong class=\"title-new\"><a class=\"btn-album-noticia\" href=\"https:\/\/www.al.rn.leg.br\/album\/8326\/al-assembleia-legislativa-do-rn-participa-no-2-dia-da-unale-em-bento-goncalvesrs-04122025-ft-eduardo-maia\">\u00c1lbum de fotos<\/a><\/strong><img data-recalc-dims=\"1\" fetchpriority=\"high\" decoding=\"async\" src=\"https:\/\/i0.wp.com\/blogdobispo.com.br\/wp-content\/uploads\/2025\/12\/FQPPhSpPl56FxDYxhhJz6yR2DTCqPxXJTZfF5giN.jpg?resize=300%2C200\" class=\"alignnone size-medium wp-image-18768\" width=\"300\" height=\"200\" alt=\"\" srcset=\"https:\/\/i0.wp.com\/blogdobispo.com.br\/wp-content\/uploads\/2025\/12\/FQPPhSpPl56FxDYxhhJz6yR2DTCqPxXJTZfF5giN.jpg?resize=300%2C200&amp;ssl=1 300w, https:\/\/i0.wp.com\/blogdobispo.com.br\/wp-content\/uploads\/2025\/12\/FQPPhSpPl56FxDYxhhJz6yR2DTCqPxXJTZfF5giN.jpg?resize=1024%2C683&amp;ssl=1 1024w, https:\/\/i0.wp.com\/blogdobispo.com.br\/wp-content\/uploads\/2025\/12\/FQPPhSpPl56FxDYxhhJz6yR2DTCqPxXJTZfF5giN.jpg?resize=768%2C512&amp;ssl=1 768w, https:\/\/i0.wp.com\/blogdobispo.com.br\/wp-content\/uploads\/2025\/12\/FQPPhSpPl56FxDYxhhJz6yR2DTCqPxXJTZfF5giN.jpg?resize=1536%2C1024&amp;ssl=1 1536w, https:\/\/i0.wp.com\/blogdobispo.com.br\/wp-content\/uploads\/2025\/12\/FQPPhSpPl56FxDYxhhJz6yR2DTCqPxXJTZfF5giN.jpg?w=1599&amp;ssl=1 1599w\" sizes=\"(max-width: 300px) 100vw, 300px\" \/><\/p>\n","protected":false},"excerpt":{"rendered":"<p>O segundo dia da 28\u00aa Confer\u00eancia da Unale foi dedicado \u00e0 apresenta\u00e7\u00e3o dos projetos finalistas do Pr\u00eamio Unale Assembleia Cidad\u00e3 2025, reconhecimento que se consolidou como a principal vitrine das melhores pr\u00e1ticas do Legislativo estadual brasileiro. Entre as finalistas, a Assembleia Legislativa do Rio Grande do Norte, tetracampe\u00e3 da premia\u00e7\u00e3o, voltou a demonstrar por que [&hellip;]<\/p>\n","protected":false},"author":1,"featured_media":18768,"comment_status":"open","ping_status":"open","sticky":false,"template":"","format":"standard","meta":{"cybocfi_hide_featured_image":"","_jetpack_memberships_contains_paid_content":false,"footnotes":""},"categories":[1],"tags":[],"class_list":["post-18767","post","type-post","status-publish","format-standard","has-post-thumbnail","hentry","category-diversos"],"yoast_head":"<!-- This site is optimized with the Yoast SEO plugin v25.6 - https:\/\/yoast.com\/wordpress\/plugins\/seo\/ -->\n<title>ALRN apresenta projeto finalista no Pr\u00eamio Unale para os participantes da Confer\u00eancia - Blog do Bispo<\/title>\n<meta name=\"robots\" content=\"index, follow, max-snippet:-1, max-image-preview:large, max-video-preview:-1\" \/>\n<link rel=\"canonical\" href=\"https:\/\/blogdobispo.com.br\/?p=18767\" \/>\n<meta property=\"og:locale\" content=\"pt_BR\" \/>\n<meta property=\"og:type\" content=\"article\" \/>\n<meta property=\"og:title\" content=\"ALRN apresenta projeto finalista no Pr\u00eamio Unale para os participantes da Confer\u00eancia - Blog do Bispo\" \/>\n<meta property=\"og:description\" content=\"O segundo dia da 28\u00aa Confer\u00eancia da Unale foi dedicado \u00e0 apresenta\u00e7\u00e3o dos projetos finalistas do Pr\u00eamio Unale Assembleia Cidad\u00e3 2025, reconhecimento que se consolidou como a principal vitrine das melhores pr\u00e1ticas do Legislativo estadual brasileiro. Entre as finalistas, a Assembleia Legislativa do Rio Grande do Norte, tetracampe\u00e3 da premia\u00e7\u00e3o, voltou a demonstrar por que [&hellip;]\" \/>\n<meta property=\"og:url\" content=\"https:\/\/blogdobispo.com.br\/?p=18767\" \/>\n<meta property=\"og:site_name\" content=\"Blog do Bispo\" \/>\n<meta property=\"article:published_time\" content=\"2025-12-04T17:37:25+00:00\" \/>\n<meta property=\"article:modified_time\" content=\"2026-02-02T17:03:14+00:00\" \/>\n<meta property=\"og:image\" content=\"https:\/\/i0.wp.com\/blogdobispo.com.br\/wp-content\/uploads\/2025\/12\/FQPPhSpPl56FxDYxhhJz6yR2DTCqPxXJTZfF5giN.jpg?fit=1599%2C1066&ssl=1\" \/>\n\t<meta property=\"og:image:width\" content=\"1599\" \/>\n\t<meta property=\"og:image:height\" content=\"1066\" \/>\n\t<meta property=\"og:image:type\" content=\"image\/jpeg\" \/>\n<meta name=\"author\" content=\"Jefferson Sterfeno\" \/>\n<meta name=\"twitter:card\" content=\"summary_large_image\" \/>\n<meta name=\"twitter:label1\" content=\"Escrito por\" \/>\n\t<meta name=\"twitter:data1\" content=\"Jefferson Sterfeno\" \/>\n\t<meta name=\"twitter:label2\" content=\"Est. tempo de leitura\" \/>\n\t<meta name=\"twitter:data2\" content=\"3 minutos\" \/>\n<script type=\"application\/ld+json\" class=\"yoast-schema-graph\">{\"@context\":\"https:\/\/schema.org\",\"@graph\":[{\"@type\":\"Article\",\"@id\":\"https:\/\/blogdobispo.com.br\/?p=18767#article\",\"isPartOf\":{\"@id\":\"https:\/\/blogdobispo.com.br\/?p=18767\"},\"author\":{\"name\":\"Jefferson Sterfeno\",\"@id\":\"https:\/\/blogdobispo.com.br\/#\/schema\/person\/e2209cc0e6cea5c5233d033e997b373f\"},\"headline\":\"ALRN apresenta projeto finalista no Pr\u00eamio Unale para os participantes da Confer\u00eancia\",\"datePublished\":\"2025-12-04T17:37:25+00:00\",\"dateModified\":\"2026-02-02T17:03:14+00:00\",\"mainEntityOfPage\":{\"@id\":\"https:\/\/blogdobispo.com.br\/?p=18767\"},\"wordCount\":568,\"commentCount\":0,\"publisher\":{\"@id\":\"https:\/\/blogdobispo.com.br\/#organization\"},\"image\":{\"@id\":\"https:\/\/blogdobispo.com.br\/?p=18767#primaryimage\"},\"thumbnailUrl\":\"https:\/\/i0.wp.com\/blogdobispo.com.br\/wp-content\/uploads\/2025\/12\/FQPPhSpPl56FxDYxhhJz6yR2DTCqPxXJTZfF5giN.jpg?fit=1599%2C1066&ssl=1\",\"articleSection\":[\"diversos\"],\"inLanguage\":\"pt-BR\",\"potentialAction\":[{\"@type\":\"CommentAction\",\"name\":\"Comment\",\"target\":[\"https:\/\/blogdobispo.com.br\/?p=18767#respond\"]}]},{\"@type\":\"WebPage\",\"@id\":\"https:\/\/blogdobispo.com.br\/?p=18767\",\"url\":\"https:\/\/blogdobispo.com.br\/?p=18767\",\"name\":\"ALRN apresenta projeto finalista no Pr\u00eamio Unale para os participantes da Confer\u00eancia - Blog do Bispo\",\"isPartOf\":{\"@id\":\"https:\/\/blogdobispo.com.br\/#website\"},\"primaryImageOfPage\":{\"@id\":\"https:\/\/blogdobispo.com.br\/?p=18767#primaryimage\"},\"image\":{\"@id\":\"https:\/\/blogdobispo.com.br\/?p=18767#primaryimage\"},\"thumbnailUrl\":\"https:\/\/i0.wp.com\/blogdobispo.com.br\/wp-content\/uploads\/2025\/12\/FQPPhSpPl56FxDYxhhJz6yR2DTCqPxXJTZfF5giN.jpg?fit=1599%2C1066&ssl=1\",\"datePublished\":\"2025-12-04T17:37:25+00:00\",\"dateModified\":\"2026-02-02T17:03:14+00:00\",\"breadcrumb\":{\"@id\":\"https:\/\/blogdobispo.com.br\/?p=18767#breadcrumb\"},\"inLanguage\":\"pt-BR\",\"potentialAction\":[{\"@type\":\"ReadAction\",\"target\":[\"https:\/\/blogdobispo.com.br\/?p=18767\"]}]},{\"@type\":\"ImageObject\",\"inLanguage\":\"pt-BR\",\"@id\":\"https:\/\/blogdobispo.com.br\/?p=18767#primaryimage\",\"url\":\"https:\/\/i0.wp.com\/blogdobispo.com.br\/wp-content\/uploads\/2025\/12\/FQPPhSpPl56FxDYxhhJz6yR2DTCqPxXJTZfF5giN.jpg?fit=1599%2C1066&ssl=1\",\"contentUrl\":\"https:\/\/i0.wp.com\/blogdobispo.com.br\/wp-content\/uploads\/2025\/12\/FQPPhSpPl56FxDYxhhJz6yR2DTCqPxXJTZfF5giN.jpg?fit=1599%2C1066&ssl=1\",\"width\":1599,\"height\":1066},{\"@type\":\"BreadcrumbList\",\"@id\":\"https:\/\/blogdobispo.com.br\/?p=18767#breadcrumb\",\"itemListElement\":[{\"@type\":\"ListItem\",\"position\":1,\"name\":\"In\u00edcio\",\"item\":\"https:\/\/blogdobispo.com.br\/\"},{\"@type\":\"ListItem\",\"position\":2,\"name\":\"ALRN apresenta projeto finalista no Pr\u00eamio Unale para os participantes da Confer\u00eancia\"}]},{\"@type\":\"WebSite\",\"@id\":\"https:\/\/blogdobispo.com.br\/#website\",\"url\":\"https:\/\/blogdobispo.com.br\/\",\"name\":\"Blog do Bispo\",\"description\":\"Comprometido apenas com o leitor\",\"publisher\":{\"@id\":\"https:\/\/blogdobispo.com.br\/#organization\"},\"potentialAction\":[{\"@type\":\"SearchAction\",\"target\":{\"@type\":\"EntryPoint\",\"urlTemplate\":\"https:\/\/blogdobispo.com.br\/?s={search_term_string}\"},\"query-input\":{\"@type\":\"PropertyValueSpecification\",\"valueRequired\":true,\"valueName\":\"search_term_string\"}}],\"inLanguage\":\"pt-BR\"},{\"@type\":\"Organization\",\"@id\":\"https:\/\/blogdobispo.com.br\/#organization\",\"name\":\"Blog do Bispo\",\"url\":\"https:\/\/blogdobispo.com.br\/\",\"logo\":{\"@type\":\"ImageObject\",\"inLanguage\":\"pt-BR\",\"@id\":\"https:\/\/blogdobispo.com.br\/#\/schema\/logo\/image\/\",\"url\":\"http:\/\/blogdobispo.com.br\/wp-content\/uploads\/2023\/05\/cropped-headear.png\",\"contentUrl\":\"http:\/\/blogdobispo.com.br\/wp-content\/uploads\/2023\/05\/cropped-headear.png\",\"width\":1500,\"height\":399,\"caption\":\"Blog do Bispo\"},\"image\":{\"@id\":\"https:\/\/blogdobispo.com.br\/#\/schema\/logo\/image\/\"}},{\"@type\":\"Person\",\"@id\":\"https:\/\/blogdobispo.com.br\/#\/schema\/person\/e2209cc0e6cea5c5233d033e997b373f\",\"name\":\"Jefferson Sterfeno\",\"image\":{\"@type\":\"ImageObject\",\"inLanguage\":\"pt-BR\",\"@id\":\"https:\/\/blogdobispo.com.br\/#\/schema\/person\/image\/\",\"url\":\"https:\/\/secure.gravatar.com\/avatar\/0534e84764641168a677026b6d57a3f51dc7ac4db0b4f6186d9cb330d4ee1160?s=96&d=mm&r=g\",\"contentUrl\":\"https:\/\/secure.gravatar.com\/avatar\/0534e84764641168a677026b6d57a3f51dc7ac4db0b4f6186d9cb330d4ee1160?s=96&d=mm&r=g\",\"caption\":\"Jefferson Sterfeno\"},\"sameAs\":[\"http:\/\/blogdobispo.com.br\"],\"url\":\"https:\/\/blogdobispo.com.br\/?author=1\"}]}<\/script>\n<!-- \/ Yoast SEO plugin. -->","yoast_head_json":{"title":"ALRN apresenta projeto finalista no Pr\u00eamio Unale para os participantes da Confer\u00eancia - Blog do Bispo","robots":{"index":"index","follow":"follow","max-snippet":"max-snippet:-1","max-image-preview":"max-image-preview:large","max-video-preview":"max-video-preview:-1"},"canonical":"https:\/\/blogdobispo.com.br\/?p=18767","og_locale":"pt_BR","og_type":"article","og_title":"ALRN apresenta projeto finalista no Pr\u00eamio Unale para os participantes da Confer\u00eancia - Blog do Bispo","og_description":"O segundo dia da 28\u00aa Confer\u00eancia da Unale foi dedicado \u00e0 apresenta\u00e7\u00e3o dos projetos finalistas do Pr\u00eamio Unale Assembleia Cidad\u00e3 2025, reconhecimento que se consolidou como a principal vitrine das melhores pr\u00e1ticas do Legislativo estadual brasileiro. Entre as finalistas, a Assembleia Legislativa do Rio Grande do Norte, tetracampe\u00e3 da premia\u00e7\u00e3o, voltou a demonstrar por que [&hellip;]","og_url":"https:\/\/blogdobispo.com.br\/?p=18767","og_site_name":"Blog do Bispo","article_published_time":"2025-12-04T17:37:25+00:00","article_modified_time":"2026-02-02T17:03:14+00:00","og_image":[{"width":1599,"height":1066,"url":"https:\/\/i0.wp.com\/blogdobispo.com.br\/wp-content\/uploads\/2025\/12\/FQPPhSpPl56FxDYxhhJz6yR2DTCqPxXJTZfF5giN.jpg?fit=1599%2C1066&ssl=1","type":"image\/jpeg"}],"author":"Jefferson Sterfeno","twitter_card":"summary_large_image","twitter_misc":{"Escrito por":"Jefferson Sterfeno","Est. tempo de leitura":"3 minutos"},"schema":{"@context":"https:\/\/schema.org","@graph":[{"@type":"Article","@id":"https:\/\/blogdobispo.com.br\/?p=18767#article","isPartOf":{"@id":"https:\/\/blogdobispo.com.br\/?p=18767"},"author":{"name":"Jefferson Sterfeno","@id":"https:\/\/blogdobispo.com.br\/#\/schema\/person\/e2209cc0e6cea5c5233d033e997b373f"},"headline":"ALRN apresenta projeto finalista no Pr\u00eamio Unale para os participantes da Confer\u00eancia","datePublished":"2025-12-04T17:37:25+00:00","dateModified":"2026-02-02T17:03:14+00:00","mainEntityOfPage":{"@id":"https:\/\/blogdobispo.com.br\/?p=18767"},"wordCount":568,"commentCount":0,"publisher":{"@id":"https:\/\/blogdobispo.com.br\/#organization"},"image":{"@id":"https:\/\/blogdobispo.com.br\/?p=18767#primaryimage"},"thumbnailUrl":"https:\/\/i0.wp.com\/blogdobispo.com.br\/wp-content\/uploads\/2025\/12\/FQPPhSpPl56FxDYxhhJz6yR2DTCqPxXJTZfF5giN.jpg?fit=1599%2C1066&ssl=1","articleSection":["diversos"],"inLanguage":"pt-BR","potentialAction":[{"@type":"CommentAction","name":"Comment","target":["https:\/\/blogdobispo.com.br\/?p=18767#respond"]}]},{"@type":"WebPage","@id":"https:\/\/blogdobispo.com.br\/?p=18767","url":"https:\/\/blogdobispo.com.br\/?p=18767","name":"ALRN apresenta projeto finalista no Pr\u00eamio Unale para os participantes da Confer\u00eancia - Blog do Bispo","isPartOf":{"@id":"https:\/\/blogdobispo.com.br\/#website"},"primaryImageOfPage":{"@id":"https:\/\/blogdobispo.com.br\/?p=18767#primaryimage"},"image":{"@id":"https:\/\/blogdobispo.com.br\/?p=18767#primaryimage"},"thumbnailUrl":"https:\/\/i0.wp.com\/blogdobispo.com.br\/wp-content\/uploads\/2025\/12\/FQPPhSpPl56FxDYxhhJz6yR2DTCqPxXJTZfF5giN.jpg?fit=1599%2C1066&ssl=1","datePublished":"2025-12-04T17:37:25+00:00","dateModified":"2026-02-02T17:03:14+00:00","breadcrumb":{"@id":"https:\/\/blogdobispo.com.br\/?p=18767#breadcrumb"},"inLanguage":"pt-BR","potentialAction":[{"@type":"ReadAction","target":["https:\/\/blogdobispo.com.br\/?p=18767"]}]},{"@type":"ImageObject","inLanguage":"pt-BR","@id":"https:\/\/blogdobispo.com.br\/?p=18767#primaryimage","url":"https:\/\/i0.wp.com\/blogdobispo.com.br\/wp-content\/uploads\/2025\/12\/FQPPhSpPl56FxDYxhhJz6yR2DTCqPxXJTZfF5giN.jpg?fit=1599%2C1066&ssl=1","contentUrl":"https:\/\/i0.wp.com\/blogdobispo.com.br\/wp-content\/uploads\/2025\/12\/FQPPhSpPl56FxDYxhhJz6yR2DTCqPxXJTZfF5giN.jpg?fit=1599%2C1066&ssl=1","width":1599,"height":1066},{"@type":"BreadcrumbList","@id":"https:\/\/blogdobispo.com.br\/?p=18767#breadcrumb","itemListElement":[{"@type":"ListItem","position":1,"name":"In\u00edcio","item":"https:\/\/blogdobispo.com.br\/"},{"@type":"ListItem","position":2,"name":"ALRN apresenta projeto finalista no Pr\u00eamio Unale para os participantes da Confer\u00eancia"}]},{"@type":"WebSite","@id":"https:\/\/blogdobispo.com.br\/#website","url":"https:\/\/blogdobispo.com.br\/","name":"Blog do Bispo","description":"Comprometido apenas com o leitor","publisher":{"@id":"https:\/\/blogdobispo.com.br\/#organization"},"potentialAction":[{"@type":"SearchAction","target":{"@type":"EntryPoint","urlTemplate":"https:\/\/blogdobispo.com.br\/?s={search_term_string}"},"query-input":{"@type":"PropertyValueSpecification","valueRequired":true,"valueName":"search_term_string"}}],"inLanguage":"pt-BR"},{"@type":"Organization","@id":"https:\/\/blogdobispo.com.br\/#organization","name":"Blog do Bispo","url":"https:\/\/blogdobispo.com.br\/","logo":{"@type":"ImageObject","inLanguage":"pt-BR","@id":"https:\/\/blogdobispo.com.br\/#\/schema\/logo\/image\/","url":"http:\/\/blogdobispo.com.br\/wp-content\/uploads\/2023\/05\/cropped-headear.png","contentUrl":"http:\/\/blogdobispo.com.br\/wp-content\/uploads\/2023\/05\/cropped-headear.png","width":1500,"height":399,"caption":"Blog do Bispo"},"image":{"@id":"https:\/\/blogdobispo.com.br\/#\/schema\/logo\/image\/"}},{"@type":"Person","@id":"https:\/\/blogdobispo.com.br\/#\/schema\/person\/e2209cc0e6cea5c5233d033e997b373f","name":"Jefferson Sterfeno","image":{"@type":"ImageObject","inLanguage":"pt-BR","@id":"https:\/\/blogdobispo.com.br\/#\/schema\/person\/image\/","url":"https:\/\/secure.gravatar.com\/avatar\/0534e84764641168a677026b6d57a3f51dc7ac4db0b4f6186d9cb330d4ee1160?s=96&d=mm&r=g","contentUrl":"https:\/\/secure.gravatar.com\/avatar\/0534e84764641168a677026b6d57a3f51dc7ac4db0b4f6186d9cb330d4ee1160?s=96&d=mm&r=g","caption":"Jefferson Sterfeno"},"sameAs":["http:\/\/blogdobispo.com.br"],"url":"https:\/\/blogdobispo.com.br\/?author=1"}]}},"featured_image_urls":{"full":["https:\/\/i0.wp.com\/blogdobispo.com.br\/wp-content\/uploads\/2025\/12\/FQPPhSpPl56FxDYxhhJz6yR2DTCqPxXJTZfF5giN.jpg?fit=1599%2C1066&ssl=1",1599,1066,false],"thumbnail":["https:\/\/i0.wp.com\/blogdobispo.com.br\/wp-content\/uploads\/2025\/12\/FQPPhSpPl56FxDYxhhJz6yR2DTCqPxXJTZfF5giN.jpg?resize=150%2C150&ssl=1",150,150,true],"medium":["https:\/\/i0.wp.com\/blogdobispo.com.br\/wp-content\/uploads\/2025\/12\/FQPPhSpPl56FxDYxhhJz6yR2DTCqPxXJTZfF5giN.jpg?fit=300%2C200&ssl=1",300,200,true],"medium_large":["https:\/\/i0.wp.com\/blogdobispo.com.br\/wp-content\/uploads\/2025\/12\/FQPPhSpPl56FxDYxhhJz6yR2DTCqPxXJTZfF5giN.jpg?fit=768%2C512&ssl=1",768,512,true],"large":["https:\/\/i0.wp.com\/blogdobispo.com.br\/wp-content\/uploads\/2025\/12\/FQPPhSpPl56FxDYxhhJz6yR2DTCqPxXJTZfF5giN.jpg?fit=800%2C534&ssl=1",800,534,true],"1536x1536":["https:\/\/i0.wp.com\/blogdobispo.com.br\/wp-content\/uploads\/2025\/12\/FQPPhSpPl56FxDYxhhJz6yR2DTCqPxXJTZfF5giN.jpg?fit=1536%2C1024&ssl=1",1536,1024,true],"2048x2048":["https:\/\/i0.wp.com\/blogdobispo.com.br\/wp-content\/uploads\/2025\/12\/FQPPhSpPl56FxDYxhhJz6yR2DTCqPxXJTZfF5giN.jpg?fit=1599%2C1066&ssl=1",1599,1066,true]},"author_info":{"display_name":"Jefferson Sterfeno","author_link":"https:\/\/blogdobispo.com.br\/?author=1"},"category_info":"<a href=\"https:\/\/blogdobispo.com.br\/?cat=1\" rel=\"category\">diversos<\/a>","tag_info":"diversos","comment_count":"0","jetpack_featured_media_url":"https:\/\/i0.wp.com\/blogdobispo.com.br\/wp-content\/uploads\/2025\/12\/FQPPhSpPl56FxDYxhhJz6yR2DTCqPxXJTZfF5giN.jpg?fit=1599%2C1066&ssl=1","jetpack_sharing_enabled":true,"_links":{"self":[{"href":"https:\/\/blogdobispo.com.br\/index.php?rest_route=\/wp\/v2\/posts\/18767","targetHints":{"allow":["GET"]}}],"collection":[{"href":"https:\/\/blogdobispo.com.br\/index.php?rest_route=\/wp\/v2\/posts"}],"about":[{"href":"https:\/\/blogdobispo.com.br\/index.php?rest_route=\/wp\/v2\/types\/post"}],"author":[{"embeddable":true,"href":"https:\/\/blogdobispo.com.br\/index.php?rest_route=\/wp\/v2\/users\/1"}],"replies":[{"embeddable":true,"href":"https:\/\/blogdobispo.com.br\/index.php?rest_route=%2Fwp%2Fv2%2Fcomments&post=18767"}],"version-history":[{"count":2,"href":"https:\/\/blogdobispo.com.br\/index.php?rest_route=\/wp\/v2\/posts\/18767\/revisions"}],"predecessor-version":[{"id":19071,"href":"https:\/\/blogdobispo.com.br\/index.php?rest_route=\/wp\/v2\/posts\/18767\/revisions\/19071"}],"wp:featuredmedia":[{"embeddable":true,"href":"https:\/\/blogdobispo.com.br\/index.php?rest_route=\/wp\/v2\/media\/18768"}],"wp:attachment":[{"href":"https:\/\/blogdobispo.com.br\/index.php?rest_route=%2Fwp%2Fv2%2Fmedia&parent=18767"}],"wp:term":[{"taxonomy":"category","embeddable":true,"href":"https:\/\/blogdobispo.com.br\/index.php?rest_route=%2Fwp%2Fv2%2Fcategories&post=18767"},{"taxonomy":"post_tag","embeddable":true,"href":"https:\/\/blogdobispo.com.br\/index.php?rest_route=%2Fwp%2Fv2%2Ftags&post=18767"}],"curies":[{"name":"wp","href":"https:\/\/api.w.org\/{rel}","templated":true}]}}