{"id":18764,"date":"2025-12-04T17:33:27","date_gmt":"2025-12-04T17:33:27","guid":{"rendered":"https:\/\/blogdobispo.com.br\/?p=18764"},"modified":"2025-12-04T17:33:27","modified_gmt":"2025-12-04T17:33:27","slug":"balanco-legislativo-ubaldo-encerra-2025-celebrando-alta-produtividade","status":"publish","type":"post","link":"https:\/\/blogdobispo.com.br\/?p=18764","title":{"rendered":"Balan\u00e7o legislativo: Ubaldo encerra 2025 celebrando alta produtividade"},"content":{"rendered":"<p>O deputado estadual Ubaldo Fernandes fecha 2025 com um balan\u00e7o num\u00e9rico que traduz a intensidade, a presen\u00e7a e a efic\u00e1cia de seu mandato na Assembleia Legislativa do Rio Grande do Norte.<\/p>\n<p>Membro titular das Comiss\u00f5es de Constitui\u00e7\u00e3o, Justi\u00e7a e Reda\u00e7\u00e3o ede Administra\u00e7\u00e3o, Servi\u00e7os P\u00fablicos, Trabalho e Seguran\u00e7a P\u00fablica, presidente da Comiss\u00e3o de Defesa do Consumidor, dos Direitos Humanos e da Cidadania, integrante da Frente Parlamentar em Defesa dos Direitos das Pessoas com Defici\u00eancia e presidente das Frentes Parlamentares em Defesa do Setor Pesqueiro e da Pessoa Idosa, Ubaldo tamb\u00e9m ampliou sua atua\u00e7\u00e3o tem\u00e1tica e institucional ao longo do ano.<\/p>\n<p>At\u00e9 o in\u00edcio de dezembro, foram 64 projetos de lei protocolados \u2014 entre novas proposi\u00e7\u00f5es e projetos em tramita\u00e7\u00e3o \u2014 e 44 leis sancionadas at\u00e9 02\/12\/2025, resultado de uma atua\u00e7\u00e3o legislativa focada em proteger consumidores, ampliar direitos, modernizar servi\u00e7os e promover inclus\u00e3o social.<\/p>\n<p>Em 2025, Ubaldo tamb\u00e9m esteve \u00e0 frente da campanha educativa do Legislativo em parceria com o Procon RN, \u201cConsumo Respons\u00e1vel: Bom pra voc\u00ea, bom pro com\u00e9rcio\u201d, refor\u00e7ando sua agenda permanente de defesa do consumidor.<\/p>\n<p>No \u00e2mbito das proposi\u00e7\u00f5es de fiscaliza\u00e7\u00e3o e demandas locais, o mandato apresentou 143 requerimentos, direcionados a obras, abastecimento de \u00e1gua, sa\u00fade, infraestrutura vi\u00e1ria, educa\u00e7\u00e3o e seguran\u00e7a, entre outros servi\u00e7os essenciais para munic\u00edpios de todas as regi\u00f5es do estado.<\/p>\n<p>Entre as leis sancionadas, destacam-se medidas de grande impacto social e de prote\u00e7\u00e3o ao cidad\u00e3o: Lei n\u00ba 12.030\/2025 (Campanha \u201cFiel Companhia\u201d contra o abandono de animais); Lei n\u00ba 12.062\/2025 (cartazes contra cyberbullying em espa\u00e7os de uso de computadores); Lei n\u00ba 12.063\/2025 (selo \u201cEmpresa Amiga das Pessoas Idosas\u201d); Lei n\u00ba 12.074\/2025 (informa\u00e7\u00f5es obrigat\u00f3rias sobre direitos dos passageiros em aeroportos); Lei n\u00ba 12.076\/2025 (san\u00e7\u00f5es contra combust\u00edvel adulterado); Lei n\u00ba 12.080\/2025 (promo\u00e7\u00f5es estendidas a clientes pr\u00e9-existentes); Lei n\u00ba 11.130\/2025 (cart\u00e3o digital de vacina\u00e7\u00e3o); Lei n\u00ba 12.139\/2025 (selo AmigoPet); Lei n\u00ba 12.333\/2025 (Programa \u201cAmor com Patas\u201d para ado\u00e7\u00e3o respons\u00e1vel); e Lei n\u00ba 12.519\/2025 (RG em Braille) \u2014 medidas que refletem compromisso com prote\u00e7\u00e3o animal, inclus\u00e3o, defesa do consumidor, sa\u00fade e acessibilidade.<br \/>\nA atua\u00e7\u00e3o parlamentar tamb\u00e9m se traduz em presen\u00e7a e di\u00e1logo: foram realizadas 3 audi\u00eancias p\u00fablicas priorit\u00e1rias em 2025 \u2014 sobre Cidadania Digital nas Escolas; Voos para maior conectividade do RN; e Energias Renov\u00e1veis com Justi\u00e7a e Sustentabilidade \u2014 e promovidas 10 sess\u00f5es solenes dedicadas \u00e0 valoriza\u00e7\u00e3o de personalidades e temas de relev\u00e2ncia cultural, esportiva e social do estado.<\/p>\n<p>Nas bases, o mandato percorreu dezenas de munic\u00edpios para colher demandas e articular recursos. No per\u00edodo de 2025, as emendas parlamentares somam R$ 4.416.000,00, beneficiando 34 munic\u00edpios, com investimentos em sa\u00fade, infraestrutura, cultura, esporte e agricultura familiar.<\/p>\n<p>Os 143 requerimentos apresentados em 2025 incluem pedidos priorit\u00e1rios como o alargamento do trecho da RN-307 (Extremoz\u2013Estivas), reabertura de po\u00e7os artesianos, amplia\u00e7\u00e3o de rede de \u00e1gua em comunidades rurais, destina\u00e7\u00e3o de ambul\u00e2ncias e equipamentos de sa\u00fade, recapeamento e opera\u00e7\u00f5es tapa-buraco em rodovias estaduais, implanta\u00e7\u00e3o de unidades m\u00f3veis do Detran, climatiza\u00e7\u00e3o de escolas, constru\u00e7\u00e3o e requalifica\u00e7\u00e3o de quadras e reforma de equipamentos p\u00fablicos \u2014 a\u00e7\u00f5es concretas que reafirmam a voca\u00e7\u00e3o municipalista do mandato.<\/p>\n<p>Em n\u00fameros e em a\u00e7\u00f5es, Ubaldo Fernandes conclui 2025 com resultados que se traduzem em servi\u00e7os entregues, direitos ampliados e comunidades atendidas. O balan\u00e7o confirma um mandato ativo, mobilizado e pr\u00f3ximo da popula\u00e7\u00e3o \u2014 e aponta para a continuidade do trabalho em 2026, com metas claras de expans\u00e3o de servi\u00e7os, fortalecimento das pol\u00edticas p\u00fablicas e defesa permanente das prioridades do povo potiguar.<img data-recalc-dims=\"1\" fetchpriority=\"high\" decoding=\"async\" class=\"alignnone size-full wp-image-18765\" src=\"https:\/\/i0.wp.com\/blogdobispo.com.br\/wp-content\/uploads\/2025\/12\/IMG-20250917-WA0006.webp?resize=300%2C300\" alt=\"\" width=\"300\" height=\"300\" srcset=\"https:\/\/i0.wp.com\/blogdobispo.com.br\/wp-content\/uploads\/2025\/12\/IMG-20250917-WA0006.webp?w=300&amp;ssl=1 300w, https:\/\/i0.wp.com\/blogdobispo.com.br\/wp-content\/uploads\/2025\/12\/IMG-20250917-WA0006.webp?resize=150%2C150&amp;ssl=1 150w\" sizes=\"(max-width: 300px) 100vw, 300px\" \/><\/p>\n","protected":false},"excerpt":{"rendered":"<p>O deputado estadual Ubaldo Fernandes fecha 2025 com um balan\u00e7o num\u00e9rico que traduz a intensidade, a presen\u00e7a e a efic\u00e1cia de seu mandato na Assembleia Legislativa do Rio Grande do Norte. Membro titular das Comiss\u00f5es de Constitui\u00e7\u00e3o, Justi\u00e7a e Reda\u00e7\u00e3o ede Administra\u00e7\u00e3o, Servi\u00e7os P\u00fablicos, Trabalho e Seguran\u00e7a P\u00fablica, presidente da Comiss\u00e3o de Defesa do Consumidor, [&hellip;]<\/p>\n","protected":false},"author":1,"featured_media":18765,"comment_status":"open","ping_status":"open","sticky":false,"template":"","format":"standard","meta":{"cybocfi_hide_featured_image":"","_jetpack_memberships_contains_paid_content":false,"footnotes":""},"categories":[1],"tags":[],"class_list":["post-18764","post","type-post","status-publish","format-standard","has-post-thumbnail","hentry","category-diversos"],"yoast_head":"<!-- This site is optimized with the Yoast SEO plugin v25.6 - https:\/\/yoast.com\/wordpress\/plugins\/seo\/ -->\n<title>Balan\u00e7o legislativo: Ubaldo encerra 2025 celebrando alta produtividade - Blog do Bispo<\/title>\n<meta name=\"robots\" content=\"index, follow, max-snippet:-1, max-image-preview:large, max-video-preview:-1\" \/>\n<link rel=\"canonical\" href=\"https:\/\/blogdobispo.com.br\/?p=18764\" \/>\n<meta property=\"og:locale\" content=\"pt_BR\" \/>\n<meta property=\"og:type\" content=\"article\" \/>\n<meta property=\"og:title\" content=\"Balan\u00e7o legislativo: Ubaldo encerra 2025 celebrando alta produtividade - Blog do Bispo\" \/>\n<meta property=\"og:description\" content=\"O deputado estadual Ubaldo Fernandes fecha 2025 com um balan\u00e7o num\u00e9rico que traduz a intensidade, a presen\u00e7a e a efic\u00e1cia de seu mandato na Assembleia Legislativa do Rio Grande do Norte. Membro titular das Comiss\u00f5es de Constitui\u00e7\u00e3o, Justi\u00e7a e Reda\u00e7\u00e3o ede Administra\u00e7\u00e3o, Servi\u00e7os P\u00fablicos, Trabalho e Seguran\u00e7a P\u00fablica, presidente da Comiss\u00e3o de Defesa do Consumidor, [&hellip;]\" \/>\n<meta property=\"og:url\" content=\"https:\/\/blogdobispo.com.br\/?p=18764\" \/>\n<meta property=\"og:site_name\" content=\"Blog do Bispo\" \/>\n<meta property=\"article:published_time\" content=\"2025-12-04T17:33:27+00:00\" \/>\n<meta property=\"og:image\" content=\"http:\/\/blogdobispo.com.br\/wp-content\/uploads\/2025\/12\/IMG-20250917-WA0006.webp\" \/>\n\t<meta property=\"og:image:width\" content=\"300\" \/>\n\t<meta property=\"og:image:height\" content=\"300\" \/>\n\t<meta property=\"og:image:type\" content=\"image\/webp\" \/>\n<meta name=\"author\" content=\"Jefferson Sterfeno\" \/>\n<meta name=\"twitter:card\" content=\"summary_large_image\" \/>\n<meta name=\"twitter:label1\" content=\"Escrito por\" \/>\n\t<meta name=\"twitter:data1\" content=\"Jefferson Sterfeno\" \/>\n\t<meta name=\"twitter:label2\" content=\"Est. tempo de leitura\" \/>\n\t<meta name=\"twitter:data2\" content=\"4 minutos\" \/>\n<script type=\"application\/ld+json\" class=\"yoast-schema-graph\">{\"@context\":\"https:\/\/schema.org\",\"@graph\":[{\"@type\":\"Article\",\"@id\":\"https:\/\/blogdobispo.com.br\/?p=18764#article\",\"isPartOf\":{\"@id\":\"https:\/\/blogdobispo.com.br\/?p=18764\"},\"author\":{\"name\":\"Jefferson Sterfeno\",\"@id\":\"https:\/\/blogdobispo.com.br\/#\/schema\/person\/e2209cc0e6cea5c5233d033e997b373f\"},\"headline\":\"Balan\u00e7o legislativo: Ubaldo encerra 2025 celebrando alta produtividade\",\"datePublished\":\"2025-12-04T17:33:27+00:00\",\"mainEntityOfPage\":{\"@id\":\"https:\/\/blogdobispo.com.br\/?p=18764\"},\"wordCount\":628,\"commentCount\":0,\"publisher\":{\"@id\":\"https:\/\/blogdobispo.com.br\/#organization\"},\"image\":{\"@id\":\"https:\/\/blogdobispo.com.br\/?p=18764#primaryimage\"},\"thumbnailUrl\":\"https:\/\/i0.wp.com\/blogdobispo.com.br\/wp-content\/uploads\/2025\/12\/IMG-20250917-WA0006.webp?fit=300%2C300&ssl=1\",\"articleSection\":[\"diversos\"],\"inLanguage\":\"pt-BR\",\"potentialAction\":[{\"@type\":\"CommentAction\",\"name\":\"Comment\",\"target\":[\"https:\/\/blogdobispo.com.br\/?p=18764#respond\"]}]},{\"@type\":\"WebPage\",\"@id\":\"https:\/\/blogdobispo.com.br\/?p=18764\",\"url\":\"https:\/\/blogdobispo.com.br\/?p=18764\",\"name\":\"Balan\u00e7o legislativo: Ubaldo encerra 2025 celebrando alta produtividade - Blog do Bispo\",\"isPartOf\":{\"@id\":\"https:\/\/blogdobispo.com.br\/#website\"},\"primaryImageOfPage\":{\"@id\":\"https:\/\/blogdobispo.com.br\/?p=18764#primaryimage\"},\"image\":{\"@id\":\"https:\/\/blogdobispo.com.br\/?p=18764#primaryimage\"},\"thumbnailUrl\":\"https:\/\/i0.wp.com\/blogdobispo.com.br\/wp-content\/uploads\/2025\/12\/IMG-20250917-WA0006.webp?fit=300%2C300&ssl=1\",\"datePublished\":\"2025-12-04T17:33:27+00:00\",\"breadcrumb\":{\"@id\":\"https:\/\/blogdobispo.com.br\/?p=18764#breadcrumb\"},\"inLanguage\":\"pt-BR\",\"potentialAction\":[{\"@type\":\"ReadAction\",\"target\":[\"https:\/\/blogdobispo.com.br\/?p=18764\"]}]},{\"@type\":\"ImageObject\",\"inLanguage\":\"pt-BR\",\"@id\":\"https:\/\/blogdobispo.com.br\/?p=18764#primaryimage\",\"url\":\"https:\/\/i0.wp.com\/blogdobispo.com.br\/wp-content\/uploads\/2025\/12\/IMG-20250917-WA0006.webp?fit=300%2C300&ssl=1\",\"contentUrl\":\"https:\/\/i0.wp.com\/blogdobispo.com.br\/wp-content\/uploads\/2025\/12\/IMG-20250917-WA0006.webp?fit=300%2C300&ssl=1\",\"width\":300,\"height\":300},{\"@type\":\"BreadcrumbList\",\"@id\":\"https:\/\/blogdobispo.com.br\/?p=18764#breadcrumb\",\"itemListElement\":[{\"@type\":\"ListItem\",\"position\":1,\"name\":\"In\u00edcio\",\"item\":\"https:\/\/blogdobispo.com.br\/\"},{\"@type\":\"ListItem\",\"position\":2,\"name\":\"Balan\u00e7o legislativo: Ubaldo encerra 2025 celebrando alta produtividade\"}]},{\"@type\":\"WebSite\",\"@id\":\"https:\/\/blogdobispo.com.br\/#website\",\"url\":\"https:\/\/blogdobispo.com.br\/\",\"name\":\"Blog do Bispo\",\"description\":\"Comprometido apenas com o leitor\",\"publisher\":{\"@id\":\"https:\/\/blogdobispo.com.br\/#organization\"},\"potentialAction\":[{\"@type\":\"SearchAction\",\"target\":{\"@type\":\"EntryPoint\",\"urlTemplate\":\"https:\/\/blogdobispo.com.br\/?s={search_term_string}\"},\"query-input\":{\"@type\":\"PropertyValueSpecification\",\"valueRequired\":true,\"valueName\":\"search_term_string\"}}],\"inLanguage\":\"pt-BR\"},{\"@type\":\"Organization\",\"@id\":\"https:\/\/blogdobispo.com.br\/#organization\",\"name\":\"Blog do Bispo\",\"url\":\"https:\/\/blogdobispo.com.br\/\",\"logo\":{\"@type\":\"ImageObject\",\"inLanguage\":\"pt-BR\",\"@id\":\"https:\/\/blogdobispo.com.br\/#\/schema\/logo\/image\/\",\"url\":\"http:\/\/blogdobispo.com.br\/wp-content\/uploads\/2023\/05\/cropped-headear.png\",\"contentUrl\":\"http:\/\/blogdobispo.com.br\/wp-content\/uploads\/2023\/05\/cropped-headear.png\",\"width\":1500,\"height\":399,\"caption\":\"Blog do Bispo\"},\"image\":{\"@id\":\"https:\/\/blogdobispo.com.br\/#\/schema\/logo\/image\/\"}},{\"@type\":\"Person\",\"@id\":\"https:\/\/blogdobispo.com.br\/#\/schema\/person\/e2209cc0e6cea5c5233d033e997b373f\",\"name\":\"Jefferson Sterfeno\",\"image\":{\"@type\":\"ImageObject\",\"inLanguage\":\"pt-BR\",\"@id\":\"https:\/\/blogdobispo.com.br\/#\/schema\/person\/image\/\",\"url\":\"https:\/\/secure.gravatar.com\/avatar\/0534e84764641168a677026b6d57a3f51dc7ac4db0b4f6186d9cb330d4ee1160?s=96&d=mm&r=g\",\"contentUrl\":\"https:\/\/secure.gravatar.com\/avatar\/0534e84764641168a677026b6d57a3f51dc7ac4db0b4f6186d9cb330d4ee1160?s=96&d=mm&r=g\",\"caption\":\"Jefferson Sterfeno\"},\"sameAs\":[\"http:\/\/blogdobispo.com.br\"],\"url\":\"https:\/\/blogdobispo.com.br\/?author=1\"}]}<\/script>\n<!-- \/ Yoast SEO plugin. -->","yoast_head_json":{"title":"Balan\u00e7o legislativo: Ubaldo encerra 2025 celebrando alta produtividade - Blog do Bispo","robots":{"index":"index","follow":"follow","max-snippet":"max-snippet:-1","max-image-preview":"max-image-preview:large","max-video-preview":"max-video-preview:-1"},"canonical":"https:\/\/blogdobispo.com.br\/?p=18764","og_locale":"pt_BR","og_type":"article","og_title":"Balan\u00e7o legislativo: Ubaldo encerra 2025 celebrando alta produtividade - Blog do Bispo","og_description":"O deputado estadual Ubaldo Fernandes fecha 2025 com um balan\u00e7o num\u00e9rico que traduz a intensidade, a presen\u00e7a e a efic\u00e1cia de seu mandato na Assembleia Legislativa do Rio Grande do Norte. Membro titular das Comiss\u00f5es de Constitui\u00e7\u00e3o, Justi\u00e7a e Reda\u00e7\u00e3o ede Administra\u00e7\u00e3o, Servi\u00e7os P\u00fablicos, Trabalho e Seguran\u00e7a P\u00fablica, presidente da Comiss\u00e3o de Defesa do Consumidor, [&hellip;]","og_url":"https:\/\/blogdobispo.com.br\/?p=18764","og_site_name":"Blog do Bispo","article_published_time":"2025-12-04T17:33:27+00:00","og_image":[{"width":300,"height":300,"url":"http:\/\/blogdobispo.com.br\/wp-content\/uploads\/2025\/12\/IMG-20250917-WA0006.webp","type":"image\/webp"}],"author":"Jefferson Sterfeno","twitter_card":"summary_large_image","twitter_misc":{"Escrito por":"Jefferson Sterfeno","Est. tempo de leitura":"4 minutos"},"schema":{"@context":"https:\/\/schema.org","@graph":[{"@type":"Article","@id":"https:\/\/blogdobispo.com.br\/?p=18764#article","isPartOf":{"@id":"https:\/\/blogdobispo.com.br\/?p=18764"},"author":{"name":"Jefferson Sterfeno","@id":"https:\/\/blogdobispo.com.br\/#\/schema\/person\/e2209cc0e6cea5c5233d033e997b373f"},"headline":"Balan\u00e7o legislativo: Ubaldo encerra 2025 celebrando alta produtividade","datePublished":"2025-12-04T17:33:27+00:00","mainEntityOfPage":{"@id":"https:\/\/blogdobispo.com.br\/?p=18764"},"wordCount":628,"commentCount":0,"publisher":{"@id":"https:\/\/blogdobispo.com.br\/#organization"},"image":{"@id":"https:\/\/blogdobispo.com.br\/?p=18764#primaryimage"},"thumbnailUrl":"https:\/\/i0.wp.com\/blogdobispo.com.br\/wp-content\/uploads\/2025\/12\/IMG-20250917-WA0006.webp?fit=300%2C300&ssl=1","articleSection":["diversos"],"inLanguage":"pt-BR","potentialAction":[{"@type":"CommentAction","name":"Comment","target":["https:\/\/blogdobispo.com.br\/?p=18764#respond"]}]},{"@type":"WebPage","@id":"https:\/\/blogdobispo.com.br\/?p=18764","url":"https:\/\/blogdobispo.com.br\/?p=18764","name":"Balan\u00e7o legislativo: Ubaldo encerra 2025 celebrando alta produtividade - Blog do Bispo","isPartOf":{"@id":"https:\/\/blogdobispo.com.br\/#website"},"primaryImageOfPage":{"@id":"https:\/\/blogdobispo.com.br\/?p=18764#primaryimage"},"image":{"@id":"https:\/\/blogdobispo.com.br\/?p=18764#primaryimage"},"thumbnailUrl":"https:\/\/i0.wp.com\/blogdobispo.com.br\/wp-content\/uploads\/2025\/12\/IMG-20250917-WA0006.webp?fit=300%2C300&ssl=1","datePublished":"2025-12-04T17:33:27+00:00","breadcrumb":{"@id":"https:\/\/blogdobispo.com.br\/?p=18764#breadcrumb"},"inLanguage":"pt-BR","potentialAction":[{"@type":"ReadAction","target":["https:\/\/blogdobispo.com.br\/?p=18764"]}]},{"@type":"ImageObject","inLanguage":"pt-BR","@id":"https:\/\/blogdobispo.com.br\/?p=18764#primaryimage","url":"https:\/\/i0.wp.com\/blogdobispo.com.br\/wp-content\/uploads\/2025\/12\/IMG-20250917-WA0006.webp?fit=300%2C300&ssl=1","contentUrl":"https:\/\/i0.wp.com\/blogdobispo.com.br\/wp-content\/uploads\/2025\/12\/IMG-20250917-WA0006.webp?fit=300%2C300&ssl=1","width":300,"height":300},{"@type":"BreadcrumbList","@id":"https:\/\/blogdobispo.com.br\/?p=18764#breadcrumb","itemListElement":[{"@type":"ListItem","position":1,"name":"In\u00edcio","item":"https:\/\/blogdobispo.com.br\/"},{"@type":"ListItem","position":2,"name":"Balan\u00e7o legislativo: Ubaldo encerra 2025 celebrando alta produtividade"}]},{"@type":"WebSite","@id":"https:\/\/blogdobispo.com.br\/#website","url":"https:\/\/blogdobispo.com.br\/","name":"Blog do Bispo","description":"Comprometido apenas com o leitor","publisher":{"@id":"https:\/\/blogdobispo.com.br\/#organization"},"potentialAction":[{"@type":"SearchAction","target":{"@type":"EntryPoint","urlTemplate":"https:\/\/blogdobispo.com.br\/?s={search_term_string}"},"query-input":{"@type":"PropertyValueSpecification","valueRequired":true,"valueName":"search_term_string"}}],"inLanguage":"pt-BR"},{"@type":"Organization","@id":"https:\/\/blogdobispo.com.br\/#organization","name":"Blog do Bispo","url":"https:\/\/blogdobispo.com.br\/","logo":{"@type":"ImageObject","inLanguage":"pt-BR","@id":"https:\/\/blogdobispo.com.br\/#\/schema\/logo\/image\/","url":"http:\/\/blogdobispo.com.br\/wp-content\/uploads\/2023\/05\/cropped-headear.png","contentUrl":"http:\/\/blogdobispo.com.br\/wp-content\/uploads\/2023\/05\/cropped-headear.png","width":1500,"height":399,"caption":"Blog do Bispo"},"image":{"@id":"https:\/\/blogdobispo.com.br\/#\/schema\/logo\/image\/"}},{"@type":"Person","@id":"https:\/\/blogdobispo.com.br\/#\/schema\/person\/e2209cc0e6cea5c5233d033e997b373f","name":"Jefferson Sterfeno","image":{"@type":"ImageObject","inLanguage":"pt-BR","@id":"https:\/\/blogdobispo.com.br\/#\/schema\/person\/image\/","url":"https:\/\/secure.gravatar.com\/avatar\/0534e84764641168a677026b6d57a3f51dc7ac4db0b4f6186d9cb330d4ee1160?s=96&d=mm&r=g","contentUrl":"https:\/\/secure.gravatar.com\/avatar\/0534e84764641168a677026b6d57a3f51dc7ac4db0b4f6186d9cb330d4ee1160?s=96&d=mm&r=g","caption":"Jefferson Sterfeno"},"sameAs":["http:\/\/blogdobispo.com.br"],"url":"https:\/\/blogdobispo.com.br\/?author=1"}]}},"featured_image_urls":{"full":["https:\/\/i0.wp.com\/blogdobispo.com.br\/wp-content\/uploads\/2025\/12\/IMG-20250917-WA0006.webp?fit=300%2C300&ssl=1",300,300,false],"thumbnail":["https:\/\/i0.wp.com\/blogdobispo.com.br\/wp-content\/uploads\/2025\/12\/IMG-20250917-WA0006.webp?resize=150%2C150&ssl=1",150,150,true],"medium":["https:\/\/i0.wp.com\/blogdobispo.com.br\/wp-content\/uploads\/2025\/12\/IMG-20250917-WA0006.webp?fit=300%2C300&ssl=1",300,300,true],"medium_large":["https:\/\/i0.wp.com\/blogdobispo.com.br\/wp-content\/uploads\/2025\/12\/IMG-20250917-WA0006.webp?fit=300%2C300&ssl=1",300,300,true],"large":["https:\/\/i0.wp.com\/blogdobispo.com.br\/wp-content\/uploads\/2025\/12\/IMG-20250917-WA0006.webp?fit=300%2C300&ssl=1",300,300,true],"1536x1536":["https:\/\/i0.wp.com\/blogdobispo.com.br\/wp-content\/uploads\/2025\/12\/IMG-20250917-WA0006.webp?fit=300%2C300&ssl=1",300,300,true],"2048x2048":["https:\/\/i0.wp.com\/blogdobispo.com.br\/wp-content\/uploads\/2025\/12\/IMG-20250917-WA0006.webp?fit=300%2C300&ssl=1",300,300,true]},"author_info":{"display_name":"Jefferson Sterfeno","author_link":"https:\/\/blogdobispo.com.br\/?author=1"},"category_info":"<a href=\"https:\/\/blogdobispo.com.br\/?cat=1\" rel=\"category\">diversos<\/a>","tag_info":"diversos","comment_count":"0","jetpack_featured_media_url":"https:\/\/i0.wp.com\/blogdobispo.com.br\/wp-content\/uploads\/2025\/12\/IMG-20250917-WA0006.webp?fit=300%2C300&ssl=1","jetpack_sharing_enabled":true,"_links":{"self":[{"href":"https:\/\/blogdobispo.com.br\/index.php?rest_route=\/wp\/v2\/posts\/18764","targetHints":{"allow":["GET"]}}],"collection":[{"href":"https:\/\/blogdobispo.com.br\/index.php?rest_route=\/wp\/v2\/posts"}],"about":[{"href":"https:\/\/blogdobispo.com.br\/index.php?rest_route=\/wp\/v2\/types\/post"}],"author":[{"embeddable":true,"href":"https:\/\/blogdobispo.com.br\/index.php?rest_route=\/wp\/v2\/users\/1"}],"replies":[{"embeddable":true,"href":"https:\/\/blogdobispo.com.br\/index.php?rest_route=%2Fwp%2Fv2%2Fcomments&post=18764"}],"version-history":[{"count":1,"href":"https:\/\/blogdobispo.com.br\/index.php?rest_route=\/wp\/v2\/posts\/18764\/revisions"}],"predecessor-version":[{"id":18766,"href":"https:\/\/blogdobispo.com.br\/index.php?rest_route=\/wp\/v2\/posts\/18764\/revisions\/18766"}],"wp:featuredmedia":[{"embeddable":true,"href":"https:\/\/blogdobispo.com.br\/index.php?rest_route=\/wp\/v2\/media\/18765"}],"wp:attachment":[{"href":"https:\/\/blogdobispo.com.br\/index.php?rest_route=%2Fwp%2Fv2%2Fmedia&parent=18764"}],"wp:term":[{"taxonomy":"category","embeddable":true,"href":"https:\/\/blogdobispo.com.br\/index.php?rest_route=%2Fwp%2Fv2%2Fcategories&post=18764"},{"taxonomy":"post_tag","embeddable":true,"href":"https:\/\/blogdobispo.com.br\/index.php?rest_route=%2Fwp%2Fv2%2Ftags&post=18764"}],"curies":[{"name":"wp","href":"https:\/\/api.w.org\/{rel}","templated":true}]}}