{"id":18761,"date":"2025-12-04T17:30:30","date_gmt":"2025-12-04T17:30:30","guid":{"rendered":"https:\/\/blogdobispo.com.br\/?p=18761"},"modified":"2025-12-04T17:30:30","modified_gmt":"2025-12-04T17:30:30","slug":"vereador-kleber-fernandes-articula-operacao-para-coibir-acao-de-flanelinhas-na-arvore-de-mirasso","status":"publish","type":"post","link":"https:\/\/blogdobispo.com.br\/?p=18761","title":{"rendered":"Vereador Kleber Fernandes articula opera\u00e7\u00e3o para coibir a\u00e7\u00e3o de flanelinhas na \u00c1rvore de Mirasso"},"content":{"rendered":"<p><img data-recalc-dims=\"1\" fetchpriority=\"high\" decoding=\"async\" class=\"alignnone size-medium wp-image-18762\" src=\"https:\/\/i0.wp.com\/blogdobispo.com.br\/wp-content\/uploads\/2025\/12\/WhatsApp-Image-2025-12-03-at-22.23.16.jpeg?resize=300%2C169\" alt=\"\" width=\"300\" height=\"169\" srcset=\"https:\/\/i0.wp.com\/blogdobispo.com.br\/wp-content\/uploads\/2025\/12\/WhatsApp-Image-2025-12-03-at-22.23.16.jpeg?resize=300%2C169&amp;ssl=1 300w, https:\/\/i0.wp.com\/blogdobispo.com.br\/wp-content\/uploads\/2025\/12\/WhatsApp-Image-2025-12-03-at-22.23.16.jpeg?resize=1024%2C576&amp;ssl=1 1024w, https:\/\/i0.wp.com\/blogdobispo.com.br\/wp-content\/uploads\/2025\/12\/WhatsApp-Image-2025-12-03-at-22.23.16.jpeg?resize=768%2C432&amp;ssl=1 768w, https:\/\/i0.wp.com\/blogdobispo.com.br\/wp-content\/uploads\/2025\/12\/WhatsApp-Image-2025-12-03-at-22.23.16.jpeg?w=1280&amp;ssl=1 1280w\" sizes=\"(max-width: 300px) 100vw, 300px\" \/><\/p>\n<p>A pedido e por iniciativa de of\u00edcio do vereador Kleber Fernandes (Republicanos), presidente da Comiss\u00e3o de Defesa do Consumidor da C\u00e2mara Municipal do Natal, foi realizada na noite desta quarta-feira (3) uma opera\u00e7\u00e3o integrada para coibir a cobran\u00e7a abusiva de flanelinhas no entorno da \u00c1rvore de Mirassol, um dos pontos tur\u00edsticos mais visitados da capital durante o per\u00edodo natalino. A a\u00e7\u00e3o do parlamentar foi motivada ap\u00f3s o recebimento de diversas den\u00fancias, nas quais pessoas estavam sendo coagidas a pagar entre R$ 20 e R$ 30, de forma antecipada, para estacionar em vias p\u00fablicas, pr\u00e1tica considerada ilegal.<\/p>\n<p>A fiscaliza\u00e7\u00e3o contou com a atua\u00e7\u00e3o conjunta do Procon Natal, da Guarda Municipal, por meio da Semdes, da STTU e da Semurb, que se mobilizaram ap\u00f3s o alerta feito pelo vereador, advogado e ex-diretor do Procon Natal. Durante a opera\u00e7\u00e3o, as equipes realizaram abordagens, orientaram motoristas e registraram situa\u00e7\u00f5es de cobran\u00e7a irregular, refor\u00e7ando a seguran\u00e7a e o ordenamento no entorno da \u00c1rvore de Mirassol. Os trabalhadores foram notificados a retirar imediatamente os cones usados para bloquear vagas \u2014 sob pena de recolhimento do material e aplica\u00e7\u00e3o de san\u00e7\u00f5es. A a\u00e7\u00e3o tamb\u00e9m identificou cones oficiais da STTU em posse de alguns desses trabalhadores, que foram prontamente recolhidos pelos agentes de mobilidade urbana.<\/p>\n<p>Kleber afirmou que a cobran\u00e7a antecipada configura pr\u00e1tica abusiva e desrespeita o direito do consumidor, uma vez que vias p\u00fablicas s\u00e3o bens de uso comum e n\u00e3o podem ser apropriadas por particulares. \u201cNosso objetivo \u00e9 proteger os cidad\u00e3os, garantir o direito de ir e vir e assegurar que o clima natalino seja de acolhimento e seguran\u00e7a para todos. A cidade precisa estar preparada para receber as fam\u00edlias e os turistas que visitam a \u00c1rvore de Mirassol, e n\u00e3o podemos tolerar qualquer tentativa de explora\u00e7\u00e3o ou constrangimento\u201d, destacou.<\/p>\n<p>O vereador tamb\u00e9m solicitou que os \u00f3rg\u00e3os municipais mantenham a\u00e7\u00f5es permanentes durante todo o per\u00edodo natalino, de forma a evitar novas ocorr\u00eancias. Ele refor\u00e7ou ainda que os consumidores podem denunciar cobran\u00e7as irregulares diretamente ao Procon Natal, \u00e0 Guarda Municipal ou pela STTU.<\/p>\n","protected":false},"excerpt":{"rendered":"<p>A pedido e por iniciativa de of\u00edcio do vereador Kleber Fernandes (Republicanos), presidente da Comiss\u00e3o de Defesa do Consumidor da C\u00e2mara Municipal do Natal, foi realizada na noite desta quarta-feira (3) uma opera\u00e7\u00e3o integrada para coibir a cobran\u00e7a abusiva de flanelinhas no entorno da \u00c1rvore de Mirassol, um dos pontos tur\u00edsticos mais visitados da capital [&hellip;]<\/p>\n","protected":false},"author":1,"featured_media":18762,"comment_status":"open","ping_status":"open","sticky":false,"template":"","format":"standard","meta":{"cybocfi_hide_featured_image":"","_jetpack_memberships_contains_paid_content":false,"footnotes":""},"categories":[1],"tags":[],"class_list":["post-18761","post","type-post","status-publish","format-standard","has-post-thumbnail","hentry","category-diversos"],"yoast_head":"<!-- This site is optimized with the Yoast SEO plugin v25.6 - https:\/\/yoast.com\/wordpress\/plugins\/seo\/ -->\n<title>Vereador Kleber Fernandes articula opera\u00e7\u00e3o para coibir a\u00e7\u00e3o de flanelinhas na \u00c1rvore de Mirasso - Blog do Bispo<\/title>\n<meta name=\"robots\" content=\"index, follow, max-snippet:-1, max-image-preview:large, max-video-preview:-1\" \/>\n<link rel=\"canonical\" href=\"https:\/\/blogdobispo.com.br\/?p=18761\" \/>\n<meta property=\"og:locale\" content=\"pt_BR\" \/>\n<meta property=\"og:type\" content=\"article\" \/>\n<meta property=\"og:title\" content=\"Vereador Kleber Fernandes articula opera\u00e7\u00e3o para coibir a\u00e7\u00e3o de flanelinhas na \u00c1rvore de Mirasso - Blog do Bispo\" \/>\n<meta property=\"og:description\" content=\"A pedido e por iniciativa de of\u00edcio do vereador Kleber Fernandes (Republicanos), presidente da Comiss\u00e3o de Defesa do Consumidor da C\u00e2mara Municipal do Natal, foi realizada na noite desta quarta-feira (3) uma opera\u00e7\u00e3o integrada para coibir a cobran\u00e7a abusiva de flanelinhas no entorno da \u00c1rvore de Mirassol, um dos pontos tur\u00edsticos mais visitados da capital [&hellip;]\" \/>\n<meta property=\"og:url\" content=\"https:\/\/blogdobispo.com.br\/?p=18761\" \/>\n<meta property=\"og:site_name\" content=\"Blog do Bispo\" \/>\n<meta property=\"article:published_time\" content=\"2025-12-04T17:30:30+00:00\" \/>\n<meta property=\"og:image\" content=\"http:\/\/blogdobispo.com.br\/wp-content\/uploads\/2025\/12\/WhatsApp-Image-2025-12-03-at-22.23.16.jpeg\" \/>\n\t<meta property=\"og:image:width\" content=\"1280\" \/>\n\t<meta property=\"og:image:height\" content=\"720\" \/>\n\t<meta property=\"og:image:type\" content=\"image\/jpeg\" \/>\n<meta name=\"author\" content=\"Jefferson Sterfeno\" \/>\n<meta name=\"twitter:card\" content=\"summary_large_image\" \/>\n<meta name=\"twitter:label1\" content=\"Escrito por\" \/>\n\t<meta name=\"twitter:data1\" content=\"Jefferson Sterfeno\" \/>\n\t<meta name=\"twitter:label2\" content=\"Est. tempo de leitura\" \/>\n\t<meta name=\"twitter:data2\" content=\"3 minutos\" \/>\n<script type=\"application\/ld+json\" class=\"yoast-schema-graph\">{\"@context\":\"https:\/\/schema.org\",\"@graph\":[{\"@type\":\"Article\",\"@id\":\"https:\/\/blogdobispo.com.br\/?p=18761#article\",\"isPartOf\":{\"@id\":\"https:\/\/blogdobispo.com.br\/?p=18761\"},\"author\":{\"name\":\"Jefferson Sterfeno\",\"@id\":\"https:\/\/blogdobispo.com.br\/#\/schema\/person\/e2209cc0e6cea5c5233d033e997b373f\"},\"headline\":\"Vereador Kleber Fernandes articula opera\u00e7\u00e3o para coibir a\u00e7\u00e3o de flanelinhas na \u00c1rvore de Mirasso\",\"datePublished\":\"2025-12-04T17:30:30+00:00\",\"mainEntityOfPage\":{\"@id\":\"https:\/\/blogdobispo.com.br\/?p=18761\"},\"wordCount\":387,\"commentCount\":0,\"publisher\":{\"@id\":\"https:\/\/blogdobispo.com.br\/#organization\"},\"image\":{\"@id\":\"https:\/\/blogdobispo.com.br\/?p=18761#primaryimage\"},\"thumbnailUrl\":\"https:\/\/i0.wp.com\/blogdobispo.com.br\/wp-content\/uploads\/2025\/12\/WhatsApp-Image-2025-12-03-at-22.23.16.jpeg?fit=1280%2C720&ssl=1\",\"articleSection\":[\"diversos\"],\"inLanguage\":\"pt-BR\",\"potentialAction\":[{\"@type\":\"CommentAction\",\"name\":\"Comment\",\"target\":[\"https:\/\/blogdobispo.com.br\/?p=18761#respond\"]}]},{\"@type\":\"WebPage\",\"@id\":\"https:\/\/blogdobispo.com.br\/?p=18761\",\"url\":\"https:\/\/blogdobispo.com.br\/?p=18761\",\"name\":\"Vereador Kleber Fernandes articula opera\u00e7\u00e3o para coibir a\u00e7\u00e3o de flanelinhas na \u00c1rvore de Mirasso - Blog do Bispo\",\"isPartOf\":{\"@id\":\"https:\/\/blogdobispo.com.br\/#website\"},\"primaryImageOfPage\":{\"@id\":\"https:\/\/blogdobispo.com.br\/?p=18761#primaryimage\"},\"image\":{\"@id\":\"https:\/\/blogdobispo.com.br\/?p=18761#primaryimage\"},\"thumbnailUrl\":\"https:\/\/i0.wp.com\/blogdobispo.com.br\/wp-content\/uploads\/2025\/12\/WhatsApp-Image-2025-12-03-at-22.23.16.jpeg?fit=1280%2C720&ssl=1\",\"datePublished\":\"2025-12-04T17:30:30+00:00\",\"breadcrumb\":{\"@id\":\"https:\/\/blogdobispo.com.br\/?p=18761#breadcrumb\"},\"inLanguage\":\"pt-BR\",\"potentialAction\":[{\"@type\":\"ReadAction\",\"target\":[\"https:\/\/blogdobispo.com.br\/?p=18761\"]}]},{\"@type\":\"ImageObject\",\"inLanguage\":\"pt-BR\",\"@id\":\"https:\/\/blogdobispo.com.br\/?p=18761#primaryimage\",\"url\":\"https:\/\/i0.wp.com\/blogdobispo.com.br\/wp-content\/uploads\/2025\/12\/WhatsApp-Image-2025-12-03-at-22.23.16.jpeg?fit=1280%2C720&ssl=1\",\"contentUrl\":\"https:\/\/i0.wp.com\/blogdobispo.com.br\/wp-content\/uploads\/2025\/12\/WhatsApp-Image-2025-12-03-at-22.23.16.jpeg?fit=1280%2C720&ssl=1\",\"width\":1280,\"height\":720},{\"@type\":\"BreadcrumbList\",\"@id\":\"https:\/\/blogdobispo.com.br\/?p=18761#breadcrumb\",\"itemListElement\":[{\"@type\":\"ListItem\",\"position\":1,\"name\":\"In\u00edcio\",\"item\":\"https:\/\/blogdobispo.com.br\/\"},{\"@type\":\"ListItem\",\"position\":2,\"name\":\"Vereador Kleber Fernandes articula opera\u00e7\u00e3o para coibir a\u00e7\u00e3o de flanelinhas na \u00c1rvore de Mirasso\"}]},{\"@type\":\"WebSite\",\"@id\":\"https:\/\/blogdobispo.com.br\/#website\",\"url\":\"https:\/\/blogdobispo.com.br\/\",\"name\":\"Blog do Bispo\",\"description\":\"Comprometido apenas com o leitor\",\"publisher\":{\"@id\":\"https:\/\/blogdobispo.com.br\/#organization\"},\"potentialAction\":[{\"@type\":\"SearchAction\",\"target\":{\"@type\":\"EntryPoint\",\"urlTemplate\":\"https:\/\/blogdobispo.com.br\/?s={search_term_string}\"},\"query-input\":{\"@type\":\"PropertyValueSpecification\",\"valueRequired\":true,\"valueName\":\"search_term_string\"}}],\"inLanguage\":\"pt-BR\"},{\"@type\":\"Organization\",\"@id\":\"https:\/\/blogdobispo.com.br\/#organization\",\"name\":\"Blog do Bispo\",\"url\":\"https:\/\/blogdobispo.com.br\/\",\"logo\":{\"@type\":\"ImageObject\",\"inLanguage\":\"pt-BR\",\"@id\":\"https:\/\/blogdobispo.com.br\/#\/schema\/logo\/image\/\",\"url\":\"http:\/\/blogdobispo.com.br\/wp-content\/uploads\/2023\/05\/cropped-headear.png\",\"contentUrl\":\"http:\/\/blogdobispo.com.br\/wp-content\/uploads\/2023\/05\/cropped-headear.png\",\"width\":1500,\"height\":399,\"caption\":\"Blog do Bispo\"},\"image\":{\"@id\":\"https:\/\/blogdobispo.com.br\/#\/schema\/logo\/image\/\"}},{\"@type\":\"Person\",\"@id\":\"https:\/\/blogdobispo.com.br\/#\/schema\/person\/e2209cc0e6cea5c5233d033e997b373f\",\"name\":\"Jefferson Sterfeno\",\"image\":{\"@type\":\"ImageObject\",\"inLanguage\":\"pt-BR\",\"@id\":\"https:\/\/blogdobispo.com.br\/#\/schema\/person\/image\/\",\"url\":\"https:\/\/secure.gravatar.com\/avatar\/0534e84764641168a677026b6d57a3f51dc7ac4db0b4f6186d9cb330d4ee1160?s=96&d=mm&r=g\",\"contentUrl\":\"https:\/\/secure.gravatar.com\/avatar\/0534e84764641168a677026b6d57a3f51dc7ac4db0b4f6186d9cb330d4ee1160?s=96&d=mm&r=g\",\"caption\":\"Jefferson Sterfeno\"},\"sameAs\":[\"http:\/\/blogdobispo.com.br\"],\"url\":\"https:\/\/blogdobispo.com.br\/?author=1\"}]}<\/script>\n<!-- \/ Yoast SEO plugin. -->","yoast_head_json":{"title":"Vereador Kleber Fernandes articula opera\u00e7\u00e3o para coibir a\u00e7\u00e3o de flanelinhas na \u00c1rvore de Mirasso - Blog do Bispo","robots":{"index":"index","follow":"follow","max-snippet":"max-snippet:-1","max-image-preview":"max-image-preview:large","max-video-preview":"max-video-preview:-1"},"canonical":"https:\/\/blogdobispo.com.br\/?p=18761","og_locale":"pt_BR","og_type":"article","og_title":"Vereador Kleber Fernandes articula opera\u00e7\u00e3o para coibir a\u00e7\u00e3o de flanelinhas na \u00c1rvore de Mirasso - Blog do Bispo","og_description":"A pedido e por iniciativa de of\u00edcio do vereador Kleber Fernandes (Republicanos), presidente da Comiss\u00e3o de Defesa do Consumidor da C\u00e2mara Municipal do Natal, foi realizada na noite desta quarta-feira (3) uma opera\u00e7\u00e3o integrada para coibir a cobran\u00e7a abusiva de flanelinhas no entorno da \u00c1rvore de Mirassol, um dos pontos tur\u00edsticos mais visitados da capital [&hellip;]","og_url":"https:\/\/blogdobispo.com.br\/?p=18761","og_site_name":"Blog do Bispo","article_published_time":"2025-12-04T17:30:30+00:00","og_image":[{"width":1280,"height":720,"url":"http:\/\/blogdobispo.com.br\/wp-content\/uploads\/2025\/12\/WhatsApp-Image-2025-12-03-at-22.23.16.jpeg","type":"image\/jpeg"}],"author":"Jefferson Sterfeno","twitter_card":"summary_large_image","twitter_misc":{"Escrito por":"Jefferson Sterfeno","Est. tempo de leitura":"3 minutos"},"schema":{"@context":"https:\/\/schema.org","@graph":[{"@type":"Article","@id":"https:\/\/blogdobispo.com.br\/?p=18761#article","isPartOf":{"@id":"https:\/\/blogdobispo.com.br\/?p=18761"},"author":{"name":"Jefferson Sterfeno","@id":"https:\/\/blogdobispo.com.br\/#\/schema\/person\/e2209cc0e6cea5c5233d033e997b373f"},"headline":"Vereador Kleber Fernandes articula opera\u00e7\u00e3o para coibir a\u00e7\u00e3o de flanelinhas na \u00c1rvore de Mirasso","datePublished":"2025-12-04T17:30:30+00:00","mainEntityOfPage":{"@id":"https:\/\/blogdobispo.com.br\/?p=18761"},"wordCount":387,"commentCount":0,"publisher":{"@id":"https:\/\/blogdobispo.com.br\/#organization"},"image":{"@id":"https:\/\/blogdobispo.com.br\/?p=18761#primaryimage"},"thumbnailUrl":"https:\/\/i0.wp.com\/blogdobispo.com.br\/wp-content\/uploads\/2025\/12\/WhatsApp-Image-2025-12-03-at-22.23.16.jpeg?fit=1280%2C720&ssl=1","articleSection":["diversos"],"inLanguage":"pt-BR","potentialAction":[{"@type":"CommentAction","name":"Comment","target":["https:\/\/blogdobispo.com.br\/?p=18761#respond"]}]},{"@type":"WebPage","@id":"https:\/\/blogdobispo.com.br\/?p=18761","url":"https:\/\/blogdobispo.com.br\/?p=18761","name":"Vereador Kleber Fernandes articula opera\u00e7\u00e3o para coibir a\u00e7\u00e3o de flanelinhas na \u00c1rvore de Mirasso - Blog do Bispo","isPartOf":{"@id":"https:\/\/blogdobispo.com.br\/#website"},"primaryImageOfPage":{"@id":"https:\/\/blogdobispo.com.br\/?p=18761#primaryimage"},"image":{"@id":"https:\/\/blogdobispo.com.br\/?p=18761#primaryimage"},"thumbnailUrl":"https:\/\/i0.wp.com\/blogdobispo.com.br\/wp-content\/uploads\/2025\/12\/WhatsApp-Image-2025-12-03-at-22.23.16.jpeg?fit=1280%2C720&ssl=1","datePublished":"2025-12-04T17:30:30+00:00","breadcrumb":{"@id":"https:\/\/blogdobispo.com.br\/?p=18761#breadcrumb"},"inLanguage":"pt-BR","potentialAction":[{"@type":"ReadAction","target":["https:\/\/blogdobispo.com.br\/?p=18761"]}]},{"@type":"ImageObject","inLanguage":"pt-BR","@id":"https:\/\/blogdobispo.com.br\/?p=18761#primaryimage","url":"https:\/\/i0.wp.com\/blogdobispo.com.br\/wp-content\/uploads\/2025\/12\/WhatsApp-Image-2025-12-03-at-22.23.16.jpeg?fit=1280%2C720&ssl=1","contentUrl":"https:\/\/i0.wp.com\/blogdobispo.com.br\/wp-content\/uploads\/2025\/12\/WhatsApp-Image-2025-12-03-at-22.23.16.jpeg?fit=1280%2C720&ssl=1","width":1280,"height":720},{"@type":"BreadcrumbList","@id":"https:\/\/blogdobispo.com.br\/?p=18761#breadcrumb","itemListElement":[{"@type":"ListItem","position":1,"name":"In\u00edcio","item":"https:\/\/blogdobispo.com.br\/"},{"@type":"ListItem","position":2,"name":"Vereador Kleber Fernandes articula opera\u00e7\u00e3o para coibir a\u00e7\u00e3o de flanelinhas na \u00c1rvore de Mirasso"}]},{"@type":"WebSite","@id":"https:\/\/blogdobispo.com.br\/#website","url":"https:\/\/blogdobispo.com.br\/","name":"Blog do Bispo","description":"Comprometido apenas com o leitor","publisher":{"@id":"https:\/\/blogdobispo.com.br\/#organization"},"potentialAction":[{"@type":"SearchAction","target":{"@type":"EntryPoint","urlTemplate":"https:\/\/blogdobispo.com.br\/?s={search_term_string}"},"query-input":{"@type":"PropertyValueSpecification","valueRequired":true,"valueName":"search_term_string"}}],"inLanguage":"pt-BR"},{"@type":"Organization","@id":"https:\/\/blogdobispo.com.br\/#organization","name":"Blog do Bispo","url":"https:\/\/blogdobispo.com.br\/","logo":{"@type":"ImageObject","inLanguage":"pt-BR","@id":"https:\/\/blogdobispo.com.br\/#\/schema\/logo\/image\/","url":"http:\/\/blogdobispo.com.br\/wp-content\/uploads\/2023\/05\/cropped-headear.png","contentUrl":"http:\/\/blogdobispo.com.br\/wp-content\/uploads\/2023\/05\/cropped-headear.png","width":1500,"height":399,"caption":"Blog do Bispo"},"image":{"@id":"https:\/\/blogdobispo.com.br\/#\/schema\/logo\/image\/"}},{"@type":"Person","@id":"https:\/\/blogdobispo.com.br\/#\/schema\/person\/e2209cc0e6cea5c5233d033e997b373f","name":"Jefferson Sterfeno","image":{"@type":"ImageObject","inLanguage":"pt-BR","@id":"https:\/\/blogdobispo.com.br\/#\/schema\/person\/image\/","url":"https:\/\/secure.gravatar.com\/avatar\/0534e84764641168a677026b6d57a3f51dc7ac4db0b4f6186d9cb330d4ee1160?s=96&d=mm&r=g","contentUrl":"https:\/\/secure.gravatar.com\/avatar\/0534e84764641168a677026b6d57a3f51dc7ac4db0b4f6186d9cb330d4ee1160?s=96&d=mm&r=g","caption":"Jefferson Sterfeno"},"sameAs":["http:\/\/blogdobispo.com.br"],"url":"https:\/\/blogdobispo.com.br\/?author=1"}]}},"featured_image_urls":{"full":["https:\/\/i0.wp.com\/blogdobispo.com.br\/wp-content\/uploads\/2025\/12\/WhatsApp-Image-2025-12-03-at-22.23.16.jpeg?fit=1280%2C720&ssl=1",1280,720,false],"thumbnail":["https:\/\/i0.wp.com\/blogdobispo.com.br\/wp-content\/uploads\/2025\/12\/WhatsApp-Image-2025-12-03-at-22.23.16.jpeg?resize=150%2C150&ssl=1",150,150,true],"medium":["https:\/\/i0.wp.com\/blogdobispo.com.br\/wp-content\/uploads\/2025\/12\/WhatsApp-Image-2025-12-03-at-22.23.16.jpeg?fit=300%2C169&ssl=1",300,169,true],"medium_large":["https:\/\/i0.wp.com\/blogdobispo.com.br\/wp-content\/uploads\/2025\/12\/WhatsApp-Image-2025-12-03-at-22.23.16.jpeg?fit=768%2C432&ssl=1",768,432,true],"large":["https:\/\/i0.wp.com\/blogdobispo.com.br\/wp-content\/uploads\/2025\/12\/WhatsApp-Image-2025-12-03-at-22.23.16.jpeg?fit=800%2C450&ssl=1",800,450,true],"1536x1536":["https:\/\/i0.wp.com\/blogdobispo.com.br\/wp-content\/uploads\/2025\/12\/WhatsApp-Image-2025-12-03-at-22.23.16.jpeg?fit=1280%2C720&ssl=1",1280,720,true],"2048x2048":["https:\/\/i0.wp.com\/blogdobispo.com.br\/wp-content\/uploads\/2025\/12\/WhatsApp-Image-2025-12-03-at-22.23.16.jpeg?fit=1280%2C720&ssl=1",1280,720,true]},"author_info":{"display_name":"Jefferson Sterfeno","author_link":"https:\/\/blogdobispo.com.br\/?author=1"},"category_info":"<a href=\"https:\/\/blogdobispo.com.br\/?cat=1\" rel=\"category\">diversos<\/a>","tag_info":"diversos","comment_count":"0","jetpack_featured_media_url":"https:\/\/i0.wp.com\/blogdobispo.com.br\/wp-content\/uploads\/2025\/12\/WhatsApp-Image-2025-12-03-at-22.23.16.jpeg?fit=1280%2C720&ssl=1","jetpack_sharing_enabled":true,"_links":{"self":[{"href":"https:\/\/blogdobispo.com.br\/index.php?rest_route=\/wp\/v2\/posts\/18761","targetHints":{"allow":["GET"]}}],"collection":[{"href":"https:\/\/blogdobispo.com.br\/index.php?rest_route=\/wp\/v2\/posts"}],"about":[{"href":"https:\/\/blogdobispo.com.br\/index.php?rest_route=\/wp\/v2\/types\/post"}],"author":[{"embeddable":true,"href":"https:\/\/blogdobispo.com.br\/index.php?rest_route=\/wp\/v2\/users\/1"}],"replies":[{"embeddable":true,"href":"https:\/\/blogdobispo.com.br\/index.php?rest_route=%2Fwp%2Fv2%2Fcomments&post=18761"}],"version-history":[{"count":1,"href":"https:\/\/blogdobispo.com.br\/index.php?rest_route=\/wp\/v2\/posts\/18761\/revisions"}],"predecessor-version":[{"id":18763,"href":"https:\/\/blogdobispo.com.br\/index.php?rest_route=\/wp\/v2\/posts\/18761\/revisions\/18763"}],"wp:featuredmedia":[{"embeddable":true,"href":"https:\/\/blogdobispo.com.br\/index.php?rest_route=\/wp\/v2\/media\/18762"}],"wp:attachment":[{"href":"https:\/\/blogdobispo.com.br\/index.php?rest_route=%2Fwp%2Fv2%2Fmedia&parent=18761"}],"wp:term":[{"taxonomy":"category","embeddable":true,"href":"https:\/\/blogdobispo.com.br\/index.php?rest_route=%2Fwp%2Fv2%2Fcategories&post=18761"},{"taxonomy":"post_tag","embeddable":true,"href":"https:\/\/blogdobispo.com.br\/index.php?rest_route=%2Fwp%2Fv2%2Ftags&post=18761"}],"curies":[{"name":"wp","href":"https:\/\/api.w.org\/{rel}","templated":true}]}}