{"id":18756,"date":"2025-12-04T17:26:39","date_gmt":"2025-12-04T17:26:39","guid":{"rendered":"https:\/\/blogdobispo.com.br\/?p=18756"},"modified":"2025-12-04T17:26:59","modified_gmt":"2025-12-04T17:26:59","slug":"18756","status":"publish","type":"post","link":"https:\/\/blogdobispo.com.br\/?p=18756","title":{"rendered":"Estado tem mais de 2.300 mulheres protegidas pela Patrulha Maria da Penha"},"content":{"rendered":"<p>O Rio Grande do Norte tem mais de 2.300 mulheres acompanhadas pela Patrulha Maria da Penha. De acordo com a secret\u00e1ria estadual das Mulheres, Juventude, Igualdade Racial e Direitos Humanos, J\u00falia Arruda, a rede de prote\u00e7\u00e3o \u00e9 decisiva para evitar feminic\u00eddios. Ela destaca que nenhuma das mulheres sob a patrulha morreu em 2025.<\/p>\n<p>Segundo a secret\u00e1ria, as v\u00edtimas dos feminic\u00eddios registrados no RN neste ano n\u00e3o haviam acionado a rede de prote\u00e7\u00e3o. \u201cAquelas mulheres que acionam a rede t\u00eam a chance de ter suas vidas resguardadas\u201d, afirmou.<\/p>\n<p>\u201cAquela mulher que j\u00e1 rompeu o sil\u00eancio, denunciou, ela tem uma decis\u00e3o judicial, uma medida protetiva. O agressor n\u00e3o pode se aproximar da v\u00edtima. Quando \u00e9 medida protetiva de urg\u00eancia, ela pode ser acompanhada pela Patrulha Maria da Penha. Dessas 2.300 mulheres, nenhuma foi v\u00edtima de feminic\u00eddio. Isso mostra que \u00e9 um programa eficiente que salva vidas\u201d, pontuou J\u00falia Arruda, em entrevista \u00e0 TV Band RN.<\/p>\n<p>J\u00falia Arruda destacou que a rede de prote\u00e7\u00e3o \u00e0s mulheres no RN passou por uma expans\u00e3o significativa nos \u00faltimos anos. Ela afirmou que, em 2020, o Estado tinha apenas um polo da Patrulha Maria da Penha, e que hoje a estrutura est\u00e1 muito mais ampla: \u201cHoje temos 18 polos da Patrulha Maria da Penha, que atendem aos 167 munic\u00edpios\u201d.<\/p>\n<p>Segundo a secret\u00e1ria, a amplia\u00e7\u00e3o n\u00e3o s\u00f3 aumenta a capilaridade do atendimento, como fortalece a resposta r\u00e1pida diante do descumprimento de medidas protetivas e outras situa\u00e7\u00f5es de risco. Al\u00e9m disso, ela informou que h\u00e1 previs\u00e3o de refor\u00e7o no efetivo policial, o que permitir\u00e1 expandir ainda mais a Patrulha. \u201cEm mar\u00e7o vai ser incorporado mais um efetivo da Pol\u00edcia, ent\u00e3o tem a possibilidade tamb\u00e9m de ampliar esse efetivo e instrumentalizar\u201d.<\/p>\n<p>O alerta ocorre em um cen\u00e1rio de agravamento da viol\u00eancia de g\u00eanero no Estado. At\u00e9 novembro deste ano, o RN registrou 21 feminic\u00eddios, n\u00famero que j\u00e1 supera todo o ano de 2024, quando 19 mulheres foram mortas, segundo dados da Secretaria Estadual de Seguran\u00e7a P\u00fablica e do Anu\u00e1rio Brasileiro de Seguran\u00e7a P\u00fablica. O dado se soma ao avan\u00e7o das tentativas de feminic\u00eddio, que saltaram 71,8% entre 2023 e 2024.<\/p>\n<p>A secret\u00e1ria J\u00falia Arruda refor\u00e7ou que denunciar o agressor \u00e9 um processo dif\u00edcil, marcado por depend\u00eancia emocional e financeira, mas indispens\u00e1vel. \u201cPior do que a den\u00fancia \u00e9 n\u00e3o denunciar\u201d, disse ela. Destacou que, ao romper o sil\u00eancio, a v\u00edtima passa a ter acesso a instrumentos de prote\u00e7\u00e3o como a medida protetiva e o acompanhamento da patrulha especializada.<\/p>\n<p>\u201cQuando os direitos dessa mulher forem violados, s\u00e3o esses profissionais que v\u00e3o acolher\u201d, afirmou sobre a capacita\u00e7\u00e3o de policiais e agentes de seguran\u00e7a.<\/p>\n<p>A secret\u00e1ria detalhou tamb\u00e9m as a\u00e7\u00f5es da campanha 21 Dias de Ativismo pelo Fim da Viol\u00eancia contra as Mulheres, que ocorre de 20 de novembro a 10 de dezembro. A campanha inclui atividades em escolas, blitz educativas, mobiliza\u00e7\u00f5es nos trens urbanos e forma\u00e7\u00f5es para profissionais da seguran\u00e7a p\u00fablica.<\/p>\n<p>Ela lembrou que o per\u00edodo ampliado \u2013 antes eram 16 dias \u2013 come\u00e7a no Dia da Consci\u00eancia Negra por reconhecer a sobrecarga da viol\u00eancia sobre mulheres negras. \u201cN\u00e3o tem como falar de enfrentamento \u00e0 viol\u00eancia sem pensar no enfrentamento \u00e0 pauta racial\u201d, afirmou. J\u00falia tamb\u00e9m mencionou a Marcha das Mulheres, que reuniu mais de 500 mil participantes em Bras\u00edlia no \u00faltimo dia 25.<\/p>\n<p>Outra prioridade, segundo a gestora, \u00e9 garantir autonomia econ\u00f4mica \u00e0s v\u00edtimas. J\u00falia destacou o decreto que prev\u00ea que ao menos 5% das vagas de empresas terceirizadas do governo estadual sejam destinadas a mulheres em situa\u00e7\u00e3o de viol\u00eancia, al\u00e9m da legisla\u00e7\u00e3o federal que determina 8%.<\/p>\n<p>AGORA RN<img data-recalc-dims=\"1\" fetchpriority=\"high\" decoding=\"async\" class=\"alignnone size-medium wp-image-18757\" src=\"https:\/\/i0.wp.com\/blogdobispo.com.br\/wp-content\/uploads\/2025\/12\/image-66-e1764807126829-830x468.png.webp?resize=300%2C169\" alt=\"\" width=\"300\" height=\"169\" srcset=\"https:\/\/i0.wp.com\/blogdobispo.com.br\/wp-content\/uploads\/2025\/12\/image-66-e1764807126829-830x468.png.webp?resize=300%2C169&amp;ssl=1 300w, https:\/\/i0.wp.com\/blogdobispo.com.br\/wp-content\/uploads\/2025\/12\/image-66-e1764807126829-830x468.png.webp?resize=768%2C433&amp;ssl=1 768w, https:\/\/i0.wp.com\/blogdobispo.com.br\/wp-content\/uploads\/2025\/12\/image-66-e1764807126829-830x468.png.webp?w=830&amp;ssl=1 830w\" sizes=\"(max-width: 300px) 100vw, 300px\" \/><\/p>\n","protected":false},"excerpt":{"rendered":"<p>O Rio Grande do Norte tem mais de 2.300 mulheres acompanhadas pela Patrulha Maria da Penha. De acordo com a secret\u00e1ria estadual das Mulheres, Juventude, Igualdade Racial e Direitos Humanos, J\u00falia Arruda, a rede de prote\u00e7\u00e3o \u00e9 decisiva para evitar feminic\u00eddios. Ela destaca que nenhuma das mulheres sob a patrulha morreu em 2025. Segundo a [&hellip;]<\/p>\n","protected":false},"author":1,"featured_media":18757,"comment_status":"open","ping_status":"open","sticky":false,"template":"","format":"standard","meta":{"cybocfi_hide_featured_image":"","_jetpack_memberships_contains_paid_content":false,"footnotes":""},"categories":[1],"tags":[],"class_list":["post-18756","post","type-post","status-publish","format-standard","has-post-thumbnail","hentry","category-diversos"],"yoast_head":"<!-- This site is optimized with the Yoast SEO plugin v25.6 - https:\/\/yoast.com\/wordpress\/plugins\/seo\/ -->\n<title>Estado tem mais de 2.300 mulheres protegidas pela Patrulha Maria da Penha - Blog do Bispo<\/title>\n<meta name=\"robots\" content=\"index, follow, max-snippet:-1, max-image-preview:large, max-video-preview:-1\" \/>\n<link rel=\"canonical\" href=\"https:\/\/blogdobispo.com.br\/?p=18756\" \/>\n<meta property=\"og:locale\" content=\"pt_BR\" \/>\n<meta property=\"og:type\" content=\"article\" \/>\n<meta property=\"og:title\" content=\"Estado tem mais de 2.300 mulheres protegidas pela Patrulha Maria da Penha - Blog do Bispo\" \/>\n<meta property=\"og:description\" content=\"O Rio Grande do Norte tem mais de 2.300 mulheres acompanhadas pela Patrulha Maria da Penha. De acordo com a secret\u00e1ria estadual das Mulheres, Juventude, Igualdade Racial e Direitos Humanos, J\u00falia Arruda, a rede de prote\u00e7\u00e3o \u00e9 decisiva para evitar feminic\u00eddios. Ela destaca que nenhuma das mulheres sob a patrulha morreu em 2025. Segundo a [&hellip;]\" \/>\n<meta property=\"og:url\" content=\"https:\/\/blogdobispo.com.br\/?p=18756\" \/>\n<meta property=\"og:site_name\" content=\"Blog do Bispo\" \/>\n<meta property=\"article:published_time\" content=\"2025-12-04T17:26:39+00:00\" \/>\n<meta property=\"article:modified_time\" content=\"2025-12-04T17:26:59+00:00\" \/>\n<meta property=\"og:image\" content=\"http:\/\/blogdobispo.com.br\/wp-content\/uploads\/2025\/12\/image-66-e1764807126829-830x468.png.webp\" \/>\n\t<meta property=\"og:image:width\" content=\"830\" \/>\n\t<meta property=\"og:image:height\" content=\"468\" \/>\n\t<meta property=\"og:image:type\" content=\"image\/webp\" \/>\n<meta name=\"author\" content=\"Jefferson Sterfeno\" \/>\n<meta name=\"twitter:card\" content=\"summary_large_image\" \/>\n<meta name=\"twitter:label1\" content=\"Escrito por\" \/>\n\t<meta name=\"twitter:data1\" content=\"Jefferson Sterfeno\" \/>\n\t<meta name=\"twitter:label2\" content=\"Est. tempo de leitura\" \/>\n\t<meta name=\"twitter:data2\" content=\"4 minutos\" \/>\n<script type=\"application\/ld+json\" class=\"yoast-schema-graph\">{\"@context\":\"https:\/\/schema.org\",\"@graph\":[{\"@type\":\"Article\",\"@id\":\"https:\/\/blogdobispo.com.br\/?p=18756#article\",\"isPartOf\":{\"@id\":\"https:\/\/blogdobispo.com.br\/?p=18756\"},\"author\":{\"name\":\"Jefferson Sterfeno\",\"@id\":\"https:\/\/blogdobispo.com.br\/#\/schema\/person\/e2209cc0e6cea5c5233d033e997b373f\"},\"headline\":\"Estado tem mais de 2.300 mulheres protegidas pela Patrulha Maria da Penha\",\"datePublished\":\"2025-12-04T17:26:39+00:00\",\"dateModified\":\"2025-12-04T17:26:59+00:00\",\"mainEntityOfPage\":{\"@id\":\"https:\/\/blogdobispo.com.br\/?p=18756\"},\"wordCount\":652,\"commentCount\":0,\"publisher\":{\"@id\":\"https:\/\/blogdobispo.com.br\/#organization\"},\"image\":{\"@id\":\"https:\/\/blogdobispo.com.br\/?p=18756#primaryimage\"},\"thumbnailUrl\":\"https:\/\/i0.wp.com\/blogdobispo.com.br\/wp-content\/uploads\/2025\/12\/image-66-e1764807126829-830x468.png.webp?fit=830%2C468&ssl=1\",\"articleSection\":[\"diversos\"],\"inLanguage\":\"pt-BR\",\"potentialAction\":[{\"@type\":\"CommentAction\",\"name\":\"Comment\",\"target\":[\"https:\/\/blogdobispo.com.br\/?p=18756#respond\"]}]},{\"@type\":\"WebPage\",\"@id\":\"https:\/\/blogdobispo.com.br\/?p=18756\",\"url\":\"https:\/\/blogdobispo.com.br\/?p=18756\",\"name\":\"Estado tem mais de 2.300 mulheres protegidas pela Patrulha Maria da Penha - Blog do Bispo\",\"isPartOf\":{\"@id\":\"https:\/\/blogdobispo.com.br\/#website\"},\"primaryImageOfPage\":{\"@id\":\"https:\/\/blogdobispo.com.br\/?p=18756#primaryimage\"},\"image\":{\"@id\":\"https:\/\/blogdobispo.com.br\/?p=18756#primaryimage\"},\"thumbnailUrl\":\"https:\/\/i0.wp.com\/blogdobispo.com.br\/wp-content\/uploads\/2025\/12\/image-66-e1764807126829-830x468.png.webp?fit=830%2C468&ssl=1\",\"datePublished\":\"2025-12-04T17:26:39+00:00\",\"dateModified\":\"2025-12-04T17:26:59+00:00\",\"breadcrumb\":{\"@id\":\"https:\/\/blogdobispo.com.br\/?p=18756#breadcrumb\"},\"inLanguage\":\"pt-BR\",\"potentialAction\":[{\"@type\":\"ReadAction\",\"target\":[\"https:\/\/blogdobispo.com.br\/?p=18756\"]}]},{\"@type\":\"ImageObject\",\"inLanguage\":\"pt-BR\",\"@id\":\"https:\/\/blogdobispo.com.br\/?p=18756#primaryimage\",\"url\":\"https:\/\/i0.wp.com\/blogdobispo.com.br\/wp-content\/uploads\/2025\/12\/image-66-e1764807126829-830x468.png.webp?fit=830%2C468&ssl=1\",\"contentUrl\":\"https:\/\/i0.wp.com\/blogdobispo.com.br\/wp-content\/uploads\/2025\/12\/image-66-e1764807126829-830x468.png.webp?fit=830%2C468&ssl=1\",\"width\":830,\"height\":468},{\"@type\":\"BreadcrumbList\",\"@id\":\"https:\/\/blogdobispo.com.br\/?p=18756#breadcrumb\",\"itemListElement\":[{\"@type\":\"ListItem\",\"position\":1,\"name\":\"In\u00edcio\",\"item\":\"https:\/\/blogdobispo.com.br\/\"},{\"@type\":\"ListItem\",\"position\":2,\"name\":\"Estado tem mais de 2.300 mulheres protegidas pela Patrulha Maria da Penha\"}]},{\"@type\":\"WebSite\",\"@id\":\"https:\/\/blogdobispo.com.br\/#website\",\"url\":\"https:\/\/blogdobispo.com.br\/\",\"name\":\"Blog do Bispo\",\"description\":\"Comprometido apenas com o leitor\",\"publisher\":{\"@id\":\"https:\/\/blogdobispo.com.br\/#organization\"},\"potentialAction\":[{\"@type\":\"SearchAction\",\"target\":{\"@type\":\"EntryPoint\",\"urlTemplate\":\"https:\/\/blogdobispo.com.br\/?s={search_term_string}\"},\"query-input\":{\"@type\":\"PropertyValueSpecification\",\"valueRequired\":true,\"valueName\":\"search_term_string\"}}],\"inLanguage\":\"pt-BR\"},{\"@type\":\"Organization\",\"@id\":\"https:\/\/blogdobispo.com.br\/#organization\",\"name\":\"Blog do Bispo\",\"url\":\"https:\/\/blogdobispo.com.br\/\",\"logo\":{\"@type\":\"ImageObject\",\"inLanguage\":\"pt-BR\",\"@id\":\"https:\/\/blogdobispo.com.br\/#\/schema\/logo\/image\/\",\"url\":\"http:\/\/blogdobispo.com.br\/wp-content\/uploads\/2023\/05\/cropped-headear.png\",\"contentUrl\":\"http:\/\/blogdobispo.com.br\/wp-content\/uploads\/2023\/05\/cropped-headear.png\",\"width\":1500,\"height\":399,\"caption\":\"Blog do Bispo\"},\"image\":{\"@id\":\"https:\/\/blogdobispo.com.br\/#\/schema\/logo\/image\/\"}},{\"@type\":\"Person\",\"@id\":\"https:\/\/blogdobispo.com.br\/#\/schema\/person\/e2209cc0e6cea5c5233d033e997b373f\",\"name\":\"Jefferson Sterfeno\",\"image\":{\"@type\":\"ImageObject\",\"inLanguage\":\"pt-BR\",\"@id\":\"https:\/\/blogdobispo.com.br\/#\/schema\/person\/image\/\",\"url\":\"https:\/\/secure.gravatar.com\/avatar\/0534e84764641168a677026b6d57a3f51dc7ac4db0b4f6186d9cb330d4ee1160?s=96&d=mm&r=g\",\"contentUrl\":\"https:\/\/secure.gravatar.com\/avatar\/0534e84764641168a677026b6d57a3f51dc7ac4db0b4f6186d9cb330d4ee1160?s=96&d=mm&r=g\",\"caption\":\"Jefferson Sterfeno\"},\"sameAs\":[\"http:\/\/blogdobispo.com.br\"],\"url\":\"https:\/\/blogdobispo.com.br\/?author=1\"}]}<\/script>\n<!-- \/ Yoast SEO plugin. -->","yoast_head_json":{"title":"Estado tem mais de 2.300 mulheres protegidas pela Patrulha Maria da Penha - Blog do Bispo","robots":{"index":"index","follow":"follow","max-snippet":"max-snippet:-1","max-image-preview":"max-image-preview:large","max-video-preview":"max-video-preview:-1"},"canonical":"https:\/\/blogdobispo.com.br\/?p=18756","og_locale":"pt_BR","og_type":"article","og_title":"Estado tem mais de 2.300 mulheres protegidas pela Patrulha Maria da Penha - Blog do Bispo","og_description":"O Rio Grande do Norte tem mais de 2.300 mulheres acompanhadas pela Patrulha Maria da Penha. De acordo com a secret\u00e1ria estadual das Mulheres, Juventude, Igualdade Racial e Direitos Humanos, J\u00falia Arruda, a rede de prote\u00e7\u00e3o \u00e9 decisiva para evitar feminic\u00eddios. Ela destaca que nenhuma das mulheres sob a patrulha morreu em 2025. Segundo a [&hellip;]","og_url":"https:\/\/blogdobispo.com.br\/?p=18756","og_site_name":"Blog do Bispo","article_published_time":"2025-12-04T17:26:39+00:00","article_modified_time":"2025-12-04T17:26:59+00:00","og_image":[{"width":830,"height":468,"url":"http:\/\/blogdobispo.com.br\/wp-content\/uploads\/2025\/12\/image-66-e1764807126829-830x468.png.webp","type":"image\/webp"}],"author":"Jefferson Sterfeno","twitter_card":"summary_large_image","twitter_misc":{"Escrito por":"Jefferson Sterfeno","Est. tempo de leitura":"4 minutos"},"schema":{"@context":"https:\/\/schema.org","@graph":[{"@type":"Article","@id":"https:\/\/blogdobispo.com.br\/?p=18756#article","isPartOf":{"@id":"https:\/\/blogdobispo.com.br\/?p=18756"},"author":{"name":"Jefferson Sterfeno","@id":"https:\/\/blogdobispo.com.br\/#\/schema\/person\/e2209cc0e6cea5c5233d033e997b373f"},"headline":"Estado tem mais de 2.300 mulheres protegidas pela Patrulha Maria da Penha","datePublished":"2025-12-04T17:26:39+00:00","dateModified":"2025-12-04T17:26:59+00:00","mainEntityOfPage":{"@id":"https:\/\/blogdobispo.com.br\/?p=18756"},"wordCount":652,"commentCount":0,"publisher":{"@id":"https:\/\/blogdobispo.com.br\/#organization"},"image":{"@id":"https:\/\/blogdobispo.com.br\/?p=18756#primaryimage"},"thumbnailUrl":"https:\/\/i0.wp.com\/blogdobispo.com.br\/wp-content\/uploads\/2025\/12\/image-66-e1764807126829-830x468.png.webp?fit=830%2C468&ssl=1","articleSection":["diversos"],"inLanguage":"pt-BR","potentialAction":[{"@type":"CommentAction","name":"Comment","target":["https:\/\/blogdobispo.com.br\/?p=18756#respond"]}]},{"@type":"WebPage","@id":"https:\/\/blogdobispo.com.br\/?p=18756","url":"https:\/\/blogdobispo.com.br\/?p=18756","name":"Estado tem mais de 2.300 mulheres protegidas pela Patrulha Maria da Penha - Blog do Bispo","isPartOf":{"@id":"https:\/\/blogdobispo.com.br\/#website"},"primaryImageOfPage":{"@id":"https:\/\/blogdobispo.com.br\/?p=18756#primaryimage"},"image":{"@id":"https:\/\/blogdobispo.com.br\/?p=18756#primaryimage"},"thumbnailUrl":"https:\/\/i0.wp.com\/blogdobispo.com.br\/wp-content\/uploads\/2025\/12\/image-66-e1764807126829-830x468.png.webp?fit=830%2C468&ssl=1","datePublished":"2025-12-04T17:26:39+00:00","dateModified":"2025-12-04T17:26:59+00:00","breadcrumb":{"@id":"https:\/\/blogdobispo.com.br\/?p=18756#breadcrumb"},"inLanguage":"pt-BR","potentialAction":[{"@type":"ReadAction","target":["https:\/\/blogdobispo.com.br\/?p=18756"]}]},{"@type":"ImageObject","inLanguage":"pt-BR","@id":"https:\/\/blogdobispo.com.br\/?p=18756#primaryimage","url":"https:\/\/i0.wp.com\/blogdobispo.com.br\/wp-content\/uploads\/2025\/12\/image-66-e1764807126829-830x468.png.webp?fit=830%2C468&ssl=1","contentUrl":"https:\/\/i0.wp.com\/blogdobispo.com.br\/wp-content\/uploads\/2025\/12\/image-66-e1764807126829-830x468.png.webp?fit=830%2C468&ssl=1","width":830,"height":468},{"@type":"BreadcrumbList","@id":"https:\/\/blogdobispo.com.br\/?p=18756#breadcrumb","itemListElement":[{"@type":"ListItem","position":1,"name":"In\u00edcio","item":"https:\/\/blogdobispo.com.br\/"},{"@type":"ListItem","position":2,"name":"Estado tem mais de 2.300 mulheres protegidas pela Patrulha Maria da Penha"}]},{"@type":"WebSite","@id":"https:\/\/blogdobispo.com.br\/#website","url":"https:\/\/blogdobispo.com.br\/","name":"Blog do Bispo","description":"Comprometido apenas com o leitor","publisher":{"@id":"https:\/\/blogdobispo.com.br\/#organization"},"potentialAction":[{"@type":"SearchAction","target":{"@type":"EntryPoint","urlTemplate":"https:\/\/blogdobispo.com.br\/?s={search_term_string}"},"query-input":{"@type":"PropertyValueSpecification","valueRequired":true,"valueName":"search_term_string"}}],"inLanguage":"pt-BR"},{"@type":"Organization","@id":"https:\/\/blogdobispo.com.br\/#organization","name":"Blog do Bispo","url":"https:\/\/blogdobispo.com.br\/","logo":{"@type":"ImageObject","inLanguage":"pt-BR","@id":"https:\/\/blogdobispo.com.br\/#\/schema\/logo\/image\/","url":"http:\/\/blogdobispo.com.br\/wp-content\/uploads\/2023\/05\/cropped-headear.png","contentUrl":"http:\/\/blogdobispo.com.br\/wp-content\/uploads\/2023\/05\/cropped-headear.png","width":1500,"height":399,"caption":"Blog do Bispo"},"image":{"@id":"https:\/\/blogdobispo.com.br\/#\/schema\/logo\/image\/"}},{"@type":"Person","@id":"https:\/\/blogdobispo.com.br\/#\/schema\/person\/e2209cc0e6cea5c5233d033e997b373f","name":"Jefferson Sterfeno","image":{"@type":"ImageObject","inLanguage":"pt-BR","@id":"https:\/\/blogdobispo.com.br\/#\/schema\/person\/image\/","url":"https:\/\/secure.gravatar.com\/avatar\/0534e84764641168a677026b6d57a3f51dc7ac4db0b4f6186d9cb330d4ee1160?s=96&d=mm&r=g","contentUrl":"https:\/\/secure.gravatar.com\/avatar\/0534e84764641168a677026b6d57a3f51dc7ac4db0b4f6186d9cb330d4ee1160?s=96&d=mm&r=g","caption":"Jefferson Sterfeno"},"sameAs":["http:\/\/blogdobispo.com.br"],"url":"https:\/\/blogdobispo.com.br\/?author=1"}]}},"featured_image_urls":{"full":["https:\/\/i0.wp.com\/blogdobispo.com.br\/wp-content\/uploads\/2025\/12\/image-66-e1764807126829-830x468.png.webp?fit=830%2C468&ssl=1",830,468,false],"thumbnail":["https:\/\/i0.wp.com\/blogdobispo.com.br\/wp-content\/uploads\/2025\/12\/image-66-e1764807126829-830x468.png.webp?resize=150%2C150&ssl=1",150,150,true],"medium":["https:\/\/i0.wp.com\/blogdobispo.com.br\/wp-content\/uploads\/2025\/12\/image-66-e1764807126829-830x468.png.webp?fit=300%2C169&ssl=1",300,169,true],"medium_large":["https:\/\/i0.wp.com\/blogdobispo.com.br\/wp-content\/uploads\/2025\/12\/image-66-e1764807126829-830x468.png.webp?fit=768%2C433&ssl=1",768,433,true],"large":["https:\/\/i0.wp.com\/blogdobispo.com.br\/wp-content\/uploads\/2025\/12\/image-66-e1764807126829-830x468.png.webp?fit=800%2C451&ssl=1",800,451,true],"1536x1536":["https:\/\/i0.wp.com\/blogdobispo.com.br\/wp-content\/uploads\/2025\/12\/image-66-e1764807126829-830x468.png.webp?fit=830%2C468&ssl=1",830,468,true],"2048x2048":["https:\/\/i0.wp.com\/blogdobispo.com.br\/wp-content\/uploads\/2025\/12\/image-66-e1764807126829-830x468.png.webp?fit=830%2C468&ssl=1",830,468,true]},"author_info":{"display_name":"Jefferson Sterfeno","author_link":"https:\/\/blogdobispo.com.br\/?author=1"},"category_info":"<a href=\"https:\/\/blogdobispo.com.br\/?cat=1\" rel=\"category\">diversos<\/a>","tag_info":"diversos","comment_count":"0","jetpack_featured_media_url":"https:\/\/i0.wp.com\/blogdobispo.com.br\/wp-content\/uploads\/2025\/12\/image-66-e1764807126829-830x468.png.webp?fit=830%2C468&ssl=1","jetpack_sharing_enabled":true,"_links":{"self":[{"href":"https:\/\/blogdobispo.com.br\/index.php?rest_route=\/wp\/v2\/posts\/18756","targetHints":{"allow":["GET"]}}],"collection":[{"href":"https:\/\/blogdobispo.com.br\/index.php?rest_route=\/wp\/v2\/posts"}],"about":[{"href":"https:\/\/blogdobispo.com.br\/index.php?rest_route=\/wp\/v2\/types\/post"}],"author":[{"embeddable":true,"href":"https:\/\/blogdobispo.com.br\/index.php?rest_route=\/wp\/v2\/users\/1"}],"replies":[{"embeddable":true,"href":"https:\/\/blogdobispo.com.br\/index.php?rest_route=%2Fwp%2Fv2%2Fcomments&post=18756"}],"version-history":[{"count":2,"href":"https:\/\/blogdobispo.com.br\/index.php?rest_route=\/wp\/v2\/posts\/18756\/revisions"}],"predecessor-version":[{"id":18759,"href":"https:\/\/blogdobispo.com.br\/index.php?rest_route=\/wp\/v2\/posts\/18756\/revisions\/18759"}],"wp:featuredmedia":[{"embeddable":true,"href":"https:\/\/blogdobispo.com.br\/index.php?rest_route=\/wp\/v2\/media\/18757"}],"wp:attachment":[{"href":"https:\/\/blogdobispo.com.br\/index.php?rest_route=%2Fwp%2Fv2%2Fmedia&parent=18756"}],"wp:term":[{"taxonomy":"category","embeddable":true,"href":"https:\/\/blogdobispo.com.br\/index.php?rest_route=%2Fwp%2Fv2%2Fcategories&post=18756"},{"taxonomy":"post_tag","embeddable":true,"href":"https:\/\/blogdobispo.com.br\/index.php?rest_route=%2Fwp%2Fv2%2Ftags&post=18756"}],"curies":[{"name":"wp","href":"https:\/\/api.w.org\/{rel}","templated":true}]}}