{"id":18753,"date":"2025-12-04T17:24:03","date_gmt":"2025-12-04T17:24:03","guid":{"rendered":"https:\/\/blogdobispo.com.br\/?p=18753"},"modified":"2025-12-04T18:58:32","modified_gmt":"2025-12-04T18:58:32","slug":"projeto-autoriza-que-motorista-pague-debito-na-blitz-e-evite-apreensao-de-veiculo","status":"publish","type":"post","link":"https:\/\/blogdobispo.com.br\/?p=18753","title":{"rendered":"Projeto autoriza que motorista pague d\u00e9bito na blitz e evite apreens\u00e3o de ve\u00edculo"},"content":{"rendered":"<p>Pelo texto aprovado, motoristas abordados em opera\u00e7\u00f5es de fiscaliza\u00e7\u00e3o (blitz) poder\u00e3o quitar, na hora, eventuais pend\u00eancias financeiras vinculadas ao ve\u00edculo, utilizando meios eletr\u00f4nicos de pagamento, como Pix e cart\u00e3o de cr\u00e9dito. A medida busca evitar a remo\u00e7\u00e3o do autom\u00f3vel quando a \u00fanica irregularidade constatada for o n\u00e3o pagamento de IPVA, licenciamento ou infra\u00e7\u00f5es previstas no cadastro.<\/p>\n<p>De acordo com o projeto, caber\u00e1 ao Poder P\u00fablico disponibilizar, sempre que tecnicamente poss\u00edvel, os meios necess\u00e1rios para que o pagamento seja realizado no ato. A proposta altera a din\u00e2mica das blitzes estaduais ao permitir que o propriet\u00e1rio resolva imediatamente sua situa\u00e7\u00e3o e siga viagem, evitando custos adicionais.<\/p>\n<p>Embora a quita\u00e7\u00e3o impe\u00e7a a remo\u00e7\u00e3o do ve\u00edculo, o texto deixa claro que as demais penalidades previstas no C\u00f3digo de Tr\u00e2nsito Brasileiro (CTB) continuam v\u00e1lidas. Assim, mesmo efetuando o pagamento no momento da abordagem, o condutor n\u00e3o ficar\u00e1 isento da multa correspondente \u00e0 infra\u00e7\u00e3o verificada.<\/p>\n<p>A iniciativa tamb\u00e9m \u00e9 vista como uma forma de reduzir despesas para o cidad\u00e3o. Caso o ve\u00edculo fosse removido, o propriet\u00e1rio teria de arcar com guincho, taxas de perman\u00eancia no p\u00e1tio do Departamento de Tr\u00e2nsito (Detran) e outros encargos administrativos. Com o pagamento instant\u00e2neo, esses custos deixam de existir, desde que n\u00e3o haja outras irregularidades al\u00e9m dos d\u00e9bitos financeiros.<\/p>\n<p>Ficam exclu\u00eddos do programa ve\u00edculos envolvidos em il\u00edcitos penais ou com pend\u00eancias judiciais, situa\u00e7\u00f5es em que a legisla\u00e7\u00e3o federal j\u00e1 prev\u00ea medidas espec\u00edficas. O texto estabelece, ainda, que o licenciamento definitivo s\u00f3 ser\u00e1 confirmado ap\u00f3s o processamento completo do pagamento e do cumprimento de eventuais exig\u00eancias adicionais. Se sancionada pela governadora F\u00e1tima Bezerra, a lei entrar\u00e1 em vigor 90 dias ap\u00f3s sua publica\u00e7\u00e3o oficial.<img data-recalc-dims=\"1\" fetchpriority=\"high\" decoding=\"async\" src=\"https:\/\/i0.wp.com\/blogdobispo.com.br\/wp-content\/uploads\/2025\/12\/Blitz-CPRE-21-e1764800622101-830x468.jpg.webp?resize=300%2C169\" class=\"alignnone size-medium wp-image-18754\" width=\"300\" height=\"169\" alt=\"\" srcset=\"https:\/\/i0.wp.com\/blogdobispo.com.br\/wp-content\/uploads\/2025\/12\/Blitz-CPRE-21-e1764800622101-830x468.jpg.webp?resize=300%2C169&amp;ssl=1 300w, https:\/\/i0.wp.com\/blogdobispo.com.br\/wp-content\/uploads\/2025\/12\/Blitz-CPRE-21-e1764800622101-830x468.jpg.webp?resize=768%2C433&amp;ssl=1 768w, https:\/\/i0.wp.com\/blogdobispo.com.br\/wp-content\/uploads\/2025\/12\/Blitz-CPRE-21-e1764800622101-830x468.jpg.webp?w=830&amp;ssl=1 830w\" sizes=\"(max-width: 300px) 100vw, 300px\" \/><\/p>\n<p>AGORA RN<\/p>\n","protected":false},"excerpt":{"rendered":"<p>Pelo texto aprovado, motoristas abordados em opera\u00e7\u00f5es de fiscaliza\u00e7\u00e3o (blitz) poder\u00e3o quitar, na hora, eventuais pend\u00eancias financeiras vinculadas ao ve\u00edculo, utilizando meios eletr\u00f4nicos de pagamento, como Pix e cart\u00e3o de cr\u00e9dito. A medida busca evitar a remo\u00e7\u00e3o do autom\u00f3vel quando a \u00fanica irregularidade constatada for o n\u00e3o pagamento de IPVA, licenciamento ou infra\u00e7\u00f5es previstas no [&hellip;]<\/p>\n","protected":false},"author":1,"featured_media":0,"comment_status":"open","ping_status":"open","sticky":false,"template":"","format":"standard","meta":{"cybocfi_hide_featured_image":"","_jetpack_memberships_contains_paid_content":false,"footnotes":""},"categories":[1],"tags":[],"class_list":["post-18753","post","type-post","status-publish","format-standard","hentry","category-diversos"],"yoast_head":"<!-- This site is optimized with the Yoast SEO plugin v25.6 - https:\/\/yoast.com\/wordpress\/plugins\/seo\/ -->\n<title>Projeto autoriza que motorista pague d\u00e9bito na blitz e evite apreens\u00e3o de ve\u00edculo - Blog do Bispo<\/title>\n<meta name=\"robots\" content=\"index, follow, max-snippet:-1, max-image-preview:large, max-video-preview:-1\" \/>\n<link rel=\"canonical\" href=\"https:\/\/blogdobispo.com.br\/?p=18753\" \/>\n<meta property=\"og:locale\" content=\"pt_BR\" \/>\n<meta property=\"og:type\" content=\"article\" \/>\n<meta property=\"og:title\" content=\"Projeto autoriza que motorista pague d\u00e9bito na blitz e evite apreens\u00e3o de ve\u00edculo - Blog do Bispo\" \/>\n<meta property=\"og:description\" content=\"Pelo texto aprovado, motoristas abordados em opera\u00e7\u00f5es de fiscaliza\u00e7\u00e3o (blitz) poder\u00e3o quitar, na hora, eventuais pend\u00eancias financeiras vinculadas ao ve\u00edculo, utilizando meios eletr\u00f4nicos de pagamento, como Pix e cart\u00e3o de cr\u00e9dito. A medida busca evitar a remo\u00e7\u00e3o do autom\u00f3vel quando a \u00fanica irregularidade constatada for o n\u00e3o pagamento de IPVA, licenciamento ou infra\u00e7\u00f5es previstas no [&hellip;]\" \/>\n<meta property=\"og:url\" content=\"https:\/\/blogdobispo.com.br\/?p=18753\" \/>\n<meta property=\"og:site_name\" content=\"Blog do Bispo\" \/>\n<meta property=\"article:published_time\" content=\"2025-12-04T17:24:03+00:00\" \/>\n<meta property=\"article:modified_time\" content=\"2025-12-04T18:58:32+00:00\" \/>\n<meta property=\"og:image\" content=\"http:\/\/blogdobispo.com.br\/wp-content\/uploads\/2025\/12\/Blitz-CPRE-21-e1764800622101-830x468.jpg-300x169.webp\" \/>\n<meta name=\"author\" content=\"Jefferson Sterfeno\" \/>\n<meta name=\"twitter:card\" content=\"summary_large_image\" \/>\n<meta name=\"twitter:label1\" content=\"Escrito por\" \/>\n\t<meta name=\"twitter:data1\" content=\"Jefferson Sterfeno\" \/>\n\t<meta name=\"twitter:label2\" content=\"Est. tempo de leitura\" \/>\n\t<meta name=\"twitter:data2\" content=\"2 minutos\" \/>\n<script type=\"application\/ld+json\" class=\"yoast-schema-graph\">{\"@context\":\"https:\/\/schema.org\",\"@graph\":[{\"@type\":\"Article\",\"@id\":\"https:\/\/blogdobispo.com.br\/?p=18753#article\",\"isPartOf\":{\"@id\":\"https:\/\/blogdobispo.com.br\/?p=18753\"},\"author\":{\"name\":\"Jefferson Sterfeno\",\"@id\":\"https:\/\/blogdobispo.com.br\/#\/schema\/person\/e2209cc0e6cea5c5233d033e997b373f\"},\"headline\":\"Projeto autoriza que motorista pague d\u00e9bito na blitz e evite apreens\u00e3o de ve\u00edculo\",\"datePublished\":\"2025-12-04T17:24:03+00:00\",\"dateModified\":\"2025-12-04T18:58:32+00:00\",\"mainEntityOfPage\":{\"@id\":\"https:\/\/blogdobispo.com.br\/?p=18753\"},\"wordCount\":337,\"commentCount\":0,\"publisher\":{\"@id\":\"https:\/\/blogdobispo.com.br\/#organization\"},\"image\":{\"@id\":\"https:\/\/blogdobispo.com.br\/?p=18753#primaryimage\"},\"thumbnailUrl\":\"http:\/\/blogdobispo.com.br\/wp-content\/uploads\/2025\/12\/Blitz-CPRE-21-e1764800622101-830x468.jpg-300x169.webp\",\"articleSection\":[\"diversos\"],\"inLanguage\":\"pt-BR\",\"potentialAction\":[{\"@type\":\"CommentAction\",\"name\":\"Comment\",\"target\":[\"https:\/\/blogdobispo.com.br\/?p=18753#respond\"]}]},{\"@type\":\"WebPage\",\"@id\":\"https:\/\/blogdobispo.com.br\/?p=18753\",\"url\":\"https:\/\/blogdobispo.com.br\/?p=18753\",\"name\":\"Projeto autoriza que motorista pague d\u00e9bito na blitz e evite apreens\u00e3o de ve\u00edculo - Blog do Bispo\",\"isPartOf\":{\"@id\":\"https:\/\/blogdobispo.com.br\/#website\"},\"primaryImageOfPage\":{\"@id\":\"https:\/\/blogdobispo.com.br\/?p=18753#primaryimage\"},\"image\":{\"@id\":\"https:\/\/blogdobispo.com.br\/?p=18753#primaryimage\"},\"thumbnailUrl\":\"http:\/\/blogdobispo.com.br\/wp-content\/uploads\/2025\/12\/Blitz-CPRE-21-e1764800622101-830x468.jpg-300x169.webp\",\"datePublished\":\"2025-12-04T17:24:03+00:00\",\"dateModified\":\"2025-12-04T18:58:32+00:00\",\"breadcrumb\":{\"@id\":\"https:\/\/blogdobispo.com.br\/?p=18753#breadcrumb\"},\"inLanguage\":\"pt-BR\",\"potentialAction\":[{\"@type\":\"ReadAction\",\"target\":[\"https:\/\/blogdobispo.com.br\/?p=18753\"]}]},{\"@type\":\"ImageObject\",\"inLanguage\":\"pt-BR\",\"@id\":\"https:\/\/blogdobispo.com.br\/?p=18753#primaryimage\",\"url\":\"http:\/\/blogdobispo.com.br\/wp-content\/uploads\/2025\/12\/Blitz-CPRE-21-e1764800622101-830x468.jpg-300x169.webp\",\"contentUrl\":\"http:\/\/blogdobispo.com.br\/wp-content\/uploads\/2025\/12\/Blitz-CPRE-21-e1764800622101-830x468.jpg-300x169.webp\"},{\"@type\":\"BreadcrumbList\",\"@id\":\"https:\/\/blogdobispo.com.br\/?p=18753#breadcrumb\",\"itemListElement\":[{\"@type\":\"ListItem\",\"position\":1,\"name\":\"In\u00edcio\",\"item\":\"https:\/\/blogdobispo.com.br\/\"},{\"@type\":\"ListItem\",\"position\":2,\"name\":\"Projeto autoriza que motorista pague d\u00e9bito na blitz e evite apreens\u00e3o de ve\u00edculo\"}]},{\"@type\":\"WebSite\",\"@id\":\"https:\/\/blogdobispo.com.br\/#website\",\"url\":\"https:\/\/blogdobispo.com.br\/\",\"name\":\"Blog do Bispo\",\"description\":\"Comprometido apenas com o leitor\",\"publisher\":{\"@id\":\"https:\/\/blogdobispo.com.br\/#organization\"},\"potentialAction\":[{\"@type\":\"SearchAction\",\"target\":{\"@type\":\"EntryPoint\",\"urlTemplate\":\"https:\/\/blogdobispo.com.br\/?s={search_term_string}\"},\"query-input\":{\"@type\":\"PropertyValueSpecification\",\"valueRequired\":true,\"valueName\":\"search_term_string\"}}],\"inLanguage\":\"pt-BR\"},{\"@type\":\"Organization\",\"@id\":\"https:\/\/blogdobispo.com.br\/#organization\",\"name\":\"Blog do Bispo\",\"url\":\"https:\/\/blogdobispo.com.br\/\",\"logo\":{\"@type\":\"ImageObject\",\"inLanguage\":\"pt-BR\",\"@id\":\"https:\/\/blogdobispo.com.br\/#\/schema\/logo\/image\/\",\"url\":\"http:\/\/blogdobispo.com.br\/wp-content\/uploads\/2023\/05\/cropped-headear.png\",\"contentUrl\":\"http:\/\/blogdobispo.com.br\/wp-content\/uploads\/2023\/05\/cropped-headear.png\",\"width\":1500,\"height\":399,\"caption\":\"Blog do Bispo\"},\"image\":{\"@id\":\"https:\/\/blogdobispo.com.br\/#\/schema\/logo\/image\/\"}},{\"@type\":\"Person\",\"@id\":\"https:\/\/blogdobispo.com.br\/#\/schema\/person\/e2209cc0e6cea5c5233d033e997b373f\",\"name\":\"Jefferson Sterfeno\",\"image\":{\"@type\":\"ImageObject\",\"inLanguage\":\"pt-BR\",\"@id\":\"https:\/\/blogdobispo.com.br\/#\/schema\/person\/image\/\",\"url\":\"https:\/\/secure.gravatar.com\/avatar\/0534e84764641168a677026b6d57a3f51dc7ac4db0b4f6186d9cb330d4ee1160?s=96&d=mm&r=g\",\"contentUrl\":\"https:\/\/secure.gravatar.com\/avatar\/0534e84764641168a677026b6d57a3f51dc7ac4db0b4f6186d9cb330d4ee1160?s=96&d=mm&r=g\",\"caption\":\"Jefferson Sterfeno\"},\"sameAs\":[\"http:\/\/blogdobispo.com.br\"],\"url\":\"https:\/\/blogdobispo.com.br\/?author=1\"}]}<\/script>\n<!-- \/ Yoast SEO plugin. -->","yoast_head_json":{"title":"Projeto autoriza que motorista pague d\u00e9bito na blitz e evite apreens\u00e3o de ve\u00edculo - Blog do Bispo","robots":{"index":"index","follow":"follow","max-snippet":"max-snippet:-1","max-image-preview":"max-image-preview:large","max-video-preview":"max-video-preview:-1"},"canonical":"https:\/\/blogdobispo.com.br\/?p=18753","og_locale":"pt_BR","og_type":"article","og_title":"Projeto autoriza que motorista pague d\u00e9bito na blitz e evite apreens\u00e3o de ve\u00edculo - Blog do Bispo","og_description":"Pelo texto aprovado, motoristas abordados em opera\u00e7\u00f5es de fiscaliza\u00e7\u00e3o (blitz) poder\u00e3o quitar, na hora, eventuais pend\u00eancias financeiras vinculadas ao ve\u00edculo, utilizando meios eletr\u00f4nicos de pagamento, como Pix e cart\u00e3o de cr\u00e9dito. A medida busca evitar a remo\u00e7\u00e3o do autom\u00f3vel quando a \u00fanica irregularidade constatada for o n\u00e3o pagamento de IPVA, licenciamento ou infra\u00e7\u00f5es previstas no [&hellip;]","og_url":"https:\/\/blogdobispo.com.br\/?p=18753","og_site_name":"Blog do Bispo","article_published_time":"2025-12-04T17:24:03+00:00","article_modified_time":"2025-12-04T18:58:32+00:00","og_image":[{"url":"http:\/\/blogdobispo.com.br\/wp-content\/uploads\/2025\/12\/Blitz-CPRE-21-e1764800622101-830x468.jpg-300x169.webp","type":"","width":"","height":""}],"author":"Jefferson Sterfeno","twitter_card":"summary_large_image","twitter_misc":{"Escrito por":"Jefferson Sterfeno","Est. tempo de leitura":"2 minutos"},"schema":{"@context":"https:\/\/schema.org","@graph":[{"@type":"Article","@id":"https:\/\/blogdobispo.com.br\/?p=18753#article","isPartOf":{"@id":"https:\/\/blogdobispo.com.br\/?p=18753"},"author":{"name":"Jefferson Sterfeno","@id":"https:\/\/blogdobispo.com.br\/#\/schema\/person\/e2209cc0e6cea5c5233d033e997b373f"},"headline":"Projeto autoriza que motorista pague d\u00e9bito na blitz e evite apreens\u00e3o de ve\u00edculo","datePublished":"2025-12-04T17:24:03+00:00","dateModified":"2025-12-04T18:58:32+00:00","mainEntityOfPage":{"@id":"https:\/\/blogdobispo.com.br\/?p=18753"},"wordCount":337,"commentCount":0,"publisher":{"@id":"https:\/\/blogdobispo.com.br\/#organization"},"image":{"@id":"https:\/\/blogdobispo.com.br\/?p=18753#primaryimage"},"thumbnailUrl":"http:\/\/blogdobispo.com.br\/wp-content\/uploads\/2025\/12\/Blitz-CPRE-21-e1764800622101-830x468.jpg-300x169.webp","articleSection":["diversos"],"inLanguage":"pt-BR","potentialAction":[{"@type":"CommentAction","name":"Comment","target":["https:\/\/blogdobispo.com.br\/?p=18753#respond"]}]},{"@type":"WebPage","@id":"https:\/\/blogdobispo.com.br\/?p=18753","url":"https:\/\/blogdobispo.com.br\/?p=18753","name":"Projeto autoriza que motorista pague d\u00e9bito na blitz e evite apreens\u00e3o de ve\u00edculo - Blog do Bispo","isPartOf":{"@id":"https:\/\/blogdobispo.com.br\/#website"},"primaryImageOfPage":{"@id":"https:\/\/blogdobispo.com.br\/?p=18753#primaryimage"},"image":{"@id":"https:\/\/blogdobispo.com.br\/?p=18753#primaryimage"},"thumbnailUrl":"http:\/\/blogdobispo.com.br\/wp-content\/uploads\/2025\/12\/Blitz-CPRE-21-e1764800622101-830x468.jpg-300x169.webp","datePublished":"2025-12-04T17:24:03+00:00","dateModified":"2025-12-04T18:58:32+00:00","breadcrumb":{"@id":"https:\/\/blogdobispo.com.br\/?p=18753#breadcrumb"},"inLanguage":"pt-BR","potentialAction":[{"@type":"ReadAction","target":["https:\/\/blogdobispo.com.br\/?p=18753"]}]},{"@type":"ImageObject","inLanguage":"pt-BR","@id":"https:\/\/blogdobispo.com.br\/?p=18753#primaryimage","url":"http:\/\/blogdobispo.com.br\/wp-content\/uploads\/2025\/12\/Blitz-CPRE-21-e1764800622101-830x468.jpg-300x169.webp","contentUrl":"http:\/\/blogdobispo.com.br\/wp-content\/uploads\/2025\/12\/Blitz-CPRE-21-e1764800622101-830x468.jpg-300x169.webp"},{"@type":"BreadcrumbList","@id":"https:\/\/blogdobispo.com.br\/?p=18753#breadcrumb","itemListElement":[{"@type":"ListItem","position":1,"name":"In\u00edcio","item":"https:\/\/blogdobispo.com.br\/"},{"@type":"ListItem","position":2,"name":"Projeto autoriza que motorista pague d\u00e9bito na blitz e evite apreens\u00e3o de ve\u00edculo"}]},{"@type":"WebSite","@id":"https:\/\/blogdobispo.com.br\/#website","url":"https:\/\/blogdobispo.com.br\/","name":"Blog do Bispo","description":"Comprometido apenas com o leitor","publisher":{"@id":"https:\/\/blogdobispo.com.br\/#organization"},"potentialAction":[{"@type":"SearchAction","target":{"@type":"EntryPoint","urlTemplate":"https:\/\/blogdobispo.com.br\/?s={search_term_string}"},"query-input":{"@type":"PropertyValueSpecification","valueRequired":true,"valueName":"search_term_string"}}],"inLanguage":"pt-BR"},{"@type":"Organization","@id":"https:\/\/blogdobispo.com.br\/#organization","name":"Blog do Bispo","url":"https:\/\/blogdobispo.com.br\/","logo":{"@type":"ImageObject","inLanguage":"pt-BR","@id":"https:\/\/blogdobispo.com.br\/#\/schema\/logo\/image\/","url":"http:\/\/blogdobispo.com.br\/wp-content\/uploads\/2023\/05\/cropped-headear.png","contentUrl":"http:\/\/blogdobispo.com.br\/wp-content\/uploads\/2023\/05\/cropped-headear.png","width":1500,"height":399,"caption":"Blog do Bispo"},"image":{"@id":"https:\/\/blogdobispo.com.br\/#\/schema\/logo\/image\/"}},{"@type":"Person","@id":"https:\/\/blogdobispo.com.br\/#\/schema\/person\/e2209cc0e6cea5c5233d033e997b373f","name":"Jefferson Sterfeno","image":{"@type":"ImageObject","inLanguage":"pt-BR","@id":"https:\/\/blogdobispo.com.br\/#\/schema\/person\/image\/","url":"https:\/\/secure.gravatar.com\/avatar\/0534e84764641168a677026b6d57a3f51dc7ac4db0b4f6186d9cb330d4ee1160?s=96&d=mm&r=g","contentUrl":"https:\/\/secure.gravatar.com\/avatar\/0534e84764641168a677026b6d57a3f51dc7ac4db0b4f6186d9cb330d4ee1160?s=96&d=mm&r=g","caption":"Jefferson Sterfeno"},"sameAs":["http:\/\/blogdobispo.com.br"],"url":"https:\/\/blogdobispo.com.br\/?author=1"}]}},"featured_image_urls":{"full":"","thumbnail":"","medium":"","medium_large":"","large":"","1536x1536":"","2048x2048":""},"author_info":{"display_name":"Jefferson Sterfeno","author_link":"https:\/\/blogdobispo.com.br\/?author=1"},"category_info":"<a href=\"https:\/\/blogdobispo.com.br\/?cat=1\" rel=\"category\">diversos<\/a>","tag_info":"diversos","comment_count":"0","jetpack_featured_media_url":"","jetpack_sharing_enabled":true,"_links":{"self":[{"href":"https:\/\/blogdobispo.com.br\/index.php?rest_route=\/wp\/v2\/posts\/18753","targetHints":{"allow":["GET"]}}],"collection":[{"href":"https:\/\/blogdobispo.com.br\/index.php?rest_route=\/wp\/v2\/posts"}],"about":[{"href":"https:\/\/blogdobispo.com.br\/index.php?rest_route=\/wp\/v2\/types\/post"}],"author":[{"embeddable":true,"href":"https:\/\/blogdobispo.com.br\/index.php?rest_route=\/wp\/v2\/users\/1"}],"replies":[{"embeddable":true,"href":"https:\/\/blogdobispo.com.br\/index.php?rest_route=%2Fwp%2Fv2%2Fcomments&post=18753"}],"version-history":[{"count":3,"href":"https:\/\/blogdobispo.com.br\/index.php?rest_route=\/wp\/v2\/posts\/18753\/revisions"}],"predecessor-version":[{"id":18770,"href":"https:\/\/blogdobispo.com.br\/index.php?rest_route=\/wp\/v2\/posts\/18753\/revisions\/18770"}],"wp:attachment":[{"href":"https:\/\/blogdobispo.com.br\/index.php?rest_route=%2Fwp%2Fv2%2Fmedia&parent=18753"}],"wp:term":[{"taxonomy":"category","embeddable":true,"href":"https:\/\/blogdobispo.com.br\/index.php?rest_route=%2Fwp%2Fv2%2Fcategories&post=18753"},{"taxonomy":"post_tag","embeddable":true,"href":"https:\/\/blogdobispo.com.br\/index.php?rest_route=%2Fwp%2Fv2%2Ftags&post=18753"}],"curies":[{"name":"wp","href":"https:\/\/api.w.org\/{rel}","templated":true}]}}