{"id":18747,"date":"2025-12-03T15:28:32","date_gmt":"2025-12-03T15:28:32","guid":{"rendered":"https:\/\/blogdobispo.com.br\/?p=18747"},"modified":"2025-12-03T15:28:42","modified_gmt":"2025-12-03T15:28:42","slug":"presidente-da-alerj-e-preso-pela-pf-em-nova-etapa-de-investigacoes-sobre-vazamento-de-operacoes-no-rio","status":"publish","type":"post","link":"https:\/\/blogdobispo.com.br\/?p=18747","title":{"rendered":"Presidente da Alerj \u00e9 preso pela PF em nova etapa de investiga\u00e7\u00f5es sobre vazamento de opera\u00e7\u00f5es no Rio"},"content":{"rendered":"<p data-start=\"0\" data-end=\"106\"><img fetchpriority=\"high\" decoding=\"async\" class=\"alignnone size-medium wp-image-18748\" src=\"http:\/\/blogdobispo.com.br\/wp-content\/uploads\/2025\/12\/plenario-geral-octaciliobarbosa-10-12-2024-5-300x218.avif\" alt=\"\" width=\"300\" height=\"218\" srcset=\"https:\/\/blogdobispo.com.br\/wp-content\/uploads\/2025\/12\/plenario-geral-octaciliobarbosa-10-12-2024-5-300x218.avif 300w, https:\/\/blogdobispo.com.br\/wp-content\/uploads\/2025\/12\/plenario-geral-octaciliobarbosa-10-12-2024-5-768x559.avif 768w, https:\/\/blogdobispo.com.br\/wp-content\/uploads\/2025\/12\/plenario-geral-octaciliobarbosa-10-12-2024-5.avif 888w\" sizes=\"(max-width: 300px) 100vw, 300px\" \/><\/p>\n<p data-start=\"108\" data-end=\"602\">O presidente da Assembleia Legislativa do Rio de Janeiro (Alerj), <strong data-start=\"174\" data-end=\"209\">Rodrigo Bacellar (Uni\u00e3o Brasil)<\/strong>, foi preso na manh\u00e3 desta quarta-feira (3) durante uma a\u00e7\u00e3o da Pol\u00edcia Federal que apura o vazamento de informa\u00e7\u00f5es sigilosas envolvendo opera\u00e7\u00f5es contra o crime organizado no estado. A ofensiva faz parte da <strong data-start=\"418\" data-end=\"443\">Opera\u00e7\u00e3o Unha e Carne<\/strong>, que investiga a suposta obstru\u00e7\u00e3o da <strong data-start=\"482\" data-end=\"501\">Opera\u00e7\u00e3o Zargun<\/strong>, deflagrada anteriormente para desarticular conex\u00f5es entre mil\u00edcias, traficantes e agentes p\u00fablicos.<\/p>\n<p data-start=\"604\" data-end=\"1004\">Segundo a PF, Bacellar teria tido acesso privilegiado a documentos sob sigilo e contribu\u00eddo para que alvos da Zargun tomassem conhecimento de medidas que seriam cumpridas, prejudicando o andamento das investiga\u00e7\u00f5es. Mandados de busca e apreens\u00e3o tamb\u00e9m foram cumpridos em endere\u00e7os ligados ao parlamentar, inclusive na pr\u00f3pria Alerj. A investiga\u00e7\u00e3o tramita sob supervis\u00e3o do Supremo Tribunal Federal.<\/p>\n<p data-start=\"1006\" data-end=\"1341\">A pris\u00e3o provoca um novo terremoto pol\u00edtico no estado, onde a rela\u00e7\u00e3o entre crime organizado e agentes p\u00fablicos tem levado a sucessivas opera\u00e7\u00f5es de grande impacto. Bacellar havia sido eleito presidente da Alerj em 2025, com apoio amplo de diferentes blocos, consolidando-se como uma das figuras mais influentes da pol\u00edtica fluminense.<\/p>\n<hr data-start=\"1343\" data-end=\"1346\" \/>\n<h2 data-start=\"1348\" data-end=\"1421\"><strong data-start=\"1351\" data-end=\"1421\">Hist\u00f3rico: outras pris\u00f5es de presidentes e ex-presidentes da Alerj<\/strong><\/h2>\n<p data-start=\"1423\" data-end=\"1656\">A pris\u00e3o de Bacellar se soma a uma s\u00e9rie de epis\u00f3dios que marcaram a hist\u00f3ria recente da Assembleia Legislativa do Rio de Janeiro, institui\u00e7\u00e3o frequentemente envolvida em esc\u00e2ndalos de corrup\u00e7\u00e3o e investiga\u00e7\u00f5es de grande repercuss\u00e3o.<\/p>\n<h3 data-start=\"1658\" data-end=\"1733\"><strong data-start=\"1662\" data-end=\"1731\">\u2014 Jorge Picciani (MDB), Paulo Melo (MDB) e Edson Albertassi (MDB)<\/strong><\/h3>\n<p data-start=\"1734\" data-end=\"2170\">Em <strong data-start=\"1737\" data-end=\"1757\">novembro de 2017<\/strong>, os tr\u00eas ent\u00e3o l\u00edderes do MDB fluminense foram presos durante a <strong data-start=\"1822\" data-end=\"1847\">Opera\u00e7\u00e3o Cadeia Velha<\/strong>, acusados de integrar um esquema de propina ligado a empresas de \u00f4nibus. O caso gerou uma crise institucional in\u00e9dita: deputados tentaram votar pela liberta\u00e7\u00e3o dos colegas, mas uma decis\u00e3o judicial anulou a manobra.<br data-start=\"2063\" data-end=\"2066\" \/>Picciani voltaria a ser preso em 2018, durante a <strong data-start=\"2115\" data-end=\"2141\">Opera\u00e7\u00e3o Furna da On\u00e7a<\/strong>, desdobramento da Lava Jato.<\/p>\n<h3 data-start=\"2172\" data-end=\"2202\"><strong data-start=\"2176\" data-end=\"2200\">\u2014 Andr\u00e9 Corr\u00eaa (DEM)<\/strong><\/h3>\n<p data-start=\"2203\" data-end=\"2463\">Ex-presidente da Alerj, foi preso em <strong data-start=\"2240\" data-end=\"2260\">novembro de 2018<\/strong>, tamb\u00e9m na Opera\u00e7\u00e3o Furna da On\u00e7a, acusado de participar de um esquema de rachadinhas e distribui\u00e7\u00e3o de cargos em troca de apoio pol\u00edtico. Passou mais de um ano detido e posteriormente ganhou liberdade.<\/p>\n<h3 data-start=\"2465\" data-end=\"2512\"><strong data-start=\"2469\" data-end=\"2510\">\u2014 Deputados investigados na Lava Jato<\/strong><\/h3>\n<p data-start=\"2513\" data-end=\"2797\">Ao longo de 2016 a 2020, a Alerj tornou-se alvo de diversas fases da Lava Jato, com pris\u00f5es de parlamentares, apreens\u00e3o de documentos e quebra de sigilo de dezenas de pol\u00edticos. O cen\u00e1rio consolidou a imagem da casa legislativa como um dos epicentros de corrup\u00e7\u00e3o investigada no pa\u00eds.<\/p>\n<hr data-start=\"2799\" data-end=\"2802\" \/>\n<h2 data-start=\"2804\" data-end=\"2834\"><strong data-start=\"2807\" data-end=\"2834\">Um padr\u00e3o que se repete<\/strong><\/h2>\n<p data-start=\"2836\" data-end=\"3230\">A pris\u00e3o de Rodrigo Bacellar refor\u00e7a a percep\u00e7\u00e3o de que o Legislativo fluminense segue no centro de opera\u00e7\u00f5es que investigam a infiltra\u00e7\u00e3o do crime organizado na pol\u00edtica. A a\u00e7\u00e3o desta semana confirma que, mesmo ap\u00f3s anos de investiga\u00e7\u00f5es, o estado do Rio de Janeiro continua enfrentando desafios estruturais de transpar\u00eancia, integridade p\u00fablica e controle de influ\u00eancia de fac\u00e7\u00f5es criminosas.<\/p>\n","protected":false},"excerpt":{"rendered":"<p>O presidente da Assembleia Legislativa do Rio de Janeiro (Alerj), Rodrigo Bacellar (Uni\u00e3o Brasil), foi preso na manh\u00e3 desta quarta-feira (3) durante uma a\u00e7\u00e3o da Pol\u00edcia Federal que apura o vazamento de informa\u00e7\u00f5es sigilosas envolvendo opera\u00e7\u00f5es contra o crime organizado no estado. A ofensiva faz parte da Opera\u00e7\u00e3o Unha e Carne, que investiga a suposta [&hellip;]<\/p>\n","protected":false},"author":1,"featured_media":18748,"comment_status":"open","ping_status":"open","sticky":false,"template":"","format":"standard","meta":{"cybocfi_hide_featured_image":"","_jetpack_memberships_contains_paid_content":false,"footnotes":""},"categories":[1],"tags":[],"class_list":["post-18747","post","type-post","status-publish","format-standard","has-post-thumbnail","hentry","category-diversos"],"yoast_head":"<!-- This site is optimized with the Yoast SEO plugin v25.6 - https:\/\/yoast.com\/wordpress\/plugins\/seo\/ -->\n<title>Presidente da Alerj \u00e9 preso pela PF em nova etapa de investiga\u00e7\u00f5es sobre vazamento de opera\u00e7\u00f5es no Rio - Blog do Bispo<\/title>\n<meta name=\"robots\" content=\"index, follow, max-snippet:-1, max-image-preview:large, max-video-preview:-1\" \/>\n<link rel=\"canonical\" href=\"https:\/\/blogdobispo.com.br\/?p=18747\" \/>\n<meta property=\"og:locale\" content=\"pt_BR\" \/>\n<meta property=\"og:type\" content=\"article\" \/>\n<meta property=\"og:title\" content=\"Presidente da Alerj \u00e9 preso pela PF em nova etapa de investiga\u00e7\u00f5es sobre vazamento de opera\u00e7\u00f5es no Rio - Blog do Bispo\" \/>\n<meta property=\"og:description\" content=\"O presidente da Assembleia Legislativa do Rio de Janeiro (Alerj), Rodrigo Bacellar (Uni\u00e3o Brasil), foi preso na manh\u00e3 desta quarta-feira (3) durante uma a\u00e7\u00e3o da Pol\u00edcia Federal que apura o vazamento de informa\u00e7\u00f5es sigilosas envolvendo opera\u00e7\u00f5es contra o crime organizado no estado. A ofensiva faz parte da Opera\u00e7\u00e3o Unha e Carne, que investiga a suposta [&hellip;]\" \/>\n<meta property=\"og:url\" content=\"https:\/\/blogdobispo.com.br\/?p=18747\" \/>\n<meta property=\"og:site_name\" content=\"Blog do Bispo\" \/>\n<meta property=\"article:published_time\" content=\"2025-12-03T15:28:32+00:00\" \/>\n<meta property=\"article:modified_time\" content=\"2025-12-03T15:28:42+00:00\" \/>\n<meta name=\"author\" content=\"Jefferson Sterfeno\" \/>\n<meta name=\"twitter:card\" content=\"summary_large_image\" \/>\n<meta name=\"twitter:label1\" content=\"Escrito por\" \/>\n\t<meta name=\"twitter:data1\" content=\"Jefferson Sterfeno\" \/>\n\t<meta name=\"twitter:label2\" content=\"Est. tempo de leitura\" \/>\n\t<meta name=\"twitter:data2\" content=\"3 minutos\" \/>\n<script type=\"application\/ld+json\" class=\"yoast-schema-graph\">{\"@context\":\"https:\/\/schema.org\",\"@graph\":[{\"@type\":\"Article\",\"@id\":\"https:\/\/blogdobispo.com.br\/?p=18747#article\",\"isPartOf\":{\"@id\":\"https:\/\/blogdobispo.com.br\/?p=18747\"},\"author\":{\"name\":\"Jefferson Sterfeno\",\"@id\":\"https:\/\/blogdobispo.com.br\/#\/schema\/person\/e2209cc0e6cea5c5233d033e997b373f\"},\"headline\":\"Presidente da Alerj \u00e9 preso pela PF em nova etapa de investiga\u00e7\u00f5es sobre vazamento de opera\u00e7\u00f5es no Rio\",\"datePublished\":\"2025-12-03T15:28:32+00:00\",\"dateModified\":\"2025-12-03T15:28:42+00:00\",\"mainEntityOfPage\":{\"@id\":\"https:\/\/blogdobispo.com.br\/?p=18747\"},\"wordCount\":545,\"commentCount\":0,\"publisher\":{\"@id\":\"https:\/\/blogdobispo.com.br\/#organization\"},\"image\":{\"@id\":\"https:\/\/blogdobispo.com.br\/?p=18747#primaryimage\"},\"thumbnailUrl\":\"https:\/\/blogdobispo.com.br\/wp-content\/uploads\/2025\/12\/plenario-geral-octaciliobarbosa-10-12-2024-5.avif\",\"articleSection\":[\"diversos\"],\"inLanguage\":\"pt-BR\",\"potentialAction\":[{\"@type\":\"CommentAction\",\"name\":\"Comment\",\"target\":[\"https:\/\/blogdobispo.com.br\/?p=18747#respond\"]}]},{\"@type\":\"WebPage\",\"@id\":\"https:\/\/blogdobispo.com.br\/?p=18747\",\"url\":\"https:\/\/blogdobispo.com.br\/?p=18747\",\"name\":\"Presidente da Alerj \u00e9 preso pela PF em nova etapa de investiga\u00e7\u00f5es sobre vazamento de opera\u00e7\u00f5es no Rio - Blog do Bispo\",\"isPartOf\":{\"@id\":\"https:\/\/blogdobispo.com.br\/#website\"},\"primaryImageOfPage\":{\"@id\":\"https:\/\/blogdobispo.com.br\/?p=18747#primaryimage\"},\"image\":{\"@id\":\"https:\/\/blogdobispo.com.br\/?p=18747#primaryimage\"},\"thumbnailUrl\":\"https:\/\/blogdobispo.com.br\/wp-content\/uploads\/2025\/12\/plenario-geral-octaciliobarbosa-10-12-2024-5.avif\",\"datePublished\":\"2025-12-03T15:28:32+00:00\",\"dateModified\":\"2025-12-03T15:28:42+00:00\",\"breadcrumb\":{\"@id\":\"https:\/\/blogdobispo.com.br\/?p=18747#breadcrumb\"},\"inLanguage\":\"pt-BR\",\"potentialAction\":[{\"@type\":\"ReadAction\",\"target\":[\"https:\/\/blogdobispo.com.br\/?p=18747\"]}]},{\"@type\":\"ImageObject\",\"inLanguage\":\"pt-BR\",\"@id\":\"https:\/\/blogdobispo.com.br\/?p=18747#primaryimage\",\"url\":\"https:\/\/blogdobispo.com.br\/wp-content\/uploads\/2025\/12\/plenario-geral-octaciliobarbosa-10-12-2024-5.avif\",\"contentUrl\":\"https:\/\/blogdobispo.com.br\/wp-content\/uploads\/2025\/12\/plenario-geral-octaciliobarbosa-10-12-2024-5.avif\",\"width\":888,\"height\":646},{\"@type\":\"BreadcrumbList\",\"@id\":\"https:\/\/blogdobispo.com.br\/?p=18747#breadcrumb\",\"itemListElement\":[{\"@type\":\"ListItem\",\"position\":1,\"name\":\"In\u00edcio\",\"item\":\"https:\/\/blogdobispo.com.br\/\"},{\"@type\":\"ListItem\",\"position\":2,\"name\":\"Presidente da Alerj \u00e9 preso pela PF em nova etapa de investiga\u00e7\u00f5es sobre vazamento de opera\u00e7\u00f5es no Rio\"}]},{\"@type\":\"WebSite\",\"@id\":\"https:\/\/blogdobispo.com.br\/#website\",\"url\":\"https:\/\/blogdobispo.com.br\/\",\"name\":\"Blog do Bispo\",\"description\":\"Comprometido apenas com o leitor\",\"publisher\":{\"@id\":\"https:\/\/blogdobispo.com.br\/#organization\"},\"potentialAction\":[{\"@type\":\"SearchAction\",\"target\":{\"@type\":\"EntryPoint\",\"urlTemplate\":\"https:\/\/blogdobispo.com.br\/?s={search_term_string}\"},\"query-input\":{\"@type\":\"PropertyValueSpecification\",\"valueRequired\":true,\"valueName\":\"search_term_string\"}}],\"inLanguage\":\"pt-BR\"},{\"@type\":\"Organization\",\"@id\":\"https:\/\/blogdobispo.com.br\/#organization\",\"name\":\"Blog do Bispo\",\"url\":\"https:\/\/blogdobispo.com.br\/\",\"logo\":{\"@type\":\"ImageObject\",\"inLanguage\":\"pt-BR\",\"@id\":\"https:\/\/blogdobispo.com.br\/#\/schema\/logo\/image\/\",\"url\":\"http:\/\/blogdobispo.com.br\/wp-content\/uploads\/2023\/05\/cropped-headear.png\",\"contentUrl\":\"http:\/\/blogdobispo.com.br\/wp-content\/uploads\/2023\/05\/cropped-headear.png\",\"width\":1500,\"height\":399,\"caption\":\"Blog do Bispo\"},\"image\":{\"@id\":\"https:\/\/blogdobispo.com.br\/#\/schema\/logo\/image\/\"}},{\"@type\":\"Person\",\"@id\":\"https:\/\/blogdobispo.com.br\/#\/schema\/person\/e2209cc0e6cea5c5233d033e997b373f\",\"name\":\"Jefferson Sterfeno\",\"image\":{\"@type\":\"ImageObject\",\"inLanguage\":\"pt-BR\",\"@id\":\"https:\/\/blogdobispo.com.br\/#\/schema\/person\/image\/\",\"url\":\"https:\/\/secure.gravatar.com\/avatar\/0534e84764641168a677026b6d57a3f51dc7ac4db0b4f6186d9cb330d4ee1160?s=96&d=mm&r=g\",\"contentUrl\":\"https:\/\/secure.gravatar.com\/avatar\/0534e84764641168a677026b6d57a3f51dc7ac4db0b4f6186d9cb330d4ee1160?s=96&d=mm&r=g\",\"caption\":\"Jefferson Sterfeno\"},\"sameAs\":[\"http:\/\/blogdobispo.com.br\"],\"url\":\"https:\/\/blogdobispo.com.br\/?author=1\"}]}<\/script>\n<!-- \/ Yoast SEO plugin. -->","yoast_head_json":{"title":"Presidente da Alerj \u00e9 preso pela PF em nova etapa de investiga\u00e7\u00f5es sobre vazamento de opera\u00e7\u00f5es no Rio - Blog do Bispo","robots":{"index":"index","follow":"follow","max-snippet":"max-snippet:-1","max-image-preview":"max-image-preview:large","max-video-preview":"max-video-preview:-1"},"canonical":"https:\/\/blogdobispo.com.br\/?p=18747","og_locale":"pt_BR","og_type":"article","og_title":"Presidente da Alerj \u00e9 preso pela PF em nova etapa de investiga\u00e7\u00f5es sobre vazamento de opera\u00e7\u00f5es no Rio - Blog do Bispo","og_description":"O presidente da Assembleia Legislativa do Rio de Janeiro (Alerj), Rodrigo Bacellar (Uni\u00e3o Brasil), foi preso na manh\u00e3 desta quarta-feira (3) durante uma a\u00e7\u00e3o da Pol\u00edcia Federal que apura o vazamento de informa\u00e7\u00f5es sigilosas envolvendo opera\u00e7\u00f5es contra o crime organizado no estado. A ofensiva faz parte da Opera\u00e7\u00e3o Unha e Carne, que investiga a suposta [&hellip;]","og_url":"https:\/\/blogdobispo.com.br\/?p=18747","og_site_name":"Blog do Bispo","article_published_time":"2025-12-03T15:28:32+00:00","article_modified_time":"2025-12-03T15:28:42+00:00","author":"Jefferson Sterfeno","twitter_card":"summary_large_image","twitter_misc":{"Escrito por":"Jefferson Sterfeno","Est. tempo de leitura":"3 minutos"},"schema":{"@context":"https:\/\/schema.org","@graph":[{"@type":"Article","@id":"https:\/\/blogdobispo.com.br\/?p=18747#article","isPartOf":{"@id":"https:\/\/blogdobispo.com.br\/?p=18747"},"author":{"name":"Jefferson Sterfeno","@id":"https:\/\/blogdobispo.com.br\/#\/schema\/person\/e2209cc0e6cea5c5233d033e997b373f"},"headline":"Presidente da Alerj \u00e9 preso pela PF em nova etapa de investiga\u00e7\u00f5es sobre vazamento de opera\u00e7\u00f5es no Rio","datePublished":"2025-12-03T15:28:32+00:00","dateModified":"2025-12-03T15:28:42+00:00","mainEntityOfPage":{"@id":"https:\/\/blogdobispo.com.br\/?p=18747"},"wordCount":545,"commentCount":0,"publisher":{"@id":"https:\/\/blogdobispo.com.br\/#organization"},"image":{"@id":"https:\/\/blogdobispo.com.br\/?p=18747#primaryimage"},"thumbnailUrl":"https:\/\/blogdobispo.com.br\/wp-content\/uploads\/2025\/12\/plenario-geral-octaciliobarbosa-10-12-2024-5.avif","articleSection":["diversos"],"inLanguage":"pt-BR","potentialAction":[{"@type":"CommentAction","name":"Comment","target":["https:\/\/blogdobispo.com.br\/?p=18747#respond"]}]},{"@type":"WebPage","@id":"https:\/\/blogdobispo.com.br\/?p=18747","url":"https:\/\/blogdobispo.com.br\/?p=18747","name":"Presidente da Alerj \u00e9 preso pela PF em nova etapa de investiga\u00e7\u00f5es sobre vazamento de opera\u00e7\u00f5es no Rio - Blog do Bispo","isPartOf":{"@id":"https:\/\/blogdobispo.com.br\/#website"},"primaryImageOfPage":{"@id":"https:\/\/blogdobispo.com.br\/?p=18747#primaryimage"},"image":{"@id":"https:\/\/blogdobispo.com.br\/?p=18747#primaryimage"},"thumbnailUrl":"https:\/\/blogdobispo.com.br\/wp-content\/uploads\/2025\/12\/plenario-geral-octaciliobarbosa-10-12-2024-5.avif","datePublished":"2025-12-03T15:28:32+00:00","dateModified":"2025-12-03T15:28:42+00:00","breadcrumb":{"@id":"https:\/\/blogdobispo.com.br\/?p=18747#breadcrumb"},"inLanguage":"pt-BR","potentialAction":[{"@type":"ReadAction","target":["https:\/\/blogdobispo.com.br\/?p=18747"]}]},{"@type":"ImageObject","inLanguage":"pt-BR","@id":"https:\/\/blogdobispo.com.br\/?p=18747#primaryimage","url":"https:\/\/blogdobispo.com.br\/wp-content\/uploads\/2025\/12\/plenario-geral-octaciliobarbosa-10-12-2024-5.avif","contentUrl":"https:\/\/blogdobispo.com.br\/wp-content\/uploads\/2025\/12\/plenario-geral-octaciliobarbosa-10-12-2024-5.avif","width":888,"height":646},{"@type":"BreadcrumbList","@id":"https:\/\/blogdobispo.com.br\/?p=18747#breadcrumb","itemListElement":[{"@type":"ListItem","position":1,"name":"In\u00edcio","item":"https:\/\/blogdobispo.com.br\/"},{"@type":"ListItem","position":2,"name":"Presidente da Alerj \u00e9 preso pela PF em nova etapa de investiga\u00e7\u00f5es sobre vazamento de opera\u00e7\u00f5es no Rio"}]},{"@type":"WebSite","@id":"https:\/\/blogdobispo.com.br\/#website","url":"https:\/\/blogdobispo.com.br\/","name":"Blog do Bispo","description":"Comprometido apenas com o leitor","publisher":{"@id":"https:\/\/blogdobispo.com.br\/#organization"},"potentialAction":[{"@type":"SearchAction","target":{"@type":"EntryPoint","urlTemplate":"https:\/\/blogdobispo.com.br\/?s={search_term_string}"},"query-input":{"@type":"PropertyValueSpecification","valueRequired":true,"valueName":"search_term_string"}}],"inLanguage":"pt-BR"},{"@type":"Organization","@id":"https:\/\/blogdobispo.com.br\/#organization","name":"Blog do Bispo","url":"https:\/\/blogdobispo.com.br\/","logo":{"@type":"ImageObject","inLanguage":"pt-BR","@id":"https:\/\/blogdobispo.com.br\/#\/schema\/logo\/image\/","url":"http:\/\/blogdobispo.com.br\/wp-content\/uploads\/2023\/05\/cropped-headear.png","contentUrl":"http:\/\/blogdobispo.com.br\/wp-content\/uploads\/2023\/05\/cropped-headear.png","width":1500,"height":399,"caption":"Blog do Bispo"},"image":{"@id":"https:\/\/blogdobispo.com.br\/#\/schema\/logo\/image\/"}},{"@type":"Person","@id":"https:\/\/blogdobispo.com.br\/#\/schema\/person\/e2209cc0e6cea5c5233d033e997b373f","name":"Jefferson Sterfeno","image":{"@type":"ImageObject","inLanguage":"pt-BR","@id":"https:\/\/blogdobispo.com.br\/#\/schema\/person\/image\/","url":"https:\/\/secure.gravatar.com\/avatar\/0534e84764641168a677026b6d57a3f51dc7ac4db0b4f6186d9cb330d4ee1160?s=96&d=mm&r=g","contentUrl":"https:\/\/secure.gravatar.com\/avatar\/0534e84764641168a677026b6d57a3f51dc7ac4db0b4f6186d9cb330d4ee1160?s=96&d=mm&r=g","caption":"Jefferson Sterfeno"},"sameAs":["http:\/\/blogdobispo.com.br"],"url":"https:\/\/blogdobispo.com.br\/?author=1"}]}},"featured_image_urls":{"full":["https:\/\/blogdobispo.com.br\/wp-content\/uploads\/2025\/12\/plenario-geral-octaciliobarbosa-10-12-2024-5.avif",888,646,false],"thumbnail":["https:\/\/blogdobispo.com.br\/wp-content\/uploads\/2025\/12\/plenario-geral-octaciliobarbosa-10-12-2024-5-150x150.avif",150,150,true],"medium":["https:\/\/blogdobispo.com.br\/wp-content\/uploads\/2025\/12\/plenario-geral-octaciliobarbosa-10-12-2024-5-300x218.avif",300,218,true],"medium_large":["https:\/\/blogdobispo.com.br\/wp-content\/uploads\/2025\/12\/plenario-geral-octaciliobarbosa-10-12-2024-5-768x559.avif",768,559,true],"large":["https:\/\/blogdobispo.com.br\/wp-content\/uploads\/2025\/12\/plenario-geral-octaciliobarbosa-10-12-2024-5.avif",800,582,false],"1536x1536":["https:\/\/blogdobispo.com.br\/wp-content\/uploads\/2025\/12\/plenario-geral-octaciliobarbosa-10-12-2024-5.avif",888,646,false],"2048x2048":["https:\/\/blogdobispo.com.br\/wp-content\/uploads\/2025\/12\/plenario-geral-octaciliobarbosa-10-12-2024-5.avif",888,646,false]},"author_info":{"display_name":"Jefferson Sterfeno","author_link":"https:\/\/blogdobispo.com.br\/?author=1"},"category_info":"<a href=\"https:\/\/blogdobispo.com.br\/?cat=1\" rel=\"category\">diversos<\/a>","tag_info":"diversos","comment_count":"0","jetpack_featured_media_url":"https:\/\/blogdobispo.com.br\/wp-content\/uploads\/2025\/12\/plenario-geral-octaciliobarbosa-10-12-2024-5.avif","jetpack_sharing_enabled":true,"_links":{"self":[{"href":"https:\/\/blogdobispo.com.br\/index.php?rest_route=\/wp\/v2\/posts\/18747","targetHints":{"allow":["GET"]}}],"collection":[{"href":"https:\/\/blogdobispo.com.br\/index.php?rest_route=\/wp\/v2\/posts"}],"about":[{"href":"https:\/\/blogdobispo.com.br\/index.php?rest_route=\/wp\/v2\/types\/post"}],"author":[{"embeddable":true,"href":"https:\/\/blogdobispo.com.br\/index.php?rest_route=\/wp\/v2\/users\/1"}],"replies":[{"embeddable":true,"href":"https:\/\/blogdobispo.com.br\/index.php?rest_route=%2Fwp%2Fv2%2Fcomments&post=18747"}],"version-history":[{"count":1,"href":"https:\/\/blogdobispo.com.br\/index.php?rest_route=\/wp\/v2\/posts\/18747\/revisions"}],"predecessor-version":[{"id":18749,"href":"https:\/\/blogdobispo.com.br\/index.php?rest_route=\/wp\/v2\/posts\/18747\/revisions\/18749"}],"wp:featuredmedia":[{"embeddable":true,"href":"https:\/\/blogdobispo.com.br\/index.php?rest_route=\/wp\/v2\/media\/18748"}],"wp:attachment":[{"href":"https:\/\/blogdobispo.com.br\/index.php?rest_route=%2Fwp%2Fv2%2Fmedia&parent=18747"}],"wp:term":[{"taxonomy":"category","embeddable":true,"href":"https:\/\/blogdobispo.com.br\/index.php?rest_route=%2Fwp%2Fv2%2Fcategories&post=18747"},{"taxonomy":"post_tag","embeddable":true,"href":"https:\/\/blogdobispo.com.br\/index.php?rest_route=%2Fwp%2Fv2%2Ftags&post=18747"}],"curies":[{"name":"wp","href":"https:\/\/api.w.org\/{rel}","templated":true}]}}