{"id":1874,"date":"2023-10-07T16:48:48","date_gmt":"2023-10-07T16:48:48","guid":{"rendered":"https:\/\/blogdobispo.com.br\/?p=1874"},"modified":"2023-10-07T16:48:48","modified_gmt":"2023-10-07T16:48:48","slug":"comissao-de-financas-da-camara-vistoria-obras-da-avenida-felizardo-moura","status":"publish","type":"post","link":"https:\/\/blogdobispo.com.br\/?p=1874","title":{"rendered":"Comiss\u00e3o de Finan\u00e7as da C\u00e2mara vistoria obras da Avenida Felizardo Moura"},"content":{"rendered":"\n<figure class=\"wp-block-image size-large\"><img data-recalc-dims=\"1\" fetchpriority=\"high\" decoding=\"async\" width=\"800\" height=\"600\" src=\"https:\/\/i0.wp.com\/blogdobispo.com.br\/wp-content\/uploads\/2023\/10\/img_3188-1-1024x768.png?resize=800%2C600&#038;ssl=1\" class=\"wp-image-1873\" srcset=\"https:\/\/i0.wp.com\/blogdobispo.com.br\/wp-content\/uploads\/2023\/10\/img_3188-1.png?resize=1024%2C768&amp;ssl=1 1024w, https:\/\/i0.wp.com\/blogdobispo.com.br\/wp-content\/uploads\/2023\/10\/img_3188-1.png?resize=300%2C225&amp;ssl=1 300w, https:\/\/i0.wp.com\/blogdobispo.com.br\/wp-content\/uploads\/2023\/10\/img_3188-1.png?resize=768%2C576&amp;ssl=1 768w, https:\/\/i0.wp.com\/blogdobispo.com.br\/wp-content\/uploads\/2023\/10\/img_3188-1.png?resize=1536%2C1152&amp;ssl=1 1536w, https:\/\/i0.wp.com\/blogdobispo.com.br\/wp-content\/uploads\/2023\/10\/img_3188-1.png?w=1600&amp;ssl=1 1600w\" sizes=\"(max-width: 800px) 100vw, 800px\" \/><\/figure>\n\n\n\n<p>Nesta sexta-feira (6), a Comiss\u00e3o de Finan\u00e7as da C\u00e2mara Municipal de Natal realizaram uma vistoria na obra de requalifica\u00e7\u00e3o da Avenida Felizardo Moura, na zona Oeste de Natal.<\/p>\n\n\n\n<p>O presidente da comiss\u00e3o, vereador Raniere Barbosa (Sem Partido), explicou que a ideia foi cobrar explica\u00e7\u00f5es tanto em rela\u00e7\u00e3o \u00e0s falhas no asfalto, quanto \u00e0 falta de fiscaliza\u00e7\u00e3o quanto a outros problemas verificados. &#8220;Observamos ocupa\u00e7\u00f5es irregulares nas margens da pista, postes pichados, cal\u00e7adas ocupadas. Tamb\u00e9m queremos saber como ser\u00e1 a sinaliza\u00e7\u00e3o e quando ser\u00e1 entregue, se h\u00e1 projeto de paisagismo, tudo para que essa obra seja entregue com toda a qualidade e resolutividade&#8221;, declarou.<\/p>\n\n\n\n<p>Os vereadores Nivaldo Bacural (PSB) e Anderson Lopes (PSDB) tamb\u00e9m estiveram no local. Segundo Anderson, a visita foi motivada por den\u00fancias de populares. &#8220;Recebemos reclama\u00e7\u00f5es sobre a qualidade da obra, sobre trechos com o asfalto desnivelado, por exemplo. Nossa sugest\u00e3o \u00e9 para que a empresa apresente o motivo dessas falhas e que possa fazer a restaura\u00e7\u00e3o o quanto antes&#8221;, disse.<\/p>\n\n\n\n<p>Na ocasi\u00e3o, o secret\u00e1rio municipal da Infraestrutura (Seinfra), Carlson Gomes, bem como representantes da empresa respons\u00e1vel, atenderam o convite feito pela comiss\u00e3o e compareceram para prestar esclarecimentos.<\/p>\n\n\n\n<p>Segundo o gestor da Seinfra, at\u00e9 o momento, houve a entrega parcial da obra, de modo que seguem os trabalhos de drenagem que podem ocasionar falhas em alguns pontos, mas que essas ser\u00e3o corrigidas. &#8220;Por causa do trabalho de drenagem, houve compacta\u00e7\u00e3o em alguns pontos, mas estamos trabalhando nisso. A obra s\u00f3 ser\u00e1 entregue por completo no final do ano e, antes, a empresa tem que garantir o perfeito estado. A qualidade do asfalto foi comprovada por testes pela empresa e poder\u00e3o ser apresentados aos vereadores&#8221;, ressaltou o secret\u00e1rio.<\/p>\n\n\n\n<p>A obra de requalifica\u00e7\u00e3o da Avenida Felizardo Moura conta com drenagem, pavimenta\u00e7\u00e3o, cal\u00e7ada, ciclovia, corredor de \u00f4nibus e a implanta\u00e7\u00e3o de faixa revers\u00edvel, garantindo mais fluidez no tr\u00e2nsito e resultando em um aumento de 30% da capacidade da via. O projeto prev\u00ea a aplica\u00e7\u00e3o de investimentos na ordem de R$43 milh\u00f5es, sendo realizado conjuntamente pela Prefeitura de Natal e pelo Governo Federal. Os bloqueios na via come\u00e7aram em novembro de 2022 e a execu\u00e7\u00e3o para fevereiro de 2024.<\/p>\n","protected":false},"excerpt":{"rendered":"<p>Nesta sexta-feira (6), a Comiss\u00e3o de Finan\u00e7as da C\u00e2mara Municipal de Natal realizaram uma vistoria na obra de requalifica\u00e7\u00e3o da Avenida Felizardo Moura, na zona Oeste de Natal. O presidente da comiss\u00e3o, vereador Raniere Barbosa (Sem Partido), explicou que a ideia foi cobrar explica\u00e7\u00f5es tanto em rela\u00e7\u00e3o \u00e0s falhas no asfalto, quanto \u00e0 falta de [&hellip;]<\/p>\n","protected":false},"author":1,"featured_media":0,"comment_status":"open","ping_status":"open","sticky":false,"template":"","format":"standard","meta":{"cybocfi_hide_featured_image":"","_jetpack_memberships_contains_paid_content":false,"footnotes":""},"categories":[1],"tags":[],"class_list":["post-1874","post","type-post","status-publish","format-standard","hentry","category-diversos"],"yoast_head":"<!-- This site is optimized with the Yoast SEO plugin v25.6 - https:\/\/yoast.com\/wordpress\/plugins\/seo\/ -->\n<title>Comiss\u00e3o de Finan\u00e7as da C\u00e2mara vistoria obras da Avenida Felizardo Moura - Blog do Bispo<\/title>\n<meta name=\"robots\" content=\"index, follow, max-snippet:-1, max-image-preview:large, max-video-preview:-1\" \/>\n<link rel=\"canonical\" href=\"https:\/\/blogdobispo.com.br\/?p=1874\" \/>\n<meta property=\"og:locale\" content=\"pt_BR\" \/>\n<meta property=\"og:type\" content=\"article\" \/>\n<meta property=\"og:title\" content=\"Comiss\u00e3o de Finan\u00e7as da C\u00e2mara vistoria obras da Avenida Felizardo Moura - Blog do Bispo\" \/>\n<meta property=\"og:description\" content=\"Nesta sexta-feira (6), a Comiss\u00e3o de Finan\u00e7as da C\u00e2mara Municipal de Natal realizaram uma vistoria na obra de requalifica\u00e7\u00e3o da Avenida Felizardo Moura, na zona Oeste de Natal. O presidente da comiss\u00e3o, vereador Raniere Barbosa (Sem Partido), explicou que a ideia foi cobrar explica\u00e7\u00f5es tanto em rela\u00e7\u00e3o \u00e0s falhas no asfalto, quanto \u00e0 falta de [&hellip;]\" \/>\n<meta property=\"og:url\" content=\"https:\/\/blogdobispo.com.br\/?p=1874\" \/>\n<meta property=\"og:site_name\" content=\"Blog do Bispo\" \/>\n<meta property=\"article:published_time\" content=\"2023-10-07T16:48:48+00:00\" \/>\n<meta property=\"og:image\" content=\"https:\/\/blogdobispo.com.br\/wp-content\/uploads\/2023\/10\/img_3188-1-1024x768.png\" \/>\n<meta name=\"author\" content=\"Jefferson Sterfeno\" \/>\n<meta name=\"twitter:card\" content=\"summary_large_image\" \/>\n<meta name=\"twitter:label1\" content=\"Escrito por\" \/>\n\t<meta name=\"twitter:data1\" content=\"Jefferson Sterfeno\" \/>\n\t<meta name=\"twitter:label2\" content=\"Est. tempo de leitura\" \/>\n\t<meta name=\"twitter:data2\" content=\"2 minutos\" \/>\n<script type=\"application\/ld+json\" class=\"yoast-schema-graph\">{\"@context\":\"https:\/\/schema.org\",\"@graph\":[{\"@type\":\"Article\",\"@id\":\"https:\/\/blogdobispo.com.br\/?p=1874#article\",\"isPartOf\":{\"@id\":\"https:\/\/blogdobispo.com.br\/?p=1874\"},\"author\":{\"name\":\"Jefferson Sterfeno\",\"@id\":\"https:\/\/blogdobispo.com.br\/#\/schema\/person\/e2209cc0e6cea5c5233d033e997b373f\"},\"headline\":\"Comiss\u00e3o de Finan\u00e7as da C\u00e2mara vistoria obras da Avenida Felizardo Moura\",\"datePublished\":\"2023-10-07T16:48:48+00:00\",\"mainEntityOfPage\":{\"@id\":\"https:\/\/blogdobispo.com.br\/?p=1874\"},\"wordCount\":399,\"commentCount\":0,\"publisher\":{\"@id\":\"https:\/\/blogdobispo.com.br\/#organization\"},\"image\":{\"@id\":\"https:\/\/blogdobispo.com.br\/?p=1874#primaryimage\"},\"thumbnailUrl\":\"https:\/\/blogdobispo.com.br\/wp-content\/uploads\/2023\/10\/img_3188-1-1024x768.png\",\"articleSection\":[\"diversos\"],\"inLanguage\":\"pt-BR\",\"potentialAction\":[{\"@type\":\"CommentAction\",\"name\":\"Comment\",\"target\":[\"https:\/\/blogdobispo.com.br\/?p=1874#respond\"]}]},{\"@type\":\"WebPage\",\"@id\":\"https:\/\/blogdobispo.com.br\/?p=1874\",\"url\":\"https:\/\/blogdobispo.com.br\/?p=1874\",\"name\":\"Comiss\u00e3o de Finan\u00e7as da C\u00e2mara vistoria obras da Avenida Felizardo Moura - Blog do Bispo\",\"isPartOf\":{\"@id\":\"https:\/\/blogdobispo.com.br\/#website\"},\"primaryImageOfPage\":{\"@id\":\"https:\/\/blogdobispo.com.br\/?p=1874#primaryimage\"},\"image\":{\"@id\":\"https:\/\/blogdobispo.com.br\/?p=1874#primaryimage\"},\"thumbnailUrl\":\"https:\/\/blogdobispo.com.br\/wp-content\/uploads\/2023\/10\/img_3188-1-1024x768.png\",\"datePublished\":\"2023-10-07T16:48:48+00:00\",\"breadcrumb\":{\"@id\":\"https:\/\/blogdobispo.com.br\/?p=1874#breadcrumb\"},\"inLanguage\":\"pt-BR\",\"potentialAction\":[{\"@type\":\"ReadAction\",\"target\":[\"https:\/\/blogdobispo.com.br\/?p=1874\"]}]},{\"@type\":\"ImageObject\",\"inLanguage\":\"pt-BR\",\"@id\":\"https:\/\/blogdobispo.com.br\/?p=1874#primaryimage\",\"url\":\"https:\/\/blogdobispo.com.br\/wp-content\/uploads\/2023\/10\/img_3188-1-1024x768.png\",\"contentUrl\":\"https:\/\/blogdobispo.com.br\/wp-content\/uploads\/2023\/10\/img_3188-1-1024x768.png\"},{\"@type\":\"BreadcrumbList\",\"@id\":\"https:\/\/blogdobispo.com.br\/?p=1874#breadcrumb\",\"itemListElement\":[{\"@type\":\"ListItem\",\"position\":1,\"name\":\"In\u00edcio\",\"item\":\"https:\/\/blogdobispo.com.br\/\"},{\"@type\":\"ListItem\",\"position\":2,\"name\":\"Comiss\u00e3o de Finan\u00e7as da C\u00e2mara vistoria obras da Avenida Felizardo Moura\"}]},{\"@type\":\"WebSite\",\"@id\":\"https:\/\/blogdobispo.com.br\/#website\",\"url\":\"https:\/\/blogdobispo.com.br\/\",\"name\":\"Blog do Bispo\",\"description\":\"Comprometido apenas com o leitor\",\"publisher\":{\"@id\":\"https:\/\/blogdobispo.com.br\/#organization\"},\"potentialAction\":[{\"@type\":\"SearchAction\",\"target\":{\"@type\":\"EntryPoint\",\"urlTemplate\":\"https:\/\/blogdobispo.com.br\/?s={search_term_string}\"},\"query-input\":{\"@type\":\"PropertyValueSpecification\",\"valueRequired\":true,\"valueName\":\"search_term_string\"}}],\"inLanguage\":\"pt-BR\"},{\"@type\":\"Organization\",\"@id\":\"https:\/\/blogdobispo.com.br\/#organization\",\"name\":\"Blog do Bispo\",\"url\":\"https:\/\/blogdobispo.com.br\/\",\"logo\":{\"@type\":\"ImageObject\",\"inLanguage\":\"pt-BR\",\"@id\":\"https:\/\/blogdobispo.com.br\/#\/schema\/logo\/image\/\",\"url\":\"http:\/\/blogdobispo.com.br\/wp-content\/uploads\/2023\/05\/cropped-headear.png\",\"contentUrl\":\"http:\/\/blogdobispo.com.br\/wp-content\/uploads\/2023\/05\/cropped-headear.png\",\"width\":1500,\"height\":399,\"caption\":\"Blog do Bispo\"},\"image\":{\"@id\":\"https:\/\/blogdobispo.com.br\/#\/schema\/logo\/image\/\"}},{\"@type\":\"Person\",\"@id\":\"https:\/\/blogdobispo.com.br\/#\/schema\/person\/e2209cc0e6cea5c5233d033e997b373f\",\"name\":\"Jefferson Sterfeno\",\"image\":{\"@type\":\"ImageObject\",\"inLanguage\":\"pt-BR\",\"@id\":\"https:\/\/blogdobispo.com.br\/#\/schema\/person\/image\/\",\"url\":\"https:\/\/secure.gravatar.com\/avatar\/0534e84764641168a677026b6d57a3f51dc7ac4db0b4f6186d9cb330d4ee1160?s=96&d=mm&r=g\",\"contentUrl\":\"https:\/\/secure.gravatar.com\/avatar\/0534e84764641168a677026b6d57a3f51dc7ac4db0b4f6186d9cb330d4ee1160?s=96&d=mm&r=g\",\"caption\":\"Jefferson Sterfeno\"},\"sameAs\":[\"http:\/\/blogdobispo.com.br\"],\"url\":\"https:\/\/blogdobispo.com.br\/?author=1\"}]}<\/script>\n<!-- \/ Yoast SEO plugin. -->","yoast_head_json":{"title":"Comiss\u00e3o de Finan\u00e7as da C\u00e2mara vistoria obras da Avenida Felizardo Moura - Blog do Bispo","robots":{"index":"index","follow":"follow","max-snippet":"max-snippet:-1","max-image-preview":"max-image-preview:large","max-video-preview":"max-video-preview:-1"},"canonical":"https:\/\/blogdobispo.com.br\/?p=1874","og_locale":"pt_BR","og_type":"article","og_title":"Comiss\u00e3o de Finan\u00e7as da C\u00e2mara vistoria obras da Avenida Felizardo Moura - Blog do Bispo","og_description":"Nesta sexta-feira (6), a Comiss\u00e3o de Finan\u00e7as da C\u00e2mara Municipal de Natal realizaram uma vistoria na obra de requalifica\u00e7\u00e3o da Avenida Felizardo Moura, na zona Oeste de Natal. O presidente da comiss\u00e3o, vereador Raniere Barbosa (Sem Partido), explicou que a ideia foi cobrar explica\u00e7\u00f5es tanto em rela\u00e7\u00e3o \u00e0s falhas no asfalto, quanto \u00e0 falta de [&hellip;]","og_url":"https:\/\/blogdobispo.com.br\/?p=1874","og_site_name":"Blog do Bispo","article_published_time":"2023-10-07T16:48:48+00:00","og_image":[{"url":"https:\/\/blogdobispo.com.br\/wp-content\/uploads\/2023\/10\/img_3188-1-1024x768.png","type":"","width":"","height":""}],"author":"Jefferson Sterfeno","twitter_card":"summary_large_image","twitter_misc":{"Escrito por":"Jefferson Sterfeno","Est. tempo de leitura":"2 minutos"},"schema":{"@context":"https:\/\/schema.org","@graph":[{"@type":"Article","@id":"https:\/\/blogdobispo.com.br\/?p=1874#article","isPartOf":{"@id":"https:\/\/blogdobispo.com.br\/?p=1874"},"author":{"name":"Jefferson Sterfeno","@id":"https:\/\/blogdobispo.com.br\/#\/schema\/person\/e2209cc0e6cea5c5233d033e997b373f"},"headline":"Comiss\u00e3o de Finan\u00e7as da C\u00e2mara vistoria obras da Avenida Felizardo Moura","datePublished":"2023-10-07T16:48:48+00:00","mainEntityOfPage":{"@id":"https:\/\/blogdobispo.com.br\/?p=1874"},"wordCount":399,"commentCount":0,"publisher":{"@id":"https:\/\/blogdobispo.com.br\/#organization"},"image":{"@id":"https:\/\/blogdobispo.com.br\/?p=1874#primaryimage"},"thumbnailUrl":"https:\/\/blogdobispo.com.br\/wp-content\/uploads\/2023\/10\/img_3188-1-1024x768.png","articleSection":["diversos"],"inLanguage":"pt-BR","potentialAction":[{"@type":"CommentAction","name":"Comment","target":["https:\/\/blogdobispo.com.br\/?p=1874#respond"]}]},{"@type":"WebPage","@id":"https:\/\/blogdobispo.com.br\/?p=1874","url":"https:\/\/blogdobispo.com.br\/?p=1874","name":"Comiss\u00e3o de Finan\u00e7as da C\u00e2mara vistoria obras da Avenida Felizardo Moura - Blog do Bispo","isPartOf":{"@id":"https:\/\/blogdobispo.com.br\/#website"},"primaryImageOfPage":{"@id":"https:\/\/blogdobispo.com.br\/?p=1874#primaryimage"},"image":{"@id":"https:\/\/blogdobispo.com.br\/?p=1874#primaryimage"},"thumbnailUrl":"https:\/\/blogdobispo.com.br\/wp-content\/uploads\/2023\/10\/img_3188-1-1024x768.png","datePublished":"2023-10-07T16:48:48+00:00","breadcrumb":{"@id":"https:\/\/blogdobispo.com.br\/?p=1874#breadcrumb"},"inLanguage":"pt-BR","potentialAction":[{"@type":"ReadAction","target":["https:\/\/blogdobispo.com.br\/?p=1874"]}]},{"@type":"ImageObject","inLanguage":"pt-BR","@id":"https:\/\/blogdobispo.com.br\/?p=1874#primaryimage","url":"https:\/\/blogdobispo.com.br\/wp-content\/uploads\/2023\/10\/img_3188-1-1024x768.png","contentUrl":"https:\/\/blogdobispo.com.br\/wp-content\/uploads\/2023\/10\/img_3188-1-1024x768.png"},{"@type":"BreadcrumbList","@id":"https:\/\/blogdobispo.com.br\/?p=1874#breadcrumb","itemListElement":[{"@type":"ListItem","position":1,"name":"In\u00edcio","item":"https:\/\/blogdobispo.com.br\/"},{"@type":"ListItem","position":2,"name":"Comiss\u00e3o de Finan\u00e7as da C\u00e2mara vistoria obras da Avenida Felizardo Moura"}]},{"@type":"WebSite","@id":"https:\/\/blogdobispo.com.br\/#website","url":"https:\/\/blogdobispo.com.br\/","name":"Blog do Bispo","description":"Comprometido apenas com o leitor","publisher":{"@id":"https:\/\/blogdobispo.com.br\/#organization"},"potentialAction":[{"@type":"SearchAction","target":{"@type":"EntryPoint","urlTemplate":"https:\/\/blogdobispo.com.br\/?s={search_term_string}"},"query-input":{"@type":"PropertyValueSpecification","valueRequired":true,"valueName":"search_term_string"}}],"inLanguage":"pt-BR"},{"@type":"Organization","@id":"https:\/\/blogdobispo.com.br\/#organization","name":"Blog do Bispo","url":"https:\/\/blogdobispo.com.br\/","logo":{"@type":"ImageObject","inLanguage":"pt-BR","@id":"https:\/\/blogdobispo.com.br\/#\/schema\/logo\/image\/","url":"http:\/\/blogdobispo.com.br\/wp-content\/uploads\/2023\/05\/cropped-headear.png","contentUrl":"http:\/\/blogdobispo.com.br\/wp-content\/uploads\/2023\/05\/cropped-headear.png","width":1500,"height":399,"caption":"Blog do Bispo"},"image":{"@id":"https:\/\/blogdobispo.com.br\/#\/schema\/logo\/image\/"}},{"@type":"Person","@id":"https:\/\/blogdobispo.com.br\/#\/schema\/person\/e2209cc0e6cea5c5233d033e997b373f","name":"Jefferson Sterfeno","image":{"@type":"ImageObject","inLanguage":"pt-BR","@id":"https:\/\/blogdobispo.com.br\/#\/schema\/person\/image\/","url":"https:\/\/secure.gravatar.com\/avatar\/0534e84764641168a677026b6d57a3f51dc7ac4db0b4f6186d9cb330d4ee1160?s=96&d=mm&r=g","contentUrl":"https:\/\/secure.gravatar.com\/avatar\/0534e84764641168a677026b6d57a3f51dc7ac4db0b4f6186d9cb330d4ee1160?s=96&d=mm&r=g","caption":"Jefferson Sterfeno"},"sameAs":["http:\/\/blogdobispo.com.br"],"url":"https:\/\/blogdobispo.com.br\/?author=1"}]}},"featured_image_urls":{"full":"","thumbnail":"","medium":"","medium_large":"","large":"","1536x1536":"","2048x2048":""},"author_info":{"display_name":"Jefferson Sterfeno","author_link":"https:\/\/blogdobispo.com.br\/?author=1"},"category_info":"<a href=\"https:\/\/blogdobispo.com.br\/?cat=1\" rel=\"category\">diversos<\/a>","tag_info":"diversos","comment_count":"0","jetpack_featured_media_url":"","jetpack_sharing_enabled":true,"_links":{"self":[{"href":"https:\/\/blogdobispo.com.br\/index.php?rest_route=\/wp\/v2\/posts\/1874","targetHints":{"allow":["GET"]}}],"collection":[{"href":"https:\/\/blogdobispo.com.br\/index.php?rest_route=\/wp\/v2\/posts"}],"about":[{"href":"https:\/\/blogdobispo.com.br\/index.php?rest_route=\/wp\/v2\/types\/post"}],"author":[{"embeddable":true,"href":"https:\/\/blogdobispo.com.br\/index.php?rest_route=\/wp\/v2\/users\/1"}],"replies":[{"embeddable":true,"href":"https:\/\/blogdobispo.com.br\/index.php?rest_route=%2Fwp%2Fv2%2Fcomments&post=1874"}],"version-history":[{"count":0,"href":"https:\/\/blogdobispo.com.br\/index.php?rest_route=\/wp\/v2\/posts\/1874\/revisions"}],"wp:attachment":[{"href":"https:\/\/blogdobispo.com.br\/index.php?rest_route=%2Fwp%2Fv2%2Fmedia&parent=1874"}],"wp:term":[{"taxonomy":"category","embeddable":true,"href":"https:\/\/blogdobispo.com.br\/index.php?rest_route=%2Fwp%2Fv2%2Fcategories&post=1874"},{"taxonomy":"post_tag","embeddable":true,"href":"https:\/\/blogdobispo.com.br\/index.php?rest_route=%2Fwp%2Fv2%2Ftags&post=1874"}],"curies":[{"name":"wp","href":"https:\/\/api.w.org\/{rel}","templated":true}]}}