{"id":18738,"date":"2025-12-03T15:09:14","date_gmt":"2025-12-03T15:09:14","guid":{"rendered":"https:\/\/blogdobispo.com.br\/?p=18738"},"modified":"2025-12-03T15:19:27","modified_gmt":"2025-12-03T15:19:27","slug":"deputados-do-rn-votam-a-favor-do-aumento-do-ipva-no-rn","status":"publish","type":"post","link":"https:\/\/blogdobispo.com.br\/?p=18738","title":{"rendered":"Deputados do RN votam a favor do aumento do IPVA no Estado"},"content":{"rendered":"<h2 data-start=\"153\" data-end=\"232\"><\/h2>\n<p data-start=\"234\" data-end=\"605\">A C\u00e2mara dos Deputados aprovou, nesta ter\u00e7a-feira (2), em dois turnos, a Proposta de Emenda \u00e0 Constitui\u00e7\u00e3o (PEC 72\/23) que institui isen\u00e7\u00e3o nacional do IPVA para ve\u00edculos terrestres com <strong data-start=\"420\" data-end=\"453\">20 anos ou mais de fabrica\u00e7\u00e3o<\/strong>. A medida padroniza em todo o pa\u00eds a regra para ve\u00edculos antigos e altera diretamente a forma como os estados poder\u00e3o cobrar o imposto daqui em diante.<\/p>\n<p data-start=\"607\" data-end=\"964\">Com a aprova\u00e7\u00e3o, a PEC cria uma <strong data-start=\"639\" data-end=\"663\">imunidade tribut\u00e1ria<\/strong>, proibindo que governadores e secretarias estaduais de tributa\u00e7\u00e3o cobrem o IPVA desses ve\u00edculos. A proposta foi defendida como forma de garantir maior uniformidade nas regras e evitar discrep\u00e2ncias entre estados onde j\u00e1 havia isen\u00e7\u00e3o para ve\u00edculos antigos e outros que continuavam cobrando o imposto.<\/p>\n<p data-start=\"966\" data-end=\"1286\">A isen\u00e7\u00e3o valer\u00e1 para carros de passeio, caminhonetes e ve\u00edculos mistos. J\u00e1 micro-\u00f4nibus, \u00f4nibus, reboques e semirreboques ficam fora do benef\u00edcio. De acordo com o texto aprovado, a mudan\u00e7a atende a uma demanda antiga de propriet\u00e1rios de ve\u00edculos mais antigos, especialmente em estados onde a cobran\u00e7a ainda era mantida.<\/p>\n<p data-start=\"1288\" data-end=\"1597\">A proposta agora segue para an\u00e1lise do Senado Federal. Caso seja confirmada e promulgada, estados como o Rio Grande do Norte \u2014 que atualmente concede isen\u00e7\u00e3o a ve\u00edculos com <strong data-start=\"1461\" data-end=\"1472\">10 anos<\/strong> de fabrica\u00e7\u00e3o \u2014 dever\u00e3o adequar suas legisla\u00e7\u00f5es para ampliar o benef\u00edcio para <strong data-start=\"1552\" data-end=\"1563\">20 anos<\/strong>, seguindo o novo padr\u00e3o nacional.<\/p>\n<p data-start=\"1288\" data-end=\"1597\">Os deputados Sargento Gon\u00e7alves, Natalia Bonavides, Fernando Mineiro, Benes Leoc\u00e1rdio, Carla Dickson, Robinson Faria e Jo\u00e3o Maia votaram a favor. General Gir\u00e3o estava ausente.<\/p>\n<p data-start=\"1599\" data-end=\"1857\">Parlamentares que defenderam a PEC afirmam que a medida trar\u00e1 seguran\u00e7a jur\u00eddica e evitar\u00e1 distor\u00e7\u00f5es entre estados. J\u00e1 cr\u00edticos alertam para a possibilidade de perda de arrecada\u00e7\u00e3o, especialmente em unidades da federa\u00e7\u00e3o com maior frota de ve\u00edculos antigos.<\/p>\n<p data-start=\"1859\" data-end=\"2065\"><img fetchpriority=\"high\" decoding=\"async\" class=\"alignnone size-medium wp-image-18739\" src=\"http:\/\/blogdobispo.com.br\/wp-content\/uploads\/2025\/12\/whatsapp-image-2024-12-04-at-08.48.35-300x206.avif\" alt=\"\" width=\"300\" height=\"206\" srcset=\"https:\/\/blogdobispo.com.br\/wp-content\/uploads\/2025\/12\/whatsapp-image-2024-12-04-at-08.48.35-300x206.avif 300w, https:\/\/blogdobispo.com.br\/wp-content\/uploads\/2025\/12\/whatsapp-image-2024-12-04-at-08.48.35-768x528.avif 768w, https:\/\/blogdobispo.com.br\/wp-content\/uploads\/2025\/12\/whatsapp-image-2024-12-04-at-08.48.35.avif 984w\" sizes=\"(max-width: 300px) 100vw, 300px\" \/><\/p>\n","protected":false},"excerpt":{"rendered":"<p>A C\u00e2mara dos Deputados aprovou, nesta ter\u00e7a-feira (2), em dois turnos, a Proposta de Emenda \u00e0 Constitui\u00e7\u00e3o (PEC 72\/23) que institui isen\u00e7\u00e3o nacional do IPVA para ve\u00edculos terrestres com 20 anos ou mais de fabrica\u00e7\u00e3o. A medida padroniza em todo o pa\u00eds a regra para ve\u00edculos antigos e altera diretamente a forma como os estados [&hellip;]<\/p>\n","protected":false},"author":1,"featured_media":18739,"comment_status":"open","ping_status":"open","sticky":false,"template":"","format":"standard","meta":{"cybocfi_hide_featured_image":"","_jetpack_memberships_contains_paid_content":false,"footnotes":""},"categories":[1],"tags":[],"class_list":["post-18738","post","type-post","status-publish","format-standard","has-post-thumbnail","hentry","category-diversos"],"yoast_head":"<!-- This site is optimized with the Yoast SEO plugin v25.6 - https:\/\/yoast.com\/wordpress\/plugins\/seo\/ -->\n<title>Deputados do RN votam a favor do aumento do IPVA no Estado - Blog do Bispo<\/title>\n<meta name=\"robots\" content=\"index, follow, max-snippet:-1, max-image-preview:large, max-video-preview:-1\" \/>\n<link rel=\"canonical\" href=\"https:\/\/blogdobispo.com.br\/?p=18738\" \/>\n<meta property=\"og:locale\" content=\"pt_BR\" \/>\n<meta property=\"og:type\" content=\"article\" \/>\n<meta property=\"og:title\" content=\"Deputados do RN votam a favor do aumento do IPVA no Estado - Blog do Bispo\" \/>\n<meta property=\"og:description\" content=\"A C\u00e2mara dos Deputados aprovou, nesta ter\u00e7a-feira (2), em dois turnos, a Proposta de Emenda \u00e0 Constitui\u00e7\u00e3o (PEC 72\/23) que institui isen\u00e7\u00e3o nacional do IPVA para ve\u00edculos terrestres com 20 anos ou mais de fabrica\u00e7\u00e3o. A medida padroniza em todo o pa\u00eds a regra para ve\u00edculos antigos e altera diretamente a forma como os estados [&hellip;]\" \/>\n<meta property=\"og:url\" content=\"https:\/\/blogdobispo.com.br\/?p=18738\" \/>\n<meta property=\"og:site_name\" content=\"Blog do Bispo\" \/>\n<meta property=\"article:published_time\" content=\"2025-12-03T15:09:14+00:00\" \/>\n<meta property=\"article:modified_time\" content=\"2025-12-03T15:19:27+00:00\" \/>\n<meta name=\"author\" content=\"Jefferson Sterfeno\" \/>\n<meta name=\"twitter:card\" content=\"summary_large_image\" \/>\n<meta name=\"twitter:label1\" content=\"Escrito por\" \/>\n\t<meta name=\"twitter:data1\" content=\"Jefferson Sterfeno\" \/>\n\t<meta name=\"twitter:label2\" content=\"Est. tempo de leitura\" \/>\n\t<meta name=\"twitter:data2\" content=\"2 minutos\" \/>\n<script type=\"application\/ld+json\" class=\"yoast-schema-graph\">{\"@context\":\"https:\/\/schema.org\",\"@graph\":[{\"@type\":\"Article\",\"@id\":\"https:\/\/blogdobispo.com.br\/?p=18738#article\",\"isPartOf\":{\"@id\":\"https:\/\/blogdobispo.com.br\/?p=18738\"},\"author\":{\"name\":\"Jefferson Sterfeno\",\"@id\":\"https:\/\/blogdobispo.com.br\/#\/schema\/person\/e2209cc0e6cea5c5233d033e997b373f\"},\"headline\":\"Deputados do RN votam a favor do aumento do IPVA no Estado\",\"datePublished\":\"2025-12-03T15:09:14+00:00\",\"dateModified\":\"2025-12-03T15:19:27+00:00\",\"mainEntityOfPage\":{\"@id\":\"https:\/\/blogdobispo.com.br\/?p=18738\"},\"wordCount\":323,\"commentCount\":0,\"publisher\":{\"@id\":\"https:\/\/blogdobispo.com.br\/#organization\"},\"image\":{\"@id\":\"https:\/\/blogdobispo.com.br\/?p=18738#primaryimage\"},\"thumbnailUrl\":\"https:\/\/blogdobispo.com.br\/wp-content\/uploads\/2025\/12\/whatsapp-image-2024-12-04-at-08.48.35.avif\",\"articleSection\":[\"diversos\"],\"inLanguage\":\"pt-BR\",\"potentialAction\":[{\"@type\":\"CommentAction\",\"name\":\"Comment\",\"target\":[\"https:\/\/blogdobispo.com.br\/?p=18738#respond\"]}]},{\"@type\":\"WebPage\",\"@id\":\"https:\/\/blogdobispo.com.br\/?p=18738\",\"url\":\"https:\/\/blogdobispo.com.br\/?p=18738\",\"name\":\"Deputados do RN votam a favor do aumento do IPVA no Estado - Blog do Bispo\",\"isPartOf\":{\"@id\":\"https:\/\/blogdobispo.com.br\/#website\"},\"primaryImageOfPage\":{\"@id\":\"https:\/\/blogdobispo.com.br\/?p=18738#primaryimage\"},\"image\":{\"@id\":\"https:\/\/blogdobispo.com.br\/?p=18738#primaryimage\"},\"thumbnailUrl\":\"https:\/\/blogdobispo.com.br\/wp-content\/uploads\/2025\/12\/whatsapp-image-2024-12-04-at-08.48.35.avif\",\"datePublished\":\"2025-12-03T15:09:14+00:00\",\"dateModified\":\"2025-12-03T15:19:27+00:00\",\"breadcrumb\":{\"@id\":\"https:\/\/blogdobispo.com.br\/?p=18738#breadcrumb\"},\"inLanguage\":\"pt-BR\",\"potentialAction\":[{\"@type\":\"ReadAction\",\"target\":[\"https:\/\/blogdobispo.com.br\/?p=18738\"]}]},{\"@type\":\"ImageObject\",\"inLanguage\":\"pt-BR\",\"@id\":\"https:\/\/blogdobispo.com.br\/?p=18738#primaryimage\",\"url\":\"https:\/\/blogdobispo.com.br\/wp-content\/uploads\/2025\/12\/whatsapp-image-2024-12-04-at-08.48.35.avif\",\"contentUrl\":\"https:\/\/blogdobispo.com.br\/wp-content\/uploads\/2025\/12\/whatsapp-image-2024-12-04-at-08.48.35.avif\",\"width\":984,\"height\":676},{\"@type\":\"BreadcrumbList\",\"@id\":\"https:\/\/blogdobispo.com.br\/?p=18738#breadcrumb\",\"itemListElement\":[{\"@type\":\"ListItem\",\"position\":1,\"name\":\"In\u00edcio\",\"item\":\"https:\/\/blogdobispo.com.br\/\"},{\"@type\":\"ListItem\",\"position\":2,\"name\":\"Deputados do RN votam a favor do aumento do IPVA no Estado\"}]},{\"@type\":\"WebSite\",\"@id\":\"https:\/\/blogdobispo.com.br\/#website\",\"url\":\"https:\/\/blogdobispo.com.br\/\",\"name\":\"Blog do Bispo\",\"description\":\"Comprometido apenas com o leitor\",\"publisher\":{\"@id\":\"https:\/\/blogdobispo.com.br\/#organization\"},\"potentialAction\":[{\"@type\":\"SearchAction\",\"target\":{\"@type\":\"EntryPoint\",\"urlTemplate\":\"https:\/\/blogdobispo.com.br\/?s={search_term_string}\"},\"query-input\":{\"@type\":\"PropertyValueSpecification\",\"valueRequired\":true,\"valueName\":\"search_term_string\"}}],\"inLanguage\":\"pt-BR\"},{\"@type\":\"Organization\",\"@id\":\"https:\/\/blogdobispo.com.br\/#organization\",\"name\":\"Blog do Bispo\",\"url\":\"https:\/\/blogdobispo.com.br\/\",\"logo\":{\"@type\":\"ImageObject\",\"inLanguage\":\"pt-BR\",\"@id\":\"https:\/\/blogdobispo.com.br\/#\/schema\/logo\/image\/\",\"url\":\"http:\/\/blogdobispo.com.br\/wp-content\/uploads\/2023\/05\/cropped-headear.png\",\"contentUrl\":\"http:\/\/blogdobispo.com.br\/wp-content\/uploads\/2023\/05\/cropped-headear.png\",\"width\":1500,\"height\":399,\"caption\":\"Blog do Bispo\"},\"image\":{\"@id\":\"https:\/\/blogdobispo.com.br\/#\/schema\/logo\/image\/\"}},{\"@type\":\"Person\",\"@id\":\"https:\/\/blogdobispo.com.br\/#\/schema\/person\/e2209cc0e6cea5c5233d033e997b373f\",\"name\":\"Jefferson Sterfeno\",\"image\":{\"@type\":\"ImageObject\",\"inLanguage\":\"pt-BR\",\"@id\":\"https:\/\/blogdobispo.com.br\/#\/schema\/person\/image\/\",\"url\":\"https:\/\/secure.gravatar.com\/avatar\/0534e84764641168a677026b6d57a3f51dc7ac4db0b4f6186d9cb330d4ee1160?s=96&d=mm&r=g\",\"contentUrl\":\"https:\/\/secure.gravatar.com\/avatar\/0534e84764641168a677026b6d57a3f51dc7ac4db0b4f6186d9cb330d4ee1160?s=96&d=mm&r=g\",\"caption\":\"Jefferson Sterfeno\"},\"sameAs\":[\"http:\/\/blogdobispo.com.br\"],\"url\":\"https:\/\/blogdobispo.com.br\/?author=1\"}]}<\/script>\n<!-- \/ Yoast SEO plugin. -->","yoast_head_json":{"title":"Deputados do RN votam a favor do aumento do IPVA no Estado - Blog do Bispo","robots":{"index":"index","follow":"follow","max-snippet":"max-snippet:-1","max-image-preview":"max-image-preview:large","max-video-preview":"max-video-preview:-1"},"canonical":"https:\/\/blogdobispo.com.br\/?p=18738","og_locale":"pt_BR","og_type":"article","og_title":"Deputados do RN votam a favor do aumento do IPVA no Estado - Blog do Bispo","og_description":"A C\u00e2mara dos Deputados aprovou, nesta ter\u00e7a-feira (2), em dois turnos, a Proposta de Emenda \u00e0 Constitui\u00e7\u00e3o (PEC 72\/23) que institui isen\u00e7\u00e3o nacional do IPVA para ve\u00edculos terrestres com 20 anos ou mais de fabrica\u00e7\u00e3o. A medida padroniza em todo o pa\u00eds a regra para ve\u00edculos antigos e altera diretamente a forma como os estados [&hellip;]","og_url":"https:\/\/blogdobispo.com.br\/?p=18738","og_site_name":"Blog do Bispo","article_published_time":"2025-12-03T15:09:14+00:00","article_modified_time":"2025-12-03T15:19:27+00:00","author":"Jefferson Sterfeno","twitter_card":"summary_large_image","twitter_misc":{"Escrito por":"Jefferson Sterfeno","Est. tempo de leitura":"2 minutos"},"schema":{"@context":"https:\/\/schema.org","@graph":[{"@type":"Article","@id":"https:\/\/blogdobispo.com.br\/?p=18738#article","isPartOf":{"@id":"https:\/\/blogdobispo.com.br\/?p=18738"},"author":{"name":"Jefferson Sterfeno","@id":"https:\/\/blogdobispo.com.br\/#\/schema\/person\/e2209cc0e6cea5c5233d033e997b373f"},"headline":"Deputados do RN votam a favor do aumento do IPVA no Estado","datePublished":"2025-12-03T15:09:14+00:00","dateModified":"2025-12-03T15:19:27+00:00","mainEntityOfPage":{"@id":"https:\/\/blogdobispo.com.br\/?p=18738"},"wordCount":323,"commentCount":0,"publisher":{"@id":"https:\/\/blogdobispo.com.br\/#organization"},"image":{"@id":"https:\/\/blogdobispo.com.br\/?p=18738#primaryimage"},"thumbnailUrl":"https:\/\/blogdobispo.com.br\/wp-content\/uploads\/2025\/12\/whatsapp-image-2024-12-04-at-08.48.35.avif","articleSection":["diversos"],"inLanguage":"pt-BR","potentialAction":[{"@type":"CommentAction","name":"Comment","target":["https:\/\/blogdobispo.com.br\/?p=18738#respond"]}]},{"@type":"WebPage","@id":"https:\/\/blogdobispo.com.br\/?p=18738","url":"https:\/\/blogdobispo.com.br\/?p=18738","name":"Deputados do RN votam a favor do aumento do IPVA no Estado - Blog do Bispo","isPartOf":{"@id":"https:\/\/blogdobispo.com.br\/#website"},"primaryImageOfPage":{"@id":"https:\/\/blogdobispo.com.br\/?p=18738#primaryimage"},"image":{"@id":"https:\/\/blogdobispo.com.br\/?p=18738#primaryimage"},"thumbnailUrl":"https:\/\/blogdobispo.com.br\/wp-content\/uploads\/2025\/12\/whatsapp-image-2024-12-04-at-08.48.35.avif","datePublished":"2025-12-03T15:09:14+00:00","dateModified":"2025-12-03T15:19:27+00:00","breadcrumb":{"@id":"https:\/\/blogdobispo.com.br\/?p=18738#breadcrumb"},"inLanguage":"pt-BR","potentialAction":[{"@type":"ReadAction","target":["https:\/\/blogdobispo.com.br\/?p=18738"]}]},{"@type":"ImageObject","inLanguage":"pt-BR","@id":"https:\/\/blogdobispo.com.br\/?p=18738#primaryimage","url":"https:\/\/blogdobispo.com.br\/wp-content\/uploads\/2025\/12\/whatsapp-image-2024-12-04-at-08.48.35.avif","contentUrl":"https:\/\/blogdobispo.com.br\/wp-content\/uploads\/2025\/12\/whatsapp-image-2024-12-04-at-08.48.35.avif","width":984,"height":676},{"@type":"BreadcrumbList","@id":"https:\/\/blogdobispo.com.br\/?p=18738#breadcrumb","itemListElement":[{"@type":"ListItem","position":1,"name":"In\u00edcio","item":"https:\/\/blogdobispo.com.br\/"},{"@type":"ListItem","position":2,"name":"Deputados do RN votam a favor do aumento do IPVA no Estado"}]},{"@type":"WebSite","@id":"https:\/\/blogdobispo.com.br\/#website","url":"https:\/\/blogdobispo.com.br\/","name":"Blog do Bispo","description":"Comprometido apenas com o leitor","publisher":{"@id":"https:\/\/blogdobispo.com.br\/#organization"},"potentialAction":[{"@type":"SearchAction","target":{"@type":"EntryPoint","urlTemplate":"https:\/\/blogdobispo.com.br\/?s={search_term_string}"},"query-input":{"@type":"PropertyValueSpecification","valueRequired":true,"valueName":"search_term_string"}}],"inLanguage":"pt-BR"},{"@type":"Organization","@id":"https:\/\/blogdobispo.com.br\/#organization","name":"Blog do Bispo","url":"https:\/\/blogdobispo.com.br\/","logo":{"@type":"ImageObject","inLanguage":"pt-BR","@id":"https:\/\/blogdobispo.com.br\/#\/schema\/logo\/image\/","url":"http:\/\/blogdobispo.com.br\/wp-content\/uploads\/2023\/05\/cropped-headear.png","contentUrl":"http:\/\/blogdobispo.com.br\/wp-content\/uploads\/2023\/05\/cropped-headear.png","width":1500,"height":399,"caption":"Blog do Bispo"},"image":{"@id":"https:\/\/blogdobispo.com.br\/#\/schema\/logo\/image\/"}},{"@type":"Person","@id":"https:\/\/blogdobispo.com.br\/#\/schema\/person\/e2209cc0e6cea5c5233d033e997b373f","name":"Jefferson Sterfeno","image":{"@type":"ImageObject","inLanguage":"pt-BR","@id":"https:\/\/blogdobispo.com.br\/#\/schema\/person\/image\/","url":"https:\/\/secure.gravatar.com\/avatar\/0534e84764641168a677026b6d57a3f51dc7ac4db0b4f6186d9cb330d4ee1160?s=96&d=mm&r=g","contentUrl":"https:\/\/secure.gravatar.com\/avatar\/0534e84764641168a677026b6d57a3f51dc7ac4db0b4f6186d9cb330d4ee1160?s=96&d=mm&r=g","caption":"Jefferson Sterfeno"},"sameAs":["http:\/\/blogdobispo.com.br"],"url":"https:\/\/blogdobispo.com.br\/?author=1"}]}},"featured_image_urls":{"full":["https:\/\/blogdobispo.com.br\/wp-content\/uploads\/2025\/12\/whatsapp-image-2024-12-04-at-08.48.35.avif",984,676,false],"thumbnail":["https:\/\/blogdobispo.com.br\/wp-content\/uploads\/2025\/12\/whatsapp-image-2024-12-04-at-08.48.35-150x150.avif",150,150,true],"medium":["https:\/\/blogdobispo.com.br\/wp-content\/uploads\/2025\/12\/whatsapp-image-2024-12-04-at-08.48.35-300x206.avif",300,206,true],"medium_large":["https:\/\/blogdobispo.com.br\/wp-content\/uploads\/2025\/12\/whatsapp-image-2024-12-04-at-08.48.35-768x528.avif",768,528,true],"large":["https:\/\/blogdobispo.com.br\/wp-content\/uploads\/2025\/12\/whatsapp-image-2024-12-04-at-08.48.35.avif",800,550,false],"1536x1536":["https:\/\/blogdobispo.com.br\/wp-content\/uploads\/2025\/12\/whatsapp-image-2024-12-04-at-08.48.35.avif",984,676,false],"2048x2048":["https:\/\/blogdobispo.com.br\/wp-content\/uploads\/2025\/12\/whatsapp-image-2024-12-04-at-08.48.35.avif",984,676,false]},"author_info":{"display_name":"Jefferson Sterfeno","author_link":"https:\/\/blogdobispo.com.br\/?author=1"},"category_info":"<a href=\"https:\/\/blogdobispo.com.br\/?cat=1\" rel=\"category\">diversos<\/a>","tag_info":"diversos","comment_count":"0","jetpack_featured_media_url":"https:\/\/blogdobispo.com.br\/wp-content\/uploads\/2025\/12\/whatsapp-image-2024-12-04-at-08.48.35.avif","jetpack_sharing_enabled":true,"_links":{"self":[{"href":"https:\/\/blogdobispo.com.br\/index.php?rest_route=\/wp\/v2\/posts\/18738","targetHints":{"allow":["GET"]}}],"collection":[{"href":"https:\/\/blogdobispo.com.br\/index.php?rest_route=\/wp\/v2\/posts"}],"about":[{"href":"https:\/\/blogdobispo.com.br\/index.php?rest_route=\/wp\/v2\/types\/post"}],"author":[{"embeddable":true,"href":"https:\/\/blogdobispo.com.br\/index.php?rest_route=\/wp\/v2\/users\/1"}],"replies":[{"embeddable":true,"href":"https:\/\/blogdobispo.com.br\/index.php?rest_route=%2Fwp%2Fv2%2Fcomments&post=18738"}],"version-history":[{"count":5,"href":"https:\/\/blogdobispo.com.br\/index.php?rest_route=\/wp\/v2\/posts\/18738\/revisions"}],"predecessor-version":[{"id":18746,"href":"https:\/\/blogdobispo.com.br\/index.php?rest_route=\/wp\/v2\/posts\/18738\/revisions\/18746"}],"wp:featuredmedia":[{"embeddable":true,"href":"https:\/\/blogdobispo.com.br\/index.php?rest_route=\/wp\/v2\/media\/18739"}],"wp:attachment":[{"href":"https:\/\/blogdobispo.com.br\/index.php?rest_route=%2Fwp%2Fv2%2Fmedia&parent=18738"}],"wp:term":[{"taxonomy":"category","embeddable":true,"href":"https:\/\/blogdobispo.com.br\/index.php?rest_route=%2Fwp%2Fv2%2Fcategories&post=18738"},{"taxonomy":"post_tag","embeddable":true,"href":"https:\/\/blogdobispo.com.br\/index.php?rest_route=%2Fwp%2Fv2%2Ftags&post=18738"}],"curies":[{"name":"wp","href":"https:\/\/api.w.org\/{rel}","templated":true}]}}