{"id":18734,"date":"2025-12-02T15:20:28","date_gmt":"2025-12-02T15:20:28","guid":{"rendered":"https:\/\/blogdobispo.com.br\/?p=18734"},"modified":"2025-12-02T15:20:28","modified_gmt":"2025-12-02T15:20:28","slug":"a-tres-dias-do-festival-governo-sanciona-lei-de-autoria-de-ubaldo-que-reconhece-halleluya-como-patrimonio-do-rn","status":"publish","type":"post","link":"https:\/\/blogdobispo.com.br\/?p=18734","title":{"rendered":"A tr\u00eas dias do festival, Governo sanciona lei de autoria de Ubaldo que reconhece Halleluya como Patrim\u00f4nio do RN"},"content":{"rendered":"\n<figure class=\"wp-block-image size-large\"><img data-recalc-dims=\"1\" fetchpriority=\"high\" decoding=\"async\" width=\"800\" height=\"533\" src=\"https:\/\/i0.wp.com\/blogdobispo.com.br\/wp-content\/uploads\/2025\/12\/45146eba-b2a9-4158-bd6b-fb14d04210c3-1024x682.jpg?resize=800%2C533&#038;ssl=1\" class=\"wp-image-18732\" srcset=\"https:\/\/i0.wp.com\/blogdobispo.com.br\/wp-content\/uploads\/2025\/12\/45146eba-b2a9-4158-bd6b-fb14d04210c3.jpg?resize=1024%2C682&amp;ssl=1 1024w, https:\/\/i0.wp.com\/blogdobispo.com.br\/wp-content\/uploads\/2025\/12\/45146eba-b2a9-4158-bd6b-fb14d04210c3.jpg?resize=300%2C200&amp;ssl=1 300w, https:\/\/i0.wp.com\/blogdobispo.com.br\/wp-content\/uploads\/2025\/12\/45146eba-b2a9-4158-bd6b-fb14d04210c3.jpg?resize=768%2C512&amp;ssl=1 768w, https:\/\/i0.wp.com\/blogdobispo.com.br\/wp-content\/uploads\/2025\/12\/45146eba-b2a9-4158-bd6b-fb14d04210c3.jpg?w=1280&amp;ssl=1 1280w\" sizes=\"(max-width: 800px) 100vw, 800px\" \/><\/figure>\n\n\n\n<p><\/p>\n\n\n\n<p>Faltando tr\u00eas dias para o in\u00edcio do Halleluya 2025, um dos maiores eventos de artes integradas da Am\u00e9rica Latina, o Rio Grande do Norte celebra uma conquista hist\u00f3rica: o Governo do Estado sancionou, nesta ter\u00e7a-feira, 2 de dezembro, a Lei n\u00ba 12.542, de autoria do deputado estadual Ubaldo Fernandes, que reconhece oficialmente o Festival Halleluya de Natal como Patrim\u00f4nio Cultural, Religioso e Art\u00edstico Imaterial do RN.<\/p>\n\n\n\n<p>A san\u00e7\u00e3o chega em um momento simb\u00f3lico, \u00e0s v\u00e9speras de mais uma edi\u00e7\u00e3o do festival, refor\u00e7ando o valor cultural, espiritual e social de um evento que h\u00e1 d\u00e9cadas re\u00fane fam\u00edlias, juventudes, movimentos religiosos e milhares de visitantes em torno da m\u00fasica, da f\u00e9, da solidariedade e da arte. O Halleluya se consolidou como um marco da identidade potiguar, movimentando a economia criativa, fortalecendo iniciativas de voluntariado e proporcionando experi\u00eancias transformadoras para toda a comunidade.<\/p>\n\n\n\n<p>O deputado Ubaldo Fernandes lembra que a iniciativa legislativa se sustenta em di\u00e1logo permanente com lideran\u00e7as religiosas e organizadores do festival, destacando o impacto sociocultural e o papel do Halleluya na forma\u00e7\u00e3o art\u00edstica e espiritual da juventude. E refor\u00e7ando a ideia de que o festival ultrapassa o car\u00e1ter religioso, tornando-se um patrim\u00f4nio vivo da cultura potiguar.<\/p>\n\n\n\n<p>Essa san\u00e7\u00e3o integra um conjunto de a\u00e7\u00f5es j\u00e1 desenvolvidas pelo parlamentar em defesa das tradi\u00e7\u00f5es e manifesta\u00e7\u00f5es imateriais do estado, ampliando o reconhecimento de iniciativas que fortalecem a f\u00e9, a cultura e a mem\u00f3ria coletiva do RN. \u201cCom a san\u00e7\u00e3o desta Lei, o Halleluya se firma oficialmente como um patrim\u00f4nio do RN, garantindo preserva\u00e7\u00e3o, incentivo e continuidade para um dos eventos mais expressivos e emocionantes do calend\u00e1rio potiguar. Esse gesto tamb\u00e9m refor\u00e7a nosso compromisso com a valoriza\u00e7\u00e3o da f\u00e9, da cultura e das tradi\u00e7\u00f5es que unem e fortalecem o povo potiguar\u201d, disse.<\/p>\n\n\n\n<p>HALLELUYA 2025<br>Para quem deseja participar e vivenciar de perto essa celebra\u00e7\u00e3o da f\u00e9, cultura e arte, seguem as informa\u00e7\u00f5es da edi\u00e7\u00e3o deste ano:<br>\ud83d\udcc5 Datas: 05 a 07 de dezembro de 2025<br>\ud83d\udccd Local: Arena Halleluya \u2013 Natal\/RN (Anfiteatro da UFRN)<br>\u23f0 Hor\u00e1rio: A partir das 18h, com programa\u00e7\u00e3o de m\u00fasica, dan\u00e7a, ora\u00e7\u00e3o, esportes e a\u00e7\u00f5es sociais<br>\ud83c\udfa4 Atra\u00e7\u00f5es: Bandas e artistas nacionais e locais, minist\u00e9rios de m\u00fasica cat\u00f3lica, apresenta\u00e7\u00f5es culturais e espa\u00e7os de espiritualidade<br>\ud83c\udf9f\ufe0f Entrada: Gratuita<br>\ud83d\udc89 A\u00e7\u00e3o social: O festival contar\u00e1 novamente com a Arena da Solidariedade, com coleta de sangue, cadastro de medula, servi\u00e7os de sa\u00fade e voluntariado<br>\ud83d\udc68\u200d\ud83d\udc69\u200d\ud83d\udc67 P\u00fablico esperado: Mais de 100 mil pessoas ao longo dos tr\u00eas dias de programa\u00e7\u00e3o<\/p>\n","protected":false},"excerpt":{"rendered":"<p>Faltando tr\u00eas dias para o in\u00edcio do Halleluya 2025, um dos maiores eventos de artes integradas da Am\u00e9rica Latina, o Rio Grande do Norte celebra uma conquista hist\u00f3rica: o Governo do Estado sancionou, nesta ter\u00e7a-feira, 2 de dezembro, a Lei n\u00ba 12.542, de autoria do deputado estadual Ubaldo Fernandes, que reconhece oficialmente o Festival Halleluya [&hellip;]<\/p>\n","protected":false},"author":1,"featured_media":18733,"comment_status":"open","ping_status":"open","sticky":false,"template":"","format":"standard","meta":{"cybocfi_hide_featured_image":"","_jetpack_memberships_contains_paid_content":false,"footnotes":""},"categories":[1],"tags":[],"class_list":["post-18734","post","type-post","status-publish","format-standard","has-post-thumbnail","hentry","category-diversos"],"yoast_head":"<!-- This site is optimized with the Yoast SEO plugin v25.6 - https:\/\/yoast.com\/wordpress\/plugins\/seo\/ -->\n<title>A tr\u00eas dias do festival, Governo sanciona lei de autoria de Ubaldo que reconhece Halleluya como Patrim\u00f4nio do RN - Blog do Bispo<\/title>\n<meta name=\"robots\" content=\"index, follow, max-snippet:-1, max-image-preview:large, max-video-preview:-1\" \/>\n<link rel=\"canonical\" href=\"https:\/\/blogdobispo.com.br\/?p=18734\" \/>\n<meta property=\"og:locale\" content=\"pt_BR\" \/>\n<meta property=\"og:type\" content=\"article\" \/>\n<meta property=\"og:title\" content=\"A tr\u00eas dias do festival, Governo sanciona lei de autoria de Ubaldo que reconhece Halleluya como Patrim\u00f4nio do RN - Blog do Bispo\" \/>\n<meta property=\"og:description\" content=\"Faltando tr\u00eas dias para o in\u00edcio do Halleluya 2025, um dos maiores eventos de artes integradas da Am\u00e9rica Latina, o Rio Grande do Norte celebra uma conquista hist\u00f3rica: o Governo do Estado sancionou, nesta ter\u00e7a-feira, 2 de dezembro, a Lei n\u00ba 12.542, de autoria do deputado estadual Ubaldo Fernandes, que reconhece oficialmente o Festival Halleluya [&hellip;]\" \/>\n<meta property=\"og:url\" content=\"https:\/\/blogdobispo.com.br\/?p=18734\" \/>\n<meta property=\"og:site_name\" content=\"Blog do Bispo\" \/>\n<meta property=\"article:published_time\" content=\"2025-12-02T15:20:28+00:00\" \/>\n<meta property=\"og:image\" content=\"https:\/\/blogdobispo.com.br\/wp-content\/uploads\/2025\/12\/45146eba-b2a9-4158-bd6b-fb14d04210c3-1024x682.jpg\" \/>\n<meta name=\"author\" content=\"Jefferson Sterfeno\" \/>\n<meta name=\"twitter:card\" content=\"summary_large_image\" \/>\n<meta name=\"twitter:label1\" content=\"Escrito por\" \/>\n\t<meta name=\"twitter:data1\" content=\"Jefferson Sterfeno\" \/>\n\t<meta name=\"twitter:label2\" content=\"Est. tempo de leitura\" \/>\n\t<meta name=\"twitter:data2\" content=\"2 minutos\" \/>\n<script type=\"application\/ld+json\" class=\"yoast-schema-graph\">{\"@context\":\"https:\/\/schema.org\",\"@graph\":[{\"@type\":\"Article\",\"@id\":\"https:\/\/blogdobispo.com.br\/?p=18734#article\",\"isPartOf\":{\"@id\":\"https:\/\/blogdobispo.com.br\/?p=18734\"},\"author\":{\"name\":\"Jefferson Sterfeno\",\"@id\":\"https:\/\/blogdobispo.com.br\/#\/schema\/person\/e2209cc0e6cea5c5233d033e997b373f\"},\"headline\":\"A tr\u00eas dias do festival, Governo sanciona lei de autoria de Ubaldo que reconhece Halleluya como Patrim\u00f4nio do RN\",\"datePublished\":\"2025-12-02T15:20:28+00:00\",\"mainEntityOfPage\":{\"@id\":\"https:\/\/blogdobispo.com.br\/?p=18734\"},\"wordCount\":470,\"commentCount\":0,\"publisher\":{\"@id\":\"https:\/\/blogdobispo.com.br\/#organization\"},\"image\":{\"@id\":\"https:\/\/blogdobispo.com.br\/?p=18734#primaryimage\"},\"thumbnailUrl\":\"https:\/\/i0.wp.com\/blogdobispo.com.br\/wp-content\/uploads\/2025\/12\/45146eba-b2a9-4158-bd6b-fb14d04210c3-1.jpg?fit=1280%2C853&ssl=1\",\"articleSection\":[\"diversos\"],\"inLanguage\":\"pt-BR\",\"potentialAction\":[{\"@type\":\"CommentAction\",\"name\":\"Comment\",\"target\":[\"https:\/\/blogdobispo.com.br\/?p=18734#respond\"]}]},{\"@type\":\"WebPage\",\"@id\":\"https:\/\/blogdobispo.com.br\/?p=18734\",\"url\":\"https:\/\/blogdobispo.com.br\/?p=18734\",\"name\":\"A tr\u00eas dias do festival, Governo sanciona lei de autoria de Ubaldo que reconhece Halleluya como Patrim\u00f4nio do RN - Blog do Bispo\",\"isPartOf\":{\"@id\":\"https:\/\/blogdobispo.com.br\/#website\"},\"primaryImageOfPage\":{\"@id\":\"https:\/\/blogdobispo.com.br\/?p=18734#primaryimage\"},\"image\":{\"@id\":\"https:\/\/blogdobispo.com.br\/?p=18734#primaryimage\"},\"thumbnailUrl\":\"https:\/\/i0.wp.com\/blogdobispo.com.br\/wp-content\/uploads\/2025\/12\/45146eba-b2a9-4158-bd6b-fb14d04210c3-1.jpg?fit=1280%2C853&ssl=1\",\"datePublished\":\"2025-12-02T15:20:28+00:00\",\"breadcrumb\":{\"@id\":\"https:\/\/blogdobispo.com.br\/?p=18734#breadcrumb\"},\"inLanguage\":\"pt-BR\",\"potentialAction\":[{\"@type\":\"ReadAction\",\"target\":[\"https:\/\/blogdobispo.com.br\/?p=18734\"]}]},{\"@type\":\"ImageObject\",\"inLanguage\":\"pt-BR\",\"@id\":\"https:\/\/blogdobispo.com.br\/?p=18734#primaryimage\",\"url\":\"https:\/\/i0.wp.com\/blogdobispo.com.br\/wp-content\/uploads\/2025\/12\/45146eba-b2a9-4158-bd6b-fb14d04210c3-1.jpg?fit=1280%2C853&ssl=1\",\"contentUrl\":\"https:\/\/i0.wp.com\/blogdobispo.com.br\/wp-content\/uploads\/2025\/12\/45146eba-b2a9-4158-bd6b-fb14d04210c3-1.jpg?fit=1280%2C853&ssl=1\",\"width\":1280,\"height\":853},{\"@type\":\"BreadcrumbList\",\"@id\":\"https:\/\/blogdobispo.com.br\/?p=18734#breadcrumb\",\"itemListElement\":[{\"@type\":\"ListItem\",\"position\":1,\"name\":\"In\u00edcio\",\"item\":\"https:\/\/blogdobispo.com.br\/\"},{\"@type\":\"ListItem\",\"position\":2,\"name\":\"A tr\u00eas dias do festival, Governo sanciona lei de autoria de Ubaldo que reconhece Halleluya como Patrim\u00f4nio do RN\"}]},{\"@type\":\"WebSite\",\"@id\":\"https:\/\/blogdobispo.com.br\/#website\",\"url\":\"https:\/\/blogdobispo.com.br\/\",\"name\":\"Blog do Bispo\",\"description\":\"Comprometido apenas com o leitor\",\"publisher\":{\"@id\":\"https:\/\/blogdobispo.com.br\/#organization\"},\"potentialAction\":[{\"@type\":\"SearchAction\",\"target\":{\"@type\":\"EntryPoint\",\"urlTemplate\":\"https:\/\/blogdobispo.com.br\/?s={search_term_string}\"},\"query-input\":{\"@type\":\"PropertyValueSpecification\",\"valueRequired\":true,\"valueName\":\"search_term_string\"}}],\"inLanguage\":\"pt-BR\"},{\"@type\":\"Organization\",\"@id\":\"https:\/\/blogdobispo.com.br\/#organization\",\"name\":\"Blog do Bispo\",\"url\":\"https:\/\/blogdobispo.com.br\/\",\"logo\":{\"@type\":\"ImageObject\",\"inLanguage\":\"pt-BR\",\"@id\":\"https:\/\/blogdobispo.com.br\/#\/schema\/logo\/image\/\",\"url\":\"http:\/\/blogdobispo.com.br\/wp-content\/uploads\/2023\/05\/cropped-headear.png\",\"contentUrl\":\"http:\/\/blogdobispo.com.br\/wp-content\/uploads\/2023\/05\/cropped-headear.png\",\"width\":1500,\"height\":399,\"caption\":\"Blog do Bispo\"},\"image\":{\"@id\":\"https:\/\/blogdobispo.com.br\/#\/schema\/logo\/image\/\"}},{\"@type\":\"Person\",\"@id\":\"https:\/\/blogdobispo.com.br\/#\/schema\/person\/e2209cc0e6cea5c5233d033e997b373f\",\"name\":\"Jefferson Sterfeno\",\"image\":{\"@type\":\"ImageObject\",\"inLanguage\":\"pt-BR\",\"@id\":\"https:\/\/blogdobispo.com.br\/#\/schema\/person\/image\/\",\"url\":\"https:\/\/secure.gravatar.com\/avatar\/0534e84764641168a677026b6d57a3f51dc7ac4db0b4f6186d9cb330d4ee1160?s=96&d=mm&r=g\",\"contentUrl\":\"https:\/\/secure.gravatar.com\/avatar\/0534e84764641168a677026b6d57a3f51dc7ac4db0b4f6186d9cb330d4ee1160?s=96&d=mm&r=g\",\"caption\":\"Jefferson Sterfeno\"},\"sameAs\":[\"http:\/\/blogdobispo.com.br\"],\"url\":\"https:\/\/blogdobispo.com.br\/?author=1\"}]}<\/script>\n<!-- \/ Yoast SEO plugin. -->","yoast_head_json":{"title":"A tr\u00eas dias do festival, Governo sanciona lei de autoria de Ubaldo que reconhece Halleluya como Patrim\u00f4nio do RN - Blog do Bispo","robots":{"index":"index","follow":"follow","max-snippet":"max-snippet:-1","max-image-preview":"max-image-preview:large","max-video-preview":"max-video-preview:-1"},"canonical":"https:\/\/blogdobispo.com.br\/?p=18734","og_locale":"pt_BR","og_type":"article","og_title":"A tr\u00eas dias do festival, Governo sanciona lei de autoria de Ubaldo que reconhece Halleluya como Patrim\u00f4nio do RN - Blog do Bispo","og_description":"Faltando tr\u00eas dias para o in\u00edcio do Halleluya 2025, um dos maiores eventos de artes integradas da Am\u00e9rica Latina, o Rio Grande do Norte celebra uma conquista hist\u00f3rica: o Governo do Estado sancionou, nesta ter\u00e7a-feira, 2 de dezembro, a Lei n\u00ba 12.542, de autoria do deputado estadual Ubaldo Fernandes, que reconhece oficialmente o Festival Halleluya [&hellip;]","og_url":"https:\/\/blogdobispo.com.br\/?p=18734","og_site_name":"Blog do Bispo","article_published_time":"2025-12-02T15:20:28+00:00","og_image":[{"url":"https:\/\/blogdobispo.com.br\/wp-content\/uploads\/2025\/12\/45146eba-b2a9-4158-bd6b-fb14d04210c3-1024x682.jpg","type":"","width":"","height":""}],"author":"Jefferson Sterfeno","twitter_card":"summary_large_image","twitter_misc":{"Escrito por":"Jefferson Sterfeno","Est. tempo de leitura":"2 minutos"},"schema":{"@context":"https:\/\/schema.org","@graph":[{"@type":"Article","@id":"https:\/\/blogdobispo.com.br\/?p=18734#article","isPartOf":{"@id":"https:\/\/blogdobispo.com.br\/?p=18734"},"author":{"name":"Jefferson Sterfeno","@id":"https:\/\/blogdobispo.com.br\/#\/schema\/person\/e2209cc0e6cea5c5233d033e997b373f"},"headline":"A tr\u00eas dias do festival, Governo sanciona lei de autoria de Ubaldo que reconhece Halleluya como Patrim\u00f4nio do RN","datePublished":"2025-12-02T15:20:28+00:00","mainEntityOfPage":{"@id":"https:\/\/blogdobispo.com.br\/?p=18734"},"wordCount":470,"commentCount":0,"publisher":{"@id":"https:\/\/blogdobispo.com.br\/#organization"},"image":{"@id":"https:\/\/blogdobispo.com.br\/?p=18734#primaryimage"},"thumbnailUrl":"https:\/\/i0.wp.com\/blogdobispo.com.br\/wp-content\/uploads\/2025\/12\/45146eba-b2a9-4158-bd6b-fb14d04210c3-1.jpg?fit=1280%2C853&ssl=1","articleSection":["diversos"],"inLanguage":"pt-BR","potentialAction":[{"@type":"CommentAction","name":"Comment","target":["https:\/\/blogdobispo.com.br\/?p=18734#respond"]}]},{"@type":"WebPage","@id":"https:\/\/blogdobispo.com.br\/?p=18734","url":"https:\/\/blogdobispo.com.br\/?p=18734","name":"A tr\u00eas dias do festival, Governo sanciona lei de autoria de Ubaldo que reconhece Halleluya como Patrim\u00f4nio do RN - Blog do Bispo","isPartOf":{"@id":"https:\/\/blogdobispo.com.br\/#website"},"primaryImageOfPage":{"@id":"https:\/\/blogdobispo.com.br\/?p=18734#primaryimage"},"image":{"@id":"https:\/\/blogdobispo.com.br\/?p=18734#primaryimage"},"thumbnailUrl":"https:\/\/i0.wp.com\/blogdobispo.com.br\/wp-content\/uploads\/2025\/12\/45146eba-b2a9-4158-bd6b-fb14d04210c3-1.jpg?fit=1280%2C853&ssl=1","datePublished":"2025-12-02T15:20:28+00:00","breadcrumb":{"@id":"https:\/\/blogdobispo.com.br\/?p=18734#breadcrumb"},"inLanguage":"pt-BR","potentialAction":[{"@type":"ReadAction","target":["https:\/\/blogdobispo.com.br\/?p=18734"]}]},{"@type":"ImageObject","inLanguage":"pt-BR","@id":"https:\/\/blogdobispo.com.br\/?p=18734#primaryimage","url":"https:\/\/i0.wp.com\/blogdobispo.com.br\/wp-content\/uploads\/2025\/12\/45146eba-b2a9-4158-bd6b-fb14d04210c3-1.jpg?fit=1280%2C853&ssl=1","contentUrl":"https:\/\/i0.wp.com\/blogdobispo.com.br\/wp-content\/uploads\/2025\/12\/45146eba-b2a9-4158-bd6b-fb14d04210c3-1.jpg?fit=1280%2C853&ssl=1","width":1280,"height":853},{"@type":"BreadcrumbList","@id":"https:\/\/blogdobispo.com.br\/?p=18734#breadcrumb","itemListElement":[{"@type":"ListItem","position":1,"name":"In\u00edcio","item":"https:\/\/blogdobispo.com.br\/"},{"@type":"ListItem","position":2,"name":"A tr\u00eas dias do festival, Governo sanciona lei de autoria de Ubaldo que reconhece Halleluya como Patrim\u00f4nio do RN"}]},{"@type":"WebSite","@id":"https:\/\/blogdobispo.com.br\/#website","url":"https:\/\/blogdobispo.com.br\/","name":"Blog do Bispo","description":"Comprometido apenas com o leitor","publisher":{"@id":"https:\/\/blogdobispo.com.br\/#organization"},"potentialAction":[{"@type":"SearchAction","target":{"@type":"EntryPoint","urlTemplate":"https:\/\/blogdobispo.com.br\/?s={search_term_string}"},"query-input":{"@type":"PropertyValueSpecification","valueRequired":true,"valueName":"search_term_string"}}],"inLanguage":"pt-BR"},{"@type":"Organization","@id":"https:\/\/blogdobispo.com.br\/#organization","name":"Blog do Bispo","url":"https:\/\/blogdobispo.com.br\/","logo":{"@type":"ImageObject","inLanguage":"pt-BR","@id":"https:\/\/blogdobispo.com.br\/#\/schema\/logo\/image\/","url":"http:\/\/blogdobispo.com.br\/wp-content\/uploads\/2023\/05\/cropped-headear.png","contentUrl":"http:\/\/blogdobispo.com.br\/wp-content\/uploads\/2023\/05\/cropped-headear.png","width":1500,"height":399,"caption":"Blog do Bispo"},"image":{"@id":"https:\/\/blogdobispo.com.br\/#\/schema\/logo\/image\/"}},{"@type":"Person","@id":"https:\/\/blogdobispo.com.br\/#\/schema\/person\/e2209cc0e6cea5c5233d033e997b373f","name":"Jefferson Sterfeno","image":{"@type":"ImageObject","inLanguage":"pt-BR","@id":"https:\/\/blogdobispo.com.br\/#\/schema\/person\/image\/","url":"https:\/\/secure.gravatar.com\/avatar\/0534e84764641168a677026b6d57a3f51dc7ac4db0b4f6186d9cb330d4ee1160?s=96&d=mm&r=g","contentUrl":"https:\/\/secure.gravatar.com\/avatar\/0534e84764641168a677026b6d57a3f51dc7ac4db0b4f6186d9cb330d4ee1160?s=96&d=mm&r=g","caption":"Jefferson Sterfeno"},"sameAs":["http:\/\/blogdobispo.com.br"],"url":"https:\/\/blogdobispo.com.br\/?author=1"}]}},"featured_image_urls":{"full":["https:\/\/i0.wp.com\/blogdobispo.com.br\/wp-content\/uploads\/2025\/12\/45146eba-b2a9-4158-bd6b-fb14d04210c3-1.jpg?fit=1280%2C853&ssl=1",1280,853,false],"thumbnail":["https:\/\/i0.wp.com\/blogdobispo.com.br\/wp-content\/uploads\/2025\/12\/45146eba-b2a9-4158-bd6b-fb14d04210c3-1.jpg?resize=150%2C150&ssl=1",150,150,true],"medium":["https:\/\/i0.wp.com\/blogdobispo.com.br\/wp-content\/uploads\/2025\/12\/45146eba-b2a9-4158-bd6b-fb14d04210c3-1.jpg?fit=300%2C200&ssl=1",300,200,true],"medium_large":["https:\/\/i0.wp.com\/blogdobispo.com.br\/wp-content\/uploads\/2025\/12\/45146eba-b2a9-4158-bd6b-fb14d04210c3-1.jpg?fit=768%2C512&ssl=1",768,512,true],"large":["https:\/\/i0.wp.com\/blogdobispo.com.br\/wp-content\/uploads\/2025\/12\/45146eba-b2a9-4158-bd6b-fb14d04210c3-1.jpg?fit=800%2C533&ssl=1",800,533,true],"1536x1536":["https:\/\/i0.wp.com\/blogdobispo.com.br\/wp-content\/uploads\/2025\/12\/45146eba-b2a9-4158-bd6b-fb14d04210c3-1.jpg?fit=1280%2C853&ssl=1",1280,853,true],"2048x2048":["https:\/\/i0.wp.com\/blogdobispo.com.br\/wp-content\/uploads\/2025\/12\/45146eba-b2a9-4158-bd6b-fb14d04210c3-1.jpg?fit=1280%2C853&ssl=1",1280,853,true]},"author_info":{"display_name":"Jefferson Sterfeno","author_link":"https:\/\/blogdobispo.com.br\/?author=1"},"category_info":"<a href=\"https:\/\/blogdobispo.com.br\/?cat=1\" rel=\"category\">diversos<\/a>","tag_info":"diversos","comment_count":"0","jetpack_featured_media_url":"https:\/\/i0.wp.com\/blogdobispo.com.br\/wp-content\/uploads\/2025\/12\/45146eba-b2a9-4158-bd6b-fb14d04210c3-1.jpg?fit=1280%2C853&ssl=1","jetpack_sharing_enabled":true,"_links":{"self":[{"href":"https:\/\/blogdobispo.com.br\/index.php?rest_route=\/wp\/v2\/posts\/18734","targetHints":{"allow":["GET"]}}],"collection":[{"href":"https:\/\/blogdobispo.com.br\/index.php?rest_route=\/wp\/v2\/posts"}],"about":[{"href":"https:\/\/blogdobispo.com.br\/index.php?rest_route=\/wp\/v2\/types\/post"}],"author":[{"embeddable":true,"href":"https:\/\/blogdobispo.com.br\/index.php?rest_route=\/wp\/v2\/users\/1"}],"replies":[{"embeddable":true,"href":"https:\/\/blogdobispo.com.br\/index.php?rest_route=%2Fwp%2Fv2%2Fcomments&post=18734"}],"version-history":[{"count":0,"href":"https:\/\/blogdobispo.com.br\/index.php?rest_route=\/wp\/v2\/posts\/18734\/revisions"}],"wp:featuredmedia":[{"embeddable":true,"href":"https:\/\/blogdobispo.com.br\/index.php?rest_route=\/wp\/v2\/media\/18733"}],"wp:attachment":[{"href":"https:\/\/blogdobispo.com.br\/index.php?rest_route=%2Fwp%2Fv2%2Fmedia&parent=18734"}],"wp:term":[{"taxonomy":"category","embeddable":true,"href":"https:\/\/blogdobispo.com.br\/index.php?rest_route=%2Fwp%2Fv2%2Fcategories&post=18734"},{"taxonomy":"post_tag","embeddable":true,"href":"https:\/\/blogdobispo.com.br\/index.php?rest_route=%2Fwp%2Fv2%2Ftags&post=18734"}],"curies":[{"name":"wp","href":"https:\/\/api.w.org\/{rel}","templated":true}]}}