{"id":1872,"date":"2023-10-06T03:42:30","date_gmt":"2023-10-06T03:42:30","guid":{"rendered":"https:\/\/blogdobispo.com.br\/?p=1872"},"modified":"2023-10-06T03:42:30","modified_gmt":"2023-10-06T03:42:30","slug":"legislativo-promove-instalacao-de-frente-parlamentar-relacionada-a-seguranca-publica","status":"publish","type":"post","link":"https:\/\/blogdobispo.com.br\/?p=1872","title":{"rendered":"Legislativo promove instala\u00e7\u00e3o de Frente Parlamentar relacionada \u00e0 Seguran\u00e7a P\u00fablica"},"content":{"rendered":"\n<p>Com o objetivo de elaborar uma pauta comum para que o Parlamento possa contribuir com todos os assuntos inerentes \u00e0 Seguran\u00e7a P\u00fablica, a Assembleia Legislativa do RN promoveu, na tarde desta quarta-feira (4), a instala\u00e7\u00e3o da Frente Parlamentar para Garantia da Lei, da Ordem e Promo\u00e7\u00e3o da Paz. Al\u00e9m disso, durante o evento foi realizada a entrega de t\u00edtulo honor\u00edfico de cidad\u00e3o Norte-Rio-Grandense ao atual Secret\u00e1rio de Administra\u00e7\u00e3o Penitenci\u00e1ria do Cear\u00e1, Luis Mauro Albuquerque Ara\u00fajo, que coordenou a for\u00e7a-tarefa de interven\u00e7\u00e3o no pres\u00eddio de Alca\u00e7uz, ap\u00f3s a rebeli\u00e3o iniciada em 14 de janeiro de 2017.<\/p>\n\n\n\n<p>O presidente da nova Frente Parlamentar, deputado Coronel Azevedo (PL), iniciou sua fala prestando homenagem ao senhor Luis Mauro, lembrando que o Brasil passou por momentos dif\u00edceis, nos \u00faltimos anos, com rela\u00e7\u00e3o ao seu Sistema Prisional, com centenas de mortes no interior dos pres\u00eddios.<\/p>\n\n\n\n<p>\u201cAqui no Estado, em Alca\u00e7uz, n\u00f3s tivemos a pior repercuss\u00e3o dentre as rebeli\u00f5es, embora n\u00e3o tenha sido o maior n\u00famero de mortes. Mas, usando a compet\u00eancia, o conhecimento, a coragem e a determina\u00e7\u00e3o de Lu\u00eds Mauro Albuquerque, n\u00f3s tivemos o in\u00edcio da reconstru\u00e7\u00e3o do Sistema Prisional potiguar. Ent\u00e3o, Luis Mauro, esta homenagem n\u00e3o \u00e9 s\u00f3 minha, mas dos 24 deputados, pelo reconhecimento do seu trabalho, garra e empenho para contribuir com o RN nesse processo de reconstru\u00e7\u00e3o. Parab\u00e9ns, amigo. Esta \u00e9 uma justa e merecida homenagem\u201d, concluiu.<\/p>\n\n\n\n<p>A vice-presidente da Frente, deputada Cristiane Dantas (SDD), agradeceu o convite para participar de \u201cuma iniciativa t\u00e3o importante, que ser\u00e1 um pilar a mais na Casa\u201d.&nbsp;<\/p>\n\n\n\n<p>\u201cN\u00f3s j\u00e1 temos as comiss\u00f5es, mas a Frente ser\u00e1 mais uma for\u00e7a, tendo o papel de promover audi\u00eancias, ouvir a popula\u00e7\u00e3o e fazer a fiscaliza\u00e7\u00e3o das a\u00e7\u00f5es de toda a pauta da Seguran\u00e7a P\u00fablica. Ademais, para mim, enquanto mulher, estar na vice-presid\u00eancia de uma Frente t\u00e3o relevante \u00e9 um papel significativo e desafiador\u201d, acrescentou.&nbsp;<\/p>\n\n\n\n<p>O homenageado da tarde, Luis Mauro Albuquerque Ara\u00fajo, externou sua felicidade e gratid\u00e3o pelo reconhecimento do seu trabalho.<\/p>\n\n\n\n<p>\u201cHoje \u00e9 um momento de alegria, pois \u00e9 muito dif\u00edcil combater o crime organizado. O confronto direto \u00e9 o mais f\u00e1cil, mas combater os seus tent\u00e1culos \u00e9 muito mais complexo. \u00c9 o tempo todo sob ataque. N\u00f3s n\u00e3o temos um dia de descanso. Por isso, eu quero agradecer a todos os policiais penais do RN. Todo esse m\u00e9rito e reconhecimento foi constru\u00eddo junto com voc\u00eas. Continuem essa batalha, dentro da legalidade, da transpar\u00eancia e do rigor da lei. N\u00f3s n\u00e3o podemos ceder ao crime, sen\u00e3o nossos filhos n\u00e3o ter\u00e3o um futuro de paz\u201d, enfatizou.<\/p>\n\n\n\n<p>Luis Mauro se disse feliz, porque na sua caminhada tem feito muitos irm\u00e3os com vontade de transformar o mundo e de enfrentar as maiores dificuldades, mesmo sem condi\u00e7\u00f5es adequadas.<\/p>\n\n\n\n<p>\u201cQuando eu cheguei aqui n\u00e3o havia grades nas celas. Eu tive que fechar as unidades menores, para tirar as grades e conseguir trancar os internos. Ent\u00e3o, por onde eu passo, costumo dizer que aqui no RN a gente fazia m\u00e1gica, pois n\u00f3s d\u00e1vamos um jeito com o que n\u00e3o t\u00ednhamos. E eu quero agradecer tamb\u00e9m \u00e0 Dra. Tatiana. Ela \u00e9 uma guerreira. A mulher mais corajosa e inteligente que eu j\u00e1 vi na minha vida, pois na \u00e9poca ela foi contra tudo e contra todos para fazer a mudan\u00e7a. Portanto, a senhora para mim \u00e9 um exemplo. Se mais pessoas deixassem de se lamentar e tomassem metade das atitudes que eu vi a senhora tomando, o mundo seria muito melhor\u201d, afirmou.<\/p>\n\n\n\n<p>Ainda segundo o atual Secret\u00e1rio de Administra\u00e7\u00e3o Penitenci\u00e1ria do Cear\u00e1, a miss\u00e3o n\u00e3o \u00e9 f\u00e1cil, pois n\u00e3o \u00e9 uma profiss\u00e3o comum.&nbsp;<\/p>\n\n\n\n<p>\u201cE eu j\u00e1 passei por diversos cen\u00e1rios. Quando toca o alarme de tentativa de fuga, o policial n\u00e3o corre para fora do pres\u00eddio, e sim, para cima da ocorr\u00eancia. Ent\u00e3o, eu quero dar os parab\u00e9ns a todos os policiais do Estado do RN e a esta Casa pela iniciativa. Voc\u00eas me deram muita for\u00e7a, porque \u00e9 dif\u00edcil, mas recuar nunca foi uma op\u00e7\u00e3o para mim. Sempre trabalhei com a cabe\u00e7a erguida, olhando nos olhos. Portanto, a todos voc\u00eas, o meu muito obrigado!\u201d, finalizou.<\/p>\n\n\n\n<p>Na sequ\u00eancia, o Secret\u00e1rio de Estado da Seguran\u00e7a P\u00fablica e da Defesa Social do Rio Grande do Norte, Coronel Ara\u00fajo, reafirmou a justa homenagem ao policial Mauro, \u201cpois ele prestou relevantes servi\u00e7os num momento de grande crise na Seguran\u00e7a P\u00fablica e no Sistema Prisional do nosso Estado\u201d.<\/p>\n\n\n\n<p>A respeito da instala\u00e7\u00e3o da Frente Parlamentar, o secret\u00e1rio disse que a iniciativa mostra a preocupa\u00e7\u00e3o da atual Legislatura com a Seguran\u00e7a P\u00fablica e o Sistema Prisional do Rio Grande do Norte.<\/p>\n\n\n\n<p>\u201cA Frente foi iniciada com um n\u00famero pequeno de deputados inscritos e foi aumentando bastante sua quantidade para defender a nossa Seguran\u00e7a P\u00fablica. Ent\u00e3o, isso mostra a preocupa\u00e7\u00e3o e a relev\u00e2ncia dada pela Casa ao nosso setor. Ademais, n\u00f3s estivemos no in\u00edcio da semana, em Bras\u00edlia, com o Ministro da Justi\u00e7a, Fl\u00e1vio Dino. Isso aponta que o Governo Federal tamb\u00e9m est\u00e1 preocupado com o enfrentamento das fac\u00e7\u00f5es criminosas. E o RN, atrav\u00e9s deste ato, est\u00e1 dando exemplo de compromisso com a popula\u00e7\u00e3o Norte-Rio-Grandense\u201d, opinou.<\/p>\n\n\n\n<p>Segundo o Comandante da Pol\u00edcia Militar do RN, Coronel Alarico, \u00e9 uma alegria estar presente a um evento de \u201cgrande relev\u00e2ncia para a Seguran\u00e7a P\u00fablica do Estado\u201d.<\/p>\n\n\n\n<p>\u201cEu fico muito contente com essa iniciativa, porque \u00e0s vezes a gente recebe requerimentos e contatos de alguns deputados, de maneira individual, mas n\u00e3o se compara \u00e0 cria\u00e7\u00e3o desta Frente Parlamentar. Eu a considero como uma fortaleza para todos n\u00f3s, inclusive para o Comando Geral da PM, porque muitas vezes a gente quer ouvir ou transmitir alguma informa\u00e7\u00e3o ou resposta, e atrav\u00e9s da Frente eu tenho certeza que essa comunica\u00e7\u00e3o ser\u00e1 mais eficaz\u201d, destacou.<\/p>\n\n\n\n<p>J\u00e1 a Delegada-geral da Pol\u00edcia Civil do RN, Dra. Ana Cl\u00e1udia, elogiou o trabalho de Luis Mauro Albuquerque, tanto no RN quanto no Cear\u00e1, frisando que a homenagem \u00e9 mais que merecida.<\/p>\n\n\n\n<p>\u201cO Cear\u00e1 hoje, com certeza, est\u00e1 em excelentes m\u00e3os. Eu tenho acompanhado o seu trabalho educativo e de ressocializa\u00e7\u00e3o, as salas, toda a qualifica\u00e7\u00e3o profissional continuada que voc\u00ea tem feito. Voc\u00ea tem mostrado que Seguran\u00e7a \u00e9 poss\u00edvel com cidadania e respeito aos direitos fundamentais. Ent\u00e3o, a voc\u00ea, Luis Mauro, os meus sinceros parab\u00e9ns!\u201d, enfatizou.<\/p>\n\n\n\n<p>Com rela\u00e7\u00e3o \u00e0 instala\u00e7\u00e3o da Frente Parlamentar, a delegada parabenizou a Casa Legislativa do RN, destacando que j\u00e1 \u00e9 feito um trabalho de fiscaliza\u00e7\u00e3o e representa\u00e7\u00e3o do povo potiguar, mas a Frente ter\u00e1 o mister de acompanhar de perto as a\u00e7\u00f5es da Seguran\u00e7a P\u00fablica do Estado.&nbsp;<\/p>\n\n\n\n<p>\u201cE esse \u00e9 um dos pap\u00e9is do Legislativo, como \u00f3rg\u00e3o fiscalizador e que luta pelos direitos e a seguran\u00e7a da popula\u00e7\u00e3o. Portanto, eu parabenizo o deputado Azevedo, a deputada Cristiane e todos os demais pela brilhante e relevante iniciativa\u201d, concluiu.<\/p>\n\n\n\n<p>Em seguida, a presidente do Sindicato dos Policiais Penais do RN (Sindppen-RN), Vilma Batista, agradeceu ao Parlamento por acolher, mais uma vez, os trabalhadores da Seguran\u00e7a P\u00fablica do RN.<\/p>\n\n\n\n<p>\u201cOs deputados sabem da import\u00e2ncia desta Frente Parlamentar para o Estado. N\u00f3s, policiais penais, estamos aqui revivendo uma hist\u00f3ria. N\u00f3s sabemos que o Sistema Prisional \u00e9 o resultado de uma sociedade falha, de v\u00e1rias pol\u00edticas p\u00fablicas que n\u00e3o funcionaram. E hoje, infelizmente, o crime est\u00e1 sendo mais atrativo do que qualquer universidade. Ele est\u00e1 a\u00ed, com a\u00e7\u00f5es cada vez mais orquestradas contra o Sistema Prisional e a Pol\u00edcia Penal. Infelizmente, o crime \u00e9 organizado, mas os estados n\u00e3o s\u00e3o\u201d, apontou.&nbsp;<\/p>\n\n\n\n<p>Segundo Vilma Batista, o Brasil todo est\u00e1 sendo v\u00edtima dessas a\u00e7\u00f5es orquestradas, mas a dedica\u00e7\u00e3o dos policiais \u00e9 capaz de vencer qualquer dificuldade.&nbsp;<\/p>\n\n\n\n<p>\u201cEles se falam, se comunicam e usam as mesmas armas e estrat\u00e9gias. Mas eles n\u00e3o contam com o sacrif\u00edcio e o amor dos policiais pela profiss\u00e3o, que \u00e9 o caso aqui do RN, onde temos homens e mulheres que se orgulham da farda que vestem e t\u00eam coragem de se impor e manter a ordem do Sistema Prisional. E \u00e9 por isso que estamos aqui hoje, agradecendo a esta Casa pela for\u00e7a que est\u00e1 nos dando com esta Frente, que vai representar nossos policiais penais, civis, militares, enfim, todos os agentes da Seguran\u00e7a P\u00fablica. Muito obrigada!\u201d, finalizou.<\/p>\n\n\n\n<p>Por fim, o ex-deputado estadual e atualmente vice-presidente da Associa\u00e7\u00e3o Nacional de Pra\u00e7as (Anaspra), Subtenente Eliabe, fez reflex\u00f5es sobre a situa\u00e7\u00e3o da Seguran\u00e7a P\u00fablica no Pa\u00eds.<\/p>\n\n\n\n<p>\u201cN\u00f3s sabemos que a Seguran\u00e7a P\u00fablica no Brasil anda muito mal. E aqui no RN n\u00e3o \u00e9 diferente. Antigamente, era um estado tranquilo, mas recentemente tem se tornado muito violento. Isso acontece devido \u00e0 omiss\u00e3o e neglig\u00eancia dos sucessivos governos. Infelizmente a realidade \u00e9 essa. E por mais competentes que sejam os nossos gestores, se eles n\u00e3o tiverem as condi\u00e7\u00f5es adequadas e a autonomia necess\u00e1ria para operar o sistema, nada vai melhorar. E tudo isso \u00e9 fruto da l\u00f3gica de que o bandido \u00e9 v\u00edtima da sociedade. Enquanto tivermos essa mentalidade, a Seguran\u00e7a ser\u00e1 assim, pois haver\u00e1 sempre uma invers\u00e3o de valores, com iniciativas a n\u00edvel federal, estadual e municipal que fragilizam o trabalho dos policiais. Portanto, essa \u00e9 uma quest\u00e3o para se pensar\u201d, questionou.<\/p>\n\n\n\n<p>Ainda de acordo com o Subtenente Eliabe, o atual governo estadual tem a oportunidade de aproveitar os concursos em andamento para convocar tanto os oficiais da Sa\u00fade quanto os aprovados no certame de pra\u00e7as da Pol\u00edcia Militar.<\/p>\n\n\n\n<p>\u201c\u00c9 muito importante que essas medidas sejam adotadas. Eu tenho a clareza de que s\u00f3 o efetivo n\u00e3o combate os crimes, mas ele \u00e9 o principal ponto. A presen\u00e7a da pol\u00edcia inibe a a\u00e7\u00e3o delituosa, principalmente a fardada, armada e ostensiva. Portanto, a recomposi\u00e7\u00e3o do efetivo \u00e9 muito importante. E eu quero, finalmente, desejar que esta Frente Parlamentar entregue \u00e0 sociedade aquilo que ela merece e tem direito, que \u00e9 uma Seguran\u00e7a funcional, efetiva e que d\u00ea aos cidad\u00e3os a paz e a tranquilidade que eles tanto precisam\u201d, concluiu.<\/p>\n\n\n\n<figure class=\"wp-block-image size-large\"><img data-recalc-dims=\"1\" fetchpriority=\"high\" decoding=\"async\" width=\"800\" height=\"532\" src=\"https:\/\/i0.wp.com\/blogdobispo.com.br\/wp-content\/uploads\/2023\/10\/img_3183-1-1024x681.jpg?resize=800%2C532&#038;ssl=1\" class=\"wp-image-1871\" srcset=\"https:\/\/i0.wp.com\/blogdobispo.com.br\/wp-content\/uploads\/2023\/10\/img_3183-1-scaled.jpg?resize=1024%2C681&amp;ssl=1 1024w, https:\/\/i0.wp.com\/blogdobispo.com.br\/wp-content\/uploads\/2023\/10\/img_3183-1-scaled.jpg?resize=300%2C200&amp;ssl=1 300w, https:\/\/i0.wp.com\/blogdobispo.com.br\/wp-content\/uploads\/2023\/10\/img_3183-1-scaled.jpg?resize=768%2C511&amp;ssl=1 768w, https:\/\/i0.wp.com\/blogdobispo.com.br\/wp-content\/uploads\/2023\/10\/img_3183-1-scaled.jpg?resize=1536%2C1022&amp;ssl=1 1536w, https:\/\/i0.wp.com\/blogdobispo.com.br\/wp-content\/uploads\/2023\/10\/img_3183-1-scaled.jpg?resize=2048%2C1363&amp;ssl=1 2048w, https:\/\/i0.wp.com\/blogdobispo.com.br\/wp-content\/uploads\/2023\/10\/img_3183-1-scaled.jpg?w=1600 1600w, https:\/\/i0.wp.com\/blogdobispo.com.br\/wp-content\/uploads\/2023\/10\/img_3183-1-scaled.jpg?w=2400 2400w\" sizes=\"(max-width: 800px) 100vw, 800px\" \/><\/figure>\n\n\n\n<p><\/p>\n","protected":false},"excerpt":{"rendered":"<p>Com o objetivo de elaborar uma pauta comum para que o Parlamento possa contribuir com todos os assuntos inerentes \u00e0 Seguran\u00e7a P\u00fablica, a Assembleia Legislativa do RN promoveu, na tarde desta quarta-feira (4), a instala\u00e7\u00e3o da Frente Parlamentar para Garantia da Lei, da Ordem e Promo\u00e7\u00e3o da Paz. Al\u00e9m disso, durante o evento foi realizada [&hellip;]<\/p>\n","protected":false},"author":1,"featured_media":0,"comment_status":"open","ping_status":"open","sticky":false,"template":"","format":"standard","meta":{"cybocfi_hide_featured_image":"","_jetpack_memberships_contains_paid_content":false,"footnotes":""},"categories":[1],"tags":[],"class_list":["post-1872","post","type-post","status-publish","format-standard","hentry","category-diversos"],"yoast_head":"<!-- This site is optimized with the Yoast SEO plugin v25.6 - https:\/\/yoast.com\/wordpress\/plugins\/seo\/ -->\n<title>Legislativo promove instala\u00e7\u00e3o de Frente Parlamentar relacionada \u00e0 Seguran\u00e7a P\u00fablica - Blog do Bispo<\/title>\n<meta name=\"robots\" content=\"index, follow, max-snippet:-1, max-image-preview:large, max-video-preview:-1\" \/>\n<link rel=\"canonical\" href=\"https:\/\/blogdobispo.com.br\/?p=1872\" \/>\n<meta property=\"og:locale\" content=\"pt_BR\" \/>\n<meta property=\"og:type\" content=\"article\" \/>\n<meta property=\"og:title\" content=\"Legislativo promove instala\u00e7\u00e3o de Frente Parlamentar relacionada \u00e0 Seguran\u00e7a P\u00fablica - Blog do Bispo\" \/>\n<meta property=\"og:description\" content=\"Com o objetivo de elaborar uma pauta comum para que o Parlamento possa contribuir com todos os assuntos inerentes \u00e0 Seguran\u00e7a P\u00fablica, a Assembleia Legislativa do RN promoveu, na tarde desta quarta-feira (4), a instala\u00e7\u00e3o da Frente Parlamentar para Garantia da Lei, da Ordem e Promo\u00e7\u00e3o da Paz. Al\u00e9m disso, durante o evento foi realizada [&hellip;]\" \/>\n<meta property=\"og:url\" content=\"https:\/\/blogdobispo.com.br\/?p=1872\" \/>\n<meta property=\"og:site_name\" content=\"Blog do Bispo\" \/>\n<meta property=\"article:published_time\" content=\"2023-10-06T03:42:30+00:00\" \/>\n<meta property=\"og:image\" content=\"https:\/\/blogdobispo.com.br\/wp-content\/uploads\/2023\/10\/img_3183-1-1024x681.jpg\" \/>\n<meta name=\"author\" content=\"Jefferson Sterfeno\" \/>\n<meta name=\"twitter:card\" content=\"summary_large_image\" \/>\n<meta name=\"twitter:label1\" content=\"Escrito por\" \/>\n\t<meta name=\"twitter:data1\" content=\"Jefferson Sterfeno\" \/>\n\t<meta name=\"twitter:label2\" content=\"Est. tempo de leitura\" \/>\n\t<meta name=\"twitter:data2\" content=\"9 minutos\" \/>\n<script type=\"application\/ld+json\" class=\"yoast-schema-graph\">{\"@context\":\"https:\/\/schema.org\",\"@graph\":[{\"@type\":\"Article\",\"@id\":\"https:\/\/blogdobispo.com.br\/?p=1872#article\",\"isPartOf\":{\"@id\":\"https:\/\/blogdobispo.com.br\/?p=1872\"},\"author\":{\"name\":\"Jefferson Sterfeno\",\"@id\":\"https:\/\/blogdobispo.com.br\/#\/schema\/person\/e2209cc0e6cea5c5233d033e997b373f\"},\"headline\":\"Legislativo promove instala\u00e7\u00e3o de Frente Parlamentar relacionada \u00e0 Seguran\u00e7a P\u00fablica\",\"datePublished\":\"2023-10-06T03:42:30+00:00\",\"mainEntityOfPage\":{\"@id\":\"https:\/\/blogdobispo.com.br\/?p=1872\"},\"wordCount\":1801,\"commentCount\":0,\"publisher\":{\"@id\":\"https:\/\/blogdobispo.com.br\/#organization\"},\"image\":{\"@id\":\"https:\/\/blogdobispo.com.br\/?p=1872#primaryimage\"},\"thumbnailUrl\":\"https:\/\/blogdobispo.com.br\/wp-content\/uploads\/2023\/10\/img_3183-1-1024x681.jpg\",\"articleSection\":[\"diversos\"],\"inLanguage\":\"pt-BR\",\"potentialAction\":[{\"@type\":\"CommentAction\",\"name\":\"Comment\",\"target\":[\"https:\/\/blogdobispo.com.br\/?p=1872#respond\"]}]},{\"@type\":\"WebPage\",\"@id\":\"https:\/\/blogdobispo.com.br\/?p=1872\",\"url\":\"https:\/\/blogdobispo.com.br\/?p=1872\",\"name\":\"Legislativo promove instala\u00e7\u00e3o de Frente Parlamentar relacionada \u00e0 Seguran\u00e7a P\u00fablica - Blog do Bispo\",\"isPartOf\":{\"@id\":\"https:\/\/blogdobispo.com.br\/#website\"},\"primaryImageOfPage\":{\"@id\":\"https:\/\/blogdobispo.com.br\/?p=1872#primaryimage\"},\"image\":{\"@id\":\"https:\/\/blogdobispo.com.br\/?p=1872#primaryimage\"},\"thumbnailUrl\":\"https:\/\/blogdobispo.com.br\/wp-content\/uploads\/2023\/10\/img_3183-1-1024x681.jpg\",\"datePublished\":\"2023-10-06T03:42:30+00:00\",\"breadcrumb\":{\"@id\":\"https:\/\/blogdobispo.com.br\/?p=1872#breadcrumb\"},\"inLanguage\":\"pt-BR\",\"potentialAction\":[{\"@type\":\"ReadAction\",\"target\":[\"https:\/\/blogdobispo.com.br\/?p=1872\"]}]},{\"@type\":\"ImageObject\",\"inLanguage\":\"pt-BR\",\"@id\":\"https:\/\/blogdobispo.com.br\/?p=1872#primaryimage\",\"url\":\"https:\/\/blogdobispo.com.br\/wp-content\/uploads\/2023\/10\/img_3183-1-1024x681.jpg\",\"contentUrl\":\"https:\/\/blogdobispo.com.br\/wp-content\/uploads\/2023\/10\/img_3183-1-1024x681.jpg\"},{\"@type\":\"BreadcrumbList\",\"@id\":\"https:\/\/blogdobispo.com.br\/?p=1872#breadcrumb\",\"itemListElement\":[{\"@type\":\"ListItem\",\"position\":1,\"name\":\"In\u00edcio\",\"item\":\"https:\/\/blogdobispo.com.br\/\"},{\"@type\":\"ListItem\",\"position\":2,\"name\":\"Legislativo promove instala\u00e7\u00e3o de Frente Parlamentar relacionada \u00e0 Seguran\u00e7a P\u00fablica\"}]},{\"@type\":\"WebSite\",\"@id\":\"https:\/\/blogdobispo.com.br\/#website\",\"url\":\"https:\/\/blogdobispo.com.br\/\",\"name\":\"Blog do Bispo\",\"description\":\"Comprometido apenas com o leitor\",\"publisher\":{\"@id\":\"https:\/\/blogdobispo.com.br\/#organization\"},\"potentialAction\":[{\"@type\":\"SearchAction\",\"target\":{\"@type\":\"EntryPoint\",\"urlTemplate\":\"https:\/\/blogdobispo.com.br\/?s={search_term_string}\"},\"query-input\":{\"@type\":\"PropertyValueSpecification\",\"valueRequired\":true,\"valueName\":\"search_term_string\"}}],\"inLanguage\":\"pt-BR\"},{\"@type\":\"Organization\",\"@id\":\"https:\/\/blogdobispo.com.br\/#organization\",\"name\":\"Blog do Bispo\",\"url\":\"https:\/\/blogdobispo.com.br\/\",\"logo\":{\"@type\":\"ImageObject\",\"inLanguage\":\"pt-BR\",\"@id\":\"https:\/\/blogdobispo.com.br\/#\/schema\/logo\/image\/\",\"url\":\"http:\/\/blogdobispo.com.br\/wp-content\/uploads\/2023\/05\/cropped-headear.png\",\"contentUrl\":\"http:\/\/blogdobispo.com.br\/wp-content\/uploads\/2023\/05\/cropped-headear.png\",\"width\":1500,\"height\":399,\"caption\":\"Blog do Bispo\"},\"image\":{\"@id\":\"https:\/\/blogdobispo.com.br\/#\/schema\/logo\/image\/\"}},{\"@type\":\"Person\",\"@id\":\"https:\/\/blogdobispo.com.br\/#\/schema\/person\/e2209cc0e6cea5c5233d033e997b373f\",\"name\":\"Jefferson Sterfeno\",\"image\":{\"@type\":\"ImageObject\",\"inLanguage\":\"pt-BR\",\"@id\":\"https:\/\/blogdobispo.com.br\/#\/schema\/person\/image\/\",\"url\":\"https:\/\/secure.gravatar.com\/avatar\/0534e84764641168a677026b6d57a3f51dc7ac4db0b4f6186d9cb330d4ee1160?s=96&d=mm&r=g\",\"contentUrl\":\"https:\/\/secure.gravatar.com\/avatar\/0534e84764641168a677026b6d57a3f51dc7ac4db0b4f6186d9cb330d4ee1160?s=96&d=mm&r=g\",\"caption\":\"Jefferson Sterfeno\"},\"sameAs\":[\"http:\/\/blogdobispo.com.br\"],\"url\":\"https:\/\/blogdobispo.com.br\/?author=1\"}]}<\/script>\n<!-- \/ Yoast SEO plugin. -->","yoast_head_json":{"title":"Legislativo promove instala\u00e7\u00e3o de Frente Parlamentar relacionada \u00e0 Seguran\u00e7a P\u00fablica - Blog do Bispo","robots":{"index":"index","follow":"follow","max-snippet":"max-snippet:-1","max-image-preview":"max-image-preview:large","max-video-preview":"max-video-preview:-1"},"canonical":"https:\/\/blogdobispo.com.br\/?p=1872","og_locale":"pt_BR","og_type":"article","og_title":"Legislativo promove instala\u00e7\u00e3o de Frente Parlamentar relacionada \u00e0 Seguran\u00e7a P\u00fablica - Blog do Bispo","og_description":"Com o objetivo de elaborar uma pauta comum para que o Parlamento possa contribuir com todos os assuntos inerentes \u00e0 Seguran\u00e7a P\u00fablica, a Assembleia Legislativa do RN promoveu, na tarde desta quarta-feira (4), a instala\u00e7\u00e3o da Frente Parlamentar para Garantia da Lei, da Ordem e Promo\u00e7\u00e3o da Paz. Al\u00e9m disso, durante o evento foi realizada [&hellip;]","og_url":"https:\/\/blogdobispo.com.br\/?p=1872","og_site_name":"Blog do Bispo","article_published_time":"2023-10-06T03:42:30+00:00","og_image":[{"url":"https:\/\/blogdobispo.com.br\/wp-content\/uploads\/2023\/10\/img_3183-1-1024x681.jpg","type":"","width":"","height":""}],"author":"Jefferson Sterfeno","twitter_card":"summary_large_image","twitter_misc":{"Escrito por":"Jefferson Sterfeno","Est. tempo de leitura":"9 minutos"},"schema":{"@context":"https:\/\/schema.org","@graph":[{"@type":"Article","@id":"https:\/\/blogdobispo.com.br\/?p=1872#article","isPartOf":{"@id":"https:\/\/blogdobispo.com.br\/?p=1872"},"author":{"name":"Jefferson Sterfeno","@id":"https:\/\/blogdobispo.com.br\/#\/schema\/person\/e2209cc0e6cea5c5233d033e997b373f"},"headline":"Legislativo promove instala\u00e7\u00e3o de Frente Parlamentar relacionada \u00e0 Seguran\u00e7a P\u00fablica","datePublished":"2023-10-06T03:42:30+00:00","mainEntityOfPage":{"@id":"https:\/\/blogdobispo.com.br\/?p=1872"},"wordCount":1801,"commentCount":0,"publisher":{"@id":"https:\/\/blogdobispo.com.br\/#organization"},"image":{"@id":"https:\/\/blogdobispo.com.br\/?p=1872#primaryimage"},"thumbnailUrl":"https:\/\/blogdobispo.com.br\/wp-content\/uploads\/2023\/10\/img_3183-1-1024x681.jpg","articleSection":["diversos"],"inLanguage":"pt-BR","potentialAction":[{"@type":"CommentAction","name":"Comment","target":["https:\/\/blogdobispo.com.br\/?p=1872#respond"]}]},{"@type":"WebPage","@id":"https:\/\/blogdobispo.com.br\/?p=1872","url":"https:\/\/blogdobispo.com.br\/?p=1872","name":"Legislativo promove instala\u00e7\u00e3o de Frente Parlamentar relacionada \u00e0 Seguran\u00e7a P\u00fablica - Blog do Bispo","isPartOf":{"@id":"https:\/\/blogdobispo.com.br\/#website"},"primaryImageOfPage":{"@id":"https:\/\/blogdobispo.com.br\/?p=1872#primaryimage"},"image":{"@id":"https:\/\/blogdobispo.com.br\/?p=1872#primaryimage"},"thumbnailUrl":"https:\/\/blogdobispo.com.br\/wp-content\/uploads\/2023\/10\/img_3183-1-1024x681.jpg","datePublished":"2023-10-06T03:42:30+00:00","breadcrumb":{"@id":"https:\/\/blogdobispo.com.br\/?p=1872#breadcrumb"},"inLanguage":"pt-BR","potentialAction":[{"@type":"ReadAction","target":["https:\/\/blogdobispo.com.br\/?p=1872"]}]},{"@type":"ImageObject","inLanguage":"pt-BR","@id":"https:\/\/blogdobispo.com.br\/?p=1872#primaryimage","url":"https:\/\/blogdobispo.com.br\/wp-content\/uploads\/2023\/10\/img_3183-1-1024x681.jpg","contentUrl":"https:\/\/blogdobispo.com.br\/wp-content\/uploads\/2023\/10\/img_3183-1-1024x681.jpg"},{"@type":"BreadcrumbList","@id":"https:\/\/blogdobispo.com.br\/?p=1872#breadcrumb","itemListElement":[{"@type":"ListItem","position":1,"name":"In\u00edcio","item":"https:\/\/blogdobispo.com.br\/"},{"@type":"ListItem","position":2,"name":"Legislativo promove instala\u00e7\u00e3o de Frente Parlamentar relacionada \u00e0 Seguran\u00e7a P\u00fablica"}]},{"@type":"WebSite","@id":"https:\/\/blogdobispo.com.br\/#website","url":"https:\/\/blogdobispo.com.br\/","name":"Blog do Bispo","description":"Comprometido apenas com o leitor","publisher":{"@id":"https:\/\/blogdobispo.com.br\/#organization"},"potentialAction":[{"@type":"SearchAction","target":{"@type":"EntryPoint","urlTemplate":"https:\/\/blogdobispo.com.br\/?s={search_term_string}"},"query-input":{"@type":"PropertyValueSpecification","valueRequired":true,"valueName":"search_term_string"}}],"inLanguage":"pt-BR"},{"@type":"Organization","@id":"https:\/\/blogdobispo.com.br\/#organization","name":"Blog do Bispo","url":"https:\/\/blogdobispo.com.br\/","logo":{"@type":"ImageObject","inLanguage":"pt-BR","@id":"https:\/\/blogdobispo.com.br\/#\/schema\/logo\/image\/","url":"http:\/\/blogdobispo.com.br\/wp-content\/uploads\/2023\/05\/cropped-headear.png","contentUrl":"http:\/\/blogdobispo.com.br\/wp-content\/uploads\/2023\/05\/cropped-headear.png","width":1500,"height":399,"caption":"Blog do Bispo"},"image":{"@id":"https:\/\/blogdobispo.com.br\/#\/schema\/logo\/image\/"}},{"@type":"Person","@id":"https:\/\/blogdobispo.com.br\/#\/schema\/person\/e2209cc0e6cea5c5233d033e997b373f","name":"Jefferson Sterfeno","image":{"@type":"ImageObject","inLanguage":"pt-BR","@id":"https:\/\/blogdobispo.com.br\/#\/schema\/person\/image\/","url":"https:\/\/secure.gravatar.com\/avatar\/0534e84764641168a677026b6d57a3f51dc7ac4db0b4f6186d9cb330d4ee1160?s=96&d=mm&r=g","contentUrl":"https:\/\/secure.gravatar.com\/avatar\/0534e84764641168a677026b6d57a3f51dc7ac4db0b4f6186d9cb330d4ee1160?s=96&d=mm&r=g","caption":"Jefferson Sterfeno"},"sameAs":["http:\/\/blogdobispo.com.br"],"url":"https:\/\/blogdobispo.com.br\/?author=1"}]}},"featured_image_urls":{"full":"","thumbnail":"","medium":"","medium_large":"","large":"","1536x1536":"","2048x2048":""},"author_info":{"display_name":"Jefferson Sterfeno","author_link":"https:\/\/blogdobispo.com.br\/?author=1"},"category_info":"<a href=\"https:\/\/blogdobispo.com.br\/?cat=1\" rel=\"category\">diversos<\/a>","tag_info":"diversos","comment_count":"0","jetpack_featured_media_url":"","jetpack_sharing_enabled":true,"_links":{"self":[{"href":"https:\/\/blogdobispo.com.br\/index.php?rest_route=\/wp\/v2\/posts\/1872","targetHints":{"allow":["GET"]}}],"collection":[{"href":"https:\/\/blogdobispo.com.br\/index.php?rest_route=\/wp\/v2\/posts"}],"about":[{"href":"https:\/\/blogdobispo.com.br\/index.php?rest_route=\/wp\/v2\/types\/post"}],"author":[{"embeddable":true,"href":"https:\/\/blogdobispo.com.br\/index.php?rest_route=\/wp\/v2\/users\/1"}],"replies":[{"embeddable":true,"href":"https:\/\/blogdobispo.com.br\/index.php?rest_route=%2Fwp%2Fv2%2Fcomments&post=1872"}],"version-history":[{"count":0,"href":"https:\/\/blogdobispo.com.br\/index.php?rest_route=\/wp\/v2\/posts\/1872\/revisions"}],"wp:attachment":[{"href":"https:\/\/blogdobispo.com.br\/index.php?rest_route=%2Fwp%2Fv2%2Fmedia&parent=1872"}],"wp:term":[{"taxonomy":"category","embeddable":true,"href":"https:\/\/blogdobispo.com.br\/index.php?rest_route=%2Fwp%2Fv2%2Fcategories&post=1872"},{"taxonomy":"post_tag","embeddable":true,"href":"https:\/\/blogdobispo.com.br\/index.php?rest_route=%2Fwp%2Fv2%2Ftags&post=1872"}],"curies":[{"name":"wp","href":"https:\/\/api.w.org\/{rel}","templated":true}]}}