{"id":18713,"date":"2025-12-01T19:01:21","date_gmt":"2025-12-01T19:01:21","guid":{"rendered":"https:\/\/blogdobispo.com.br\/?p=18713"},"modified":"2025-12-01T19:01:21","modified_gmt":"2025-12-01T19:01:21","slug":"farmaceuticos-sao-homenageados-em-solenidade-na-camara-municipal-de-natal","status":"publish","type":"post","link":"https:\/\/blogdobispo.com.br\/?p=18713","title":{"rendered":"Farmac\u00eauticos s\u00e3o homenageados em solenidade na C\u00e2mara Municipal de Natal"},"content":{"rendered":"<p>A C\u00e2mara Municipal de Natal promoveu nesta ter\u00e7a-feira (07), por iniciativa do vereador T\u00e9rcio Tinoco (Uni\u00e3o Brasil), uma sess\u00e3o solene em celebra\u00e7\u00e3o ao Dia Internacional do Farmac\u00eautico, reunindo autoridades, servidores da sa\u00fade e representantes da categoria para reconhecer o trabalho dos profissionais que fortalecem a assist\u00eancia farmac\u00eautica na capital potiguar. Na ocasi\u00e3o, personalidades de destaque do setor receberam a Comenda Gen\u00e1rio Alves Fonseca pelos relevantes servi\u00e7os prestados \u00e0 sociedade.<\/p>\n<p>Os profissionais de Farm\u00e1cia exercem um papel essencial como especialistas na \u00e1rea da Sa\u00fade, possibilitando bem-estar de forma acess\u00edvel. Por meio das diversas especialidades de sua \u00e1rea de atua\u00e7\u00e3o, os farmac\u00eauticos encontram meios para promover a sa\u00fade e prevenir doen\u00e7as. Durante per\u00edodos desafiadores, como a pandemia, esses trabalhadores se destacaram, oferecendo n\u00e3o apenas medicamentos, mas tamb\u00e9m orienta\u00e7\u00f5es essenciais sobre cuidados com a sa\u00fade.<\/p>\n<p>De acordo com o vereador T\u00e9rcio Tinoco, os servi\u00e7os prestados pelos farmac\u00eauticos s\u00e3o fundamentais para a sa\u00fade da popula\u00e7\u00e3o. &#8220;Trata-se de um dos profissionais de sa\u00fade mais importantes, que ocupa uma papel de protagonismo. Geralmente \u00e9 o farmac\u00eautico que acaba ouvindo as primeiras queixas e com a sua experi\u00eancia vai recomendar o aux\u00edlio m\u00e9dico, seja do especialista ou do cl\u00ednico. Portanto, este parlamento faz justi\u00e7a ao celebrar o dia dessa profiss\u00e3o t\u00e3o essencial para a vida das pessoas&#8221;, disse ele.<\/p>\n<p>Joselito Rangel, presidente do Conselho Regional de Farm\u00e1cia do Rio Grande do Norte (CRF-RN), parabenizou a C\u00e2mara Municipal de Natal pela iniciativa. &#8220;Os representantes do povo tamb\u00e9m possuem a prerrogativa de destacar quem oferece contribui\u00e7\u00f5es para o desenvolvimento da cidade. E \u00e9 isso que o Legislativo est\u00e1 fazendo hoje ao homenagear a atua\u00e7\u00e3o dos farmac\u00eauticos, o que considero bastante oportuno. Est\u00e3o todos de parab\u00e9ns!&#8221;.<\/p>\n<p>C\u00e9lia Aguiar, professora do Departamento de Farm\u00e1cia da UFRN, afirmou que a profiss\u00e3o \u00e9 dif\u00edcil e complicada, por\u00e9m, decisiva para a sa\u00fade das pessoas. &#8220;S\u00e3o profissionais que atuam em diversas frentes: ind\u00fastria, laborat\u00f3rios, drogarias, universidades, hospitais, pesquisa. Ou seja, o trabalho \u00e9 vasto, importante e faz um bem enorme para a humanidade. Sempre digo que cuidar do seu semelhante \u00e9 um ato de amor e que o farmac\u00eautico \u00e9 luz \u00e0 servi\u00e7o da ci\u00eancia&#8221;, declarou.<\/p>\n<p>Texto: Junior Martins<br \/>\nFotos: Ver\u00f4nica Macedo <img data-recalc-dims=\"1\" fetchpriority=\"high\" decoding=\"async\" class=\"alignnone size-medium wp-image-18714\" src=\"https:\/\/i0.wp.com\/blogdobispo.com.br\/wp-content\/uploads\/2025\/12\/1af0b9528981c3ad9cadbd895ffb444a.jpg?resize=300%2C222\" alt=\"\" width=\"300\" height=\"222\" srcset=\"https:\/\/i0.wp.com\/blogdobispo.com.br\/wp-content\/uploads\/2025\/12\/1af0b9528981c3ad9cadbd895ffb444a.jpg?resize=300%2C222&amp;ssl=1 300w, https:\/\/i0.wp.com\/blogdobispo.com.br\/wp-content\/uploads\/2025\/12\/1af0b9528981c3ad9cadbd895ffb444a.jpg?resize=1024%2C756&amp;ssl=1 1024w, https:\/\/i0.wp.com\/blogdobispo.com.br\/wp-content\/uploads\/2025\/12\/1af0b9528981c3ad9cadbd895ffb444a.jpg?resize=768%2C567&amp;ssl=1 768w, https:\/\/i0.wp.com\/blogdobispo.com.br\/wp-content\/uploads\/2025\/12\/1af0b9528981c3ad9cadbd895ffb444a.jpg?resize=1536%2C1135&amp;ssl=1 1536w, https:\/\/i0.wp.com\/blogdobispo.com.br\/wp-content\/uploads\/2025\/12\/1af0b9528981c3ad9cadbd895ffb444a.jpg?w=1600&amp;ssl=1 1600w\" sizes=\"(max-width: 300px) 100vw, 300px\" \/><\/p>\n","protected":false},"excerpt":{"rendered":"<p>A C\u00e2mara Municipal de Natal promoveu nesta ter\u00e7a-feira (07), por iniciativa do vereador T\u00e9rcio Tinoco (Uni\u00e3o Brasil), uma sess\u00e3o solene em celebra\u00e7\u00e3o ao Dia Internacional do Farmac\u00eautico, reunindo autoridades, servidores da sa\u00fade e representantes da categoria para reconhecer o trabalho dos profissionais que fortalecem a assist\u00eancia farmac\u00eautica na capital potiguar. Na ocasi\u00e3o, personalidades de destaque [&hellip;]<\/p>\n","protected":false},"author":1,"featured_media":18714,"comment_status":"open","ping_status":"open","sticky":false,"template":"","format":"standard","meta":{"cybocfi_hide_featured_image":"","_jetpack_memberships_contains_paid_content":false,"footnotes":""},"categories":[1],"tags":[],"class_list":["post-18713","post","type-post","status-publish","format-standard","has-post-thumbnail","hentry","category-diversos"],"yoast_head":"<!-- This site is optimized with the Yoast SEO plugin v25.6 - https:\/\/yoast.com\/wordpress\/plugins\/seo\/ -->\n<title>Farmac\u00eauticos s\u00e3o homenageados em solenidade na C\u00e2mara Municipal de Natal - Blog do Bispo<\/title>\n<meta name=\"robots\" content=\"index, follow, max-snippet:-1, max-image-preview:large, max-video-preview:-1\" \/>\n<link rel=\"canonical\" href=\"https:\/\/blogdobispo.com.br\/?p=18713\" \/>\n<meta property=\"og:locale\" content=\"pt_BR\" \/>\n<meta property=\"og:type\" content=\"article\" \/>\n<meta property=\"og:title\" content=\"Farmac\u00eauticos s\u00e3o homenageados em solenidade na C\u00e2mara Municipal de Natal - Blog do Bispo\" \/>\n<meta property=\"og:description\" content=\"A C\u00e2mara Municipal de Natal promoveu nesta ter\u00e7a-feira (07), por iniciativa do vereador T\u00e9rcio Tinoco (Uni\u00e3o Brasil), uma sess\u00e3o solene em celebra\u00e7\u00e3o ao Dia Internacional do Farmac\u00eautico, reunindo autoridades, servidores da sa\u00fade e representantes da categoria para reconhecer o trabalho dos profissionais que fortalecem a assist\u00eancia farmac\u00eautica na capital potiguar. Na ocasi\u00e3o, personalidades de destaque [&hellip;]\" \/>\n<meta property=\"og:url\" content=\"https:\/\/blogdobispo.com.br\/?p=18713\" \/>\n<meta property=\"og:site_name\" content=\"Blog do Bispo\" \/>\n<meta property=\"article:published_time\" content=\"2025-12-01T19:01:21+00:00\" \/>\n<meta property=\"og:image\" content=\"http:\/\/blogdobispo.com.br\/wp-content\/uploads\/2025\/12\/1af0b9528981c3ad9cadbd895ffb444a.jpg\" \/>\n\t<meta property=\"og:image:width\" content=\"1600\" \/>\n\t<meta property=\"og:image:height\" content=\"1182\" \/>\n\t<meta property=\"og:image:type\" content=\"image\/jpeg\" \/>\n<meta name=\"author\" content=\"Jefferson Sterfeno\" \/>\n<meta name=\"twitter:card\" content=\"summary_large_image\" \/>\n<meta name=\"twitter:label1\" content=\"Escrito por\" \/>\n\t<meta name=\"twitter:data1\" content=\"Jefferson Sterfeno\" \/>\n\t<meta name=\"twitter:label2\" content=\"Est. tempo de leitura\" \/>\n\t<meta name=\"twitter:data2\" content=\"3 minutos\" \/>\n<script type=\"application\/ld+json\" class=\"yoast-schema-graph\">{\"@context\":\"https:\/\/schema.org\",\"@graph\":[{\"@type\":\"Article\",\"@id\":\"https:\/\/blogdobispo.com.br\/?p=18713#article\",\"isPartOf\":{\"@id\":\"https:\/\/blogdobispo.com.br\/?p=18713\"},\"author\":{\"name\":\"Jefferson Sterfeno\",\"@id\":\"https:\/\/blogdobispo.com.br\/#\/schema\/person\/e2209cc0e6cea5c5233d033e997b373f\"},\"headline\":\"Farmac\u00eauticos s\u00e3o homenageados em solenidade na C\u00e2mara Municipal de Natal\",\"datePublished\":\"2025-12-01T19:01:21+00:00\",\"mainEntityOfPage\":{\"@id\":\"https:\/\/blogdobispo.com.br\/?p=18713\"},\"wordCount\":422,\"commentCount\":0,\"publisher\":{\"@id\":\"https:\/\/blogdobispo.com.br\/#organization\"},\"image\":{\"@id\":\"https:\/\/blogdobispo.com.br\/?p=18713#primaryimage\"},\"thumbnailUrl\":\"https:\/\/i0.wp.com\/blogdobispo.com.br\/wp-content\/uploads\/2025\/12\/1af0b9528981c3ad9cadbd895ffb444a.jpg?fit=1600%2C1182&ssl=1\",\"articleSection\":[\"diversos\"],\"inLanguage\":\"pt-BR\",\"potentialAction\":[{\"@type\":\"CommentAction\",\"name\":\"Comment\",\"target\":[\"https:\/\/blogdobispo.com.br\/?p=18713#respond\"]}]},{\"@type\":\"WebPage\",\"@id\":\"https:\/\/blogdobispo.com.br\/?p=18713\",\"url\":\"https:\/\/blogdobispo.com.br\/?p=18713\",\"name\":\"Farmac\u00eauticos s\u00e3o homenageados em solenidade na C\u00e2mara Municipal de Natal - Blog do Bispo\",\"isPartOf\":{\"@id\":\"https:\/\/blogdobispo.com.br\/#website\"},\"primaryImageOfPage\":{\"@id\":\"https:\/\/blogdobispo.com.br\/?p=18713#primaryimage\"},\"image\":{\"@id\":\"https:\/\/blogdobispo.com.br\/?p=18713#primaryimage\"},\"thumbnailUrl\":\"https:\/\/i0.wp.com\/blogdobispo.com.br\/wp-content\/uploads\/2025\/12\/1af0b9528981c3ad9cadbd895ffb444a.jpg?fit=1600%2C1182&ssl=1\",\"datePublished\":\"2025-12-01T19:01:21+00:00\",\"breadcrumb\":{\"@id\":\"https:\/\/blogdobispo.com.br\/?p=18713#breadcrumb\"},\"inLanguage\":\"pt-BR\",\"potentialAction\":[{\"@type\":\"ReadAction\",\"target\":[\"https:\/\/blogdobispo.com.br\/?p=18713\"]}]},{\"@type\":\"ImageObject\",\"inLanguage\":\"pt-BR\",\"@id\":\"https:\/\/blogdobispo.com.br\/?p=18713#primaryimage\",\"url\":\"https:\/\/i0.wp.com\/blogdobispo.com.br\/wp-content\/uploads\/2025\/12\/1af0b9528981c3ad9cadbd895ffb444a.jpg?fit=1600%2C1182&ssl=1\",\"contentUrl\":\"https:\/\/i0.wp.com\/blogdobispo.com.br\/wp-content\/uploads\/2025\/12\/1af0b9528981c3ad9cadbd895ffb444a.jpg?fit=1600%2C1182&ssl=1\",\"width\":1600,\"height\":1182},{\"@type\":\"BreadcrumbList\",\"@id\":\"https:\/\/blogdobispo.com.br\/?p=18713#breadcrumb\",\"itemListElement\":[{\"@type\":\"ListItem\",\"position\":1,\"name\":\"In\u00edcio\",\"item\":\"https:\/\/blogdobispo.com.br\/\"},{\"@type\":\"ListItem\",\"position\":2,\"name\":\"Farmac\u00eauticos s\u00e3o homenageados em solenidade na C\u00e2mara Municipal de Natal\"}]},{\"@type\":\"WebSite\",\"@id\":\"https:\/\/blogdobispo.com.br\/#website\",\"url\":\"https:\/\/blogdobispo.com.br\/\",\"name\":\"Blog do Bispo\",\"description\":\"Comprometido apenas com o leitor\",\"publisher\":{\"@id\":\"https:\/\/blogdobispo.com.br\/#organization\"},\"potentialAction\":[{\"@type\":\"SearchAction\",\"target\":{\"@type\":\"EntryPoint\",\"urlTemplate\":\"https:\/\/blogdobispo.com.br\/?s={search_term_string}\"},\"query-input\":{\"@type\":\"PropertyValueSpecification\",\"valueRequired\":true,\"valueName\":\"search_term_string\"}}],\"inLanguage\":\"pt-BR\"},{\"@type\":\"Organization\",\"@id\":\"https:\/\/blogdobispo.com.br\/#organization\",\"name\":\"Blog do Bispo\",\"url\":\"https:\/\/blogdobispo.com.br\/\",\"logo\":{\"@type\":\"ImageObject\",\"inLanguage\":\"pt-BR\",\"@id\":\"https:\/\/blogdobispo.com.br\/#\/schema\/logo\/image\/\",\"url\":\"http:\/\/blogdobispo.com.br\/wp-content\/uploads\/2023\/05\/cropped-headear.png\",\"contentUrl\":\"http:\/\/blogdobispo.com.br\/wp-content\/uploads\/2023\/05\/cropped-headear.png\",\"width\":1500,\"height\":399,\"caption\":\"Blog do Bispo\"},\"image\":{\"@id\":\"https:\/\/blogdobispo.com.br\/#\/schema\/logo\/image\/\"}},{\"@type\":\"Person\",\"@id\":\"https:\/\/blogdobispo.com.br\/#\/schema\/person\/e2209cc0e6cea5c5233d033e997b373f\",\"name\":\"Jefferson Sterfeno\",\"image\":{\"@type\":\"ImageObject\",\"inLanguage\":\"pt-BR\",\"@id\":\"https:\/\/blogdobispo.com.br\/#\/schema\/person\/image\/\",\"url\":\"https:\/\/secure.gravatar.com\/avatar\/0534e84764641168a677026b6d57a3f51dc7ac4db0b4f6186d9cb330d4ee1160?s=96&d=mm&r=g\",\"contentUrl\":\"https:\/\/secure.gravatar.com\/avatar\/0534e84764641168a677026b6d57a3f51dc7ac4db0b4f6186d9cb330d4ee1160?s=96&d=mm&r=g\",\"caption\":\"Jefferson Sterfeno\"},\"sameAs\":[\"http:\/\/blogdobispo.com.br\"],\"url\":\"https:\/\/blogdobispo.com.br\/?author=1\"}]}<\/script>\n<!-- \/ Yoast SEO plugin. -->","yoast_head_json":{"title":"Farmac\u00eauticos s\u00e3o homenageados em solenidade na C\u00e2mara Municipal de Natal - Blog do Bispo","robots":{"index":"index","follow":"follow","max-snippet":"max-snippet:-1","max-image-preview":"max-image-preview:large","max-video-preview":"max-video-preview:-1"},"canonical":"https:\/\/blogdobispo.com.br\/?p=18713","og_locale":"pt_BR","og_type":"article","og_title":"Farmac\u00eauticos s\u00e3o homenageados em solenidade na C\u00e2mara Municipal de Natal - Blog do Bispo","og_description":"A C\u00e2mara Municipal de Natal promoveu nesta ter\u00e7a-feira (07), por iniciativa do vereador T\u00e9rcio Tinoco (Uni\u00e3o Brasil), uma sess\u00e3o solene em celebra\u00e7\u00e3o ao Dia Internacional do Farmac\u00eautico, reunindo autoridades, servidores da sa\u00fade e representantes da categoria para reconhecer o trabalho dos profissionais que fortalecem a assist\u00eancia farmac\u00eautica na capital potiguar. Na ocasi\u00e3o, personalidades de destaque [&hellip;]","og_url":"https:\/\/blogdobispo.com.br\/?p=18713","og_site_name":"Blog do Bispo","article_published_time":"2025-12-01T19:01:21+00:00","og_image":[{"width":1600,"height":1182,"url":"http:\/\/blogdobispo.com.br\/wp-content\/uploads\/2025\/12\/1af0b9528981c3ad9cadbd895ffb444a.jpg","type":"image\/jpeg"}],"author":"Jefferson Sterfeno","twitter_card":"summary_large_image","twitter_misc":{"Escrito por":"Jefferson Sterfeno","Est. tempo de leitura":"3 minutos"},"schema":{"@context":"https:\/\/schema.org","@graph":[{"@type":"Article","@id":"https:\/\/blogdobispo.com.br\/?p=18713#article","isPartOf":{"@id":"https:\/\/blogdobispo.com.br\/?p=18713"},"author":{"name":"Jefferson Sterfeno","@id":"https:\/\/blogdobispo.com.br\/#\/schema\/person\/e2209cc0e6cea5c5233d033e997b373f"},"headline":"Farmac\u00eauticos s\u00e3o homenageados em solenidade na C\u00e2mara Municipal de Natal","datePublished":"2025-12-01T19:01:21+00:00","mainEntityOfPage":{"@id":"https:\/\/blogdobispo.com.br\/?p=18713"},"wordCount":422,"commentCount":0,"publisher":{"@id":"https:\/\/blogdobispo.com.br\/#organization"},"image":{"@id":"https:\/\/blogdobispo.com.br\/?p=18713#primaryimage"},"thumbnailUrl":"https:\/\/i0.wp.com\/blogdobispo.com.br\/wp-content\/uploads\/2025\/12\/1af0b9528981c3ad9cadbd895ffb444a.jpg?fit=1600%2C1182&ssl=1","articleSection":["diversos"],"inLanguage":"pt-BR","potentialAction":[{"@type":"CommentAction","name":"Comment","target":["https:\/\/blogdobispo.com.br\/?p=18713#respond"]}]},{"@type":"WebPage","@id":"https:\/\/blogdobispo.com.br\/?p=18713","url":"https:\/\/blogdobispo.com.br\/?p=18713","name":"Farmac\u00eauticos s\u00e3o homenageados em solenidade na C\u00e2mara Municipal de Natal - Blog do Bispo","isPartOf":{"@id":"https:\/\/blogdobispo.com.br\/#website"},"primaryImageOfPage":{"@id":"https:\/\/blogdobispo.com.br\/?p=18713#primaryimage"},"image":{"@id":"https:\/\/blogdobispo.com.br\/?p=18713#primaryimage"},"thumbnailUrl":"https:\/\/i0.wp.com\/blogdobispo.com.br\/wp-content\/uploads\/2025\/12\/1af0b9528981c3ad9cadbd895ffb444a.jpg?fit=1600%2C1182&ssl=1","datePublished":"2025-12-01T19:01:21+00:00","breadcrumb":{"@id":"https:\/\/blogdobispo.com.br\/?p=18713#breadcrumb"},"inLanguage":"pt-BR","potentialAction":[{"@type":"ReadAction","target":["https:\/\/blogdobispo.com.br\/?p=18713"]}]},{"@type":"ImageObject","inLanguage":"pt-BR","@id":"https:\/\/blogdobispo.com.br\/?p=18713#primaryimage","url":"https:\/\/i0.wp.com\/blogdobispo.com.br\/wp-content\/uploads\/2025\/12\/1af0b9528981c3ad9cadbd895ffb444a.jpg?fit=1600%2C1182&ssl=1","contentUrl":"https:\/\/i0.wp.com\/blogdobispo.com.br\/wp-content\/uploads\/2025\/12\/1af0b9528981c3ad9cadbd895ffb444a.jpg?fit=1600%2C1182&ssl=1","width":1600,"height":1182},{"@type":"BreadcrumbList","@id":"https:\/\/blogdobispo.com.br\/?p=18713#breadcrumb","itemListElement":[{"@type":"ListItem","position":1,"name":"In\u00edcio","item":"https:\/\/blogdobispo.com.br\/"},{"@type":"ListItem","position":2,"name":"Farmac\u00eauticos s\u00e3o homenageados em solenidade na C\u00e2mara Municipal de Natal"}]},{"@type":"WebSite","@id":"https:\/\/blogdobispo.com.br\/#website","url":"https:\/\/blogdobispo.com.br\/","name":"Blog do Bispo","description":"Comprometido apenas com o leitor","publisher":{"@id":"https:\/\/blogdobispo.com.br\/#organization"},"potentialAction":[{"@type":"SearchAction","target":{"@type":"EntryPoint","urlTemplate":"https:\/\/blogdobispo.com.br\/?s={search_term_string}"},"query-input":{"@type":"PropertyValueSpecification","valueRequired":true,"valueName":"search_term_string"}}],"inLanguage":"pt-BR"},{"@type":"Organization","@id":"https:\/\/blogdobispo.com.br\/#organization","name":"Blog do Bispo","url":"https:\/\/blogdobispo.com.br\/","logo":{"@type":"ImageObject","inLanguage":"pt-BR","@id":"https:\/\/blogdobispo.com.br\/#\/schema\/logo\/image\/","url":"http:\/\/blogdobispo.com.br\/wp-content\/uploads\/2023\/05\/cropped-headear.png","contentUrl":"http:\/\/blogdobispo.com.br\/wp-content\/uploads\/2023\/05\/cropped-headear.png","width":1500,"height":399,"caption":"Blog do Bispo"},"image":{"@id":"https:\/\/blogdobispo.com.br\/#\/schema\/logo\/image\/"}},{"@type":"Person","@id":"https:\/\/blogdobispo.com.br\/#\/schema\/person\/e2209cc0e6cea5c5233d033e997b373f","name":"Jefferson Sterfeno","image":{"@type":"ImageObject","inLanguage":"pt-BR","@id":"https:\/\/blogdobispo.com.br\/#\/schema\/person\/image\/","url":"https:\/\/secure.gravatar.com\/avatar\/0534e84764641168a677026b6d57a3f51dc7ac4db0b4f6186d9cb330d4ee1160?s=96&d=mm&r=g","contentUrl":"https:\/\/secure.gravatar.com\/avatar\/0534e84764641168a677026b6d57a3f51dc7ac4db0b4f6186d9cb330d4ee1160?s=96&d=mm&r=g","caption":"Jefferson Sterfeno"},"sameAs":["http:\/\/blogdobispo.com.br"],"url":"https:\/\/blogdobispo.com.br\/?author=1"}]}},"featured_image_urls":{"full":["https:\/\/i0.wp.com\/blogdobispo.com.br\/wp-content\/uploads\/2025\/12\/1af0b9528981c3ad9cadbd895ffb444a.jpg?fit=1600%2C1182&ssl=1",1600,1182,false],"thumbnail":["https:\/\/i0.wp.com\/blogdobispo.com.br\/wp-content\/uploads\/2025\/12\/1af0b9528981c3ad9cadbd895ffb444a.jpg?resize=150%2C150&ssl=1",150,150,true],"medium":["https:\/\/i0.wp.com\/blogdobispo.com.br\/wp-content\/uploads\/2025\/12\/1af0b9528981c3ad9cadbd895ffb444a.jpg?fit=300%2C222&ssl=1",300,222,true],"medium_large":["https:\/\/i0.wp.com\/blogdobispo.com.br\/wp-content\/uploads\/2025\/12\/1af0b9528981c3ad9cadbd895ffb444a.jpg?fit=768%2C567&ssl=1",768,567,true],"large":["https:\/\/i0.wp.com\/blogdobispo.com.br\/wp-content\/uploads\/2025\/12\/1af0b9528981c3ad9cadbd895ffb444a.jpg?fit=800%2C591&ssl=1",800,591,true],"1536x1536":["https:\/\/i0.wp.com\/blogdobispo.com.br\/wp-content\/uploads\/2025\/12\/1af0b9528981c3ad9cadbd895ffb444a.jpg?fit=1536%2C1135&ssl=1",1536,1135,true],"2048x2048":["https:\/\/i0.wp.com\/blogdobispo.com.br\/wp-content\/uploads\/2025\/12\/1af0b9528981c3ad9cadbd895ffb444a.jpg?fit=1600%2C1182&ssl=1",1600,1182,true]},"author_info":{"display_name":"Jefferson Sterfeno","author_link":"https:\/\/blogdobispo.com.br\/?author=1"},"category_info":"<a href=\"https:\/\/blogdobispo.com.br\/?cat=1\" rel=\"category\">diversos<\/a>","tag_info":"diversos","comment_count":"0","jetpack_featured_media_url":"https:\/\/i0.wp.com\/blogdobispo.com.br\/wp-content\/uploads\/2025\/12\/1af0b9528981c3ad9cadbd895ffb444a.jpg?fit=1600%2C1182&ssl=1","jetpack_sharing_enabled":true,"_links":{"self":[{"href":"https:\/\/blogdobispo.com.br\/index.php?rest_route=\/wp\/v2\/posts\/18713","targetHints":{"allow":["GET"]}}],"collection":[{"href":"https:\/\/blogdobispo.com.br\/index.php?rest_route=\/wp\/v2\/posts"}],"about":[{"href":"https:\/\/blogdobispo.com.br\/index.php?rest_route=\/wp\/v2\/types\/post"}],"author":[{"embeddable":true,"href":"https:\/\/blogdobispo.com.br\/index.php?rest_route=\/wp\/v2\/users\/1"}],"replies":[{"embeddable":true,"href":"https:\/\/blogdobispo.com.br\/index.php?rest_route=%2Fwp%2Fv2%2Fcomments&post=18713"}],"version-history":[{"count":1,"href":"https:\/\/blogdobispo.com.br\/index.php?rest_route=\/wp\/v2\/posts\/18713\/revisions"}],"predecessor-version":[{"id":18715,"href":"https:\/\/blogdobispo.com.br\/index.php?rest_route=\/wp\/v2\/posts\/18713\/revisions\/18715"}],"wp:featuredmedia":[{"embeddable":true,"href":"https:\/\/blogdobispo.com.br\/index.php?rest_route=\/wp\/v2\/media\/18714"}],"wp:attachment":[{"href":"https:\/\/blogdobispo.com.br\/index.php?rest_route=%2Fwp%2Fv2%2Fmedia&parent=18713"}],"wp:term":[{"taxonomy":"category","embeddable":true,"href":"https:\/\/blogdobispo.com.br\/index.php?rest_route=%2Fwp%2Fv2%2Fcategories&post=18713"},{"taxonomy":"post_tag","embeddable":true,"href":"https:\/\/blogdobispo.com.br\/index.php?rest_route=%2Fwp%2Fv2%2Ftags&post=18713"}],"curies":[{"name":"wp","href":"https:\/\/api.w.org\/{rel}","templated":true}]}}