{"id":18705,"date":"2025-12-01T18:52:44","date_gmt":"2025-12-01T18:52:44","guid":{"rendered":"https:\/\/blogdobispo.com.br\/?p=18705"},"modified":"2025-12-01T18:52:44","modified_gmt":"2025-12-01T18:52:44","slug":"semana-da-familia-crista-conservadora-e-aprovada-na-comissao-de-justica","status":"publish","type":"post","link":"https:\/\/blogdobispo.com.br\/?p=18705","title":{"rendered":"Semana da Fam\u00edlia Crist\u00e3 Conservadora \u00e9 aprovada na Comiss\u00e3o de Justi\u00e7a"},"content":{"rendered":"<p>Um Projeto de Lei que visa incluir no calend\u00e1rio de eventos de Natal uma semana dedicada \u00e0s fam\u00edlias crist\u00e3s e conservadoras foi aprovado na reuni\u00e3o da Comiss\u00e3o de Legisla\u00e7\u00e3o, Justi\u00e7a e Reda\u00e7\u00e3o Final (CLJRF) realizada nesta segunda-feira (01). Elaborado pela vereadora Camila Ara\u00fajo (PL), o projeto n\u00famero 288\/2025 tem como finalidade incentivar a import\u00e2ncia da fam\u00edlia entre os cidad\u00e3os do munic\u00edpio, ressaltando seu papel como base da sociedade a partir dos preceitos crit\u00e3os e conservadores.<\/p>\n<p>Segundo a autora da mat\u00e9ria, o Projeto vem para promover as vozes dessa parcela da popula\u00e7\u00e3o. \u201cEsse segmento, que \u00e9 muito forte da nossa sociedade, a fam\u00edlia crist\u00e3, conservadora, que tem os preceitos crist\u00e3os, judaicos, os princ\u00edpios b\u00edblicos, os quais a gente precisa evidenciar cada vez mais. Essas fam\u00edlias s\u00e3o importantes e \u00e9 necess\u00e1rio inseri-las na na cultura da nossa cidade, na cultura religiosa\u201d, apontou a vereadora.<\/p>\n<p>Outro projeto em destaque na reuni\u00e3o da CLJRF foi o de n\u00famero 468\/2025, de proposi\u00e7\u00e3o da vereadora Brisa Bracchi (PT). O objetivo da mat\u00e9ria \u00e9 proibir, no \u00e2mbito da cidade de Natal, a realiza\u00e7\u00e3o de pr\u00e1ticas, atendimentos, terapias ou quaisquer interven\u00e7\u00f5es que objetivem a tentativa de \u2018revers\u00e3o sexual\u2019, tamb\u00e9m conhecidas como \u2018cura gay\u2019, direcionadas a pessoas LGBTI+.<\/p>\n<p>Para a vereadora Brisa, a proibi\u00e7\u00e3o dessas pr\u00e1ticas se alinha com o combate \u00e0 LGBTfobia e a promo\u00e7\u00e3o dos direitos humanos da popula\u00e7\u00e3o LGBTI+, em conson\u00e2ncia com os tratados e conven\u00e7\u00f5es internacionais os quais o Brasil \u00e9 signat\u00e1rio. \u201cInfelizmente, isso ainda acontece e a gente sabe que isso \u00e9 uma forma de violentar, de n\u00e3o aceitar a orienta\u00e7\u00e3o sexual das pessoas LGBTs, da identidade de g\u00eanero das pessoas trans e travestis. A gente fica muito feliz, muito orgulhosa do nosso trabalho, de ver um projeto importante como esse, tramitando aqui na casa, o qual agora vai seguir para as pr\u00f3ximas comiss\u00f5es. Esperamos, quem sabe, que a gente tenha essa vit\u00f3ria muito importante para todas as pessoas LGBTs aqui de Natal\u201d, destacou a parlamentar.<\/p>\n<p>A Comiss\u00e3o de Legisla\u00e7\u00e3o, Justi\u00e7a e Reda\u00e7\u00e3o Final tamb\u00e9m apreciou dez processos de vetos enviados pelo Poder Executivo. Al\u00e9m das vereadoras Camila Ara\u00fajo e Brisa Bracchi, estiveram presentes na reuni\u00e3o os vereadores Aldo Clemente (PSDB), Fulvio Saulo (Solidariedade), e Tony Henrique (PL).<\/p>\n<p>Texto: Cleber Femina<br \/>\nFotos: Sarah Carvalho<img data-recalc-dims=\"1\" fetchpriority=\"high\" decoding=\"async\" class=\"alignnone size-medium wp-image-18706\" src=\"https:\/\/i0.wp.com\/blogdobispo.com.br\/wp-content\/uploads\/2025\/12\/dfbd936d9bea6ca2d49bf8d2f3c05e98.jpeg?resize=300%2C188\" alt=\"\" width=\"300\" height=\"188\" srcset=\"https:\/\/i0.wp.com\/blogdobispo.com.br\/wp-content\/uploads\/2025\/12\/dfbd936d9bea6ca2d49bf8d2f3c05e98.jpeg?resize=300%2C188&amp;ssl=1 300w, https:\/\/i0.wp.com\/blogdobispo.com.br\/wp-content\/uploads\/2025\/12\/dfbd936d9bea6ca2d49bf8d2f3c05e98.jpeg?resize=1024%2C641&amp;ssl=1 1024w, https:\/\/i0.wp.com\/blogdobispo.com.br\/wp-content\/uploads\/2025\/12\/dfbd936d9bea6ca2d49bf8d2f3c05e98.jpeg?resize=768%2C481&amp;ssl=1 768w, https:\/\/i0.wp.com\/blogdobispo.com.br\/wp-content\/uploads\/2025\/12\/dfbd936d9bea6ca2d49bf8d2f3c05e98.jpeg?resize=1536%2C962&amp;ssl=1 1536w, https:\/\/i0.wp.com\/blogdobispo.com.br\/wp-content\/uploads\/2025\/12\/dfbd936d9bea6ca2d49bf8d2f3c05e98.jpeg?w=1600&amp;ssl=1 1600w\" sizes=\"(max-width: 300px) 100vw, 300px\" \/><\/p>\n","protected":false},"excerpt":{"rendered":"<p>Um Projeto de Lei que visa incluir no calend\u00e1rio de eventos de Natal uma semana dedicada \u00e0s fam\u00edlias crist\u00e3s e conservadoras foi aprovado na reuni\u00e3o da Comiss\u00e3o de Legisla\u00e7\u00e3o, Justi\u00e7a e Reda\u00e7\u00e3o Final (CLJRF) realizada nesta segunda-feira (01). Elaborado pela vereadora Camila Ara\u00fajo (PL), o projeto n\u00famero 288\/2025 tem como finalidade incentivar a import\u00e2ncia da [&hellip;]<\/p>\n","protected":false},"author":1,"featured_media":18706,"comment_status":"open","ping_status":"open","sticky":false,"template":"","format":"standard","meta":{"cybocfi_hide_featured_image":"","_jetpack_memberships_contains_paid_content":false,"footnotes":""},"categories":[1],"tags":[],"class_list":["post-18705","post","type-post","status-publish","format-standard","has-post-thumbnail","hentry","category-diversos"],"yoast_head":"<!-- This site is optimized with the Yoast SEO plugin v25.6 - https:\/\/yoast.com\/wordpress\/plugins\/seo\/ -->\n<title>Semana da Fam\u00edlia Crist\u00e3 Conservadora \u00e9 aprovada na Comiss\u00e3o de Justi\u00e7a - Blog do Bispo<\/title>\n<meta name=\"robots\" content=\"index, follow, max-snippet:-1, max-image-preview:large, max-video-preview:-1\" \/>\n<link rel=\"canonical\" href=\"https:\/\/blogdobispo.com.br\/?p=18705\" \/>\n<meta property=\"og:locale\" content=\"pt_BR\" \/>\n<meta property=\"og:type\" content=\"article\" \/>\n<meta property=\"og:title\" content=\"Semana da Fam\u00edlia Crist\u00e3 Conservadora \u00e9 aprovada na Comiss\u00e3o de Justi\u00e7a - Blog do Bispo\" \/>\n<meta property=\"og:description\" content=\"Um Projeto de Lei que visa incluir no calend\u00e1rio de eventos de Natal uma semana dedicada \u00e0s fam\u00edlias crist\u00e3s e conservadoras foi aprovado na reuni\u00e3o da Comiss\u00e3o de Legisla\u00e7\u00e3o, Justi\u00e7a e Reda\u00e7\u00e3o Final (CLJRF) realizada nesta segunda-feira (01). Elaborado pela vereadora Camila Ara\u00fajo (PL), o projeto n\u00famero 288\/2025 tem como finalidade incentivar a import\u00e2ncia da [&hellip;]\" \/>\n<meta property=\"og:url\" content=\"https:\/\/blogdobispo.com.br\/?p=18705\" \/>\n<meta property=\"og:site_name\" content=\"Blog do Bispo\" \/>\n<meta property=\"article:published_time\" content=\"2025-12-01T18:52:44+00:00\" \/>\n<meta property=\"og:image\" content=\"http:\/\/blogdobispo.com.br\/wp-content\/uploads\/2025\/12\/dfbd936d9bea6ca2d49bf8d2f3c05e98.jpeg\" \/>\n\t<meta property=\"og:image:width\" content=\"1600\" \/>\n\t<meta property=\"og:image:height\" content=\"1002\" \/>\n\t<meta property=\"og:image:type\" content=\"image\/jpeg\" \/>\n<meta name=\"author\" content=\"Jefferson Sterfeno\" \/>\n<meta name=\"twitter:card\" content=\"summary_large_image\" \/>\n<meta name=\"twitter:label1\" content=\"Escrito por\" \/>\n\t<meta name=\"twitter:data1\" content=\"Jefferson Sterfeno\" \/>\n\t<meta name=\"twitter:label2\" content=\"Est. tempo de leitura\" \/>\n\t<meta name=\"twitter:data2\" content=\"3 minutos\" \/>\n<script type=\"application\/ld+json\" class=\"yoast-schema-graph\">{\"@context\":\"https:\/\/schema.org\",\"@graph\":[{\"@type\":\"Article\",\"@id\":\"https:\/\/blogdobispo.com.br\/?p=18705#article\",\"isPartOf\":{\"@id\":\"https:\/\/blogdobispo.com.br\/?p=18705\"},\"author\":{\"name\":\"Jefferson Sterfeno\",\"@id\":\"https:\/\/blogdobispo.com.br\/#\/schema\/person\/e2209cc0e6cea5c5233d033e997b373f\"},\"headline\":\"Semana da Fam\u00edlia Crist\u00e3 Conservadora \u00e9 aprovada na Comiss\u00e3o de Justi\u00e7a\",\"datePublished\":\"2025-12-01T18:52:44+00:00\",\"mainEntityOfPage\":{\"@id\":\"https:\/\/blogdobispo.com.br\/?p=18705\"},\"wordCount\":428,\"commentCount\":0,\"publisher\":{\"@id\":\"https:\/\/blogdobispo.com.br\/#organization\"},\"image\":{\"@id\":\"https:\/\/blogdobispo.com.br\/?p=18705#primaryimage\"},\"thumbnailUrl\":\"https:\/\/i0.wp.com\/blogdobispo.com.br\/wp-content\/uploads\/2025\/12\/dfbd936d9bea6ca2d49bf8d2f3c05e98.jpeg?fit=1600%2C1002&ssl=1\",\"articleSection\":[\"diversos\"],\"inLanguage\":\"pt-BR\",\"potentialAction\":[{\"@type\":\"CommentAction\",\"name\":\"Comment\",\"target\":[\"https:\/\/blogdobispo.com.br\/?p=18705#respond\"]}]},{\"@type\":\"WebPage\",\"@id\":\"https:\/\/blogdobispo.com.br\/?p=18705\",\"url\":\"https:\/\/blogdobispo.com.br\/?p=18705\",\"name\":\"Semana da Fam\u00edlia Crist\u00e3 Conservadora \u00e9 aprovada na Comiss\u00e3o de Justi\u00e7a - Blog do Bispo\",\"isPartOf\":{\"@id\":\"https:\/\/blogdobispo.com.br\/#website\"},\"primaryImageOfPage\":{\"@id\":\"https:\/\/blogdobispo.com.br\/?p=18705#primaryimage\"},\"image\":{\"@id\":\"https:\/\/blogdobispo.com.br\/?p=18705#primaryimage\"},\"thumbnailUrl\":\"https:\/\/i0.wp.com\/blogdobispo.com.br\/wp-content\/uploads\/2025\/12\/dfbd936d9bea6ca2d49bf8d2f3c05e98.jpeg?fit=1600%2C1002&ssl=1\",\"datePublished\":\"2025-12-01T18:52:44+00:00\",\"breadcrumb\":{\"@id\":\"https:\/\/blogdobispo.com.br\/?p=18705#breadcrumb\"},\"inLanguage\":\"pt-BR\",\"potentialAction\":[{\"@type\":\"ReadAction\",\"target\":[\"https:\/\/blogdobispo.com.br\/?p=18705\"]}]},{\"@type\":\"ImageObject\",\"inLanguage\":\"pt-BR\",\"@id\":\"https:\/\/blogdobispo.com.br\/?p=18705#primaryimage\",\"url\":\"https:\/\/i0.wp.com\/blogdobispo.com.br\/wp-content\/uploads\/2025\/12\/dfbd936d9bea6ca2d49bf8d2f3c05e98.jpeg?fit=1600%2C1002&ssl=1\",\"contentUrl\":\"https:\/\/i0.wp.com\/blogdobispo.com.br\/wp-content\/uploads\/2025\/12\/dfbd936d9bea6ca2d49bf8d2f3c05e98.jpeg?fit=1600%2C1002&ssl=1\",\"width\":1600,\"height\":1002},{\"@type\":\"BreadcrumbList\",\"@id\":\"https:\/\/blogdobispo.com.br\/?p=18705#breadcrumb\",\"itemListElement\":[{\"@type\":\"ListItem\",\"position\":1,\"name\":\"In\u00edcio\",\"item\":\"https:\/\/blogdobispo.com.br\/\"},{\"@type\":\"ListItem\",\"position\":2,\"name\":\"Semana da Fam\u00edlia Crist\u00e3 Conservadora \u00e9 aprovada na Comiss\u00e3o de Justi\u00e7a\"}]},{\"@type\":\"WebSite\",\"@id\":\"https:\/\/blogdobispo.com.br\/#website\",\"url\":\"https:\/\/blogdobispo.com.br\/\",\"name\":\"Blog do Bispo\",\"description\":\"Comprometido apenas com o leitor\",\"publisher\":{\"@id\":\"https:\/\/blogdobispo.com.br\/#organization\"},\"potentialAction\":[{\"@type\":\"SearchAction\",\"target\":{\"@type\":\"EntryPoint\",\"urlTemplate\":\"https:\/\/blogdobispo.com.br\/?s={search_term_string}\"},\"query-input\":{\"@type\":\"PropertyValueSpecification\",\"valueRequired\":true,\"valueName\":\"search_term_string\"}}],\"inLanguage\":\"pt-BR\"},{\"@type\":\"Organization\",\"@id\":\"https:\/\/blogdobispo.com.br\/#organization\",\"name\":\"Blog do Bispo\",\"url\":\"https:\/\/blogdobispo.com.br\/\",\"logo\":{\"@type\":\"ImageObject\",\"inLanguage\":\"pt-BR\",\"@id\":\"https:\/\/blogdobispo.com.br\/#\/schema\/logo\/image\/\",\"url\":\"http:\/\/blogdobispo.com.br\/wp-content\/uploads\/2023\/05\/cropped-headear.png\",\"contentUrl\":\"http:\/\/blogdobispo.com.br\/wp-content\/uploads\/2023\/05\/cropped-headear.png\",\"width\":1500,\"height\":399,\"caption\":\"Blog do Bispo\"},\"image\":{\"@id\":\"https:\/\/blogdobispo.com.br\/#\/schema\/logo\/image\/\"}},{\"@type\":\"Person\",\"@id\":\"https:\/\/blogdobispo.com.br\/#\/schema\/person\/e2209cc0e6cea5c5233d033e997b373f\",\"name\":\"Jefferson Sterfeno\",\"image\":{\"@type\":\"ImageObject\",\"inLanguage\":\"pt-BR\",\"@id\":\"https:\/\/blogdobispo.com.br\/#\/schema\/person\/image\/\",\"url\":\"https:\/\/secure.gravatar.com\/avatar\/0534e84764641168a677026b6d57a3f51dc7ac4db0b4f6186d9cb330d4ee1160?s=96&d=mm&r=g\",\"contentUrl\":\"https:\/\/secure.gravatar.com\/avatar\/0534e84764641168a677026b6d57a3f51dc7ac4db0b4f6186d9cb330d4ee1160?s=96&d=mm&r=g\",\"caption\":\"Jefferson Sterfeno\"},\"sameAs\":[\"http:\/\/blogdobispo.com.br\"],\"url\":\"https:\/\/blogdobispo.com.br\/?author=1\"}]}<\/script>\n<!-- \/ Yoast SEO plugin. -->","yoast_head_json":{"title":"Semana da Fam\u00edlia Crist\u00e3 Conservadora \u00e9 aprovada na Comiss\u00e3o de Justi\u00e7a - Blog do Bispo","robots":{"index":"index","follow":"follow","max-snippet":"max-snippet:-1","max-image-preview":"max-image-preview:large","max-video-preview":"max-video-preview:-1"},"canonical":"https:\/\/blogdobispo.com.br\/?p=18705","og_locale":"pt_BR","og_type":"article","og_title":"Semana da Fam\u00edlia Crist\u00e3 Conservadora \u00e9 aprovada na Comiss\u00e3o de Justi\u00e7a - Blog do Bispo","og_description":"Um Projeto de Lei que visa incluir no calend\u00e1rio de eventos de Natal uma semana dedicada \u00e0s fam\u00edlias crist\u00e3s e conservadoras foi aprovado na reuni\u00e3o da Comiss\u00e3o de Legisla\u00e7\u00e3o, Justi\u00e7a e Reda\u00e7\u00e3o Final (CLJRF) realizada nesta segunda-feira (01). Elaborado pela vereadora Camila Ara\u00fajo (PL), o projeto n\u00famero 288\/2025 tem como finalidade incentivar a import\u00e2ncia da [&hellip;]","og_url":"https:\/\/blogdobispo.com.br\/?p=18705","og_site_name":"Blog do Bispo","article_published_time":"2025-12-01T18:52:44+00:00","og_image":[{"width":1600,"height":1002,"url":"http:\/\/blogdobispo.com.br\/wp-content\/uploads\/2025\/12\/dfbd936d9bea6ca2d49bf8d2f3c05e98.jpeg","type":"image\/jpeg"}],"author":"Jefferson Sterfeno","twitter_card":"summary_large_image","twitter_misc":{"Escrito por":"Jefferson Sterfeno","Est. tempo de leitura":"3 minutos"},"schema":{"@context":"https:\/\/schema.org","@graph":[{"@type":"Article","@id":"https:\/\/blogdobispo.com.br\/?p=18705#article","isPartOf":{"@id":"https:\/\/blogdobispo.com.br\/?p=18705"},"author":{"name":"Jefferson Sterfeno","@id":"https:\/\/blogdobispo.com.br\/#\/schema\/person\/e2209cc0e6cea5c5233d033e997b373f"},"headline":"Semana da Fam\u00edlia Crist\u00e3 Conservadora \u00e9 aprovada na Comiss\u00e3o de Justi\u00e7a","datePublished":"2025-12-01T18:52:44+00:00","mainEntityOfPage":{"@id":"https:\/\/blogdobispo.com.br\/?p=18705"},"wordCount":428,"commentCount":0,"publisher":{"@id":"https:\/\/blogdobispo.com.br\/#organization"},"image":{"@id":"https:\/\/blogdobispo.com.br\/?p=18705#primaryimage"},"thumbnailUrl":"https:\/\/i0.wp.com\/blogdobispo.com.br\/wp-content\/uploads\/2025\/12\/dfbd936d9bea6ca2d49bf8d2f3c05e98.jpeg?fit=1600%2C1002&ssl=1","articleSection":["diversos"],"inLanguage":"pt-BR","potentialAction":[{"@type":"CommentAction","name":"Comment","target":["https:\/\/blogdobispo.com.br\/?p=18705#respond"]}]},{"@type":"WebPage","@id":"https:\/\/blogdobispo.com.br\/?p=18705","url":"https:\/\/blogdobispo.com.br\/?p=18705","name":"Semana da Fam\u00edlia Crist\u00e3 Conservadora \u00e9 aprovada na Comiss\u00e3o de Justi\u00e7a - Blog do Bispo","isPartOf":{"@id":"https:\/\/blogdobispo.com.br\/#website"},"primaryImageOfPage":{"@id":"https:\/\/blogdobispo.com.br\/?p=18705#primaryimage"},"image":{"@id":"https:\/\/blogdobispo.com.br\/?p=18705#primaryimage"},"thumbnailUrl":"https:\/\/i0.wp.com\/blogdobispo.com.br\/wp-content\/uploads\/2025\/12\/dfbd936d9bea6ca2d49bf8d2f3c05e98.jpeg?fit=1600%2C1002&ssl=1","datePublished":"2025-12-01T18:52:44+00:00","breadcrumb":{"@id":"https:\/\/blogdobispo.com.br\/?p=18705#breadcrumb"},"inLanguage":"pt-BR","potentialAction":[{"@type":"ReadAction","target":["https:\/\/blogdobispo.com.br\/?p=18705"]}]},{"@type":"ImageObject","inLanguage":"pt-BR","@id":"https:\/\/blogdobispo.com.br\/?p=18705#primaryimage","url":"https:\/\/i0.wp.com\/blogdobispo.com.br\/wp-content\/uploads\/2025\/12\/dfbd936d9bea6ca2d49bf8d2f3c05e98.jpeg?fit=1600%2C1002&ssl=1","contentUrl":"https:\/\/i0.wp.com\/blogdobispo.com.br\/wp-content\/uploads\/2025\/12\/dfbd936d9bea6ca2d49bf8d2f3c05e98.jpeg?fit=1600%2C1002&ssl=1","width":1600,"height":1002},{"@type":"BreadcrumbList","@id":"https:\/\/blogdobispo.com.br\/?p=18705#breadcrumb","itemListElement":[{"@type":"ListItem","position":1,"name":"In\u00edcio","item":"https:\/\/blogdobispo.com.br\/"},{"@type":"ListItem","position":2,"name":"Semana da Fam\u00edlia Crist\u00e3 Conservadora \u00e9 aprovada na Comiss\u00e3o de Justi\u00e7a"}]},{"@type":"WebSite","@id":"https:\/\/blogdobispo.com.br\/#website","url":"https:\/\/blogdobispo.com.br\/","name":"Blog do Bispo","description":"Comprometido apenas com o leitor","publisher":{"@id":"https:\/\/blogdobispo.com.br\/#organization"},"potentialAction":[{"@type":"SearchAction","target":{"@type":"EntryPoint","urlTemplate":"https:\/\/blogdobispo.com.br\/?s={search_term_string}"},"query-input":{"@type":"PropertyValueSpecification","valueRequired":true,"valueName":"search_term_string"}}],"inLanguage":"pt-BR"},{"@type":"Organization","@id":"https:\/\/blogdobispo.com.br\/#organization","name":"Blog do Bispo","url":"https:\/\/blogdobispo.com.br\/","logo":{"@type":"ImageObject","inLanguage":"pt-BR","@id":"https:\/\/blogdobispo.com.br\/#\/schema\/logo\/image\/","url":"http:\/\/blogdobispo.com.br\/wp-content\/uploads\/2023\/05\/cropped-headear.png","contentUrl":"http:\/\/blogdobispo.com.br\/wp-content\/uploads\/2023\/05\/cropped-headear.png","width":1500,"height":399,"caption":"Blog do Bispo"},"image":{"@id":"https:\/\/blogdobispo.com.br\/#\/schema\/logo\/image\/"}},{"@type":"Person","@id":"https:\/\/blogdobispo.com.br\/#\/schema\/person\/e2209cc0e6cea5c5233d033e997b373f","name":"Jefferson Sterfeno","image":{"@type":"ImageObject","inLanguage":"pt-BR","@id":"https:\/\/blogdobispo.com.br\/#\/schema\/person\/image\/","url":"https:\/\/secure.gravatar.com\/avatar\/0534e84764641168a677026b6d57a3f51dc7ac4db0b4f6186d9cb330d4ee1160?s=96&d=mm&r=g","contentUrl":"https:\/\/secure.gravatar.com\/avatar\/0534e84764641168a677026b6d57a3f51dc7ac4db0b4f6186d9cb330d4ee1160?s=96&d=mm&r=g","caption":"Jefferson Sterfeno"},"sameAs":["http:\/\/blogdobispo.com.br"],"url":"https:\/\/blogdobispo.com.br\/?author=1"}]}},"featured_image_urls":{"full":["https:\/\/i0.wp.com\/blogdobispo.com.br\/wp-content\/uploads\/2025\/12\/dfbd936d9bea6ca2d49bf8d2f3c05e98.jpeg?fit=1600%2C1002&ssl=1",1600,1002,false],"thumbnail":["https:\/\/i0.wp.com\/blogdobispo.com.br\/wp-content\/uploads\/2025\/12\/dfbd936d9bea6ca2d49bf8d2f3c05e98.jpeg?resize=150%2C150&ssl=1",150,150,true],"medium":["https:\/\/i0.wp.com\/blogdobispo.com.br\/wp-content\/uploads\/2025\/12\/dfbd936d9bea6ca2d49bf8d2f3c05e98.jpeg?fit=300%2C188&ssl=1",300,188,true],"medium_large":["https:\/\/i0.wp.com\/blogdobispo.com.br\/wp-content\/uploads\/2025\/12\/dfbd936d9bea6ca2d49bf8d2f3c05e98.jpeg?fit=768%2C481&ssl=1",768,481,true],"large":["https:\/\/i0.wp.com\/blogdobispo.com.br\/wp-content\/uploads\/2025\/12\/dfbd936d9bea6ca2d49bf8d2f3c05e98.jpeg?fit=800%2C501&ssl=1",800,501,true],"1536x1536":["https:\/\/i0.wp.com\/blogdobispo.com.br\/wp-content\/uploads\/2025\/12\/dfbd936d9bea6ca2d49bf8d2f3c05e98.jpeg?fit=1536%2C962&ssl=1",1536,962,true],"2048x2048":["https:\/\/i0.wp.com\/blogdobispo.com.br\/wp-content\/uploads\/2025\/12\/dfbd936d9bea6ca2d49bf8d2f3c05e98.jpeg?fit=1600%2C1002&ssl=1",1600,1002,true]},"author_info":{"display_name":"Jefferson Sterfeno","author_link":"https:\/\/blogdobispo.com.br\/?author=1"},"category_info":"<a href=\"https:\/\/blogdobispo.com.br\/?cat=1\" rel=\"category\">diversos<\/a>","tag_info":"diversos","comment_count":"0","jetpack_featured_media_url":"https:\/\/i0.wp.com\/blogdobispo.com.br\/wp-content\/uploads\/2025\/12\/dfbd936d9bea6ca2d49bf8d2f3c05e98.jpeg?fit=1600%2C1002&ssl=1","jetpack_sharing_enabled":true,"_links":{"self":[{"href":"https:\/\/blogdobispo.com.br\/index.php?rest_route=\/wp\/v2\/posts\/18705","targetHints":{"allow":["GET"]}}],"collection":[{"href":"https:\/\/blogdobispo.com.br\/index.php?rest_route=\/wp\/v2\/posts"}],"about":[{"href":"https:\/\/blogdobispo.com.br\/index.php?rest_route=\/wp\/v2\/types\/post"}],"author":[{"embeddable":true,"href":"https:\/\/blogdobispo.com.br\/index.php?rest_route=\/wp\/v2\/users\/1"}],"replies":[{"embeddable":true,"href":"https:\/\/blogdobispo.com.br\/index.php?rest_route=%2Fwp%2Fv2%2Fcomments&post=18705"}],"version-history":[{"count":1,"href":"https:\/\/blogdobispo.com.br\/index.php?rest_route=\/wp\/v2\/posts\/18705\/revisions"}],"predecessor-version":[{"id":18707,"href":"https:\/\/blogdobispo.com.br\/index.php?rest_route=\/wp\/v2\/posts\/18705\/revisions\/18707"}],"wp:featuredmedia":[{"embeddable":true,"href":"https:\/\/blogdobispo.com.br\/index.php?rest_route=\/wp\/v2\/media\/18706"}],"wp:attachment":[{"href":"https:\/\/blogdobispo.com.br\/index.php?rest_route=%2Fwp%2Fv2%2Fmedia&parent=18705"}],"wp:term":[{"taxonomy":"category","embeddable":true,"href":"https:\/\/blogdobispo.com.br\/index.php?rest_route=%2Fwp%2Fv2%2Fcategories&post=18705"},{"taxonomy":"post_tag","embeddable":true,"href":"https:\/\/blogdobispo.com.br\/index.php?rest_route=%2Fwp%2Fv2%2Ftags&post=18705"}],"curies":[{"name":"wp","href":"https:\/\/api.w.org\/{rel}","templated":true}]}}