{"id":18694,"date":"2025-12-01T18:48:03","date_gmt":"2025-12-01T18:48:03","guid":{"rendered":"https:\/\/blogdobispo.com.br\/?p=18694"},"modified":"2025-12-01T18:48:03","modified_gmt":"2025-12-01T18:48:03","slug":"candidato-a-vereador-e-condenado-por-acusar-prefeito-de-tibau-do-sul-de-lavagem-de-dinheiro","status":"publish","type":"post","link":"https:\/\/blogdobispo.com.br\/?p=18694","title":{"rendered":"Candidato a vereador \u00e9 condenado por acusar prefeito de Tibau do Sul de lavagem de dinheiro"},"content":{"rendered":"<p>A Justi\u00e7a estadual condenou um morador de\u00a0<a href=\"https:\/\/tibaudosul.rn.gov.br\/\" target=\"_blank\" rel=\"noopener\">Tibau do Sul\u00a0<\/a>a pagar R$ 5 mil em indeniza\u00e7\u00e3o por danos morais ao prefeito reeleito Valden\u00edcio Costa (PL). A decis\u00e3o, assinada pelo juiz Mark Clark Santiago Andrade, do Juizado Especial C\u00edvel, Criminal e da Fazenda P\u00fablica de Goianinha, responsabiliza o r\u00e9u por divulgar v\u00eddeos e \u00e1udios com acusa\u00e7\u00f5es falsas e ofensivas contra o gestor municipal.<\/p>\n<p>Conforme narrado, durante o m\u00eas de setembro de 2024, Genival Barbosa J\u00fanior \u2013 Junior Barbosa (MDB) \u2013, candidato a vereador, propagou ofensas caluniosas, difamat\u00f3rias e injuriosas, ofendendo a dignidade e honra do prefeito. Narra que o r\u00e9u gravou, de pr\u00f3pria m\u00e3o, um v\u00eddeo difamat\u00f3rio e injurioso, em que supostamente, n\u00e3o estaria conseguindo ter acesso \u00e0 unidade hospitalar da cidade, afirmando tamb\u00e9m que o gestor estaria praticando lavagem de dinheiro.<\/p>\n<div class=\"contentnotice\">\n<p>Ao analisar o caso, o magistrado reconheceu que a Constitui\u00e7\u00e3o garante liberdade de express\u00e3o e veda censura, mas destacou que essa garantia n\u00e3o protege imputa\u00e7\u00f5es de crimes feitas sem qualquer evid\u00eancia. Para ele, o conte\u00fado divulgado ultrapassou os limites do debate pol\u00edtico e buscou atingir a honra pessoal do prefeito.<\/p>\n<p>\u201cN\u00e3o se trata de cr\u00edtica leg\u00edtima, mas de acusa\u00e7\u00f5es infundadas de pr\u00e1tica criminosa\u201d, afirmou o juiz. Ele refor\u00e7ou que agentes p\u00fablicos devem tolerar cr\u00edticas, mas a liberdade de manifesta\u00e7\u00e3o n\u00e3o \u00e9 absoluta quando se transforma em abuso.<\/p>\n<p>Diante disso, o magistrado concluiu que a imagem e a dignidade do prefeito foram atingidas de forma relevante, configurando dano moral e justificando a condena\u00e7\u00e3o ao pagamento da indeniza\u00e7\u00e3o.<\/p>\n<p>&nbsp;<\/p>\n<\/div>\n<div class=\"row\">\n<div class=\"col-md-12\"><img data-recalc-dims=\"1\" fetchpriority=\"high\" decoding=\"async\" class=\"alignnone size-medium wp-image-18695\" src=\"https:\/\/i0.wp.com\/blogdobispo.com.br\/wp-content\/uploads\/2025\/12\/candidato-830x468.jpg.webp?resize=300%2C169\" alt=\"\" width=\"300\" height=\"169\" srcset=\"https:\/\/i0.wp.com\/blogdobispo.com.br\/wp-content\/uploads\/2025\/12\/candidato-830x468.jpg.webp?resize=300%2C169&amp;ssl=1 300w, https:\/\/i0.wp.com\/blogdobispo.com.br\/wp-content\/uploads\/2025\/12\/candidato-830x468.jpg.webp?resize=768%2C433&amp;ssl=1 768w, https:\/\/i0.wp.com\/blogdobispo.com.br\/wp-content\/uploads\/2025\/12\/candidato-830x468.jpg.webp?w=830&amp;ssl=1 830w\" sizes=\"(max-width: 300px) 100vw, 300px\" \/><\/div>\n<\/div>\n","protected":false},"excerpt":{"rendered":"<p>A Justi\u00e7a estadual condenou um morador de\u00a0Tibau do Sul\u00a0a pagar R$ 5 mil em indeniza\u00e7\u00e3o por danos morais ao prefeito reeleito Valden\u00edcio Costa (PL). A decis\u00e3o, assinada pelo juiz Mark Clark Santiago Andrade, do Juizado Especial C\u00edvel, Criminal e da Fazenda P\u00fablica de Goianinha, responsabiliza o r\u00e9u por divulgar v\u00eddeos e \u00e1udios com acusa\u00e7\u00f5es falsas [&hellip;]<\/p>\n","protected":false},"author":1,"featured_media":18695,"comment_status":"open","ping_status":"open","sticky":false,"template":"","format":"standard","meta":{"cybocfi_hide_featured_image":"","_jetpack_memberships_contains_paid_content":false,"footnotes":""},"categories":[1],"tags":[],"class_list":["post-18694","post","type-post","status-publish","format-standard","has-post-thumbnail","hentry","category-diversos"],"yoast_head":"<!-- This site is optimized with the Yoast SEO plugin v25.6 - https:\/\/yoast.com\/wordpress\/plugins\/seo\/ -->\n<title>Candidato a vereador \u00e9 condenado por acusar prefeito de Tibau do Sul de lavagem de dinheiro - Blog do Bispo<\/title>\n<meta name=\"robots\" content=\"index, follow, max-snippet:-1, max-image-preview:large, max-video-preview:-1\" \/>\n<link rel=\"canonical\" href=\"https:\/\/blogdobispo.com.br\/?p=18694\" \/>\n<meta property=\"og:locale\" content=\"pt_BR\" \/>\n<meta property=\"og:type\" content=\"article\" \/>\n<meta property=\"og:title\" content=\"Candidato a vereador \u00e9 condenado por acusar prefeito de Tibau do Sul de lavagem de dinheiro - Blog do Bispo\" \/>\n<meta property=\"og:description\" content=\"A Justi\u00e7a estadual condenou um morador de\u00a0Tibau do Sul\u00a0a pagar R$ 5 mil em indeniza\u00e7\u00e3o por danos morais ao prefeito reeleito Valden\u00edcio Costa (PL). A decis\u00e3o, assinada pelo juiz Mark Clark Santiago Andrade, do Juizado Especial C\u00edvel, Criminal e da Fazenda P\u00fablica de Goianinha, responsabiliza o r\u00e9u por divulgar v\u00eddeos e \u00e1udios com acusa\u00e7\u00f5es falsas [&hellip;]\" \/>\n<meta property=\"og:url\" content=\"https:\/\/blogdobispo.com.br\/?p=18694\" \/>\n<meta property=\"og:site_name\" content=\"Blog do Bispo\" \/>\n<meta property=\"article:published_time\" content=\"2025-12-01T18:48:03+00:00\" \/>\n<meta property=\"og:image\" content=\"http:\/\/blogdobispo.com.br\/wp-content\/uploads\/2025\/12\/candidato-830x468.jpg.webp\" \/>\n\t<meta property=\"og:image:width\" content=\"830\" \/>\n\t<meta property=\"og:image:height\" content=\"468\" \/>\n\t<meta property=\"og:image:type\" content=\"image\/webp\" \/>\n<meta name=\"author\" content=\"Jefferson Sterfeno\" \/>\n<meta name=\"twitter:card\" content=\"summary_large_image\" \/>\n<meta name=\"twitter:label1\" content=\"Escrito por\" \/>\n\t<meta name=\"twitter:data1\" content=\"Jefferson Sterfeno\" \/>\n\t<meta name=\"twitter:label2\" content=\"Est. tempo de leitura\" \/>\n\t<meta name=\"twitter:data2\" content=\"2 minutos\" \/>\n<script type=\"application\/ld+json\" class=\"yoast-schema-graph\">{\"@context\":\"https:\/\/schema.org\",\"@graph\":[{\"@type\":\"Article\",\"@id\":\"https:\/\/blogdobispo.com.br\/?p=18694#article\",\"isPartOf\":{\"@id\":\"https:\/\/blogdobispo.com.br\/?p=18694\"},\"author\":{\"name\":\"Jefferson Sterfeno\",\"@id\":\"https:\/\/blogdobispo.com.br\/#\/schema\/person\/e2209cc0e6cea5c5233d033e997b373f\"},\"headline\":\"Candidato a vereador \u00e9 condenado por acusar prefeito de Tibau do Sul de lavagem de dinheiro\",\"datePublished\":\"2025-12-01T18:48:03+00:00\",\"mainEntityOfPage\":{\"@id\":\"https:\/\/blogdobispo.com.br\/?p=18694\"},\"wordCount\":296,\"commentCount\":0,\"publisher\":{\"@id\":\"https:\/\/blogdobispo.com.br\/#organization\"},\"image\":{\"@id\":\"https:\/\/blogdobispo.com.br\/?p=18694#primaryimage\"},\"thumbnailUrl\":\"https:\/\/i0.wp.com\/blogdobispo.com.br\/wp-content\/uploads\/2025\/12\/candidato-830x468.jpg.webp?fit=830%2C468&ssl=1\",\"articleSection\":[\"diversos\"],\"inLanguage\":\"pt-BR\",\"potentialAction\":[{\"@type\":\"CommentAction\",\"name\":\"Comment\",\"target\":[\"https:\/\/blogdobispo.com.br\/?p=18694#respond\"]}]},{\"@type\":\"WebPage\",\"@id\":\"https:\/\/blogdobispo.com.br\/?p=18694\",\"url\":\"https:\/\/blogdobispo.com.br\/?p=18694\",\"name\":\"Candidato a vereador \u00e9 condenado por acusar prefeito de Tibau do Sul de lavagem de dinheiro - Blog do Bispo\",\"isPartOf\":{\"@id\":\"https:\/\/blogdobispo.com.br\/#website\"},\"primaryImageOfPage\":{\"@id\":\"https:\/\/blogdobispo.com.br\/?p=18694#primaryimage\"},\"image\":{\"@id\":\"https:\/\/blogdobispo.com.br\/?p=18694#primaryimage\"},\"thumbnailUrl\":\"https:\/\/i0.wp.com\/blogdobispo.com.br\/wp-content\/uploads\/2025\/12\/candidato-830x468.jpg.webp?fit=830%2C468&ssl=1\",\"datePublished\":\"2025-12-01T18:48:03+00:00\",\"breadcrumb\":{\"@id\":\"https:\/\/blogdobispo.com.br\/?p=18694#breadcrumb\"},\"inLanguage\":\"pt-BR\",\"potentialAction\":[{\"@type\":\"ReadAction\",\"target\":[\"https:\/\/blogdobispo.com.br\/?p=18694\"]}]},{\"@type\":\"ImageObject\",\"inLanguage\":\"pt-BR\",\"@id\":\"https:\/\/blogdobispo.com.br\/?p=18694#primaryimage\",\"url\":\"https:\/\/i0.wp.com\/blogdobispo.com.br\/wp-content\/uploads\/2025\/12\/candidato-830x468.jpg.webp?fit=830%2C468&ssl=1\",\"contentUrl\":\"https:\/\/i0.wp.com\/blogdobispo.com.br\/wp-content\/uploads\/2025\/12\/candidato-830x468.jpg.webp?fit=830%2C468&ssl=1\",\"width\":830,\"height\":468},{\"@type\":\"BreadcrumbList\",\"@id\":\"https:\/\/blogdobispo.com.br\/?p=18694#breadcrumb\",\"itemListElement\":[{\"@type\":\"ListItem\",\"position\":1,\"name\":\"In\u00edcio\",\"item\":\"https:\/\/blogdobispo.com.br\/\"},{\"@type\":\"ListItem\",\"position\":2,\"name\":\"Candidato a vereador \u00e9 condenado por acusar prefeito de Tibau do Sul de lavagem de dinheiro\"}]},{\"@type\":\"WebSite\",\"@id\":\"https:\/\/blogdobispo.com.br\/#website\",\"url\":\"https:\/\/blogdobispo.com.br\/\",\"name\":\"Blog do Bispo\",\"description\":\"Comprometido apenas com o leitor\",\"publisher\":{\"@id\":\"https:\/\/blogdobispo.com.br\/#organization\"},\"potentialAction\":[{\"@type\":\"SearchAction\",\"target\":{\"@type\":\"EntryPoint\",\"urlTemplate\":\"https:\/\/blogdobispo.com.br\/?s={search_term_string}\"},\"query-input\":{\"@type\":\"PropertyValueSpecification\",\"valueRequired\":true,\"valueName\":\"search_term_string\"}}],\"inLanguage\":\"pt-BR\"},{\"@type\":\"Organization\",\"@id\":\"https:\/\/blogdobispo.com.br\/#organization\",\"name\":\"Blog do Bispo\",\"url\":\"https:\/\/blogdobispo.com.br\/\",\"logo\":{\"@type\":\"ImageObject\",\"inLanguage\":\"pt-BR\",\"@id\":\"https:\/\/blogdobispo.com.br\/#\/schema\/logo\/image\/\",\"url\":\"http:\/\/blogdobispo.com.br\/wp-content\/uploads\/2023\/05\/cropped-headear.png\",\"contentUrl\":\"http:\/\/blogdobispo.com.br\/wp-content\/uploads\/2023\/05\/cropped-headear.png\",\"width\":1500,\"height\":399,\"caption\":\"Blog do Bispo\"},\"image\":{\"@id\":\"https:\/\/blogdobispo.com.br\/#\/schema\/logo\/image\/\"}},{\"@type\":\"Person\",\"@id\":\"https:\/\/blogdobispo.com.br\/#\/schema\/person\/e2209cc0e6cea5c5233d033e997b373f\",\"name\":\"Jefferson Sterfeno\",\"image\":{\"@type\":\"ImageObject\",\"inLanguage\":\"pt-BR\",\"@id\":\"https:\/\/blogdobispo.com.br\/#\/schema\/person\/image\/\",\"url\":\"https:\/\/secure.gravatar.com\/avatar\/0534e84764641168a677026b6d57a3f51dc7ac4db0b4f6186d9cb330d4ee1160?s=96&d=mm&r=g\",\"contentUrl\":\"https:\/\/secure.gravatar.com\/avatar\/0534e84764641168a677026b6d57a3f51dc7ac4db0b4f6186d9cb330d4ee1160?s=96&d=mm&r=g\",\"caption\":\"Jefferson Sterfeno\"},\"sameAs\":[\"http:\/\/blogdobispo.com.br\"],\"url\":\"https:\/\/blogdobispo.com.br\/?author=1\"}]}<\/script>\n<!-- \/ Yoast SEO plugin. -->","yoast_head_json":{"title":"Candidato a vereador \u00e9 condenado por acusar prefeito de Tibau do Sul de lavagem de dinheiro - Blog do Bispo","robots":{"index":"index","follow":"follow","max-snippet":"max-snippet:-1","max-image-preview":"max-image-preview:large","max-video-preview":"max-video-preview:-1"},"canonical":"https:\/\/blogdobispo.com.br\/?p=18694","og_locale":"pt_BR","og_type":"article","og_title":"Candidato a vereador \u00e9 condenado por acusar prefeito de Tibau do Sul de lavagem de dinheiro - Blog do Bispo","og_description":"A Justi\u00e7a estadual condenou um morador de\u00a0Tibau do Sul\u00a0a pagar R$ 5 mil em indeniza\u00e7\u00e3o por danos morais ao prefeito reeleito Valden\u00edcio Costa (PL). A decis\u00e3o, assinada pelo juiz Mark Clark Santiago Andrade, do Juizado Especial C\u00edvel, Criminal e da Fazenda P\u00fablica de Goianinha, responsabiliza o r\u00e9u por divulgar v\u00eddeos e \u00e1udios com acusa\u00e7\u00f5es falsas [&hellip;]","og_url":"https:\/\/blogdobispo.com.br\/?p=18694","og_site_name":"Blog do Bispo","article_published_time":"2025-12-01T18:48:03+00:00","og_image":[{"width":830,"height":468,"url":"http:\/\/blogdobispo.com.br\/wp-content\/uploads\/2025\/12\/candidato-830x468.jpg.webp","type":"image\/webp"}],"author":"Jefferson Sterfeno","twitter_card":"summary_large_image","twitter_misc":{"Escrito por":"Jefferson Sterfeno","Est. tempo de leitura":"2 minutos"},"schema":{"@context":"https:\/\/schema.org","@graph":[{"@type":"Article","@id":"https:\/\/blogdobispo.com.br\/?p=18694#article","isPartOf":{"@id":"https:\/\/blogdobispo.com.br\/?p=18694"},"author":{"name":"Jefferson Sterfeno","@id":"https:\/\/blogdobispo.com.br\/#\/schema\/person\/e2209cc0e6cea5c5233d033e997b373f"},"headline":"Candidato a vereador \u00e9 condenado por acusar prefeito de Tibau do Sul de lavagem de dinheiro","datePublished":"2025-12-01T18:48:03+00:00","mainEntityOfPage":{"@id":"https:\/\/blogdobispo.com.br\/?p=18694"},"wordCount":296,"commentCount":0,"publisher":{"@id":"https:\/\/blogdobispo.com.br\/#organization"},"image":{"@id":"https:\/\/blogdobispo.com.br\/?p=18694#primaryimage"},"thumbnailUrl":"https:\/\/i0.wp.com\/blogdobispo.com.br\/wp-content\/uploads\/2025\/12\/candidato-830x468.jpg.webp?fit=830%2C468&ssl=1","articleSection":["diversos"],"inLanguage":"pt-BR","potentialAction":[{"@type":"CommentAction","name":"Comment","target":["https:\/\/blogdobispo.com.br\/?p=18694#respond"]}]},{"@type":"WebPage","@id":"https:\/\/blogdobispo.com.br\/?p=18694","url":"https:\/\/blogdobispo.com.br\/?p=18694","name":"Candidato a vereador \u00e9 condenado por acusar prefeito de Tibau do Sul de lavagem de dinheiro - Blog do Bispo","isPartOf":{"@id":"https:\/\/blogdobispo.com.br\/#website"},"primaryImageOfPage":{"@id":"https:\/\/blogdobispo.com.br\/?p=18694#primaryimage"},"image":{"@id":"https:\/\/blogdobispo.com.br\/?p=18694#primaryimage"},"thumbnailUrl":"https:\/\/i0.wp.com\/blogdobispo.com.br\/wp-content\/uploads\/2025\/12\/candidato-830x468.jpg.webp?fit=830%2C468&ssl=1","datePublished":"2025-12-01T18:48:03+00:00","breadcrumb":{"@id":"https:\/\/blogdobispo.com.br\/?p=18694#breadcrumb"},"inLanguage":"pt-BR","potentialAction":[{"@type":"ReadAction","target":["https:\/\/blogdobispo.com.br\/?p=18694"]}]},{"@type":"ImageObject","inLanguage":"pt-BR","@id":"https:\/\/blogdobispo.com.br\/?p=18694#primaryimage","url":"https:\/\/i0.wp.com\/blogdobispo.com.br\/wp-content\/uploads\/2025\/12\/candidato-830x468.jpg.webp?fit=830%2C468&ssl=1","contentUrl":"https:\/\/i0.wp.com\/blogdobispo.com.br\/wp-content\/uploads\/2025\/12\/candidato-830x468.jpg.webp?fit=830%2C468&ssl=1","width":830,"height":468},{"@type":"BreadcrumbList","@id":"https:\/\/blogdobispo.com.br\/?p=18694#breadcrumb","itemListElement":[{"@type":"ListItem","position":1,"name":"In\u00edcio","item":"https:\/\/blogdobispo.com.br\/"},{"@type":"ListItem","position":2,"name":"Candidato a vereador \u00e9 condenado por acusar prefeito de Tibau do Sul de lavagem de dinheiro"}]},{"@type":"WebSite","@id":"https:\/\/blogdobispo.com.br\/#website","url":"https:\/\/blogdobispo.com.br\/","name":"Blog do Bispo","description":"Comprometido apenas com o leitor","publisher":{"@id":"https:\/\/blogdobispo.com.br\/#organization"},"potentialAction":[{"@type":"SearchAction","target":{"@type":"EntryPoint","urlTemplate":"https:\/\/blogdobispo.com.br\/?s={search_term_string}"},"query-input":{"@type":"PropertyValueSpecification","valueRequired":true,"valueName":"search_term_string"}}],"inLanguage":"pt-BR"},{"@type":"Organization","@id":"https:\/\/blogdobispo.com.br\/#organization","name":"Blog do Bispo","url":"https:\/\/blogdobispo.com.br\/","logo":{"@type":"ImageObject","inLanguage":"pt-BR","@id":"https:\/\/blogdobispo.com.br\/#\/schema\/logo\/image\/","url":"http:\/\/blogdobispo.com.br\/wp-content\/uploads\/2023\/05\/cropped-headear.png","contentUrl":"http:\/\/blogdobispo.com.br\/wp-content\/uploads\/2023\/05\/cropped-headear.png","width":1500,"height":399,"caption":"Blog do Bispo"},"image":{"@id":"https:\/\/blogdobispo.com.br\/#\/schema\/logo\/image\/"}},{"@type":"Person","@id":"https:\/\/blogdobispo.com.br\/#\/schema\/person\/e2209cc0e6cea5c5233d033e997b373f","name":"Jefferson Sterfeno","image":{"@type":"ImageObject","inLanguage":"pt-BR","@id":"https:\/\/blogdobispo.com.br\/#\/schema\/person\/image\/","url":"https:\/\/secure.gravatar.com\/avatar\/0534e84764641168a677026b6d57a3f51dc7ac4db0b4f6186d9cb330d4ee1160?s=96&d=mm&r=g","contentUrl":"https:\/\/secure.gravatar.com\/avatar\/0534e84764641168a677026b6d57a3f51dc7ac4db0b4f6186d9cb330d4ee1160?s=96&d=mm&r=g","caption":"Jefferson Sterfeno"},"sameAs":["http:\/\/blogdobispo.com.br"],"url":"https:\/\/blogdobispo.com.br\/?author=1"}]}},"featured_image_urls":{"full":["https:\/\/i0.wp.com\/blogdobispo.com.br\/wp-content\/uploads\/2025\/12\/candidato-830x468.jpg.webp?fit=830%2C468&ssl=1",830,468,false],"thumbnail":["https:\/\/i0.wp.com\/blogdobispo.com.br\/wp-content\/uploads\/2025\/12\/candidato-830x468.jpg.webp?resize=150%2C150&ssl=1",150,150,true],"medium":["https:\/\/i0.wp.com\/blogdobispo.com.br\/wp-content\/uploads\/2025\/12\/candidato-830x468.jpg.webp?fit=300%2C169&ssl=1",300,169,true],"medium_large":["https:\/\/i0.wp.com\/blogdobispo.com.br\/wp-content\/uploads\/2025\/12\/candidato-830x468.jpg.webp?fit=768%2C433&ssl=1",768,433,true],"large":["https:\/\/i0.wp.com\/blogdobispo.com.br\/wp-content\/uploads\/2025\/12\/candidato-830x468.jpg.webp?fit=800%2C451&ssl=1",800,451,true],"1536x1536":["https:\/\/i0.wp.com\/blogdobispo.com.br\/wp-content\/uploads\/2025\/12\/candidato-830x468.jpg.webp?fit=830%2C468&ssl=1",830,468,true],"2048x2048":["https:\/\/i0.wp.com\/blogdobispo.com.br\/wp-content\/uploads\/2025\/12\/candidato-830x468.jpg.webp?fit=830%2C468&ssl=1",830,468,true]},"author_info":{"display_name":"Jefferson Sterfeno","author_link":"https:\/\/blogdobispo.com.br\/?author=1"},"category_info":"<a href=\"https:\/\/blogdobispo.com.br\/?cat=1\" rel=\"category\">diversos<\/a>","tag_info":"diversos","comment_count":"0","jetpack_featured_media_url":"https:\/\/i0.wp.com\/blogdobispo.com.br\/wp-content\/uploads\/2025\/12\/candidato-830x468.jpg.webp?fit=830%2C468&ssl=1","jetpack_sharing_enabled":true,"_links":{"self":[{"href":"https:\/\/blogdobispo.com.br\/index.php?rest_route=\/wp\/v2\/posts\/18694","targetHints":{"allow":["GET"]}}],"collection":[{"href":"https:\/\/blogdobispo.com.br\/index.php?rest_route=\/wp\/v2\/posts"}],"about":[{"href":"https:\/\/blogdobispo.com.br\/index.php?rest_route=\/wp\/v2\/types\/post"}],"author":[{"embeddable":true,"href":"https:\/\/blogdobispo.com.br\/index.php?rest_route=\/wp\/v2\/users\/1"}],"replies":[{"embeddable":true,"href":"https:\/\/blogdobispo.com.br\/index.php?rest_route=%2Fwp%2Fv2%2Fcomments&post=18694"}],"version-history":[{"count":1,"href":"https:\/\/blogdobispo.com.br\/index.php?rest_route=\/wp\/v2\/posts\/18694\/revisions"}],"predecessor-version":[{"id":18696,"href":"https:\/\/blogdobispo.com.br\/index.php?rest_route=\/wp\/v2\/posts\/18694\/revisions\/18696"}],"wp:featuredmedia":[{"embeddable":true,"href":"https:\/\/blogdobispo.com.br\/index.php?rest_route=\/wp\/v2\/media\/18695"}],"wp:attachment":[{"href":"https:\/\/blogdobispo.com.br\/index.php?rest_route=%2Fwp%2Fv2%2Fmedia&parent=18694"}],"wp:term":[{"taxonomy":"category","embeddable":true,"href":"https:\/\/blogdobispo.com.br\/index.php?rest_route=%2Fwp%2Fv2%2Fcategories&post=18694"},{"taxonomy":"post_tag","embeddable":true,"href":"https:\/\/blogdobispo.com.br\/index.php?rest_route=%2Fwp%2Fv2%2Ftags&post=18694"}],"curies":[{"name":"wp","href":"https:\/\/api.w.org\/{rel}","templated":true}]}}