{"id":18691,"date":"2025-12-01T18:41:22","date_gmt":"2025-12-01T18:41:22","guid":{"rendered":"https:\/\/blogdobispo.com.br\/?p=18691"},"modified":"2026-02-02T17:05:16","modified_gmt":"2026-02-02T17:05:16","slug":"assembleia-legislativa-do-rn-homenageia-desportistas-potiguares-em-sessao-solene","status":"publish","type":"post","link":"https:\/\/blogdobispo.com.br\/?p=18691","title":{"rendered":"Assembleia Legislativa do RN homenageia desportistas potiguares em sess\u00e3o solene"},"content":{"rendered":"<p>A Assembleia Legislativa do Rio Grande do Norte realizou na manh\u00e3 desta segunda-feira, 1\u00ba de dezembro, sess\u00e3o solene em homenagem aos desportistas potiguares. A cerim\u00f4nia, proposta pelo deputado Ubaldo Fernandes (PSDB) em coautoria com o deputado Hermano Morais (PV), reuniu atletas, representantes de projetos esportivos e institui\u00e7\u00f5es que t\u00eam contribu\u00eddo para o fortalecimento do esporte no estado.<\/p>\n<p>Ubaldo Fernandes destacou o simbolismo da homenagem. \u2018Esse momento celebra homens, mulheres e adolescentes que, por meio de suas trajet\u00f3rias, expressam coragem, simplicidade, resist\u00eancia e grandeza. O parlamentar afirmou que os homenageados representam mais do que conquistas e medalhas. Para ele, o esporte \u00e9 pressuposto de cidadania, ponte de inclus\u00e3o e s\u00edmbolo vivo de supera\u00e7\u00e3o. Disse ainda que cada nome reconhecido reafirma que o esporte transforma vidas e projeta o Rio Grande do Norte com amor, entrega e verdade.<\/p>\n<p>Foram homenageados a Associa\u00e7\u00e3o Agapto de Artes Marciais, de Tangar\u00e1, a Associa\u00e7\u00e3o Desportiva e Cultural Escolinha de Futebol do Ninha, de Currais Novos, o atleta de jiu-jitsu Cl\u00e1udio Oliveira Paula Neto, o atleta e empres\u00e1rio Jos\u00e9 Aldair dos Santos, o Mestre Juarez Alves Gomes (karat\u00ea), a atleta paral\u00edmpica Maria Clara Augusto da Silva, a atleta e treinadora Maria Heloise dos Santos Bezerra (karat\u00ea), o Maruim Futebol Clube, o Movimento 90 e a atleta de jiu-jitsu Rebeca Pitbull.<\/p>\n<p>Representando os homenageados, Jos\u00e9 Aldair dos Santos refor\u00e7ou o papel social do esporte. Ele afirmou que a pr\u00e1tica esportiva ensina disciplina, respeito, supera\u00e7\u00e3o e trabalho coletivo, al\u00e9m de afastar jovens da viol\u00eancia e das drogas. Destacou ainda que o esporte movimenta a economia e leva o nome do estado para al\u00e9m das fronteiras. Em seu discurso, lembrou que o reconhecimento inclui n\u00e3o apenas os atletas que chegam ao p\u00f3dio, mas tamb\u00e9m aqueles que treinam em quadras simples, associa\u00e7\u00f5es e projetos comunit\u00e1rios, al\u00e9m dos professores, treinadores e familiares que sustentam esse esfor\u00e7o. Para ele, investir em esporte \u00e9 investir em sa\u00fade, educa\u00e7\u00e3o e futuro.<\/p>\n<p>O deputado Hermano Morais (PV) tamb\u00e9m participou da sess\u00e3o e ressaltou a import\u00e2ncia de valorizar pessoas e projetos que dedicam a vida ao esporte. Ele afirmou que, como presidente do Am\u00e9rica, conhece de perto as dificuldades enfrentadas por quem atua na \u00e1rea e destacou que investir no esporte \u00e9 fortalecer cidadania, sa\u00fade e transforma\u00e7\u00e3o social.<img data-recalc-dims=\"1\" fetchpriority=\"high\" decoding=\"async\" src=\"https:\/\/i0.wp.com\/blogdobispo.com.br\/wp-content\/uploads\/2025\/12\/HiEoEK6OY3mpvbOyot4E42JySChyIxheRV0tf1iT.jpg?resize=300%2C200\" class=\"alignnone size-medium wp-image-18692\" width=\"300\" height=\"200\" alt=\"\" srcset=\"https:\/\/i0.wp.com\/blogdobispo.com.br\/wp-content\/uploads\/2025\/12\/HiEoEK6OY3mpvbOyot4E42JySChyIxheRV0tf1iT-scaled.jpg?resize=300%2C200&amp;ssl=1 300w, https:\/\/i0.wp.com\/blogdobispo.com.br\/wp-content\/uploads\/2025\/12\/HiEoEK6OY3mpvbOyot4E42JySChyIxheRV0tf1iT-scaled.jpg?resize=1024%2C681&amp;ssl=1 1024w, https:\/\/i0.wp.com\/blogdobispo.com.br\/wp-content\/uploads\/2025\/12\/HiEoEK6OY3mpvbOyot4E42JySChyIxheRV0tf1iT-scaled.jpg?resize=768%2C511&amp;ssl=1 768w, https:\/\/i0.wp.com\/blogdobispo.com.br\/wp-content\/uploads\/2025\/12\/HiEoEK6OY3mpvbOyot4E42JySChyIxheRV0tf1iT-scaled.jpg?resize=1536%2C1022&amp;ssl=1 1536w, https:\/\/i0.wp.com\/blogdobispo.com.br\/wp-content\/uploads\/2025\/12\/HiEoEK6OY3mpvbOyot4E42JySChyIxheRV0tf1iT-scaled.jpg?resize=2048%2C1363&amp;ssl=1 2048w, https:\/\/i0.wp.com\/blogdobispo.com.br\/wp-content\/uploads\/2025\/12\/HiEoEK6OY3mpvbOyot4E42JySChyIxheRV0tf1iT-scaled.jpg?w=1600 1600w, https:\/\/i0.wp.com\/blogdobispo.com.br\/wp-content\/uploads\/2025\/12\/HiEoEK6OY3mpvbOyot4E42JySChyIxheRV0tf1iT-scaled.jpg?w=2400 2400w\" sizes=\"(max-width: 300px) 100vw, 300px\" \/><\/p>\n","protected":false},"excerpt":{"rendered":"<p>A Assembleia Legislativa do Rio Grande do Norte realizou na manh\u00e3 desta segunda-feira, 1\u00ba de dezembro, sess\u00e3o solene em homenagem aos desportistas potiguares. A cerim\u00f4nia, proposta pelo deputado Ubaldo Fernandes (PSDB) em coautoria com o deputado Hermano Morais (PV), reuniu atletas, representantes de projetos esportivos e institui\u00e7\u00f5es que t\u00eam contribu\u00eddo para o fortalecimento do esporte [&hellip;]<\/p>\n","protected":false},"author":1,"featured_media":18692,"comment_status":"open","ping_status":"open","sticky":false,"template":"","format":"standard","meta":{"cybocfi_hide_featured_image":"","_jetpack_memberships_contains_paid_content":false,"footnotes":""},"categories":[1],"tags":[],"class_list":["post-18691","post","type-post","status-publish","format-standard","has-post-thumbnail","hentry","category-diversos"],"yoast_head":"<!-- This site is optimized with the Yoast SEO plugin v25.6 - https:\/\/yoast.com\/wordpress\/plugins\/seo\/ -->\n<title>Assembleia Legislativa do RN homenageia desportistas potiguares em sess\u00e3o solene - Blog do Bispo<\/title>\n<meta name=\"robots\" content=\"index, follow, max-snippet:-1, max-image-preview:large, max-video-preview:-1\" \/>\n<link rel=\"canonical\" href=\"https:\/\/blogdobispo.com.br\/?p=18691\" \/>\n<meta property=\"og:locale\" content=\"pt_BR\" \/>\n<meta property=\"og:type\" content=\"article\" \/>\n<meta property=\"og:title\" content=\"Assembleia Legislativa do RN homenageia desportistas potiguares em sess\u00e3o solene - Blog do Bispo\" \/>\n<meta property=\"og:description\" content=\"A Assembleia Legislativa do Rio Grande do Norte realizou na manh\u00e3 desta segunda-feira, 1\u00ba de dezembro, sess\u00e3o solene em homenagem aos desportistas potiguares. A cerim\u00f4nia, proposta pelo deputado Ubaldo Fernandes (PSDB) em coautoria com o deputado Hermano Morais (PV), reuniu atletas, representantes de projetos esportivos e institui\u00e7\u00f5es que t\u00eam contribu\u00eddo para o fortalecimento do esporte [&hellip;]\" \/>\n<meta property=\"og:url\" content=\"https:\/\/blogdobispo.com.br\/?p=18691\" \/>\n<meta property=\"og:site_name\" content=\"Blog do Bispo\" \/>\n<meta property=\"article:published_time\" content=\"2025-12-01T18:41:22+00:00\" \/>\n<meta property=\"article:modified_time\" content=\"2026-02-02T17:05:16+00:00\" \/>\n<meta property=\"og:image\" content=\"https:\/\/i0.wp.com\/blogdobispo.com.br\/wp-content\/uploads\/2025\/12\/HiEoEK6OY3mpvbOyot4E42JySChyIxheRV0tf1iT-scaled.jpg?fit=2560%2C1703&ssl=1\" \/>\n\t<meta property=\"og:image:width\" content=\"2560\" \/>\n\t<meta property=\"og:image:height\" content=\"1703\" \/>\n\t<meta property=\"og:image:type\" content=\"image\/jpeg\" \/>\n<meta name=\"author\" content=\"Jefferson Sterfeno\" \/>\n<meta name=\"twitter:card\" content=\"summary_large_image\" \/>\n<meta name=\"twitter:label1\" content=\"Escrito por\" \/>\n\t<meta name=\"twitter:data1\" content=\"Jefferson Sterfeno\" \/>\n\t<meta name=\"twitter:label2\" content=\"Est. tempo de leitura\" \/>\n\t<meta name=\"twitter:data2\" content=\"3 minutos\" \/>\n<script type=\"application\/ld+json\" class=\"yoast-schema-graph\">{\"@context\":\"https:\/\/schema.org\",\"@graph\":[{\"@type\":\"Article\",\"@id\":\"https:\/\/blogdobispo.com.br\/?p=18691#article\",\"isPartOf\":{\"@id\":\"https:\/\/blogdobispo.com.br\/?p=18691\"},\"author\":{\"name\":\"Jefferson Sterfeno\",\"@id\":\"https:\/\/blogdobispo.com.br\/#\/schema\/person\/e2209cc0e6cea5c5233d033e997b373f\"},\"headline\":\"Assembleia Legislativa do RN homenageia desportistas potiguares em sess\u00e3o solene\",\"datePublished\":\"2025-12-01T18:41:22+00:00\",\"dateModified\":\"2026-02-02T17:05:16+00:00\",\"mainEntityOfPage\":{\"@id\":\"https:\/\/blogdobispo.com.br\/?p=18691\"},\"wordCount\":413,\"commentCount\":0,\"publisher\":{\"@id\":\"https:\/\/blogdobispo.com.br\/#organization\"},\"image\":{\"@id\":\"https:\/\/blogdobispo.com.br\/?p=18691#primaryimage\"},\"thumbnailUrl\":\"https:\/\/i0.wp.com\/blogdobispo.com.br\/wp-content\/uploads\/2025\/12\/HiEoEK6OY3mpvbOyot4E42JySChyIxheRV0tf1iT-scaled.jpg?fit=2560%2C1703&ssl=1\",\"articleSection\":[\"diversos\"],\"inLanguage\":\"pt-BR\",\"potentialAction\":[{\"@type\":\"CommentAction\",\"name\":\"Comment\",\"target\":[\"https:\/\/blogdobispo.com.br\/?p=18691#respond\"]}]},{\"@type\":\"WebPage\",\"@id\":\"https:\/\/blogdobispo.com.br\/?p=18691\",\"url\":\"https:\/\/blogdobispo.com.br\/?p=18691\",\"name\":\"Assembleia Legislativa do RN homenageia desportistas potiguares em sess\u00e3o solene - Blog do Bispo\",\"isPartOf\":{\"@id\":\"https:\/\/blogdobispo.com.br\/#website\"},\"primaryImageOfPage\":{\"@id\":\"https:\/\/blogdobispo.com.br\/?p=18691#primaryimage\"},\"image\":{\"@id\":\"https:\/\/blogdobispo.com.br\/?p=18691#primaryimage\"},\"thumbnailUrl\":\"https:\/\/i0.wp.com\/blogdobispo.com.br\/wp-content\/uploads\/2025\/12\/HiEoEK6OY3mpvbOyot4E42JySChyIxheRV0tf1iT-scaled.jpg?fit=2560%2C1703&ssl=1\",\"datePublished\":\"2025-12-01T18:41:22+00:00\",\"dateModified\":\"2026-02-02T17:05:16+00:00\",\"breadcrumb\":{\"@id\":\"https:\/\/blogdobispo.com.br\/?p=18691#breadcrumb\"},\"inLanguage\":\"pt-BR\",\"potentialAction\":[{\"@type\":\"ReadAction\",\"target\":[\"https:\/\/blogdobispo.com.br\/?p=18691\"]}]},{\"@type\":\"ImageObject\",\"inLanguage\":\"pt-BR\",\"@id\":\"https:\/\/blogdobispo.com.br\/?p=18691#primaryimage\",\"url\":\"https:\/\/i0.wp.com\/blogdobispo.com.br\/wp-content\/uploads\/2025\/12\/HiEoEK6OY3mpvbOyot4E42JySChyIxheRV0tf1iT-scaled.jpg?fit=2560%2C1703&ssl=1\",\"contentUrl\":\"https:\/\/i0.wp.com\/blogdobispo.com.br\/wp-content\/uploads\/2025\/12\/HiEoEK6OY3mpvbOyot4E42JySChyIxheRV0tf1iT-scaled.jpg?fit=2560%2C1703&ssl=1\",\"width\":2560,\"height\":1703},{\"@type\":\"BreadcrumbList\",\"@id\":\"https:\/\/blogdobispo.com.br\/?p=18691#breadcrumb\",\"itemListElement\":[{\"@type\":\"ListItem\",\"position\":1,\"name\":\"In\u00edcio\",\"item\":\"https:\/\/blogdobispo.com.br\/\"},{\"@type\":\"ListItem\",\"position\":2,\"name\":\"Assembleia Legislativa do RN homenageia desportistas potiguares em sess\u00e3o solene\"}]},{\"@type\":\"WebSite\",\"@id\":\"https:\/\/blogdobispo.com.br\/#website\",\"url\":\"https:\/\/blogdobispo.com.br\/\",\"name\":\"Blog do Bispo\",\"description\":\"Comprometido apenas com o leitor\",\"publisher\":{\"@id\":\"https:\/\/blogdobispo.com.br\/#organization\"},\"potentialAction\":[{\"@type\":\"SearchAction\",\"target\":{\"@type\":\"EntryPoint\",\"urlTemplate\":\"https:\/\/blogdobispo.com.br\/?s={search_term_string}\"},\"query-input\":{\"@type\":\"PropertyValueSpecification\",\"valueRequired\":true,\"valueName\":\"search_term_string\"}}],\"inLanguage\":\"pt-BR\"},{\"@type\":\"Organization\",\"@id\":\"https:\/\/blogdobispo.com.br\/#organization\",\"name\":\"Blog do Bispo\",\"url\":\"https:\/\/blogdobispo.com.br\/\",\"logo\":{\"@type\":\"ImageObject\",\"inLanguage\":\"pt-BR\",\"@id\":\"https:\/\/blogdobispo.com.br\/#\/schema\/logo\/image\/\",\"url\":\"http:\/\/blogdobispo.com.br\/wp-content\/uploads\/2023\/05\/cropped-headear.png\",\"contentUrl\":\"http:\/\/blogdobispo.com.br\/wp-content\/uploads\/2023\/05\/cropped-headear.png\",\"width\":1500,\"height\":399,\"caption\":\"Blog do Bispo\"},\"image\":{\"@id\":\"https:\/\/blogdobispo.com.br\/#\/schema\/logo\/image\/\"}},{\"@type\":\"Person\",\"@id\":\"https:\/\/blogdobispo.com.br\/#\/schema\/person\/e2209cc0e6cea5c5233d033e997b373f\",\"name\":\"Jefferson Sterfeno\",\"image\":{\"@type\":\"ImageObject\",\"inLanguage\":\"pt-BR\",\"@id\":\"https:\/\/blogdobispo.com.br\/#\/schema\/person\/image\/\",\"url\":\"https:\/\/secure.gravatar.com\/avatar\/0534e84764641168a677026b6d57a3f51dc7ac4db0b4f6186d9cb330d4ee1160?s=96&d=mm&r=g\",\"contentUrl\":\"https:\/\/secure.gravatar.com\/avatar\/0534e84764641168a677026b6d57a3f51dc7ac4db0b4f6186d9cb330d4ee1160?s=96&d=mm&r=g\",\"caption\":\"Jefferson Sterfeno\"},\"sameAs\":[\"http:\/\/blogdobispo.com.br\"],\"url\":\"https:\/\/blogdobispo.com.br\/?author=1\"}]}<\/script>\n<!-- \/ Yoast SEO plugin. -->","yoast_head_json":{"title":"Assembleia Legislativa do RN homenageia desportistas potiguares em sess\u00e3o solene - Blog do Bispo","robots":{"index":"index","follow":"follow","max-snippet":"max-snippet:-1","max-image-preview":"max-image-preview:large","max-video-preview":"max-video-preview:-1"},"canonical":"https:\/\/blogdobispo.com.br\/?p=18691","og_locale":"pt_BR","og_type":"article","og_title":"Assembleia Legislativa do RN homenageia desportistas potiguares em sess\u00e3o solene - Blog do Bispo","og_description":"A Assembleia Legislativa do Rio Grande do Norte realizou na manh\u00e3 desta segunda-feira, 1\u00ba de dezembro, sess\u00e3o solene em homenagem aos desportistas potiguares. A cerim\u00f4nia, proposta pelo deputado Ubaldo Fernandes (PSDB) em coautoria com o deputado Hermano Morais (PV), reuniu atletas, representantes de projetos esportivos e institui\u00e7\u00f5es que t\u00eam contribu\u00eddo para o fortalecimento do esporte [&hellip;]","og_url":"https:\/\/blogdobispo.com.br\/?p=18691","og_site_name":"Blog do Bispo","article_published_time":"2025-12-01T18:41:22+00:00","article_modified_time":"2026-02-02T17:05:16+00:00","og_image":[{"width":2560,"height":1703,"url":"https:\/\/i0.wp.com\/blogdobispo.com.br\/wp-content\/uploads\/2025\/12\/HiEoEK6OY3mpvbOyot4E42JySChyIxheRV0tf1iT-scaled.jpg?fit=2560%2C1703&ssl=1","type":"image\/jpeg"}],"author":"Jefferson Sterfeno","twitter_card":"summary_large_image","twitter_misc":{"Escrito por":"Jefferson Sterfeno","Est. tempo de leitura":"3 minutos"},"schema":{"@context":"https:\/\/schema.org","@graph":[{"@type":"Article","@id":"https:\/\/blogdobispo.com.br\/?p=18691#article","isPartOf":{"@id":"https:\/\/blogdobispo.com.br\/?p=18691"},"author":{"name":"Jefferson Sterfeno","@id":"https:\/\/blogdobispo.com.br\/#\/schema\/person\/e2209cc0e6cea5c5233d033e997b373f"},"headline":"Assembleia Legislativa do RN homenageia desportistas potiguares em sess\u00e3o solene","datePublished":"2025-12-01T18:41:22+00:00","dateModified":"2026-02-02T17:05:16+00:00","mainEntityOfPage":{"@id":"https:\/\/blogdobispo.com.br\/?p=18691"},"wordCount":413,"commentCount":0,"publisher":{"@id":"https:\/\/blogdobispo.com.br\/#organization"},"image":{"@id":"https:\/\/blogdobispo.com.br\/?p=18691#primaryimage"},"thumbnailUrl":"https:\/\/i0.wp.com\/blogdobispo.com.br\/wp-content\/uploads\/2025\/12\/HiEoEK6OY3mpvbOyot4E42JySChyIxheRV0tf1iT-scaled.jpg?fit=2560%2C1703&ssl=1","articleSection":["diversos"],"inLanguage":"pt-BR","potentialAction":[{"@type":"CommentAction","name":"Comment","target":["https:\/\/blogdobispo.com.br\/?p=18691#respond"]}]},{"@type":"WebPage","@id":"https:\/\/blogdobispo.com.br\/?p=18691","url":"https:\/\/blogdobispo.com.br\/?p=18691","name":"Assembleia Legislativa do RN homenageia desportistas potiguares em sess\u00e3o solene - Blog do Bispo","isPartOf":{"@id":"https:\/\/blogdobispo.com.br\/#website"},"primaryImageOfPage":{"@id":"https:\/\/blogdobispo.com.br\/?p=18691#primaryimage"},"image":{"@id":"https:\/\/blogdobispo.com.br\/?p=18691#primaryimage"},"thumbnailUrl":"https:\/\/i0.wp.com\/blogdobispo.com.br\/wp-content\/uploads\/2025\/12\/HiEoEK6OY3mpvbOyot4E42JySChyIxheRV0tf1iT-scaled.jpg?fit=2560%2C1703&ssl=1","datePublished":"2025-12-01T18:41:22+00:00","dateModified":"2026-02-02T17:05:16+00:00","breadcrumb":{"@id":"https:\/\/blogdobispo.com.br\/?p=18691#breadcrumb"},"inLanguage":"pt-BR","potentialAction":[{"@type":"ReadAction","target":["https:\/\/blogdobispo.com.br\/?p=18691"]}]},{"@type":"ImageObject","inLanguage":"pt-BR","@id":"https:\/\/blogdobispo.com.br\/?p=18691#primaryimage","url":"https:\/\/i0.wp.com\/blogdobispo.com.br\/wp-content\/uploads\/2025\/12\/HiEoEK6OY3mpvbOyot4E42JySChyIxheRV0tf1iT-scaled.jpg?fit=2560%2C1703&ssl=1","contentUrl":"https:\/\/i0.wp.com\/blogdobispo.com.br\/wp-content\/uploads\/2025\/12\/HiEoEK6OY3mpvbOyot4E42JySChyIxheRV0tf1iT-scaled.jpg?fit=2560%2C1703&ssl=1","width":2560,"height":1703},{"@type":"BreadcrumbList","@id":"https:\/\/blogdobispo.com.br\/?p=18691#breadcrumb","itemListElement":[{"@type":"ListItem","position":1,"name":"In\u00edcio","item":"https:\/\/blogdobispo.com.br\/"},{"@type":"ListItem","position":2,"name":"Assembleia Legislativa do RN homenageia desportistas potiguares em sess\u00e3o solene"}]},{"@type":"WebSite","@id":"https:\/\/blogdobispo.com.br\/#website","url":"https:\/\/blogdobispo.com.br\/","name":"Blog do Bispo","description":"Comprometido apenas com o leitor","publisher":{"@id":"https:\/\/blogdobispo.com.br\/#organization"},"potentialAction":[{"@type":"SearchAction","target":{"@type":"EntryPoint","urlTemplate":"https:\/\/blogdobispo.com.br\/?s={search_term_string}"},"query-input":{"@type":"PropertyValueSpecification","valueRequired":true,"valueName":"search_term_string"}}],"inLanguage":"pt-BR"},{"@type":"Organization","@id":"https:\/\/blogdobispo.com.br\/#organization","name":"Blog do Bispo","url":"https:\/\/blogdobispo.com.br\/","logo":{"@type":"ImageObject","inLanguage":"pt-BR","@id":"https:\/\/blogdobispo.com.br\/#\/schema\/logo\/image\/","url":"http:\/\/blogdobispo.com.br\/wp-content\/uploads\/2023\/05\/cropped-headear.png","contentUrl":"http:\/\/blogdobispo.com.br\/wp-content\/uploads\/2023\/05\/cropped-headear.png","width":1500,"height":399,"caption":"Blog do Bispo"},"image":{"@id":"https:\/\/blogdobispo.com.br\/#\/schema\/logo\/image\/"}},{"@type":"Person","@id":"https:\/\/blogdobispo.com.br\/#\/schema\/person\/e2209cc0e6cea5c5233d033e997b373f","name":"Jefferson Sterfeno","image":{"@type":"ImageObject","inLanguage":"pt-BR","@id":"https:\/\/blogdobispo.com.br\/#\/schema\/person\/image\/","url":"https:\/\/secure.gravatar.com\/avatar\/0534e84764641168a677026b6d57a3f51dc7ac4db0b4f6186d9cb330d4ee1160?s=96&d=mm&r=g","contentUrl":"https:\/\/secure.gravatar.com\/avatar\/0534e84764641168a677026b6d57a3f51dc7ac4db0b4f6186d9cb330d4ee1160?s=96&d=mm&r=g","caption":"Jefferson Sterfeno"},"sameAs":["http:\/\/blogdobispo.com.br"],"url":"https:\/\/blogdobispo.com.br\/?author=1"}]}},"featured_image_urls":{"full":["https:\/\/i0.wp.com\/blogdobispo.com.br\/wp-content\/uploads\/2025\/12\/HiEoEK6OY3mpvbOyot4E42JySChyIxheRV0tf1iT-scaled.jpg?fit=2560%2C1703&ssl=1",2560,1703,false],"thumbnail":["https:\/\/i0.wp.com\/blogdobispo.com.br\/wp-content\/uploads\/2025\/12\/HiEoEK6OY3mpvbOyot4E42JySChyIxheRV0tf1iT-scaled.jpg?resize=150%2C150&ssl=1",150,150,true],"medium":["https:\/\/i0.wp.com\/blogdobispo.com.br\/wp-content\/uploads\/2025\/12\/HiEoEK6OY3mpvbOyot4E42JySChyIxheRV0tf1iT-scaled.jpg?fit=300%2C200&ssl=1",300,200,true],"medium_large":["https:\/\/i0.wp.com\/blogdobispo.com.br\/wp-content\/uploads\/2025\/12\/HiEoEK6OY3mpvbOyot4E42JySChyIxheRV0tf1iT-scaled.jpg?fit=768%2C511&ssl=1",768,511,true],"large":["https:\/\/i0.wp.com\/blogdobispo.com.br\/wp-content\/uploads\/2025\/12\/HiEoEK6OY3mpvbOyot4E42JySChyIxheRV0tf1iT-scaled.jpg?fit=800%2C532&ssl=1",800,532,true],"1536x1536":["https:\/\/i0.wp.com\/blogdobispo.com.br\/wp-content\/uploads\/2025\/12\/HiEoEK6OY3mpvbOyot4E42JySChyIxheRV0tf1iT-scaled.jpg?fit=1536%2C1022&ssl=1",1536,1022,true],"2048x2048":["https:\/\/i0.wp.com\/blogdobispo.com.br\/wp-content\/uploads\/2025\/12\/HiEoEK6OY3mpvbOyot4E42JySChyIxheRV0tf1iT-scaled.jpg?fit=2048%2C1363&ssl=1",2048,1363,true]},"author_info":{"display_name":"Jefferson Sterfeno","author_link":"https:\/\/blogdobispo.com.br\/?author=1"},"category_info":"<a href=\"https:\/\/blogdobispo.com.br\/?cat=1\" rel=\"category\">diversos<\/a>","tag_info":"diversos","comment_count":"0","jetpack_featured_media_url":"https:\/\/i0.wp.com\/blogdobispo.com.br\/wp-content\/uploads\/2025\/12\/HiEoEK6OY3mpvbOyot4E42JySChyIxheRV0tf1iT-scaled.jpg?fit=2560%2C1703&ssl=1","jetpack_sharing_enabled":true,"_links":{"self":[{"href":"https:\/\/blogdobispo.com.br\/index.php?rest_route=\/wp\/v2\/posts\/18691","targetHints":{"allow":["GET"]}}],"collection":[{"href":"https:\/\/blogdobispo.com.br\/index.php?rest_route=\/wp\/v2\/posts"}],"about":[{"href":"https:\/\/blogdobispo.com.br\/index.php?rest_route=\/wp\/v2\/types\/post"}],"author":[{"embeddable":true,"href":"https:\/\/blogdobispo.com.br\/index.php?rest_route=\/wp\/v2\/users\/1"}],"replies":[{"embeddable":true,"href":"https:\/\/blogdobispo.com.br\/index.php?rest_route=%2Fwp%2Fv2%2Fcomments&post=18691"}],"version-history":[{"count":2,"href":"https:\/\/blogdobispo.com.br\/index.php?rest_route=\/wp\/v2\/posts\/18691\/revisions"}],"predecessor-version":[{"id":19074,"href":"https:\/\/blogdobispo.com.br\/index.php?rest_route=\/wp\/v2\/posts\/18691\/revisions\/19074"}],"wp:featuredmedia":[{"embeddable":true,"href":"https:\/\/blogdobispo.com.br\/index.php?rest_route=\/wp\/v2\/media\/18692"}],"wp:attachment":[{"href":"https:\/\/blogdobispo.com.br\/index.php?rest_route=%2Fwp%2Fv2%2Fmedia&parent=18691"}],"wp:term":[{"taxonomy":"category","embeddable":true,"href":"https:\/\/blogdobispo.com.br\/index.php?rest_route=%2Fwp%2Fv2%2Fcategories&post=18691"},{"taxonomy":"post_tag","embeddable":true,"href":"https:\/\/blogdobispo.com.br\/index.php?rest_route=%2Fwp%2Fv2%2Ftags&post=18691"}],"curies":[{"name":"wp","href":"https:\/\/api.w.org\/{rel}","templated":true}]}}