{"id":18689,"date":"2025-11-28T19:08:55","date_gmt":"2025-11-28T19:08:55","guid":{"rendered":"https:\/\/blogdobispo.com.br\/?p=18689"},"modified":"2025-11-28T19:08:55","modified_gmt":"2025-11-28T19:08:55","slug":"eriko-jacome-recebe-mocao-de-apoio-de-vereadores-apos-ataques-de-parlamentares-do-pt","status":"publish","type":"post","link":"https:\/\/blogdobispo.com.br\/?p=18689","title":{"rendered":"Eriko J\u00e1come recebe mo\u00e7\u00e3o de apoio de vereadores ap\u00f3s ataques de parlamentares do PT"},"content":{"rendered":"\n<figure class=\"wp-block-image size-large\"><img data-recalc-dims=\"1\" fetchpriority=\"high\" decoding=\"async\" width=\"800\" height=\"652\" src=\"https:\/\/i0.wp.com\/blogdobispo.com.br\/wp-content\/uploads\/2025\/11\/83de60a2-9081-4155-a5e9-ad15a17a2af4-1024x835.jpg?resize=800%2C652&#038;ssl=1\" class=\"wp-image-18687\" srcset=\"https:\/\/i0.wp.com\/blogdobispo.com.br\/wp-content\/uploads\/2025\/11\/83de60a2-9081-4155-a5e9-ad15a17a2af4.jpg?resize=1024%2C835&amp;ssl=1 1024w, https:\/\/i0.wp.com\/blogdobispo.com.br\/wp-content\/uploads\/2025\/11\/83de60a2-9081-4155-a5e9-ad15a17a2af4.jpg?resize=300%2C245&amp;ssl=1 300w, https:\/\/i0.wp.com\/blogdobispo.com.br\/wp-content\/uploads\/2025\/11\/83de60a2-9081-4155-a5e9-ad15a17a2af4.jpg?resize=768%2C626&amp;ssl=1 768w, https:\/\/i0.wp.com\/blogdobispo.com.br\/wp-content\/uploads\/2025\/11\/83de60a2-9081-4155-a5e9-ad15a17a2af4.jpg?resize=1536%2C1253&amp;ssl=1 1536w, https:\/\/i0.wp.com\/blogdobispo.com.br\/wp-content\/uploads\/2025\/11\/83de60a2-9081-4155-a5e9-ad15a17a2af4.jpg?w=1600&amp;ssl=1 1600w\" sizes=\"(max-width: 800px) 100vw, 800px\" \/><\/figure>\n\n\n\n<p><\/p>\n\n\n\n<p>A C\u00e2mara Municipal de Natal registrou, na manh\u00e3 desta quinta-feira (27), um gesto institucional em apoio ao presidente da Casa, vereador Eriko J\u00e1come (PP). A mo\u00e7\u00e3o, proposta pelo vereador Aldo Clemente, foi aprovada ap\u00f3s declara\u00e7\u00f5es da vereadora Samanda Alves (PT) durante a sess\u00e3o da \u00faltima quarta-feira (26), nas quais ela afirmou que o presidente teria conduzido apenas tr\u00eas sess\u00f5es plen\u00e1rias ao longo de 2025.<\/p>\n\n\n\n<p>Em sua fala, Eriko J\u00e1come agradeceu o apoio recebido e ressaltou o significado coletivo da manifesta\u00e7\u00e3o. \u201cReceber esta mo\u00e7\u00e3o aprovada pelos colegas parlamentares \u00e9 uma honra e um refor\u00e7o claro do compromisso desta Casa com o respeito institucional e com a integridade do trabalho legislativo. Desde cedo, recebi demonstra\u00e7\u00f5es de apoio de servidores e vereadores, e isso reafirma que estamos no caminho correto ao conduzir esta C\u00e2mara com seriedade e equil\u00edbrio&#8221;, disse.<\/p>\n\n\n\n<p>O presidente tamb\u00e9m tratou das tentativas de press\u00e3o e das amea\u00e7as feitas antes do in\u00edcio da sess\u00e3o, por parlamentares do PT, na sess\u00e3o anterior de abertura do processo de Matheus Faustino contra a vereadora Brisa. \u201cApesar das tentativas de intimida\u00e7\u00e3o pessoal por parte de alguns vereadores do PT, que buscaram constranger a Presid\u00eancia e pressionar decis\u00f5es que comprometessem a regularidade da sess\u00e3o e a transpar\u00eancia dos trabalhos, seguimos firmes no cumprimento do dever. A Presid\u00eancia desta Casa n\u00e3o se curva a interesses particulares nem aceita distor\u00e7\u00f5es que afrontem o bom funcionamento do Legislativo&#8221;, declarou.<\/p>\n\n\n\n<p>Eriko reafirmou que sua gest\u00e3o seguir\u00e1 pautada na legalidade e na igualdade entre os parlamentares. \u201cMeu compromisso permanece inabal\u00e1vel: garantir os direitos, a voz e o voto dos 29 vereadores, sem distin\u00e7\u00f5es ou favorecimentos. Aqui prevalecem a democracia, o respeito \u00e0s normas e o pleno funcionamento do Poder Legislativo Municipal&#8221;, concluiu.<\/p>\n","protected":false},"excerpt":{"rendered":"<p>A C\u00e2mara Municipal de Natal registrou, na manh\u00e3 desta quinta-feira (27), um gesto institucional em apoio ao presidente da Casa, vereador Eriko J\u00e1come (PP). A mo\u00e7\u00e3o, proposta pelo vereador Aldo Clemente, foi aprovada ap\u00f3s declara\u00e7\u00f5es da vereadora Samanda Alves (PT) durante a sess\u00e3o da \u00faltima quarta-feira (26), nas quais ela afirmou que o presidente teria [&hellip;]<\/p>\n","protected":false},"author":1,"featured_media":18688,"comment_status":"open","ping_status":"open","sticky":false,"template":"","format":"standard","meta":{"cybocfi_hide_featured_image":"","_jetpack_memberships_contains_paid_content":false,"footnotes":""},"categories":[1],"tags":[],"class_list":["post-18689","post","type-post","status-publish","format-standard","has-post-thumbnail","hentry","category-diversos"],"yoast_head":"<!-- This site is optimized with the Yoast SEO plugin v25.6 - https:\/\/yoast.com\/wordpress\/plugins\/seo\/ -->\n<title>Eriko J\u00e1come recebe mo\u00e7\u00e3o de apoio de vereadores ap\u00f3s ataques de parlamentares do PT - Blog do Bispo<\/title>\n<meta name=\"robots\" content=\"index, follow, max-snippet:-1, max-image-preview:large, max-video-preview:-1\" \/>\n<link rel=\"canonical\" href=\"https:\/\/blogdobispo.com.br\/?p=18689\" \/>\n<meta property=\"og:locale\" content=\"pt_BR\" \/>\n<meta property=\"og:type\" content=\"article\" \/>\n<meta property=\"og:title\" content=\"Eriko J\u00e1come recebe mo\u00e7\u00e3o de apoio de vereadores ap\u00f3s ataques de parlamentares do PT - Blog do Bispo\" \/>\n<meta property=\"og:description\" content=\"A C\u00e2mara Municipal de Natal registrou, na manh\u00e3 desta quinta-feira (27), um gesto institucional em apoio ao presidente da Casa, vereador Eriko J\u00e1come (PP). A mo\u00e7\u00e3o, proposta pelo vereador Aldo Clemente, foi aprovada ap\u00f3s declara\u00e7\u00f5es da vereadora Samanda Alves (PT) durante a sess\u00e3o da \u00faltima quarta-feira (26), nas quais ela afirmou que o presidente teria [&hellip;]\" \/>\n<meta property=\"og:url\" content=\"https:\/\/blogdobispo.com.br\/?p=18689\" \/>\n<meta property=\"og:site_name\" content=\"Blog do Bispo\" \/>\n<meta property=\"article:published_time\" content=\"2025-11-28T19:08:55+00:00\" \/>\n<meta property=\"og:image\" content=\"https:\/\/blogdobispo.com.br\/wp-content\/uploads\/2025\/11\/83de60a2-9081-4155-a5e9-ad15a17a2af4-1024x835.jpg\" \/>\n<meta name=\"author\" content=\"Jefferson Sterfeno\" \/>\n<meta name=\"twitter:card\" content=\"summary_large_image\" \/>\n<meta name=\"twitter:label1\" content=\"Escrito por\" \/>\n\t<meta name=\"twitter:data1\" content=\"Jefferson Sterfeno\" \/>\n\t<meta name=\"twitter:label2\" content=\"Est. tempo de leitura\" \/>\n\t<meta name=\"twitter:data2\" content=\"2 minutos\" \/>\n<script type=\"application\/ld+json\" class=\"yoast-schema-graph\">{\"@context\":\"https:\/\/schema.org\",\"@graph\":[{\"@type\":\"Article\",\"@id\":\"https:\/\/blogdobispo.com.br\/?p=18689#article\",\"isPartOf\":{\"@id\":\"https:\/\/blogdobispo.com.br\/?p=18689\"},\"author\":{\"name\":\"Jefferson Sterfeno\",\"@id\":\"https:\/\/blogdobispo.com.br\/#\/schema\/person\/e2209cc0e6cea5c5233d033e997b373f\"},\"headline\":\"Eriko J\u00e1come recebe mo\u00e7\u00e3o de apoio de vereadores ap\u00f3s ataques de parlamentares do PT\",\"datePublished\":\"2025-11-28T19:08:55+00:00\",\"mainEntityOfPage\":{\"@id\":\"https:\/\/blogdobispo.com.br\/?p=18689\"},\"wordCount\":326,\"commentCount\":0,\"publisher\":{\"@id\":\"https:\/\/blogdobispo.com.br\/#organization\"},\"image\":{\"@id\":\"https:\/\/blogdobispo.com.br\/?p=18689#primaryimage\"},\"thumbnailUrl\":\"https:\/\/i0.wp.com\/blogdobispo.com.br\/wp-content\/uploads\/2025\/11\/83de60a2-9081-4155-a5e9-ad15a17a2af4-1.jpg?fit=1600%2C1305&ssl=1\",\"articleSection\":[\"diversos\"],\"inLanguage\":\"pt-BR\",\"potentialAction\":[{\"@type\":\"CommentAction\",\"name\":\"Comment\",\"target\":[\"https:\/\/blogdobispo.com.br\/?p=18689#respond\"]}]},{\"@type\":\"WebPage\",\"@id\":\"https:\/\/blogdobispo.com.br\/?p=18689\",\"url\":\"https:\/\/blogdobispo.com.br\/?p=18689\",\"name\":\"Eriko J\u00e1come recebe mo\u00e7\u00e3o de apoio de vereadores ap\u00f3s ataques de parlamentares do PT - Blog do Bispo\",\"isPartOf\":{\"@id\":\"https:\/\/blogdobispo.com.br\/#website\"},\"primaryImageOfPage\":{\"@id\":\"https:\/\/blogdobispo.com.br\/?p=18689#primaryimage\"},\"image\":{\"@id\":\"https:\/\/blogdobispo.com.br\/?p=18689#primaryimage\"},\"thumbnailUrl\":\"https:\/\/i0.wp.com\/blogdobispo.com.br\/wp-content\/uploads\/2025\/11\/83de60a2-9081-4155-a5e9-ad15a17a2af4-1.jpg?fit=1600%2C1305&ssl=1\",\"datePublished\":\"2025-11-28T19:08:55+00:00\",\"breadcrumb\":{\"@id\":\"https:\/\/blogdobispo.com.br\/?p=18689#breadcrumb\"},\"inLanguage\":\"pt-BR\",\"potentialAction\":[{\"@type\":\"ReadAction\",\"target\":[\"https:\/\/blogdobispo.com.br\/?p=18689\"]}]},{\"@type\":\"ImageObject\",\"inLanguage\":\"pt-BR\",\"@id\":\"https:\/\/blogdobispo.com.br\/?p=18689#primaryimage\",\"url\":\"https:\/\/i0.wp.com\/blogdobispo.com.br\/wp-content\/uploads\/2025\/11\/83de60a2-9081-4155-a5e9-ad15a17a2af4-1.jpg?fit=1600%2C1305&ssl=1\",\"contentUrl\":\"https:\/\/i0.wp.com\/blogdobispo.com.br\/wp-content\/uploads\/2025\/11\/83de60a2-9081-4155-a5e9-ad15a17a2af4-1.jpg?fit=1600%2C1305&ssl=1\",\"width\":1600,\"height\":1305},{\"@type\":\"BreadcrumbList\",\"@id\":\"https:\/\/blogdobispo.com.br\/?p=18689#breadcrumb\",\"itemListElement\":[{\"@type\":\"ListItem\",\"position\":1,\"name\":\"In\u00edcio\",\"item\":\"https:\/\/blogdobispo.com.br\/\"},{\"@type\":\"ListItem\",\"position\":2,\"name\":\"Eriko J\u00e1come recebe mo\u00e7\u00e3o de apoio de vereadores ap\u00f3s ataques de parlamentares do PT\"}]},{\"@type\":\"WebSite\",\"@id\":\"https:\/\/blogdobispo.com.br\/#website\",\"url\":\"https:\/\/blogdobispo.com.br\/\",\"name\":\"Blog do Bispo\",\"description\":\"Comprometido apenas com o leitor\",\"publisher\":{\"@id\":\"https:\/\/blogdobispo.com.br\/#organization\"},\"potentialAction\":[{\"@type\":\"SearchAction\",\"target\":{\"@type\":\"EntryPoint\",\"urlTemplate\":\"https:\/\/blogdobispo.com.br\/?s={search_term_string}\"},\"query-input\":{\"@type\":\"PropertyValueSpecification\",\"valueRequired\":true,\"valueName\":\"search_term_string\"}}],\"inLanguage\":\"pt-BR\"},{\"@type\":\"Organization\",\"@id\":\"https:\/\/blogdobispo.com.br\/#organization\",\"name\":\"Blog do Bispo\",\"url\":\"https:\/\/blogdobispo.com.br\/\",\"logo\":{\"@type\":\"ImageObject\",\"inLanguage\":\"pt-BR\",\"@id\":\"https:\/\/blogdobispo.com.br\/#\/schema\/logo\/image\/\",\"url\":\"http:\/\/blogdobispo.com.br\/wp-content\/uploads\/2023\/05\/cropped-headear.png\",\"contentUrl\":\"http:\/\/blogdobispo.com.br\/wp-content\/uploads\/2023\/05\/cropped-headear.png\",\"width\":1500,\"height\":399,\"caption\":\"Blog do Bispo\"},\"image\":{\"@id\":\"https:\/\/blogdobispo.com.br\/#\/schema\/logo\/image\/\"}},{\"@type\":\"Person\",\"@id\":\"https:\/\/blogdobispo.com.br\/#\/schema\/person\/e2209cc0e6cea5c5233d033e997b373f\",\"name\":\"Jefferson Sterfeno\",\"image\":{\"@type\":\"ImageObject\",\"inLanguage\":\"pt-BR\",\"@id\":\"https:\/\/blogdobispo.com.br\/#\/schema\/person\/image\/\",\"url\":\"https:\/\/secure.gravatar.com\/avatar\/0534e84764641168a677026b6d57a3f51dc7ac4db0b4f6186d9cb330d4ee1160?s=96&d=mm&r=g\",\"contentUrl\":\"https:\/\/secure.gravatar.com\/avatar\/0534e84764641168a677026b6d57a3f51dc7ac4db0b4f6186d9cb330d4ee1160?s=96&d=mm&r=g\",\"caption\":\"Jefferson Sterfeno\"},\"sameAs\":[\"http:\/\/blogdobispo.com.br\"],\"url\":\"https:\/\/blogdobispo.com.br\/?author=1\"}]}<\/script>\n<!-- \/ Yoast SEO plugin. -->","yoast_head_json":{"title":"Eriko J\u00e1come recebe mo\u00e7\u00e3o de apoio de vereadores ap\u00f3s ataques de parlamentares do PT - Blog do Bispo","robots":{"index":"index","follow":"follow","max-snippet":"max-snippet:-1","max-image-preview":"max-image-preview:large","max-video-preview":"max-video-preview:-1"},"canonical":"https:\/\/blogdobispo.com.br\/?p=18689","og_locale":"pt_BR","og_type":"article","og_title":"Eriko J\u00e1come recebe mo\u00e7\u00e3o de apoio de vereadores ap\u00f3s ataques de parlamentares do PT - Blog do Bispo","og_description":"A C\u00e2mara Municipal de Natal registrou, na manh\u00e3 desta quinta-feira (27), um gesto institucional em apoio ao presidente da Casa, vereador Eriko J\u00e1come (PP). A mo\u00e7\u00e3o, proposta pelo vereador Aldo Clemente, foi aprovada ap\u00f3s declara\u00e7\u00f5es da vereadora Samanda Alves (PT) durante a sess\u00e3o da \u00faltima quarta-feira (26), nas quais ela afirmou que o presidente teria [&hellip;]","og_url":"https:\/\/blogdobispo.com.br\/?p=18689","og_site_name":"Blog do Bispo","article_published_time":"2025-11-28T19:08:55+00:00","og_image":[{"url":"https:\/\/blogdobispo.com.br\/wp-content\/uploads\/2025\/11\/83de60a2-9081-4155-a5e9-ad15a17a2af4-1024x835.jpg","type":"","width":"","height":""}],"author":"Jefferson Sterfeno","twitter_card":"summary_large_image","twitter_misc":{"Escrito por":"Jefferson Sterfeno","Est. tempo de leitura":"2 minutos"},"schema":{"@context":"https:\/\/schema.org","@graph":[{"@type":"Article","@id":"https:\/\/blogdobispo.com.br\/?p=18689#article","isPartOf":{"@id":"https:\/\/blogdobispo.com.br\/?p=18689"},"author":{"name":"Jefferson Sterfeno","@id":"https:\/\/blogdobispo.com.br\/#\/schema\/person\/e2209cc0e6cea5c5233d033e997b373f"},"headline":"Eriko J\u00e1come recebe mo\u00e7\u00e3o de apoio de vereadores ap\u00f3s ataques de parlamentares do PT","datePublished":"2025-11-28T19:08:55+00:00","mainEntityOfPage":{"@id":"https:\/\/blogdobispo.com.br\/?p=18689"},"wordCount":326,"commentCount":0,"publisher":{"@id":"https:\/\/blogdobispo.com.br\/#organization"},"image":{"@id":"https:\/\/blogdobispo.com.br\/?p=18689#primaryimage"},"thumbnailUrl":"https:\/\/i0.wp.com\/blogdobispo.com.br\/wp-content\/uploads\/2025\/11\/83de60a2-9081-4155-a5e9-ad15a17a2af4-1.jpg?fit=1600%2C1305&ssl=1","articleSection":["diversos"],"inLanguage":"pt-BR","potentialAction":[{"@type":"CommentAction","name":"Comment","target":["https:\/\/blogdobispo.com.br\/?p=18689#respond"]}]},{"@type":"WebPage","@id":"https:\/\/blogdobispo.com.br\/?p=18689","url":"https:\/\/blogdobispo.com.br\/?p=18689","name":"Eriko J\u00e1come recebe mo\u00e7\u00e3o de apoio de vereadores ap\u00f3s ataques de parlamentares do PT - Blog do Bispo","isPartOf":{"@id":"https:\/\/blogdobispo.com.br\/#website"},"primaryImageOfPage":{"@id":"https:\/\/blogdobispo.com.br\/?p=18689#primaryimage"},"image":{"@id":"https:\/\/blogdobispo.com.br\/?p=18689#primaryimage"},"thumbnailUrl":"https:\/\/i0.wp.com\/blogdobispo.com.br\/wp-content\/uploads\/2025\/11\/83de60a2-9081-4155-a5e9-ad15a17a2af4-1.jpg?fit=1600%2C1305&ssl=1","datePublished":"2025-11-28T19:08:55+00:00","breadcrumb":{"@id":"https:\/\/blogdobispo.com.br\/?p=18689#breadcrumb"},"inLanguage":"pt-BR","potentialAction":[{"@type":"ReadAction","target":["https:\/\/blogdobispo.com.br\/?p=18689"]}]},{"@type":"ImageObject","inLanguage":"pt-BR","@id":"https:\/\/blogdobispo.com.br\/?p=18689#primaryimage","url":"https:\/\/i0.wp.com\/blogdobispo.com.br\/wp-content\/uploads\/2025\/11\/83de60a2-9081-4155-a5e9-ad15a17a2af4-1.jpg?fit=1600%2C1305&ssl=1","contentUrl":"https:\/\/i0.wp.com\/blogdobispo.com.br\/wp-content\/uploads\/2025\/11\/83de60a2-9081-4155-a5e9-ad15a17a2af4-1.jpg?fit=1600%2C1305&ssl=1","width":1600,"height":1305},{"@type":"BreadcrumbList","@id":"https:\/\/blogdobispo.com.br\/?p=18689#breadcrumb","itemListElement":[{"@type":"ListItem","position":1,"name":"In\u00edcio","item":"https:\/\/blogdobispo.com.br\/"},{"@type":"ListItem","position":2,"name":"Eriko J\u00e1come recebe mo\u00e7\u00e3o de apoio de vereadores ap\u00f3s ataques de parlamentares do PT"}]},{"@type":"WebSite","@id":"https:\/\/blogdobispo.com.br\/#website","url":"https:\/\/blogdobispo.com.br\/","name":"Blog do Bispo","description":"Comprometido apenas com o leitor","publisher":{"@id":"https:\/\/blogdobispo.com.br\/#organization"},"potentialAction":[{"@type":"SearchAction","target":{"@type":"EntryPoint","urlTemplate":"https:\/\/blogdobispo.com.br\/?s={search_term_string}"},"query-input":{"@type":"PropertyValueSpecification","valueRequired":true,"valueName":"search_term_string"}}],"inLanguage":"pt-BR"},{"@type":"Organization","@id":"https:\/\/blogdobispo.com.br\/#organization","name":"Blog do Bispo","url":"https:\/\/blogdobispo.com.br\/","logo":{"@type":"ImageObject","inLanguage":"pt-BR","@id":"https:\/\/blogdobispo.com.br\/#\/schema\/logo\/image\/","url":"http:\/\/blogdobispo.com.br\/wp-content\/uploads\/2023\/05\/cropped-headear.png","contentUrl":"http:\/\/blogdobispo.com.br\/wp-content\/uploads\/2023\/05\/cropped-headear.png","width":1500,"height":399,"caption":"Blog do Bispo"},"image":{"@id":"https:\/\/blogdobispo.com.br\/#\/schema\/logo\/image\/"}},{"@type":"Person","@id":"https:\/\/blogdobispo.com.br\/#\/schema\/person\/e2209cc0e6cea5c5233d033e997b373f","name":"Jefferson Sterfeno","image":{"@type":"ImageObject","inLanguage":"pt-BR","@id":"https:\/\/blogdobispo.com.br\/#\/schema\/person\/image\/","url":"https:\/\/secure.gravatar.com\/avatar\/0534e84764641168a677026b6d57a3f51dc7ac4db0b4f6186d9cb330d4ee1160?s=96&d=mm&r=g","contentUrl":"https:\/\/secure.gravatar.com\/avatar\/0534e84764641168a677026b6d57a3f51dc7ac4db0b4f6186d9cb330d4ee1160?s=96&d=mm&r=g","caption":"Jefferson Sterfeno"},"sameAs":["http:\/\/blogdobispo.com.br"],"url":"https:\/\/blogdobispo.com.br\/?author=1"}]}},"featured_image_urls":{"full":["https:\/\/i0.wp.com\/blogdobispo.com.br\/wp-content\/uploads\/2025\/11\/83de60a2-9081-4155-a5e9-ad15a17a2af4-1.jpg?fit=1600%2C1305&ssl=1",1600,1305,false],"thumbnail":["https:\/\/i0.wp.com\/blogdobispo.com.br\/wp-content\/uploads\/2025\/11\/83de60a2-9081-4155-a5e9-ad15a17a2af4-1.jpg?resize=150%2C150&ssl=1",150,150,true],"medium":["https:\/\/i0.wp.com\/blogdobispo.com.br\/wp-content\/uploads\/2025\/11\/83de60a2-9081-4155-a5e9-ad15a17a2af4-1.jpg?fit=300%2C245&ssl=1",300,245,true],"medium_large":["https:\/\/i0.wp.com\/blogdobispo.com.br\/wp-content\/uploads\/2025\/11\/83de60a2-9081-4155-a5e9-ad15a17a2af4-1.jpg?fit=768%2C626&ssl=1",768,626,true],"large":["https:\/\/i0.wp.com\/blogdobispo.com.br\/wp-content\/uploads\/2025\/11\/83de60a2-9081-4155-a5e9-ad15a17a2af4-1.jpg?fit=800%2C652&ssl=1",800,652,true],"1536x1536":["https:\/\/i0.wp.com\/blogdobispo.com.br\/wp-content\/uploads\/2025\/11\/83de60a2-9081-4155-a5e9-ad15a17a2af4-1.jpg?fit=1536%2C1253&ssl=1",1536,1253,true],"2048x2048":["https:\/\/i0.wp.com\/blogdobispo.com.br\/wp-content\/uploads\/2025\/11\/83de60a2-9081-4155-a5e9-ad15a17a2af4-1.jpg?fit=1600%2C1305&ssl=1",1600,1305,true]},"author_info":{"display_name":"Jefferson Sterfeno","author_link":"https:\/\/blogdobispo.com.br\/?author=1"},"category_info":"<a href=\"https:\/\/blogdobispo.com.br\/?cat=1\" rel=\"category\">diversos<\/a>","tag_info":"diversos","comment_count":"0","jetpack_featured_media_url":"https:\/\/i0.wp.com\/blogdobispo.com.br\/wp-content\/uploads\/2025\/11\/83de60a2-9081-4155-a5e9-ad15a17a2af4-1.jpg?fit=1600%2C1305&ssl=1","jetpack_sharing_enabled":true,"_links":{"self":[{"href":"https:\/\/blogdobispo.com.br\/index.php?rest_route=\/wp\/v2\/posts\/18689","targetHints":{"allow":["GET"]}}],"collection":[{"href":"https:\/\/blogdobispo.com.br\/index.php?rest_route=\/wp\/v2\/posts"}],"about":[{"href":"https:\/\/blogdobispo.com.br\/index.php?rest_route=\/wp\/v2\/types\/post"}],"author":[{"embeddable":true,"href":"https:\/\/blogdobispo.com.br\/index.php?rest_route=\/wp\/v2\/users\/1"}],"replies":[{"embeddable":true,"href":"https:\/\/blogdobispo.com.br\/index.php?rest_route=%2Fwp%2Fv2%2Fcomments&post=18689"}],"version-history":[{"count":0,"href":"https:\/\/blogdobispo.com.br\/index.php?rest_route=\/wp\/v2\/posts\/18689\/revisions"}],"wp:featuredmedia":[{"embeddable":true,"href":"https:\/\/blogdobispo.com.br\/index.php?rest_route=\/wp\/v2\/media\/18688"}],"wp:attachment":[{"href":"https:\/\/blogdobispo.com.br\/index.php?rest_route=%2Fwp%2Fv2%2Fmedia&parent=18689"}],"wp:term":[{"taxonomy":"category","embeddable":true,"href":"https:\/\/blogdobispo.com.br\/index.php?rest_route=%2Fwp%2Fv2%2Fcategories&post=18689"},{"taxonomy":"post_tag","embeddable":true,"href":"https:\/\/blogdobispo.com.br\/index.php?rest_route=%2Fwp%2Fv2%2Ftags&post=18689"}],"curies":[{"name":"wp","href":"https:\/\/api.w.org\/{rel}","templated":true}]}}