{"id":18684,"date":"2025-11-28T14:54:36","date_gmt":"2025-11-28T14:54:36","guid":{"rendered":"https:\/\/blogdobispo.com.br\/?p=18684"},"modified":"2025-11-28T14:54:36","modified_gmt":"2025-11-28T14:54:36","slug":"fatima-esta-decidida-a-concluir-gestao-se-walter-nao-quiser-assumir-governo","status":"publish","type":"post","link":"https:\/\/blogdobispo.com.br\/?p=18684","title":{"rendered":"F\u00e1tima est\u00e1 decidida a concluir gest\u00e3o se Walter n\u00e3o quiser assumir Governo"},"content":{"rendered":"<p>Diante da real possibilidade do vice-governador Walter Alves (MDB) declinar de assumir o posto de governador a partir de abril de 2026, o projeto eleitoral pode ser alterado dentro do sistema governista. A hip\u00f3tese come\u00e7ou a ser levantada ap\u00f3s o filho de Garibaldi citar, nos bastidores, a preocupa\u00e7\u00e3o com a situa\u00e7\u00e3o financeira do Estado. Walter \u00e9 o primeiro na linha de sucess\u00e3o de F\u00e1tima Bezerra (PT), que, at\u00e9 ent\u00e3o, pretende renunciar em abril e se candidatar ao Senado. Se a altera\u00e7\u00e3o for consolidada, no entanto, a perman\u00eancia da governadora \u201ccertamente passa a ser o plano A\u201d para o sistema governista.<\/p>\n<p>A informa\u00e7\u00e3o foi passada ao Di\u00e1rio do RN por uma fonte da alta c\u00fapula do PT que, apesar de afirmar que o partido n\u00e3o considera a situa\u00e7\u00e3o \u201cum plano ainda\u201d, deve alterar a rota, caso o \u2013 at\u00e9 ent\u00e3o \u2013 aliado MDBista tamb\u00e9m mude seu percurso.<\/p>\n<p>A sa\u00edda de Walter, entretanto, tende a enfraquecer a campanha de F\u00e1tima, j\u00e1 que deve desgastar ainda mais o Governo do RN. J\u00e1 Nat\u00e1lia Bonavides tem eleitorado pr\u00f3prio e n\u00e3o tem imagem diretamente atrelada \u00e0 gest\u00e3o.<\/p>\n<p>A perman\u00eancia de F\u00e1tima no cargo impediria a realiza\u00e7\u00e3o de uma nova elei\u00e7\u00e3o e o risco de transferir a cadeira para um nome da oposi\u00e7\u00e3o. Permanecendo como governadora, a candidata do PT ao Senado passaria a ser da deputada federal Nat\u00e1lia Bonavides (PT) e, futuramente, F\u00e1tima contaria com uma nomea\u00e7\u00e3o em um minist\u00e9rio, se valendo da reelei\u00e7\u00e3o do presidente Lula, segundo a fonte governista ouvida pelo Di\u00e1rio do RN.<\/p>\n<p>O plano incluiria, al\u00e9m disso, fortalecer o PT. O partido focaria em construir nominatas para as proporcionais: \u201cAtrair deputados para a Federa\u00e7\u00e3o e formar uma grande bancada. Com F\u00e1tima governadora, isso passa a ser atraente\u201d.<\/p>\n<p>\u201cN\u00e3o tem como a gente n\u00e3o reagir se uma coisa dessas viesse a acontecer\u201d, afirmou a fonte que conversou com a reportagem na tarde desta quinta-feira.<\/p>\n<p>Walter come\u00e7ou a considerar n\u00e3o passar os nove meses do ano eleitoral de 2026 \u00e0 frente do Governo ap\u00f3s uma an\u00e1lise minuciosa da situa\u00e7\u00e3o financeira do Estado. O d\u00e9ficit do Estado, no c\u00e1lculo que obteve, totaliza R$ 4,7 bilh\u00f5es.<\/p>\n<p>O entendimento \u00e9 que se a situa\u00e7\u00e3o permanecer dentro das perspectivas apontadas por t\u00e9cnicos, ele optar\u00e1 por n\u00e3o assumir o risco de descumprir acordos, como pagamentos salariais, e, de quebra, arranhar sua reputa\u00e7\u00e3o pol\u00edtica.<\/p>\n<p>A ideia de Walter continua em parceria com Ezequiel Ferreira de Souza, presidente da Assembleia Legislativa e do PSDB no RN. A efetiva\u00e7\u00e3o do projeto \u00e9 articulada pelos dois, que t\u00eam acordo de seguirem juntos e far\u00e3o parte da mesma legenda em 2026.<\/p>\n<p>Alves viajou \u00e0 Bras\u00edlia nesta semana e entre os assuntos, estava a viabiliza\u00e7\u00e3o de recursos poss\u00edveis de viabilizar sua presen\u00e7a como governador. Caso a situa\u00e7\u00e3o n\u00e3o sofra mudan\u00e7as expressivas, Waltinho prefere permanecer sem assumir cargo no Executivo e disputar elei\u00e7\u00e3o para a Assembleia.<\/p>\n<p>Desde a semana passada h\u00e1 uma conversa para acontecer entre ele e a governadora. Oficialmente, sobre quest\u00f5es administrativas, mas as contas do RN e o cen\u00e1rio de 2026 claramente entrar\u00e3o na pauta.<\/p>\n<p>Di\u00e1rio do RN Carol Ribeiro<\/p>\n<p><img data-recalc-dims=\"1\" fetchpriority=\"high\" decoding=\"async\" class=\"alignnone size-medium wp-image-18685\" src=\"https:\/\/i0.wp.com\/blogdobispo.com.br\/wp-content\/uploads\/2025\/11\/Coluna-170725-2025-11-27T201316.712.webp?resize=300%2C200\" alt=\"\" width=\"300\" height=\"200\" srcset=\"https:\/\/i0.wp.com\/blogdobispo.com.br\/wp-content\/uploads\/2025\/11\/Coluna-170725-2025-11-27T201316.712.webp?resize=300%2C200&amp;ssl=1 300w, https:\/\/i0.wp.com\/blogdobispo.com.br\/wp-content\/uploads\/2025\/11\/Coluna-170725-2025-11-27T201316.712.webp?w=600&amp;ssl=1 600w\" sizes=\"(max-width: 300px) 100vw, 300px\" \/><\/p>\n","protected":false},"excerpt":{"rendered":"<p>Diante da real possibilidade do vice-governador Walter Alves (MDB) declinar de assumir o posto de governador a partir de abril de 2026, o projeto eleitoral pode ser alterado dentro do sistema governista. A hip\u00f3tese come\u00e7ou a ser levantada ap\u00f3s o filho de Garibaldi citar, nos bastidores, a preocupa\u00e7\u00e3o com a situa\u00e7\u00e3o financeira do Estado. Walter [&hellip;]<\/p>\n","protected":false},"author":1,"featured_media":18685,"comment_status":"open","ping_status":"open","sticky":false,"template":"","format":"standard","meta":{"cybocfi_hide_featured_image":"","_jetpack_memberships_contains_paid_content":false,"footnotes":""},"categories":[1],"tags":[],"class_list":["post-18684","post","type-post","status-publish","format-standard","has-post-thumbnail","hentry","category-diversos"],"yoast_head":"<!-- This site is optimized with the Yoast SEO plugin v25.6 - https:\/\/yoast.com\/wordpress\/plugins\/seo\/ -->\n<title>F\u00e1tima est\u00e1 decidida a concluir gest\u00e3o se Walter n\u00e3o quiser assumir Governo - Blog do Bispo<\/title>\n<meta name=\"robots\" content=\"index, follow, max-snippet:-1, max-image-preview:large, max-video-preview:-1\" \/>\n<link rel=\"canonical\" href=\"https:\/\/blogdobispo.com.br\/?p=18684\" \/>\n<meta property=\"og:locale\" content=\"pt_BR\" \/>\n<meta property=\"og:type\" content=\"article\" \/>\n<meta property=\"og:title\" content=\"F\u00e1tima est\u00e1 decidida a concluir gest\u00e3o se Walter n\u00e3o quiser assumir Governo - Blog do Bispo\" \/>\n<meta property=\"og:description\" content=\"Diante da real possibilidade do vice-governador Walter Alves (MDB) declinar de assumir o posto de governador a partir de abril de 2026, o projeto eleitoral pode ser alterado dentro do sistema governista. A hip\u00f3tese come\u00e7ou a ser levantada ap\u00f3s o filho de Garibaldi citar, nos bastidores, a preocupa\u00e7\u00e3o com a situa\u00e7\u00e3o financeira do Estado. Walter [&hellip;]\" \/>\n<meta property=\"og:url\" content=\"https:\/\/blogdobispo.com.br\/?p=18684\" \/>\n<meta property=\"og:site_name\" content=\"Blog do Bispo\" \/>\n<meta property=\"article:published_time\" content=\"2025-11-28T14:54:36+00:00\" \/>\n<meta property=\"og:image\" content=\"http:\/\/blogdobispo.com.br\/wp-content\/uploads\/2025\/11\/Coluna-170725-2025-11-27T201316.712.webp\" \/>\n\t<meta property=\"og:image:width\" content=\"600\" \/>\n\t<meta property=\"og:image:height\" content=\"400\" \/>\n\t<meta property=\"og:image:type\" content=\"image\/webp\" \/>\n<meta name=\"author\" content=\"Jefferson Sterfeno\" \/>\n<meta name=\"twitter:card\" content=\"summary_large_image\" \/>\n<meta name=\"twitter:label1\" content=\"Escrito por\" \/>\n\t<meta name=\"twitter:data1\" content=\"Jefferson Sterfeno\" \/>\n\t<meta name=\"twitter:label2\" content=\"Est. tempo de leitura\" \/>\n\t<meta name=\"twitter:data2\" content=\"4 minutos\" \/>\n<script type=\"application\/ld+json\" class=\"yoast-schema-graph\">{\"@context\":\"https:\/\/schema.org\",\"@graph\":[{\"@type\":\"Article\",\"@id\":\"https:\/\/blogdobispo.com.br\/?p=18684#article\",\"isPartOf\":{\"@id\":\"https:\/\/blogdobispo.com.br\/?p=18684\"},\"author\":{\"name\":\"Jefferson Sterfeno\",\"@id\":\"https:\/\/blogdobispo.com.br\/#\/schema\/person\/e2209cc0e6cea5c5233d033e997b373f\"},\"headline\":\"F\u00e1tima est\u00e1 decidida a concluir gest\u00e3o se Walter n\u00e3o quiser assumir Governo\",\"datePublished\":\"2025-11-28T14:54:36+00:00\",\"mainEntityOfPage\":{\"@id\":\"https:\/\/blogdobispo.com.br\/?p=18684\"},\"wordCount\":577,\"commentCount\":0,\"publisher\":{\"@id\":\"https:\/\/blogdobispo.com.br\/#organization\"},\"image\":{\"@id\":\"https:\/\/blogdobispo.com.br\/?p=18684#primaryimage\"},\"thumbnailUrl\":\"https:\/\/i0.wp.com\/blogdobispo.com.br\/wp-content\/uploads\/2025\/11\/Coluna-170725-2025-11-27T201316.712.webp?fit=600%2C400&ssl=1\",\"articleSection\":[\"diversos\"],\"inLanguage\":\"pt-BR\",\"potentialAction\":[{\"@type\":\"CommentAction\",\"name\":\"Comment\",\"target\":[\"https:\/\/blogdobispo.com.br\/?p=18684#respond\"]}]},{\"@type\":\"WebPage\",\"@id\":\"https:\/\/blogdobispo.com.br\/?p=18684\",\"url\":\"https:\/\/blogdobispo.com.br\/?p=18684\",\"name\":\"F\u00e1tima est\u00e1 decidida a concluir gest\u00e3o se Walter n\u00e3o quiser assumir Governo - Blog do Bispo\",\"isPartOf\":{\"@id\":\"https:\/\/blogdobispo.com.br\/#website\"},\"primaryImageOfPage\":{\"@id\":\"https:\/\/blogdobispo.com.br\/?p=18684#primaryimage\"},\"image\":{\"@id\":\"https:\/\/blogdobispo.com.br\/?p=18684#primaryimage\"},\"thumbnailUrl\":\"https:\/\/i0.wp.com\/blogdobispo.com.br\/wp-content\/uploads\/2025\/11\/Coluna-170725-2025-11-27T201316.712.webp?fit=600%2C400&ssl=1\",\"datePublished\":\"2025-11-28T14:54:36+00:00\",\"breadcrumb\":{\"@id\":\"https:\/\/blogdobispo.com.br\/?p=18684#breadcrumb\"},\"inLanguage\":\"pt-BR\",\"potentialAction\":[{\"@type\":\"ReadAction\",\"target\":[\"https:\/\/blogdobispo.com.br\/?p=18684\"]}]},{\"@type\":\"ImageObject\",\"inLanguage\":\"pt-BR\",\"@id\":\"https:\/\/blogdobispo.com.br\/?p=18684#primaryimage\",\"url\":\"https:\/\/i0.wp.com\/blogdobispo.com.br\/wp-content\/uploads\/2025\/11\/Coluna-170725-2025-11-27T201316.712.webp?fit=600%2C400&ssl=1\",\"contentUrl\":\"https:\/\/i0.wp.com\/blogdobispo.com.br\/wp-content\/uploads\/2025\/11\/Coluna-170725-2025-11-27T201316.712.webp?fit=600%2C400&ssl=1\",\"width\":600,\"height\":400},{\"@type\":\"BreadcrumbList\",\"@id\":\"https:\/\/blogdobispo.com.br\/?p=18684#breadcrumb\",\"itemListElement\":[{\"@type\":\"ListItem\",\"position\":1,\"name\":\"In\u00edcio\",\"item\":\"https:\/\/blogdobispo.com.br\/\"},{\"@type\":\"ListItem\",\"position\":2,\"name\":\"F\u00e1tima est\u00e1 decidida a concluir gest\u00e3o se Walter n\u00e3o quiser assumir Governo\"}]},{\"@type\":\"WebSite\",\"@id\":\"https:\/\/blogdobispo.com.br\/#website\",\"url\":\"https:\/\/blogdobispo.com.br\/\",\"name\":\"Blog do Bispo\",\"description\":\"Comprometido apenas com o leitor\",\"publisher\":{\"@id\":\"https:\/\/blogdobispo.com.br\/#organization\"},\"potentialAction\":[{\"@type\":\"SearchAction\",\"target\":{\"@type\":\"EntryPoint\",\"urlTemplate\":\"https:\/\/blogdobispo.com.br\/?s={search_term_string}\"},\"query-input\":{\"@type\":\"PropertyValueSpecification\",\"valueRequired\":true,\"valueName\":\"search_term_string\"}}],\"inLanguage\":\"pt-BR\"},{\"@type\":\"Organization\",\"@id\":\"https:\/\/blogdobispo.com.br\/#organization\",\"name\":\"Blog do Bispo\",\"url\":\"https:\/\/blogdobispo.com.br\/\",\"logo\":{\"@type\":\"ImageObject\",\"inLanguage\":\"pt-BR\",\"@id\":\"https:\/\/blogdobispo.com.br\/#\/schema\/logo\/image\/\",\"url\":\"http:\/\/blogdobispo.com.br\/wp-content\/uploads\/2023\/05\/cropped-headear.png\",\"contentUrl\":\"http:\/\/blogdobispo.com.br\/wp-content\/uploads\/2023\/05\/cropped-headear.png\",\"width\":1500,\"height\":399,\"caption\":\"Blog do Bispo\"},\"image\":{\"@id\":\"https:\/\/blogdobispo.com.br\/#\/schema\/logo\/image\/\"}},{\"@type\":\"Person\",\"@id\":\"https:\/\/blogdobispo.com.br\/#\/schema\/person\/e2209cc0e6cea5c5233d033e997b373f\",\"name\":\"Jefferson Sterfeno\",\"image\":{\"@type\":\"ImageObject\",\"inLanguage\":\"pt-BR\",\"@id\":\"https:\/\/blogdobispo.com.br\/#\/schema\/person\/image\/\",\"url\":\"https:\/\/secure.gravatar.com\/avatar\/0534e84764641168a677026b6d57a3f51dc7ac4db0b4f6186d9cb330d4ee1160?s=96&d=mm&r=g\",\"contentUrl\":\"https:\/\/secure.gravatar.com\/avatar\/0534e84764641168a677026b6d57a3f51dc7ac4db0b4f6186d9cb330d4ee1160?s=96&d=mm&r=g\",\"caption\":\"Jefferson Sterfeno\"},\"sameAs\":[\"http:\/\/blogdobispo.com.br\"],\"url\":\"https:\/\/blogdobispo.com.br\/?author=1\"}]}<\/script>\n<!-- \/ Yoast SEO plugin. -->","yoast_head_json":{"title":"F\u00e1tima est\u00e1 decidida a concluir gest\u00e3o se Walter n\u00e3o quiser assumir Governo - Blog do Bispo","robots":{"index":"index","follow":"follow","max-snippet":"max-snippet:-1","max-image-preview":"max-image-preview:large","max-video-preview":"max-video-preview:-1"},"canonical":"https:\/\/blogdobispo.com.br\/?p=18684","og_locale":"pt_BR","og_type":"article","og_title":"F\u00e1tima est\u00e1 decidida a concluir gest\u00e3o se Walter n\u00e3o quiser assumir Governo - Blog do Bispo","og_description":"Diante da real possibilidade do vice-governador Walter Alves (MDB) declinar de assumir o posto de governador a partir de abril de 2026, o projeto eleitoral pode ser alterado dentro do sistema governista. A hip\u00f3tese come\u00e7ou a ser levantada ap\u00f3s o filho de Garibaldi citar, nos bastidores, a preocupa\u00e7\u00e3o com a situa\u00e7\u00e3o financeira do Estado. Walter [&hellip;]","og_url":"https:\/\/blogdobispo.com.br\/?p=18684","og_site_name":"Blog do Bispo","article_published_time":"2025-11-28T14:54:36+00:00","og_image":[{"width":600,"height":400,"url":"http:\/\/blogdobispo.com.br\/wp-content\/uploads\/2025\/11\/Coluna-170725-2025-11-27T201316.712.webp","type":"image\/webp"}],"author":"Jefferson Sterfeno","twitter_card":"summary_large_image","twitter_misc":{"Escrito por":"Jefferson Sterfeno","Est. tempo de leitura":"4 minutos"},"schema":{"@context":"https:\/\/schema.org","@graph":[{"@type":"Article","@id":"https:\/\/blogdobispo.com.br\/?p=18684#article","isPartOf":{"@id":"https:\/\/blogdobispo.com.br\/?p=18684"},"author":{"name":"Jefferson Sterfeno","@id":"https:\/\/blogdobispo.com.br\/#\/schema\/person\/e2209cc0e6cea5c5233d033e997b373f"},"headline":"F\u00e1tima est\u00e1 decidida a concluir gest\u00e3o se Walter n\u00e3o quiser assumir Governo","datePublished":"2025-11-28T14:54:36+00:00","mainEntityOfPage":{"@id":"https:\/\/blogdobispo.com.br\/?p=18684"},"wordCount":577,"commentCount":0,"publisher":{"@id":"https:\/\/blogdobispo.com.br\/#organization"},"image":{"@id":"https:\/\/blogdobispo.com.br\/?p=18684#primaryimage"},"thumbnailUrl":"https:\/\/i0.wp.com\/blogdobispo.com.br\/wp-content\/uploads\/2025\/11\/Coluna-170725-2025-11-27T201316.712.webp?fit=600%2C400&ssl=1","articleSection":["diversos"],"inLanguage":"pt-BR","potentialAction":[{"@type":"CommentAction","name":"Comment","target":["https:\/\/blogdobispo.com.br\/?p=18684#respond"]}]},{"@type":"WebPage","@id":"https:\/\/blogdobispo.com.br\/?p=18684","url":"https:\/\/blogdobispo.com.br\/?p=18684","name":"F\u00e1tima est\u00e1 decidida a concluir gest\u00e3o se Walter n\u00e3o quiser assumir Governo - Blog do Bispo","isPartOf":{"@id":"https:\/\/blogdobispo.com.br\/#website"},"primaryImageOfPage":{"@id":"https:\/\/blogdobispo.com.br\/?p=18684#primaryimage"},"image":{"@id":"https:\/\/blogdobispo.com.br\/?p=18684#primaryimage"},"thumbnailUrl":"https:\/\/i0.wp.com\/blogdobispo.com.br\/wp-content\/uploads\/2025\/11\/Coluna-170725-2025-11-27T201316.712.webp?fit=600%2C400&ssl=1","datePublished":"2025-11-28T14:54:36+00:00","breadcrumb":{"@id":"https:\/\/blogdobispo.com.br\/?p=18684#breadcrumb"},"inLanguage":"pt-BR","potentialAction":[{"@type":"ReadAction","target":["https:\/\/blogdobispo.com.br\/?p=18684"]}]},{"@type":"ImageObject","inLanguage":"pt-BR","@id":"https:\/\/blogdobispo.com.br\/?p=18684#primaryimage","url":"https:\/\/i0.wp.com\/blogdobispo.com.br\/wp-content\/uploads\/2025\/11\/Coluna-170725-2025-11-27T201316.712.webp?fit=600%2C400&ssl=1","contentUrl":"https:\/\/i0.wp.com\/blogdobispo.com.br\/wp-content\/uploads\/2025\/11\/Coluna-170725-2025-11-27T201316.712.webp?fit=600%2C400&ssl=1","width":600,"height":400},{"@type":"BreadcrumbList","@id":"https:\/\/blogdobispo.com.br\/?p=18684#breadcrumb","itemListElement":[{"@type":"ListItem","position":1,"name":"In\u00edcio","item":"https:\/\/blogdobispo.com.br\/"},{"@type":"ListItem","position":2,"name":"F\u00e1tima est\u00e1 decidida a concluir gest\u00e3o se Walter n\u00e3o quiser assumir Governo"}]},{"@type":"WebSite","@id":"https:\/\/blogdobispo.com.br\/#website","url":"https:\/\/blogdobispo.com.br\/","name":"Blog do Bispo","description":"Comprometido apenas com o leitor","publisher":{"@id":"https:\/\/blogdobispo.com.br\/#organization"},"potentialAction":[{"@type":"SearchAction","target":{"@type":"EntryPoint","urlTemplate":"https:\/\/blogdobispo.com.br\/?s={search_term_string}"},"query-input":{"@type":"PropertyValueSpecification","valueRequired":true,"valueName":"search_term_string"}}],"inLanguage":"pt-BR"},{"@type":"Organization","@id":"https:\/\/blogdobispo.com.br\/#organization","name":"Blog do Bispo","url":"https:\/\/blogdobispo.com.br\/","logo":{"@type":"ImageObject","inLanguage":"pt-BR","@id":"https:\/\/blogdobispo.com.br\/#\/schema\/logo\/image\/","url":"http:\/\/blogdobispo.com.br\/wp-content\/uploads\/2023\/05\/cropped-headear.png","contentUrl":"http:\/\/blogdobispo.com.br\/wp-content\/uploads\/2023\/05\/cropped-headear.png","width":1500,"height":399,"caption":"Blog do Bispo"},"image":{"@id":"https:\/\/blogdobispo.com.br\/#\/schema\/logo\/image\/"}},{"@type":"Person","@id":"https:\/\/blogdobispo.com.br\/#\/schema\/person\/e2209cc0e6cea5c5233d033e997b373f","name":"Jefferson Sterfeno","image":{"@type":"ImageObject","inLanguage":"pt-BR","@id":"https:\/\/blogdobispo.com.br\/#\/schema\/person\/image\/","url":"https:\/\/secure.gravatar.com\/avatar\/0534e84764641168a677026b6d57a3f51dc7ac4db0b4f6186d9cb330d4ee1160?s=96&d=mm&r=g","contentUrl":"https:\/\/secure.gravatar.com\/avatar\/0534e84764641168a677026b6d57a3f51dc7ac4db0b4f6186d9cb330d4ee1160?s=96&d=mm&r=g","caption":"Jefferson Sterfeno"},"sameAs":["http:\/\/blogdobispo.com.br"],"url":"https:\/\/blogdobispo.com.br\/?author=1"}]}},"featured_image_urls":{"full":["https:\/\/i0.wp.com\/blogdobispo.com.br\/wp-content\/uploads\/2025\/11\/Coluna-170725-2025-11-27T201316.712.webp?fit=600%2C400&ssl=1",600,400,false],"thumbnail":["https:\/\/i0.wp.com\/blogdobispo.com.br\/wp-content\/uploads\/2025\/11\/Coluna-170725-2025-11-27T201316.712.webp?resize=150%2C150&ssl=1",150,150,true],"medium":["https:\/\/i0.wp.com\/blogdobispo.com.br\/wp-content\/uploads\/2025\/11\/Coluna-170725-2025-11-27T201316.712.webp?fit=300%2C200&ssl=1",300,200,true],"medium_large":["https:\/\/i0.wp.com\/blogdobispo.com.br\/wp-content\/uploads\/2025\/11\/Coluna-170725-2025-11-27T201316.712.webp?fit=600%2C400&ssl=1",600,400,true],"large":["https:\/\/i0.wp.com\/blogdobispo.com.br\/wp-content\/uploads\/2025\/11\/Coluna-170725-2025-11-27T201316.712.webp?fit=600%2C400&ssl=1",600,400,true],"1536x1536":["https:\/\/i0.wp.com\/blogdobispo.com.br\/wp-content\/uploads\/2025\/11\/Coluna-170725-2025-11-27T201316.712.webp?fit=600%2C400&ssl=1",600,400,true],"2048x2048":["https:\/\/i0.wp.com\/blogdobispo.com.br\/wp-content\/uploads\/2025\/11\/Coluna-170725-2025-11-27T201316.712.webp?fit=600%2C400&ssl=1",600,400,true]},"author_info":{"display_name":"Jefferson Sterfeno","author_link":"https:\/\/blogdobispo.com.br\/?author=1"},"category_info":"<a href=\"https:\/\/blogdobispo.com.br\/?cat=1\" rel=\"category\">diversos<\/a>","tag_info":"diversos","comment_count":"0","jetpack_featured_media_url":"https:\/\/i0.wp.com\/blogdobispo.com.br\/wp-content\/uploads\/2025\/11\/Coluna-170725-2025-11-27T201316.712.webp?fit=600%2C400&ssl=1","jetpack_sharing_enabled":true,"_links":{"self":[{"href":"https:\/\/blogdobispo.com.br\/index.php?rest_route=\/wp\/v2\/posts\/18684","targetHints":{"allow":["GET"]}}],"collection":[{"href":"https:\/\/blogdobispo.com.br\/index.php?rest_route=\/wp\/v2\/posts"}],"about":[{"href":"https:\/\/blogdobispo.com.br\/index.php?rest_route=\/wp\/v2\/types\/post"}],"author":[{"embeddable":true,"href":"https:\/\/blogdobispo.com.br\/index.php?rest_route=\/wp\/v2\/users\/1"}],"replies":[{"embeddable":true,"href":"https:\/\/blogdobispo.com.br\/index.php?rest_route=%2Fwp%2Fv2%2Fcomments&post=18684"}],"version-history":[{"count":1,"href":"https:\/\/blogdobispo.com.br\/index.php?rest_route=\/wp\/v2\/posts\/18684\/revisions"}],"predecessor-version":[{"id":18686,"href":"https:\/\/blogdobispo.com.br\/index.php?rest_route=\/wp\/v2\/posts\/18684\/revisions\/18686"}],"wp:featuredmedia":[{"embeddable":true,"href":"https:\/\/blogdobispo.com.br\/index.php?rest_route=\/wp\/v2\/media\/18685"}],"wp:attachment":[{"href":"https:\/\/blogdobispo.com.br\/index.php?rest_route=%2Fwp%2Fv2%2Fmedia&parent=18684"}],"wp:term":[{"taxonomy":"category","embeddable":true,"href":"https:\/\/blogdobispo.com.br\/index.php?rest_route=%2Fwp%2Fv2%2Fcategories&post=18684"},{"taxonomy":"post_tag","embeddable":true,"href":"https:\/\/blogdobispo.com.br\/index.php?rest_route=%2Fwp%2Fv2%2Ftags&post=18684"}],"curies":[{"name":"wp","href":"https:\/\/api.w.org\/{rel}","templated":true}]}}