{"id":18678,"date":"2025-11-28T11:37:53","date_gmt":"2025-11-28T11:37:53","guid":{"rendered":"https:\/\/blogdobispo.com.br\/?p=18678"},"modified":"2025-11-28T11:38:14","modified_gmt":"2025-11-28T11:38:14","slug":"vivaldo-destaca-obra-literaria-que-resgata-memoria-e-identidade-cultural-de-caico","status":"publish","type":"post","link":"https:\/\/blogdobispo.com.br\/?p=18678","title":{"rendered":"Vivaldo destaca obra liter\u00e1ria que resgata mem\u00f3ria e identidade cultural de Caic\u00f3"},"content":{"rendered":"<p>O deputado estadual Vivaldo Costa (PV) utilizou a tribuna da Assembleia Legislativa do Rio Grande do Norte para homenagear sua terra natal, Caic\u00f3, e destacar a import\u00e2ncia do livro \u201cCaic\u00f3 de Antigamente\u201d, escrito pelo jornalista e advogado Ruy Medeiros Fernandes. Durante o pronunciamento, Vivaldo ressaltou que a obra re\u00fane cr\u00f4nicas e relatos que preservam a mem\u00f3ria afetiva, hist\u00f3rica e cultural do munic\u00edpio, permitindo que novas gera\u00e7\u00f5es conhe\u00e7am tradi\u00e7\u00f5es, costumes e personagens que marcaram a forma\u00e7\u00e3o da cidade.<\/p>\n<p>Para o parlamentar, al\u00e9m de representar um registro liter\u00e1rio, o livro refor\u00e7a o sentimento de pertencimento dos caicoenses. \u201cRuy Fernandes fez um trabalho precioso. Caic\u00f3 tem uma hist\u00f3ria rica, uma identidade forte e tradi\u00e7\u00f5es que precisam ser lembradas e valorizadas\u201d, destacou.<\/p>\n<p>Ao mencionar o conte\u00fado da obra, o deputado enfatizou que o livro coloca em evid\u00eancia as potencialidades tur\u00edsticas de Caic\u00f3, al\u00e9m de celebrar acontecimentos que marcaram e ainda marcam a vida do munic\u00edpio. Entre eles, Vivaldo destacou eventos como o Carnaval de Caic\u00f3 e a tradicional Festa de Santana, considerada uma das maiores manifesta\u00e7\u00f5es religiosas e culturais do Nordeste.<\/p>\n<p>\u201cEventos assim movimentam a economia, atraem visitantes, fortalecem o turismo e mant\u00eam viva nossa cultura. Caic\u00f3 est\u00e1 no mapa dos grandes eventos do Rio Grande do Norte e merece continuar sendo vista assim\u201d, afirmou o parlamentar.<\/p>\n<p>Publicado recentemente, o livro \u201cCaic\u00f3 de Antigamente\u201d teve grande repercuss\u00e3o no Serid\u00f3. Seu lan\u00e7amento reuniu leitores, professores, pesquisadores e admiradores da hist\u00f3ria local, alcan\u00e7ando importante reconhecimento cultural na regi\u00e3o.<\/p>\n<p>A obra prop\u00f5e um convite \u00e0 mem\u00f3ria, revisitando inf\u00e2ncias, ruas, tradi\u00e7\u00f5es e experi\u00eancias que moldaram a identidade caicoense ao longo das d\u00e9cadas. Para muitos leitores, especialmente aqueles nascidos ou ligados ao Serid\u00f3, a leitura desperta saudade, reflex\u00e3o e orgulho.<\/p>\n<p>Al\u00e9m de valorizar o passado, o livro refor\u00e7a a import\u00e2ncia de registrar a hist\u00f3ria local para as futuras gera\u00e7\u00f5es. \u201cPreservar a mem\u00f3ria \u00e9 um exerc\u00edcio de amor \u00e0 terra. Obras como essa ajudam a contar quem somos e de onde viemos\u201d, concluiu Vivaldo.<\/p>\n<p><img data-recalc-dims=\"1\" fetchpriority=\"high\" decoding=\"async\" class=\"alignnone size-medium wp-image-18679\" src=\"https:\/\/i0.wp.com\/blogdobispo.com.br\/wp-content\/uploads\/2025\/11\/LTwe7n4w7tl7XmTrahkFN8P1a75ZQz5jGmy9Ld5b.jpg?resize=300%2C200\" alt=\"\" width=\"300\" height=\"200\" srcset=\"https:\/\/i0.wp.com\/blogdobispo.com.br\/wp-content\/uploads\/2025\/11\/LTwe7n4w7tl7XmTrahkFN8P1a75ZQz5jGmy9Ld5b.jpg?resize=300%2C200&amp;ssl=1 300w, https:\/\/i0.wp.com\/blogdobispo.com.br\/wp-content\/uploads\/2025\/11\/LTwe7n4w7tl7XmTrahkFN8P1a75ZQz5jGmy9Ld5b.jpg?resize=1024%2C683&amp;ssl=1 1024w, https:\/\/i0.wp.com\/blogdobispo.com.br\/wp-content\/uploads\/2025\/11\/LTwe7n4w7tl7XmTrahkFN8P1a75ZQz5jGmy9Ld5b.jpg?resize=768%2C512&amp;ssl=1 768w, https:\/\/i0.wp.com\/blogdobispo.com.br\/wp-content\/uploads\/2025\/11\/LTwe7n4w7tl7XmTrahkFN8P1a75ZQz5jGmy9Ld5b.jpg?resize=1536%2C1024&amp;ssl=1 1536w, https:\/\/i0.wp.com\/blogdobispo.com.br\/wp-content\/uploads\/2025\/11\/LTwe7n4w7tl7XmTrahkFN8P1a75ZQz5jGmy9Ld5b.jpg?w=1620&amp;ssl=1 1620w\" sizes=\"(max-width: 300px) 100vw, 300px\" \/><\/p>\n","protected":false},"excerpt":{"rendered":"<p>O deputado estadual Vivaldo Costa (PV) utilizou a tribuna da Assembleia Legislativa do Rio Grande do Norte para homenagear sua terra natal, Caic\u00f3, e destacar a import\u00e2ncia do livro \u201cCaic\u00f3 de Antigamente\u201d, escrito pelo jornalista e advogado Ruy Medeiros Fernandes. Durante o pronunciamento, Vivaldo ressaltou que a obra re\u00fane cr\u00f4nicas e relatos que preservam a [&hellip;]<\/p>\n","protected":false},"author":1,"featured_media":18679,"comment_status":"open","ping_status":"open","sticky":false,"template":"","format":"standard","meta":{"cybocfi_hide_featured_image":"","_jetpack_memberships_contains_paid_content":false,"footnotes":""},"categories":[1],"tags":[],"class_list":["post-18678","post","type-post","status-publish","format-standard","has-post-thumbnail","hentry","category-diversos"],"yoast_head":"<!-- This site is optimized with the Yoast SEO plugin v25.6 - https:\/\/yoast.com\/wordpress\/plugins\/seo\/ -->\n<title>Vivaldo destaca obra liter\u00e1ria que resgata mem\u00f3ria e identidade cultural de Caic\u00f3 - Blog do Bispo<\/title>\n<meta name=\"robots\" content=\"index, follow, max-snippet:-1, max-image-preview:large, max-video-preview:-1\" \/>\n<link rel=\"canonical\" href=\"https:\/\/blogdobispo.com.br\/?p=18678\" \/>\n<meta property=\"og:locale\" content=\"pt_BR\" \/>\n<meta property=\"og:type\" content=\"article\" \/>\n<meta property=\"og:title\" content=\"Vivaldo destaca obra liter\u00e1ria que resgata mem\u00f3ria e identidade cultural de Caic\u00f3 - Blog do Bispo\" \/>\n<meta property=\"og:description\" content=\"O deputado estadual Vivaldo Costa (PV) utilizou a tribuna da Assembleia Legislativa do Rio Grande do Norte para homenagear sua terra natal, Caic\u00f3, e destacar a import\u00e2ncia do livro \u201cCaic\u00f3 de Antigamente\u201d, escrito pelo jornalista e advogado Ruy Medeiros Fernandes. Durante o pronunciamento, Vivaldo ressaltou que a obra re\u00fane cr\u00f4nicas e relatos que preservam a [&hellip;]\" \/>\n<meta property=\"og:url\" content=\"https:\/\/blogdobispo.com.br\/?p=18678\" \/>\n<meta property=\"og:site_name\" content=\"Blog do Bispo\" \/>\n<meta property=\"article:published_time\" content=\"2025-11-28T11:37:53+00:00\" \/>\n<meta property=\"article:modified_time\" content=\"2025-11-28T11:38:14+00:00\" \/>\n<meta property=\"og:image\" content=\"http:\/\/blogdobispo.com.br\/wp-content\/uploads\/2025\/11\/LTwe7n4w7tl7XmTrahkFN8P1a75ZQz5jGmy9Ld5b.jpg\" \/>\n\t<meta property=\"og:image:width\" content=\"1620\" \/>\n\t<meta property=\"og:image:height\" content=\"1080\" \/>\n\t<meta property=\"og:image:type\" content=\"image\/jpeg\" \/>\n<meta name=\"author\" content=\"Jefferson Sterfeno\" \/>\n<meta name=\"twitter:card\" content=\"summary_large_image\" \/>\n<meta name=\"twitter:label1\" content=\"Escrito por\" \/>\n\t<meta name=\"twitter:data1\" content=\"Jefferson Sterfeno\" \/>\n\t<meta name=\"twitter:label2\" content=\"Est. tempo de leitura\" \/>\n\t<meta name=\"twitter:data2\" content=\"3 minutos\" \/>\n<script type=\"application\/ld+json\" class=\"yoast-schema-graph\">{\"@context\":\"https:\/\/schema.org\",\"@graph\":[{\"@type\":\"Article\",\"@id\":\"https:\/\/blogdobispo.com.br\/?p=18678#article\",\"isPartOf\":{\"@id\":\"https:\/\/blogdobispo.com.br\/?p=18678\"},\"author\":{\"name\":\"Jefferson Sterfeno\",\"@id\":\"https:\/\/blogdobispo.com.br\/#\/schema\/person\/e2209cc0e6cea5c5233d033e997b373f\"},\"headline\":\"Vivaldo destaca obra liter\u00e1ria que resgata mem\u00f3ria e identidade cultural de Caic\u00f3\",\"datePublished\":\"2025-11-28T11:37:53+00:00\",\"dateModified\":\"2025-11-28T11:38:14+00:00\",\"mainEntityOfPage\":{\"@id\":\"https:\/\/blogdobispo.com.br\/?p=18678\"},\"wordCount\":376,\"commentCount\":0,\"publisher\":{\"@id\":\"https:\/\/blogdobispo.com.br\/#organization\"},\"image\":{\"@id\":\"https:\/\/blogdobispo.com.br\/?p=18678#primaryimage\"},\"thumbnailUrl\":\"https:\/\/i0.wp.com\/blogdobispo.com.br\/wp-content\/uploads\/2025\/11\/LTwe7n4w7tl7XmTrahkFN8P1a75ZQz5jGmy9Ld5b.jpg?fit=1620%2C1080&ssl=1\",\"articleSection\":[\"diversos\"],\"inLanguage\":\"pt-BR\",\"potentialAction\":[{\"@type\":\"CommentAction\",\"name\":\"Comment\",\"target\":[\"https:\/\/blogdobispo.com.br\/?p=18678#respond\"]}]},{\"@type\":\"WebPage\",\"@id\":\"https:\/\/blogdobispo.com.br\/?p=18678\",\"url\":\"https:\/\/blogdobispo.com.br\/?p=18678\",\"name\":\"Vivaldo destaca obra liter\u00e1ria que resgata mem\u00f3ria e identidade cultural de Caic\u00f3 - Blog do Bispo\",\"isPartOf\":{\"@id\":\"https:\/\/blogdobispo.com.br\/#website\"},\"primaryImageOfPage\":{\"@id\":\"https:\/\/blogdobispo.com.br\/?p=18678#primaryimage\"},\"image\":{\"@id\":\"https:\/\/blogdobispo.com.br\/?p=18678#primaryimage\"},\"thumbnailUrl\":\"https:\/\/i0.wp.com\/blogdobispo.com.br\/wp-content\/uploads\/2025\/11\/LTwe7n4w7tl7XmTrahkFN8P1a75ZQz5jGmy9Ld5b.jpg?fit=1620%2C1080&ssl=1\",\"datePublished\":\"2025-11-28T11:37:53+00:00\",\"dateModified\":\"2025-11-28T11:38:14+00:00\",\"breadcrumb\":{\"@id\":\"https:\/\/blogdobispo.com.br\/?p=18678#breadcrumb\"},\"inLanguage\":\"pt-BR\",\"potentialAction\":[{\"@type\":\"ReadAction\",\"target\":[\"https:\/\/blogdobispo.com.br\/?p=18678\"]}]},{\"@type\":\"ImageObject\",\"inLanguage\":\"pt-BR\",\"@id\":\"https:\/\/blogdobispo.com.br\/?p=18678#primaryimage\",\"url\":\"https:\/\/i0.wp.com\/blogdobispo.com.br\/wp-content\/uploads\/2025\/11\/LTwe7n4w7tl7XmTrahkFN8P1a75ZQz5jGmy9Ld5b.jpg?fit=1620%2C1080&ssl=1\",\"contentUrl\":\"https:\/\/i0.wp.com\/blogdobispo.com.br\/wp-content\/uploads\/2025\/11\/LTwe7n4w7tl7XmTrahkFN8P1a75ZQz5jGmy9Ld5b.jpg?fit=1620%2C1080&ssl=1\",\"width\":1620,\"height\":1080},{\"@type\":\"BreadcrumbList\",\"@id\":\"https:\/\/blogdobispo.com.br\/?p=18678#breadcrumb\",\"itemListElement\":[{\"@type\":\"ListItem\",\"position\":1,\"name\":\"In\u00edcio\",\"item\":\"https:\/\/blogdobispo.com.br\/\"},{\"@type\":\"ListItem\",\"position\":2,\"name\":\"Vivaldo destaca obra liter\u00e1ria que resgata mem\u00f3ria e identidade cultural de Caic\u00f3\"}]},{\"@type\":\"WebSite\",\"@id\":\"https:\/\/blogdobispo.com.br\/#website\",\"url\":\"https:\/\/blogdobispo.com.br\/\",\"name\":\"Blog do Bispo\",\"description\":\"Comprometido apenas com o leitor\",\"publisher\":{\"@id\":\"https:\/\/blogdobispo.com.br\/#organization\"},\"potentialAction\":[{\"@type\":\"SearchAction\",\"target\":{\"@type\":\"EntryPoint\",\"urlTemplate\":\"https:\/\/blogdobispo.com.br\/?s={search_term_string}\"},\"query-input\":{\"@type\":\"PropertyValueSpecification\",\"valueRequired\":true,\"valueName\":\"search_term_string\"}}],\"inLanguage\":\"pt-BR\"},{\"@type\":\"Organization\",\"@id\":\"https:\/\/blogdobispo.com.br\/#organization\",\"name\":\"Blog do Bispo\",\"url\":\"https:\/\/blogdobispo.com.br\/\",\"logo\":{\"@type\":\"ImageObject\",\"inLanguage\":\"pt-BR\",\"@id\":\"https:\/\/blogdobispo.com.br\/#\/schema\/logo\/image\/\",\"url\":\"http:\/\/blogdobispo.com.br\/wp-content\/uploads\/2023\/05\/cropped-headear.png\",\"contentUrl\":\"http:\/\/blogdobispo.com.br\/wp-content\/uploads\/2023\/05\/cropped-headear.png\",\"width\":1500,\"height\":399,\"caption\":\"Blog do Bispo\"},\"image\":{\"@id\":\"https:\/\/blogdobispo.com.br\/#\/schema\/logo\/image\/\"}},{\"@type\":\"Person\",\"@id\":\"https:\/\/blogdobispo.com.br\/#\/schema\/person\/e2209cc0e6cea5c5233d033e997b373f\",\"name\":\"Jefferson Sterfeno\",\"image\":{\"@type\":\"ImageObject\",\"inLanguage\":\"pt-BR\",\"@id\":\"https:\/\/blogdobispo.com.br\/#\/schema\/person\/image\/\",\"url\":\"https:\/\/secure.gravatar.com\/avatar\/0534e84764641168a677026b6d57a3f51dc7ac4db0b4f6186d9cb330d4ee1160?s=96&d=mm&r=g\",\"contentUrl\":\"https:\/\/secure.gravatar.com\/avatar\/0534e84764641168a677026b6d57a3f51dc7ac4db0b4f6186d9cb330d4ee1160?s=96&d=mm&r=g\",\"caption\":\"Jefferson Sterfeno\"},\"sameAs\":[\"http:\/\/blogdobispo.com.br\"],\"url\":\"https:\/\/blogdobispo.com.br\/?author=1\"}]}<\/script>\n<!-- \/ Yoast SEO plugin. -->","yoast_head_json":{"title":"Vivaldo destaca obra liter\u00e1ria que resgata mem\u00f3ria e identidade cultural de Caic\u00f3 - Blog do Bispo","robots":{"index":"index","follow":"follow","max-snippet":"max-snippet:-1","max-image-preview":"max-image-preview:large","max-video-preview":"max-video-preview:-1"},"canonical":"https:\/\/blogdobispo.com.br\/?p=18678","og_locale":"pt_BR","og_type":"article","og_title":"Vivaldo destaca obra liter\u00e1ria que resgata mem\u00f3ria e identidade cultural de Caic\u00f3 - Blog do Bispo","og_description":"O deputado estadual Vivaldo Costa (PV) utilizou a tribuna da Assembleia Legislativa do Rio Grande do Norte para homenagear sua terra natal, Caic\u00f3, e destacar a import\u00e2ncia do livro \u201cCaic\u00f3 de Antigamente\u201d, escrito pelo jornalista e advogado Ruy Medeiros Fernandes. Durante o pronunciamento, Vivaldo ressaltou que a obra re\u00fane cr\u00f4nicas e relatos que preservam a [&hellip;]","og_url":"https:\/\/blogdobispo.com.br\/?p=18678","og_site_name":"Blog do Bispo","article_published_time":"2025-11-28T11:37:53+00:00","article_modified_time":"2025-11-28T11:38:14+00:00","og_image":[{"width":1620,"height":1080,"url":"http:\/\/blogdobispo.com.br\/wp-content\/uploads\/2025\/11\/LTwe7n4w7tl7XmTrahkFN8P1a75ZQz5jGmy9Ld5b.jpg","type":"image\/jpeg"}],"author":"Jefferson Sterfeno","twitter_card":"summary_large_image","twitter_misc":{"Escrito por":"Jefferson Sterfeno","Est. tempo de leitura":"3 minutos"},"schema":{"@context":"https:\/\/schema.org","@graph":[{"@type":"Article","@id":"https:\/\/blogdobispo.com.br\/?p=18678#article","isPartOf":{"@id":"https:\/\/blogdobispo.com.br\/?p=18678"},"author":{"name":"Jefferson Sterfeno","@id":"https:\/\/blogdobispo.com.br\/#\/schema\/person\/e2209cc0e6cea5c5233d033e997b373f"},"headline":"Vivaldo destaca obra liter\u00e1ria que resgata mem\u00f3ria e identidade cultural de Caic\u00f3","datePublished":"2025-11-28T11:37:53+00:00","dateModified":"2025-11-28T11:38:14+00:00","mainEntityOfPage":{"@id":"https:\/\/blogdobispo.com.br\/?p=18678"},"wordCount":376,"commentCount":0,"publisher":{"@id":"https:\/\/blogdobispo.com.br\/#organization"},"image":{"@id":"https:\/\/blogdobispo.com.br\/?p=18678#primaryimage"},"thumbnailUrl":"https:\/\/i0.wp.com\/blogdobispo.com.br\/wp-content\/uploads\/2025\/11\/LTwe7n4w7tl7XmTrahkFN8P1a75ZQz5jGmy9Ld5b.jpg?fit=1620%2C1080&ssl=1","articleSection":["diversos"],"inLanguage":"pt-BR","potentialAction":[{"@type":"CommentAction","name":"Comment","target":["https:\/\/blogdobispo.com.br\/?p=18678#respond"]}]},{"@type":"WebPage","@id":"https:\/\/blogdobispo.com.br\/?p=18678","url":"https:\/\/blogdobispo.com.br\/?p=18678","name":"Vivaldo destaca obra liter\u00e1ria que resgata mem\u00f3ria e identidade cultural de Caic\u00f3 - Blog do Bispo","isPartOf":{"@id":"https:\/\/blogdobispo.com.br\/#website"},"primaryImageOfPage":{"@id":"https:\/\/blogdobispo.com.br\/?p=18678#primaryimage"},"image":{"@id":"https:\/\/blogdobispo.com.br\/?p=18678#primaryimage"},"thumbnailUrl":"https:\/\/i0.wp.com\/blogdobispo.com.br\/wp-content\/uploads\/2025\/11\/LTwe7n4w7tl7XmTrahkFN8P1a75ZQz5jGmy9Ld5b.jpg?fit=1620%2C1080&ssl=1","datePublished":"2025-11-28T11:37:53+00:00","dateModified":"2025-11-28T11:38:14+00:00","breadcrumb":{"@id":"https:\/\/blogdobispo.com.br\/?p=18678#breadcrumb"},"inLanguage":"pt-BR","potentialAction":[{"@type":"ReadAction","target":["https:\/\/blogdobispo.com.br\/?p=18678"]}]},{"@type":"ImageObject","inLanguage":"pt-BR","@id":"https:\/\/blogdobispo.com.br\/?p=18678#primaryimage","url":"https:\/\/i0.wp.com\/blogdobispo.com.br\/wp-content\/uploads\/2025\/11\/LTwe7n4w7tl7XmTrahkFN8P1a75ZQz5jGmy9Ld5b.jpg?fit=1620%2C1080&ssl=1","contentUrl":"https:\/\/i0.wp.com\/blogdobispo.com.br\/wp-content\/uploads\/2025\/11\/LTwe7n4w7tl7XmTrahkFN8P1a75ZQz5jGmy9Ld5b.jpg?fit=1620%2C1080&ssl=1","width":1620,"height":1080},{"@type":"BreadcrumbList","@id":"https:\/\/blogdobispo.com.br\/?p=18678#breadcrumb","itemListElement":[{"@type":"ListItem","position":1,"name":"In\u00edcio","item":"https:\/\/blogdobispo.com.br\/"},{"@type":"ListItem","position":2,"name":"Vivaldo destaca obra liter\u00e1ria que resgata mem\u00f3ria e identidade cultural de Caic\u00f3"}]},{"@type":"WebSite","@id":"https:\/\/blogdobispo.com.br\/#website","url":"https:\/\/blogdobispo.com.br\/","name":"Blog do Bispo","description":"Comprometido apenas com o leitor","publisher":{"@id":"https:\/\/blogdobispo.com.br\/#organization"},"potentialAction":[{"@type":"SearchAction","target":{"@type":"EntryPoint","urlTemplate":"https:\/\/blogdobispo.com.br\/?s={search_term_string}"},"query-input":{"@type":"PropertyValueSpecification","valueRequired":true,"valueName":"search_term_string"}}],"inLanguage":"pt-BR"},{"@type":"Organization","@id":"https:\/\/blogdobispo.com.br\/#organization","name":"Blog do Bispo","url":"https:\/\/blogdobispo.com.br\/","logo":{"@type":"ImageObject","inLanguage":"pt-BR","@id":"https:\/\/blogdobispo.com.br\/#\/schema\/logo\/image\/","url":"http:\/\/blogdobispo.com.br\/wp-content\/uploads\/2023\/05\/cropped-headear.png","contentUrl":"http:\/\/blogdobispo.com.br\/wp-content\/uploads\/2023\/05\/cropped-headear.png","width":1500,"height":399,"caption":"Blog do Bispo"},"image":{"@id":"https:\/\/blogdobispo.com.br\/#\/schema\/logo\/image\/"}},{"@type":"Person","@id":"https:\/\/blogdobispo.com.br\/#\/schema\/person\/e2209cc0e6cea5c5233d033e997b373f","name":"Jefferson Sterfeno","image":{"@type":"ImageObject","inLanguage":"pt-BR","@id":"https:\/\/blogdobispo.com.br\/#\/schema\/person\/image\/","url":"https:\/\/secure.gravatar.com\/avatar\/0534e84764641168a677026b6d57a3f51dc7ac4db0b4f6186d9cb330d4ee1160?s=96&d=mm&r=g","contentUrl":"https:\/\/secure.gravatar.com\/avatar\/0534e84764641168a677026b6d57a3f51dc7ac4db0b4f6186d9cb330d4ee1160?s=96&d=mm&r=g","caption":"Jefferson Sterfeno"},"sameAs":["http:\/\/blogdobispo.com.br"],"url":"https:\/\/blogdobispo.com.br\/?author=1"}]}},"featured_image_urls":{"full":["https:\/\/i0.wp.com\/blogdobispo.com.br\/wp-content\/uploads\/2025\/11\/LTwe7n4w7tl7XmTrahkFN8P1a75ZQz5jGmy9Ld5b.jpg?fit=1620%2C1080&ssl=1",1620,1080,false],"thumbnail":["https:\/\/i0.wp.com\/blogdobispo.com.br\/wp-content\/uploads\/2025\/11\/LTwe7n4w7tl7XmTrahkFN8P1a75ZQz5jGmy9Ld5b.jpg?resize=150%2C150&ssl=1",150,150,true],"medium":["https:\/\/i0.wp.com\/blogdobispo.com.br\/wp-content\/uploads\/2025\/11\/LTwe7n4w7tl7XmTrahkFN8P1a75ZQz5jGmy9Ld5b.jpg?fit=300%2C200&ssl=1",300,200,true],"medium_large":["https:\/\/i0.wp.com\/blogdobispo.com.br\/wp-content\/uploads\/2025\/11\/LTwe7n4w7tl7XmTrahkFN8P1a75ZQz5jGmy9Ld5b.jpg?fit=768%2C512&ssl=1",768,512,true],"large":["https:\/\/i0.wp.com\/blogdobispo.com.br\/wp-content\/uploads\/2025\/11\/LTwe7n4w7tl7XmTrahkFN8P1a75ZQz5jGmy9Ld5b.jpg?fit=800%2C534&ssl=1",800,534,true],"1536x1536":["https:\/\/i0.wp.com\/blogdobispo.com.br\/wp-content\/uploads\/2025\/11\/LTwe7n4w7tl7XmTrahkFN8P1a75ZQz5jGmy9Ld5b.jpg?fit=1536%2C1024&ssl=1",1536,1024,true],"2048x2048":["https:\/\/i0.wp.com\/blogdobispo.com.br\/wp-content\/uploads\/2025\/11\/LTwe7n4w7tl7XmTrahkFN8P1a75ZQz5jGmy9Ld5b.jpg?fit=1620%2C1080&ssl=1",1620,1080,true]},"author_info":{"display_name":"Jefferson Sterfeno","author_link":"https:\/\/blogdobispo.com.br\/?author=1"},"category_info":"<a href=\"https:\/\/blogdobispo.com.br\/?cat=1\" rel=\"category\">diversos<\/a>","tag_info":"diversos","comment_count":"0","jetpack_featured_media_url":"https:\/\/i0.wp.com\/blogdobispo.com.br\/wp-content\/uploads\/2025\/11\/LTwe7n4w7tl7XmTrahkFN8P1a75ZQz5jGmy9Ld5b.jpg?fit=1620%2C1080&ssl=1","jetpack_sharing_enabled":true,"_links":{"self":[{"href":"https:\/\/blogdobispo.com.br\/index.php?rest_route=\/wp\/v2\/posts\/18678","targetHints":{"allow":["GET"]}}],"collection":[{"href":"https:\/\/blogdobispo.com.br\/index.php?rest_route=\/wp\/v2\/posts"}],"about":[{"href":"https:\/\/blogdobispo.com.br\/index.php?rest_route=\/wp\/v2\/types\/post"}],"author":[{"embeddable":true,"href":"https:\/\/blogdobispo.com.br\/index.php?rest_route=\/wp\/v2\/users\/1"}],"replies":[{"embeddable":true,"href":"https:\/\/blogdobispo.com.br\/index.php?rest_route=%2Fwp%2Fv2%2Fcomments&post=18678"}],"version-history":[{"count":1,"href":"https:\/\/blogdobispo.com.br\/index.php?rest_route=\/wp\/v2\/posts\/18678\/revisions"}],"predecessor-version":[{"id":18680,"href":"https:\/\/blogdobispo.com.br\/index.php?rest_route=\/wp\/v2\/posts\/18678\/revisions\/18680"}],"wp:featuredmedia":[{"embeddable":true,"href":"https:\/\/blogdobispo.com.br\/index.php?rest_route=\/wp\/v2\/media\/18679"}],"wp:attachment":[{"href":"https:\/\/blogdobispo.com.br\/index.php?rest_route=%2Fwp%2Fv2%2Fmedia&parent=18678"}],"wp:term":[{"taxonomy":"category","embeddable":true,"href":"https:\/\/blogdobispo.com.br\/index.php?rest_route=%2Fwp%2Fv2%2Fcategories&post=18678"},{"taxonomy":"post_tag","embeddable":true,"href":"https:\/\/blogdobispo.com.br\/index.php?rest_route=%2Fwp%2Fv2%2Ftags&post=18678"}],"curies":[{"name":"wp","href":"https:\/\/api.w.org\/{rel}","templated":true}]}}