{"id":18675,"date":"2025-11-28T11:35:55","date_gmt":"2025-11-28T11:35:55","guid":{"rendered":"https:\/\/blogdobispo.com.br\/?p=18675"},"modified":"2025-11-28T11:35:55","modified_gmt":"2025-11-28T11:35:55","slug":"audiencia-debate-acolhimento-institucional-de-criancas-e-adolescentes-em-natal","status":"publish","type":"post","link":"https:\/\/blogdobispo.com.br\/?p=18675","title":{"rendered":"Audi\u00eancia debate acolhimento institucional de crian\u00e7as e adolescentes em Natal"},"content":{"rendered":"<p>Nesta quinta-feira (27), a Frente Parlamentar em Defesa dos Direitos da Crian\u00e7a e do Adolescente da C\u00e2mara Municipal de Natal realizou uma audi\u00eancia p\u00fablica para debater o seguinte tema: \u201cAcolhimento institucional de crian\u00e7as e adolescentes em Natal: desafios para a prote\u00e7\u00e3o integral&#8221;.<\/p>\n<p>A rede de acolhimento para crian\u00e7as e adolescentes em Natal inclui o Centro Abra\u00e7ar, que oferece atendimento multidisciplinar para casos de viol\u00eancia, o Sistema \u00danico de Assist\u00eancia Social (SUAS), com unidades de acolhimento institucional e o programa Consult\u00f3rio na Rua para pessoas em situa\u00e7\u00e3o de vulnerabilidade, e organiza\u00e7\u00f5es como o Projeto Acalanto Natal e a Aldeias Infantis SOS Brasil, que atuam em apoio, fortalecimento familiar e ado\u00e7\u00e3o.<\/p>\n<p>O vereador Daniel Valen\u00e7a (PT), afirmou que a audi\u00eancia \u00e9 importante, porque re\u00fane Poder Executivo, Poder Legislativo, Minist\u00e9rio P\u00fablico, v\u00e1rios trabalhadores, trabalhadoras e gestores que atuam na ponta para um momento de troca de experi\u00eancia. &#8220;Destacamos que \u00e9 fundamental que a gente tenha concurso p\u00fablico para que tenhamos mais pessoas qualificadas, preparadas, com independ\u00eancia para executar e melhorar as pol\u00edticas p\u00fablicas da assist\u00eancia social&#8221;, defendeu ele, que prop\u00f4s o tema para a audi\u00eancia.<\/p>\n<p>Em seguida, o presidente da Frente Parlamentar, vereador Pedro Henrique (PP), disse que o encontro surgiu das visitas que os parlamentares realizam nas unidades de acolhimento da cidade.\u00a0 &#8220;Tamb\u00e9m participam desse grupo tem\u00e1tico os vereadores Daniell Rendall, Daniel Santiago, Daniel Val\u00eancia, Tony Henrique e Jo\u00e3o Batista Torres. Todos sugerem assuntos, opinam, d\u00e3o sugest\u00f5es, presidem reuni\u00f5es. Ou seja, trabalhamos de forma democr\u00e1tica, sempre pensando em melhorias para as crian\u00e7as e os adolescentes natalenses. Dito isso, precisamos ampliar os servi\u00e7os, de mais profissionais e novos espa\u00e7os para atender cada dia melhor a inf\u00e2ncia e a adolesc\u00eancia&#8221;.<\/p>\n<p>A secret\u00e1ria adjunta da Secretaria Municipal de Trabalho e Assist\u00eancia Social (SEMTAS), Auricea Xavier, lembrou que as pol\u00edticas para o p\u00fablico infantojuvenil s\u00e3o intersetoriais e, por este motivo, precisam ser discutidas de forma coletiva. &#8220;Envolve os sistemas de justi\u00e7a, de garantias de direitos, sa\u00fade e educa\u00e7\u00e3o. Ent\u00e3o, somos pe\u00e7as diferentes da mesma engrenagem. E para garantir que a estrutura de acolhimento funcione perfeitamente, precisamos que todas as partes estejam envolvidas e comprometidas&#8221;, pontuou.<\/p>\n<p>Representando o Minist\u00e9rio P\u00fablico do Rio Grande do Norte, o promotor Marcos Aur\u00e9lio frisou que a comunica\u00e7\u00e3o e colabora\u00e7\u00e3o entre \u00f3rg\u00e3os e institui\u00e7\u00f5es s\u00e3o cruciais para o sucesso das pol\u00edticas p\u00fablicas, especialmente no acolhimento institucional. &#8220;Nenhuma institui\u00e7\u00e3o consegue suprir todas as demandas sozinha, sendo fundamental a uni\u00e3o de esfor\u00e7os, o estabelecimento de fluxos e a constru\u00e7\u00e3o de solu\u00e7\u00f5es integradas. Aproveito para ressaltar a grande contribui\u00e7\u00e3o que a C\u00e2mara Municipal oferece quando evidencia este debate para o conjunto da popula\u00e7\u00e3o&#8221;.<\/p>\n<p><em><strong>Texto: Junior Martins<br \/>\nFotos: Elp\u00eddio J\u00fanior<\/strong><\/em><img data-recalc-dims=\"1\" fetchpriority=\"high\" decoding=\"async\" class=\"alignnone size-medium wp-image-18676\" src=\"https:\/\/i0.wp.com\/blogdobispo.com.br\/wp-content\/uploads\/2025\/11\/204b361842e6a9e499df4c65cad82202.jpeg?resize=300%2C200\" alt=\"\" width=\"300\" height=\"200\" srcset=\"https:\/\/i0.wp.com\/blogdobispo.com.br\/wp-content\/uploads\/2025\/11\/204b361842e6a9e499df4c65cad82202.jpeg?resize=300%2C200&amp;ssl=1 300w, https:\/\/i0.wp.com\/blogdobispo.com.br\/wp-content\/uploads\/2025\/11\/204b361842e6a9e499df4c65cad82202.jpeg?resize=1024%2C682&amp;ssl=1 1024w, https:\/\/i0.wp.com\/blogdobispo.com.br\/wp-content\/uploads\/2025\/11\/204b361842e6a9e499df4c65cad82202.jpeg?resize=768%2C512&amp;ssl=1 768w, https:\/\/i0.wp.com\/blogdobispo.com.br\/wp-content\/uploads\/2025\/11\/204b361842e6a9e499df4c65cad82202.jpeg?resize=1536%2C1023&amp;ssl=1 1536w, https:\/\/i0.wp.com\/blogdobispo.com.br\/wp-content\/uploads\/2025\/11\/204b361842e6a9e499df4c65cad82202.jpeg?w=1600&amp;ssl=1 1600w\" sizes=\"(max-width: 300px) 100vw, 300px\" \/><\/p>\n","protected":false},"excerpt":{"rendered":"<p>Nesta quinta-feira (27), a Frente Parlamentar em Defesa dos Direitos da Crian\u00e7a e do Adolescente da C\u00e2mara Municipal de Natal realizou uma audi\u00eancia p\u00fablica para debater o seguinte tema: \u201cAcolhimento institucional de crian\u00e7as e adolescentes em Natal: desafios para a prote\u00e7\u00e3o integral&#8221;. A rede de acolhimento para crian\u00e7as e adolescentes em Natal inclui o Centro [&hellip;]<\/p>\n","protected":false},"author":1,"featured_media":18676,"comment_status":"open","ping_status":"open","sticky":false,"template":"","format":"standard","meta":{"cybocfi_hide_featured_image":"","_jetpack_memberships_contains_paid_content":false,"footnotes":""},"categories":[1],"tags":[],"class_list":["post-18675","post","type-post","status-publish","format-standard","has-post-thumbnail","hentry","category-diversos"],"yoast_head":"<!-- This site is optimized with the Yoast SEO plugin v25.6 - https:\/\/yoast.com\/wordpress\/plugins\/seo\/ -->\n<title>Audi\u00eancia debate acolhimento institucional de crian\u00e7as e adolescentes em Natal - Blog do Bispo<\/title>\n<meta name=\"robots\" content=\"index, follow, max-snippet:-1, max-image-preview:large, max-video-preview:-1\" \/>\n<link rel=\"canonical\" href=\"https:\/\/blogdobispo.com.br\/?p=18675\" \/>\n<meta property=\"og:locale\" content=\"pt_BR\" \/>\n<meta property=\"og:type\" content=\"article\" \/>\n<meta property=\"og:title\" content=\"Audi\u00eancia debate acolhimento institucional de crian\u00e7as e adolescentes em Natal - Blog do Bispo\" \/>\n<meta property=\"og:description\" content=\"Nesta quinta-feira (27), a Frente Parlamentar em Defesa dos Direitos da Crian\u00e7a e do Adolescente da C\u00e2mara Municipal de Natal realizou uma audi\u00eancia p\u00fablica para debater o seguinte tema: \u201cAcolhimento institucional de crian\u00e7as e adolescentes em Natal: desafios para a prote\u00e7\u00e3o integral&#8221;. A rede de acolhimento para crian\u00e7as e adolescentes em Natal inclui o Centro [&hellip;]\" \/>\n<meta property=\"og:url\" content=\"https:\/\/blogdobispo.com.br\/?p=18675\" \/>\n<meta property=\"og:site_name\" content=\"Blog do Bispo\" \/>\n<meta property=\"article:published_time\" content=\"2025-11-28T11:35:55+00:00\" \/>\n<meta property=\"og:image\" content=\"http:\/\/blogdobispo.com.br\/wp-content\/uploads\/2025\/11\/204b361842e6a9e499df4c65cad82202.jpeg\" \/>\n\t<meta property=\"og:image:width\" content=\"1600\" \/>\n\t<meta property=\"og:image:height\" content=\"1066\" \/>\n\t<meta property=\"og:image:type\" content=\"image\/jpeg\" \/>\n<meta name=\"author\" content=\"Jefferson Sterfeno\" \/>\n<meta name=\"twitter:card\" content=\"summary_large_image\" \/>\n<meta name=\"twitter:label1\" content=\"Escrito por\" \/>\n\t<meta name=\"twitter:data1\" content=\"Jefferson Sterfeno\" \/>\n\t<meta name=\"twitter:label2\" content=\"Est. tempo de leitura\" \/>\n\t<meta name=\"twitter:data2\" content=\"3 minutos\" \/>\n<script type=\"application\/ld+json\" class=\"yoast-schema-graph\">{\"@context\":\"https:\/\/schema.org\",\"@graph\":[{\"@type\":\"Article\",\"@id\":\"https:\/\/blogdobispo.com.br\/?p=18675#article\",\"isPartOf\":{\"@id\":\"https:\/\/blogdobispo.com.br\/?p=18675\"},\"author\":{\"name\":\"Jefferson Sterfeno\",\"@id\":\"https:\/\/blogdobispo.com.br\/#\/schema\/person\/e2209cc0e6cea5c5233d033e997b373f\"},\"headline\":\"Audi\u00eancia debate acolhimento institucional de crian\u00e7as e adolescentes em Natal\",\"datePublished\":\"2025-11-28T11:35:55+00:00\",\"mainEntityOfPage\":{\"@id\":\"https:\/\/blogdobispo.com.br\/?p=18675\"},\"wordCount\":514,\"commentCount\":0,\"publisher\":{\"@id\":\"https:\/\/blogdobispo.com.br\/#organization\"},\"image\":{\"@id\":\"https:\/\/blogdobispo.com.br\/?p=18675#primaryimage\"},\"thumbnailUrl\":\"https:\/\/i0.wp.com\/blogdobispo.com.br\/wp-content\/uploads\/2025\/11\/204b361842e6a9e499df4c65cad82202.jpeg?fit=1600%2C1066&ssl=1\",\"articleSection\":[\"diversos\"],\"inLanguage\":\"pt-BR\",\"potentialAction\":[{\"@type\":\"CommentAction\",\"name\":\"Comment\",\"target\":[\"https:\/\/blogdobispo.com.br\/?p=18675#respond\"]}]},{\"@type\":\"WebPage\",\"@id\":\"https:\/\/blogdobispo.com.br\/?p=18675\",\"url\":\"https:\/\/blogdobispo.com.br\/?p=18675\",\"name\":\"Audi\u00eancia debate acolhimento institucional de crian\u00e7as e adolescentes em Natal - Blog do Bispo\",\"isPartOf\":{\"@id\":\"https:\/\/blogdobispo.com.br\/#website\"},\"primaryImageOfPage\":{\"@id\":\"https:\/\/blogdobispo.com.br\/?p=18675#primaryimage\"},\"image\":{\"@id\":\"https:\/\/blogdobispo.com.br\/?p=18675#primaryimage\"},\"thumbnailUrl\":\"https:\/\/i0.wp.com\/blogdobispo.com.br\/wp-content\/uploads\/2025\/11\/204b361842e6a9e499df4c65cad82202.jpeg?fit=1600%2C1066&ssl=1\",\"datePublished\":\"2025-11-28T11:35:55+00:00\",\"breadcrumb\":{\"@id\":\"https:\/\/blogdobispo.com.br\/?p=18675#breadcrumb\"},\"inLanguage\":\"pt-BR\",\"potentialAction\":[{\"@type\":\"ReadAction\",\"target\":[\"https:\/\/blogdobispo.com.br\/?p=18675\"]}]},{\"@type\":\"ImageObject\",\"inLanguage\":\"pt-BR\",\"@id\":\"https:\/\/blogdobispo.com.br\/?p=18675#primaryimage\",\"url\":\"https:\/\/i0.wp.com\/blogdobispo.com.br\/wp-content\/uploads\/2025\/11\/204b361842e6a9e499df4c65cad82202.jpeg?fit=1600%2C1066&ssl=1\",\"contentUrl\":\"https:\/\/i0.wp.com\/blogdobispo.com.br\/wp-content\/uploads\/2025\/11\/204b361842e6a9e499df4c65cad82202.jpeg?fit=1600%2C1066&ssl=1\",\"width\":1600,\"height\":1066},{\"@type\":\"BreadcrumbList\",\"@id\":\"https:\/\/blogdobispo.com.br\/?p=18675#breadcrumb\",\"itemListElement\":[{\"@type\":\"ListItem\",\"position\":1,\"name\":\"In\u00edcio\",\"item\":\"https:\/\/blogdobispo.com.br\/\"},{\"@type\":\"ListItem\",\"position\":2,\"name\":\"Audi\u00eancia debate acolhimento institucional de crian\u00e7as e adolescentes em Natal\"}]},{\"@type\":\"WebSite\",\"@id\":\"https:\/\/blogdobispo.com.br\/#website\",\"url\":\"https:\/\/blogdobispo.com.br\/\",\"name\":\"Blog do Bispo\",\"description\":\"Comprometido apenas com o leitor\",\"publisher\":{\"@id\":\"https:\/\/blogdobispo.com.br\/#organization\"},\"potentialAction\":[{\"@type\":\"SearchAction\",\"target\":{\"@type\":\"EntryPoint\",\"urlTemplate\":\"https:\/\/blogdobispo.com.br\/?s={search_term_string}\"},\"query-input\":{\"@type\":\"PropertyValueSpecification\",\"valueRequired\":true,\"valueName\":\"search_term_string\"}}],\"inLanguage\":\"pt-BR\"},{\"@type\":\"Organization\",\"@id\":\"https:\/\/blogdobispo.com.br\/#organization\",\"name\":\"Blog do Bispo\",\"url\":\"https:\/\/blogdobispo.com.br\/\",\"logo\":{\"@type\":\"ImageObject\",\"inLanguage\":\"pt-BR\",\"@id\":\"https:\/\/blogdobispo.com.br\/#\/schema\/logo\/image\/\",\"url\":\"http:\/\/blogdobispo.com.br\/wp-content\/uploads\/2023\/05\/cropped-headear.png\",\"contentUrl\":\"http:\/\/blogdobispo.com.br\/wp-content\/uploads\/2023\/05\/cropped-headear.png\",\"width\":1500,\"height\":399,\"caption\":\"Blog do Bispo\"},\"image\":{\"@id\":\"https:\/\/blogdobispo.com.br\/#\/schema\/logo\/image\/\"}},{\"@type\":\"Person\",\"@id\":\"https:\/\/blogdobispo.com.br\/#\/schema\/person\/e2209cc0e6cea5c5233d033e997b373f\",\"name\":\"Jefferson Sterfeno\",\"image\":{\"@type\":\"ImageObject\",\"inLanguage\":\"pt-BR\",\"@id\":\"https:\/\/blogdobispo.com.br\/#\/schema\/person\/image\/\",\"url\":\"https:\/\/secure.gravatar.com\/avatar\/0534e84764641168a677026b6d57a3f51dc7ac4db0b4f6186d9cb330d4ee1160?s=96&d=mm&r=g\",\"contentUrl\":\"https:\/\/secure.gravatar.com\/avatar\/0534e84764641168a677026b6d57a3f51dc7ac4db0b4f6186d9cb330d4ee1160?s=96&d=mm&r=g\",\"caption\":\"Jefferson Sterfeno\"},\"sameAs\":[\"http:\/\/blogdobispo.com.br\"],\"url\":\"https:\/\/blogdobispo.com.br\/?author=1\"}]}<\/script>\n<!-- \/ Yoast SEO plugin. -->","yoast_head_json":{"title":"Audi\u00eancia debate acolhimento institucional de crian\u00e7as e adolescentes em Natal - Blog do Bispo","robots":{"index":"index","follow":"follow","max-snippet":"max-snippet:-1","max-image-preview":"max-image-preview:large","max-video-preview":"max-video-preview:-1"},"canonical":"https:\/\/blogdobispo.com.br\/?p=18675","og_locale":"pt_BR","og_type":"article","og_title":"Audi\u00eancia debate acolhimento institucional de crian\u00e7as e adolescentes em Natal - Blog do Bispo","og_description":"Nesta quinta-feira (27), a Frente Parlamentar em Defesa dos Direitos da Crian\u00e7a e do Adolescente da C\u00e2mara Municipal de Natal realizou uma audi\u00eancia p\u00fablica para debater o seguinte tema: \u201cAcolhimento institucional de crian\u00e7as e adolescentes em Natal: desafios para a prote\u00e7\u00e3o integral&#8221;. A rede de acolhimento para crian\u00e7as e adolescentes em Natal inclui o Centro [&hellip;]","og_url":"https:\/\/blogdobispo.com.br\/?p=18675","og_site_name":"Blog do Bispo","article_published_time":"2025-11-28T11:35:55+00:00","og_image":[{"width":1600,"height":1066,"url":"http:\/\/blogdobispo.com.br\/wp-content\/uploads\/2025\/11\/204b361842e6a9e499df4c65cad82202.jpeg","type":"image\/jpeg"}],"author":"Jefferson Sterfeno","twitter_card":"summary_large_image","twitter_misc":{"Escrito por":"Jefferson Sterfeno","Est. tempo de leitura":"3 minutos"},"schema":{"@context":"https:\/\/schema.org","@graph":[{"@type":"Article","@id":"https:\/\/blogdobispo.com.br\/?p=18675#article","isPartOf":{"@id":"https:\/\/blogdobispo.com.br\/?p=18675"},"author":{"name":"Jefferson Sterfeno","@id":"https:\/\/blogdobispo.com.br\/#\/schema\/person\/e2209cc0e6cea5c5233d033e997b373f"},"headline":"Audi\u00eancia debate acolhimento institucional de crian\u00e7as e adolescentes em Natal","datePublished":"2025-11-28T11:35:55+00:00","mainEntityOfPage":{"@id":"https:\/\/blogdobispo.com.br\/?p=18675"},"wordCount":514,"commentCount":0,"publisher":{"@id":"https:\/\/blogdobispo.com.br\/#organization"},"image":{"@id":"https:\/\/blogdobispo.com.br\/?p=18675#primaryimage"},"thumbnailUrl":"https:\/\/i0.wp.com\/blogdobispo.com.br\/wp-content\/uploads\/2025\/11\/204b361842e6a9e499df4c65cad82202.jpeg?fit=1600%2C1066&ssl=1","articleSection":["diversos"],"inLanguage":"pt-BR","potentialAction":[{"@type":"CommentAction","name":"Comment","target":["https:\/\/blogdobispo.com.br\/?p=18675#respond"]}]},{"@type":"WebPage","@id":"https:\/\/blogdobispo.com.br\/?p=18675","url":"https:\/\/blogdobispo.com.br\/?p=18675","name":"Audi\u00eancia debate acolhimento institucional de crian\u00e7as e adolescentes em Natal - Blog do Bispo","isPartOf":{"@id":"https:\/\/blogdobispo.com.br\/#website"},"primaryImageOfPage":{"@id":"https:\/\/blogdobispo.com.br\/?p=18675#primaryimage"},"image":{"@id":"https:\/\/blogdobispo.com.br\/?p=18675#primaryimage"},"thumbnailUrl":"https:\/\/i0.wp.com\/blogdobispo.com.br\/wp-content\/uploads\/2025\/11\/204b361842e6a9e499df4c65cad82202.jpeg?fit=1600%2C1066&ssl=1","datePublished":"2025-11-28T11:35:55+00:00","breadcrumb":{"@id":"https:\/\/blogdobispo.com.br\/?p=18675#breadcrumb"},"inLanguage":"pt-BR","potentialAction":[{"@type":"ReadAction","target":["https:\/\/blogdobispo.com.br\/?p=18675"]}]},{"@type":"ImageObject","inLanguage":"pt-BR","@id":"https:\/\/blogdobispo.com.br\/?p=18675#primaryimage","url":"https:\/\/i0.wp.com\/blogdobispo.com.br\/wp-content\/uploads\/2025\/11\/204b361842e6a9e499df4c65cad82202.jpeg?fit=1600%2C1066&ssl=1","contentUrl":"https:\/\/i0.wp.com\/blogdobispo.com.br\/wp-content\/uploads\/2025\/11\/204b361842e6a9e499df4c65cad82202.jpeg?fit=1600%2C1066&ssl=1","width":1600,"height":1066},{"@type":"BreadcrumbList","@id":"https:\/\/blogdobispo.com.br\/?p=18675#breadcrumb","itemListElement":[{"@type":"ListItem","position":1,"name":"In\u00edcio","item":"https:\/\/blogdobispo.com.br\/"},{"@type":"ListItem","position":2,"name":"Audi\u00eancia debate acolhimento institucional de crian\u00e7as e adolescentes em Natal"}]},{"@type":"WebSite","@id":"https:\/\/blogdobispo.com.br\/#website","url":"https:\/\/blogdobispo.com.br\/","name":"Blog do Bispo","description":"Comprometido apenas com o leitor","publisher":{"@id":"https:\/\/blogdobispo.com.br\/#organization"},"potentialAction":[{"@type":"SearchAction","target":{"@type":"EntryPoint","urlTemplate":"https:\/\/blogdobispo.com.br\/?s={search_term_string}"},"query-input":{"@type":"PropertyValueSpecification","valueRequired":true,"valueName":"search_term_string"}}],"inLanguage":"pt-BR"},{"@type":"Organization","@id":"https:\/\/blogdobispo.com.br\/#organization","name":"Blog do Bispo","url":"https:\/\/blogdobispo.com.br\/","logo":{"@type":"ImageObject","inLanguage":"pt-BR","@id":"https:\/\/blogdobispo.com.br\/#\/schema\/logo\/image\/","url":"http:\/\/blogdobispo.com.br\/wp-content\/uploads\/2023\/05\/cropped-headear.png","contentUrl":"http:\/\/blogdobispo.com.br\/wp-content\/uploads\/2023\/05\/cropped-headear.png","width":1500,"height":399,"caption":"Blog do Bispo"},"image":{"@id":"https:\/\/blogdobispo.com.br\/#\/schema\/logo\/image\/"}},{"@type":"Person","@id":"https:\/\/blogdobispo.com.br\/#\/schema\/person\/e2209cc0e6cea5c5233d033e997b373f","name":"Jefferson Sterfeno","image":{"@type":"ImageObject","inLanguage":"pt-BR","@id":"https:\/\/blogdobispo.com.br\/#\/schema\/person\/image\/","url":"https:\/\/secure.gravatar.com\/avatar\/0534e84764641168a677026b6d57a3f51dc7ac4db0b4f6186d9cb330d4ee1160?s=96&d=mm&r=g","contentUrl":"https:\/\/secure.gravatar.com\/avatar\/0534e84764641168a677026b6d57a3f51dc7ac4db0b4f6186d9cb330d4ee1160?s=96&d=mm&r=g","caption":"Jefferson Sterfeno"},"sameAs":["http:\/\/blogdobispo.com.br"],"url":"https:\/\/blogdobispo.com.br\/?author=1"}]}},"featured_image_urls":{"full":["https:\/\/i0.wp.com\/blogdobispo.com.br\/wp-content\/uploads\/2025\/11\/204b361842e6a9e499df4c65cad82202.jpeg?fit=1600%2C1066&ssl=1",1600,1066,false],"thumbnail":["https:\/\/i0.wp.com\/blogdobispo.com.br\/wp-content\/uploads\/2025\/11\/204b361842e6a9e499df4c65cad82202.jpeg?resize=150%2C150&ssl=1",150,150,true],"medium":["https:\/\/i0.wp.com\/blogdobispo.com.br\/wp-content\/uploads\/2025\/11\/204b361842e6a9e499df4c65cad82202.jpeg?fit=300%2C200&ssl=1",300,200,true],"medium_large":["https:\/\/i0.wp.com\/blogdobispo.com.br\/wp-content\/uploads\/2025\/11\/204b361842e6a9e499df4c65cad82202.jpeg?fit=768%2C512&ssl=1",768,512,true],"large":["https:\/\/i0.wp.com\/blogdobispo.com.br\/wp-content\/uploads\/2025\/11\/204b361842e6a9e499df4c65cad82202.jpeg?fit=800%2C533&ssl=1",800,533,true],"1536x1536":["https:\/\/i0.wp.com\/blogdobispo.com.br\/wp-content\/uploads\/2025\/11\/204b361842e6a9e499df4c65cad82202.jpeg?fit=1536%2C1023&ssl=1",1536,1023,true],"2048x2048":["https:\/\/i0.wp.com\/blogdobispo.com.br\/wp-content\/uploads\/2025\/11\/204b361842e6a9e499df4c65cad82202.jpeg?fit=1600%2C1066&ssl=1",1600,1066,true]},"author_info":{"display_name":"Jefferson Sterfeno","author_link":"https:\/\/blogdobispo.com.br\/?author=1"},"category_info":"<a href=\"https:\/\/blogdobispo.com.br\/?cat=1\" rel=\"category\">diversos<\/a>","tag_info":"diversos","comment_count":"0","jetpack_featured_media_url":"https:\/\/i0.wp.com\/blogdobispo.com.br\/wp-content\/uploads\/2025\/11\/204b361842e6a9e499df4c65cad82202.jpeg?fit=1600%2C1066&ssl=1","jetpack_sharing_enabled":true,"_links":{"self":[{"href":"https:\/\/blogdobispo.com.br\/index.php?rest_route=\/wp\/v2\/posts\/18675","targetHints":{"allow":["GET"]}}],"collection":[{"href":"https:\/\/blogdobispo.com.br\/index.php?rest_route=\/wp\/v2\/posts"}],"about":[{"href":"https:\/\/blogdobispo.com.br\/index.php?rest_route=\/wp\/v2\/types\/post"}],"author":[{"embeddable":true,"href":"https:\/\/blogdobispo.com.br\/index.php?rest_route=\/wp\/v2\/users\/1"}],"replies":[{"embeddable":true,"href":"https:\/\/blogdobispo.com.br\/index.php?rest_route=%2Fwp%2Fv2%2Fcomments&post=18675"}],"version-history":[{"count":1,"href":"https:\/\/blogdobispo.com.br\/index.php?rest_route=\/wp\/v2\/posts\/18675\/revisions"}],"predecessor-version":[{"id":18677,"href":"https:\/\/blogdobispo.com.br\/index.php?rest_route=\/wp\/v2\/posts\/18675\/revisions\/18677"}],"wp:featuredmedia":[{"embeddable":true,"href":"https:\/\/blogdobispo.com.br\/index.php?rest_route=\/wp\/v2\/media\/18676"}],"wp:attachment":[{"href":"https:\/\/blogdobispo.com.br\/index.php?rest_route=%2Fwp%2Fv2%2Fmedia&parent=18675"}],"wp:term":[{"taxonomy":"category","embeddable":true,"href":"https:\/\/blogdobispo.com.br\/index.php?rest_route=%2Fwp%2Fv2%2Fcategories&post=18675"},{"taxonomy":"post_tag","embeddable":true,"href":"https:\/\/blogdobispo.com.br\/index.php?rest_route=%2Fwp%2Fv2%2Ftags&post=18675"}],"curies":[{"name":"wp","href":"https:\/\/api.w.org\/{rel}","templated":true}]}}