{"id":18674,"date":"2025-11-28T03:11:41","date_gmt":"2025-11-28T03:11:41","guid":{"rendered":"https:\/\/blogdobispo.com.br\/?p=18674"},"modified":"2025-11-28T03:11:41","modified_gmt":"2025-11-28T03:11:41","slug":"pre-candidato-a-deputado-federal-pedro-filho-lancara-o-projeto-valevivo-com-presenca-de-rogerio-marinho-em-assu","status":"publish","type":"post","link":"https:\/\/blogdobispo.com.br\/?p=18674","title":{"rendered":"Pr\u00e9-candidato a deputado federal, Pedro Filho lan\u00e7ar\u00e1 o projeto Vale+Vivo com presen\u00e7a de Rog\u00e9rio Marinho em Assu"},"content":{"rendered":"\n<figure class=\"wp-block-image size-large\"><img data-recalc-dims=\"1\" fetchpriority=\"high\" decoding=\"async\" width=\"576\" height=\"1024\" src=\"https:\/\/i0.wp.com\/blogdobispo.com.br\/wp-content\/uploads\/2025\/11\/img_7945-576x1024.jpg?resize=576%2C1024&#038;ssl=1\" class=\"wp-image-18673\" srcset=\"https:\/\/i0.wp.com\/blogdobispo.com.br\/wp-content\/uploads\/2025\/11\/img_7945.jpg?resize=576%2C1024&amp;ssl=1 576w, https:\/\/i0.wp.com\/blogdobispo.com.br\/wp-content\/uploads\/2025\/11\/img_7945.jpg?resize=169%2C300&amp;ssl=1 169w, https:\/\/i0.wp.com\/blogdobispo.com.br\/wp-content\/uploads\/2025\/11\/img_7945.jpg?w=720&amp;ssl=1 720w\" sizes=\"(max-width: 576px) 100vw, 576px\" \/><\/figure>\n\n\n\n<p>O Vale do A\u00e7u, no Rio Grande do Norte, pode se transformar em um modelo de desenvolvimento sustent\u00e1vel com a implementa\u00e7\u00e3o do projeto Vale+Vivo. Iniciativa do mandato do vereador de Assu, Pedro Filho (PL), em parceria com o Instituto de Desenvolvimento Habitacional Cana\u00e3 (IDEHAC), o projeto busca integrar agricultura sustent\u00e1vel, turismo e desenvolvimento social, formando uma base s\u00f3lida para o crescimento regional equilibrado. A proposta ser\u00e1 apresentada no pr\u00f3ximo s\u00e1bado (28), em evento que contar\u00e1 com a presen\u00e7a do senador e presidente estadual do PL, Rog\u00e9rio Marinho.<\/p>\n\n\n\n<p>Pr\u00e9-candidato a deputado federal, Pedro Filho acredita que o Vale+Vivo tem potencial para unir comunidades, institui\u00e7\u00f5es e recursos na busca por solu\u00e7\u00f5es para desafios como o \u00eaxodo rural, a baixa diversifica\u00e7\u00e3o econ\u00f4mica e a desigualdade social, potencializando as riquezas naturais e produtivas da regi\u00e3o \u2013 marcada pela forte produ\u00e7\u00e3o de frutas, pelos grandes reservat\u00f3rios de \u00e1gua e por sua diversidade cultural.<\/p>\n\n\n\n<p>\u201cPlantar o futuro \u00e9 cultivar gente, cuidar da terra e valorizar o que \u00e9 nosso. O Vale do A\u00e7u, com seu sol, \u00e1gua e hist\u00f3ria, floresce como territ\u00f3rio de prosperidade digna e respeito \u00e0 natureza. Nosso projeto colocar\u00e1 a regi\u00e3o de novo em local de destaque econ\u00f4mico e social\u201d, disse o vereador Pedro Filho. A estimativa \u00e9 de que o projeto beneficie cerca de 500 fam\u00edlias, capacite 800 jovens e mulheres, aumente a renda familiar em at\u00e9 30% e implante cinco rotas tur\u00edsticas, gerando empregos e fortalecendo a economia local.<\/p>\n\n\n\n<p>Estruturado em tr\u00eas eixos principais, o projeto promove a sustenta\u00e7\u00e3o do homem no campo por meio de tecnologias sustent\u00e1veis, como hortas comunit\u00e1rias agroecol\u00f3gicas, irriga\u00e7\u00e3o inteligente com energia solar e re\u00faso de \u00e1gua, al\u00e9m do apoio a cooperativas e agroind\u00fastrias familiares para o beneficiamento de frutas, mel e queijos. Um selo regional de sustentabilidade \u2014 o \u201cVale+Vivo\u201d \u2014 agregar\u00e1 valor aos produtos locais, incentivando a agricultura regenerativa e org\u00e2nica.<\/p>\n\n\n\n<p>No eixo de turismo sustent\u00e1vel e cultural, ser\u00e3o criadas rotas integradas, como a Rota das \u00c1guas, Rota do Mel\u00e3o e Rota das Artes do Sert\u00e3o, com estrutura\u00e7\u00e3o de pousadas rurais, fazendas pedag\u00f3gicas, trilhas ecol\u00f3gicas na caatinga e festivais gastron\u00f4micos que destacam a identidade local, em parceria com guias comunit\u00e1rios e institui\u00e7\u00f5es de ensino superior.<\/p>\n\n\n\n<p>O terceiro eixo volta-se ao desenvolvimento social e \u00e0 educa\u00e7\u00e3o, com a cria\u00e7\u00e3o de centros comunit\u00e1rios multiprop\u00f3sito voltados \u00e0 educa\u00e7\u00e3o ambiental, ao artesanato e \u00e0 cultura; programas de capacita\u00e7\u00e3o t\u00e9cnica em agroecologia, empreendedorismo e energias renov\u00e1veis, em parceria com o IFRN, o Sebrae e o Senar; al\u00e9m de iniciativas para o empoderamento de jovens e mulheres rurais, incluindo startups e a\u00e7\u00f5es de sa\u00fade preventiva.<\/p>\n\n\n\n<p>O or\u00e7amento estimado para viabilizar a iniciativa \u00e9 de R$ 5,2 milh\u00f5es, abrangendo a\u00e7\u00f5es de capacita\u00e7\u00e3o, infraestrutura sustent\u00e1vel e gest\u00e3o. Os recursos poder\u00e3o vir de fontes como o governo federal (MAPA e MDA), al\u00e9m do BNDES, Banco do Nordeste, fundos internacionais (BID e PNUD), e parcerias com universidades (UERN, IFRN, UFERSA) e empresas do setor produtivo e do agroneg\u00f3cio sustent\u00e1vel.<\/p>\n","protected":false},"excerpt":{"rendered":"<p>O Vale do A\u00e7u, no Rio Grande do Norte, pode se transformar em um modelo de desenvolvimento sustent\u00e1vel com a implementa\u00e7\u00e3o do projeto Vale+Vivo. Iniciativa do mandato do vereador de Assu, Pedro Filho (PL), em parceria com o Instituto de Desenvolvimento Habitacional Cana\u00e3 (IDEHAC), o projeto busca integrar agricultura sustent\u00e1vel, turismo e desenvolvimento social, formando [&hellip;]<\/p>\n","protected":false},"author":1,"featured_media":18673,"comment_status":"open","ping_status":"open","sticky":false,"template":"","format":"standard","meta":{"cybocfi_hide_featured_image":"","_jetpack_memberships_contains_paid_content":false,"footnotes":""},"categories":[1],"tags":[],"class_list":["post-18674","post","type-post","status-publish","format-standard","has-post-thumbnail","hentry","category-diversos"],"yoast_head":"<!-- This site is optimized with the Yoast SEO plugin v25.6 - https:\/\/yoast.com\/wordpress\/plugins\/seo\/ -->\n<title>Pr\u00e9-candidato a deputado federal, Pedro Filho lan\u00e7ar\u00e1 o projeto Vale+Vivo com presen\u00e7a de Rog\u00e9rio Marinho em Assu - Blog do Bispo<\/title>\n<meta name=\"robots\" content=\"index, follow, max-snippet:-1, max-image-preview:large, max-video-preview:-1\" \/>\n<link rel=\"canonical\" href=\"https:\/\/blogdobispo.com.br\/?p=18674\" \/>\n<meta property=\"og:locale\" content=\"pt_BR\" \/>\n<meta property=\"og:type\" content=\"article\" \/>\n<meta property=\"og:title\" content=\"Pr\u00e9-candidato a deputado federal, Pedro Filho lan\u00e7ar\u00e1 o projeto Vale+Vivo com presen\u00e7a de Rog\u00e9rio Marinho em Assu - Blog do Bispo\" \/>\n<meta property=\"og:description\" content=\"O Vale do A\u00e7u, no Rio Grande do Norte, pode se transformar em um modelo de desenvolvimento sustent\u00e1vel com a implementa\u00e7\u00e3o do projeto Vale+Vivo. Iniciativa do mandato do vereador de Assu, Pedro Filho (PL), em parceria com o Instituto de Desenvolvimento Habitacional Cana\u00e3 (IDEHAC), o projeto busca integrar agricultura sustent\u00e1vel, turismo e desenvolvimento social, formando [&hellip;]\" \/>\n<meta property=\"og:url\" content=\"https:\/\/blogdobispo.com.br\/?p=18674\" \/>\n<meta property=\"og:site_name\" content=\"Blog do Bispo\" \/>\n<meta property=\"article:published_time\" content=\"2025-11-28T03:11:41+00:00\" \/>\n<meta property=\"og:image\" content=\"https:\/\/blogdobispo.com.br\/wp-content\/uploads\/2025\/11\/img_7945-576x1024.jpg\" \/>\n<meta name=\"author\" content=\"Jefferson Sterfeno\" \/>\n<meta name=\"twitter:card\" content=\"summary_large_image\" \/>\n<meta name=\"twitter:label1\" content=\"Escrito por\" \/>\n\t<meta name=\"twitter:data1\" content=\"Jefferson Sterfeno\" \/>\n\t<meta name=\"twitter:label2\" content=\"Est. tempo de leitura\" \/>\n\t<meta name=\"twitter:data2\" content=\"3 minutos\" \/>\n<script type=\"application\/ld+json\" class=\"yoast-schema-graph\">{\"@context\":\"https:\/\/schema.org\",\"@graph\":[{\"@type\":\"Article\",\"@id\":\"https:\/\/blogdobispo.com.br\/?p=18674#article\",\"isPartOf\":{\"@id\":\"https:\/\/blogdobispo.com.br\/?p=18674\"},\"author\":{\"name\":\"Jefferson Sterfeno\",\"@id\":\"https:\/\/blogdobispo.com.br\/#\/schema\/person\/e2209cc0e6cea5c5233d033e997b373f\"},\"headline\":\"Pr\u00e9-candidato a deputado federal, Pedro Filho lan\u00e7ar\u00e1 o projeto Vale+Vivo com presen\u00e7a de Rog\u00e9rio Marinho em Assu\",\"datePublished\":\"2025-11-28T03:11:41+00:00\",\"mainEntityOfPage\":{\"@id\":\"https:\/\/blogdobispo.com.br\/?p=18674\"},\"wordCount\":558,\"commentCount\":0,\"publisher\":{\"@id\":\"https:\/\/blogdobispo.com.br\/#organization\"},\"image\":{\"@id\":\"https:\/\/blogdobispo.com.br\/?p=18674#primaryimage\"},\"thumbnailUrl\":\"https:\/\/i0.wp.com\/blogdobispo.com.br\/wp-content\/uploads\/2025\/11\/img_7945.jpg?fit=720%2C1280&ssl=1\",\"articleSection\":[\"diversos\"],\"inLanguage\":\"pt-BR\",\"potentialAction\":[{\"@type\":\"CommentAction\",\"name\":\"Comment\",\"target\":[\"https:\/\/blogdobispo.com.br\/?p=18674#respond\"]}]},{\"@type\":\"WebPage\",\"@id\":\"https:\/\/blogdobispo.com.br\/?p=18674\",\"url\":\"https:\/\/blogdobispo.com.br\/?p=18674\",\"name\":\"Pr\u00e9-candidato a deputado federal, Pedro Filho lan\u00e7ar\u00e1 o projeto Vale+Vivo com presen\u00e7a de Rog\u00e9rio Marinho em Assu - Blog do Bispo\",\"isPartOf\":{\"@id\":\"https:\/\/blogdobispo.com.br\/#website\"},\"primaryImageOfPage\":{\"@id\":\"https:\/\/blogdobispo.com.br\/?p=18674#primaryimage\"},\"image\":{\"@id\":\"https:\/\/blogdobispo.com.br\/?p=18674#primaryimage\"},\"thumbnailUrl\":\"https:\/\/i0.wp.com\/blogdobispo.com.br\/wp-content\/uploads\/2025\/11\/img_7945.jpg?fit=720%2C1280&ssl=1\",\"datePublished\":\"2025-11-28T03:11:41+00:00\",\"breadcrumb\":{\"@id\":\"https:\/\/blogdobispo.com.br\/?p=18674#breadcrumb\"},\"inLanguage\":\"pt-BR\",\"potentialAction\":[{\"@type\":\"ReadAction\",\"target\":[\"https:\/\/blogdobispo.com.br\/?p=18674\"]}]},{\"@type\":\"ImageObject\",\"inLanguage\":\"pt-BR\",\"@id\":\"https:\/\/blogdobispo.com.br\/?p=18674#primaryimage\",\"url\":\"https:\/\/i0.wp.com\/blogdobispo.com.br\/wp-content\/uploads\/2025\/11\/img_7945.jpg?fit=720%2C1280&ssl=1\",\"contentUrl\":\"https:\/\/i0.wp.com\/blogdobispo.com.br\/wp-content\/uploads\/2025\/11\/img_7945.jpg?fit=720%2C1280&ssl=1\",\"width\":720,\"height\":1280},{\"@type\":\"BreadcrumbList\",\"@id\":\"https:\/\/blogdobispo.com.br\/?p=18674#breadcrumb\",\"itemListElement\":[{\"@type\":\"ListItem\",\"position\":1,\"name\":\"In\u00edcio\",\"item\":\"https:\/\/blogdobispo.com.br\/\"},{\"@type\":\"ListItem\",\"position\":2,\"name\":\"Pr\u00e9-candidato a deputado federal, Pedro Filho lan\u00e7ar\u00e1 o projeto Vale+Vivo com presen\u00e7a de Rog\u00e9rio Marinho em Assu\"}]},{\"@type\":\"WebSite\",\"@id\":\"https:\/\/blogdobispo.com.br\/#website\",\"url\":\"https:\/\/blogdobispo.com.br\/\",\"name\":\"Blog do Bispo\",\"description\":\"Comprometido apenas com o leitor\",\"publisher\":{\"@id\":\"https:\/\/blogdobispo.com.br\/#organization\"},\"potentialAction\":[{\"@type\":\"SearchAction\",\"target\":{\"@type\":\"EntryPoint\",\"urlTemplate\":\"https:\/\/blogdobispo.com.br\/?s={search_term_string}\"},\"query-input\":{\"@type\":\"PropertyValueSpecification\",\"valueRequired\":true,\"valueName\":\"search_term_string\"}}],\"inLanguage\":\"pt-BR\"},{\"@type\":\"Organization\",\"@id\":\"https:\/\/blogdobispo.com.br\/#organization\",\"name\":\"Blog do Bispo\",\"url\":\"https:\/\/blogdobispo.com.br\/\",\"logo\":{\"@type\":\"ImageObject\",\"inLanguage\":\"pt-BR\",\"@id\":\"https:\/\/blogdobispo.com.br\/#\/schema\/logo\/image\/\",\"url\":\"http:\/\/blogdobispo.com.br\/wp-content\/uploads\/2023\/05\/cropped-headear.png\",\"contentUrl\":\"http:\/\/blogdobispo.com.br\/wp-content\/uploads\/2023\/05\/cropped-headear.png\",\"width\":1500,\"height\":399,\"caption\":\"Blog do Bispo\"},\"image\":{\"@id\":\"https:\/\/blogdobispo.com.br\/#\/schema\/logo\/image\/\"}},{\"@type\":\"Person\",\"@id\":\"https:\/\/blogdobispo.com.br\/#\/schema\/person\/e2209cc0e6cea5c5233d033e997b373f\",\"name\":\"Jefferson Sterfeno\",\"image\":{\"@type\":\"ImageObject\",\"inLanguage\":\"pt-BR\",\"@id\":\"https:\/\/blogdobispo.com.br\/#\/schema\/person\/image\/\",\"url\":\"https:\/\/secure.gravatar.com\/avatar\/0534e84764641168a677026b6d57a3f51dc7ac4db0b4f6186d9cb330d4ee1160?s=96&d=mm&r=g\",\"contentUrl\":\"https:\/\/secure.gravatar.com\/avatar\/0534e84764641168a677026b6d57a3f51dc7ac4db0b4f6186d9cb330d4ee1160?s=96&d=mm&r=g\",\"caption\":\"Jefferson Sterfeno\"},\"sameAs\":[\"http:\/\/blogdobispo.com.br\"],\"url\":\"https:\/\/blogdobispo.com.br\/?author=1\"}]}<\/script>\n<!-- \/ Yoast SEO plugin. -->","yoast_head_json":{"title":"Pr\u00e9-candidato a deputado federal, Pedro Filho lan\u00e7ar\u00e1 o projeto Vale+Vivo com presen\u00e7a de Rog\u00e9rio Marinho em Assu - Blog do Bispo","robots":{"index":"index","follow":"follow","max-snippet":"max-snippet:-1","max-image-preview":"max-image-preview:large","max-video-preview":"max-video-preview:-1"},"canonical":"https:\/\/blogdobispo.com.br\/?p=18674","og_locale":"pt_BR","og_type":"article","og_title":"Pr\u00e9-candidato a deputado federal, Pedro Filho lan\u00e7ar\u00e1 o projeto Vale+Vivo com presen\u00e7a de Rog\u00e9rio Marinho em Assu - Blog do Bispo","og_description":"O Vale do A\u00e7u, no Rio Grande do Norte, pode se transformar em um modelo de desenvolvimento sustent\u00e1vel com a implementa\u00e7\u00e3o do projeto Vale+Vivo. Iniciativa do mandato do vereador de Assu, Pedro Filho (PL), em parceria com o Instituto de Desenvolvimento Habitacional Cana\u00e3 (IDEHAC), o projeto busca integrar agricultura sustent\u00e1vel, turismo e desenvolvimento social, formando [&hellip;]","og_url":"https:\/\/blogdobispo.com.br\/?p=18674","og_site_name":"Blog do Bispo","article_published_time":"2025-11-28T03:11:41+00:00","og_image":[{"url":"https:\/\/blogdobispo.com.br\/wp-content\/uploads\/2025\/11\/img_7945-576x1024.jpg","type":"","width":"","height":""}],"author":"Jefferson Sterfeno","twitter_card":"summary_large_image","twitter_misc":{"Escrito por":"Jefferson Sterfeno","Est. tempo de leitura":"3 minutos"},"schema":{"@context":"https:\/\/schema.org","@graph":[{"@type":"Article","@id":"https:\/\/blogdobispo.com.br\/?p=18674#article","isPartOf":{"@id":"https:\/\/blogdobispo.com.br\/?p=18674"},"author":{"name":"Jefferson Sterfeno","@id":"https:\/\/blogdobispo.com.br\/#\/schema\/person\/e2209cc0e6cea5c5233d033e997b373f"},"headline":"Pr\u00e9-candidato a deputado federal, Pedro Filho lan\u00e7ar\u00e1 o projeto Vale+Vivo com presen\u00e7a de Rog\u00e9rio Marinho em Assu","datePublished":"2025-11-28T03:11:41+00:00","mainEntityOfPage":{"@id":"https:\/\/blogdobispo.com.br\/?p=18674"},"wordCount":558,"commentCount":0,"publisher":{"@id":"https:\/\/blogdobispo.com.br\/#organization"},"image":{"@id":"https:\/\/blogdobispo.com.br\/?p=18674#primaryimage"},"thumbnailUrl":"https:\/\/i0.wp.com\/blogdobispo.com.br\/wp-content\/uploads\/2025\/11\/img_7945.jpg?fit=720%2C1280&ssl=1","articleSection":["diversos"],"inLanguage":"pt-BR","potentialAction":[{"@type":"CommentAction","name":"Comment","target":["https:\/\/blogdobispo.com.br\/?p=18674#respond"]}]},{"@type":"WebPage","@id":"https:\/\/blogdobispo.com.br\/?p=18674","url":"https:\/\/blogdobispo.com.br\/?p=18674","name":"Pr\u00e9-candidato a deputado federal, Pedro Filho lan\u00e7ar\u00e1 o projeto Vale+Vivo com presen\u00e7a de Rog\u00e9rio Marinho em Assu - Blog do Bispo","isPartOf":{"@id":"https:\/\/blogdobispo.com.br\/#website"},"primaryImageOfPage":{"@id":"https:\/\/blogdobispo.com.br\/?p=18674#primaryimage"},"image":{"@id":"https:\/\/blogdobispo.com.br\/?p=18674#primaryimage"},"thumbnailUrl":"https:\/\/i0.wp.com\/blogdobispo.com.br\/wp-content\/uploads\/2025\/11\/img_7945.jpg?fit=720%2C1280&ssl=1","datePublished":"2025-11-28T03:11:41+00:00","breadcrumb":{"@id":"https:\/\/blogdobispo.com.br\/?p=18674#breadcrumb"},"inLanguage":"pt-BR","potentialAction":[{"@type":"ReadAction","target":["https:\/\/blogdobispo.com.br\/?p=18674"]}]},{"@type":"ImageObject","inLanguage":"pt-BR","@id":"https:\/\/blogdobispo.com.br\/?p=18674#primaryimage","url":"https:\/\/i0.wp.com\/blogdobispo.com.br\/wp-content\/uploads\/2025\/11\/img_7945.jpg?fit=720%2C1280&ssl=1","contentUrl":"https:\/\/i0.wp.com\/blogdobispo.com.br\/wp-content\/uploads\/2025\/11\/img_7945.jpg?fit=720%2C1280&ssl=1","width":720,"height":1280},{"@type":"BreadcrumbList","@id":"https:\/\/blogdobispo.com.br\/?p=18674#breadcrumb","itemListElement":[{"@type":"ListItem","position":1,"name":"In\u00edcio","item":"https:\/\/blogdobispo.com.br\/"},{"@type":"ListItem","position":2,"name":"Pr\u00e9-candidato a deputado federal, Pedro Filho lan\u00e7ar\u00e1 o projeto Vale+Vivo com presen\u00e7a de Rog\u00e9rio Marinho em Assu"}]},{"@type":"WebSite","@id":"https:\/\/blogdobispo.com.br\/#website","url":"https:\/\/blogdobispo.com.br\/","name":"Blog do Bispo","description":"Comprometido apenas com o leitor","publisher":{"@id":"https:\/\/blogdobispo.com.br\/#organization"},"potentialAction":[{"@type":"SearchAction","target":{"@type":"EntryPoint","urlTemplate":"https:\/\/blogdobispo.com.br\/?s={search_term_string}"},"query-input":{"@type":"PropertyValueSpecification","valueRequired":true,"valueName":"search_term_string"}}],"inLanguage":"pt-BR"},{"@type":"Organization","@id":"https:\/\/blogdobispo.com.br\/#organization","name":"Blog do Bispo","url":"https:\/\/blogdobispo.com.br\/","logo":{"@type":"ImageObject","inLanguage":"pt-BR","@id":"https:\/\/blogdobispo.com.br\/#\/schema\/logo\/image\/","url":"http:\/\/blogdobispo.com.br\/wp-content\/uploads\/2023\/05\/cropped-headear.png","contentUrl":"http:\/\/blogdobispo.com.br\/wp-content\/uploads\/2023\/05\/cropped-headear.png","width":1500,"height":399,"caption":"Blog do Bispo"},"image":{"@id":"https:\/\/blogdobispo.com.br\/#\/schema\/logo\/image\/"}},{"@type":"Person","@id":"https:\/\/blogdobispo.com.br\/#\/schema\/person\/e2209cc0e6cea5c5233d033e997b373f","name":"Jefferson Sterfeno","image":{"@type":"ImageObject","inLanguage":"pt-BR","@id":"https:\/\/blogdobispo.com.br\/#\/schema\/person\/image\/","url":"https:\/\/secure.gravatar.com\/avatar\/0534e84764641168a677026b6d57a3f51dc7ac4db0b4f6186d9cb330d4ee1160?s=96&d=mm&r=g","contentUrl":"https:\/\/secure.gravatar.com\/avatar\/0534e84764641168a677026b6d57a3f51dc7ac4db0b4f6186d9cb330d4ee1160?s=96&d=mm&r=g","caption":"Jefferson Sterfeno"},"sameAs":["http:\/\/blogdobispo.com.br"],"url":"https:\/\/blogdobispo.com.br\/?author=1"}]}},"featured_image_urls":{"full":["https:\/\/i0.wp.com\/blogdobispo.com.br\/wp-content\/uploads\/2025\/11\/img_7945.jpg?fit=720%2C1280&ssl=1",720,1280,false],"thumbnail":["https:\/\/i0.wp.com\/blogdobispo.com.br\/wp-content\/uploads\/2025\/11\/img_7945.jpg?resize=150%2C150&ssl=1",150,150,true],"medium":["https:\/\/i0.wp.com\/blogdobispo.com.br\/wp-content\/uploads\/2025\/11\/img_7945.jpg?fit=169%2C300&ssl=1",169,300,true],"medium_large":["https:\/\/i0.wp.com\/blogdobispo.com.br\/wp-content\/uploads\/2025\/11\/img_7945.jpg?fit=720%2C1280&ssl=1",720,1280,true],"large":["https:\/\/i0.wp.com\/blogdobispo.com.br\/wp-content\/uploads\/2025\/11\/img_7945.jpg?fit=576%2C1024&ssl=1",576,1024,true],"1536x1536":["https:\/\/i0.wp.com\/blogdobispo.com.br\/wp-content\/uploads\/2025\/11\/img_7945.jpg?fit=720%2C1280&ssl=1",720,1280,true],"2048x2048":["https:\/\/i0.wp.com\/blogdobispo.com.br\/wp-content\/uploads\/2025\/11\/img_7945.jpg?fit=720%2C1280&ssl=1",720,1280,true]},"author_info":{"display_name":"Jefferson Sterfeno","author_link":"https:\/\/blogdobispo.com.br\/?author=1"},"category_info":"<a href=\"https:\/\/blogdobispo.com.br\/?cat=1\" rel=\"category\">diversos<\/a>","tag_info":"diversos","comment_count":"0","jetpack_featured_media_url":"https:\/\/i0.wp.com\/blogdobispo.com.br\/wp-content\/uploads\/2025\/11\/img_7945.jpg?fit=720%2C1280&ssl=1","jetpack_sharing_enabled":true,"_links":{"self":[{"href":"https:\/\/blogdobispo.com.br\/index.php?rest_route=\/wp\/v2\/posts\/18674","targetHints":{"allow":["GET"]}}],"collection":[{"href":"https:\/\/blogdobispo.com.br\/index.php?rest_route=\/wp\/v2\/posts"}],"about":[{"href":"https:\/\/blogdobispo.com.br\/index.php?rest_route=\/wp\/v2\/types\/post"}],"author":[{"embeddable":true,"href":"https:\/\/blogdobispo.com.br\/index.php?rest_route=\/wp\/v2\/users\/1"}],"replies":[{"embeddable":true,"href":"https:\/\/blogdobispo.com.br\/index.php?rest_route=%2Fwp%2Fv2%2Fcomments&post=18674"}],"version-history":[{"count":0,"href":"https:\/\/blogdobispo.com.br\/index.php?rest_route=\/wp\/v2\/posts\/18674\/revisions"}],"wp:featuredmedia":[{"embeddable":true,"href":"https:\/\/blogdobispo.com.br\/index.php?rest_route=\/wp\/v2\/media\/18673"}],"wp:attachment":[{"href":"https:\/\/blogdobispo.com.br\/index.php?rest_route=%2Fwp%2Fv2%2Fmedia&parent=18674"}],"wp:term":[{"taxonomy":"category","embeddable":true,"href":"https:\/\/blogdobispo.com.br\/index.php?rest_route=%2Fwp%2Fv2%2Fcategories&post=18674"},{"taxonomy":"post_tag","embeddable":true,"href":"https:\/\/blogdobispo.com.br\/index.php?rest_route=%2Fwp%2Fv2%2Ftags&post=18674"}],"curies":[{"name":"wp","href":"https:\/\/api.w.org\/{rel}","templated":true}]}}