{"id":18661,"date":"2025-11-27T16:06:23","date_gmt":"2025-11-27T16:06:23","guid":{"rendered":"https:\/\/blogdobispo.com.br\/?p=18661"},"modified":"2025-11-27T17:53:11","modified_gmt":"2025-11-27T17:53:11","slug":"prefeito-paulinho-freire-inaugura-amanha-o-novo-mercado-publico-das-quintas","status":"publish","type":"post","link":"https:\/\/blogdobispo.com.br\/?p=18661","title":{"rendered":"Prefeito Paulinho Freire inaugura amanh\u00e3 o novo Mercado P\u00fablico das Quintas"},"content":{"rendered":"\n<p class=\"p1\"><\/p>\n\n\n\n<figure class=\"wp-block-image size-large\"><img data-recalc-dims=\"1\" fetchpriority=\"high\" decoding=\"async\" width=\"800\" height=\"600\" src=\"https:\/\/i0.wp.com\/blogdobispo.com.br\/wp-content\/uploads\/2025\/11\/22d34085-70c3-4a36-9cc5-055d0de4e35b-1024x768.jpg?resize=800%2C600&#038;ssl=1\" alt=\"\" class=\"wp-image-18659\" srcset=\"https:\/\/i0.wp.com\/blogdobispo.com.br\/wp-content\/uploads\/2025\/11\/22d34085-70c3-4a36-9cc5-055d0de4e35b.jpg?resize=1024%2C768&amp;ssl=1 1024w, https:\/\/i0.wp.com\/blogdobispo.com.br\/wp-content\/uploads\/2025\/11\/22d34085-70c3-4a36-9cc5-055d0de4e35b.jpg?resize=300%2C225&amp;ssl=1 300w, https:\/\/i0.wp.com\/blogdobispo.com.br\/wp-content\/uploads\/2025\/11\/22d34085-70c3-4a36-9cc5-055d0de4e35b.jpg?resize=768%2C576&amp;ssl=1 768w, https:\/\/i0.wp.com\/blogdobispo.com.br\/wp-content\/uploads\/2025\/11\/22d34085-70c3-4a36-9cc5-055d0de4e35b.jpg?resize=1536%2C1153&amp;ssl=1 1536w, https:\/\/i0.wp.com\/blogdobispo.com.br\/wp-content\/uploads\/2025\/11\/22d34085-70c3-4a36-9cc5-055d0de4e35b.jpg?w=1599&amp;ssl=1 1599w\" sizes=\"(max-width: 800px) 100vw, 800px\" \/><\/figure>\n\n\n\n<p class=\"p1\">O prefeito Paulinho Freire inaugura nesta sexta-feira o novo Mercado P\u00fablico das Quintas, um equipamento hist\u00f3rico da zona Oeste de Natal que passou por uma revitaliza\u00e7\u00e3o completa. A obra contou com investimento de R$ 153 mil, destinados \u00e0 moderniza\u00e7\u00e3o da infraestrutura e \u00e0 requalifica\u00e7\u00e3o total do espa\u00e7o.<\/p>\n\n\n\n<p class=\"p1\">Os recursos, viabilizados pelo deputado federal General Gir\u00e3o, conduzida por Naelson Borja permitiram interven\u00e7\u00f5es essenciais na planta el\u00e9trica, sistema hidr\u00e1ulico, pintura, al\u00e9m de uma ampla revitaliza\u00e7\u00e3o estrutural. Tamb\u00e9m foi implantado um novo sistema de acessibilidade, garantindo mais seguran\u00e7a, conforto e inclus\u00e3o tanto para os feirantes quanto para os consumidores.<\/p>\n\n\n\n<p class=\"p1\">A entrega do mercado representa o atendimento a uma demanda antiga dos moradores das Quintas e refor\u00e7a o compromisso da gest\u00e3o municipal com a valoriza\u00e7\u00e3o dos espa\u00e7os p\u00fablicos e o desenvolvimento econ\u00f4mico da regi\u00e3o.<\/p>\n","protected":false},"excerpt":{"rendered":"<p>O prefeito Paulinho Freire inaugura nesta sexta-feira o novo Mercado P\u00fablico das Quintas, um equipamento hist\u00f3rico da zona Oeste de Natal que passou por uma revitaliza\u00e7\u00e3o completa. A obra contou com investimento de R$ 153 mil, destinados \u00e0 moderniza\u00e7\u00e3o da infraestrutura e \u00e0 requalifica\u00e7\u00e3o total do espa\u00e7o. Os recursos, viabilizados pelo deputado federal General Gir\u00e3o, [&hellip;]<\/p>\n","protected":false},"author":1,"featured_media":18660,"comment_status":"open","ping_status":"open","sticky":false,"template":"","format":"standard","meta":{"cybocfi_hide_featured_image":"","_jetpack_memberships_contains_paid_content":false,"footnotes":""},"categories":[1],"tags":[],"class_list":["post-18661","post","type-post","status-publish","format-standard","has-post-thumbnail","hentry","category-diversos"],"yoast_head":"<!-- This site is optimized with the Yoast SEO plugin v25.6 - https:\/\/yoast.com\/wordpress\/plugins\/seo\/ -->\n<title>Prefeito Paulinho Freire inaugura amanh\u00e3 o novo Mercado P\u00fablico das Quintas - Blog do Bispo<\/title>\n<meta name=\"robots\" content=\"index, follow, max-snippet:-1, max-image-preview:large, max-video-preview:-1\" \/>\n<link rel=\"canonical\" href=\"https:\/\/blogdobispo.com.br\/?p=18661\" \/>\n<meta property=\"og:locale\" content=\"pt_BR\" \/>\n<meta property=\"og:type\" content=\"article\" \/>\n<meta property=\"og:title\" content=\"Prefeito Paulinho Freire inaugura amanh\u00e3 o novo Mercado P\u00fablico das Quintas - Blog do Bispo\" \/>\n<meta property=\"og:description\" content=\"O prefeito Paulinho Freire inaugura nesta sexta-feira o novo Mercado P\u00fablico das Quintas, um equipamento hist\u00f3rico da zona Oeste de Natal que passou por uma revitaliza\u00e7\u00e3o completa. A obra contou com investimento de R$ 153 mil, destinados \u00e0 moderniza\u00e7\u00e3o da infraestrutura e \u00e0 requalifica\u00e7\u00e3o total do espa\u00e7o. Os recursos, viabilizados pelo deputado federal General Gir\u00e3o, [&hellip;]\" \/>\n<meta property=\"og:url\" content=\"https:\/\/blogdobispo.com.br\/?p=18661\" \/>\n<meta property=\"og:site_name\" content=\"Blog do Bispo\" \/>\n<meta property=\"article:published_time\" content=\"2025-11-27T16:06:23+00:00\" \/>\n<meta property=\"article:modified_time\" content=\"2025-11-27T17:53:11+00:00\" \/>\n<meta property=\"og:image\" content=\"https:\/\/i0.wp.com\/blogdobispo.com.br\/wp-content\/uploads\/2025\/11\/22d34085-70c3-4a36-9cc5-055d0de4e35b-1.jpg?fit=1599%2C1200&ssl=1\" \/>\n\t<meta property=\"og:image:width\" content=\"1599\" \/>\n\t<meta property=\"og:image:height\" content=\"1200\" \/>\n\t<meta property=\"og:image:type\" content=\"image\/jpeg\" \/>\n<meta name=\"author\" content=\"Jefferson Sterfeno\" \/>\n<meta name=\"twitter:card\" content=\"summary_large_image\" \/>\n<meta name=\"twitter:label1\" content=\"Escrito por\" \/>\n\t<meta name=\"twitter:data1\" content=\"Jefferson Sterfeno\" \/>\n\t<meta name=\"twitter:label2\" content=\"Est. tempo de leitura\" \/>\n\t<meta name=\"twitter:data2\" content=\"1 minuto\" \/>\n<script type=\"application\/ld+json\" class=\"yoast-schema-graph\">{\"@context\":\"https:\/\/schema.org\",\"@graph\":[{\"@type\":\"Article\",\"@id\":\"https:\/\/blogdobispo.com.br\/?p=18661#article\",\"isPartOf\":{\"@id\":\"https:\/\/blogdobispo.com.br\/?p=18661\"},\"author\":{\"name\":\"Jefferson Sterfeno\",\"@id\":\"https:\/\/blogdobispo.com.br\/#\/schema\/person\/e2209cc0e6cea5c5233d033e997b373f\"},\"headline\":\"Prefeito Paulinho Freire inaugura amanh\u00e3 o novo Mercado P\u00fablico das Quintas\",\"datePublished\":\"2025-11-27T16:06:23+00:00\",\"dateModified\":\"2025-11-27T17:53:11+00:00\",\"mainEntityOfPage\":{\"@id\":\"https:\/\/blogdobispo.com.br\/?p=18661\"},\"wordCount\":161,\"commentCount\":0,\"publisher\":{\"@id\":\"https:\/\/blogdobispo.com.br\/#organization\"},\"image\":{\"@id\":\"https:\/\/blogdobispo.com.br\/?p=18661#primaryimage\"},\"thumbnailUrl\":\"https:\/\/i0.wp.com\/blogdobispo.com.br\/wp-content\/uploads\/2025\/11\/22d34085-70c3-4a36-9cc5-055d0de4e35b-1.jpg?fit=1599%2C1200&ssl=1\",\"articleSection\":[\"diversos\"],\"inLanguage\":\"pt-BR\",\"potentialAction\":[{\"@type\":\"CommentAction\",\"name\":\"Comment\",\"target\":[\"https:\/\/blogdobispo.com.br\/?p=18661#respond\"]}]},{\"@type\":\"WebPage\",\"@id\":\"https:\/\/blogdobispo.com.br\/?p=18661\",\"url\":\"https:\/\/blogdobispo.com.br\/?p=18661\",\"name\":\"Prefeito Paulinho Freire inaugura amanh\u00e3 o novo Mercado P\u00fablico das Quintas - Blog do Bispo\",\"isPartOf\":{\"@id\":\"https:\/\/blogdobispo.com.br\/#website\"},\"primaryImageOfPage\":{\"@id\":\"https:\/\/blogdobispo.com.br\/?p=18661#primaryimage\"},\"image\":{\"@id\":\"https:\/\/blogdobispo.com.br\/?p=18661#primaryimage\"},\"thumbnailUrl\":\"https:\/\/i0.wp.com\/blogdobispo.com.br\/wp-content\/uploads\/2025\/11\/22d34085-70c3-4a36-9cc5-055d0de4e35b-1.jpg?fit=1599%2C1200&ssl=1\",\"datePublished\":\"2025-11-27T16:06:23+00:00\",\"dateModified\":\"2025-11-27T17:53:11+00:00\",\"breadcrumb\":{\"@id\":\"https:\/\/blogdobispo.com.br\/?p=18661#breadcrumb\"},\"inLanguage\":\"pt-BR\",\"potentialAction\":[{\"@type\":\"ReadAction\",\"target\":[\"https:\/\/blogdobispo.com.br\/?p=18661\"]}]},{\"@type\":\"ImageObject\",\"inLanguage\":\"pt-BR\",\"@id\":\"https:\/\/blogdobispo.com.br\/?p=18661#primaryimage\",\"url\":\"https:\/\/i0.wp.com\/blogdobispo.com.br\/wp-content\/uploads\/2025\/11\/22d34085-70c3-4a36-9cc5-055d0de4e35b-1.jpg?fit=1599%2C1200&ssl=1\",\"contentUrl\":\"https:\/\/i0.wp.com\/blogdobispo.com.br\/wp-content\/uploads\/2025\/11\/22d34085-70c3-4a36-9cc5-055d0de4e35b-1.jpg?fit=1599%2C1200&ssl=1\",\"width\":1599,\"height\":1200},{\"@type\":\"BreadcrumbList\",\"@id\":\"https:\/\/blogdobispo.com.br\/?p=18661#breadcrumb\",\"itemListElement\":[{\"@type\":\"ListItem\",\"position\":1,\"name\":\"In\u00edcio\",\"item\":\"https:\/\/blogdobispo.com.br\/\"},{\"@type\":\"ListItem\",\"position\":2,\"name\":\"Prefeito Paulinho Freire inaugura amanh\u00e3 o novo Mercado P\u00fablico das Quintas\"}]},{\"@type\":\"WebSite\",\"@id\":\"https:\/\/blogdobispo.com.br\/#website\",\"url\":\"https:\/\/blogdobispo.com.br\/\",\"name\":\"Blog do Bispo\",\"description\":\"Comprometido apenas com o leitor\",\"publisher\":{\"@id\":\"https:\/\/blogdobispo.com.br\/#organization\"},\"potentialAction\":[{\"@type\":\"SearchAction\",\"target\":{\"@type\":\"EntryPoint\",\"urlTemplate\":\"https:\/\/blogdobispo.com.br\/?s={search_term_string}\"},\"query-input\":{\"@type\":\"PropertyValueSpecification\",\"valueRequired\":true,\"valueName\":\"search_term_string\"}}],\"inLanguage\":\"pt-BR\"},{\"@type\":\"Organization\",\"@id\":\"https:\/\/blogdobispo.com.br\/#organization\",\"name\":\"Blog do Bispo\",\"url\":\"https:\/\/blogdobispo.com.br\/\",\"logo\":{\"@type\":\"ImageObject\",\"inLanguage\":\"pt-BR\",\"@id\":\"https:\/\/blogdobispo.com.br\/#\/schema\/logo\/image\/\",\"url\":\"http:\/\/blogdobispo.com.br\/wp-content\/uploads\/2023\/05\/cropped-headear.png\",\"contentUrl\":\"http:\/\/blogdobispo.com.br\/wp-content\/uploads\/2023\/05\/cropped-headear.png\",\"width\":1500,\"height\":399,\"caption\":\"Blog do Bispo\"},\"image\":{\"@id\":\"https:\/\/blogdobispo.com.br\/#\/schema\/logo\/image\/\"}},{\"@type\":\"Person\",\"@id\":\"https:\/\/blogdobispo.com.br\/#\/schema\/person\/e2209cc0e6cea5c5233d033e997b373f\",\"name\":\"Jefferson Sterfeno\",\"image\":{\"@type\":\"ImageObject\",\"inLanguage\":\"pt-BR\",\"@id\":\"https:\/\/blogdobispo.com.br\/#\/schema\/person\/image\/\",\"url\":\"https:\/\/secure.gravatar.com\/avatar\/0534e84764641168a677026b6d57a3f51dc7ac4db0b4f6186d9cb330d4ee1160?s=96&d=mm&r=g\",\"contentUrl\":\"https:\/\/secure.gravatar.com\/avatar\/0534e84764641168a677026b6d57a3f51dc7ac4db0b4f6186d9cb330d4ee1160?s=96&d=mm&r=g\",\"caption\":\"Jefferson Sterfeno\"},\"sameAs\":[\"http:\/\/blogdobispo.com.br\"],\"url\":\"https:\/\/blogdobispo.com.br\/?author=1\"}]}<\/script>\n<!-- \/ Yoast SEO plugin. -->","yoast_head_json":{"title":"Prefeito Paulinho Freire inaugura amanh\u00e3 o novo Mercado P\u00fablico das Quintas - Blog do Bispo","robots":{"index":"index","follow":"follow","max-snippet":"max-snippet:-1","max-image-preview":"max-image-preview:large","max-video-preview":"max-video-preview:-1"},"canonical":"https:\/\/blogdobispo.com.br\/?p=18661","og_locale":"pt_BR","og_type":"article","og_title":"Prefeito Paulinho Freire inaugura amanh\u00e3 o novo Mercado P\u00fablico das Quintas - Blog do Bispo","og_description":"O prefeito Paulinho Freire inaugura nesta sexta-feira o novo Mercado P\u00fablico das Quintas, um equipamento hist\u00f3rico da zona Oeste de Natal que passou por uma revitaliza\u00e7\u00e3o completa. A obra contou com investimento de R$ 153 mil, destinados \u00e0 moderniza\u00e7\u00e3o da infraestrutura e \u00e0 requalifica\u00e7\u00e3o total do espa\u00e7o. Os recursos, viabilizados pelo deputado federal General Gir\u00e3o, [&hellip;]","og_url":"https:\/\/blogdobispo.com.br\/?p=18661","og_site_name":"Blog do Bispo","article_published_time":"2025-11-27T16:06:23+00:00","article_modified_time":"2025-11-27T17:53:11+00:00","og_image":[{"width":1599,"height":1200,"url":"https:\/\/i0.wp.com\/blogdobispo.com.br\/wp-content\/uploads\/2025\/11\/22d34085-70c3-4a36-9cc5-055d0de4e35b-1.jpg?fit=1599%2C1200&ssl=1","type":"image\/jpeg"}],"author":"Jefferson Sterfeno","twitter_card":"summary_large_image","twitter_misc":{"Escrito por":"Jefferson Sterfeno","Est. tempo de leitura":"1 minuto"},"schema":{"@context":"https:\/\/schema.org","@graph":[{"@type":"Article","@id":"https:\/\/blogdobispo.com.br\/?p=18661#article","isPartOf":{"@id":"https:\/\/blogdobispo.com.br\/?p=18661"},"author":{"name":"Jefferson Sterfeno","@id":"https:\/\/blogdobispo.com.br\/#\/schema\/person\/e2209cc0e6cea5c5233d033e997b373f"},"headline":"Prefeito Paulinho Freire inaugura amanh\u00e3 o novo Mercado P\u00fablico das Quintas","datePublished":"2025-11-27T16:06:23+00:00","dateModified":"2025-11-27T17:53:11+00:00","mainEntityOfPage":{"@id":"https:\/\/blogdobispo.com.br\/?p=18661"},"wordCount":161,"commentCount":0,"publisher":{"@id":"https:\/\/blogdobispo.com.br\/#organization"},"image":{"@id":"https:\/\/blogdobispo.com.br\/?p=18661#primaryimage"},"thumbnailUrl":"https:\/\/i0.wp.com\/blogdobispo.com.br\/wp-content\/uploads\/2025\/11\/22d34085-70c3-4a36-9cc5-055d0de4e35b-1.jpg?fit=1599%2C1200&ssl=1","articleSection":["diversos"],"inLanguage":"pt-BR","potentialAction":[{"@type":"CommentAction","name":"Comment","target":["https:\/\/blogdobispo.com.br\/?p=18661#respond"]}]},{"@type":"WebPage","@id":"https:\/\/blogdobispo.com.br\/?p=18661","url":"https:\/\/blogdobispo.com.br\/?p=18661","name":"Prefeito Paulinho Freire inaugura amanh\u00e3 o novo Mercado P\u00fablico das Quintas - Blog do Bispo","isPartOf":{"@id":"https:\/\/blogdobispo.com.br\/#website"},"primaryImageOfPage":{"@id":"https:\/\/blogdobispo.com.br\/?p=18661#primaryimage"},"image":{"@id":"https:\/\/blogdobispo.com.br\/?p=18661#primaryimage"},"thumbnailUrl":"https:\/\/i0.wp.com\/blogdobispo.com.br\/wp-content\/uploads\/2025\/11\/22d34085-70c3-4a36-9cc5-055d0de4e35b-1.jpg?fit=1599%2C1200&ssl=1","datePublished":"2025-11-27T16:06:23+00:00","dateModified":"2025-11-27T17:53:11+00:00","breadcrumb":{"@id":"https:\/\/blogdobispo.com.br\/?p=18661#breadcrumb"},"inLanguage":"pt-BR","potentialAction":[{"@type":"ReadAction","target":["https:\/\/blogdobispo.com.br\/?p=18661"]}]},{"@type":"ImageObject","inLanguage":"pt-BR","@id":"https:\/\/blogdobispo.com.br\/?p=18661#primaryimage","url":"https:\/\/i0.wp.com\/blogdobispo.com.br\/wp-content\/uploads\/2025\/11\/22d34085-70c3-4a36-9cc5-055d0de4e35b-1.jpg?fit=1599%2C1200&ssl=1","contentUrl":"https:\/\/i0.wp.com\/blogdobispo.com.br\/wp-content\/uploads\/2025\/11\/22d34085-70c3-4a36-9cc5-055d0de4e35b-1.jpg?fit=1599%2C1200&ssl=1","width":1599,"height":1200},{"@type":"BreadcrumbList","@id":"https:\/\/blogdobispo.com.br\/?p=18661#breadcrumb","itemListElement":[{"@type":"ListItem","position":1,"name":"In\u00edcio","item":"https:\/\/blogdobispo.com.br\/"},{"@type":"ListItem","position":2,"name":"Prefeito Paulinho Freire inaugura amanh\u00e3 o novo Mercado P\u00fablico das Quintas"}]},{"@type":"WebSite","@id":"https:\/\/blogdobispo.com.br\/#website","url":"https:\/\/blogdobispo.com.br\/","name":"Blog do Bispo","description":"Comprometido apenas com o leitor","publisher":{"@id":"https:\/\/blogdobispo.com.br\/#organization"},"potentialAction":[{"@type":"SearchAction","target":{"@type":"EntryPoint","urlTemplate":"https:\/\/blogdobispo.com.br\/?s={search_term_string}"},"query-input":{"@type":"PropertyValueSpecification","valueRequired":true,"valueName":"search_term_string"}}],"inLanguage":"pt-BR"},{"@type":"Organization","@id":"https:\/\/blogdobispo.com.br\/#organization","name":"Blog do Bispo","url":"https:\/\/blogdobispo.com.br\/","logo":{"@type":"ImageObject","inLanguage":"pt-BR","@id":"https:\/\/blogdobispo.com.br\/#\/schema\/logo\/image\/","url":"http:\/\/blogdobispo.com.br\/wp-content\/uploads\/2023\/05\/cropped-headear.png","contentUrl":"http:\/\/blogdobispo.com.br\/wp-content\/uploads\/2023\/05\/cropped-headear.png","width":1500,"height":399,"caption":"Blog do Bispo"},"image":{"@id":"https:\/\/blogdobispo.com.br\/#\/schema\/logo\/image\/"}},{"@type":"Person","@id":"https:\/\/blogdobispo.com.br\/#\/schema\/person\/e2209cc0e6cea5c5233d033e997b373f","name":"Jefferson Sterfeno","image":{"@type":"ImageObject","inLanguage":"pt-BR","@id":"https:\/\/blogdobispo.com.br\/#\/schema\/person\/image\/","url":"https:\/\/secure.gravatar.com\/avatar\/0534e84764641168a677026b6d57a3f51dc7ac4db0b4f6186d9cb330d4ee1160?s=96&d=mm&r=g","contentUrl":"https:\/\/secure.gravatar.com\/avatar\/0534e84764641168a677026b6d57a3f51dc7ac4db0b4f6186d9cb330d4ee1160?s=96&d=mm&r=g","caption":"Jefferson Sterfeno"},"sameAs":["http:\/\/blogdobispo.com.br"],"url":"https:\/\/blogdobispo.com.br\/?author=1"}]}},"featured_image_urls":{"full":["https:\/\/i0.wp.com\/blogdobispo.com.br\/wp-content\/uploads\/2025\/11\/22d34085-70c3-4a36-9cc5-055d0de4e35b-1.jpg?fit=1599%2C1200&ssl=1",1599,1200,false],"thumbnail":["https:\/\/i0.wp.com\/blogdobispo.com.br\/wp-content\/uploads\/2025\/11\/22d34085-70c3-4a36-9cc5-055d0de4e35b-1.jpg?resize=150%2C150&ssl=1",150,150,true],"medium":["https:\/\/i0.wp.com\/blogdobispo.com.br\/wp-content\/uploads\/2025\/11\/22d34085-70c3-4a36-9cc5-055d0de4e35b-1.jpg?fit=300%2C225&ssl=1",300,225,true],"medium_large":["https:\/\/i0.wp.com\/blogdobispo.com.br\/wp-content\/uploads\/2025\/11\/22d34085-70c3-4a36-9cc5-055d0de4e35b-1.jpg?fit=768%2C576&ssl=1",768,576,true],"large":["https:\/\/i0.wp.com\/blogdobispo.com.br\/wp-content\/uploads\/2025\/11\/22d34085-70c3-4a36-9cc5-055d0de4e35b-1.jpg?fit=800%2C600&ssl=1",800,600,true],"1536x1536":["https:\/\/i0.wp.com\/blogdobispo.com.br\/wp-content\/uploads\/2025\/11\/22d34085-70c3-4a36-9cc5-055d0de4e35b-1.jpg?fit=1536%2C1153&ssl=1",1536,1153,true],"2048x2048":["https:\/\/i0.wp.com\/blogdobispo.com.br\/wp-content\/uploads\/2025\/11\/22d34085-70c3-4a36-9cc5-055d0de4e35b-1.jpg?fit=1599%2C1200&ssl=1",1599,1200,true]},"author_info":{"display_name":"Jefferson Sterfeno","author_link":"https:\/\/blogdobispo.com.br\/?author=1"},"category_info":"<a href=\"https:\/\/blogdobispo.com.br\/?cat=1\" rel=\"category\">diversos<\/a>","tag_info":"diversos","comment_count":"0","jetpack_featured_media_url":"https:\/\/i0.wp.com\/blogdobispo.com.br\/wp-content\/uploads\/2025\/11\/22d34085-70c3-4a36-9cc5-055d0de4e35b-1.jpg?fit=1599%2C1200&ssl=1","jetpack_sharing_enabled":true,"_links":{"self":[{"href":"https:\/\/blogdobispo.com.br\/index.php?rest_route=\/wp\/v2\/posts\/18661","targetHints":{"allow":["GET"]}}],"collection":[{"href":"https:\/\/blogdobispo.com.br\/index.php?rest_route=\/wp\/v2\/posts"}],"about":[{"href":"https:\/\/blogdobispo.com.br\/index.php?rest_route=\/wp\/v2\/types\/post"}],"author":[{"embeddable":true,"href":"https:\/\/blogdobispo.com.br\/index.php?rest_route=\/wp\/v2\/users\/1"}],"replies":[{"embeddable":true,"href":"https:\/\/blogdobispo.com.br\/index.php?rest_route=%2Fwp%2Fv2%2Fcomments&post=18661"}],"version-history":[{"count":2,"href":"https:\/\/blogdobispo.com.br\/index.php?rest_route=\/wp\/v2\/posts\/18661\/revisions"}],"predecessor-version":[{"id":18670,"href":"https:\/\/blogdobispo.com.br\/index.php?rest_route=\/wp\/v2\/posts\/18661\/revisions\/18670"}],"wp:featuredmedia":[{"embeddable":true,"href":"https:\/\/blogdobispo.com.br\/index.php?rest_route=\/wp\/v2\/media\/18660"}],"wp:attachment":[{"href":"https:\/\/blogdobispo.com.br\/index.php?rest_route=%2Fwp%2Fv2%2Fmedia&parent=18661"}],"wp:term":[{"taxonomy":"category","embeddable":true,"href":"https:\/\/blogdobispo.com.br\/index.php?rest_route=%2Fwp%2Fv2%2Fcategories&post=18661"},{"taxonomy":"post_tag","embeddable":true,"href":"https:\/\/blogdobispo.com.br\/index.php?rest_route=%2Fwp%2Fv2%2Ftags&post=18661"}],"curies":[{"name":"wp","href":"https:\/\/api.w.org\/{rel}","templated":true}]}}