{"id":18653,"date":"2025-11-27T15:28:39","date_gmt":"2025-11-27T15:28:39","guid":{"rendered":"https:\/\/blogdobispo.com.br\/?p=18653"},"modified":"2025-11-27T15:28:39","modified_gmt":"2025-11-27T15:28:39","slug":"natal-ganha-lei-pioneira-de-diretrizes-para-o-turismo-acessivel-e-inclusivo-para-pessoas-com-tea","status":"publish","type":"post","link":"https:\/\/blogdobispo.com.br\/?p=18653","title":{"rendered":"Natal ganha Lei pioneira de diretrizes para o turismo acess\u00edvel e inclusivo para pessoas com TEA"},"content":{"rendered":"<div>A Prefeitura do Natal sancionou, nesta quarta-feira, 25, a Lei 8.008\/25, que estabelece diretrizes para o est\u00edmulo do turismo acess\u00edvel e inclusivo para pessoas com Transtorno do Espectro Autista (TEA). A iniciativa \u00e9 de autoria do ex-vereador Dickson Nasser J\u00fanior, subscrita e defendida pelo vereador Daniel Santiago, que atuou para que o projeto avan\u00e7asse e fosse aprovado nesta legislatura.<\/div>\n<div><\/div>\n<div>A nova lei garante um marco importante para a inclus\u00e3o, ao determinar que os espa\u00e7os tur\u00edsticos da cidade passem a considerar as necessidades espec\u00edficas das pessoas com TEA, promovendo adapta\u00e7\u00f5es, pr\u00e1ticas acolhedoras e experi\u00eancias mais seguras para as fam\u00edlias. Entre as diretrizes previstas est\u00e3o a adapta\u00e7\u00e3o de ambientes, a promo\u00e7\u00e3o de atividades tur\u00edsticas adequadas ao p\u00fablico autista e a capacita\u00e7\u00e3o de profissionais do setor sobre pr\u00e1ticas inclusivas.<\/div>\n<div><\/div>\n<div>A legisla\u00e7\u00e3o tamb\u00e9m orienta o Poder Executivo a desenvolver pol\u00edticas, programas e a\u00e7\u00f5es em parceria com o trade tur\u00edstico, entidades especializadas e a sociedade civil. Al\u00e9m disso, cria a determina\u00e7\u00e3o para que o Munic\u00edpio realize campanhas de conscientiza\u00e7\u00e3o, incentivando fam\u00edlias de pessoas com TEA a conhecerem e aproveitarem as atra\u00e7\u00f5es de Natal por meio de divulga\u00e7\u00e3o em m\u00eddias tradicionais e digitais, eventos promocionais e distribui\u00e7\u00e3o de material informativo.<\/div>\n<div><\/div>\n<div>Para o vereador Daniel Santiago, a san\u00e7\u00e3o da lei representa mais um passo da cidade na constru\u00e7\u00e3o de um turismo verdadeiramente inclusivo. Ele destaca que o turismo \u00e9 uma das principais atividades econ\u00f4micas de Natal e que garantir acessibilidade para o p\u00fablico autista significa promover direitos, acolhimento e qualidade de vida para milhares de fam\u00edlias. A lei entrou em vigor na data da publica\u00e7\u00e3o e refor\u00e7a o compromisso da C\u00e2mara Municipal em avan\u00e7ar na pauta da inclus\u00e3o e do autismo em Natal.<\/div>\n<div><img data-recalc-dims=\"1\" fetchpriority=\"high\" decoding=\"async\" class=\"alignnone size-medium wp-image-18654\" src=\"https:\/\/i0.wp.com\/blogdobispo.com.br\/wp-content\/uploads\/2025\/11\/ee7ef931-2b0f-4126-a8e3-7e562e7852f2.jpeg?resize=300%2C205\" alt=\"\" width=\"300\" height=\"205\" srcset=\"https:\/\/i0.wp.com\/blogdobispo.com.br\/wp-content\/uploads\/2025\/11\/ee7ef931-2b0f-4126-a8e3-7e562e7852f2.jpeg?resize=300%2C205&amp;ssl=1 300w, https:\/\/i0.wp.com\/blogdobispo.com.br\/wp-content\/uploads\/2025\/11\/ee7ef931-2b0f-4126-a8e3-7e562e7852f2.jpeg?w=639&amp;ssl=1 639w\" sizes=\"(max-width: 300px) 100vw, 300px\" \/><\/div>\n","protected":false},"excerpt":{"rendered":"<p>A Prefeitura do Natal sancionou, nesta quarta-feira, 25, a Lei 8.008\/25, que estabelece diretrizes para o est\u00edmulo do turismo acess\u00edvel e inclusivo para pessoas com Transtorno do Espectro Autista (TEA). A iniciativa \u00e9 de autoria do ex-vereador Dickson Nasser J\u00fanior, subscrita e defendida pelo vereador Daniel Santiago, que atuou para que o projeto avan\u00e7asse e [&hellip;]<\/p>\n","protected":false},"author":1,"featured_media":18654,"comment_status":"open","ping_status":"open","sticky":false,"template":"","format":"standard","meta":{"cybocfi_hide_featured_image":"","_jetpack_memberships_contains_paid_content":false,"footnotes":""},"categories":[1],"tags":[],"class_list":["post-18653","post","type-post","status-publish","format-standard","has-post-thumbnail","hentry","category-diversos"],"yoast_head":"<!-- This site is optimized with the Yoast SEO plugin v25.6 - https:\/\/yoast.com\/wordpress\/plugins\/seo\/ -->\n<title>Natal ganha Lei pioneira de diretrizes para o turismo acess\u00edvel e inclusivo para pessoas com TEA - Blog do Bispo<\/title>\n<meta name=\"robots\" content=\"index, follow, max-snippet:-1, max-image-preview:large, max-video-preview:-1\" \/>\n<link rel=\"canonical\" href=\"https:\/\/blogdobispo.com.br\/?p=18653\" \/>\n<meta property=\"og:locale\" content=\"pt_BR\" \/>\n<meta property=\"og:type\" content=\"article\" \/>\n<meta property=\"og:title\" content=\"Natal ganha Lei pioneira de diretrizes para o turismo acess\u00edvel e inclusivo para pessoas com TEA - Blog do Bispo\" \/>\n<meta property=\"og:description\" content=\"A Prefeitura do Natal sancionou, nesta quarta-feira, 25, a Lei 8.008\/25, que estabelece diretrizes para o est\u00edmulo do turismo acess\u00edvel e inclusivo para pessoas com Transtorno do Espectro Autista (TEA). A iniciativa \u00e9 de autoria do ex-vereador Dickson Nasser J\u00fanior, subscrita e defendida pelo vereador Daniel Santiago, que atuou para que o projeto avan\u00e7asse e [&hellip;]\" \/>\n<meta property=\"og:url\" content=\"https:\/\/blogdobispo.com.br\/?p=18653\" \/>\n<meta property=\"og:site_name\" content=\"Blog do Bispo\" \/>\n<meta property=\"article:published_time\" content=\"2025-11-27T15:28:39+00:00\" \/>\n<meta property=\"og:image\" content=\"http:\/\/blogdobispo.com.br\/wp-content\/uploads\/2025\/11\/ee7ef931-2b0f-4126-a8e3-7e562e7852f2.jpeg\" \/>\n\t<meta property=\"og:image:width\" content=\"639\" \/>\n\t<meta property=\"og:image:height\" content=\"436\" \/>\n\t<meta property=\"og:image:type\" content=\"image\/jpeg\" \/>\n<meta name=\"author\" content=\"Jefferson Sterfeno\" \/>\n<meta name=\"twitter:card\" content=\"summary_large_image\" \/>\n<meta name=\"twitter:label1\" content=\"Escrito por\" \/>\n\t<meta name=\"twitter:data1\" content=\"Jefferson Sterfeno\" \/>\n\t<meta name=\"twitter:label2\" content=\"Est. tempo de leitura\" \/>\n\t<meta name=\"twitter:data2\" content=\"2 minutos\" \/>\n<script type=\"application\/ld+json\" class=\"yoast-schema-graph\">{\"@context\":\"https:\/\/schema.org\",\"@graph\":[{\"@type\":\"Article\",\"@id\":\"https:\/\/blogdobispo.com.br\/?p=18653#article\",\"isPartOf\":{\"@id\":\"https:\/\/blogdobispo.com.br\/?p=18653\"},\"author\":{\"name\":\"Jefferson Sterfeno\",\"@id\":\"https:\/\/blogdobispo.com.br\/#\/schema\/person\/e2209cc0e6cea5c5233d033e997b373f\"},\"headline\":\"Natal ganha Lei pioneira de diretrizes para o turismo acess\u00edvel e inclusivo para pessoas com TEA\",\"datePublished\":\"2025-11-27T15:28:39+00:00\",\"mainEntityOfPage\":{\"@id\":\"https:\/\/blogdobispo.com.br\/?p=18653\"},\"wordCount\":332,\"commentCount\":0,\"publisher\":{\"@id\":\"https:\/\/blogdobispo.com.br\/#organization\"},\"image\":{\"@id\":\"https:\/\/blogdobispo.com.br\/?p=18653#primaryimage\"},\"thumbnailUrl\":\"https:\/\/i0.wp.com\/blogdobispo.com.br\/wp-content\/uploads\/2025\/11\/ee7ef931-2b0f-4126-a8e3-7e562e7852f2.jpeg?fit=639%2C436&ssl=1\",\"articleSection\":[\"diversos\"],\"inLanguage\":\"pt-BR\",\"potentialAction\":[{\"@type\":\"CommentAction\",\"name\":\"Comment\",\"target\":[\"https:\/\/blogdobispo.com.br\/?p=18653#respond\"]}]},{\"@type\":\"WebPage\",\"@id\":\"https:\/\/blogdobispo.com.br\/?p=18653\",\"url\":\"https:\/\/blogdobispo.com.br\/?p=18653\",\"name\":\"Natal ganha Lei pioneira de diretrizes para o turismo acess\u00edvel e inclusivo para pessoas com TEA - Blog do Bispo\",\"isPartOf\":{\"@id\":\"https:\/\/blogdobispo.com.br\/#website\"},\"primaryImageOfPage\":{\"@id\":\"https:\/\/blogdobispo.com.br\/?p=18653#primaryimage\"},\"image\":{\"@id\":\"https:\/\/blogdobispo.com.br\/?p=18653#primaryimage\"},\"thumbnailUrl\":\"https:\/\/i0.wp.com\/blogdobispo.com.br\/wp-content\/uploads\/2025\/11\/ee7ef931-2b0f-4126-a8e3-7e562e7852f2.jpeg?fit=639%2C436&ssl=1\",\"datePublished\":\"2025-11-27T15:28:39+00:00\",\"breadcrumb\":{\"@id\":\"https:\/\/blogdobispo.com.br\/?p=18653#breadcrumb\"},\"inLanguage\":\"pt-BR\",\"potentialAction\":[{\"@type\":\"ReadAction\",\"target\":[\"https:\/\/blogdobispo.com.br\/?p=18653\"]}]},{\"@type\":\"ImageObject\",\"inLanguage\":\"pt-BR\",\"@id\":\"https:\/\/blogdobispo.com.br\/?p=18653#primaryimage\",\"url\":\"https:\/\/i0.wp.com\/blogdobispo.com.br\/wp-content\/uploads\/2025\/11\/ee7ef931-2b0f-4126-a8e3-7e562e7852f2.jpeg?fit=639%2C436&ssl=1\",\"contentUrl\":\"https:\/\/i0.wp.com\/blogdobispo.com.br\/wp-content\/uploads\/2025\/11\/ee7ef931-2b0f-4126-a8e3-7e562e7852f2.jpeg?fit=639%2C436&ssl=1\",\"width\":639,\"height\":436},{\"@type\":\"BreadcrumbList\",\"@id\":\"https:\/\/blogdobispo.com.br\/?p=18653#breadcrumb\",\"itemListElement\":[{\"@type\":\"ListItem\",\"position\":1,\"name\":\"In\u00edcio\",\"item\":\"https:\/\/blogdobispo.com.br\/\"},{\"@type\":\"ListItem\",\"position\":2,\"name\":\"Natal ganha Lei pioneira de diretrizes para o turismo acess\u00edvel e inclusivo para pessoas com TEA\"}]},{\"@type\":\"WebSite\",\"@id\":\"https:\/\/blogdobispo.com.br\/#website\",\"url\":\"https:\/\/blogdobispo.com.br\/\",\"name\":\"Blog do Bispo\",\"description\":\"Comprometido apenas com o leitor\",\"publisher\":{\"@id\":\"https:\/\/blogdobispo.com.br\/#organization\"},\"potentialAction\":[{\"@type\":\"SearchAction\",\"target\":{\"@type\":\"EntryPoint\",\"urlTemplate\":\"https:\/\/blogdobispo.com.br\/?s={search_term_string}\"},\"query-input\":{\"@type\":\"PropertyValueSpecification\",\"valueRequired\":true,\"valueName\":\"search_term_string\"}}],\"inLanguage\":\"pt-BR\"},{\"@type\":\"Organization\",\"@id\":\"https:\/\/blogdobispo.com.br\/#organization\",\"name\":\"Blog do Bispo\",\"url\":\"https:\/\/blogdobispo.com.br\/\",\"logo\":{\"@type\":\"ImageObject\",\"inLanguage\":\"pt-BR\",\"@id\":\"https:\/\/blogdobispo.com.br\/#\/schema\/logo\/image\/\",\"url\":\"http:\/\/blogdobispo.com.br\/wp-content\/uploads\/2023\/05\/cropped-headear.png\",\"contentUrl\":\"http:\/\/blogdobispo.com.br\/wp-content\/uploads\/2023\/05\/cropped-headear.png\",\"width\":1500,\"height\":399,\"caption\":\"Blog do Bispo\"},\"image\":{\"@id\":\"https:\/\/blogdobispo.com.br\/#\/schema\/logo\/image\/\"}},{\"@type\":\"Person\",\"@id\":\"https:\/\/blogdobispo.com.br\/#\/schema\/person\/e2209cc0e6cea5c5233d033e997b373f\",\"name\":\"Jefferson Sterfeno\",\"image\":{\"@type\":\"ImageObject\",\"inLanguage\":\"pt-BR\",\"@id\":\"https:\/\/blogdobispo.com.br\/#\/schema\/person\/image\/\",\"url\":\"https:\/\/secure.gravatar.com\/avatar\/0534e84764641168a677026b6d57a3f51dc7ac4db0b4f6186d9cb330d4ee1160?s=96&d=mm&r=g\",\"contentUrl\":\"https:\/\/secure.gravatar.com\/avatar\/0534e84764641168a677026b6d57a3f51dc7ac4db0b4f6186d9cb330d4ee1160?s=96&d=mm&r=g\",\"caption\":\"Jefferson Sterfeno\"},\"sameAs\":[\"http:\/\/blogdobispo.com.br\"],\"url\":\"https:\/\/blogdobispo.com.br\/?author=1\"}]}<\/script>\n<!-- \/ Yoast SEO plugin. -->","yoast_head_json":{"title":"Natal ganha Lei pioneira de diretrizes para o turismo acess\u00edvel e inclusivo para pessoas com TEA - Blog do Bispo","robots":{"index":"index","follow":"follow","max-snippet":"max-snippet:-1","max-image-preview":"max-image-preview:large","max-video-preview":"max-video-preview:-1"},"canonical":"https:\/\/blogdobispo.com.br\/?p=18653","og_locale":"pt_BR","og_type":"article","og_title":"Natal ganha Lei pioneira de diretrizes para o turismo acess\u00edvel e inclusivo para pessoas com TEA - Blog do Bispo","og_description":"A Prefeitura do Natal sancionou, nesta quarta-feira, 25, a Lei 8.008\/25, que estabelece diretrizes para o est\u00edmulo do turismo acess\u00edvel e inclusivo para pessoas com Transtorno do Espectro Autista (TEA). A iniciativa \u00e9 de autoria do ex-vereador Dickson Nasser J\u00fanior, subscrita e defendida pelo vereador Daniel Santiago, que atuou para que o projeto avan\u00e7asse e [&hellip;]","og_url":"https:\/\/blogdobispo.com.br\/?p=18653","og_site_name":"Blog do Bispo","article_published_time":"2025-11-27T15:28:39+00:00","og_image":[{"width":639,"height":436,"url":"http:\/\/blogdobispo.com.br\/wp-content\/uploads\/2025\/11\/ee7ef931-2b0f-4126-a8e3-7e562e7852f2.jpeg","type":"image\/jpeg"}],"author":"Jefferson Sterfeno","twitter_card":"summary_large_image","twitter_misc":{"Escrito por":"Jefferson Sterfeno","Est. tempo de leitura":"2 minutos"},"schema":{"@context":"https:\/\/schema.org","@graph":[{"@type":"Article","@id":"https:\/\/blogdobispo.com.br\/?p=18653#article","isPartOf":{"@id":"https:\/\/blogdobispo.com.br\/?p=18653"},"author":{"name":"Jefferson Sterfeno","@id":"https:\/\/blogdobispo.com.br\/#\/schema\/person\/e2209cc0e6cea5c5233d033e997b373f"},"headline":"Natal ganha Lei pioneira de diretrizes para o turismo acess\u00edvel e inclusivo para pessoas com TEA","datePublished":"2025-11-27T15:28:39+00:00","mainEntityOfPage":{"@id":"https:\/\/blogdobispo.com.br\/?p=18653"},"wordCount":332,"commentCount":0,"publisher":{"@id":"https:\/\/blogdobispo.com.br\/#organization"},"image":{"@id":"https:\/\/blogdobispo.com.br\/?p=18653#primaryimage"},"thumbnailUrl":"https:\/\/i0.wp.com\/blogdobispo.com.br\/wp-content\/uploads\/2025\/11\/ee7ef931-2b0f-4126-a8e3-7e562e7852f2.jpeg?fit=639%2C436&ssl=1","articleSection":["diversos"],"inLanguage":"pt-BR","potentialAction":[{"@type":"CommentAction","name":"Comment","target":["https:\/\/blogdobispo.com.br\/?p=18653#respond"]}]},{"@type":"WebPage","@id":"https:\/\/blogdobispo.com.br\/?p=18653","url":"https:\/\/blogdobispo.com.br\/?p=18653","name":"Natal ganha Lei pioneira de diretrizes para o turismo acess\u00edvel e inclusivo para pessoas com TEA - Blog do Bispo","isPartOf":{"@id":"https:\/\/blogdobispo.com.br\/#website"},"primaryImageOfPage":{"@id":"https:\/\/blogdobispo.com.br\/?p=18653#primaryimage"},"image":{"@id":"https:\/\/blogdobispo.com.br\/?p=18653#primaryimage"},"thumbnailUrl":"https:\/\/i0.wp.com\/blogdobispo.com.br\/wp-content\/uploads\/2025\/11\/ee7ef931-2b0f-4126-a8e3-7e562e7852f2.jpeg?fit=639%2C436&ssl=1","datePublished":"2025-11-27T15:28:39+00:00","breadcrumb":{"@id":"https:\/\/blogdobispo.com.br\/?p=18653#breadcrumb"},"inLanguage":"pt-BR","potentialAction":[{"@type":"ReadAction","target":["https:\/\/blogdobispo.com.br\/?p=18653"]}]},{"@type":"ImageObject","inLanguage":"pt-BR","@id":"https:\/\/blogdobispo.com.br\/?p=18653#primaryimage","url":"https:\/\/i0.wp.com\/blogdobispo.com.br\/wp-content\/uploads\/2025\/11\/ee7ef931-2b0f-4126-a8e3-7e562e7852f2.jpeg?fit=639%2C436&ssl=1","contentUrl":"https:\/\/i0.wp.com\/blogdobispo.com.br\/wp-content\/uploads\/2025\/11\/ee7ef931-2b0f-4126-a8e3-7e562e7852f2.jpeg?fit=639%2C436&ssl=1","width":639,"height":436},{"@type":"BreadcrumbList","@id":"https:\/\/blogdobispo.com.br\/?p=18653#breadcrumb","itemListElement":[{"@type":"ListItem","position":1,"name":"In\u00edcio","item":"https:\/\/blogdobispo.com.br\/"},{"@type":"ListItem","position":2,"name":"Natal ganha Lei pioneira de diretrizes para o turismo acess\u00edvel e inclusivo para pessoas com TEA"}]},{"@type":"WebSite","@id":"https:\/\/blogdobispo.com.br\/#website","url":"https:\/\/blogdobispo.com.br\/","name":"Blog do Bispo","description":"Comprometido apenas com o leitor","publisher":{"@id":"https:\/\/blogdobispo.com.br\/#organization"},"potentialAction":[{"@type":"SearchAction","target":{"@type":"EntryPoint","urlTemplate":"https:\/\/blogdobispo.com.br\/?s={search_term_string}"},"query-input":{"@type":"PropertyValueSpecification","valueRequired":true,"valueName":"search_term_string"}}],"inLanguage":"pt-BR"},{"@type":"Organization","@id":"https:\/\/blogdobispo.com.br\/#organization","name":"Blog do Bispo","url":"https:\/\/blogdobispo.com.br\/","logo":{"@type":"ImageObject","inLanguage":"pt-BR","@id":"https:\/\/blogdobispo.com.br\/#\/schema\/logo\/image\/","url":"http:\/\/blogdobispo.com.br\/wp-content\/uploads\/2023\/05\/cropped-headear.png","contentUrl":"http:\/\/blogdobispo.com.br\/wp-content\/uploads\/2023\/05\/cropped-headear.png","width":1500,"height":399,"caption":"Blog do Bispo"},"image":{"@id":"https:\/\/blogdobispo.com.br\/#\/schema\/logo\/image\/"}},{"@type":"Person","@id":"https:\/\/blogdobispo.com.br\/#\/schema\/person\/e2209cc0e6cea5c5233d033e997b373f","name":"Jefferson Sterfeno","image":{"@type":"ImageObject","inLanguage":"pt-BR","@id":"https:\/\/blogdobispo.com.br\/#\/schema\/person\/image\/","url":"https:\/\/secure.gravatar.com\/avatar\/0534e84764641168a677026b6d57a3f51dc7ac4db0b4f6186d9cb330d4ee1160?s=96&d=mm&r=g","contentUrl":"https:\/\/secure.gravatar.com\/avatar\/0534e84764641168a677026b6d57a3f51dc7ac4db0b4f6186d9cb330d4ee1160?s=96&d=mm&r=g","caption":"Jefferson Sterfeno"},"sameAs":["http:\/\/blogdobispo.com.br"],"url":"https:\/\/blogdobispo.com.br\/?author=1"}]}},"featured_image_urls":{"full":["https:\/\/i0.wp.com\/blogdobispo.com.br\/wp-content\/uploads\/2025\/11\/ee7ef931-2b0f-4126-a8e3-7e562e7852f2.jpeg?fit=639%2C436&ssl=1",639,436,false],"thumbnail":["https:\/\/i0.wp.com\/blogdobispo.com.br\/wp-content\/uploads\/2025\/11\/ee7ef931-2b0f-4126-a8e3-7e562e7852f2.jpeg?resize=150%2C150&ssl=1",150,150,true],"medium":["https:\/\/i0.wp.com\/blogdobispo.com.br\/wp-content\/uploads\/2025\/11\/ee7ef931-2b0f-4126-a8e3-7e562e7852f2.jpeg?fit=300%2C205&ssl=1",300,205,true],"medium_large":["https:\/\/i0.wp.com\/blogdobispo.com.br\/wp-content\/uploads\/2025\/11\/ee7ef931-2b0f-4126-a8e3-7e562e7852f2.jpeg?fit=639%2C436&ssl=1",639,436,true],"large":["https:\/\/i0.wp.com\/blogdobispo.com.br\/wp-content\/uploads\/2025\/11\/ee7ef931-2b0f-4126-a8e3-7e562e7852f2.jpeg?fit=639%2C436&ssl=1",639,436,true],"1536x1536":["https:\/\/i0.wp.com\/blogdobispo.com.br\/wp-content\/uploads\/2025\/11\/ee7ef931-2b0f-4126-a8e3-7e562e7852f2.jpeg?fit=639%2C436&ssl=1",639,436,true],"2048x2048":["https:\/\/i0.wp.com\/blogdobispo.com.br\/wp-content\/uploads\/2025\/11\/ee7ef931-2b0f-4126-a8e3-7e562e7852f2.jpeg?fit=639%2C436&ssl=1",639,436,true]},"author_info":{"display_name":"Jefferson Sterfeno","author_link":"https:\/\/blogdobispo.com.br\/?author=1"},"category_info":"<a href=\"https:\/\/blogdobispo.com.br\/?cat=1\" rel=\"category\">diversos<\/a>","tag_info":"diversos","comment_count":"0","jetpack_featured_media_url":"https:\/\/i0.wp.com\/blogdobispo.com.br\/wp-content\/uploads\/2025\/11\/ee7ef931-2b0f-4126-a8e3-7e562e7852f2.jpeg?fit=639%2C436&ssl=1","jetpack_sharing_enabled":true,"_links":{"self":[{"href":"https:\/\/blogdobispo.com.br\/index.php?rest_route=\/wp\/v2\/posts\/18653","targetHints":{"allow":["GET"]}}],"collection":[{"href":"https:\/\/blogdobispo.com.br\/index.php?rest_route=\/wp\/v2\/posts"}],"about":[{"href":"https:\/\/blogdobispo.com.br\/index.php?rest_route=\/wp\/v2\/types\/post"}],"author":[{"embeddable":true,"href":"https:\/\/blogdobispo.com.br\/index.php?rest_route=\/wp\/v2\/users\/1"}],"replies":[{"embeddable":true,"href":"https:\/\/blogdobispo.com.br\/index.php?rest_route=%2Fwp%2Fv2%2Fcomments&post=18653"}],"version-history":[{"count":1,"href":"https:\/\/blogdobispo.com.br\/index.php?rest_route=\/wp\/v2\/posts\/18653\/revisions"}],"predecessor-version":[{"id":18655,"href":"https:\/\/blogdobispo.com.br\/index.php?rest_route=\/wp\/v2\/posts\/18653\/revisions\/18655"}],"wp:featuredmedia":[{"embeddable":true,"href":"https:\/\/blogdobispo.com.br\/index.php?rest_route=\/wp\/v2\/media\/18654"}],"wp:attachment":[{"href":"https:\/\/blogdobispo.com.br\/index.php?rest_route=%2Fwp%2Fv2%2Fmedia&parent=18653"}],"wp:term":[{"taxonomy":"category","embeddable":true,"href":"https:\/\/blogdobispo.com.br\/index.php?rest_route=%2Fwp%2Fv2%2Fcategories&post=18653"},{"taxonomy":"post_tag","embeddable":true,"href":"https:\/\/blogdobispo.com.br\/index.php?rest_route=%2Fwp%2Fv2%2Ftags&post=18653"}],"curies":[{"name":"wp","href":"https:\/\/api.w.org\/{rel}","templated":true}]}}