{"id":18650,"date":"2025-11-26T23:09:44","date_gmt":"2025-11-26T23:09:44","guid":{"rendered":"https:\/\/blogdobispo.com.br\/?p=18650"},"modified":"2025-11-26T23:09:44","modified_gmt":"2025-11-26T23:09:44","slug":"a-acusacao-contra-eriko-jacome-e-sorrateira-leviana-e-profundamente-desrespeitosa","status":"publish","type":"post","link":"https:\/\/blogdobispo.com.br\/?p=18650","title":{"rendered":"A acusa\u00e7\u00e3o contra Eriko J\u00e1come \u00e9 sorrateira, leviana e profundamente desrespeitosa"},"content":{"rendered":"\n<figure class=\"wp-block-image size-large\"><img data-recalc-dims=\"1\" fetchpriority=\"high\" decoding=\"async\" width=\"800\" height=\"451\" src=\"https:\/\/i0.wp.com\/blogdobispo.com.br\/wp-content\/uploads\/2025\/11\/img_7902-1024x577.jpg?resize=800%2C451&#038;ssl=1\" class=\"wp-image-18648\" srcset=\"https:\/\/i0.wp.com\/blogdobispo.com.br\/wp-content\/uploads\/2025\/11\/img_7902.jpg?resize=1024%2C577&amp;ssl=1 1024w, https:\/\/i0.wp.com\/blogdobispo.com.br\/wp-content\/uploads\/2025\/11\/img_7902.jpg?resize=300%2C169&amp;ssl=1 300w, https:\/\/i0.wp.com\/blogdobispo.com.br\/wp-content\/uploads\/2025\/11\/img_7902.jpg?resize=768%2C432&amp;ssl=1 768w, https:\/\/i0.wp.com\/blogdobispo.com.br\/wp-content\/uploads\/2025\/11\/img_7902.jpg?resize=1536%2C865&amp;ssl=1 1536w, https:\/\/i0.wp.com\/blogdobispo.com.br\/wp-content\/uploads\/2025\/11\/img_7902.jpg?w=2000&amp;ssl=1 2000w, https:\/\/i0.wp.com\/blogdobispo.com.br\/wp-content\/uploads\/2025\/11\/img_7902.jpg?w=1600 1600w\" sizes=\"(max-width: 800px) 100vw, 800px\" \/><\/figure>\n\n\n\n<p class=\"p1\"><\/p>\n\n\n\n<p class=\"p1\">A acusa\u00e7\u00e3o feita hoje pela vereadora Samanda, do PT, contra o presidente da C\u00e2mara Municipal de Natal, Eriko J\u00e1come, foi, para mim, uma das atitudes mais sorrateiras e levianas que j\u00e1 presenciei no Legislativo natalense. Acusar Eriko de n\u00e3o participar das sess\u00f5es \u00e9 distorcer os fatos, \u00e9 tentar criar uma narrativa que n\u00e3o se sustenta por um segundo diante da realidade.<\/p>\n\n\n\n<p class=\"p1\">E falo isso n\u00e3o por ouvir dizer, mas porque eu mesmo j\u00e1 testemunhei, repetidas vezes, a dedica\u00e7\u00e3o de Eriko ao funcionamento da C\u00e2mara. J\u00e1 vi Eriko deixar de lado compromissos pol\u00edticos particulares para resolver crises internas, acalmar \u00e2nimos entre vereadores, ajustar pautas de \u00faltima hora e garantir que a Casa n\u00e3o pare. N\u00e3o foram poucas as vezes em que o vi sair da C\u00e2mara \u00e0s altas horas da tarde, sem sequer almo\u00e7ar, simplesmente para atender todos os vereadores \u2014 inclusive os da oposi\u00e7\u00e3o, que recebem dele o mesmo respeito, o mesmo tempo e a mesma abertura.<\/p>\n\n\n\n<p class=\"p1\">Por isso, quando vejo uma acusa\u00e7\u00e3o como a feita hoje, n\u00e3o enxergo apenas um ataque pol\u00edtico, mas uma tentativa clara de deslegitimar algu\u00e9m que trabalha, que se dedica e que tem compromisso verdadeiro com a institui\u00e7\u00e3o.<\/p>\n\n\n\n<p class=\"p1\">A postura da vereadora Samanda, pra mim, reflete muito aquela l\u00f3gica t\u00edpica das pseudo-democracias t\u00e3o defendidas por setores do PT, inspiradas na Venezuela e na Nicar\u00e1gua, onde o contradit\u00f3rio vira inimigo e a narrativa vale mais que os fatos. S\u00f3 que na C\u00e2mara de Natal a realidade \u00e9 outra. Aqui, Eriko tem exercido a verdadeira democracia, aquela que assegura voz, que garante defesa e que trabalha com transpar\u00eancia \u2014 mesmo quando isso beneficia quem est\u00e1 no campo pol\u00edtico oposto ao seu.<\/p>\n\n\n\n<p class=\"p1\">A prova disso \u00e9 o processo contra a vereadora Brisa Bracchi. Em vez de atalhos, press\u00f5es ou manobras, Eriko garantiu a ela ampla e irrestrita oportunidade de defesa, com espa\u00e7o total para expor seus argumentos, se posicionar e ser ouvida. Isso \u00e9 democracia funcionando.<\/p>\n\n\n\n<p class=\"p1\">Por isso, reafirmo minha opini\u00e3o com toda clareza: a acusa\u00e7\u00e3o feita hoje \u00e9 injusta, desrespeitosa e n\u00e3o condiz com a verdade. Eriko J\u00e1come tem sido um dos pilares da estabilidade da C\u00e2mara, conduzindo os trabalhos com equil\u00edbrio, di\u00e1logo e responsabilidade.<\/p>\n","protected":false},"excerpt":{"rendered":"<p>A acusa\u00e7\u00e3o feita hoje pela vereadora Samanda, do PT, contra o presidente da C\u00e2mara Municipal de Natal, Eriko J\u00e1come, foi, para mim, uma das atitudes mais sorrateiras e levianas que j\u00e1 presenciei no Legislativo natalense. Acusar Eriko de n\u00e3o participar das sess\u00f5es \u00e9 distorcer os fatos, \u00e9 tentar criar uma narrativa que n\u00e3o se sustenta [&hellip;]<\/p>\n","protected":false},"author":1,"featured_media":18649,"comment_status":"open","ping_status":"open","sticky":false,"template":"","format":"standard","meta":{"cybocfi_hide_featured_image":"","_jetpack_memberships_contains_paid_content":false,"footnotes":""},"categories":[1],"tags":[],"class_list":["post-18650","post","type-post","status-publish","format-standard","has-post-thumbnail","hentry","category-diversos"],"yoast_head":"<!-- This site is optimized with the Yoast SEO plugin v25.6 - https:\/\/yoast.com\/wordpress\/plugins\/seo\/ -->\n<title>A acusa\u00e7\u00e3o contra Eriko J\u00e1come \u00e9 sorrateira, leviana e profundamente desrespeitosa - Blog do Bispo<\/title>\n<meta name=\"robots\" content=\"index, follow, max-snippet:-1, max-image-preview:large, max-video-preview:-1\" \/>\n<link rel=\"canonical\" href=\"https:\/\/blogdobispo.com.br\/?p=18650\" \/>\n<meta property=\"og:locale\" content=\"pt_BR\" \/>\n<meta property=\"og:type\" content=\"article\" \/>\n<meta property=\"og:title\" content=\"A acusa\u00e7\u00e3o contra Eriko J\u00e1come \u00e9 sorrateira, leviana e profundamente desrespeitosa - Blog do Bispo\" \/>\n<meta property=\"og:description\" content=\"A acusa\u00e7\u00e3o feita hoje pela vereadora Samanda, do PT, contra o presidente da C\u00e2mara Municipal de Natal, Eriko J\u00e1come, foi, para mim, uma das atitudes mais sorrateiras e levianas que j\u00e1 presenciei no Legislativo natalense. Acusar Eriko de n\u00e3o participar das sess\u00f5es \u00e9 distorcer os fatos, \u00e9 tentar criar uma narrativa que n\u00e3o se sustenta [&hellip;]\" \/>\n<meta property=\"og:url\" content=\"https:\/\/blogdobispo.com.br\/?p=18650\" \/>\n<meta property=\"og:site_name\" content=\"Blog do Bispo\" \/>\n<meta property=\"article:published_time\" content=\"2025-11-26T23:09:44+00:00\" \/>\n<meta property=\"og:image\" content=\"https:\/\/blogdobispo.com.br\/wp-content\/uploads\/2025\/11\/img_7902-1024x577.jpg\" \/>\n<meta name=\"author\" content=\"Jefferson Sterfeno\" \/>\n<meta name=\"twitter:card\" content=\"summary_large_image\" \/>\n<meta name=\"twitter:label1\" content=\"Escrito por\" \/>\n\t<meta name=\"twitter:data1\" content=\"Jefferson Sterfeno\" \/>\n\t<meta name=\"twitter:label2\" content=\"Est. tempo de leitura\" \/>\n\t<meta name=\"twitter:data2\" content=\"2 minutos\" \/>\n<script type=\"application\/ld+json\" class=\"yoast-schema-graph\">{\"@context\":\"https:\/\/schema.org\",\"@graph\":[{\"@type\":\"Article\",\"@id\":\"https:\/\/blogdobispo.com.br\/?p=18650#article\",\"isPartOf\":{\"@id\":\"https:\/\/blogdobispo.com.br\/?p=18650\"},\"author\":{\"name\":\"Jefferson Sterfeno\",\"@id\":\"https:\/\/blogdobispo.com.br\/#\/schema\/person\/e2209cc0e6cea5c5233d033e997b373f\"},\"headline\":\"A acusa\u00e7\u00e3o contra Eriko J\u00e1come \u00e9 sorrateira, leviana e profundamente desrespeitosa\",\"datePublished\":\"2025-11-26T23:09:44+00:00\",\"mainEntityOfPage\":{\"@id\":\"https:\/\/blogdobispo.com.br\/?p=18650\"},\"wordCount\":399,\"commentCount\":0,\"publisher\":{\"@id\":\"https:\/\/blogdobispo.com.br\/#organization\"},\"image\":{\"@id\":\"https:\/\/blogdobispo.com.br\/?p=18650#primaryimage\"},\"thumbnailUrl\":\"https:\/\/i0.wp.com\/blogdobispo.com.br\/wp-content\/uploads\/2025\/11\/img_7902-1.jpg?fit=2000%2C1126&ssl=1\",\"articleSection\":[\"diversos\"],\"inLanguage\":\"pt-BR\",\"potentialAction\":[{\"@type\":\"CommentAction\",\"name\":\"Comment\",\"target\":[\"https:\/\/blogdobispo.com.br\/?p=18650#respond\"]}]},{\"@type\":\"WebPage\",\"@id\":\"https:\/\/blogdobispo.com.br\/?p=18650\",\"url\":\"https:\/\/blogdobispo.com.br\/?p=18650\",\"name\":\"A acusa\u00e7\u00e3o contra Eriko J\u00e1come \u00e9 sorrateira, leviana e profundamente desrespeitosa - Blog do Bispo\",\"isPartOf\":{\"@id\":\"https:\/\/blogdobispo.com.br\/#website\"},\"primaryImageOfPage\":{\"@id\":\"https:\/\/blogdobispo.com.br\/?p=18650#primaryimage\"},\"image\":{\"@id\":\"https:\/\/blogdobispo.com.br\/?p=18650#primaryimage\"},\"thumbnailUrl\":\"https:\/\/i0.wp.com\/blogdobispo.com.br\/wp-content\/uploads\/2025\/11\/img_7902-1.jpg?fit=2000%2C1126&ssl=1\",\"datePublished\":\"2025-11-26T23:09:44+00:00\",\"breadcrumb\":{\"@id\":\"https:\/\/blogdobispo.com.br\/?p=18650#breadcrumb\"},\"inLanguage\":\"pt-BR\",\"potentialAction\":[{\"@type\":\"ReadAction\",\"target\":[\"https:\/\/blogdobispo.com.br\/?p=18650\"]}]},{\"@type\":\"ImageObject\",\"inLanguage\":\"pt-BR\",\"@id\":\"https:\/\/blogdobispo.com.br\/?p=18650#primaryimage\",\"url\":\"https:\/\/i0.wp.com\/blogdobispo.com.br\/wp-content\/uploads\/2025\/11\/img_7902-1.jpg?fit=2000%2C1126&ssl=1\",\"contentUrl\":\"https:\/\/i0.wp.com\/blogdobispo.com.br\/wp-content\/uploads\/2025\/11\/img_7902-1.jpg?fit=2000%2C1126&ssl=1\",\"width\":2000,\"height\":1126},{\"@type\":\"BreadcrumbList\",\"@id\":\"https:\/\/blogdobispo.com.br\/?p=18650#breadcrumb\",\"itemListElement\":[{\"@type\":\"ListItem\",\"position\":1,\"name\":\"In\u00edcio\",\"item\":\"https:\/\/blogdobispo.com.br\/\"},{\"@type\":\"ListItem\",\"position\":2,\"name\":\"A acusa\u00e7\u00e3o contra Eriko J\u00e1come \u00e9 sorrateira, leviana e profundamente desrespeitosa\"}]},{\"@type\":\"WebSite\",\"@id\":\"https:\/\/blogdobispo.com.br\/#website\",\"url\":\"https:\/\/blogdobispo.com.br\/\",\"name\":\"Blog do Bispo\",\"description\":\"Comprometido apenas com o leitor\",\"publisher\":{\"@id\":\"https:\/\/blogdobispo.com.br\/#organization\"},\"potentialAction\":[{\"@type\":\"SearchAction\",\"target\":{\"@type\":\"EntryPoint\",\"urlTemplate\":\"https:\/\/blogdobispo.com.br\/?s={search_term_string}\"},\"query-input\":{\"@type\":\"PropertyValueSpecification\",\"valueRequired\":true,\"valueName\":\"search_term_string\"}}],\"inLanguage\":\"pt-BR\"},{\"@type\":\"Organization\",\"@id\":\"https:\/\/blogdobispo.com.br\/#organization\",\"name\":\"Blog do Bispo\",\"url\":\"https:\/\/blogdobispo.com.br\/\",\"logo\":{\"@type\":\"ImageObject\",\"inLanguage\":\"pt-BR\",\"@id\":\"https:\/\/blogdobispo.com.br\/#\/schema\/logo\/image\/\",\"url\":\"http:\/\/blogdobispo.com.br\/wp-content\/uploads\/2023\/05\/cropped-headear.png\",\"contentUrl\":\"http:\/\/blogdobispo.com.br\/wp-content\/uploads\/2023\/05\/cropped-headear.png\",\"width\":1500,\"height\":399,\"caption\":\"Blog do Bispo\"},\"image\":{\"@id\":\"https:\/\/blogdobispo.com.br\/#\/schema\/logo\/image\/\"}},{\"@type\":\"Person\",\"@id\":\"https:\/\/blogdobispo.com.br\/#\/schema\/person\/e2209cc0e6cea5c5233d033e997b373f\",\"name\":\"Jefferson Sterfeno\",\"image\":{\"@type\":\"ImageObject\",\"inLanguage\":\"pt-BR\",\"@id\":\"https:\/\/blogdobispo.com.br\/#\/schema\/person\/image\/\",\"url\":\"https:\/\/secure.gravatar.com\/avatar\/0534e84764641168a677026b6d57a3f51dc7ac4db0b4f6186d9cb330d4ee1160?s=96&d=mm&r=g\",\"contentUrl\":\"https:\/\/secure.gravatar.com\/avatar\/0534e84764641168a677026b6d57a3f51dc7ac4db0b4f6186d9cb330d4ee1160?s=96&d=mm&r=g\",\"caption\":\"Jefferson Sterfeno\"},\"sameAs\":[\"http:\/\/blogdobispo.com.br\"],\"url\":\"https:\/\/blogdobispo.com.br\/?author=1\"}]}<\/script>\n<!-- \/ Yoast SEO plugin. -->","yoast_head_json":{"title":"A acusa\u00e7\u00e3o contra Eriko J\u00e1come \u00e9 sorrateira, leviana e profundamente desrespeitosa - Blog do Bispo","robots":{"index":"index","follow":"follow","max-snippet":"max-snippet:-1","max-image-preview":"max-image-preview:large","max-video-preview":"max-video-preview:-1"},"canonical":"https:\/\/blogdobispo.com.br\/?p=18650","og_locale":"pt_BR","og_type":"article","og_title":"A acusa\u00e7\u00e3o contra Eriko J\u00e1come \u00e9 sorrateira, leviana e profundamente desrespeitosa - Blog do Bispo","og_description":"A acusa\u00e7\u00e3o feita hoje pela vereadora Samanda, do PT, contra o presidente da C\u00e2mara Municipal de Natal, Eriko J\u00e1come, foi, para mim, uma das atitudes mais sorrateiras e levianas que j\u00e1 presenciei no Legislativo natalense. Acusar Eriko de n\u00e3o participar das sess\u00f5es \u00e9 distorcer os fatos, \u00e9 tentar criar uma narrativa que n\u00e3o se sustenta [&hellip;]","og_url":"https:\/\/blogdobispo.com.br\/?p=18650","og_site_name":"Blog do Bispo","article_published_time":"2025-11-26T23:09:44+00:00","og_image":[{"url":"https:\/\/blogdobispo.com.br\/wp-content\/uploads\/2025\/11\/img_7902-1024x577.jpg","type":"","width":"","height":""}],"author":"Jefferson Sterfeno","twitter_card":"summary_large_image","twitter_misc":{"Escrito por":"Jefferson Sterfeno","Est. tempo de leitura":"2 minutos"},"schema":{"@context":"https:\/\/schema.org","@graph":[{"@type":"Article","@id":"https:\/\/blogdobispo.com.br\/?p=18650#article","isPartOf":{"@id":"https:\/\/blogdobispo.com.br\/?p=18650"},"author":{"name":"Jefferson Sterfeno","@id":"https:\/\/blogdobispo.com.br\/#\/schema\/person\/e2209cc0e6cea5c5233d033e997b373f"},"headline":"A acusa\u00e7\u00e3o contra Eriko J\u00e1come \u00e9 sorrateira, leviana e profundamente desrespeitosa","datePublished":"2025-11-26T23:09:44+00:00","mainEntityOfPage":{"@id":"https:\/\/blogdobispo.com.br\/?p=18650"},"wordCount":399,"commentCount":0,"publisher":{"@id":"https:\/\/blogdobispo.com.br\/#organization"},"image":{"@id":"https:\/\/blogdobispo.com.br\/?p=18650#primaryimage"},"thumbnailUrl":"https:\/\/i0.wp.com\/blogdobispo.com.br\/wp-content\/uploads\/2025\/11\/img_7902-1.jpg?fit=2000%2C1126&ssl=1","articleSection":["diversos"],"inLanguage":"pt-BR","potentialAction":[{"@type":"CommentAction","name":"Comment","target":["https:\/\/blogdobispo.com.br\/?p=18650#respond"]}]},{"@type":"WebPage","@id":"https:\/\/blogdobispo.com.br\/?p=18650","url":"https:\/\/blogdobispo.com.br\/?p=18650","name":"A acusa\u00e7\u00e3o contra Eriko J\u00e1come \u00e9 sorrateira, leviana e profundamente desrespeitosa - Blog do Bispo","isPartOf":{"@id":"https:\/\/blogdobispo.com.br\/#website"},"primaryImageOfPage":{"@id":"https:\/\/blogdobispo.com.br\/?p=18650#primaryimage"},"image":{"@id":"https:\/\/blogdobispo.com.br\/?p=18650#primaryimage"},"thumbnailUrl":"https:\/\/i0.wp.com\/blogdobispo.com.br\/wp-content\/uploads\/2025\/11\/img_7902-1.jpg?fit=2000%2C1126&ssl=1","datePublished":"2025-11-26T23:09:44+00:00","breadcrumb":{"@id":"https:\/\/blogdobispo.com.br\/?p=18650#breadcrumb"},"inLanguage":"pt-BR","potentialAction":[{"@type":"ReadAction","target":["https:\/\/blogdobispo.com.br\/?p=18650"]}]},{"@type":"ImageObject","inLanguage":"pt-BR","@id":"https:\/\/blogdobispo.com.br\/?p=18650#primaryimage","url":"https:\/\/i0.wp.com\/blogdobispo.com.br\/wp-content\/uploads\/2025\/11\/img_7902-1.jpg?fit=2000%2C1126&ssl=1","contentUrl":"https:\/\/i0.wp.com\/blogdobispo.com.br\/wp-content\/uploads\/2025\/11\/img_7902-1.jpg?fit=2000%2C1126&ssl=1","width":2000,"height":1126},{"@type":"BreadcrumbList","@id":"https:\/\/blogdobispo.com.br\/?p=18650#breadcrumb","itemListElement":[{"@type":"ListItem","position":1,"name":"In\u00edcio","item":"https:\/\/blogdobispo.com.br\/"},{"@type":"ListItem","position":2,"name":"A acusa\u00e7\u00e3o contra Eriko J\u00e1come \u00e9 sorrateira, leviana e profundamente desrespeitosa"}]},{"@type":"WebSite","@id":"https:\/\/blogdobispo.com.br\/#website","url":"https:\/\/blogdobispo.com.br\/","name":"Blog do Bispo","description":"Comprometido apenas com o leitor","publisher":{"@id":"https:\/\/blogdobispo.com.br\/#organization"},"potentialAction":[{"@type":"SearchAction","target":{"@type":"EntryPoint","urlTemplate":"https:\/\/blogdobispo.com.br\/?s={search_term_string}"},"query-input":{"@type":"PropertyValueSpecification","valueRequired":true,"valueName":"search_term_string"}}],"inLanguage":"pt-BR"},{"@type":"Organization","@id":"https:\/\/blogdobispo.com.br\/#organization","name":"Blog do Bispo","url":"https:\/\/blogdobispo.com.br\/","logo":{"@type":"ImageObject","inLanguage":"pt-BR","@id":"https:\/\/blogdobispo.com.br\/#\/schema\/logo\/image\/","url":"http:\/\/blogdobispo.com.br\/wp-content\/uploads\/2023\/05\/cropped-headear.png","contentUrl":"http:\/\/blogdobispo.com.br\/wp-content\/uploads\/2023\/05\/cropped-headear.png","width":1500,"height":399,"caption":"Blog do Bispo"},"image":{"@id":"https:\/\/blogdobispo.com.br\/#\/schema\/logo\/image\/"}},{"@type":"Person","@id":"https:\/\/blogdobispo.com.br\/#\/schema\/person\/e2209cc0e6cea5c5233d033e997b373f","name":"Jefferson Sterfeno","image":{"@type":"ImageObject","inLanguage":"pt-BR","@id":"https:\/\/blogdobispo.com.br\/#\/schema\/person\/image\/","url":"https:\/\/secure.gravatar.com\/avatar\/0534e84764641168a677026b6d57a3f51dc7ac4db0b4f6186d9cb330d4ee1160?s=96&d=mm&r=g","contentUrl":"https:\/\/secure.gravatar.com\/avatar\/0534e84764641168a677026b6d57a3f51dc7ac4db0b4f6186d9cb330d4ee1160?s=96&d=mm&r=g","caption":"Jefferson Sterfeno"},"sameAs":["http:\/\/blogdobispo.com.br"],"url":"https:\/\/blogdobispo.com.br\/?author=1"}]}},"featured_image_urls":{"full":["https:\/\/i0.wp.com\/blogdobispo.com.br\/wp-content\/uploads\/2025\/11\/img_7902-1.jpg?fit=2000%2C1126&ssl=1",2000,1126,false],"thumbnail":["https:\/\/i0.wp.com\/blogdobispo.com.br\/wp-content\/uploads\/2025\/11\/img_7902-1.jpg?resize=150%2C150&ssl=1",150,150,true],"medium":["https:\/\/i0.wp.com\/blogdobispo.com.br\/wp-content\/uploads\/2025\/11\/img_7902-1.jpg?fit=300%2C169&ssl=1",300,169,true],"medium_large":["https:\/\/i0.wp.com\/blogdobispo.com.br\/wp-content\/uploads\/2025\/11\/img_7902-1.jpg?fit=768%2C432&ssl=1",768,432,true],"large":["https:\/\/i0.wp.com\/blogdobispo.com.br\/wp-content\/uploads\/2025\/11\/img_7902-1.jpg?fit=800%2C451&ssl=1",800,451,true],"1536x1536":["https:\/\/i0.wp.com\/blogdobispo.com.br\/wp-content\/uploads\/2025\/11\/img_7902-1.jpg?fit=1536%2C865&ssl=1",1536,865,true],"2048x2048":["https:\/\/i0.wp.com\/blogdobispo.com.br\/wp-content\/uploads\/2025\/11\/img_7902-1.jpg?fit=2000%2C1126&ssl=1",2000,1126,true]},"author_info":{"display_name":"Jefferson Sterfeno","author_link":"https:\/\/blogdobispo.com.br\/?author=1"},"category_info":"<a href=\"https:\/\/blogdobispo.com.br\/?cat=1\" rel=\"category\">diversos<\/a>","tag_info":"diversos","comment_count":"0","jetpack_featured_media_url":"https:\/\/i0.wp.com\/blogdobispo.com.br\/wp-content\/uploads\/2025\/11\/img_7902-1.jpg?fit=2000%2C1126&ssl=1","jetpack_sharing_enabled":true,"_links":{"self":[{"href":"https:\/\/blogdobispo.com.br\/index.php?rest_route=\/wp\/v2\/posts\/18650","targetHints":{"allow":["GET"]}}],"collection":[{"href":"https:\/\/blogdobispo.com.br\/index.php?rest_route=\/wp\/v2\/posts"}],"about":[{"href":"https:\/\/blogdobispo.com.br\/index.php?rest_route=\/wp\/v2\/types\/post"}],"author":[{"embeddable":true,"href":"https:\/\/blogdobispo.com.br\/index.php?rest_route=\/wp\/v2\/users\/1"}],"replies":[{"embeddable":true,"href":"https:\/\/blogdobispo.com.br\/index.php?rest_route=%2Fwp%2Fv2%2Fcomments&post=18650"}],"version-history":[{"count":0,"href":"https:\/\/blogdobispo.com.br\/index.php?rest_route=\/wp\/v2\/posts\/18650\/revisions"}],"wp:featuredmedia":[{"embeddable":true,"href":"https:\/\/blogdobispo.com.br\/index.php?rest_route=\/wp\/v2\/media\/18649"}],"wp:attachment":[{"href":"https:\/\/blogdobispo.com.br\/index.php?rest_route=%2Fwp%2Fv2%2Fmedia&parent=18650"}],"wp:term":[{"taxonomy":"category","embeddable":true,"href":"https:\/\/blogdobispo.com.br\/index.php?rest_route=%2Fwp%2Fv2%2Fcategories&post=18650"},{"taxonomy":"post_tag","embeddable":true,"href":"https:\/\/blogdobispo.com.br\/index.php?rest_route=%2Fwp%2Fv2%2Ftags&post=18650"}],"curies":[{"name":"wp","href":"https:\/\/api.w.org\/{rel}","templated":true}]}}