{"id":18647,"date":"2025-11-26T20:54:45","date_gmt":"2025-11-26T20:54:45","guid":{"rendered":"https:\/\/blogdobispo.com.br\/?p=18647"},"modified":"2025-11-26T20:54:45","modified_gmt":"2025-11-26T20:54:45","slug":"prefeitura-acende-nesta-quinta-27-as-luzes-do-polo-natalino-da-avenida-praia-de-ponta-negra","status":"publish","type":"post","link":"https:\/\/blogdobispo.com.br\/?p=18647","title":{"rendered":"Prefeitura acende nesta quinta (27) as luzes do Polo Natalino da Avenida Praia de Ponta Negra"},"content":{"rendered":"\n<figure class=\"wp-block-image size-large\"><img data-recalc-dims=\"1\" fetchpriority=\"high\" decoding=\"async\" width=\"750\" height=\"355\" src=\"https:\/\/i0.wp.com\/blogdobispo.com.br\/wp-content\/uploads\/2025\/11\/img_7897.png?resize=750%2C355&#038;ssl=1\" class=\"wp-image-18645\" srcset=\"https:\/\/i0.wp.com\/blogdobispo.com.br\/wp-content\/uploads\/2025\/11\/img_7897.png?w=750&amp;ssl=1 750w, https:\/\/i0.wp.com\/blogdobispo.com.br\/wp-content\/uploads\/2025\/11\/img_7897.png?resize=300%2C142&amp;ssl=1 300w\" sizes=\"(max-width: 750px) 100vw, 750px\" \/><\/figure>\n\n\n\n<h4 class=\"wp-block-heading pb-2 tituloNoticia\"><\/h4>\n\n\n\n<p>A atmosfera do Natal em Natal 2025 ganha mais um cap\u00edtulo especial nesta quinta-feira (27). \u00c0s 18h, o prefeito Paulinho Freire e o secret\u00e1rio municipal de Servi\u00e7os Urbanos, Felipe Alves, realizam o acendimento oficial das luzes do Polo Natalino da Avenida Praia de Ponta Negra, um dos cen\u00e1rios mais esperados da programa\u00e7\u00e3o deste ano.<\/p>\n\n\n\n<p>Reconhecida como um dos principais cart\u00f5es-postais da cidade e \u00e1rea de intensa movimenta\u00e7\u00e3o tur\u00edstica, a regi\u00e3o recebe uma decora\u00e7\u00e3o planejada pela Prefeitura, por meio da Semsur, para transformar o espa\u00e7o em um espet\u00e1culo de luz e cores. A iniciativa tamb\u00e9m busca fortalecer a economia local e ampliar o fluxo de visitantes durante o per\u00edodo festivo.<\/p>\n\n\n\n<p>A estrutura preparada para o polo conta com uma \u00e1rvore digital de 30 metros, totalmente interativa e composta por mais de 51 mil pontos de luz; um tren\u00f3 com experi\u00eancia de realidade virtual; o T\u00fanel do Sol Luminoso; um Papai Noel gigante iluminado; uma Vila Natalina; al\u00e9m de mais de 100 mil pontos de luz distribu\u00eddos em pe\u00e7as tem\u00e1ticas ao longo de toda a avenida, formando um percurso que promete encantar moradores e turistas.<\/p>\n\n\n\n<p>O secret\u00e1rio Felipe Alves destaca o cuidado t\u00e9cnico e est\u00e9tico com cada parte da instala\u00e7\u00e3o: \u201cO polo de Ponta Negra foi pensado para oferecer uma experi\u00eancia marcante. A decora\u00e7\u00e3o une tecnologia, tradi\u00e7\u00e3o e elementos que conversam com a identidade visual do bairro, reconhecido no Brasil inteiro.<\/p>\n\n\n\n<p>O Natal em Natal \u00e9 uma oportunidade de mostrar a for\u00e7a da nossa cultura e do nosso potencial tur\u00edstico. Estamos trabalhando para entregar uma edi\u00e7\u00e3o ainda mais especial\u201d, afirmou.<\/p>\n","protected":false},"excerpt":{"rendered":"<p>A atmosfera do Natal em Natal 2025 ganha mais um cap\u00edtulo especial nesta quinta-feira (27). \u00c0s 18h, o prefeito Paulinho Freire e o secret\u00e1rio municipal de Servi\u00e7os Urbanos, Felipe Alves, realizam o acendimento oficial das luzes do Polo Natalino da Avenida Praia de Ponta Negra, um dos cen\u00e1rios mais esperados da programa\u00e7\u00e3o deste ano. Reconhecida [&hellip;]<\/p>\n","protected":false},"author":1,"featured_media":18646,"comment_status":"open","ping_status":"open","sticky":false,"template":"","format":"standard","meta":{"cybocfi_hide_featured_image":"","_jetpack_memberships_contains_paid_content":false,"footnotes":""},"categories":[1],"tags":[],"class_list":["post-18647","post","type-post","status-publish","format-standard","has-post-thumbnail","hentry","category-diversos"],"yoast_head":"<!-- This site is optimized with the Yoast SEO plugin v25.6 - https:\/\/yoast.com\/wordpress\/plugins\/seo\/ -->\n<title>Prefeitura acende nesta quinta (27) as luzes do Polo Natalino da Avenida Praia de Ponta Negra - Blog do Bispo<\/title>\n<meta name=\"robots\" content=\"index, follow, max-snippet:-1, max-image-preview:large, max-video-preview:-1\" \/>\n<link rel=\"canonical\" href=\"https:\/\/blogdobispo.com.br\/?p=18647\" \/>\n<meta property=\"og:locale\" content=\"pt_BR\" \/>\n<meta property=\"og:type\" content=\"article\" \/>\n<meta property=\"og:title\" content=\"Prefeitura acende nesta quinta (27) as luzes do Polo Natalino da Avenida Praia de Ponta Negra - Blog do Bispo\" \/>\n<meta property=\"og:description\" content=\"A atmosfera do Natal em Natal 2025 ganha mais um cap\u00edtulo especial nesta quinta-feira (27). \u00c0s 18h, o prefeito Paulinho Freire e o secret\u00e1rio municipal de Servi\u00e7os Urbanos, Felipe Alves, realizam o acendimento oficial das luzes do Polo Natalino da Avenida Praia de Ponta Negra, um dos cen\u00e1rios mais esperados da programa\u00e7\u00e3o deste ano. Reconhecida [&hellip;]\" \/>\n<meta property=\"og:url\" content=\"https:\/\/blogdobispo.com.br\/?p=18647\" \/>\n<meta property=\"og:site_name\" content=\"Blog do Bispo\" \/>\n<meta property=\"article:published_time\" content=\"2025-11-26T20:54:45+00:00\" \/>\n<meta property=\"og:image\" content=\"https:\/\/blogdobispo.com.br\/wp-content\/uploads\/2025\/11\/img_7897.png\" \/>\n<meta name=\"author\" content=\"Jefferson Sterfeno\" \/>\n<meta name=\"twitter:card\" content=\"summary_large_image\" \/>\n<meta name=\"twitter:label1\" content=\"Escrito por\" \/>\n\t<meta name=\"twitter:data1\" content=\"Jefferson Sterfeno\" \/>\n\t<meta name=\"twitter:label2\" content=\"Est. tempo de leitura\" \/>\n\t<meta name=\"twitter:data2\" content=\"1 minuto\" \/>\n<script type=\"application\/ld+json\" class=\"yoast-schema-graph\">{\"@context\":\"https:\/\/schema.org\",\"@graph\":[{\"@type\":\"Article\",\"@id\":\"https:\/\/blogdobispo.com.br\/?p=18647#article\",\"isPartOf\":{\"@id\":\"https:\/\/blogdobispo.com.br\/?p=18647\"},\"author\":{\"name\":\"Jefferson Sterfeno\",\"@id\":\"https:\/\/blogdobispo.com.br\/#\/schema\/person\/e2209cc0e6cea5c5233d033e997b373f\"},\"headline\":\"Prefeitura acende nesta quinta (27) as luzes do Polo Natalino da Avenida Praia de Ponta Negra\",\"datePublished\":\"2025-11-26T20:54:45+00:00\",\"mainEntityOfPage\":{\"@id\":\"https:\/\/blogdobispo.com.br\/?p=18647\"},\"wordCount\":297,\"commentCount\":0,\"publisher\":{\"@id\":\"https:\/\/blogdobispo.com.br\/#organization\"},\"image\":{\"@id\":\"https:\/\/blogdobispo.com.br\/?p=18647#primaryimage\"},\"thumbnailUrl\":\"https:\/\/i0.wp.com\/blogdobispo.com.br\/wp-content\/uploads\/2025\/11\/img_7897-1.png?fit=750%2C355&ssl=1\",\"articleSection\":[\"diversos\"],\"inLanguage\":\"pt-BR\",\"potentialAction\":[{\"@type\":\"CommentAction\",\"name\":\"Comment\",\"target\":[\"https:\/\/blogdobispo.com.br\/?p=18647#respond\"]}]},{\"@type\":\"WebPage\",\"@id\":\"https:\/\/blogdobispo.com.br\/?p=18647\",\"url\":\"https:\/\/blogdobispo.com.br\/?p=18647\",\"name\":\"Prefeitura acende nesta quinta (27) as luzes do Polo Natalino da Avenida Praia de Ponta Negra - Blog do Bispo\",\"isPartOf\":{\"@id\":\"https:\/\/blogdobispo.com.br\/#website\"},\"primaryImageOfPage\":{\"@id\":\"https:\/\/blogdobispo.com.br\/?p=18647#primaryimage\"},\"image\":{\"@id\":\"https:\/\/blogdobispo.com.br\/?p=18647#primaryimage\"},\"thumbnailUrl\":\"https:\/\/i0.wp.com\/blogdobispo.com.br\/wp-content\/uploads\/2025\/11\/img_7897-1.png?fit=750%2C355&ssl=1\",\"datePublished\":\"2025-11-26T20:54:45+00:00\",\"breadcrumb\":{\"@id\":\"https:\/\/blogdobispo.com.br\/?p=18647#breadcrumb\"},\"inLanguage\":\"pt-BR\",\"potentialAction\":[{\"@type\":\"ReadAction\",\"target\":[\"https:\/\/blogdobispo.com.br\/?p=18647\"]}]},{\"@type\":\"ImageObject\",\"inLanguage\":\"pt-BR\",\"@id\":\"https:\/\/blogdobispo.com.br\/?p=18647#primaryimage\",\"url\":\"https:\/\/i0.wp.com\/blogdobispo.com.br\/wp-content\/uploads\/2025\/11\/img_7897-1.png?fit=750%2C355&ssl=1\",\"contentUrl\":\"https:\/\/i0.wp.com\/blogdobispo.com.br\/wp-content\/uploads\/2025\/11\/img_7897-1.png?fit=750%2C355&ssl=1\",\"width\":750,\"height\":355},{\"@type\":\"BreadcrumbList\",\"@id\":\"https:\/\/blogdobispo.com.br\/?p=18647#breadcrumb\",\"itemListElement\":[{\"@type\":\"ListItem\",\"position\":1,\"name\":\"In\u00edcio\",\"item\":\"https:\/\/blogdobispo.com.br\/\"},{\"@type\":\"ListItem\",\"position\":2,\"name\":\"Prefeitura acende nesta quinta (27) as luzes do Polo Natalino da Avenida Praia de Ponta Negra\"}]},{\"@type\":\"WebSite\",\"@id\":\"https:\/\/blogdobispo.com.br\/#website\",\"url\":\"https:\/\/blogdobispo.com.br\/\",\"name\":\"Blog do Bispo\",\"description\":\"Comprometido apenas com o leitor\",\"publisher\":{\"@id\":\"https:\/\/blogdobispo.com.br\/#organization\"},\"potentialAction\":[{\"@type\":\"SearchAction\",\"target\":{\"@type\":\"EntryPoint\",\"urlTemplate\":\"https:\/\/blogdobispo.com.br\/?s={search_term_string}\"},\"query-input\":{\"@type\":\"PropertyValueSpecification\",\"valueRequired\":true,\"valueName\":\"search_term_string\"}}],\"inLanguage\":\"pt-BR\"},{\"@type\":\"Organization\",\"@id\":\"https:\/\/blogdobispo.com.br\/#organization\",\"name\":\"Blog do Bispo\",\"url\":\"https:\/\/blogdobispo.com.br\/\",\"logo\":{\"@type\":\"ImageObject\",\"inLanguage\":\"pt-BR\",\"@id\":\"https:\/\/blogdobispo.com.br\/#\/schema\/logo\/image\/\",\"url\":\"http:\/\/blogdobispo.com.br\/wp-content\/uploads\/2023\/05\/cropped-headear.png\",\"contentUrl\":\"http:\/\/blogdobispo.com.br\/wp-content\/uploads\/2023\/05\/cropped-headear.png\",\"width\":1500,\"height\":399,\"caption\":\"Blog do Bispo\"},\"image\":{\"@id\":\"https:\/\/blogdobispo.com.br\/#\/schema\/logo\/image\/\"}},{\"@type\":\"Person\",\"@id\":\"https:\/\/blogdobispo.com.br\/#\/schema\/person\/e2209cc0e6cea5c5233d033e997b373f\",\"name\":\"Jefferson Sterfeno\",\"image\":{\"@type\":\"ImageObject\",\"inLanguage\":\"pt-BR\",\"@id\":\"https:\/\/blogdobispo.com.br\/#\/schema\/person\/image\/\",\"url\":\"https:\/\/secure.gravatar.com\/avatar\/0534e84764641168a677026b6d57a3f51dc7ac4db0b4f6186d9cb330d4ee1160?s=96&d=mm&r=g\",\"contentUrl\":\"https:\/\/secure.gravatar.com\/avatar\/0534e84764641168a677026b6d57a3f51dc7ac4db0b4f6186d9cb330d4ee1160?s=96&d=mm&r=g\",\"caption\":\"Jefferson Sterfeno\"},\"sameAs\":[\"http:\/\/blogdobispo.com.br\"],\"url\":\"https:\/\/blogdobispo.com.br\/?author=1\"}]}<\/script>\n<!-- \/ Yoast SEO plugin. -->","yoast_head_json":{"title":"Prefeitura acende nesta quinta (27) as luzes do Polo Natalino da Avenida Praia de Ponta Negra - Blog do Bispo","robots":{"index":"index","follow":"follow","max-snippet":"max-snippet:-1","max-image-preview":"max-image-preview:large","max-video-preview":"max-video-preview:-1"},"canonical":"https:\/\/blogdobispo.com.br\/?p=18647","og_locale":"pt_BR","og_type":"article","og_title":"Prefeitura acende nesta quinta (27) as luzes do Polo Natalino da Avenida Praia de Ponta Negra - Blog do Bispo","og_description":"A atmosfera do Natal em Natal 2025 ganha mais um cap\u00edtulo especial nesta quinta-feira (27). \u00c0s 18h, o prefeito Paulinho Freire e o secret\u00e1rio municipal de Servi\u00e7os Urbanos, Felipe Alves, realizam o acendimento oficial das luzes do Polo Natalino da Avenida Praia de Ponta Negra, um dos cen\u00e1rios mais esperados da programa\u00e7\u00e3o deste ano. Reconhecida [&hellip;]","og_url":"https:\/\/blogdobispo.com.br\/?p=18647","og_site_name":"Blog do Bispo","article_published_time":"2025-11-26T20:54:45+00:00","og_image":[{"url":"https:\/\/blogdobispo.com.br\/wp-content\/uploads\/2025\/11\/img_7897.png","type":"","width":"","height":""}],"author":"Jefferson Sterfeno","twitter_card":"summary_large_image","twitter_misc":{"Escrito por":"Jefferson Sterfeno","Est. tempo de leitura":"1 minuto"},"schema":{"@context":"https:\/\/schema.org","@graph":[{"@type":"Article","@id":"https:\/\/blogdobispo.com.br\/?p=18647#article","isPartOf":{"@id":"https:\/\/blogdobispo.com.br\/?p=18647"},"author":{"name":"Jefferson Sterfeno","@id":"https:\/\/blogdobispo.com.br\/#\/schema\/person\/e2209cc0e6cea5c5233d033e997b373f"},"headline":"Prefeitura acende nesta quinta (27) as luzes do Polo Natalino da Avenida Praia de Ponta Negra","datePublished":"2025-11-26T20:54:45+00:00","mainEntityOfPage":{"@id":"https:\/\/blogdobispo.com.br\/?p=18647"},"wordCount":297,"commentCount":0,"publisher":{"@id":"https:\/\/blogdobispo.com.br\/#organization"},"image":{"@id":"https:\/\/blogdobispo.com.br\/?p=18647#primaryimage"},"thumbnailUrl":"https:\/\/i0.wp.com\/blogdobispo.com.br\/wp-content\/uploads\/2025\/11\/img_7897-1.png?fit=750%2C355&ssl=1","articleSection":["diversos"],"inLanguage":"pt-BR","potentialAction":[{"@type":"CommentAction","name":"Comment","target":["https:\/\/blogdobispo.com.br\/?p=18647#respond"]}]},{"@type":"WebPage","@id":"https:\/\/blogdobispo.com.br\/?p=18647","url":"https:\/\/blogdobispo.com.br\/?p=18647","name":"Prefeitura acende nesta quinta (27) as luzes do Polo Natalino da Avenida Praia de Ponta Negra - Blog do Bispo","isPartOf":{"@id":"https:\/\/blogdobispo.com.br\/#website"},"primaryImageOfPage":{"@id":"https:\/\/blogdobispo.com.br\/?p=18647#primaryimage"},"image":{"@id":"https:\/\/blogdobispo.com.br\/?p=18647#primaryimage"},"thumbnailUrl":"https:\/\/i0.wp.com\/blogdobispo.com.br\/wp-content\/uploads\/2025\/11\/img_7897-1.png?fit=750%2C355&ssl=1","datePublished":"2025-11-26T20:54:45+00:00","breadcrumb":{"@id":"https:\/\/blogdobispo.com.br\/?p=18647#breadcrumb"},"inLanguage":"pt-BR","potentialAction":[{"@type":"ReadAction","target":["https:\/\/blogdobispo.com.br\/?p=18647"]}]},{"@type":"ImageObject","inLanguage":"pt-BR","@id":"https:\/\/blogdobispo.com.br\/?p=18647#primaryimage","url":"https:\/\/i0.wp.com\/blogdobispo.com.br\/wp-content\/uploads\/2025\/11\/img_7897-1.png?fit=750%2C355&ssl=1","contentUrl":"https:\/\/i0.wp.com\/blogdobispo.com.br\/wp-content\/uploads\/2025\/11\/img_7897-1.png?fit=750%2C355&ssl=1","width":750,"height":355},{"@type":"BreadcrumbList","@id":"https:\/\/blogdobispo.com.br\/?p=18647#breadcrumb","itemListElement":[{"@type":"ListItem","position":1,"name":"In\u00edcio","item":"https:\/\/blogdobispo.com.br\/"},{"@type":"ListItem","position":2,"name":"Prefeitura acende nesta quinta (27) as luzes do Polo Natalino da Avenida Praia de Ponta Negra"}]},{"@type":"WebSite","@id":"https:\/\/blogdobispo.com.br\/#website","url":"https:\/\/blogdobispo.com.br\/","name":"Blog do Bispo","description":"Comprometido apenas com o leitor","publisher":{"@id":"https:\/\/blogdobispo.com.br\/#organization"},"potentialAction":[{"@type":"SearchAction","target":{"@type":"EntryPoint","urlTemplate":"https:\/\/blogdobispo.com.br\/?s={search_term_string}"},"query-input":{"@type":"PropertyValueSpecification","valueRequired":true,"valueName":"search_term_string"}}],"inLanguage":"pt-BR"},{"@type":"Organization","@id":"https:\/\/blogdobispo.com.br\/#organization","name":"Blog do Bispo","url":"https:\/\/blogdobispo.com.br\/","logo":{"@type":"ImageObject","inLanguage":"pt-BR","@id":"https:\/\/blogdobispo.com.br\/#\/schema\/logo\/image\/","url":"http:\/\/blogdobispo.com.br\/wp-content\/uploads\/2023\/05\/cropped-headear.png","contentUrl":"http:\/\/blogdobispo.com.br\/wp-content\/uploads\/2023\/05\/cropped-headear.png","width":1500,"height":399,"caption":"Blog do Bispo"},"image":{"@id":"https:\/\/blogdobispo.com.br\/#\/schema\/logo\/image\/"}},{"@type":"Person","@id":"https:\/\/blogdobispo.com.br\/#\/schema\/person\/e2209cc0e6cea5c5233d033e997b373f","name":"Jefferson Sterfeno","image":{"@type":"ImageObject","inLanguage":"pt-BR","@id":"https:\/\/blogdobispo.com.br\/#\/schema\/person\/image\/","url":"https:\/\/secure.gravatar.com\/avatar\/0534e84764641168a677026b6d57a3f51dc7ac4db0b4f6186d9cb330d4ee1160?s=96&d=mm&r=g","contentUrl":"https:\/\/secure.gravatar.com\/avatar\/0534e84764641168a677026b6d57a3f51dc7ac4db0b4f6186d9cb330d4ee1160?s=96&d=mm&r=g","caption":"Jefferson Sterfeno"},"sameAs":["http:\/\/blogdobispo.com.br"],"url":"https:\/\/blogdobispo.com.br\/?author=1"}]}},"featured_image_urls":{"full":["https:\/\/i0.wp.com\/blogdobispo.com.br\/wp-content\/uploads\/2025\/11\/img_7897-1.png?fit=750%2C355&ssl=1",750,355,false],"thumbnail":["https:\/\/i0.wp.com\/blogdobispo.com.br\/wp-content\/uploads\/2025\/11\/img_7897-1.png?resize=150%2C150&ssl=1",150,150,true],"medium":["https:\/\/i0.wp.com\/blogdobispo.com.br\/wp-content\/uploads\/2025\/11\/img_7897-1.png?fit=300%2C142&ssl=1",300,142,true],"medium_large":["https:\/\/i0.wp.com\/blogdobispo.com.br\/wp-content\/uploads\/2025\/11\/img_7897-1.png?fit=750%2C355&ssl=1",750,355,true],"large":["https:\/\/i0.wp.com\/blogdobispo.com.br\/wp-content\/uploads\/2025\/11\/img_7897-1.png?fit=750%2C355&ssl=1",750,355,true],"1536x1536":["https:\/\/i0.wp.com\/blogdobispo.com.br\/wp-content\/uploads\/2025\/11\/img_7897-1.png?fit=750%2C355&ssl=1",750,355,true],"2048x2048":["https:\/\/i0.wp.com\/blogdobispo.com.br\/wp-content\/uploads\/2025\/11\/img_7897-1.png?fit=750%2C355&ssl=1",750,355,true]},"author_info":{"display_name":"Jefferson Sterfeno","author_link":"https:\/\/blogdobispo.com.br\/?author=1"},"category_info":"<a href=\"https:\/\/blogdobispo.com.br\/?cat=1\" rel=\"category\">diversos<\/a>","tag_info":"diversos","comment_count":"0","jetpack_featured_media_url":"https:\/\/i0.wp.com\/blogdobispo.com.br\/wp-content\/uploads\/2025\/11\/img_7897-1.png?fit=750%2C355&ssl=1","jetpack_sharing_enabled":true,"_links":{"self":[{"href":"https:\/\/blogdobispo.com.br\/index.php?rest_route=\/wp\/v2\/posts\/18647","targetHints":{"allow":["GET"]}}],"collection":[{"href":"https:\/\/blogdobispo.com.br\/index.php?rest_route=\/wp\/v2\/posts"}],"about":[{"href":"https:\/\/blogdobispo.com.br\/index.php?rest_route=\/wp\/v2\/types\/post"}],"author":[{"embeddable":true,"href":"https:\/\/blogdobispo.com.br\/index.php?rest_route=\/wp\/v2\/users\/1"}],"replies":[{"embeddable":true,"href":"https:\/\/blogdobispo.com.br\/index.php?rest_route=%2Fwp%2Fv2%2Fcomments&post=18647"}],"version-history":[{"count":0,"href":"https:\/\/blogdobispo.com.br\/index.php?rest_route=\/wp\/v2\/posts\/18647\/revisions"}],"wp:featuredmedia":[{"embeddable":true,"href":"https:\/\/blogdobispo.com.br\/index.php?rest_route=\/wp\/v2\/media\/18646"}],"wp:attachment":[{"href":"https:\/\/blogdobispo.com.br\/index.php?rest_route=%2Fwp%2Fv2%2Fmedia&parent=18647"}],"wp:term":[{"taxonomy":"category","embeddable":true,"href":"https:\/\/blogdobispo.com.br\/index.php?rest_route=%2Fwp%2Fv2%2Fcategories&post=18647"},{"taxonomy":"post_tag","embeddable":true,"href":"https:\/\/blogdobispo.com.br\/index.php?rest_route=%2Fwp%2Fv2%2Ftags&post=18647"}],"curies":[{"name":"wp","href":"https:\/\/api.w.org\/{rel}","templated":true}]}}