{"id":18641,"date":"2025-11-26T20:48:25","date_gmt":"2025-11-26T20:48:25","guid":{"rendered":"https:\/\/blogdobispo.com.br\/?p=18641"},"modified":"2025-11-26T20:48:25","modified_gmt":"2025-11-26T20:48:25","slug":"mantenedor-do-cvv-natal-realiza-black-friday-do-bem-com-bazar-de-mercadorias-doadas-pela-receita-federal","status":"publish","type":"post","link":"https:\/\/blogdobispo.com.br\/?p=18641","title":{"rendered":"Mantenedor do CVV Natal realiza \u201cBlack Friday do Bem\u201d com bazar de mercadorias doadas pela Receita Federal"},"content":{"rendered":"\n<figure class=\"wp-block-image size-large\"><img data-recalc-dims=\"1\" fetchpriority=\"high\" decoding=\"async\" width=\"800\" height=\"600\" src=\"https:\/\/i0.wp.com\/blogdobispo.com.br\/wp-content\/uploads\/2025\/11\/a874c04c-a432-4dc3-80fd-25cc99e4c512-1024x768.jpg?resize=800%2C600&#038;ssl=1\" class=\"wp-image-18640\" srcset=\"https:\/\/i0.wp.com\/blogdobispo.com.br\/wp-content\/uploads\/2025\/11\/a874c04c-a432-4dc3-80fd-25cc99e4c512.jpg?resize=1024%2C768&amp;ssl=1 1024w, https:\/\/i0.wp.com\/blogdobispo.com.br\/wp-content\/uploads\/2025\/11\/a874c04c-a432-4dc3-80fd-25cc99e4c512.jpg?resize=300%2C225&amp;ssl=1 300w, https:\/\/i0.wp.com\/blogdobispo.com.br\/wp-content\/uploads\/2025\/11\/a874c04c-a432-4dc3-80fd-25cc99e4c512.jpg?resize=768%2C576&amp;ssl=1 768w, https:\/\/i0.wp.com\/blogdobispo.com.br\/wp-content\/uploads\/2025\/11\/a874c04c-a432-4dc3-80fd-25cc99e4c512.jpg?resize=1536%2C1152&amp;ssl=1 1536w, https:\/\/i0.wp.com\/blogdobispo.com.br\/wp-content\/uploads\/2025\/11\/a874c04c-a432-4dc3-80fd-25cc99e4c512.jpg?w=2000&amp;ssl=1 2000w, https:\/\/i0.wp.com\/blogdobispo.com.br\/wp-content\/uploads\/2025\/11\/a874c04c-a432-4dc3-80fd-25cc99e4c512.jpg?w=1600 1600w\" sizes=\"(max-width: 800px) 100vw, 800px\" \/><\/figure>\n\n\n\n<p><\/p>\n\n\n\n<p><em>Renda ser\u00e1 revertida para a\u00e7\u00f5es de apoio emocional na regi\u00e3o<\/em><\/p>\n\n\n\n<p>O Grupo de Apoio \u00e0 Vida (GRAVI), mantenedor do CVV Natal, promover\u00e1 na pr\u00f3xima sexta-feira, dia 28 de novembro, a a\u00e7\u00e3o \u201cBlack Friday do Bem\u201d, bazar beneficente com a venda de mercadorias doadas pela Receita Federal, incluindo itens novos a pre\u00e7os acess\u00edveis. O evento acontecer\u00e1 no Sindicato dos Banc\u00e1rios, localizado na Av. Deodoro da Fonseca, 419 \u2013 Petr\u00f3polis, Natal\/RN, das 14h \u00e0s 17h. Os interessados em participar devem comprar o ingresso ao custo de R$ 9,99 no site www.sympla.com.br\/evento\/bazar-do-grupo-de-apoio-a-vida-natal\/3231494 .<\/p>\n\n\n\n<p>A iniciativa tem como objetivo arrecadar recursos para a manuten\u00e7\u00e3o dos programas desenvolvidos pelo GRAVI, que h\u00e1 mais de quatro d\u00e9cadas atua com apoio emocional, preven\u00e7\u00e3o do suic\u00eddio e a\u00e7\u00f5es voltadas \u00e0 valoriza\u00e7\u00e3o da vida na capital potiguar e regi\u00e3o.<\/p>\n\n\n\n<p>Entre os produtos dispon\u00edveis no bazar est\u00e3o celulares, com valores a partir de R$ 200, computadores, fones de ouvido, telas multim\u00eddias para carro, tapetes, garrafas t\u00e9rmicas, conjuntos de panelas, entre diversos outros itens. Para garantir maior equidade na compra, haver\u00e1 limite de at\u00e9 2 (dois) celulares por comprador.<\/p>\n\n\n\n<p>As formas de pagamento dispon\u00edveis incluem PIX, cart\u00e3o de d\u00e9bito e cart\u00e3o de cr\u00e9dito, com possibilidade de parcelamento em at\u00e9 12 vezes, conforme as taxas da operadora.<\/p>\n\n\n\n<p>O acesso ao evento ser\u00e1 controlado por meio de ingresso, dispon\u00edvel no link a seguir: www.sympla.com.br\/evento\/bazar-do-grupo-de-apoio-a-vida-natal\/3231494<\/p>\n\n\n\n<p><em>Sobre o Grupo de Apoio \u00e0 Vida<\/em><\/p>\n\n\n\n<p>O GRAVI \u2013 Grupo de Apoio \u00e0 Vida \u00e9 uma institui\u00e7\u00e3o sem fins lucrativos que mant\u00e9m o posto do CVV Natal, servi\u00e7o volunt\u00e1rio de apoio emocional e preven\u00e7\u00e3o do suic\u00eddio.<\/p>\n\n\n\n<p><em>Sobre o CVV<\/em><\/p>\n\n\n\n<p>O CVV oferece o servi\u00e7o volunt\u00e1rio de escuta de forma an\u00f4nima, gratuita e com empatia. Dispon\u00edvel 24 horas de por dia, 7 dias por semana, pode ser acessado pelo telefone 188, pelo site www.cvv.org.br , via chat e ainda pelo e-mail apoioemocional@cvv.org.br .<\/p>\n\n\n\n<p>Em 2024, foram oferecidos 2,7 milh\u00f5es de apoios. A institui\u00e7\u00e3o conta com cerca de 3 mil volunt\u00e1rios e, permanentemente, as inscri\u00e7\u00f5es est\u00e3o abertas para quem se interessar por fazer parte desta rede. Os treinamentos s\u00e3o gratuitos e podem ser feitos pelo site, em www.cvv.org.br\/seja-voluntario .<\/p>\n\n\n\n<p>O CVV \u00e9 uma entidade independente financeira e administrativamente, mantendo-se por meio de doa\u00e7\u00f5es de pessoas f\u00edsicas e jur\u00eddicas. Para colaborar, acesse https:\/\/www.cvv.org.br\/colabore .\u202f<\/p>\n\n\n\n<p><em>Sobre o suic\u00eddio<\/em><\/p>\n\n\n\n<p>O suic\u00eddio \u00e9 um problema de sa\u00fade p\u00fablica e pode ser prevenido. Em 2021, segundo o Minist\u00e9rio da Sa\u00fade, foram 15.507 mortes. 42 v\u00edtimas por dia, a maioria delas do sexo masculino. O movimento Setembro Amarelo, iniciativa brasileira para ampliar o impacto do dia 10 de setembro, Dia Mundial de Preven\u00e7\u00e3o do Suic\u00eddio, foi iniciado em 2015 para sensibilizar e conscientizar a popula\u00e7\u00e3o sobre a quest\u00e3o. Para saber mais, acesse www.setembroamarelo.org.br<\/p>\n","protected":false},"excerpt":{"rendered":"<p>Renda ser\u00e1 revertida para a\u00e7\u00f5es de apoio emocional na regi\u00e3o O Grupo de Apoio \u00e0 Vida (GRAVI), mantenedor do CVV Natal, promover\u00e1 na pr\u00f3xima sexta-feira, dia 28 de novembro, a a\u00e7\u00e3o \u201cBlack Friday do Bem\u201d, bazar beneficente com a venda de mercadorias doadas pela Receita Federal, incluindo itens novos a pre\u00e7os acess\u00edveis. O evento acontecer\u00e1 [&hellip;]<\/p>\n","protected":false},"author":1,"featured_media":18640,"comment_status":"open","ping_status":"open","sticky":false,"template":"","format":"standard","meta":{"cybocfi_hide_featured_image":"","_jetpack_memberships_contains_paid_content":false,"footnotes":""},"categories":[1],"tags":[],"class_list":["post-18641","post","type-post","status-publish","format-standard","has-post-thumbnail","hentry","category-diversos"],"yoast_head":"<!-- This site is optimized with the Yoast SEO plugin v25.6 - https:\/\/yoast.com\/wordpress\/plugins\/seo\/ -->\n<title>Mantenedor do CVV Natal realiza \u201cBlack Friday do Bem\u201d com bazar de mercadorias doadas pela Receita Federal - Blog do Bispo<\/title>\n<meta name=\"robots\" content=\"index, follow, max-snippet:-1, max-image-preview:large, max-video-preview:-1\" \/>\n<link rel=\"canonical\" href=\"https:\/\/blogdobispo.com.br\/?p=18641\" \/>\n<meta property=\"og:locale\" content=\"pt_BR\" \/>\n<meta property=\"og:type\" content=\"article\" \/>\n<meta property=\"og:title\" content=\"Mantenedor do CVV Natal realiza \u201cBlack Friday do Bem\u201d com bazar de mercadorias doadas pela Receita Federal - Blog do Bispo\" \/>\n<meta property=\"og:description\" content=\"Renda ser\u00e1 revertida para a\u00e7\u00f5es de apoio emocional na regi\u00e3o O Grupo de Apoio \u00e0 Vida (GRAVI), mantenedor do CVV Natal, promover\u00e1 na pr\u00f3xima sexta-feira, dia 28 de novembro, a a\u00e7\u00e3o \u201cBlack Friday do Bem\u201d, bazar beneficente com a venda de mercadorias doadas pela Receita Federal, incluindo itens novos a pre\u00e7os acess\u00edveis. O evento acontecer\u00e1 [&hellip;]\" \/>\n<meta property=\"og:url\" content=\"https:\/\/blogdobispo.com.br\/?p=18641\" \/>\n<meta property=\"og:site_name\" content=\"Blog do Bispo\" \/>\n<meta property=\"article:published_time\" content=\"2025-11-26T20:48:25+00:00\" \/>\n<meta property=\"og:image\" content=\"https:\/\/blogdobispo.com.br\/wp-content\/uploads\/2025\/11\/a874c04c-a432-4dc3-80fd-25cc99e4c512-1024x768.jpg\" \/>\n<meta name=\"author\" content=\"Jefferson Sterfeno\" \/>\n<meta name=\"twitter:card\" content=\"summary_large_image\" \/>\n<meta name=\"twitter:label1\" content=\"Escrito por\" \/>\n\t<meta name=\"twitter:data1\" content=\"Jefferson Sterfeno\" \/>\n\t<meta name=\"twitter:label2\" content=\"Est. tempo de leitura\" \/>\n\t<meta name=\"twitter:data2\" content=\"3 minutos\" \/>\n<script type=\"application\/ld+json\" class=\"yoast-schema-graph\">{\"@context\":\"https:\/\/schema.org\",\"@graph\":[{\"@type\":\"Article\",\"@id\":\"https:\/\/blogdobispo.com.br\/?p=18641#article\",\"isPartOf\":{\"@id\":\"https:\/\/blogdobispo.com.br\/?p=18641\"},\"author\":{\"name\":\"Jefferson Sterfeno\",\"@id\":\"https:\/\/blogdobispo.com.br\/#\/schema\/person\/e2209cc0e6cea5c5233d033e997b373f\"},\"headline\":\"Mantenedor do CVV Natal realiza \u201cBlack Friday do Bem\u201d com bazar de mercadorias doadas pela Receita Federal\",\"datePublished\":\"2025-11-26T20:48:25+00:00\",\"mainEntityOfPage\":{\"@id\":\"https:\/\/blogdobispo.com.br\/?p=18641\"},\"wordCount\":517,\"commentCount\":0,\"publisher\":{\"@id\":\"https:\/\/blogdobispo.com.br\/#organization\"},\"image\":{\"@id\":\"https:\/\/blogdobispo.com.br\/?p=18641#primaryimage\"},\"thumbnailUrl\":\"https:\/\/i0.wp.com\/blogdobispo.com.br\/wp-content\/uploads\/2025\/11\/a874c04c-a432-4dc3-80fd-25cc99e4c512.jpg?fit=2000%2C1500&ssl=1\",\"articleSection\":[\"diversos\"],\"inLanguage\":\"pt-BR\",\"potentialAction\":[{\"@type\":\"CommentAction\",\"name\":\"Comment\",\"target\":[\"https:\/\/blogdobispo.com.br\/?p=18641#respond\"]}]},{\"@type\":\"WebPage\",\"@id\":\"https:\/\/blogdobispo.com.br\/?p=18641\",\"url\":\"https:\/\/blogdobispo.com.br\/?p=18641\",\"name\":\"Mantenedor do CVV Natal realiza \u201cBlack Friday do Bem\u201d com bazar de mercadorias doadas pela Receita Federal - Blog do Bispo\",\"isPartOf\":{\"@id\":\"https:\/\/blogdobispo.com.br\/#website\"},\"primaryImageOfPage\":{\"@id\":\"https:\/\/blogdobispo.com.br\/?p=18641#primaryimage\"},\"image\":{\"@id\":\"https:\/\/blogdobispo.com.br\/?p=18641#primaryimage\"},\"thumbnailUrl\":\"https:\/\/i0.wp.com\/blogdobispo.com.br\/wp-content\/uploads\/2025\/11\/a874c04c-a432-4dc3-80fd-25cc99e4c512.jpg?fit=2000%2C1500&ssl=1\",\"datePublished\":\"2025-11-26T20:48:25+00:00\",\"breadcrumb\":{\"@id\":\"https:\/\/blogdobispo.com.br\/?p=18641#breadcrumb\"},\"inLanguage\":\"pt-BR\",\"potentialAction\":[{\"@type\":\"ReadAction\",\"target\":[\"https:\/\/blogdobispo.com.br\/?p=18641\"]}]},{\"@type\":\"ImageObject\",\"inLanguage\":\"pt-BR\",\"@id\":\"https:\/\/blogdobispo.com.br\/?p=18641#primaryimage\",\"url\":\"https:\/\/i0.wp.com\/blogdobispo.com.br\/wp-content\/uploads\/2025\/11\/a874c04c-a432-4dc3-80fd-25cc99e4c512.jpg?fit=2000%2C1500&ssl=1\",\"contentUrl\":\"https:\/\/i0.wp.com\/blogdobispo.com.br\/wp-content\/uploads\/2025\/11\/a874c04c-a432-4dc3-80fd-25cc99e4c512.jpg?fit=2000%2C1500&ssl=1\",\"width\":2000,\"height\":1500},{\"@type\":\"BreadcrumbList\",\"@id\":\"https:\/\/blogdobispo.com.br\/?p=18641#breadcrumb\",\"itemListElement\":[{\"@type\":\"ListItem\",\"position\":1,\"name\":\"In\u00edcio\",\"item\":\"https:\/\/blogdobispo.com.br\/\"},{\"@type\":\"ListItem\",\"position\":2,\"name\":\"Mantenedor do CVV Natal realiza \u201cBlack Friday do Bem\u201d com bazar de mercadorias doadas pela Receita Federal\"}]},{\"@type\":\"WebSite\",\"@id\":\"https:\/\/blogdobispo.com.br\/#website\",\"url\":\"https:\/\/blogdobispo.com.br\/\",\"name\":\"Blog do Bispo\",\"description\":\"Comprometido apenas com o leitor\",\"publisher\":{\"@id\":\"https:\/\/blogdobispo.com.br\/#organization\"},\"potentialAction\":[{\"@type\":\"SearchAction\",\"target\":{\"@type\":\"EntryPoint\",\"urlTemplate\":\"https:\/\/blogdobispo.com.br\/?s={search_term_string}\"},\"query-input\":{\"@type\":\"PropertyValueSpecification\",\"valueRequired\":true,\"valueName\":\"search_term_string\"}}],\"inLanguage\":\"pt-BR\"},{\"@type\":\"Organization\",\"@id\":\"https:\/\/blogdobispo.com.br\/#organization\",\"name\":\"Blog do Bispo\",\"url\":\"https:\/\/blogdobispo.com.br\/\",\"logo\":{\"@type\":\"ImageObject\",\"inLanguage\":\"pt-BR\",\"@id\":\"https:\/\/blogdobispo.com.br\/#\/schema\/logo\/image\/\",\"url\":\"http:\/\/blogdobispo.com.br\/wp-content\/uploads\/2023\/05\/cropped-headear.png\",\"contentUrl\":\"http:\/\/blogdobispo.com.br\/wp-content\/uploads\/2023\/05\/cropped-headear.png\",\"width\":1500,\"height\":399,\"caption\":\"Blog do Bispo\"},\"image\":{\"@id\":\"https:\/\/blogdobispo.com.br\/#\/schema\/logo\/image\/\"}},{\"@type\":\"Person\",\"@id\":\"https:\/\/blogdobispo.com.br\/#\/schema\/person\/e2209cc0e6cea5c5233d033e997b373f\",\"name\":\"Jefferson Sterfeno\",\"image\":{\"@type\":\"ImageObject\",\"inLanguage\":\"pt-BR\",\"@id\":\"https:\/\/blogdobispo.com.br\/#\/schema\/person\/image\/\",\"url\":\"https:\/\/secure.gravatar.com\/avatar\/0534e84764641168a677026b6d57a3f51dc7ac4db0b4f6186d9cb330d4ee1160?s=96&d=mm&r=g\",\"contentUrl\":\"https:\/\/secure.gravatar.com\/avatar\/0534e84764641168a677026b6d57a3f51dc7ac4db0b4f6186d9cb330d4ee1160?s=96&d=mm&r=g\",\"caption\":\"Jefferson Sterfeno\"},\"sameAs\":[\"http:\/\/blogdobispo.com.br\"],\"url\":\"https:\/\/blogdobispo.com.br\/?author=1\"}]}<\/script>\n<!-- \/ Yoast SEO plugin. -->","yoast_head_json":{"title":"Mantenedor do CVV Natal realiza \u201cBlack Friday do Bem\u201d com bazar de mercadorias doadas pela Receita Federal - Blog do Bispo","robots":{"index":"index","follow":"follow","max-snippet":"max-snippet:-1","max-image-preview":"max-image-preview:large","max-video-preview":"max-video-preview:-1"},"canonical":"https:\/\/blogdobispo.com.br\/?p=18641","og_locale":"pt_BR","og_type":"article","og_title":"Mantenedor do CVV Natal realiza \u201cBlack Friday do Bem\u201d com bazar de mercadorias doadas pela Receita Federal - Blog do Bispo","og_description":"Renda ser\u00e1 revertida para a\u00e7\u00f5es de apoio emocional na regi\u00e3o O Grupo de Apoio \u00e0 Vida (GRAVI), mantenedor do CVV Natal, promover\u00e1 na pr\u00f3xima sexta-feira, dia 28 de novembro, a a\u00e7\u00e3o \u201cBlack Friday do Bem\u201d, bazar beneficente com a venda de mercadorias doadas pela Receita Federal, incluindo itens novos a pre\u00e7os acess\u00edveis. O evento acontecer\u00e1 [&hellip;]","og_url":"https:\/\/blogdobispo.com.br\/?p=18641","og_site_name":"Blog do Bispo","article_published_time":"2025-11-26T20:48:25+00:00","og_image":[{"url":"https:\/\/blogdobispo.com.br\/wp-content\/uploads\/2025\/11\/a874c04c-a432-4dc3-80fd-25cc99e4c512-1024x768.jpg","type":"","width":"","height":""}],"author":"Jefferson Sterfeno","twitter_card":"summary_large_image","twitter_misc":{"Escrito por":"Jefferson Sterfeno","Est. tempo de leitura":"3 minutos"},"schema":{"@context":"https:\/\/schema.org","@graph":[{"@type":"Article","@id":"https:\/\/blogdobispo.com.br\/?p=18641#article","isPartOf":{"@id":"https:\/\/blogdobispo.com.br\/?p=18641"},"author":{"name":"Jefferson Sterfeno","@id":"https:\/\/blogdobispo.com.br\/#\/schema\/person\/e2209cc0e6cea5c5233d033e997b373f"},"headline":"Mantenedor do CVV Natal realiza \u201cBlack Friday do Bem\u201d com bazar de mercadorias doadas pela Receita Federal","datePublished":"2025-11-26T20:48:25+00:00","mainEntityOfPage":{"@id":"https:\/\/blogdobispo.com.br\/?p=18641"},"wordCount":517,"commentCount":0,"publisher":{"@id":"https:\/\/blogdobispo.com.br\/#organization"},"image":{"@id":"https:\/\/blogdobispo.com.br\/?p=18641#primaryimage"},"thumbnailUrl":"https:\/\/i0.wp.com\/blogdobispo.com.br\/wp-content\/uploads\/2025\/11\/a874c04c-a432-4dc3-80fd-25cc99e4c512.jpg?fit=2000%2C1500&ssl=1","articleSection":["diversos"],"inLanguage":"pt-BR","potentialAction":[{"@type":"CommentAction","name":"Comment","target":["https:\/\/blogdobispo.com.br\/?p=18641#respond"]}]},{"@type":"WebPage","@id":"https:\/\/blogdobispo.com.br\/?p=18641","url":"https:\/\/blogdobispo.com.br\/?p=18641","name":"Mantenedor do CVV Natal realiza \u201cBlack Friday do Bem\u201d com bazar de mercadorias doadas pela Receita Federal - Blog do Bispo","isPartOf":{"@id":"https:\/\/blogdobispo.com.br\/#website"},"primaryImageOfPage":{"@id":"https:\/\/blogdobispo.com.br\/?p=18641#primaryimage"},"image":{"@id":"https:\/\/blogdobispo.com.br\/?p=18641#primaryimage"},"thumbnailUrl":"https:\/\/i0.wp.com\/blogdobispo.com.br\/wp-content\/uploads\/2025\/11\/a874c04c-a432-4dc3-80fd-25cc99e4c512.jpg?fit=2000%2C1500&ssl=1","datePublished":"2025-11-26T20:48:25+00:00","breadcrumb":{"@id":"https:\/\/blogdobispo.com.br\/?p=18641#breadcrumb"},"inLanguage":"pt-BR","potentialAction":[{"@type":"ReadAction","target":["https:\/\/blogdobispo.com.br\/?p=18641"]}]},{"@type":"ImageObject","inLanguage":"pt-BR","@id":"https:\/\/blogdobispo.com.br\/?p=18641#primaryimage","url":"https:\/\/i0.wp.com\/blogdobispo.com.br\/wp-content\/uploads\/2025\/11\/a874c04c-a432-4dc3-80fd-25cc99e4c512.jpg?fit=2000%2C1500&ssl=1","contentUrl":"https:\/\/i0.wp.com\/blogdobispo.com.br\/wp-content\/uploads\/2025\/11\/a874c04c-a432-4dc3-80fd-25cc99e4c512.jpg?fit=2000%2C1500&ssl=1","width":2000,"height":1500},{"@type":"BreadcrumbList","@id":"https:\/\/blogdobispo.com.br\/?p=18641#breadcrumb","itemListElement":[{"@type":"ListItem","position":1,"name":"In\u00edcio","item":"https:\/\/blogdobispo.com.br\/"},{"@type":"ListItem","position":2,"name":"Mantenedor do CVV Natal realiza \u201cBlack Friday do Bem\u201d com bazar de mercadorias doadas pela Receita Federal"}]},{"@type":"WebSite","@id":"https:\/\/blogdobispo.com.br\/#website","url":"https:\/\/blogdobispo.com.br\/","name":"Blog do Bispo","description":"Comprometido apenas com o leitor","publisher":{"@id":"https:\/\/blogdobispo.com.br\/#organization"},"potentialAction":[{"@type":"SearchAction","target":{"@type":"EntryPoint","urlTemplate":"https:\/\/blogdobispo.com.br\/?s={search_term_string}"},"query-input":{"@type":"PropertyValueSpecification","valueRequired":true,"valueName":"search_term_string"}}],"inLanguage":"pt-BR"},{"@type":"Organization","@id":"https:\/\/blogdobispo.com.br\/#organization","name":"Blog do Bispo","url":"https:\/\/blogdobispo.com.br\/","logo":{"@type":"ImageObject","inLanguage":"pt-BR","@id":"https:\/\/blogdobispo.com.br\/#\/schema\/logo\/image\/","url":"http:\/\/blogdobispo.com.br\/wp-content\/uploads\/2023\/05\/cropped-headear.png","contentUrl":"http:\/\/blogdobispo.com.br\/wp-content\/uploads\/2023\/05\/cropped-headear.png","width":1500,"height":399,"caption":"Blog do Bispo"},"image":{"@id":"https:\/\/blogdobispo.com.br\/#\/schema\/logo\/image\/"}},{"@type":"Person","@id":"https:\/\/blogdobispo.com.br\/#\/schema\/person\/e2209cc0e6cea5c5233d033e997b373f","name":"Jefferson Sterfeno","image":{"@type":"ImageObject","inLanguage":"pt-BR","@id":"https:\/\/blogdobispo.com.br\/#\/schema\/person\/image\/","url":"https:\/\/secure.gravatar.com\/avatar\/0534e84764641168a677026b6d57a3f51dc7ac4db0b4f6186d9cb330d4ee1160?s=96&d=mm&r=g","contentUrl":"https:\/\/secure.gravatar.com\/avatar\/0534e84764641168a677026b6d57a3f51dc7ac4db0b4f6186d9cb330d4ee1160?s=96&d=mm&r=g","caption":"Jefferson Sterfeno"},"sameAs":["http:\/\/blogdobispo.com.br"],"url":"https:\/\/blogdobispo.com.br\/?author=1"}]}},"featured_image_urls":{"full":["https:\/\/i0.wp.com\/blogdobispo.com.br\/wp-content\/uploads\/2025\/11\/a874c04c-a432-4dc3-80fd-25cc99e4c512.jpg?fit=2000%2C1500&ssl=1",2000,1500,false],"thumbnail":["https:\/\/i0.wp.com\/blogdobispo.com.br\/wp-content\/uploads\/2025\/11\/a874c04c-a432-4dc3-80fd-25cc99e4c512.jpg?resize=150%2C150&ssl=1",150,150,true],"medium":["https:\/\/i0.wp.com\/blogdobispo.com.br\/wp-content\/uploads\/2025\/11\/a874c04c-a432-4dc3-80fd-25cc99e4c512.jpg?fit=300%2C225&ssl=1",300,225,true],"medium_large":["https:\/\/i0.wp.com\/blogdobispo.com.br\/wp-content\/uploads\/2025\/11\/a874c04c-a432-4dc3-80fd-25cc99e4c512.jpg?fit=768%2C576&ssl=1",768,576,true],"large":["https:\/\/i0.wp.com\/blogdobispo.com.br\/wp-content\/uploads\/2025\/11\/a874c04c-a432-4dc3-80fd-25cc99e4c512.jpg?fit=800%2C600&ssl=1",800,600,true],"1536x1536":["https:\/\/i0.wp.com\/blogdobispo.com.br\/wp-content\/uploads\/2025\/11\/a874c04c-a432-4dc3-80fd-25cc99e4c512.jpg?fit=1536%2C1152&ssl=1",1536,1152,true],"2048x2048":["https:\/\/i0.wp.com\/blogdobispo.com.br\/wp-content\/uploads\/2025\/11\/a874c04c-a432-4dc3-80fd-25cc99e4c512.jpg?fit=2000%2C1500&ssl=1",2000,1500,true]},"author_info":{"display_name":"Jefferson Sterfeno","author_link":"https:\/\/blogdobispo.com.br\/?author=1"},"category_info":"<a href=\"https:\/\/blogdobispo.com.br\/?cat=1\" rel=\"category\">diversos<\/a>","tag_info":"diversos","comment_count":"0","jetpack_featured_media_url":"https:\/\/i0.wp.com\/blogdobispo.com.br\/wp-content\/uploads\/2025\/11\/a874c04c-a432-4dc3-80fd-25cc99e4c512.jpg?fit=2000%2C1500&ssl=1","jetpack_sharing_enabled":true,"_links":{"self":[{"href":"https:\/\/blogdobispo.com.br\/index.php?rest_route=\/wp\/v2\/posts\/18641","targetHints":{"allow":["GET"]}}],"collection":[{"href":"https:\/\/blogdobispo.com.br\/index.php?rest_route=\/wp\/v2\/posts"}],"about":[{"href":"https:\/\/blogdobispo.com.br\/index.php?rest_route=\/wp\/v2\/types\/post"}],"author":[{"embeddable":true,"href":"https:\/\/blogdobispo.com.br\/index.php?rest_route=\/wp\/v2\/users\/1"}],"replies":[{"embeddable":true,"href":"https:\/\/blogdobispo.com.br\/index.php?rest_route=%2Fwp%2Fv2%2Fcomments&post=18641"}],"version-history":[{"count":0,"href":"https:\/\/blogdobispo.com.br\/index.php?rest_route=\/wp\/v2\/posts\/18641\/revisions"}],"wp:featuredmedia":[{"embeddable":true,"href":"https:\/\/blogdobispo.com.br\/index.php?rest_route=\/wp\/v2\/media\/18640"}],"wp:attachment":[{"href":"https:\/\/blogdobispo.com.br\/index.php?rest_route=%2Fwp%2Fv2%2Fmedia&parent=18641"}],"wp:term":[{"taxonomy":"category","embeddable":true,"href":"https:\/\/blogdobispo.com.br\/index.php?rest_route=%2Fwp%2Fv2%2Fcategories&post=18641"},{"taxonomy":"post_tag","embeddable":true,"href":"https:\/\/blogdobispo.com.br\/index.php?rest_route=%2Fwp%2Fv2%2Ftags&post=18641"}],"curies":[{"name":"wp","href":"https:\/\/api.w.org\/{rel}","templated":true}]}}