{"id":18639,"date":"2025-11-26T19:42:14","date_gmt":"2025-11-26T19:42:14","guid":{"rendered":"https:\/\/blogdobispo.com.br\/?p=18639"},"modified":"2025-11-26T19:42:14","modified_gmt":"2025-11-26T19:42:14","slug":"pesquisa-item-dupla-da-direita-styvenson-helio-venceria-para-o-senado-com-a-maior-diferenca-contra-fatima-zenaide","status":"publish","type":"post","link":"https:\/\/blogdobispo.com.br\/?p=18639","title":{"rendered":"Pesquisa ITEM: dupla da direita Styvenson\/H\u00e9lio venceria para o Senado com a maior diferen\u00e7a contra F\u00e1tima\/Zenaide"},"content":{"rendered":"\n<figure class=\"wp-block-image size-large\"><img data-recalc-dims=\"1\" fetchpriority=\"high\" decoding=\"async\" width=\"800\" height=\"683\" src=\"https:\/\/i0.wp.com\/blogdobispo.com.br\/wp-content\/uploads\/2025\/11\/dc24fa33-5e1b-4671-be36-76123e9305ef-1024x874.jpg?resize=800%2C683&#038;ssl=1\" class=\"wp-image-18637\" srcset=\"https:\/\/i0.wp.com\/blogdobispo.com.br\/wp-content\/uploads\/2025\/11\/dc24fa33-5e1b-4671-be36-76123e9305ef.jpg?resize=1024%2C874&amp;ssl=1 1024w, https:\/\/i0.wp.com\/blogdobispo.com.br\/wp-content\/uploads\/2025\/11\/dc24fa33-5e1b-4671-be36-76123e9305ef.jpg?resize=300%2C256&amp;ssl=1 300w, https:\/\/i0.wp.com\/blogdobispo.com.br\/wp-content\/uploads\/2025\/11\/dc24fa33-5e1b-4671-be36-76123e9305ef.jpg?resize=768%2C655&amp;ssl=1 768w, https:\/\/i0.wp.com\/blogdobispo.com.br\/wp-content\/uploads\/2025\/11\/dc24fa33-5e1b-4671-be36-76123e9305ef.jpg?w=1280&amp;ssl=1 1280w\" sizes=\"(max-width: 800px) 100vw, 800px\" \/><\/figure>\n\n\n\n<figure class=\"wp-block-image size-large\"><img data-recalc-dims=\"1\" decoding=\"async\" width=\"800\" height=\"473\" src=\"https:\/\/i0.wp.com\/blogdobispo.com.br\/wp-content\/uploads\/2025\/11\/26c272df-6590-4c35-b9ea-63efc611edb6-1024x605.jpg?resize=800%2C473&#038;ssl=1\" class=\"wp-image-18638\" srcset=\"https:\/\/i0.wp.com\/blogdobispo.com.br\/wp-content\/uploads\/2025\/11\/26c272df-6590-4c35-b9ea-63efc611edb6.jpg?resize=1024%2C605&amp;ssl=1 1024w, https:\/\/i0.wp.com\/blogdobispo.com.br\/wp-content\/uploads\/2025\/11\/26c272df-6590-4c35-b9ea-63efc611edb6.jpg?resize=300%2C177&amp;ssl=1 300w, https:\/\/i0.wp.com\/blogdobispo.com.br\/wp-content\/uploads\/2025\/11\/26c272df-6590-4c35-b9ea-63efc611edb6.jpg?resize=768%2C454&amp;ssl=1 768w, https:\/\/i0.wp.com\/blogdobispo.com.br\/wp-content\/uploads\/2025\/11\/26c272df-6590-4c35-b9ea-63efc611edb6.jpg?w=1280&amp;ssl=1 1280w\" sizes=\"(max-width: 800px) 100vw, 800px\" \/><\/figure>\n\n\n\n<p><\/p>\n\n\n\n<p>Na pesquisa do Instituto ITEM, divulgada nesta quarta-feira (26), uma pergunta foi feita al\u00e9m do primeiro voto, segundo ou a m\u00e9dia para o Senado Federal no Rio Grande do Norte. Qual dupla de pr\u00e9-candidatos ao Senador no RN venceria a elei\u00e7\u00e3o em 2026? Nos dois cen\u00e1rios, a dupla Styvenson Valentim\/Coronel H\u00e9lio tem a prefer\u00eancia com 35,5%, seguido de F\u00e1tima Bezerra\/Zenaide Maia (30,5%), branco e nulo (5%), n\u00e3o sabem ou n\u00e3o responderam (8%) e indecisos (21%). A diferen\u00e7a \u00e9 de 5 pontos.<\/p>\n\n\n\n<p>No cen\u00e1rio das duplas com Styvenson Valentim\/\u00c1lvaro Dias t\u00eam a prefer\u00eancia de 33%, contra F\u00e1tima Bezerra\/Zenaide Maia (31%), branco e nulo (2%), n\u00e3o sabem ou n\u00e3o responderam (10%), e indecisos (24%). A diferen\u00e7a para a direita reduz para tr\u00eas pontos.<\/p>\n\n\n\n<p>Sobre qual ala pol\u00edtica voc\u00ea se identifica na pesquisa realizada, a Esquerda lidera com 27,5%, seguida de n\u00e3o sabem e n\u00e3o responderam (25%), nenhuma (22%), direita (18,5%) e centro (7%).<\/p>\n\n\n\n<p>A pesquisa Item foi realizada nos dias 20, 21, 22 e 23 de novembro, com 1600 entrevistas, em 65 munic\u00edpios potiguares, com erro amostral de 2,5% e margem de confiabilidade de 95%.<\/p>\n","protected":false},"excerpt":{"rendered":"<p>Na pesquisa do Instituto ITEM, divulgada nesta quarta-feira (26), uma pergunta foi feita al\u00e9m do primeiro voto, segundo ou a m\u00e9dia para o Senado Federal no Rio Grande do Norte. Qual dupla de pr\u00e9-candidatos ao Senador no RN venceria a elei\u00e7\u00e3o em 2026? Nos dois cen\u00e1rios, a dupla Styvenson Valentim\/Coronel H\u00e9lio tem a prefer\u00eancia com [&hellip;]<\/p>\n","protected":false},"author":1,"featured_media":18637,"comment_status":"open","ping_status":"open","sticky":false,"template":"","format":"standard","meta":{"cybocfi_hide_featured_image":"","_jetpack_memberships_contains_paid_content":false,"footnotes":""},"categories":[1],"tags":[],"class_list":["post-18639","post","type-post","status-publish","format-standard","has-post-thumbnail","hentry","category-diversos"],"yoast_head":"<!-- This site is optimized with the Yoast SEO plugin v25.6 - https:\/\/yoast.com\/wordpress\/plugins\/seo\/ -->\n<title>Pesquisa ITEM: dupla da direita Styvenson\/H\u00e9lio venceria para o Senado com a maior diferen\u00e7a contra F\u00e1tima\/Zenaide - Blog do Bispo<\/title>\n<meta name=\"robots\" content=\"index, follow, max-snippet:-1, max-image-preview:large, max-video-preview:-1\" \/>\n<link rel=\"canonical\" href=\"https:\/\/blogdobispo.com.br\/?p=18639\" \/>\n<meta property=\"og:locale\" content=\"pt_BR\" \/>\n<meta property=\"og:type\" content=\"article\" \/>\n<meta property=\"og:title\" content=\"Pesquisa ITEM: dupla da direita Styvenson\/H\u00e9lio venceria para o Senado com a maior diferen\u00e7a contra F\u00e1tima\/Zenaide - Blog do Bispo\" \/>\n<meta property=\"og:description\" content=\"Na pesquisa do Instituto ITEM, divulgada nesta quarta-feira (26), uma pergunta foi feita al\u00e9m do primeiro voto, segundo ou a m\u00e9dia para o Senado Federal no Rio Grande do Norte. Qual dupla de pr\u00e9-candidatos ao Senador no RN venceria a elei\u00e7\u00e3o em 2026? Nos dois cen\u00e1rios, a dupla Styvenson Valentim\/Coronel H\u00e9lio tem a prefer\u00eancia com [&hellip;]\" \/>\n<meta property=\"og:url\" content=\"https:\/\/blogdobispo.com.br\/?p=18639\" \/>\n<meta property=\"og:site_name\" content=\"Blog do Bispo\" \/>\n<meta property=\"article:published_time\" content=\"2025-11-26T19:42:14+00:00\" \/>\n<meta property=\"og:image\" content=\"https:\/\/blogdobispo.com.br\/wp-content\/uploads\/2025\/11\/dc24fa33-5e1b-4671-be36-76123e9305ef-1024x874.jpg\" \/>\n<meta name=\"author\" content=\"Jefferson Sterfeno\" \/>\n<meta name=\"twitter:card\" content=\"summary_large_image\" \/>\n<meta name=\"twitter:label1\" content=\"Escrito por\" \/>\n\t<meta name=\"twitter:data1\" content=\"Jefferson Sterfeno\" \/>\n\t<meta name=\"twitter:label2\" content=\"Est. tempo de leitura\" \/>\n\t<meta name=\"twitter:data2\" content=\"1 minuto\" \/>\n<script type=\"application\/ld+json\" class=\"yoast-schema-graph\">{\"@context\":\"https:\/\/schema.org\",\"@graph\":[{\"@type\":\"Article\",\"@id\":\"https:\/\/blogdobispo.com.br\/?p=18639#article\",\"isPartOf\":{\"@id\":\"https:\/\/blogdobispo.com.br\/?p=18639\"},\"author\":{\"name\":\"Jefferson Sterfeno\",\"@id\":\"https:\/\/blogdobispo.com.br\/#\/schema\/person\/e2209cc0e6cea5c5233d033e997b373f\"},\"headline\":\"Pesquisa ITEM: dupla da direita Styvenson\/H\u00e9lio venceria para o Senado com a maior diferen\u00e7a contra F\u00e1tima\/Zenaide\",\"datePublished\":\"2025-11-26T19:42:14+00:00\",\"mainEntityOfPage\":{\"@id\":\"https:\/\/blogdobispo.com.br\/?p=18639\"},\"wordCount\":204,\"commentCount\":0,\"publisher\":{\"@id\":\"https:\/\/blogdobispo.com.br\/#organization\"},\"image\":{\"@id\":\"https:\/\/blogdobispo.com.br\/?p=18639#primaryimage\"},\"thumbnailUrl\":\"https:\/\/i0.wp.com\/blogdobispo.com.br\/wp-content\/uploads\/2025\/11\/dc24fa33-5e1b-4671-be36-76123e9305ef.jpg?fit=1280%2C1092&ssl=1\",\"articleSection\":[\"diversos\"],\"inLanguage\":\"pt-BR\",\"potentialAction\":[{\"@type\":\"CommentAction\",\"name\":\"Comment\",\"target\":[\"https:\/\/blogdobispo.com.br\/?p=18639#respond\"]}]},{\"@type\":\"WebPage\",\"@id\":\"https:\/\/blogdobispo.com.br\/?p=18639\",\"url\":\"https:\/\/blogdobispo.com.br\/?p=18639\",\"name\":\"Pesquisa ITEM: dupla da direita Styvenson\/H\u00e9lio venceria para o Senado com a maior diferen\u00e7a contra F\u00e1tima\/Zenaide - Blog do Bispo\",\"isPartOf\":{\"@id\":\"https:\/\/blogdobispo.com.br\/#website\"},\"primaryImageOfPage\":{\"@id\":\"https:\/\/blogdobispo.com.br\/?p=18639#primaryimage\"},\"image\":{\"@id\":\"https:\/\/blogdobispo.com.br\/?p=18639#primaryimage\"},\"thumbnailUrl\":\"https:\/\/i0.wp.com\/blogdobispo.com.br\/wp-content\/uploads\/2025\/11\/dc24fa33-5e1b-4671-be36-76123e9305ef.jpg?fit=1280%2C1092&ssl=1\",\"datePublished\":\"2025-11-26T19:42:14+00:00\",\"breadcrumb\":{\"@id\":\"https:\/\/blogdobispo.com.br\/?p=18639#breadcrumb\"},\"inLanguage\":\"pt-BR\",\"potentialAction\":[{\"@type\":\"ReadAction\",\"target\":[\"https:\/\/blogdobispo.com.br\/?p=18639\"]}]},{\"@type\":\"ImageObject\",\"inLanguage\":\"pt-BR\",\"@id\":\"https:\/\/blogdobispo.com.br\/?p=18639#primaryimage\",\"url\":\"https:\/\/i0.wp.com\/blogdobispo.com.br\/wp-content\/uploads\/2025\/11\/dc24fa33-5e1b-4671-be36-76123e9305ef.jpg?fit=1280%2C1092&ssl=1\",\"contentUrl\":\"https:\/\/i0.wp.com\/blogdobispo.com.br\/wp-content\/uploads\/2025\/11\/dc24fa33-5e1b-4671-be36-76123e9305ef.jpg?fit=1280%2C1092&ssl=1\",\"width\":1280,\"height\":1092},{\"@type\":\"BreadcrumbList\",\"@id\":\"https:\/\/blogdobispo.com.br\/?p=18639#breadcrumb\",\"itemListElement\":[{\"@type\":\"ListItem\",\"position\":1,\"name\":\"In\u00edcio\",\"item\":\"https:\/\/blogdobispo.com.br\/\"},{\"@type\":\"ListItem\",\"position\":2,\"name\":\"Pesquisa ITEM: dupla da direita Styvenson\/H\u00e9lio venceria para o Senado com a maior diferen\u00e7a contra F\u00e1tima\/Zenaide\"}]},{\"@type\":\"WebSite\",\"@id\":\"https:\/\/blogdobispo.com.br\/#website\",\"url\":\"https:\/\/blogdobispo.com.br\/\",\"name\":\"Blog do Bispo\",\"description\":\"Comprometido apenas com o leitor\",\"publisher\":{\"@id\":\"https:\/\/blogdobispo.com.br\/#organization\"},\"potentialAction\":[{\"@type\":\"SearchAction\",\"target\":{\"@type\":\"EntryPoint\",\"urlTemplate\":\"https:\/\/blogdobispo.com.br\/?s={search_term_string}\"},\"query-input\":{\"@type\":\"PropertyValueSpecification\",\"valueRequired\":true,\"valueName\":\"search_term_string\"}}],\"inLanguage\":\"pt-BR\"},{\"@type\":\"Organization\",\"@id\":\"https:\/\/blogdobispo.com.br\/#organization\",\"name\":\"Blog do Bispo\",\"url\":\"https:\/\/blogdobispo.com.br\/\",\"logo\":{\"@type\":\"ImageObject\",\"inLanguage\":\"pt-BR\",\"@id\":\"https:\/\/blogdobispo.com.br\/#\/schema\/logo\/image\/\",\"url\":\"http:\/\/blogdobispo.com.br\/wp-content\/uploads\/2023\/05\/cropped-headear.png\",\"contentUrl\":\"http:\/\/blogdobispo.com.br\/wp-content\/uploads\/2023\/05\/cropped-headear.png\",\"width\":1500,\"height\":399,\"caption\":\"Blog do Bispo\"},\"image\":{\"@id\":\"https:\/\/blogdobispo.com.br\/#\/schema\/logo\/image\/\"}},{\"@type\":\"Person\",\"@id\":\"https:\/\/blogdobispo.com.br\/#\/schema\/person\/e2209cc0e6cea5c5233d033e997b373f\",\"name\":\"Jefferson Sterfeno\",\"image\":{\"@type\":\"ImageObject\",\"inLanguage\":\"pt-BR\",\"@id\":\"https:\/\/blogdobispo.com.br\/#\/schema\/person\/image\/\",\"url\":\"https:\/\/secure.gravatar.com\/avatar\/0534e84764641168a677026b6d57a3f51dc7ac4db0b4f6186d9cb330d4ee1160?s=96&d=mm&r=g\",\"contentUrl\":\"https:\/\/secure.gravatar.com\/avatar\/0534e84764641168a677026b6d57a3f51dc7ac4db0b4f6186d9cb330d4ee1160?s=96&d=mm&r=g\",\"caption\":\"Jefferson Sterfeno\"},\"sameAs\":[\"http:\/\/blogdobispo.com.br\"],\"url\":\"https:\/\/blogdobispo.com.br\/?author=1\"}]}<\/script>\n<!-- \/ Yoast SEO plugin. -->","yoast_head_json":{"title":"Pesquisa ITEM: dupla da direita Styvenson\/H\u00e9lio venceria para o Senado com a maior diferen\u00e7a contra F\u00e1tima\/Zenaide - Blog do Bispo","robots":{"index":"index","follow":"follow","max-snippet":"max-snippet:-1","max-image-preview":"max-image-preview:large","max-video-preview":"max-video-preview:-1"},"canonical":"https:\/\/blogdobispo.com.br\/?p=18639","og_locale":"pt_BR","og_type":"article","og_title":"Pesquisa ITEM: dupla da direita Styvenson\/H\u00e9lio venceria para o Senado com a maior diferen\u00e7a contra F\u00e1tima\/Zenaide - Blog do Bispo","og_description":"Na pesquisa do Instituto ITEM, divulgada nesta quarta-feira (26), uma pergunta foi feita al\u00e9m do primeiro voto, segundo ou a m\u00e9dia para o Senado Federal no Rio Grande do Norte. Qual dupla de pr\u00e9-candidatos ao Senador no RN venceria a elei\u00e7\u00e3o em 2026? Nos dois cen\u00e1rios, a dupla Styvenson Valentim\/Coronel H\u00e9lio tem a prefer\u00eancia com [&hellip;]","og_url":"https:\/\/blogdobispo.com.br\/?p=18639","og_site_name":"Blog do Bispo","article_published_time":"2025-11-26T19:42:14+00:00","og_image":[{"url":"https:\/\/blogdobispo.com.br\/wp-content\/uploads\/2025\/11\/dc24fa33-5e1b-4671-be36-76123e9305ef-1024x874.jpg","type":"","width":"","height":""}],"author":"Jefferson Sterfeno","twitter_card":"summary_large_image","twitter_misc":{"Escrito por":"Jefferson Sterfeno","Est. tempo de leitura":"1 minuto"},"schema":{"@context":"https:\/\/schema.org","@graph":[{"@type":"Article","@id":"https:\/\/blogdobispo.com.br\/?p=18639#article","isPartOf":{"@id":"https:\/\/blogdobispo.com.br\/?p=18639"},"author":{"name":"Jefferson Sterfeno","@id":"https:\/\/blogdobispo.com.br\/#\/schema\/person\/e2209cc0e6cea5c5233d033e997b373f"},"headline":"Pesquisa ITEM: dupla da direita Styvenson\/H\u00e9lio venceria para o Senado com a maior diferen\u00e7a contra F\u00e1tima\/Zenaide","datePublished":"2025-11-26T19:42:14+00:00","mainEntityOfPage":{"@id":"https:\/\/blogdobispo.com.br\/?p=18639"},"wordCount":204,"commentCount":0,"publisher":{"@id":"https:\/\/blogdobispo.com.br\/#organization"},"image":{"@id":"https:\/\/blogdobispo.com.br\/?p=18639#primaryimage"},"thumbnailUrl":"https:\/\/i0.wp.com\/blogdobispo.com.br\/wp-content\/uploads\/2025\/11\/dc24fa33-5e1b-4671-be36-76123e9305ef.jpg?fit=1280%2C1092&ssl=1","articleSection":["diversos"],"inLanguage":"pt-BR","potentialAction":[{"@type":"CommentAction","name":"Comment","target":["https:\/\/blogdobispo.com.br\/?p=18639#respond"]}]},{"@type":"WebPage","@id":"https:\/\/blogdobispo.com.br\/?p=18639","url":"https:\/\/blogdobispo.com.br\/?p=18639","name":"Pesquisa ITEM: dupla da direita Styvenson\/H\u00e9lio venceria para o Senado com a maior diferen\u00e7a contra F\u00e1tima\/Zenaide - Blog do Bispo","isPartOf":{"@id":"https:\/\/blogdobispo.com.br\/#website"},"primaryImageOfPage":{"@id":"https:\/\/blogdobispo.com.br\/?p=18639#primaryimage"},"image":{"@id":"https:\/\/blogdobispo.com.br\/?p=18639#primaryimage"},"thumbnailUrl":"https:\/\/i0.wp.com\/blogdobispo.com.br\/wp-content\/uploads\/2025\/11\/dc24fa33-5e1b-4671-be36-76123e9305ef.jpg?fit=1280%2C1092&ssl=1","datePublished":"2025-11-26T19:42:14+00:00","breadcrumb":{"@id":"https:\/\/blogdobispo.com.br\/?p=18639#breadcrumb"},"inLanguage":"pt-BR","potentialAction":[{"@type":"ReadAction","target":["https:\/\/blogdobispo.com.br\/?p=18639"]}]},{"@type":"ImageObject","inLanguage":"pt-BR","@id":"https:\/\/blogdobispo.com.br\/?p=18639#primaryimage","url":"https:\/\/i0.wp.com\/blogdobispo.com.br\/wp-content\/uploads\/2025\/11\/dc24fa33-5e1b-4671-be36-76123e9305ef.jpg?fit=1280%2C1092&ssl=1","contentUrl":"https:\/\/i0.wp.com\/blogdobispo.com.br\/wp-content\/uploads\/2025\/11\/dc24fa33-5e1b-4671-be36-76123e9305ef.jpg?fit=1280%2C1092&ssl=1","width":1280,"height":1092},{"@type":"BreadcrumbList","@id":"https:\/\/blogdobispo.com.br\/?p=18639#breadcrumb","itemListElement":[{"@type":"ListItem","position":1,"name":"In\u00edcio","item":"https:\/\/blogdobispo.com.br\/"},{"@type":"ListItem","position":2,"name":"Pesquisa ITEM: dupla da direita Styvenson\/H\u00e9lio venceria para o Senado com a maior diferen\u00e7a contra F\u00e1tima\/Zenaide"}]},{"@type":"WebSite","@id":"https:\/\/blogdobispo.com.br\/#website","url":"https:\/\/blogdobispo.com.br\/","name":"Blog do Bispo","description":"Comprometido apenas com o leitor","publisher":{"@id":"https:\/\/blogdobispo.com.br\/#organization"},"potentialAction":[{"@type":"SearchAction","target":{"@type":"EntryPoint","urlTemplate":"https:\/\/blogdobispo.com.br\/?s={search_term_string}"},"query-input":{"@type":"PropertyValueSpecification","valueRequired":true,"valueName":"search_term_string"}}],"inLanguage":"pt-BR"},{"@type":"Organization","@id":"https:\/\/blogdobispo.com.br\/#organization","name":"Blog do Bispo","url":"https:\/\/blogdobispo.com.br\/","logo":{"@type":"ImageObject","inLanguage":"pt-BR","@id":"https:\/\/blogdobispo.com.br\/#\/schema\/logo\/image\/","url":"http:\/\/blogdobispo.com.br\/wp-content\/uploads\/2023\/05\/cropped-headear.png","contentUrl":"http:\/\/blogdobispo.com.br\/wp-content\/uploads\/2023\/05\/cropped-headear.png","width":1500,"height":399,"caption":"Blog do Bispo"},"image":{"@id":"https:\/\/blogdobispo.com.br\/#\/schema\/logo\/image\/"}},{"@type":"Person","@id":"https:\/\/blogdobispo.com.br\/#\/schema\/person\/e2209cc0e6cea5c5233d033e997b373f","name":"Jefferson Sterfeno","image":{"@type":"ImageObject","inLanguage":"pt-BR","@id":"https:\/\/blogdobispo.com.br\/#\/schema\/person\/image\/","url":"https:\/\/secure.gravatar.com\/avatar\/0534e84764641168a677026b6d57a3f51dc7ac4db0b4f6186d9cb330d4ee1160?s=96&d=mm&r=g","contentUrl":"https:\/\/secure.gravatar.com\/avatar\/0534e84764641168a677026b6d57a3f51dc7ac4db0b4f6186d9cb330d4ee1160?s=96&d=mm&r=g","caption":"Jefferson Sterfeno"},"sameAs":["http:\/\/blogdobispo.com.br"],"url":"https:\/\/blogdobispo.com.br\/?author=1"}]}},"featured_image_urls":{"full":["https:\/\/i0.wp.com\/blogdobispo.com.br\/wp-content\/uploads\/2025\/11\/dc24fa33-5e1b-4671-be36-76123e9305ef.jpg?fit=1280%2C1092&ssl=1",1280,1092,false],"thumbnail":["https:\/\/i0.wp.com\/blogdobispo.com.br\/wp-content\/uploads\/2025\/11\/dc24fa33-5e1b-4671-be36-76123e9305ef.jpg?resize=150%2C150&ssl=1",150,150,true],"medium":["https:\/\/i0.wp.com\/blogdobispo.com.br\/wp-content\/uploads\/2025\/11\/dc24fa33-5e1b-4671-be36-76123e9305ef.jpg?fit=300%2C256&ssl=1",300,256,true],"medium_large":["https:\/\/i0.wp.com\/blogdobispo.com.br\/wp-content\/uploads\/2025\/11\/dc24fa33-5e1b-4671-be36-76123e9305ef.jpg?fit=768%2C655&ssl=1",768,655,true],"large":["https:\/\/i0.wp.com\/blogdobispo.com.br\/wp-content\/uploads\/2025\/11\/dc24fa33-5e1b-4671-be36-76123e9305ef.jpg?fit=800%2C683&ssl=1",800,683,true],"1536x1536":["https:\/\/i0.wp.com\/blogdobispo.com.br\/wp-content\/uploads\/2025\/11\/dc24fa33-5e1b-4671-be36-76123e9305ef.jpg?fit=1280%2C1092&ssl=1",1280,1092,true],"2048x2048":["https:\/\/i0.wp.com\/blogdobispo.com.br\/wp-content\/uploads\/2025\/11\/dc24fa33-5e1b-4671-be36-76123e9305ef.jpg?fit=1280%2C1092&ssl=1",1280,1092,true]},"author_info":{"display_name":"Jefferson Sterfeno","author_link":"https:\/\/blogdobispo.com.br\/?author=1"},"category_info":"<a href=\"https:\/\/blogdobispo.com.br\/?cat=1\" rel=\"category\">diversos<\/a>","tag_info":"diversos","comment_count":"0","jetpack_featured_media_url":"https:\/\/i0.wp.com\/blogdobispo.com.br\/wp-content\/uploads\/2025\/11\/dc24fa33-5e1b-4671-be36-76123e9305ef.jpg?fit=1280%2C1092&ssl=1","jetpack_sharing_enabled":true,"_links":{"self":[{"href":"https:\/\/blogdobispo.com.br\/index.php?rest_route=\/wp\/v2\/posts\/18639","targetHints":{"allow":["GET"]}}],"collection":[{"href":"https:\/\/blogdobispo.com.br\/index.php?rest_route=\/wp\/v2\/posts"}],"about":[{"href":"https:\/\/blogdobispo.com.br\/index.php?rest_route=\/wp\/v2\/types\/post"}],"author":[{"embeddable":true,"href":"https:\/\/blogdobispo.com.br\/index.php?rest_route=\/wp\/v2\/users\/1"}],"replies":[{"embeddable":true,"href":"https:\/\/blogdobispo.com.br\/index.php?rest_route=%2Fwp%2Fv2%2Fcomments&post=18639"}],"version-history":[{"count":0,"href":"https:\/\/blogdobispo.com.br\/index.php?rest_route=\/wp\/v2\/posts\/18639\/revisions"}],"wp:featuredmedia":[{"embeddable":true,"href":"https:\/\/blogdobispo.com.br\/index.php?rest_route=\/wp\/v2\/media\/18637"}],"wp:attachment":[{"href":"https:\/\/blogdobispo.com.br\/index.php?rest_route=%2Fwp%2Fv2%2Fmedia&parent=18639"}],"wp:term":[{"taxonomy":"category","embeddable":true,"href":"https:\/\/blogdobispo.com.br\/index.php?rest_route=%2Fwp%2Fv2%2Fcategories&post=18639"},{"taxonomy":"post_tag","embeddable":true,"href":"https:\/\/blogdobispo.com.br\/index.php?rest_route=%2Fwp%2Fv2%2Ftags&post=18639"}],"curies":[{"name":"wp","href":"https:\/\/api.w.org\/{rel}","templated":true}]}}