{"id":18598,"date":"2025-11-25T16:06:05","date_gmt":"2025-11-25T16:06:05","guid":{"rendered":"https:\/\/blogdobispo.com.br\/?p=18598"},"modified":"2026-02-02T17:03:35","modified_gmt":"2026-02-02T17:03:35","slug":"comissao-da-alrn-encerra-novembro-com-pauta-zerada-e-aprovacoes-unanimes","status":"publish","type":"post","link":"https:\/\/blogdobispo.com.br\/?p=18598","title":{"rendered":"Comiss\u00e3o da ALRN encerra novembro com pauta zerada e aprova\u00e7\u00f5es un\u00e2nimes"},"content":{"rendered":"<p>A Comiss\u00e3o de Constitui\u00e7\u00e3o, Justi\u00e7a e Reda\u00e7\u00e3o (CCJ) da Assembleia Legislativa do Rio Grande do Norte realizou, nesta ter\u00e7a-feira (25), sua 26\u00aa reuni\u00e3o ordin\u00e1ria do ano, marcada pelo ritmo intenso de vota\u00e7\u00f5es e pela aprova\u00e7\u00e3o un\u00e2nime de todas as mat\u00e9rias analisadas. O encontro foi presidido pelo deputado Kleber Rodrigues (PSDB), que destacou a reta final dos trabalhos legislativos da comiss\u00e3o, com previs\u00e3o de mais duas reuni\u00f5es antes do encerramento do ano.<\/p>\n<p>A reuni\u00e3o contou com a presen\u00e7a dos deputados Ubaldo Fernandes (PSDB), Isolda Dantas (PT), Francisco do PT, Nelter Queiroz (PSDB) e Neilton Di\u00f3genes (PP), que conduziram os debates e aprovaram propostas de diferentes \u00e1reas, abrangendo pol\u00edticas p\u00fablicas, valoriza\u00e7\u00e3o de categorias profissionais, reconhecimento de entidades e avan\u00e7os sociais. Entre os destaques da pauta, constou o projeto apresentado pelo deputado Nelter Queiroz assegurando o aproveitamento de servidores concursados da CAERN em caso de mudan\u00e7as administrativas estruturais, como privatiza\u00e7\u00e3o ou transforma\u00e7\u00e3o jur\u00eddica da companhia. A iniciativa foi considerada estrat\u00e9gica para garantir seguran\u00e7a jur\u00eddica aos trabalhadores e a mat\u00e9ria apresentada pelo deputado Adjuto Dias, que institui o Programa estadual de prote\u00e7\u00e3o imediata aos profissionais da Educa\u00e7\u00e3o, garantindo a\u00e7\u00f5es preventivas e assistenciais contra epis\u00f3dios de viol\u00eancia no ambiente de trabalho. A relatoria da deputada Isolda Dantas recebeu aprova\u00e7\u00e3o un\u00e2nime.<\/p>\n<p>Ainda na perspectiva de pol\u00edticas p\u00fablicas com impacto social direto, foi aprovada a proposta da deputada Divaneide Bas\u00edlio determinando que \u00f3rg\u00e3os estaduais e unidades escolares garantam espa\u00e7os adequados para armazenamento de leite humano. Outro avan\u00e7o importante aprovado foi o projeto relatado pelo deputado Dr. Kerginaldo garantindo prioridade de atendimento, em ag\u00eancias banc\u00e1rias e lot\u00e9ricas, para agentes da seguran\u00e7a p\u00fablica em servi\u00e7o e fardados.<\/p>\n<p>O incentivo \u00e0 agricultura familiar e o fortalecimento comunit\u00e1rio tamb\u00e9m tiveram destaque com o reconhecimento de diversas entidades como de utilidade p\u00fablica estadual, incluindo associa\u00e7\u00f5es rurais, culturais e educacionais. Entre elas, receberam aprova\u00e7\u00e3o a Associa\u00e7\u00e3o dos pequenos agricultores da comunidade de Aroeiras, a Associa\u00e7\u00e3o comunit\u00e1ria FM Alminafonsense e a Associa\u00e7\u00e3o dos Artes\u00e3os de Tibau. Nesse mesmo eixo, a CCJ aprovou o projeto de autoria do deputado Neilton Di\u00f3genes que denomina o futuro campus da UERN em Apodi como \u201cCampus \u00c9dson Lyneker Costa Morais\u201d, prestando homenagem a um importante nome da regi\u00e3o.<\/p>\n<p>No campo dos direitos humanos e inclus\u00e3o social, a comiss\u00e3o aprovou a cria\u00e7\u00e3o da Pol\u00edtica estadual de combate ao capacitismo e ao etarismo, apresentada pelo deputado Gustavo Carvalho (PL), refor\u00e7ando o compromisso da Casa com uma sociedade mais justa e igualit\u00e1ria. Tamb\u00e9m foi aprovado o Programa \u201cAlerta Prateado RN\u201d, que estabelece protocolo r\u00e1pido de localiza\u00e7\u00e3o de pessoas idosas desaparecidas. Iniciativas como o Protocolo de a\u00e7\u00e3o antirracista e de combate \u00e0 intoler\u00e2ncia religiosa nas escolas p\u00fablicas estaduais, de autoria da deputada Divaneide Bas\u00edlio (PT), refor\u00e7am o avan\u00e7o das pautas civis no Parlamento.<\/p>\n<p>A cultura tamb\u00e9m esteve presente na reuni\u00e3o, com a aprova\u00e7\u00e3o da proposta que reconhece o projeto \u201cSeis e Meia\u201d como patrim\u00f4nio cultural, art\u00edstico e imaterial do Rio Grande do Norte, fortalecendo a mem\u00f3ria e identidade cultural do estado. Da mesma forma, medidas voltadas ao reconhecimento p\u00fablico, como concess\u00e3o de t\u00edtulos de cidad\u00e3o norte-rio-grandense, tamb\u00e9m receberam aval da CCJ.<img data-recalc-dims=\"1\" fetchpriority=\"high\" decoding=\"async\" src=\"https:\/\/i0.wp.com\/blogdobispo.com.br\/wp-content\/uploads\/2025\/11\/VOlk1ygq0Utfj4coneXzACwWMlYfPYNLqyMAlhET.jpg?resize=300%2C200\" class=\"alignnone size-medium wp-image-18599\" width=\"300\" height=\"200\" alt=\"\" srcset=\"https:\/\/i0.wp.com\/blogdobispo.com.br\/wp-content\/uploads\/2025\/11\/VOlk1ygq0Utfj4coneXzACwWMlYfPYNLqyMAlhET.jpg?resize=300%2C200&amp;ssl=1 300w, https:\/\/i0.wp.com\/blogdobispo.com.br\/wp-content\/uploads\/2025\/11\/VOlk1ygq0Utfj4coneXzACwWMlYfPYNLqyMAlhET.jpg?resize=1024%2C683&amp;ssl=1 1024w, https:\/\/i0.wp.com\/blogdobispo.com.br\/wp-content\/uploads\/2025\/11\/VOlk1ygq0Utfj4coneXzACwWMlYfPYNLqyMAlhET.jpg?resize=768%2C512&amp;ssl=1 768w, https:\/\/i0.wp.com\/blogdobispo.com.br\/wp-content\/uploads\/2025\/11\/VOlk1ygq0Utfj4coneXzACwWMlYfPYNLqyMAlhET.jpg?resize=1536%2C1024&amp;ssl=1 1536w, https:\/\/i0.wp.com\/blogdobispo.com.br\/wp-content\/uploads\/2025\/11\/VOlk1ygq0Utfj4coneXzACwWMlYfPYNLqyMAlhET.jpg?w=1599&amp;ssl=1 1599w\" sizes=\"(max-width: 300px) 100vw, 300px\" \/><\/p>\n","protected":false},"excerpt":{"rendered":"<p>A Comiss\u00e3o de Constitui\u00e7\u00e3o, Justi\u00e7a e Reda\u00e7\u00e3o (CCJ) da Assembleia Legislativa do Rio Grande do Norte realizou, nesta ter\u00e7a-feira (25), sua 26\u00aa reuni\u00e3o ordin\u00e1ria do ano, marcada pelo ritmo intenso de vota\u00e7\u00f5es e pela aprova\u00e7\u00e3o un\u00e2nime de todas as mat\u00e9rias analisadas. O encontro foi presidido pelo deputado Kleber Rodrigues (PSDB), que destacou a reta final [&hellip;]<\/p>\n","protected":false},"author":1,"featured_media":18599,"comment_status":"open","ping_status":"open","sticky":false,"template":"","format":"standard","meta":{"cybocfi_hide_featured_image":"","_jetpack_memberships_contains_paid_content":false,"footnotes":""},"categories":[1],"tags":[],"class_list":["post-18598","post","type-post","status-publish","format-standard","has-post-thumbnail","hentry","category-diversos"],"yoast_head":"<!-- This site is optimized with the Yoast SEO plugin v25.6 - https:\/\/yoast.com\/wordpress\/plugins\/seo\/ -->\n<title>Comiss\u00e3o da ALRN encerra novembro com pauta zerada e aprova\u00e7\u00f5es un\u00e2nimes - Blog do Bispo<\/title>\n<meta name=\"robots\" content=\"index, follow, max-snippet:-1, max-image-preview:large, max-video-preview:-1\" \/>\n<link rel=\"canonical\" href=\"https:\/\/blogdobispo.com.br\/?p=18598\" \/>\n<meta property=\"og:locale\" content=\"pt_BR\" \/>\n<meta property=\"og:type\" content=\"article\" \/>\n<meta property=\"og:title\" content=\"Comiss\u00e3o da ALRN encerra novembro com pauta zerada e aprova\u00e7\u00f5es un\u00e2nimes - Blog do Bispo\" \/>\n<meta property=\"og:description\" content=\"A Comiss\u00e3o de Constitui\u00e7\u00e3o, Justi\u00e7a e Reda\u00e7\u00e3o (CCJ) da Assembleia Legislativa do Rio Grande do Norte realizou, nesta ter\u00e7a-feira (25), sua 26\u00aa reuni\u00e3o ordin\u00e1ria do ano, marcada pelo ritmo intenso de vota\u00e7\u00f5es e pela aprova\u00e7\u00e3o un\u00e2nime de todas as mat\u00e9rias analisadas. O encontro foi presidido pelo deputado Kleber Rodrigues (PSDB), que destacou a reta final [&hellip;]\" \/>\n<meta property=\"og:url\" content=\"https:\/\/blogdobispo.com.br\/?p=18598\" \/>\n<meta property=\"og:site_name\" content=\"Blog do Bispo\" \/>\n<meta property=\"article:published_time\" content=\"2025-11-25T16:06:05+00:00\" \/>\n<meta property=\"article:modified_time\" content=\"2026-02-02T17:03:35+00:00\" \/>\n<meta property=\"og:image\" content=\"https:\/\/i0.wp.com\/blogdobispo.com.br\/wp-content\/uploads\/2025\/11\/VOlk1ygq0Utfj4coneXzACwWMlYfPYNLqyMAlhET.jpg?fit=1599%2C1066&ssl=1\" \/>\n\t<meta property=\"og:image:width\" content=\"1599\" \/>\n\t<meta property=\"og:image:height\" content=\"1066\" \/>\n\t<meta property=\"og:image:type\" content=\"image\/jpeg\" \/>\n<meta name=\"author\" content=\"Jefferson Sterfeno\" \/>\n<meta name=\"twitter:card\" content=\"summary_large_image\" \/>\n<meta name=\"twitter:label1\" content=\"Escrito por\" \/>\n\t<meta name=\"twitter:data1\" content=\"Jefferson Sterfeno\" \/>\n\t<meta name=\"twitter:label2\" content=\"Est. tempo de leitura\" \/>\n\t<meta name=\"twitter:data2\" content=\"4 minutos\" \/>\n<script type=\"application\/ld+json\" class=\"yoast-schema-graph\">{\"@context\":\"https:\/\/schema.org\",\"@graph\":[{\"@type\":\"Article\",\"@id\":\"https:\/\/blogdobispo.com.br\/?p=18598#article\",\"isPartOf\":{\"@id\":\"https:\/\/blogdobispo.com.br\/?p=18598\"},\"author\":{\"name\":\"Jefferson Sterfeno\",\"@id\":\"https:\/\/blogdobispo.com.br\/#\/schema\/person\/e2209cc0e6cea5c5233d033e997b373f\"},\"headline\":\"Comiss\u00e3o da ALRN encerra novembro com pauta zerada e aprova\u00e7\u00f5es un\u00e2nimes\",\"datePublished\":\"2025-11-25T16:06:05+00:00\",\"dateModified\":\"2026-02-02T17:03:35+00:00\",\"mainEntityOfPage\":{\"@id\":\"https:\/\/blogdobispo.com.br\/?p=18598\"},\"wordCount\":604,\"commentCount\":0,\"publisher\":{\"@id\":\"https:\/\/blogdobispo.com.br\/#organization\"},\"image\":{\"@id\":\"https:\/\/blogdobispo.com.br\/?p=18598#primaryimage\"},\"thumbnailUrl\":\"https:\/\/i0.wp.com\/blogdobispo.com.br\/wp-content\/uploads\/2025\/11\/VOlk1ygq0Utfj4coneXzACwWMlYfPYNLqyMAlhET.jpg?fit=1599%2C1066&ssl=1\",\"articleSection\":[\"diversos\"],\"inLanguage\":\"pt-BR\",\"potentialAction\":[{\"@type\":\"CommentAction\",\"name\":\"Comment\",\"target\":[\"https:\/\/blogdobispo.com.br\/?p=18598#respond\"]}]},{\"@type\":\"WebPage\",\"@id\":\"https:\/\/blogdobispo.com.br\/?p=18598\",\"url\":\"https:\/\/blogdobispo.com.br\/?p=18598\",\"name\":\"Comiss\u00e3o da ALRN encerra novembro com pauta zerada e aprova\u00e7\u00f5es un\u00e2nimes - Blog do Bispo\",\"isPartOf\":{\"@id\":\"https:\/\/blogdobispo.com.br\/#website\"},\"primaryImageOfPage\":{\"@id\":\"https:\/\/blogdobispo.com.br\/?p=18598#primaryimage\"},\"image\":{\"@id\":\"https:\/\/blogdobispo.com.br\/?p=18598#primaryimage\"},\"thumbnailUrl\":\"https:\/\/i0.wp.com\/blogdobispo.com.br\/wp-content\/uploads\/2025\/11\/VOlk1ygq0Utfj4coneXzACwWMlYfPYNLqyMAlhET.jpg?fit=1599%2C1066&ssl=1\",\"datePublished\":\"2025-11-25T16:06:05+00:00\",\"dateModified\":\"2026-02-02T17:03:35+00:00\",\"breadcrumb\":{\"@id\":\"https:\/\/blogdobispo.com.br\/?p=18598#breadcrumb\"},\"inLanguage\":\"pt-BR\",\"potentialAction\":[{\"@type\":\"ReadAction\",\"target\":[\"https:\/\/blogdobispo.com.br\/?p=18598\"]}]},{\"@type\":\"ImageObject\",\"inLanguage\":\"pt-BR\",\"@id\":\"https:\/\/blogdobispo.com.br\/?p=18598#primaryimage\",\"url\":\"https:\/\/i0.wp.com\/blogdobispo.com.br\/wp-content\/uploads\/2025\/11\/VOlk1ygq0Utfj4coneXzACwWMlYfPYNLqyMAlhET.jpg?fit=1599%2C1066&ssl=1\",\"contentUrl\":\"https:\/\/i0.wp.com\/blogdobispo.com.br\/wp-content\/uploads\/2025\/11\/VOlk1ygq0Utfj4coneXzACwWMlYfPYNLqyMAlhET.jpg?fit=1599%2C1066&ssl=1\",\"width\":1599,\"height\":1066},{\"@type\":\"BreadcrumbList\",\"@id\":\"https:\/\/blogdobispo.com.br\/?p=18598#breadcrumb\",\"itemListElement\":[{\"@type\":\"ListItem\",\"position\":1,\"name\":\"In\u00edcio\",\"item\":\"https:\/\/blogdobispo.com.br\/\"},{\"@type\":\"ListItem\",\"position\":2,\"name\":\"Comiss\u00e3o da ALRN encerra novembro com pauta zerada e aprova\u00e7\u00f5es un\u00e2nimes\"}]},{\"@type\":\"WebSite\",\"@id\":\"https:\/\/blogdobispo.com.br\/#website\",\"url\":\"https:\/\/blogdobispo.com.br\/\",\"name\":\"Blog do Bispo\",\"description\":\"Comprometido apenas com o leitor\",\"publisher\":{\"@id\":\"https:\/\/blogdobispo.com.br\/#organization\"},\"potentialAction\":[{\"@type\":\"SearchAction\",\"target\":{\"@type\":\"EntryPoint\",\"urlTemplate\":\"https:\/\/blogdobispo.com.br\/?s={search_term_string}\"},\"query-input\":{\"@type\":\"PropertyValueSpecification\",\"valueRequired\":true,\"valueName\":\"search_term_string\"}}],\"inLanguage\":\"pt-BR\"},{\"@type\":\"Organization\",\"@id\":\"https:\/\/blogdobispo.com.br\/#organization\",\"name\":\"Blog do Bispo\",\"url\":\"https:\/\/blogdobispo.com.br\/\",\"logo\":{\"@type\":\"ImageObject\",\"inLanguage\":\"pt-BR\",\"@id\":\"https:\/\/blogdobispo.com.br\/#\/schema\/logo\/image\/\",\"url\":\"http:\/\/blogdobispo.com.br\/wp-content\/uploads\/2023\/05\/cropped-headear.png\",\"contentUrl\":\"http:\/\/blogdobispo.com.br\/wp-content\/uploads\/2023\/05\/cropped-headear.png\",\"width\":1500,\"height\":399,\"caption\":\"Blog do Bispo\"},\"image\":{\"@id\":\"https:\/\/blogdobispo.com.br\/#\/schema\/logo\/image\/\"}},{\"@type\":\"Person\",\"@id\":\"https:\/\/blogdobispo.com.br\/#\/schema\/person\/e2209cc0e6cea5c5233d033e997b373f\",\"name\":\"Jefferson Sterfeno\",\"image\":{\"@type\":\"ImageObject\",\"inLanguage\":\"pt-BR\",\"@id\":\"https:\/\/blogdobispo.com.br\/#\/schema\/person\/image\/\",\"url\":\"https:\/\/secure.gravatar.com\/avatar\/0534e84764641168a677026b6d57a3f51dc7ac4db0b4f6186d9cb330d4ee1160?s=96&d=mm&r=g\",\"contentUrl\":\"https:\/\/secure.gravatar.com\/avatar\/0534e84764641168a677026b6d57a3f51dc7ac4db0b4f6186d9cb330d4ee1160?s=96&d=mm&r=g\",\"caption\":\"Jefferson Sterfeno\"},\"sameAs\":[\"http:\/\/blogdobispo.com.br\"],\"url\":\"https:\/\/blogdobispo.com.br\/?author=1\"}]}<\/script>\n<!-- \/ Yoast SEO plugin. -->","yoast_head_json":{"title":"Comiss\u00e3o da ALRN encerra novembro com pauta zerada e aprova\u00e7\u00f5es un\u00e2nimes - Blog do Bispo","robots":{"index":"index","follow":"follow","max-snippet":"max-snippet:-1","max-image-preview":"max-image-preview:large","max-video-preview":"max-video-preview:-1"},"canonical":"https:\/\/blogdobispo.com.br\/?p=18598","og_locale":"pt_BR","og_type":"article","og_title":"Comiss\u00e3o da ALRN encerra novembro com pauta zerada e aprova\u00e7\u00f5es un\u00e2nimes - Blog do Bispo","og_description":"A Comiss\u00e3o de Constitui\u00e7\u00e3o, Justi\u00e7a e Reda\u00e7\u00e3o (CCJ) da Assembleia Legislativa do Rio Grande do Norte realizou, nesta ter\u00e7a-feira (25), sua 26\u00aa reuni\u00e3o ordin\u00e1ria do ano, marcada pelo ritmo intenso de vota\u00e7\u00f5es e pela aprova\u00e7\u00e3o un\u00e2nime de todas as mat\u00e9rias analisadas. O encontro foi presidido pelo deputado Kleber Rodrigues (PSDB), que destacou a reta final [&hellip;]","og_url":"https:\/\/blogdobispo.com.br\/?p=18598","og_site_name":"Blog do Bispo","article_published_time":"2025-11-25T16:06:05+00:00","article_modified_time":"2026-02-02T17:03:35+00:00","og_image":[{"width":1599,"height":1066,"url":"https:\/\/i0.wp.com\/blogdobispo.com.br\/wp-content\/uploads\/2025\/11\/VOlk1ygq0Utfj4coneXzACwWMlYfPYNLqyMAlhET.jpg?fit=1599%2C1066&ssl=1","type":"image\/jpeg"}],"author":"Jefferson Sterfeno","twitter_card":"summary_large_image","twitter_misc":{"Escrito por":"Jefferson Sterfeno","Est. tempo de leitura":"4 minutos"},"schema":{"@context":"https:\/\/schema.org","@graph":[{"@type":"Article","@id":"https:\/\/blogdobispo.com.br\/?p=18598#article","isPartOf":{"@id":"https:\/\/blogdobispo.com.br\/?p=18598"},"author":{"name":"Jefferson Sterfeno","@id":"https:\/\/blogdobispo.com.br\/#\/schema\/person\/e2209cc0e6cea5c5233d033e997b373f"},"headline":"Comiss\u00e3o da ALRN encerra novembro com pauta zerada e aprova\u00e7\u00f5es un\u00e2nimes","datePublished":"2025-11-25T16:06:05+00:00","dateModified":"2026-02-02T17:03:35+00:00","mainEntityOfPage":{"@id":"https:\/\/blogdobispo.com.br\/?p=18598"},"wordCount":604,"commentCount":0,"publisher":{"@id":"https:\/\/blogdobispo.com.br\/#organization"},"image":{"@id":"https:\/\/blogdobispo.com.br\/?p=18598#primaryimage"},"thumbnailUrl":"https:\/\/i0.wp.com\/blogdobispo.com.br\/wp-content\/uploads\/2025\/11\/VOlk1ygq0Utfj4coneXzACwWMlYfPYNLqyMAlhET.jpg?fit=1599%2C1066&ssl=1","articleSection":["diversos"],"inLanguage":"pt-BR","potentialAction":[{"@type":"CommentAction","name":"Comment","target":["https:\/\/blogdobispo.com.br\/?p=18598#respond"]}]},{"@type":"WebPage","@id":"https:\/\/blogdobispo.com.br\/?p=18598","url":"https:\/\/blogdobispo.com.br\/?p=18598","name":"Comiss\u00e3o da ALRN encerra novembro com pauta zerada e aprova\u00e7\u00f5es un\u00e2nimes - Blog do Bispo","isPartOf":{"@id":"https:\/\/blogdobispo.com.br\/#website"},"primaryImageOfPage":{"@id":"https:\/\/blogdobispo.com.br\/?p=18598#primaryimage"},"image":{"@id":"https:\/\/blogdobispo.com.br\/?p=18598#primaryimage"},"thumbnailUrl":"https:\/\/i0.wp.com\/blogdobispo.com.br\/wp-content\/uploads\/2025\/11\/VOlk1ygq0Utfj4coneXzACwWMlYfPYNLqyMAlhET.jpg?fit=1599%2C1066&ssl=1","datePublished":"2025-11-25T16:06:05+00:00","dateModified":"2026-02-02T17:03:35+00:00","breadcrumb":{"@id":"https:\/\/blogdobispo.com.br\/?p=18598#breadcrumb"},"inLanguage":"pt-BR","potentialAction":[{"@type":"ReadAction","target":["https:\/\/blogdobispo.com.br\/?p=18598"]}]},{"@type":"ImageObject","inLanguage":"pt-BR","@id":"https:\/\/blogdobispo.com.br\/?p=18598#primaryimage","url":"https:\/\/i0.wp.com\/blogdobispo.com.br\/wp-content\/uploads\/2025\/11\/VOlk1ygq0Utfj4coneXzACwWMlYfPYNLqyMAlhET.jpg?fit=1599%2C1066&ssl=1","contentUrl":"https:\/\/i0.wp.com\/blogdobispo.com.br\/wp-content\/uploads\/2025\/11\/VOlk1ygq0Utfj4coneXzACwWMlYfPYNLqyMAlhET.jpg?fit=1599%2C1066&ssl=1","width":1599,"height":1066},{"@type":"BreadcrumbList","@id":"https:\/\/blogdobispo.com.br\/?p=18598#breadcrumb","itemListElement":[{"@type":"ListItem","position":1,"name":"In\u00edcio","item":"https:\/\/blogdobispo.com.br\/"},{"@type":"ListItem","position":2,"name":"Comiss\u00e3o da ALRN encerra novembro com pauta zerada e aprova\u00e7\u00f5es un\u00e2nimes"}]},{"@type":"WebSite","@id":"https:\/\/blogdobispo.com.br\/#website","url":"https:\/\/blogdobispo.com.br\/","name":"Blog do Bispo","description":"Comprometido apenas com o leitor","publisher":{"@id":"https:\/\/blogdobispo.com.br\/#organization"},"potentialAction":[{"@type":"SearchAction","target":{"@type":"EntryPoint","urlTemplate":"https:\/\/blogdobispo.com.br\/?s={search_term_string}"},"query-input":{"@type":"PropertyValueSpecification","valueRequired":true,"valueName":"search_term_string"}}],"inLanguage":"pt-BR"},{"@type":"Organization","@id":"https:\/\/blogdobispo.com.br\/#organization","name":"Blog do Bispo","url":"https:\/\/blogdobispo.com.br\/","logo":{"@type":"ImageObject","inLanguage":"pt-BR","@id":"https:\/\/blogdobispo.com.br\/#\/schema\/logo\/image\/","url":"http:\/\/blogdobispo.com.br\/wp-content\/uploads\/2023\/05\/cropped-headear.png","contentUrl":"http:\/\/blogdobispo.com.br\/wp-content\/uploads\/2023\/05\/cropped-headear.png","width":1500,"height":399,"caption":"Blog do Bispo"},"image":{"@id":"https:\/\/blogdobispo.com.br\/#\/schema\/logo\/image\/"}},{"@type":"Person","@id":"https:\/\/blogdobispo.com.br\/#\/schema\/person\/e2209cc0e6cea5c5233d033e997b373f","name":"Jefferson Sterfeno","image":{"@type":"ImageObject","inLanguage":"pt-BR","@id":"https:\/\/blogdobispo.com.br\/#\/schema\/person\/image\/","url":"https:\/\/secure.gravatar.com\/avatar\/0534e84764641168a677026b6d57a3f51dc7ac4db0b4f6186d9cb330d4ee1160?s=96&d=mm&r=g","contentUrl":"https:\/\/secure.gravatar.com\/avatar\/0534e84764641168a677026b6d57a3f51dc7ac4db0b4f6186d9cb330d4ee1160?s=96&d=mm&r=g","caption":"Jefferson Sterfeno"},"sameAs":["http:\/\/blogdobispo.com.br"],"url":"https:\/\/blogdobispo.com.br\/?author=1"}]}},"featured_image_urls":{"full":["https:\/\/i0.wp.com\/blogdobispo.com.br\/wp-content\/uploads\/2025\/11\/VOlk1ygq0Utfj4coneXzACwWMlYfPYNLqyMAlhET.jpg?fit=1599%2C1066&ssl=1",1599,1066,false],"thumbnail":["https:\/\/i0.wp.com\/blogdobispo.com.br\/wp-content\/uploads\/2025\/11\/VOlk1ygq0Utfj4coneXzACwWMlYfPYNLqyMAlhET.jpg?resize=150%2C150&ssl=1",150,150,true],"medium":["https:\/\/i0.wp.com\/blogdobispo.com.br\/wp-content\/uploads\/2025\/11\/VOlk1ygq0Utfj4coneXzACwWMlYfPYNLqyMAlhET.jpg?fit=300%2C200&ssl=1",300,200,true],"medium_large":["https:\/\/i0.wp.com\/blogdobispo.com.br\/wp-content\/uploads\/2025\/11\/VOlk1ygq0Utfj4coneXzACwWMlYfPYNLqyMAlhET.jpg?fit=768%2C512&ssl=1",768,512,true],"large":["https:\/\/i0.wp.com\/blogdobispo.com.br\/wp-content\/uploads\/2025\/11\/VOlk1ygq0Utfj4coneXzACwWMlYfPYNLqyMAlhET.jpg?fit=800%2C534&ssl=1",800,534,true],"1536x1536":["https:\/\/i0.wp.com\/blogdobispo.com.br\/wp-content\/uploads\/2025\/11\/VOlk1ygq0Utfj4coneXzACwWMlYfPYNLqyMAlhET.jpg?fit=1536%2C1024&ssl=1",1536,1024,true],"2048x2048":["https:\/\/i0.wp.com\/blogdobispo.com.br\/wp-content\/uploads\/2025\/11\/VOlk1ygq0Utfj4coneXzACwWMlYfPYNLqyMAlhET.jpg?fit=1599%2C1066&ssl=1",1599,1066,true]},"author_info":{"display_name":"Jefferson Sterfeno","author_link":"https:\/\/blogdobispo.com.br\/?author=1"},"category_info":"<a href=\"https:\/\/blogdobispo.com.br\/?cat=1\" rel=\"category\">diversos<\/a>","tag_info":"diversos","comment_count":"0","jetpack_featured_media_url":"https:\/\/i0.wp.com\/blogdobispo.com.br\/wp-content\/uploads\/2025\/11\/VOlk1ygq0Utfj4coneXzACwWMlYfPYNLqyMAlhET.jpg?fit=1599%2C1066&ssl=1","jetpack_sharing_enabled":true,"_links":{"self":[{"href":"https:\/\/blogdobispo.com.br\/index.php?rest_route=\/wp\/v2\/posts\/18598","targetHints":{"allow":["GET"]}}],"collection":[{"href":"https:\/\/blogdobispo.com.br\/index.php?rest_route=\/wp\/v2\/posts"}],"about":[{"href":"https:\/\/blogdobispo.com.br\/index.php?rest_route=\/wp\/v2\/types\/post"}],"author":[{"embeddable":true,"href":"https:\/\/blogdobispo.com.br\/index.php?rest_route=\/wp\/v2\/users\/1"}],"replies":[{"embeddable":true,"href":"https:\/\/blogdobispo.com.br\/index.php?rest_route=%2Fwp%2Fv2%2Fcomments&post=18598"}],"version-history":[{"count":2,"href":"https:\/\/blogdobispo.com.br\/index.php?rest_route=\/wp\/v2\/posts\/18598\/revisions"}],"predecessor-version":[{"id":19072,"href":"https:\/\/blogdobispo.com.br\/index.php?rest_route=\/wp\/v2\/posts\/18598\/revisions\/19072"}],"wp:featuredmedia":[{"embeddable":true,"href":"https:\/\/blogdobispo.com.br\/index.php?rest_route=\/wp\/v2\/media\/18599"}],"wp:attachment":[{"href":"https:\/\/blogdobispo.com.br\/index.php?rest_route=%2Fwp%2Fv2%2Fmedia&parent=18598"}],"wp:term":[{"taxonomy":"category","embeddable":true,"href":"https:\/\/blogdobispo.com.br\/index.php?rest_route=%2Fwp%2Fv2%2Fcategories&post=18598"},{"taxonomy":"post_tag","embeddable":true,"href":"https:\/\/blogdobispo.com.br\/index.php?rest_route=%2Fwp%2Fv2%2Ftags&post=18598"}],"curies":[{"name":"wp","href":"https:\/\/api.w.org\/{rel}","templated":true}]}}