{"id":18595,"date":"2025-11-25T15:49:20","date_gmt":"2025-11-25T15:49:20","guid":{"rendered":"https:\/\/blogdobispo.com.br\/?p=18595"},"modified":"2025-11-25T15:49:20","modified_gmt":"2025-11-25T15:49:20","slug":"camara-de-natal-rejeita-abrir-processo-de-cassacao-contra-luciano-nascimento","status":"publish","type":"post","link":"https:\/\/blogdobispo.com.br\/?p=18595","title":{"rendered":"C\u00e2mara de Natal rejeita abrir processo de cassa\u00e7\u00e3o contra Luciano Nascimento"},"content":{"rendered":"<p>A\u00a0<a href=\"https:\/\/www.cmnat.rn.gov.br\/\" target=\"_blank\" rel=\"noopener\">C\u00e2mara Municipal de Natal<\/a>\u00a0rejeitou nesta ter\u00e7a-feira 25 a abertura de um processo de cassa\u00e7\u00e3o contra o vereador Luciano Nascimento (PSD). A rejei\u00e7\u00e3o do pedido se deu por 21 votos a 5, com 2 aus\u00eancias. O denunciado estava impedido de votar por ser diretamente interessado.<\/p>\n<p>O pedido de cassa\u00e7\u00e3o foi apresentado pelo advogado Dayvson Marques de Moura no dia 19 de novembro. Em um documento de quatro p\u00e1ginas, o denunciante alega que Luciano praticou irregularidades ao usar recursos p\u00fablicos municipais para promover uma festa de anivers\u00e1rio em 2022. O vereador realiza o anivers\u00e1rio em via p\u00fablica desde antes de ter o mandato.<\/p>\n<p>O evento aconteceu no dia 12 de julho de 2022, um dia antes do anivers\u00e1rio do vereador. A festa foi bancada com recursos p\u00fablicos e teve show do cantor Giannini Alencar. A festa aconteceu no bairro Nazar\u00e9, reduto pol\u00edtico do vereador. Para o denunciante, houve \u201cn\u00edtida afronta ao princ\u00edpio da impessoalidade que deve reger a atua\u00e7\u00e3o p\u00fablica\u201d.<\/p>\n<p>\u201cO evento \u2018Anivers\u00e1rio Solid\u00e1rio do Vereador Luciano Nascimento\u2019 se caracterizou por desvio de finalidade do or\u00e7amento p\u00fablico, que restou utilizado para promo\u00e7\u00e3o pessoal do vereador. A emenda parlamentar \u00e9 instrumento de execu\u00e7\u00e3o do or\u00e7amento p\u00fablico e deve ser fundamentada em crit\u00e9rios objetivos e impessoais. A utiliza\u00e7\u00e3o de emenda como \u2018festa de anivers\u00e1rio\u2019 demonstra finalidade totalmente estranha ao interesse p\u00fablico, configurando viola\u00e7\u00e3o ao princ\u00edpio da finalidade p\u00fablica, n\u00facleo do controle de legalidade administrativa\u201d, declarou o denunciante.<\/p>\n<h2 class=\"wp-block-heading\">O que diz o vereador denunciado<\/h2>\n<p>Em pronunciamento antes da vota\u00e7\u00e3o, Luciano alegou que n\u00e3o destinou emenda parlamentar para o evento, e que o envio de recursos para pagar o show no anivers\u00e1rio foi ato discricion\u00e1rio e contrata\u00e7\u00e3o direta da Funda\u00e7\u00e3o Capitania das Artes (Funcarte), \u00f3rg\u00e3o ligado \u00e0 Secretaria de Cultura da Prefeitura do Natal.<\/p>\n<p>O vereador denunciado falou, ainda, que seu anivers\u00e1rio teve car\u00e1ter \u201csolid\u00e1rio\u201d, com oferta de servi\u00e7os gratuitos de sa\u00fade e entrega de alimentos a fam\u00edlias em situa\u00e7\u00e3o de vulnerabilidade. Al\u00e9m disso, afirmou que n\u00e3o houve pedido de votos e conota\u00e7\u00e3o pol\u00edtica no evento.<\/p>\n<h2 class=\"wp-block-heading\">Como votaram os vereadores<\/h2>\n<p>A favor: Brisa Bracchi (PT), Cl\u00e1udio Cust\u00f3dio (PP), Daniel Valen\u00e7a (PT), Samanda Alves (PT), Thabatta Pimenta (Psol)<\/p>\n<p>Contra: Aldo Clemente (PSDB), Camila Ara\u00fajo (Uni\u00e3o), Chagas Catarino (Uni\u00e3o), Cleiton da Policl\u00ednica (PSDB), Daniell Rendall (Republicanos), Daniel Santiago (PP), Eribaldo Medeiros (Rede), Eriko J\u00e1come (PP), Matheus Faustino (Uni\u00e3o), Fulvio Saulo (Solidariedade), Herbeth Sena (PV), Irapo\u00e3 N\u00f3brega (Republicanos), Jo\u00e3o Batista Torres (Democracia Crist\u00e3), Kleber Fernandes (Republicanos), Leo Souza (Republicanos), Pedro Henrique (PP), Preto Aquino (Podemos), Robson Carvalho (Uni\u00e3o), Tarcio de Eudiane (Uni\u00e3o), Tercio Tinoco (Uni\u00e3o) e Tony Henrique (PL)<\/p>\n<p>Ausente: Anne Lagartixa (Solidariedade) e Subtenente Eliabe (PL)<\/p>\n<p>Impedido: Luciano Nascimento (PSD)<\/p>\n<p>Agora RN<img data-recalc-dims=\"1\" fetchpriority=\"high\" decoding=\"async\" class=\"alignnone size-medium wp-image-18596\" src=\"https:\/\/i0.wp.com\/blogdobispo.com.br\/wp-content\/uploads\/2025\/11\/WhatsApp-Image-2025-11-25-at-12.10.14-e1764083884613-830x468-1.webp?resize=300%2C169\" alt=\"\" width=\"300\" height=\"169\" srcset=\"https:\/\/i0.wp.com\/blogdobispo.com.br\/wp-content\/uploads\/2025\/11\/WhatsApp-Image-2025-11-25-at-12.10.14-e1764083884613-830x468-1.webp?resize=300%2C169&amp;ssl=1 300w, https:\/\/i0.wp.com\/blogdobispo.com.br\/wp-content\/uploads\/2025\/11\/WhatsApp-Image-2025-11-25-at-12.10.14-e1764083884613-830x468-1.webp?resize=768%2C433&amp;ssl=1 768w, https:\/\/i0.wp.com\/blogdobispo.com.br\/wp-content\/uploads\/2025\/11\/WhatsApp-Image-2025-11-25-at-12.10.14-e1764083884613-830x468-1.webp?w=830&amp;ssl=1 830w\" sizes=\"(max-width: 300px) 100vw, 300px\" \/><\/p>\n","protected":false},"excerpt":{"rendered":"<p>A\u00a0C\u00e2mara Municipal de Natal\u00a0rejeitou nesta ter\u00e7a-feira 25 a abertura de um processo de cassa\u00e7\u00e3o contra o vereador Luciano Nascimento (PSD). A rejei\u00e7\u00e3o do pedido se deu por 21 votos a 5, com 2 aus\u00eancias. O denunciado estava impedido de votar por ser diretamente interessado. O pedido de cassa\u00e7\u00e3o foi apresentado pelo advogado Dayvson Marques de [&hellip;]<\/p>\n","protected":false},"author":1,"featured_media":18596,"comment_status":"open","ping_status":"open","sticky":false,"template":"","format":"standard","meta":{"cybocfi_hide_featured_image":"","_jetpack_memberships_contains_paid_content":false,"footnotes":""},"categories":[1],"tags":[],"class_list":["post-18595","post","type-post","status-publish","format-standard","has-post-thumbnail","hentry","category-diversos"],"yoast_head":"<!-- This site is optimized with the Yoast SEO plugin v25.6 - https:\/\/yoast.com\/wordpress\/plugins\/seo\/ -->\n<title>C\u00e2mara de Natal rejeita abrir processo de cassa\u00e7\u00e3o contra Luciano Nascimento - Blog do Bispo<\/title>\n<meta name=\"robots\" content=\"index, follow, max-snippet:-1, max-image-preview:large, max-video-preview:-1\" \/>\n<link rel=\"canonical\" href=\"https:\/\/blogdobispo.com.br\/?p=18595\" \/>\n<meta property=\"og:locale\" content=\"pt_BR\" \/>\n<meta property=\"og:type\" content=\"article\" \/>\n<meta property=\"og:title\" content=\"C\u00e2mara de Natal rejeita abrir processo de cassa\u00e7\u00e3o contra Luciano Nascimento - Blog do Bispo\" \/>\n<meta property=\"og:description\" content=\"A\u00a0C\u00e2mara Municipal de Natal\u00a0rejeitou nesta ter\u00e7a-feira 25 a abertura de um processo de cassa\u00e7\u00e3o contra o vereador Luciano Nascimento (PSD). A rejei\u00e7\u00e3o do pedido se deu por 21 votos a 5, com 2 aus\u00eancias. O denunciado estava impedido de votar por ser diretamente interessado. O pedido de cassa\u00e7\u00e3o foi apresentado pelo advogado Dayvson Marques de [&hellip;]\" \/>\n<meta property=\"og:url\" content=\"https:\/\/blogdobispo.com.br\/?p=18595\" \/>\n<meta property=\"og:site_name\" content=\"Blog do Bispo\" \/>\n<meta property=\"article:published_time\" content=\"2025-11-25T15:49:20+00:00\" \/>\n<meta property=\"og:image\" content=\"http:\/\/blogdobispo.com.br\/wp-content\/uploads\/2025\/11\/WhatsApp-Image-2025-11-25-at-12.10.14-e1764083884613-830x468-1.webp\" \/>\n\t<meta property=\"og:image:width\" content=\"830\" \/>\n\t<meta property=\"og:image:height\" content=\"468\" \/>\n\t<meta property=\"og:image:type\" content=\"image\/webp\" \/>\n<meta name=\"author\" content=\"Jefferson Sterfeno\" \/>\n<meta name=\"twitter:card\" content=\"summary_large_image\" \/>\n<meta name=\"twitter:label1\" content=\"Escrito por\" \/>\n\t<meta name=\"twitter:data1\" content=\"Jefferson Sterfeno\" \/>\n\t<meta name=\"twitter:label2\" content=\"Est. tempo de leitura\" \/>\n\t<meta name=\"twitter:data2\" content=\"3 minutos\" \/>\n<script type=\"application\/ld+json\" class=\"yoast-schema-graph\">{\"@context\":\"https:\/\/schema.org\",\"@graph\":[{\"@type\":\"Article\",\"@id\":\"https:\/\/blogdobispo.com.br\/?p=18595#article\",\"isPartOf\":{\"@id\":\"https:\/\/blogdobispo.com.br\/?p=18595\"},\"author\":{\"name\":\"Jefferson Sterfeno\",\"@id\":\"https:\/\/blogdobispo.com.br\/#\/schema\/person\/e2209cc0e6cea5c5233d033e997b373f\"},\"headline\":\"C\u00e2mara de Natal rejeita abrir processo de cassa\u00e7\u00e3o contra Luciano Nascimento\",\"datePublished\":\"2025-11-25T15:49:20+00:00\",\"mainEntityOfPage\":{\"@id\":\"https:\/\/blogdobispo.com.br\/?p=18595\"},\"wordCount\":505,\"commentCount\":0,\"publisher\":{\"@id\":\"https:\/\/blogdobispo.com.br\/#organization\"},\"image\":{\"@id\":\"https:\/\/blogdobispo.com.br\/?p=18595#primaryimage\"},\"thumbnailUrl\":\"https:\/\/i0.wp.com\/blogdobispo.com.br\/wp-content\/uploads\/2025\/11\/WhatsApp-Image-2025-11-25-at-12.10.14-e1764083884613-830x468-1.webp?fit=830%2C468&ssl=1\",\"articleSection\":[\"diversos\"],\"inLanguage\":\"pt-BR\",\"potentialAction\":[{\"@type\":\"CommentAction\",\"name\":\"Comment\",\"target\":[\"https:\/\/blogdobispo.com.br\/?p=18595#respond\"]}]},{\"@type\":\"WebPage\",\"@id\":\"https:\/\/blogdobispo.com.br\/?p=18595\",\"url\":\"https:\/\/blogdobispo.com.br\/?p=18595\",\"name\":\"C\u00e2mara de Natal rejeita abrir processo de cassa\u00e7\u00e3o contra Luciano Nascimento - Blog do Bispo\",\"isPartOf\":{\"@id\":\"https:\/\/blogdobispo.com.br\/#website\"},\"primaryImageOfPage\":{\"@id\":\"https:\/\/blogdobispo.com.br\/?p=18595#primaryimage\"},\"image\":{\"@id\":\"https:\/\/blogdobispo.com.br\/?p=18595#primaryimage\"},\"thumbnailUrl\":\"https:\/\/i0.wp.com\/blogdobispo.com.br\/wp-content\/uploads\/2025\/11\/WhatsApp-Image-2025-11-25-at-12.10.14-e1764083884613-830x468-1.webp?fit=830%2C468&ssl=1\",\"datePublished\":\"2025-11-25T15:49:20+00:00\",\"breadcrumb\":{\"@id\":\"https:\/\/blogdobispo.com.br\/?p=18595#breadcrumb\"},\"inLanguage\":\"pt-BR\",\"potentialAction\":[{\"@type\":\"ReadAction\",\"target\":[\"https:\/\/blogdobispo.com.br\/?p=18595\"]}]},{\"@type\":\"ImageObject\",\"inLanguage\":\"pt-BR\",\"@id\":\"https:\/\/blogdobispo.com.br\/?p=18595#primaryimage\",\"url\":\"https:\/\/i0.wp.com\/blogdobispo.com.br\/wp-content\/uploads\/2025\/11\/WhatsApp-Image-2025-11-25-at-12.10.14-e1764083884613-830x468-1.webp?fit=830%2C468&ssl=1\",\"contentUrl\":\"https:\/\/i0.wp.com\/blogdobispo.com.br\/wp-content\/uploads\/2025\/11\/WhatsApp-Image-2025-11-25-at-12.10.14-e1764083884613-830x468-1.webp?fit=830%2C468&ssl=1\",\"width\":830,\"height\":468},{\"@type\":\"BreadcrumbList\",\"@id\":\"https:\/\/blogdobispo.com.br\/?p=18595#breadcrumb\",\"itemListElement\":[{\"@type\":\"ListItem\",\"position\":1,\"name\":\"In\u00edcio\",\"item\":\"https:\/\/blogdobispo.com.br\/\"},{\"@type\":\"ListItem\",\"position\":2,\"name\":\"C\u00e2mara de Natal rejeita abrir processo de cassa\u00e7\u00e3o contra Luciano Nascimento\"}]},{\"@type\":\"WebSite\",\"@id\":\"https:\/\/blogdobispo.com.br\/#website\",\"url\":\"https:\/\/blogdobispo.com.br\/\",\"name\":\"Blog do Bispo\",\"description\":\"Comprometido apenas com o leitor\",\"publisher\":{\"@id\":\"https:\/\/blogdobispo.com.br\/#organization\"},\"potentialAction\":[{\"@type\":\"SearchAction\",\"target\":{\"@type\":\"EntryPoint\",\"urlTemplate\":\"https:\/\/blogdobispo.com.br\/?s={search_term_string}\"},\"query-input\":{\"@type\":\"PropertyValueSpecification\",\"valueRequired\":true,\"valueName\":\"search_term_string\"}}],\"inLanguage\":\"pt-BR\"},{\"@type\":\"Organization\",\"@id\":\"https:\/\/blogdobispo.com.br\/#organization\",\"name\":\"Blog do Bispo\",\"url\":\"https:\/\/blogdobispo.com.br\/\",\"logo\":{\"@type\":\"ImageObject\",\"inLanguage\":\"pt-BR\",\"@id\":\"https:\/\/blogdobispo.com.br\/#\/schema\/logo\/image\/\",\"url\":\"http:\/\/blogdobispo.com.br\/wp-content\/uploads\/2023\/05\/cropped-headear.png\",\"contentUrl\":\"http:\/\/blogdobispo.com.br\/wp-content\/uploads\/2023\/05\/cropped-headear.png\",\"width\":1500,\"height\":399,\"caption\":\"Blog do Bispo\"},\"image\":{\"@id\":\"https:\/\/blogdobispo.com.br\/#\/schema\/logo\/image\/\"}},{\"@type\":\"Person\",\"@id\":\"https:\/\/blogdobispo.com.br\/#\/schema\/person\/e2209cc0e6cea5c5233d033e997b373f\",\"name\":\"Jefferson Sterfeno\",\"image\":{\"@type\":\"ImageObject\",\"inLanguage\":\"pt-BR\",\"@id\":\"https:\/\/blogdobispo.com.br\/#\/schema\/person\/image\/\",\"url\":\"https:\/\/secure.gravatar.com\/avatar\/0534e84764641168a677026b6d57a3f51dc7ac4db0b4f6186d9cb330d4ee1160?s=96&d=mm&r=g\",\"contentUrl\":\"https:\/\/secure.gravatar.com\/avatar\/0534e84764641168a677026b6d57a3f51dc7ac4db0b4f6186d9cb330d4ee1160?s=96&d=mm&r=g\",\"caption\":\"Jefferson Sterfeno\"},\"sameAs\":[\"http:\/\/blogdobispo.com.br\"],\"url\":\"https:\/\/blogdobispo.com.br\/?author=1\"}]}<\/script>\n<!-- \/ Yoast SEO plugin. -->","yoast_head_json":{"title":"C\u00e2mara de Natal rejeita abrir processo de cassa\u00e7\u00e3o contra Luciano Nascimento - Blog do Bispo","robots":{"index":"index","follow":"follow","max-snippet":"max-snippet:-1","max-image-preview":"max-image-preview:large","max-video-preview":"max-video-preview:-1"},"canonical":"https:\/\/blogdobispo.com.br\/?p=18595","og_locale":"pt_BR","og_type":"article","og_title":"C\u00e2mara de Natal rejeita abrir processo de cassa\u00e7\u00e3o contra Luciano Nascimento - Blog do Bispo","og_description":"A\u00a0C\u00e2mara Municipal de Natal\u00a0rejeitou nesta ter\u00e7a-feira 25 a abertura de um processo de cassa\u00e7\u00e3o contra o vereador Luciano Nascimento (PSD). A rejei\u00e7\u00e3o do pedido se deu por 21 votos a 5, com 2 aus\u00eancias. O denunciado estava impedido de votar por ser diretamente interessado. O pedido de cassa\u00e7\u00e3o foi apresentado pelo advogado Dayvson Marques de [&hellip;]","og_url":"https:\/\/blogdobispo.com.br\/?p=18595","og_site_name":"Blog do Bispo","article_published_time":"2025-11-25T15:49:20+00:00","og_image":[{"width":830,"height":468,"url":"http:\/\/blogdobispo.com.br\/wp-content\/uploads\/2025\/11\/WhatsApp-Image-2025-11-25-at-12.10.14-e1764083884613-830x468-1.webp","type":"image\/webp"}],"author":"Jefferson Sterfeno","twitter_card":"summary_large_image","twitter_misc":{"Escrito por":"Jefferson Sterfeno","Est. tempo de leitura":"3 minutos"},"schema":{"@context":"https:\/\/schema.org","@graph":[{"@type":"Article","@id":"https:\/\/blogdobispo.com.br\/?p=18595#article","isPartOf":{"@id":"https:\/\/blogdobispo.com.br\/?p=18595"},"author":{"name":"Jefferson Sterfeno","@id":"https:\/\/blogdobispo.com.br\/#\/schema\/person\/e2209cc0e6cea5c5233d033e997b373f"},"headline":"C\u00e2mara de Natal rejeita abrir processo de cassa\u00e7\u00e3o contra Luciano Nascimento","datePublished":"2025-11-25T15:49:20+00:00","mainEntityOfPage":{"@id":"https:\/\/blogdobispo.com.br\/?p=18595"},"wordCount":505,"commentCount":0,"publisher":{"@id":"https:\/\/blogdobispo.com.br\/#organization"},"image":{"@id":"https:\/\/blogdobispo.com.br\/?p=18595#primaryimage"},"thumbnailUrl":"https:\/\/i0.wp.com\/blogdobispo.com.br\/wp-content\/uploads\/2025\/11\/WhatsApp-Image-2025-11-25-at-12.10.14-e1764083884613-830x468-1.webp?fit=830%2C468&ssl=1","articleSection":["diversos"],"inLanguage":"pt-BR","potentialAction":[{"@type":"CommentAction","name":"Comment","target":["https:\/\/blogdobispo.com.br\/?p=18595#respond"]}]},{"@type":"WebPage","@id":"https:\/\/blogdobispo.com.br\/?p=18595","url":"https:\/\/blogdobispo.com.br\/?p=18595","name":"C\u00e2mara de Natal rejeita abrir processo de cassa\u00e7\u00e3o contra Luciano Nascimento - Blog do Bispo","isPartOf":{"@id":"https:\/\/blogdobispo.com.br\/#website"},"primaryImageOfPage":{"@id":"https:\/\/blogdobispo.com.br\/?p=18595#primaryimage"},"image":{"@id":"https:\/\/blogdobispo.com.br\/?p=18595#primaryimage"},"thumbnailUrl":"https:\/\/i0.wp.com\/blogdobispo.com.br\/wp-content\/uploads\/2025\/11\/WhatsApp-Image-2025-11-25-at-12.10.14-e1764083884613-830x468-1.webp?fit=830%2C468&ssl=1","datePublished":"2025-11-25T15:49:20+00:00","breadcrumb":{"@id":"https:\/\/blogdobispo.com.br\/?p=18595#breadcrumb"},"inLanguage":"pt-BR","potentialAction":[{"@type":"ReadAction","target":["https:\/\/blogdobispo.com.br\/?p=18595"]}]},{"@type":"ImageObject","inLanguage":"pt-BR","@id":"https:\/\/blogdobispo.com.br\/?p=18595#primaryimage","url":"https:\/\/i0.wp.com\/blogdobispo.com.br\/wp-content\/uploads\/2025\/11\/WhatsApp-Image-2025-11-25-at-12.10.14-e1764083884613-830x468-1.webp?fit=830%2C468&ssl=1","contentUrl":"https:\/\/i0.wp.com\/blogdobispo.com.br\/wp-content\/uploads\/2025\/11\/WhatsApp-Image-2025-11-25-at-12.10.14-e1764083884613-830x468-1.webp?fit=830%2C468&ssl=1","width":830,"height":468},{"@type":"BreadcrumbList","@id":"https:\/\/blogdobispo.com.br\/?p=18595#breadcrumb","itemListElement":[{"@type":"ListItem","position":1,"name":"In\u00edcio","item":"https:\/\/blogdobispo.com.br\/"},{"@type":"ListItem","position":2,"name":"C\u00e2mara de Natal rejeita abrir processo de cassa\u00e7\u00e3o contra Luciano Nascimento"}]},{"@type":"WebSite","@id":"https:\/\/blogdobispo.com.br\/#website","url":"https:\/\/blogdobispo.com.br\/","name":"Blog do Bispo","description":"Comprometido apenas com o leitor","publisher":{"@id":"https:\/\/blogdobispo.com.br\/#organization"},"potentialAction":[{"@type":"SearchAction","target":{"@type":"EntryPoint","urlTemplate":"https:\/\/blogdobispo.com.br\/?s={search_term_string}"},"query-input":{"@type":"PropertyValueSpecification","valueRequired":true,"valueName":"search_term_string"}}],"inLanguage":"pt-BR"},{"@type":"Organization","@id":"https:\/\/blogdobispo.com.br\/#organization","name":"Blog do Bispo","url":"https:\/\/blogdobispo.com.br\/","logo":{"@type":"ImageObject","inLanguage":"pt-BR","@id":"https:\/\/blogdobispo.com.br\/#\/schema\/logo\/image\/","url":"http:\/\/blogdobispo.com.br\/wp-content\/uploads\/2023\/05\/cropped-headear.png","contentUrl":"http:\/\/blogdobispo.com.br\/wp-content\/uploads\/2023\/05\/cropped-headear.png","width":1500,"height":399,"caption":"Blog do Bispo"},"image":{"@id":"https:\/\/blogdobispo.com.br\/#\/schema\/logo\/image\/"}},{"@type":"Person","@id":"https:\/\/blogdobispo.com.br\/#\/schema\/person\/e2209cc0e6cea5c5233d033e997b373f","name":"Jefferson Sterfeno","image":{"@type":"ImageObject","inLanguage":"pt-BR","@id":"https:\/\/blogdobispo.com.br\/#\/schema\/person\/image\/","url":"https:\/\/secure.gravatar.com\/avatar\/0534e84764641168a677026b6d57a3f51dc7ac4db0b4f6186d9cb330d4ee1160?s=96&d=mm&r=g","contentUrl":"https:\/\/secure.gravatar.com\/avatar\/0534e84764641168a677026b6d57a3f51dc7ac4db0b4f6186d9cb330d4ee1160?s=96&d=mm&r=g","caption":"Jefferson Sterfeno"},"sameAs":["http:\/\/blogdobispo.com.br"],"url":"https:\/\/blogdobispo.com.br\/?author=1"}]}},"featured_image_urls":{"full":["https:\/\/i0.wp.com\/blogdobispo.com.br\/wp-content\/uploads\/2025\/11\/WhatsApp-Image-2025-11-25-at-12.10.14-e1764083884613-830x468-1.webp?fit=830%2C468&ssl=1",830,468,false],"thumbnail":["https:\/\/i0.wp.com\/blogdobispo.com.br\/wp-content\/uploads\/2025\/11\/WhatsApp-Image-2025-11-25-at-12.10.14-e1764083884613-830x468-1.webp?resize=150%2C150&ssl=1",150,150,true],"medium":["https:\/\/i0.wp.com\/blogdobispo.com.br\/wp-content\/uploads\/2025\/11\/WhatsApp-Image-2025-11-25-at-12.10.14-e1764083884613-830x468-1.webp?fit=300%2C169&ssl=1",300,169,true],"medium_large":["https:\/\/i0.wp.com\/blogdobispo.com.br\/wp-content\/uploads\/2025\/11\/WhatsApp-Image-2025-11-25-at-12.10.14-e1764083884613-830x468-1.webp?fit=768%2C433&ssl=1",768,433,true],"large":["https:\/\/i0.wp.com\/blogdobispo.com.br\/wp-content\/uploads\/2025\/11\/WhatsApp-Image-2025-11-25-at-12.10.14-e1764083884613-830x468-1.webp?fit=800%2C451&ssl=1",800,451,true],"1536x1536":["https:\/\/i0.wp.com\/blogdobispo.com.br\/wp-content\/uploads\/2025\/11\/WhatsApp-Image-2025-11-25-at-12.10.14-e1764083884613-830x468-1.webp?fit=830%2C468&ssl=1",830,468,true],"2048x2048":["https:\/\/i0.wp.com\/blogdobispo.com.br\/wp-content\/uploads\/2025\/11\/WhatsApp-Image-2025-11-25-at-12.10.14-e1764083884613-830x468-1.webp?fit=830%2C468&ssl=1",830,468,true]},"author_info":{"display_name":"Jefferson Sterfeno","author_link":"https:\/\/blogdobispo.com.br\/?author=1"},"category_info":"<a href=\"https:\/\/blogdobispo.com.br\/?cat=1\" rel=\"category\">diversos<\/a>","tag_info":"diversos","comment_count":"0","jetpack_featured_media_url":"https:\/\/i0.wp.com\/blogdobispo.com.br\/wp-content\/uploads\/2025\/11\/WhatsApp-Image-2025-11-25-at-12.10.14-e1764083884613-830x468-1.webp?fit=830%2C468&ssl=1","jetpack_sharing_enabled":true,"_links":{"self":[{"href":"https:\/\/blogdobispo.com.br\/index.php?rest_route=\/wp\/v2\/posts\/18595","targetHints":{"allow":["GET"]}}],"collection":[{"href":"https:\/\/blogdobispo.com.br\/index.php?rest_route=\/wp\/v2\/posts"}],"about":[{"href":"https:\/\/blogdobispo.com.br\/index.php?rest_route=\/wp\/v2\/types\/post"}],"author":[{"embeddable":true,"href":"https:\/\/blogdobispo.com.br\/index.php?rest_route=\/wp\/v2\/users\/1"}],"replies":[{"embeddable":true,"href":"https:\/\/blogdobispo.com.br\/index.php?rest_route=%2Fwp%2Fv2%2Fcomments&post=18595"}],"version-history":[{"count":1,"href":"https:\/\/blogdobispo.com.br\/index.php?rest_route=\/wp\/v2\/posts\/18595\/revisions"}],"predecessor-version":[{"id":18597,"href":"https:\/\/blogdobispo.com.br\/index.php?rest_route=\/wp\/v2\/posts\/18595\/revisions\/18597"}],"wp:featuredmedia":[{"embeddable":true,"href":"https:\/\/blogdobispo.com.br\/index.php?rest_route=\/wp\/v2\/media\/18596"}],"wp:attachment":[{"href":"https:\/\/blogdobispo.com.br\/index.php?rest_route=%2Fwp%2Fv2%2Fmedia&parent=18595"}],"wp:term":[{"taxonomy":"category","embeddable":true,"href":"https:\/\/blogdobispo.com.br\/index.php?rest_route=%2Fwp%2Fv2%2Fcategories&post=18595"},{"taxonomy":"post_tag","embeddable":true,"href":"https:\/\/blogdobispo.com.br\/index.php?rest_route=%2Fwp%2Fv2%2Ftags&post=18595"}],"curies":[{"name":"wp","href":"https:\/\/api.w.org\/{rel}","templated":true}]}}