{"id":18593,"date":"2025-11-25T00:22:31","date_gmt":"2025-11-25T00:22:31","guid":{"rendered":"https:\/\/blogdobispo.com.br\/?p=18593"},"modified":"2025-11-25T00:22:31","modified_gmt":"2025-11-25T00:22:31","slug":"henrique-eduardo-alves-apresenta-boa-recuperacao-apos-avc-e-segue-em-observacao-no-hospital-rio-grande","status":"publish","type":"post","link":"https:\/\/blogdobispo.com.br\/?p=18593","title":{"rendered":"Henrique Eduardo Alves apresenta boa recupera\u00e7\u00e3o ap\u00f3s AVC e segue em observa\u00e7\u00e3o no Hospital Rio Grande"},"content":{"rendered":"\n<figure class=\"wp-block-image size-large\"><img data-recalc-dims=\"1\" fetchpriority=\"high\" decoding=\"async\" width=\"800\" height=\"613\" src=\"https:\/\/i0.wp.com\/blogdobispo.com.br\/wp-content\/uploads\/2025\/11\/img_7844-1024x784.jpg?resize=800%2C613&#038;ssl=1\" class=\"wp-image-18592\" srcset=\"https:\/\/i0.wp.com\/blogdobispo.com.br\/wp-content\/uploads\/2025\/11\/img_7844.jpg?resize=1024%2C784&amp;ssl=1 1024w, https:\/\/i0.wp.com\/blogdobispo.com.br\/wp-content\/uploads\/2025\/11\/img_7844.jpg?resize=300%2C230&amp;ssl=1 300w, https:\/\/i0.wp.com\/blogdobispo.com.br\/wp-content\/uploads\/2025\/11\/img_7844.jpg?resize=768%2C588&amp;ssl=1 768w, https:\/\/i0.wp.com\/blogdobispo.com.br\/wp-content\/uploads\/2025\/11\/img_7844.jpg?w=1170&amp;ssl=1 1170w\" sizes=\"(max-width: 800px) 100vw, 800px\" \/><\/figure>\n\n\n\n<p class=\"p1\"><\/p>\n\n\n\n<p class=\"p1\">O ex-presidente da C\u00e2mara dos Deputados, Henrique Eduardo Alves, segue internado no Hospital Rio Grande, em Natal, onde se recupera bem ap\u00f3s ter sofrido um AVC no \u00faltimo s\u00e1bado. De acordo com informa\u00e7\u00f5es confirmadas pela equipe m\u00e9dica, o quadro evolui de forma positiva, e o ex-parlamentar permanece em observa\u00e7\u00e3o, recebendo todos os cuidados necess\u00e1rios.<\/p>\n\n\n\n<p class=\"p1\">Henrique Alves, que tem longa trajet\u00f3ria na pol\u00edtica potiguar e nacional, foi rapidamente atendido ap\u00f3s os primeiros sinais do acidente vascular cerebral, o que contribuiu para a boa resposta ao tratamento. Familiares e amigos acompanham de perto sua recupera\u00e7\u00e3o e demonstram otimismo diante da evolu\u00e7\u00e3o cl\u00ednica.<\/p>\n\n\n\n<p class=\"p1\">O Hospital Rio Grande dever\u00e1 divulgar novas atualiza\u00e7\u00f5es ao longo dos pr\u00f3ximos dias, \u00e0 medida que o tratamento avan\u00e7ar. Enquanto isso, aliados pol\u00edticos, lideran\u00e7as e cidad\u00e3os t\u00eam enviado mensagens de apoio e votos de pronta recupera\u00e7\u00e3o ao ex-ministro e ex-deputado federal, figura hist\u00f3rica na vida p\u00fablica do Rio Grande do Norte.<\/p>\n","protected":false},"excerpt":{"rendered":"<p>O ex-presidente da C\u00e2mara dos Deputados, Henrique Eduardo Alves, segue internado no Hospital Rio Grande, em Natal, onde se recupera bem ap\u00f3s ter sofrido um AVC no \u00faltimo s\u00e1bado. De acordo com informa\u00e7\u00f5es confirmadas pela equipe m\u00e9dica, o quadro evolui de forma positiva, e o ex-parlamentar permanece em observa\u00e7\u00e3o, recebendo todos os cuidados necess\u00e1rios. Henrique [&hellip;]<\/p>\n","protected":false},"author":1,"featured_media":18591,"comment_status":"open","ping_status":"open","sticky":false,"template":"","format":"standard","meta":{"cybocfi_hide_featured_image":"","_jetpack_memberships_contains_paid_content":false,"footnotes":""},"categories":[1],"tags":[],"class_list":["post-18593","post","type-post","status-publish","format-standard","has-post-thumbnail","hentry","category-diversos"],"yoast_head":"<!-- This site is optimized with the Yoast SEO plugin v25.6 - https:\/\/yoast.com\/wordpress\/plugins\/seo\/ -->\n<title>Henrique Eduardo Alves apresenta boa recupera\u00e7\u00e3o ap\u00f3s AVC e segue em observa\u00e7\u00e3o no Hospital Rio Grande - Blog do Bispo<\/title>\n<meta name=\"robots\" content=\"index, follow, max-snippet:-1, max-image-preview:large, max-video-preview:-1\" \/>\n<link rel=\"canonical\" href=\"https:\/\/blogdobispo.com.br\/?p=18593\" \/>\n<meta property=\"og:locale\" content=\"pt_BR\" \/>\n<meta property=\"og:type\" content=\"article\" \/>\n<meta property=\"og:title\" content=\"Henrique Eduardo Alves apresenta boa recupera\u00e7\u00e3o ap\u00f3s AVC e segue em observa\u00e7\u00e3o no Hospital Rio Grande - Blog do Bispo\" \/>\n<meta property=\"og:description\" content=\"O ex-presidente da C\u00e2mara dos Deputados, Henrique Eduardo Alves, segue internado no Hospital Rio Grande, em Natal, onde se recupera bem ap\u00f3s ter sofrido um AVC no \u00faltimo s\u00e1bado. De acordo com informa\u00e7\u00f5es confirmadas pela equipe m\u00e9dica, o quadro evolui de forma positiva, e o ex-parlamentar permanece em observa\u00e7\u00e3o, recebendo todos os cuidados necess\u00e1rios. Henrique [&hellip;]\" \/>\n<meta property=\"og:url\" content=\"https:\/\/blogdobispo.com.br\/?p=18593\" \/>\n<meta property=\"og:site_name\" content=\"Blog do Bispo\" \/>\n<meta property=\"article:published_time\" content=\"2025-11-25T00:22:31+00:00\" \/>\n<meta property=\"og:image\" content=\"https:\/\/blogdobispo.com.br\/wp-content\/uploads\/2025\/11\/img_7844-1024x784.jpg\" \/>\n<meta name=\"author\" content=\"Jefferson Sterfeno\" \/>\n<meta name=\"twitter:card\" content=\"summary_large_image\" \/>\n<meta name=\"twitter:label1\" content=\"Escrito por\" \/>\n\t<meta name=\"twitter:data1\" content=\"Jefferson Sterfeno\" \/>\n\t<meta name=\"twitter:label2\" content=\"Est. tempo de leitura\" \/>\n\t<meta name=\"twitter:data2\" content=\"1 minuto\" \/>\n<script type=\"application\/ld+json\" class=\"yoast-schema-graph\">{\"@context\":\"https:\/\/schema.org\",\"@graph\":[{\"@type\":\"Article\",\"@id\":\"https:\/\/blogdobispo.com.br\/?p=18593#article\",\"isPartOf\":{\"@id\":\"https:\/\/blogdobispo.com.br\/?p=18593\"},\"author\":{\"name\":\"Jefferson Sterfeno\",\"@id\":\"https:\/\/blogdobispo.com.br\/#\/schema\/person\/e2209cc0e6cea5c5233d033e997b373f\"},\"headline\":\"Henrique Eduardo Alves apresenta boa recupera\u00e7\u00e3o ap\u00f3s AVC e segue em observa\u00e7\u00e3o no Hospital Rio Grande\",\"datePublished\":\"2025-11-25T00:22:31+00:00\",\"mainEntityOfPage\":{\"@id\":\"https:\/\/blogdobispo.com.br\/?p=18593\"},\"wordCount\":192,\"commentCount\":0,\"publisher\":{\"@id\":\"https:\/\/blogdobispo.com.br\/#organization\"},\"image\":{\"@id\":\"https:\/\/blogdobispo.com.br\/?p=18593#primaryimage\"},\"thumbnailUrl\":\"https:\/\/i0.wp.com\/blogdobispo.com.br\/wp-content\/uploads\/2025\/11\/img_7844-1.jpg?fit=1170%2C896&ssl=1\",\"articleSection\":[\"diversos\"],\"inLanguage\":\"pt-BR\",\"potentialAction\":[{\"@type\":\"CommentAction\",\"name\":\"Comment\",\"target\":[\"https:\/\/blogdobispo.com.br\/?p=18593#respond\"]}]},{\"@type\":\"WebPage\",\"@id\":\"https:\/\/blogdobispo.com.br\/?p=18593\",\"url\":\"https:\/\/blogdobispo.com.br\/?p=18593\",\"name\":\"Henrique Eduardo Alves apresenta boa recupera\u00e7\u00e3o ap\u00f3s AVC e segue em observa\u00e7\u00e3o no Hospital Rio Grande - Blog do Bispo\",\"isPartOf\":{\"@id\":\"https:\/\/blogdobispo.com.br\/#website\"},\"primaryImageOfPage\":{\"@id\":\"https:\/\/blogdobispo.com.br\/?p=18593#primaryimage\"},\"image\":{\"@id\":\"https:\/\/blogdobispo.com.br\/?p=18593#primaryimage\"},\"thumbnailUrl\":\"https:\/\/i0.wp.com\/blogdobispo.com.br\/wp-content\/uploads\/2025\/11\/img_7844-1.jpg?fit=1170%2C896&ssl=1\",\"datePublished\":\"2025-11-25T00:22:31+00:00\",\"breadcrumb\":{\"@id\":\"https:\/\/blogdobispo.com.br\/?p=18593#breadcrumb\"},\"inLanguage\":\"pt-BR\",\"potentialAction\":[{\"@type\":\"ReadAction\",\"target\":[\"https:\/\/blogdobispo.com.br\/?p=18593\"]}]},{\"@type\":\"ImageObject\",\"inLanguage\":\"pt-BR\",\"@id\":\"https:\/\/blogdobispo.com.br\/?p=18593#primaryimage\",\"url\":\"https:\/\/i0.wp.com\/blogdobispo.com.br\/wp-content\/uploads\/2025\/11\/img_7844-1.jpg?fit=1170%2C896&ssl=1\",\"contentUrl\":\"https:\/\/i0.wp.com\/blogdobispo.com.br\/wp-content\/uploads\/2025\/11\/img_7844-1.jpg?fit=1170%2C896&ssl=1\",\"width\":1170,\"height\":896,\"caption\":\"Screenshot\"},{\"@type\":\"BreadcrumbList\",\"@id\":\"https:\/\/blogdobispo.com.br\/?p=18593#breadcrumb\",\"itemListElement\":[{\"@type\":\"ListItem\",\"position\":1,\"name\":\"In\u00edcio\",\"item\":\"https:\/\/blogdobispo.com.br\/\"},{\"@type\":\"ListItem\",\"position\":2,\"name\":\"Henrique Eduardo Alves apresenta boa recupera\u00e7\u00e3o ap\u00f3s AVC e segue em observa\u00e7\u00e3o no Hospital Rio Grande\"}]},{\"@type\":\"WebSite\",\"@id\":\"https:\/\/blogdobispo.com.br\/#website\",\"url\":\"https:\/\/blogdobispo.com.br\/\",\"name\":\"Blog do Bispo\",\"description\":\"Comprometido apenas com o leitor\",\"publisher\":{\"@id\":\"https:\/\/blogdobispo.com.br\/#organization\"},\"potentialAction\":[{\"@type\":\"SearchAction\",\"target\":{\"@type\":\"EntryPoint\",\"urlTemplate\":\"https:\/\/blogdobispo.com.br\/?s={search_term_string}\"},\"query-input\":{\"@type\":\"PropertyValueSpecification\",\"valueRequired\":true,\"valueName\":\"search_term_string\"}}],\"inLanguage\":\"pt-BR\"},{\"@type\":\"Organization\",\"@id\":\"https:\/\/blogdobispo.com.br\/#organization\",\"name\":\"Blog do Bispo\",\"url\":\"https:\/\/blogdobispo.com.br\/\",\"logo\":{\"@type\":\"ImageObject\",\"inLanguage\":\"pt-BR\",\"@id\":\"https:\/\/blogdobispo.com.br\/#\/schema\/logo\/image\/\",\"url\":\"http:\/\/blogdobispo.com.br\/wp-content\/uploads\/2023\/05\/cropped-headear.png\",\"contentUrl\":\"http:\/\/blogdobispo.com.br\/wp-content\/uploads\/2023\/05\/cropped-headear.png\",\"width\":1500,\"height\":399,\"caption\":\"Blog do Bispo\"},\"image\":{\"@id\":\"https:\/\/blogdobispo.com.br\/#\/schema\/logo\/image\/\"}},{\"@type\":\"Person\",\"@id\":\"https:\/\/blogdobispo.com.br\/#\/schema\/person\/e2209cc0e6cea5c5233d033e997b373f\",\"name\":\"Jefferson Sterfeno\",\"image\":{\"@type\":\"ImageObject\",\"inLanguage\":\"pt-BR\",\"@id\":\"https:\/\/blogdobispo.com.br\/#\/schema\/person\/image\/\",\"url\":\"https:\/\/secure.gravatar.com\/avatar\/0534e84764641168a677026b6d57a3f51dc7ac4db0b4f6186d9cb330d4ee1160?s=96&d=mm&r=g\",\"contentUrl\":\"https:\/\/secure.gravatar.com\/avatar\/0534e84764641168a677026b6d57a3f51dc7ac4db0b4f6186d9cb330d4ee1160?s=96&d=mm&r=g\",\"caption\":\"Jefferson Sterfeno\"},\"sameAs\":[\"http:\/\/blogdobispo.com.br\"],\"url\":\"https:\/\/blogdobispo.com.br\/?author=1\"}]}<\/script>\n<!-- \/ Yoast SEO plugin. -->","yoast_head_json":{"title":"Henrique Eduardo Alves apresenta boa recupera\u00e7\u00e3o ap\u00f3s AVC e segue em observa\u00e7\u00e3o no Hospital Rio Grande - Blog do Bispo","robots":{"index":"index","follow":"follow","max-snippet":"max-snippet:-1","max-image-preview":"max-image-preview:large","max-video-preview":"max-video-preview:-1"},"canonical":"https:\/\/blogdobispo.com.br\/?p=18593","og_locale":"pt_BR","og_type":"article","og_title":"Henrique Eduardo Alves apresenta boa recupera\u00e7\u00e3o ap\u00f3s AVC e segue em observa\u00e7\u00e3o no Hospital Rio Grande - Blog do Bispo","og_description":"O ex-presidente da C\u00e2mara dos Deputados, Henrique Eduardo Alves, segue internado no Hospital Rio Grande, em Natal, onde se recupera bem ap\u00f3s ter sofrido um AVC no \u00faltimo s\u00e1bado. De acordo com informa\u00e7\u00f5es confirmadas pela equipe m\u00e9dica, o quadro evolui de forma positiva, e o ex-parlamentar permanece em observa\u00e7\u00e3o, recebendo todos os cuidados necess\u00e1rios. Henrique [&hellip;]","og_url":"https:\/\/blogdobispo.com.br\/?p=18593","og_site_name":"Blog do Bispo","article_published_time":"2025-11-25T00:22:31+00:00","og_image":[{"url":"https:\/\/blogdobispo.com.br\/wp-content\/uploads\/2025\/11\/img_7844-1024x784.jpg","type":"","width":"","height":""}],"author":"Jefferson Sterfeno","twitter_card":"summary_large_image","twitter_misc":{"Escrito por":"Jefferson Sterfeno","Est. tempo de leitura":"1 minuto"},"schema":{"@context":"https:\/\/schema.org","@graph":[{"@type":"Article","@id":"https:\/\/blogdobispo.com.br\/?p=18593#article","isPartOf":{"@id":"https:\/\/blogdobispo.com.br\/?p=18593"},"author":{"name":"Jefferson Sterfeno","@id":"https:\/\/blogdobispo.com.br\/#\/schema\/person\/e2209cc0e6cea5c5233d033e997b373f"},"headline":"Henrique Eduardo Alves apresenta boa recupera\u00e7\u00e3o ap\u00f3s AVC e segue em observa\u00e7\u00e3o no Hospital Rio Grande","datePublished":"2025-11-25T00:22:31+00:00","mainEntityOfPage":{"@id":"https:\/\/blogdobispo.com.br\/?p=18593"},"wordCount":192,"commentCount":0,"publisher":{"@id":"https:\/\/blogdobispo.com.br\/#organization"},"image":{"@id":"https:\/\/blogdobispo.com.br\/?p=18593#primaryimage"},"thumbnailUrl":"https:\/\/i0.wp.com\/blogdobispo.com.br\/wp-content\/uploads\/2025\/11\/img_7844-1.jpg?fit=1170%2C896&ssl=1","articleSection":["diversos"],"inLanguage":"pt-BR","potentialAction":[{"@type":"CommentAction","name":"Comment","target":["https:\/\/blogdobispo.com.br\/?p=18593#respond"]}]},{"@type":"WebPage","@id":"https:\/\/blogdobispo.com.br\/?p=18593","url":"https:\/\/blogdobispo.com.br\/?p=18593","name":"Henrique Eduardo Alves apresenta boa recupera\u00e7\u00e3o ap\u00f3s AVC e segue em observa\u00e7\u00e3o no Hospital Rio Grande - Blog do Bispo","isPartOf":{"@id":"https:\/\/blogdobispo.com.br\/#website"},"primaryImageOfPage":{"@id":"https:\/\/blogdobispo.com.br\/?p=18593#primaryimage"},"image":{"@id":"https:\/\/blogdobispo.com.br\/?p=18593#primaryimage"},"thumbnailUrl":"https:\/\/i0.wp.com\/blogdobispo.com.br\/wp-content\/uploads\/2025\/11\/img_7844-1.jpg?fit=1170%2C896&ssl=1","datePublished":"2025-11-25T00:22:31+00:00","breadcrumb":{"@id":"https:\/\/blogdobispo.com.br\/?p=18593#breadcrumb"},"inLanguage":"pt-BR","potentialAction":[{"@type":"ReadAction","target":["https:\/\/blogdobispo.com.br\/?p=18593"]}]},{"@type":"ImageObject","inLanguage":"pt-BR","@id":"https:\/\/blogdobispo.com.br\/?p=18593#primaryimage","url":"https:\/\/i0.wp.com\/blogdobispo.com.br\/wp-content\/uploads\/2025\/11\/img_7844-1.jpg?fit=1170%2C896&ssl=1","contentUrl":"https:\/\/i0.wp.com\/blogdobispo.com.br\/wp-content\/uploads\/2025\/11\/img_7844-1.jpg?fit=1170%2C896&ssl=1","width":1170,"height":896,"caption":"Screenshot"},{"@type":"BreadcrumbList","@id":"https:\/\/blogdobispo.com.br\/?p=18593#breadcrumb","itemListElement":[{"@type":"ListItem","position":1,"name":"In\u00edcio","item":"https:\/\/blogdobispo.com.br\/"},{"@type":"ListItem","position":2,"name":"Henrique Eduardo Alves apresenta boa recupera\u00e7\u00e3o ap\u00f3s AVC e segue em observa\u00e7\u00e3o no Hospital Rio Grande"}]},{"@type":"WebSite","@id":"https:\/\/blogdobispo.com.br\/#website","url":"https:\/\/blogdobispo.com.br\/","name":"Blog do Bispo","description":"Comprometido apenas com o leitor","publisher":{"@id":"https:\/\/blogdobispo.com.br\/#organization"},"potentialAction":[{"@type":"SearchAction","target":{"@type":"EntryPoint","urlTemplate":"https:\/\/blogdobispo.com.br\/?s={search_term_string}"},"query-input":{"@type":"PropertyValueSpecification","valueRequired":true,"valueName":"search_term_string"}}],"inLanguage":"pt-BR"},{"@type":"Organization","@id":"https:\/\/blogdobispo.com.br\/#organization","name":"Blog do Bispo","url":"https:\/\/blogdobispo.com.br\/","logo":{"@type":"ImageObject","inLanguage":"pt-BR","@id":"https:\/\/blogdobispo.com.br\/#\/schema\/logo\/image\/","url":"http:\/\/blogdobispo.com.br\/wp-content\/uploads\/2023\/05\/cropped-headear.png","contentUrl":"http:\/\/blogdobispo.com.br\/wp-content\/uploads\/2023\/05\/cropped-headear.png","width":1500,"height":399,"caption":"Blog do Bispo"},"image":{"@id":"https:\/\/blogdobispo.com.br\/#\/schema\/logo\/image\/"}},{"@type":"Person","@id":"https:\/\/blogdobispo.com.br\/#\/schema\/person\/e2209cc0e6cea5c5233d033e997b373f","name":"Jefferson Sterfeno","image":{"@type":"ImageObject","inLanguage":"pt-BR","@id":"https:\/\/blogdobispo.com.br\/#\/schema\/person\/image\/","url":"https:\/\/secure.gravatar.com\/avatar\/0534e84764641168a677026b6d57a3f51dc7ac4db0b4f6186d9cb330d4ee1160?s=96&d=mm&r=g","contentUrl":"https:\/\/secure.gravatar.com\/avatar\/0534e84764641168a677026b6d57a3f51dc7ac4db0b4f6186d9cb330d4ee1160?s=96&d=mm&r=g","caption":"Jefferson Sterfeno"},"sameAs":["http:\/\/blogdobispo.com.br"],"url":"https:\/\/blogdobispo.com.br\/?author=1"}]}},"featured_image_urls":{"full":["https:\/\/i0.wp.com\/blogdobispo.com.br\/wp-content\/uploads\/2025\/11\/img_7844-1.jpg?fit=1170%2C896&ssl=1",1170,896,false],"thumbnail":["https:\/\/i0.wp.com\/blogdobispo.com.br\/wp-content\/uploads\/2025\/11\/img_7844-1.jpg?resize=150%2C150&ssl=1",150,150,true],"medium":["https:\/\/i0.wp.com\/blogdobispo.com.br\/wp-content\/uploads\/2025\/11\/img_7844-1.jpg?fit=300%2C230&ssl=1",300,230,true],"medium_large":["https:\/\/i0.wp.com\/blogdobispo.com.br\/wp-content\/uploads\/2025\/11\/img_7844-1.jpg?fit=768%2C588&ssl=1",768,588,true],"large":["https:\/\/i0.wp.com\/blogdobispo.com.br\/wp-content\/uploads\/2025\/11\/img_7844-1.jpg?fit=800%2C613&ssl=1",800,613,true],"1536x1536":["https:\/\/i0.wp.com\/blogdobispo.com.br\/wp-content\/uploads\/2025\/11\/img_7844-1.jpg?fit=1170%2C896&ssl=1",1170,896,true],"2048x2048":["https:\/\/i0.wp.com\/blogdobispo.com.br\/wp-content\/uploads\/2025\/11\/img_7844-1.jpg?fit=1170%2C896&ssl=1",1170,896,true]},"author_info":{"display_name":"Jefferson Sterfeno","author_link":"https:\/\/blogdobispo.com.br\/?author=1"},"category_info":"<a href=\"https:\/\/blogdobispo.com.br\/?cat=1\" rel=\"category\">diversos<\/a>","tag_info":"diversos","comment_count":"0","jetpack_featured_media_url":"https:\/\/i0.wp.com\/blogdobispo.com.br\/wp-content\/uploads\/2025\/11\/img_7844-1.jpg?fit=1170%2C896&ssl=1","jetpack_sharing_enabled":true,"_links":{"self":[{"href":"https:\/\/blogdobispo.com.br\/index.php?rest_route=\/wp\/v2\/posts\/18593","targetHints":{"allow":["GET"]}}],"collection":[{"href":"https:\/\/blogdobispo.com.br\/index.php?rest_route=\/wp\/v2\/posts"}],"about":[{"href":"https:\/\/blogdobispo.com.br\/index.php?rest_route=\/wp\/v2\/types\/post"}],"author":[{"embeddable":true,"href":"https:\/\/blogdobispo.com.br\/index.php?rest_route=\/wp\/v2\/users\/1"}],"replies":[{"embeddable":true,"href":"https:\/\/blogdobispo.com.br\/index.php?rest_route=%2Fwp%2Fv2%2Fcomments&post=18593"}],"version-history":[{"count":0,"href":"https:\/\/blogdobispo.com.br\/index.php?rest_route=\/wp\/v2\/posts\/18593\/revisions"}],"wp:featuredmedia":[{"embeddable":true,"href":"https:\/\/blogdobispo.com.br\/index.php?rest_route=\/wp\/v2\/media\/18591"}],"wp:attachment":[{"href":"https:\/\/blogdobispo.com.br\/index.php?rest_route=%2Fwp%2Fv2%2Fmedia&parent=18593"}],"wp:term":[{"taxonomy":"category","embeddable":true,"href":"https:\/\/blogdobispo.com.br\/index.php?rest_route=%2Fwp%2Fv2%2Fcategories&post=18593"},{"taxonomy":"post_tag","embeddable":true,"href":"https:\/\/blogdobispo.com.br\/index.php?rest_route=%2Fwp%2Fv2%2Ftags&post=18593"}],"curies":[{"name":"wp","href":"https:\/\/api.w.org\/{rel}","templated":true}]}}