{"id":18581,"date":"2025-11-24T18:35:14","date_gmt":"2025-11-24T18:35:14","guid":{"rendered":"https:\/\/blogdobispo.com.br\/?p=18581"},"modified":"2025-11-24T18:41:43","modified_gmt":"2025-11-24T18:41:43","slug":"dia-do-evangelico-sera-comemorado-com-show-louvor-sao-goncalo-para-cristo","status":"publish","type":"post","link":"https:\/\/blogdobispo.com.br\/?p=18581","title":{"rendered":"Dia do Evang\u00e9lico ser\u00e1 comemorado com show-louvor &#8220;S\u00e3o Gon\u00e7alo para Cristo&#8221;"},"content":{"rendered":"<p>As igrejas evang\u00e9licas de S\u00e3o Gon\u00e7alo do Amarante divulgaram, na manh\u00e3 desta sexta-feira (21), a programa\u00e7\u00e3o oficial do Dia do Evang\u00e9lico, que neste ano ser\u00e1 celebrado com o evento S\u00e3o Gon\u00e7alo para Cristo, marcado para o pr\u00f3ximo s\u00e1bado (29). A agenda foi apresentada durante uma <img data-recalc-dims=\"1\" fetchpriority=\"high\" decoding=\"async\" src=\"https:\/\/i0.wp.com\/blogdobispo.com.br\/wp-content\/uploads\/2025\/11\/img_7838.png?resize=600%2C450&#038;ssl=1\" class=\"size-full wp-image-18588\" width=\"600\" height=\"450\" srcset=\"https:\/\/i0.wp.com\/blogdobispo.com.br\/wp-content\/uploads\/2025\/11\/img_7838.png?w=600&amp;ssl=1 600w, https:\/\/i0.wp.com\/blogdobispo.com.br\/wp-content\/uploads\/2025\/11\/img_7838.png?resize=300%2C225&amp;ssl=1 300w\" sizes=\"(max-width: 600px) 100vw, 600px\" \/>reuni\u00e3o no Gabinete Civil com o prefeito Jaime Calado, que recebeu uma comiss\u00e3o pastoral para alinhar os detalhes finais e garantir o apoio institucional solicitado.<\/p>\n<p>&nbsp;<\/p>\n<p>Participaram do encontro o pastor Abner Alves (presidente da Igreja Assembleia de Deus de S\u00e3o Gon\u00e7alo do Amarante &#8211; IEADESGA), o di\u00e1cono Andr\u00e9 Ferreira e Maxsuel Oliveira, ambos da Igreja Evang\u00e9lica Assembleia de Deus no RN (IEADERN), e o pastor Edmilson Gomes, al\u00e9m dos secret\u00e1rios Ledson Fran\u00e7a (Comunica\u00e7\u00e3o) e M\u00e1rcio Pinto (Eventos).<\/p>\n<p>&nbsp;<\/p>\n<p>Durante a reuni\u00e3o, o prefeito destacou a relev\u00e2ncia da data para o munic\u00edpio.<\/p>\n<p>&#8220;S\u00f3 podemos agradecer a Deus por tudo. Este \u00e9 um momento para reunir todas as igrejas e celebrar esse dia com alegria e uni\u00e3o&#8221;, afirmou Jaime Calado.<\/p>\n<p>&nbsp;<\/p>\n<p>O pastor Abner Alves refor\u00e7ou o esp\u00edrito de unidade entre as denomina\u00e7\u00f5es.<\/p>\n<p>&#8220;Agrade\u00e7o ao prefeito Dr. Jaime Calado por apoiar esse evento junto \u00e0s igrejas evang\u00e9licas da nossa cidade. Com certeza o nome do Senhor ser\u00e1 glorificado por este momento de unidade da f\u00e9&#8221;, declarou.<\/p>\n<p>&nbsp;<\/p>\n<p>A programa\u00e7\u00e3o do S\u00e3o Gon\u00e7alo para Cristo ser\u00e1 iniciada \u00e0s 18h, no Parque das Fontes Paulo Em\u00eddio de Medeiros, com um devocional e apresenta\u00e7\u00f5es musicais de cantores das igrejas locais. A ministra\u00e7\u00e3o da palavra ficar\u00e1 sob responsabilidade do pastor Manass\u00e9s Soares.<\/p>\n<p>&nbsp;<\/p>\n<p>A partir das 20h, o evento segue com um grande show de adora\u00e7\u00e3o, que contar\u00e1 com a cantora Rafaella Mar\u00e7all &amp; Banda e com o cantor s\u00e3o-gon\u00e7alense Obede Monteiro &amp; Banda.<\/p>\n<p>&nbsp;<\/p>\n<p>O evento \u00e9 realizado pela Uni\u00e3o das Igrejas Evang\u00e9licas de S\u00e3o Gon\u00e7alo do Amarante e conta com o apoio da Prefeitura Municipal.<\/p>\n","protected":false},"excerpt":{"rendered":"<p>As igrejas evang\u00e9licas de S\u00e3o Gon\u00e7alo do Amarante divulgaram, na manh\u00e3 desta sexta-feira (21), a programa\u00e7\u00e3o oficial do Dia do Evang\u00e9lico, que neste ano ser\u00e1 celebrado com o evento S\u00e3o Gon\u00e7alo para Cristo, marcado para o pr\u00f3ximo s\u00e1bado (29). A agenda foi apresentada durante uma reuni\u00e3o no Gabinete Civil com o prefeito Jaime Calado, que [&hellip;]<\/p>\n","protected":false},"author":1,"featured_media":18585,"comment_status":"open","ping_status":"open","sticky":false,"template":"","format":"standard","meta":{"cybocfi_hide_featured_image":"","_jetpack_memberships_contains_paid_content":false,"footnotes":""},"categories":[1],"tags":[],"class_list":["post-18581","post","type-post","status-publish","format-standard","has-post-thumbnail","hentry","category-diversos"],"yoast_head":"<!-- This site is optimized with the Yoast SEO plugin v25.6 - https:\/\/yoast.com\/wordpress\/plugins\/seo\/ -->\n<title>Dia do Evang\u00e9lico ser\u00e1 comemorado com show-louvor &quot;S\u00e3o Gon\u00e7alo para Cristo&quot; - Blog do Bispo<\/title>\n<meta name=\"robots\" content=\"index, follow, max-snippet:-1, max-image-preview:large, max-video-preview:-1\" \/>\n<link rel=\"canonical\" href=\"https:\/\/blogdobispo.com.br\/?p=18581\" \/>\n<meta property=\"og:locale\" content=\"pt_BR\" \/>\n<meta property=\"og:type\" content=\"article\" \/>\n<meta property=\"og:title\" content=\"Dia do Evang\u00e9lico ser\u00e1 comemorado com show-louvor &quot;S\u00e3o Gon\u00e7alo para Cristo&quot; - Blog do Bispo\" \/>\n<meta property=\"og:description\" content=\"As igrejas evang\u00e9licas de S\u00e3o Gon\u00e7alo do Amarante divulgaram, na manh\u00e3 desta sexta-feira (21), a programa\u00e7\u00e3o oficial do Dia do Evang\u00e9lico, que neste ano ser\u00e1 celebrado com o evento S\u00e3o Gon\u00e7alo para Cristo, marcado para o pr\u00f3ximo s\u00e1bado (29). A agenda foi apresentada durante uma reuni\u00e3o no Gabinete Civil com o prefeito Jaime Calado, que [&hellip;]\" \/>\n<meta property=\"og:url\" content=\"https:\/\/blogdobispo.com.br\/?p=18581\" \/>\n<meta property=\"og:site_name\" content=\"Blog do Bispo\" \/>\n<meta property=\"article:published_time\" content=\"2025-11-24T18:35:14+00:00\" \/>\n<meta property=\"article:modified_time\" content=\"2025-11-24T18:41:43+00:00\" \/>\n<meta property=\"og:image\" content=\"https:\/\/i0.wp.com\/blogdobispo.com.br\/wp-content\/uploads\/2025\/11\/img_7837-1.png?fit=390%2C292&ssl=1\" \/>\n\t<meta property=\"og:image:width\" content=\"390\" \/>\n\t<meta property=\"og:image:height\" content=\"292\" \/>\n\t<meta property=\"og:image:type\" content=\"image\/png\" \/>\n<meta name=\"author\" content=\"Jefferson Sterfeno\" \/>\n<meta name=\"twitter:card\" content=\"summary_large_image\" \/>\n<meta name=\"twitter:label1\" content=\"Escrito por\" \/>\n\t<meta name=\"twitter:data1\" content=\"Jefferson Sterfeno\" \/>\n\t<meta name=\"twitter:label2\" content=\"Est. tempo de leitura\" \/>\n\t<meta name=\"twitter:data2\" content=\"3 minutos\" \/>\n<script type=\"application\/ld+json\" class=\"yoast-schema-graph\">{\"@context\":\"https:\/\/schema.org\",\"@graph\":[{\"@type\":\"Article\",\"@id\":\"https:\/\/blogdobispo.com.br\/?p=18581#article\",\"isPartOf\":{\"@id\":\"https:\/\/blogdobispo.com.br\/?p=18581\"},\"author\":{\"name\":\"Jefferson Sterfeno\",\"@id\":\"https:\/\/blogdobispo.com.br\/#\/schema\/person\/e2209cc0e6cea5c5233d033e997b373f\"},\"headline\":\"Dia do Evang\u00e9lico ser\u00e1 comemorado com show-louvor &#8220;S\u00e3o Gon\u00e7alo para Cristo&#8221;\",\"datePublished\":\"2025-11-24T18:35:14+00:00\",\"dateModified\":\"2025-11-24T18:41:43+00:00\",\"mainEntityOfPage\":{\"@id\":\"https:\/\/blogdobispo.com.br\/?p=18581\"},\"wordCount\":361,\"commentCount\":0,\"publisher\":{\"@id\":\"https:\/\/blogdobispo.com.br\/#organization\"},\"image\":{\"@id\":\"https:\/\/blogdobispo.com.br\/?p=18581#primaryimage\"},\"thumbnailUrl\":\"https:\/\/i0.wp.com\/blogdobispo.com.br\/wp-content\/uploads\/2025\/11\/img_7837-1.png?fit=390%2C292&ssl=1\",\"articleSection\":[\"diversos\"],\"inLanguage\":\"pt-BR\",\"potentialAction\":[{\"@type\":\"CommentAction\",\"name\":\"Comment\",\"target\":[\"https:\/\/blogdobispo.com.br\/?p=18581#respond\"]}]},{\"@type\":\"WebPage\",\"@id\":\"https:\/\/blogdobispo.com.br\/?p=18581\",\"url\":\"https:\/\/blogdobispo.com.br\/?p=18581\",\"name\":\"Dia do Evang\u00e9lico ser\u00e1 comemorado com show-louvor \\\"S\u00e3o Gon\u00e7alo para Cristo\\\" - Blog do Bispo\",\"isPartOf\":{\"@id\":\"https:\/\/blogdobispo.com.br\/#website\"},\"primaryImageOfPage\":{\"@id\":\"https:\/\/blogdobispo.com.br\/?p=18581#primaryimage\"},\"image\":{\"@id\":\"https:\/\/blogdobispo.com.br\/?p=18581#primaryimage\"},\"thumbnailUrl\":\"https:\/\/i0.wp.com\/blogdobispo.com.br\/wp-content\/uploads\/2025\/11\/img_7837-1.png?fit=390%2C292&ssl=1\",\"datePublished\":\"2025-11-24T18:35:14+00:00\",\"dateModified\":\"2025-11-24T18:41:43+00:00\",\"breadcrumb\":{\"@id\":\"https:\/\/blogdobispo.com.br\/?p=18581#breadcrumb\"},\"inLanguage\":\"pt-BR\",\"potentialAction\":[{\"@type\":\"ReadAction\",\"target\":[\"https:\/\/blogdobispo.com.br\/?p=18581\"]}]},{\"@type\":\"ImageObject\",\"inLanguage\":\"pt-BR\",\"@id\":\"https:\/\/blogdobispo.com.br\/?p=18581#primaryimage\",\"url\":\"https:\/\/i0.wp.com\/blogdobispo.com.br\/wp-content\/uploads\/2025\/11\/img_7837-1.png?fit=390%2C292&ssl=1\",\"contentUrl\":\"https:\/\/i0.wp.com\/blogdobispo.com.br\/wp-content\/uploads\/2025\/11\/img_7837-1.png?fit=390%2C292&ssl=1\",\"width\":390,\"height\":292},{\"@type\":\"BreadcrumbList\",\"@id\":\"https:\/\/blogdobispo.com.br\/?p=18581#breadcrumb\",\"itemListElement\":[{\"@type\":\"ListItem\",\"position\":1,\"name\":\"In\u00edcio\",\"item\":\"https:\/\/blogdobispo.com.br\/\"},{\"@type\":\"ListItem\",\"position\":2,\"name\":\"Dia do Evang\u00e9lico ser\u00e1 comemorado com show-louvor &#8220;S\u00e3o Gon\u00e7alo para Cristo&#8221;\"}]},{\"@type\":\"WebSite\",\"@id\":\"https:\/\/blogdobispo.com.br\/#website\",\"url\":\"https:\/\/blogdobispo.com.br\/\",\"name\":\"Blog do Bispo\",\"description\":\"Comprometido apenas com o leitor\",\"publisher\":{\"@id\":\"https:\/\/blogdobispo.com.br\/#organization\"},\"potentialAction\":[{\"@type\":\"SearchAction\",\"target\":{\"@type\":\"EntryPoint\",\"urlTemplate\":\"https:\/\/blogdobispo.com.br\/?s={search_term_string}\"},\"query-input\":{\"@type\":\"PropertyValueSpecification\",\"valueRequired\":true,\"valueName\":\"search_term_string\"}}],\"inLanguage\":\"pt-BR\"},{\"@type\":\"Organization\",\"@id\":\"https:\/\/blogdobispo.com.br\/#organization\",\"name\":\"Blog do Bispo\",\"url\":\"https:\/\/blogdobispo.com.br\/\",\"logo\":{\"@type\":\"ImageObject\",\"inLanguage\":\"pt-BR\",\"@id\":\"https:\/\/blogdobispo.com.br\/#\/schema\/logo\/image\/\",\"url\":\"http:\/\/blogdobispo.com.br\/wp-content\/uploads\/2023\/05\/cropped-headear.png\",\"contentUrl\":\"http:\/\/blogdobispo.com.br\/wp-content\/uploads\/2023\/05\/cropped-headear.png\",\"width\":1500,\"height\":399,\"caption\":\"Blog do Bispo\"},\"image\":{\"@id\":\"https:\/\/blogdobispo.com.br\/#\/schema\/logo\/image\/\"}},{\"@type\":\"Person\",\"@id\":\"https:\/\/blogdobispo.com.br\/#\/schema\/person\/e2209cc0e6cea5c5233d033e997b373f\",\"name\":\"Jefferson Sterfeno\",\"image\":{\"@type\":\"ImageObject\",\"inLanguage\":\"pt-BR\",\"@id\":\"https:\/\/blogdobispo.com.br\/#\/schema\/person\/image\/\",\"url\":\"https:\/\/secure.gravatar.com\/avatar\/0534e84764641168a677026b6d57a3f51dc7ac4db0b4f6186d9cb330d4ee1160?s=96&d=mm&r=g\",\"contentUrl\":\"https:\/\/secure.gravatar.com\/avatar\/0534e84764641168a677026b6d57a3f51dc7ac4db0b4f6186d9cb330d4ee1160?s=96&d=mm&r=g\",\"caption\":\"Jefferson Sterfeno\"},\"sameAs\":[\"http:\/\/blogdobispo.com.br\"],\"url\":\"https:\/\/blogdobispo.com.br\/?author=1\"}]}<\/script>\n<!-- \/ Yoast SEO plugin. -->","yoast_head_json":{"title":"Dia do Evang\u00e9lico ser\u00e1 comemorado com show-louvor \"S\u00e3o Gon\u00e7alo para Cristo\" - Blog do Bispo","robots":{"index":"index","follow":"follow","max-snippet":"max-snippet:-1","max-image-preview":"max-image-preview:large","max-video-preview":"max-video-preview:-1"},"canonical":"https:\/\/blogdobispo.com.br\/?p=18581","og_locale":"pt_BR","og_type":"article","og_title":"Dia do Evang\u00e9lico ser\u00e1 comemorado com show-louvor \"S\u00e3o Gon\u00e7alo para Cristo\" - Blog do Bispo","og_description":"As igrejas evang\u00e9licas de S\u00e3o Gon\u00e7alo do Amarante divulgaram, na manh\u00e3 desta sexta-feira (21), a programa\u00e7\u00e3o oficial do Dia do Evang\u00e9lico, que neste ano ser\u00e1 celebrado com o evento S\u00e3o Gon\u00e7alo para Cristo, marcado para o pr\u00f3ximo s\u00e1bado (29). A agenda foi apresentada durante uma reuni\u00e3o no Gabinete Civil com o prefeito Jaime Calado, que [&hellip;]","og_url":"https:\/\/blogdobispo.com.br\/?p=18581","og_site_name":"Blog do Bispo","article_published_time":"2025-11-24T18:35:14+00:00","article_modified_time":"2025-11-24T18:41:43+00:00","og_image":[{"width":390,"height":292,"url":"https:\/\/i0.wp.com\/blogdobispo.com.br\/wp-content\/uploads\/2025\/11\/img_7837-1.png?fit=390%2C292&ssl=1","type":"image\/png"}],"author":"Jefferson Sterfeno","twitter_card":"summary_large_image","twitter_misc":{"Escrito por":"Jefferson Sterfeno","Est. tempo de leitura":"3 minutos"},"schema":{"@context":"https:\/\/schema.org","@graph":[{"@type":"Article","@id":"https:\/\/blogdobispo.com.br\/?p=18581#article","isPartOf":{"@id":"https:\/\/blogdobispo.com.br\/?p=18581"},"author":{"name":"Jefferson Sterfeno","@id":"https:\/\/blogdobispo.com.br\/#\/schema\/person\/e2209cc0e6cea5c5233d033e997b373f"},"headline":"Dia do Evang\u00e9lico ser\u00e1 comemorado com show-louvor &#8220;S\u00e3o Gon\u00e7alo para Cristo&#8221;","datePublished":"2025-11-24T18:35:14+00:00","dateModified":"2025-11-24T18:41:43+00:00","mainEntityOfPage":{"@id":"https:\/\/blogdobispo.com.br\/?p=18581"},"wordCount":361,"commentCount":0,"publisher":{"@id":"https:\/\/blogdobispo.com.br\/#organization"},"image":{"@id":"https:\/\/blogdobispo.com.br\/?p=18581#primaryimage"},"thumbnailUrl":"https:\/\/i0.wp.com\/blogdobispo.com.br\/wp-content\/uploads\/2025\/11\/img_7837-1.png?fit=390%2C292&ssl=1","articleSection":["diversos"],"inLanguage":"pt-BR","potentialAction":[{"@type":"CommentAction","name":"Comment","target":["https:\/\/blogdobispo.com.br\/?p=18581#respond"]}]},{"@type":"WebPage","@id":"https:\/\/blogdobispo.com.br\/?p=18581","url":"https:\/\/blogdobispo.com.br\/?p=18581","name":"Dia do Evang\u00e9lico ser\u00e1 comemorado com show-louvor \"S\u00e3o Gon\u00e7alo para Cristo\" - Blog do Bispo","isPartOf":{"@id":"https:\/\/blogdobispo.com.br\/#website"},"primaryImageOfPage":{"@id":"https:\/\/blogdobispo.com.br\/?p=18581#primaryimage"},"image":{"@id":"https:\/\/blogdobispo.com.br\/?p=18581#primaryimage"},"thumbnailUrl":"https:\/\/i0.wp.com\/blogdobispo.com.br\/wp-content\/uploads\/2025\/11\/img_7837-1.png?fit=390%2C292&ssl=1","datePublished":"2025-11-24T18:35:14+00:00","dateModified":"2025-11-24T18:41:43+00:00","breadcrumb":{"@id":"https:\/\/blogdobispo.com.br\/?p=18581#breadcrumb"},"inLanguage":"pt-BR","potentialAction":[{"@type":"ReadAction","target":["https:\/\/blogdobispo.com.br\/?p=18581"]}]},{"@type":"ImageObject","inLanguage":"pt-BR","@id":"https:\/\/blogdobispo.com.br\/?p=18581#primaryimage","url":"https:\/\/i0.wp.com\/blogdobispo.com.br\/wp-content\/uploads\/2025\/11\/img_7837-1.png?fit=390%2C292&ssl=1","contentUrl":"https:\/\/i0.wp.com\/blogdobispo.com.br\/wp-content\/uploads\/2025\/11\/img_7837-1.png?fit=390%2C292&ssl=1","width":390,"height":292},{"@type":"BreadcrumbList","@id":"https:\/\/blogdobispo.com.br\/?p=18581#breadcrumb","itemListElement":[{"@type":"ListItem","position":1,"name":"In\u00edcio","item":"https:\/\/blogdobispo.com.br\/"},{"@type":"ListItem","position":2,"name":"Dia do Evang\u00e9lico ser\u00e1 comemorado com show-louvor &#8220;S\u00e3o Gon\u00e7alo para Cristo&#8221;"}]},{"@type":"WebSite","@id":"https:\/\/blogdobispo.com.br\/#website","url":"https:\/\/blogdobispo.com.br\/","name":"Blog do Bispo","description":"Comprometido apenas com o leitor","publisher":{"@id":"https:\/\/blogdobispo.com.br\/#organization"},"potentialAction":[{"@type":"SearchAction","target":{"@type":"EntryPoint","urlTemplate":"https:\/\/blogdobispo.com.br\/?s={search_term_string}"},"query-input":{"@type":"PropertyValueSpecification","valueRequired":true,"valueName":"search_term_string"}}],"inLanguage":"pt-BR"},{"@type":"Organization","@id":"https:\/\/blogdobispo.com.br\/#organization","name":"Blog do Bispo","url":"https:\/\/blogdobispo.com.br\/","logo":{"@type":"ImageObject","inLanguage":"pt-BR","@id":"https:\/\/blogdobispo.com.br\/#\/schema\/logo\/image\/","url":"http:\/\/blogdobispo.com.br\/wp-content\/uploads\/2023\/05\/cropped-headear.png","contentUrl":"http:\/\/blogdobispo.com.br\/wp-content\/uploads\/2023\/05\/cropped-headear.png","width":1500,"height":399,"caption":"Blog do Bispo"},"image":{"@id":"https:\/\/blogdobispo.com.br\/#\/schema\/logo\/image\/"}},{"@type":"Person","@id":"https:\/\/blogdobispo.com.br\/#\/schema\/person\/e2209cc0e6cea5c5233d033e997b373f","name":"Jefferson Sterfeno","image":{"@type":"ImageObject","inLanguage":"pt-BR","@id":"https:\/\/blogdobispo.com.br\/#\/schema\/person\/image\/","url":"https:\/\/secure.gravatar.com\/avatar\/0534e84764641168a677026b6d57a3f51dc7ac4db0b4f6186d9cb330d4ee1160?s=96&d=mm&r=g","contentUrl":"https:\/\/secure.gravatar.com\/avatar\/0534e84764641168a677026b6d57a3f51dc7ac4db0b4f6186d9cb330d4ee1160?s=96&d=mm&r=g","caption":"Jefferson Sterfeno"},"sameAs":["http:\/\/blogdobispo.com.br"],"url":"https:\/\/blogdobispo.com.br\/?author=1"}]}},"featured_image_urls":{"full":["https:\/\/i0.wp.com\/blogdobispo.com.br\/wp-content\/uploads\/2025\/11\/img_7837-1.png?fit=390%2C292&ssl=1",390,292,false],"thumbnail":["https:\/\/i0.wp.com\/blogdobispo.com.br\/wp-content\/uploads\/2025\/11\/img_7837-1.png?resize=150%2C150&ssl=1",150,150,true],"medium":["https:\/\/i0.wp.com\/blogdobispo.com.br\/wp-content\/uploads\/2025\/11\/img_7837-1.png?fit=300%2C225&ssl=1",300,225,true],"medium_large":["https:\/\/i0.wp.com\/blogdobispo.com.br\/wp-content\/uploads\/2025\/11\/img_7837-1.png?fit=390%2C292&ssl=1",390,292,true],"large":["https:\/\/i0.wp.com\/blogdobispo.com.br\/wp-content\/uploads\/2025\/11\/img_7837-1.png?fit=390%2C292&ssl=1",390,292,true],"1536x1536":["https:\/\/i0.wp.com\/blogdobispo.com.br\/wp-content\/uploads\/2025\/11\/img_7837-1.png?fit=390%2C292&ssl=1",390,292,true],"2048x2048":["https:\/\/i0.wp.com\/blogdobispo.com.br\/wp-content\/uploads\/2025\/11\/img_7837-1.png?fit=390%2C292&ssl=1",390,292,true]},"author_info":{"display_name":"Jefferson Sterfeno","author_link":"https:\/\/blogdobispo.com.br\/?author=1"},"category_info":"<a href=\"https:\/\/blogdobispo.com.br\/?cat=1\" rel=\"category\">diversos<\/a>","tag_info":"diversos","comment_count":"0","jetpack_featured_media_url":"https:\/\/i0.wp.com\/blogdobispo.com.br\/wp-content\/uploads\/2025\/11\/img_7837-1.png?fit=390%2C292&ssl=1","jetpack_sharing_enabled":true,"_links":{"self":[{"href":"https:\/\/blogdobispo.com.br\/index.php?rest_route=\/wp\/v2\/posts\/18581","targetHints":{"allow":["GET"]}}],"collection":[{"href":"https:\/\/blogdobispo.com.br\/index.php?rest_route=\/wp\/v2\/posts"}],"about":[{"href":"https:\/\/blogdobispo.com.br\/index.php?rest_route=\/wp\/v2\/types\/post"}],"author":[{"embeddable":true,"href":"https:\/\/blogdobispo.com.br\/index.php?rest_route=\/wp\/v2\/users\/1"}],"replies":[{"embeddable":true,"href":"https:\/\/blogdobispo.com.br\/index.php?rest_route=%2Fwp%2Fv2%2Fcomments&post=18581"}],"version-history":[{"count":4,"href":"https:\/\/blogdobispo.com.br\/index.php?rest_route=\/wp\/v2\/posts\/18581\/revisions"}],"predecessor-version":[{"id":18589,"href":"https:\/\/blogdobispo.com.br\/index.php?rest_route=\/wp\/v2\/posts\/18581\/revisions\/18589"}],"wp:featuredmedia":[{"embeddable":true,"href":"https:\/\/blogdobispo.com.br\/index.php?rest_route=\/wp\/v2\/media\/18585"}],"wp:attachment":[{"href":"https:\/\/blogdobispo.com.br\/index.php?rest_route=%2Fwp%2Fv2%2Fmedia&parent=18581"}],"wp:term":[{"taxonomy":"category","embeddable":true,"href":"https:\/\/blogdobispo.com.br\/index.php?rest_route=%2Fwp%2Fv2%2Fcategories&post=18581"},{"taxonomy":"post_tag","embeddable":true,"href":"https:\/\/blogdobispo.com.br\/index.php?rest_route=%2Fwp%2Fv2%2Ftags&post=18581"}],"curies":[{"name":"wp","href":"https:\/\/api.w.org\/{rel}","templated":true}]}}