{"id":18580,"date":"2025-11-24T18:09:28","date_gmt":"2025-11-24T18:09:28","guid":{"rendered":"https:\/\/blogdobispo.com.br\/?p=18580"},"modified":"2025-11-24T18:09:28","modified_gmt":"2025-11-24T18:09:28","slug":"jean-paul-prates-pede-pra-sair-do-pt","status":"publish","type":"post","link":"https:\/\/blogdobispo.com.br\/?p=18580","title":{"rendered":"Jean Paul Prates &#8220;pede pra sair&#8217; do PT"},"content":{"rendered":"\n<p>O ex-senador Jean Paul Prates saiu do PT.<\/p>\n\n\n\n<p>Em carta enviada ao presidente nacional do PT, Edinho Silva, o nosso franco-carioca disse que decis\u00e3o foi consolidada ap\u00f3s di\u00e1logo direto e respeitoso&#8221; com F\u00e1tima Bezerra.<\/p>\n\n\n\n<p>Prates reafirma &#8220;disposi\u00e7\u00e3o de integrar a chapa majorit\u00e1ria governista ao Senado Federal em 2026&#8221;<\/p>\n\n\n\n<p>Leia a nota divulgada na imprensa:<\/p>\n\n\n\n<p>O ex-senador da Rep\u00fablica Jean Paul Prates entregou, nesta segunda-feira (24) sua carta de desfilia\u00e7\u00e3o \u00e0 presidenta estadual do Partido dos Trabalhadores no Rio Grande do Norte, Samanda Alves, em documento que tamb\u00e9m foi protocolado junto ao presidente nacional da sigla, Edinho Silva. A carta dirigida ao comando potiguar segue o mesmo tom de respeito, serenidade e compromisso institucional expresso no texto enviado \u00e0 dire\u00e7\u00e3o nacional.<\/p>\n\n\n\n<p>No documento, Jean Paul comunica sua decis\u00e3o de iniciar um novo ciclo pol\u00edtico, mantendo-se no campo progressista, e destaca que o processo de sa\u00edda foi amadurecido com responsabilidade ao longo dos \u00faltimos meses. Ele registra que a decis\u00e3o foi consolidada ap\u00f3s di\u00e1logo direto com a governadora F\u00e1tima Bezerra, ocasi\u00e3o em que reafirmou sua disposi\u00e7\u00e3o de compor a chapa majorit\u00e1ria ao Senado em 2026, em posi\u00e7\u00e3o ainda a ser definida.<\/p>\n\n\n\n<p>A carta enfatiza sua contribui\u00e7\u00e3o ao PT potiguar desde 2013, per\u00edodo em que desempenhou papel ativo em campanhas estaduais e nacionais. Jean Paul recorda sua atua\u00e7\u00e3o nas disputas de 2014, 2018 e 2022, al\u00e9m de ter assumido a candidatura \u00e0 Prefeitura de Natal em 2020, no auge da pandemia. Ele tamb\u00e9m rememora sua lideran\u00e7a no Senado Federal durante o governo Bolsonaro, quando defendeu empresas p\u00fablicas, os interesses do Rio Grande do Norte e marcos estrat\u00e9gicos da transi\u00e7\u00e3o energ\u00e9tica.<\/p>\n\n\n\n<p>O documento ressalta que mais da metade das suas emendas parlamentares foram destinadas \u00e0 gest\u00e3o estadual conduzida pela governadora F\u00e1tima Bezerra e que seu mandato atuou de forma equitativa com mais de 70 prefeitos, independentemente de filia\u00e7\u00e3o partid\u00e1ria. Projetos estruturantes como as Areninhas Potiguares e as Escolas Solares s\u00e3o citados como exemplos de pol\u00edticas p\u00fablicas que alcan\u00e7aram munic\u00edpios de todas as regi\u00f5es do estado. Jean Paul tamb\u00e9m menciona a inclus\u00e3o das duplica\u00e7\u00f5es das BRs 304 e 406 no PPA e na LDO, al\u00e9m de outras iniciativas voltadas ao desenvolvimento regional.<\/p>\n\n\n\n<p>Em gesto de reconhecimento, ele agradece a lideran\u00e7as potiguares que acompanharam sua trajet\u00f3ria, entre elas a deputada federal Nat\u00e1lia Bonavides, o ex-presidente estadual J\u00fanior Souto, a vereadora Marleide Cunha e os companheiros de mandato Paulo Henrique Macedo, Adriano Gadelha e Jackson Santos. Tamb\u00e9m dedica uma homenagem emocionada \u00e0 milit\u00e2ncia petista do interior do Rio Grande do Norte, destacando o trabalho cotidiano de mulheres e homens que atuam nas regi\u00f5es mais vulner\u00e1veis do estado.<\/p>\n\n\n\n<p>Jean Paul afirma que sua sa\u00edda n\u00e3o representa abandono dos princ\u00edpios que o levaram \u00e0 vida p\u00fablica. Em suas palavras, \u201cn\u00e3o mudo de lado, reposiciono minha trajet\u00f3ria\u201d, reafirmando que continuar\u00e1 trabalhando pela justi\u00e7a social, pela soberania nacional e por um projeto de esquerda moderno, popular e conectado aos desafios contempor\u00e2neos.<\/p>\n\n\n\n<p>A carta refor\u00e7a, por fim, sua disposi\u00e7\u00e3o de seguir contribuindo com o debate p\u00fablico e com o desenvolvimento do Rio Grande do Norte, agora por meio de uma nova legenda progressista, mas preservando o respeito \u00e0 hist\u00f3ria do PT e \u00e0 sua milit\u00e2ncia.<\/p>\n\n\n\n<p>Gustavo Negreiros <\/p>\n\n\n\n<figure class=\"wp-block-image size-large\"><img data-recalc-dims=\"1\" fetchpriority=\"high\" decoding=\"async\" width=\"389\" height=\"309\" src=\"https:\/\/i0.wp.com\/blogdobispo.com.br\/wp-content\/uploads\/2025\/11\/img_7836.png?resize=389%2C309&#038;ssl=1\" class=\"wp-image-18578\" srcset=\"https:\/\/i0.wp.com\/blogdobispo.com.br\/wp-content\/uploads\/2025\/11\/img_7836.png?w=389&amp;ssl=1 389w, https:\/\/i0.wp.com\/blogdobispo.com.br\/wp-content\/uploads\/2025\/11\/img_7836.png?resize=300%2C238&amp;ssl=1 300w\" sizes=\"(max-width: 389px) 100vw, 389px\" \/><\/figure>\n\n\n\n<p><\/p>\n","protected":false},"excerpt":{"rendered":"<p>O ex-senador Jean Paul Prates saiu do PT. Em carta enviada ao presidente nacional do PT, Edinho Silva, o nosso franco-carioca disse que decis\u00e3o foi consolidada ap\u00f3s di\u00e1logo direto e respeitoso&#8221; com F\u00e1tima Bezerra. Prates reafirma &#8220;disposi\u00e7\u00e3o de integrar a chapa majorit\u00e1ria governista ao Senado Federal em 2026&#8221; Leia a nota divulgada na imprensa: O [&hellip;]<\/p>\n","protected":false},"author":1,"featured_media":18579,"comment_status":"open","ping_status":"open","sticky":false,"template":"","format":"standard","meta":{"cybocfi_hide_featured_image":"","_jetpack_memberships_contains_paid_content":false,"footnotes":""},"categories":[1],"tags":[],"class_list":["post-18580","post","type-post","status-publish","format-standard","has-post-thumbnail","hentry","category-diversos"],"yoast_head":"<!-- This site is optimized with the Yoast SEO plugin v25.6 - https:\/\/yoast.com\/wordpress\/plugins\/seo\/ -->\n<title>Jean Paul Prates &quot;pede pra sair&#039; do PT - Blog do Bispo<\/title>\n<meta name=\"robots\" content=\"index, follow, max-snippet:-1, max-image-preview:large, max-video-preview:-1\" \/>\n<link rel=\"canonical\" href=\"https:\/\/blogdobispo.com.br\/?p=18580\" \/>\n<meta property=\"og:locale\" content=\"pt_BR\" \/>\n<meta property=\"og:type\" content=\"article\" \/>\n<meta property=\"og:title\" content=\"Jean Paul Prates &quot;pede pra sair&#039; do PT - Blog do Bispo\" \/>\n<meta property=\"og:description\" content=\"O ex-senador Jean Paul Prates saiu do PT. Em carta enviada ao presidente nacional do PT, Edinho Silva, o nosso franco-carioca disse que decis\u00e3o foi consolidada ap\u00f3s di\u00e1logo direto e respeitoso&#8221; com F\u00e1tima Bezerra. Prates reafirma &#8220;disposi\u00e7\u00e3o de integrar a chapa majorit\u00e1ria governista ao Senado Federal em 2026&#8221; Leia a nota divulgada na imprensa: O [&hellip;]\" \/>\n<meta property=\"og:url\" content=\"https:\/\/blogdobispo.com.br\/?p=18580\" \/>\n<meta property=\"og:site_name\" content=\"Blog do Bispo\" \/>\n<meta property=\"article:published_time\" content=\"2025-11-24T18:09:28+00:00\" \/>\n<meta property=\"og:image\" content=\"https:\/\/blogdobispo.com.br\/wp-content\/uploads\/2025\/11\/img_7836.png\" \/>\n<meta name=\"author\" content=\"Jefferson Sterfeno\" \/>\n<meta name=\"twitter:card\" content=\"summary_large_image\" \/>\n<meta name=\"twitter:label1\" content=\"Escrito por\" \/>\n\t<meta name=\"twitter:data1\" content=\"Jefferson Sterfeno\" \/>\n\t<meta name=\"twitter:label2\" content=\"Est. tempo de leitura\" \/>\n\t<meta name=\"twitter:data2\" content=\"3 minutos\" \/>\n<script type=\"application\/ld+json\" class=\"yoast-schema-graph\">{\"@context\":\"https:\/\/schema.org\",\"@graph\":[{\"@type\":\"Article\",\"@id\":\"https:\/\/blogdobispo.com.br\/?p=18580#article\",\"isPartOf\":{\"@id\":\"https:\/\/blogdobispo.com.br\/?p=18580\"},\"author\":{\"name\":\"Jefferson Sterfeno\",\"@id\":\"https:\/\/blogdobispo.com.br\/#\/schema\/person\/e2209cc0e6cea5c5233d033e997b373f\"},\"headline\":\"Jean Paul Prates &#8220;pede pra sair&#8217; do PT\",\"datePublished\":\"2025-11-24T18:09:28+00:00\",\"mainEntityOfPage\":{\"@id\":\"https:\/\/blogdobispo.com.br\/?p=18580\"},\"wordCount\":580,\"commentCount\":0,\"publisher\":{\"@id\":\"https:\/\/blogdobispo.com.br\/#organization\"},\"image\":{\"@id\":\"https:\/\/blogdobispo.com.br\/?p=18580#primaryimage\"},\"thumbnailUrl\":\"https:\/\/i0.wp.com\/blogdobispo.com.br\/wp-content\/uploads\/2025\/11\/img_7836-1.png?fit=389%2C309&ssl=1\",\"articleSection\":[\"diversos\"],\"inLanguage\":\"pt-BR\",\"potentialAction\":[{\"@type\":\"CommentAction\",\"name\":\"Comment\",\"target\":[\"https:\/\/blogdobispo.com.br\/?p=18580#respond\"]}]},{\"@type\":\"WebPage\",\"@id\":\"https:\/\/blogdobispo.com.br\/?p=18580\",\"url\":\"https:\/\/blogdobispo.com.br\/?p=18580\",\"name\":\"Jean Paul Prates \\\"pede pra sair' do PT - Blog do Bispo\",\"isPartOf\":{\"@id\":\"https:\/\/blogdobispo.com.br\/#website\"},\"primaryImageOfPage\":{\"@id\":\"https:\/\/blogdobispo.com.br\/?p=18580#primaryimage\"},\"image\":{\"@id\":\"https:\/\/blogdobispo.com.br\/?p=18580#primaryimage\"},\"thumbnailUrl\":\"https:\/\/i0.wp.com\/blogdobispo.com.br\/wp-content\/uploads\/2025\/11\/img_7836-1.png?fit=389%2C309&ssl=1\",\"datePublished\":\"2025-11-24T18:09:28+00:00\",\"breadcrumb\":{\"@id\":\"https:\/\/blogdobispo.com.br\/?p=18580#breadcrumb\"},\"inLanguage\":\"pt-BR\",\"potentialAction\":[{\"@type\":\"ReadAction\",\"target\":[\"https:\/\/blogdobispo.com.br\/?p=18580\"]}]},{\"@type\":\"ImageObject\",\"inLanguage\":\"pt-BR\",\"@id\":\"https:\/\/blogdobispo.com.br\/?p=18580#primaryimage\",\"url\":\"https:\/\/i0.wp.com\/blogdobispo.com.br\/wp-content\/uploads\/2025\/11\/img_7836-1.png?fit=389%2C309&ssl=1\",\"contentUrl\":\"https:\/\/i0.wp.com\/blogdobispo.com.br\/wp-content\/uploads\/2025\/11\/img_7836-1.png?fit=389%2C309&ssl=1\",\"width\":389,\"height\":309},{\"@type\":\"BreadcrumbList\",\"@id\":\"https:\/\/blogdobispo.com.br\/?p=18580#breadcrumb\",\"itemListElement\":[{\"@type\":\"ListItem\",\"position\":1,\"name\":\"In\u00edcio\",\"item\":\"https:\/\/blogdobispo.com.br\/\"},{\"@type\":\"ListItem\",\"position\":2,\"name\":\"Jean Paul Prates &#8220;pede pra sair&#8217; do PT\"}]},{\"@type\":\"WebSite\",\"@id\":\"https:\/\/blogdobispo.com.br\/#website\",\"url\":\"https:\/\/blogdobispo.com.br\/\",\"name\":\"Blog do Bispo\",\"description\":\"Comprometido apenas com o leitor\",\"publisher\":{\"@id\":\"https:\/\/blogdobispo.com.br\/#organization\"},\"potentialAction\":[{\"@type\":\"SearchAction\",\"target\":{\"@type\":\"EntryPoint\",\"urlTemplate\":\"https:\/\/blogdobispo.com.br\/?s={search_term_string}\"},\"query-input\":{\"@type\":\"PropertyValueSpecification\",\"valueRequired\":true,\"valueName\":\"search_term_string\"}}],\"inLanguage\":\"pt-BR\"},{\"@type\":\"Organization\",\"@id\":\"https:\/\/blogdobispo.com.br\/#organization\",\"name\":\"Blog do Bispo\",\"url\":\"https:\/\/blogdobispo.com.br\/\",\"logo\":{\"@type\":\"ImageObject\",\"inLanguage\":\"pt-BR\",\"@id\":\"https:\/\/blogdobispo.com.br\/#\/schema\/logo\/image\/\",\"url\":\"http:\/\/blogdobispo.com.br\/wp-content\/uploads\/2023\/05\/cropped-headear.png\",\"contentUrl\":\"http:\/\/blogdobispo.com.br\/wp-content\/uploads\/2023\/05\/cropped-headear.png\",\"width\":1500,\"height\":399,\"caption\":\"Blog do Bispo\"},\"image\":{\"@id\":\"https:\/\/blogdobispo.com.br\/#\/schema\/logo\/image\/\"}},{\"@type\":\"Person\",\"@id\":\"https:\/\/blogdobispo.com.br\/#\/schema\/person\/e2209cc0e6cea5c5233d033e997b373f\",\"name\":\"Jefferson Sterfeno\",\"image\":{\"@type\":\"ImageObject\",\"inLanguage\":\"pt-BR\",\"@id\":\"https:\/\/blogdobispo.com.br\/#\/schema\/person\/image\/\",\"url\":\"https:\/\/secure.gravatar.com\/avatar\/0534e84764641168a677026b6d57a3f51dc7ac4db0b4f6186d9cb330d4ee1160?s=96&d=mm&r=g\",\"contentUrl\":\"https:\/\/secure.gravatar.com\/avatar\/0534e84764641168a677026b6d57a3f51dc7ac4db0b4f6186d9cb330d4ee1160?s=96&d=mm&r=g\",\"caption\":\"Jefferson Sterfeno\"},\"sameAs\":[\"http:\/\/blogdobispo.com.br\"],\"url\":\"https:\/\/blogdobispo.com.br\/?author=1\"}]}<\/script>\n<!-- \/ Yoast SEO plugin. -->","yoast_head_json":{"title":"Jean Paul Prates \"pede pra sair' do PT - Blog do Bispo","robots":{"index":"index","follow":"follow","max-snippet":"max-snippet:-1","max-image-preview":"max-image-preview:large","max-video-preview":"max-video-preview:-1"},"canonical":"https:\/\/blogdobispo.com.br\/?p=18580","og_locale":"pt_BR","og_type":"article","og_title":"Jean Paul Prates \"pede pra sair' do PT - Blog do Bispo","og_description":"O ex-senador Jean Paul Prates saiu do PT. Em carta enviada ao presidente nacional do PT, Edinho Silva, o nosso franco-carioca disse que decis\u00e3o foi consolidada ap\u00f3s di\u00e1logo direto e respeitoso&#8221; com F\u00e1tima Bezerra. Prates reafirma &#8220;disposi\u00e7\u00e3o de integrar a chapa majorit\u00e1ria governista ao Senado Federal em 2026&#8221; Leia a nota divulgada na imprensa: O [&hellip;]","og_url":"https:\/\/blogdobispo.com.br\/?p=18580","og_site_name":"Blog do Bispo","article_published_time":"2025-11-24T18:09:28+00:00","og_image":[{"url":"https:\/\/blogdobispo.com.br\/wp-content\/uploads\/2025\/11\/img_7836.png","type":"","width":"","height":""}],"author":"Jefferson Sterfeno","twitter_card":"summary_large_image","twitter_misc":{"Escrito por":"Jefferson Sterfeno","Est. tempo de leitura":"3 minutos"},"schema":{"@context":"https:\/\/schema.org","@graph":[{"@type":"Article","@id":"https:\/\/blogdobispo.com.br\/?p=18580#article","isPartOf":{"@id":"https:\/\/blogdobispo.com.br\/?p=18580"},"author":{"name":"Jefferson Sterfeno","@id":"https:\/\/blogdobispo.com.br\/#\/schema\/person\/e2209cc0e6cea5c5233d033e997b373f"},"headline":"Jean Paul Prates &#8220;pede pra sair&#8217; do PT","datePublished":"2025-11-24T18:09:28+00:00","mainEntityOfPage":{"@id":"https:\/\/blogdobispo.com.br\/?p=18580"},"wordCount":580,"commentCount":0,"publisher":{"@id":"https:\/\/blogdobispo.com.br\/#organization"},"image":{"@id":"https:\/\/blogdobispo.com.br\/?p=18580#primaryimage"},"thumbnailUrl":"https:\/\/i0.wp.com\/blogdobispo.com.br\/wp-content\/uploads\/2025\/11\/img_7836-1.png?fit=389%2C309&ssl=1","articleSection":["diversos"],"inLanguage":"pt-BR","potentialAction":[{"@type":"CommentAction","name":"Comment","target":["https:\/\/blogdobispo.com.br\/?p=18580#respond"]}]},{"@type":"WebPage","@id":"https:\/\/blogdobispo.com.br\/?p=18580","url":"https:\/\/blogdobispo.com.br\/?p=18580","name":"Jean Paul Prates \"pede pra sair' do PT - Blog do Bispo","isPartOf":{"@id":"https:\/\/blogdobispo.com.br\/#website"},"primaryImageOfPage":{"@id":"https:\/\/blogdobispo.com.br\/?p=18580#primaryimage"},"image":{"@id":"https:\/\/blogdobispo.com.br\/?p=18580#primaryimage"},"thumbnailUrl":"https:\/\/i0.wp.com\/blogdobispo.com.br\/wp-content\/uploads\/2025\/11\/img_7836-1.png?fit=389%2C309&ssl=1","datePublished":"2025-11-24T18:09:28+00:00","breadcrumb":{"@id":"https:\/\/blogdobispo.com.br\/?p=18580#breadcrumb"},"inLanguage":"pt-BR","potentialAction":[{"@type":"ReadAction","target":["https:\/\/blogdobispo.com.br\/?p=18580"]}]},{"@type":"ImageObject","inLanguage":"pt-BR","@id":"https:\/\/blogdobispo.com.br\/?p=18580#primaryimage","url":"https:\/\/i0.wp.com\/blogdobispo.com.br\/wp-content\/uploads\/2025\/11\/img_7836-1.png?fit=389%2C309&ssl=1","contentUrl":"https:\/\/i0.wp.com\/blogdobispo.com.br\/wp-content\/uploads\/2025\/11\/img_7836-1.png?fit=389%2C309&ssl=1","width":389,"height":309},{"@type":"BreadcrumbList","@id":"https:\/\/blogdobispo.com.br\/?p=18580#breadcrumb","itemListElement":[{"@type":"ListItem","position":1,"name":"In\u00edcio","item":"https:\/\/blogdobispo.com.br\/"},{"@type":"ListItem","position":2,"name":"Jean Paul Prates &#8220;pede pra sair&#8217; do PT"}]},{"@type":"WebSite","@id":"https:\/\/blogdobispo.com.br\/#website","url":"https:\/\/blogdobispo.com.br\/","name":"Blog do Bispo","description":"Comprometido apenas com o leitor","publisher":{"@id":"https:\/\/blogdobispo.com.br\/#organization"},"potentialAction":[{"@type":"SearchAction","target":{"@type":"EntryPoint","urlTemplate":"https:\/\/blogdobispo.com.br\/?s={search_term_string}"},"query-input":{"@type":"PropertyValueSpecification","valueRequired":true,"valueName":"search_term_string"}}],"inLanguage":"pt-BR"},{"@type":"Organization","@id":"https:\/\/blogdobispo.com.br\/#organization","name":"Blog do Bispo","url":"https:\/\/blogdobispo.com.br\/","logo":{"@type":"ImageObject","inLanguage":"pt-BR","@id":"https:\/\/blogdobispo.com.br\/#\/schema\/logo\/image\/","url":"http:\/\/blogdobispo.com.br\/wp-content\/uploads\/2023\/05\/cropped-headear.png","contentUrl":"http:\/\/blogdobispo.com.br\/wp-content\/uploads\/2023\/05\/cropped-headear.png","width":1500,"height":399,"caption":"Blog do Bispo"},"image":{"@id":"https:\/\/blogdobispo.com.br\/#\/schema\/logo\/image\/"}},{"@type":"Person","@id":"https:\/\/blogdobispo.com.br\/#\/schema\/person\/e2209cc0e6cea5c5233d033e997b373f","name":"Jefferson Sterfeno","image":{"@type":"ImageObject","inLanguage":"pt-BR","@id":"https:\/\/blogdobispo.com.br\/#\/schema\/person\/image\/","url":"https:\/\/secure.gravatar.com\/avatar\/0534e84764641168a677026b6d57a3f51dc7ac4db0b4f6186d9cb330d4ee1160?s=96&d=mm&r=g","contentUrl":"https:\/\/secure.gravatar.com\/avatar\/0534e84764641168a677026b6d57a3f51dc7ac4db0b4f6186d9cb330d4ee1160?s=96&d=mm&r=g","caption":"Jefferson Sterfeno"},"sameAs":["http:\/\/blogdobispo.com.br"],"url":"https:\/\/blogdobispo.com.br\/?author=1"}]}},"featured_image_urls":{"full":["https:\/\/i0.wp.com\/blogdobispo.com.br\/wp-content\/uploads\/2025\/11\/img_7836-1.png?fit=389%2C309&ssl=1",389,309,false],"thumbnail":["https:\/\/i0.wp.com\/blogdobispo.com.br\/wp-content\/uploads\/2025\/11\/img_7836-1.png?resize=150%2C150&ssl=1",150,150,true],"medium":["https:\/\/i0.wp.com\/blogdobispo.com.br\/wp-content\/uploads\/2025\/11\/img_7836-1.png?fit=300%2C238&ssl=1",300,238,true],"medium_large":["https:\/\/i0.wp.com\/blogdobispo.com.br\/wp-content\/uploads\/2025\/11\/img_7836-1.png?fit=389%2C309&ssl=1",389,309,true],"large":["https:\/\/i0.wp.com\/blogdobispo.com.br\/wp-content\/uploads\/2025\/11\/img_7836-1.png?fit=389%2C309&ssl=1",389,309,true],"1536x1536":["https:\/\/i0.wp.com\/blogdobispo.com.br\/wp-content\/uploads\/2025\/11\/img_7836-1.png?fit=389%2C309&ssl=1",389,309,true],"2048x2048":["https:\/\/i0.wp.com\/blogdobispo.com.br\/wp-content\/uploads\/2025\/11\/img_7836-1.png?fit=389%2C309&ssl=1",389,309,true]},"author_info":{"display_name":"Jefferson Sterfeno","author_link":"https:\/\/blogdobispo.com.br\/?author=1"},"category_info":"<a href=\"https:\/\/blogdobispo.com.br\/?cat=1\" rel=\"category\">diversos<\/a>","tag_info":"diversos","comment_count":"0","jetpack_featured_media_url":"https:\/\/i0.wp.com\/blogdobispo.com.br\/wp-content\/uploads\/2025\/11\/img_7836-1.png?fit=389%2C309&ssl=1","jetpack_sharing_enabled":true,"_links":{"self":[{"href":"https:\/\/blogdobispo.com.br\/index.php?rest_route=\/wp\/v2\/posts\/18580","targetHints":{"allow":["GET"]}}],"collection":[{"href":"https:\/\/blogdobispo.com.br\/index.php?rest_route=\/wp\/v2\/posts"}],"about":[{"href":"https:\/\/blogdobispo.com.br\/index.php?rest_route=\/wp\/v2\/types\/post"}],"author":[{"embeddable":true,"href":"https:\/\/blogdobispo.com.br\/index.php?rest_route=\/wp\/v2\/users\/1"}],"replies":[{"embeddable":true,"href":"https:\/\/blogdobispo.com.br\/index.php?rest_route=%2Fwp%2Fv2%2Fcomments&post=18580"}],"version-history":[{"count":0,"href":"https:\/\/blogdobispo.com.br\/index.php?rest_route=\/wp\/v2\/posts\/18580\/revisions"}],"wp:featuredmedia":[{"embeddable":true,"href":"https:\/\/blogdobispo.com.br\/index.php?rest_route=\/wp\/v2\/media\/18579"}],"wp:attachment":[{"href":"https:\/\/blogdobispo.com.br\/index.php?rest_route=%2Fwp%2Fv2%2Fmedia&parent=18580"}],"wp:term":[{"taxonomy":"category","embeddable":true,"href":"https:\/\/blogdobispo.com.br\/index.php?rest_route=%2Fwp%2Fv2%2Fcategories&post=18580"},{"taxonomy":"post_tag","embeddable":true,"href":"https:\/\/blogdobispo.com.br\/index.php?rest_route=%2Fwp%2Fv2%2Ftags&post=18580"}],"curies":[{"name":"wp","href":"https:\/\/api.w.org\/{rel}","templated":true}]}}