{"id":18572,"date":"2025-11-24T16:05:33","date_gmt":"2025-11-24T16:05:33","guid":{"rendered":"https:\/\/blogdobispo.com.br\/?p=18572"},"modified":"2025-11-24T16:05:33","modified_gmt":"2025-11-24T16:05:33","slug":"assembleia-reconhece-generais-com-maior-honraria-do-legislativo-potiguar","status":"publish","type":"post","link":"https:\/\/blogdobispo.com.br\/?p=18572","title":{"rendered":"Assembleia reconhece generais com maior honraria do Legislativo potiguar"},"content":{"rendered":"<p>A Assembleia Legislativa do Rio Grande do Norte promoveu, nesta segunda-feira (24), um momento de reconhecimento e gratid\u00e3o a quem dedicou parte de sua trajet\u00f3ria ao povo potiguar. Em sess\u00e3o solene, os deputados estaduais concederam a maior honraria do Parlamento, o t\u00edtulo de cidad\u00e3o norte-rio-grandense, aos generais de brigada Glauber Rog\u00e9rio Candian e L\u00facio Alves de Souza.<\/p>\n<p>A homenagem simboliza n\u00e3o apenas a concess\u00e3o de um t\u00edtulo, mas o reconhecimento de hist\u00f3rias, gestos e compromissos que ultrapassaram limites institucionais e se conectaram com as necessidades reais da popula\u00e7\u00e3o. Ao falar sobre o General Candian, o deputado Ubaldo Fernandes (PSDB) retomou uma reflex\u00e3o de Lu\u00eds da C\u00e2mara Cascudo para traduzir o sentido da solenidade: \u201cA cidade \u00e9 uma pessoa que acolhe, abra\u00e7a e transforma quem nela vive.\u201d Para o parlamentar, essa frase resume a rela\u00e7\u00e3o constru\u00edda entre o General Candian e o Rio Grande do Norte.<\/p>\n<p>Desde agosto de 2024 \u00e0 frente da 7\u00aa Brigada de Infantaria Motorizada, Brigada Felipe Camar\u00e3o, o general tem exercido sua miss\u00e3o com disciplina, dedica\u00e7\u00e3o e esp\u00edrito p\u00fablico. Sua atua\u00e7\u00e3o na opera\u00e7\u00e3o carro-pipa, respons\u00e1vel por garantir abastecimento de \u00e1gua a mais de 60 munic\u00edpios, foi destacada como exemplo concreto de compromisso humano com quem enfrenta, diariamente, os efeitos da seca. \u201cSua dedica\u00e7\u00e3o ultrapassou o comando militar e alcan\u00e7ou o cotidiano da popula\u00e7\u00e3o. Sua atua\u00e7\u00e3o levou esperan\u00e7a onde antes havia escassez\u201d, declarou Ubaldo Fernandes.<\/p>\n<p>O General L\u00facio Alves de Souza tamb\u00e9m recebeu reconhecimento pela sua contribui\u00e7\u00e3o ao estado. Ao justificar a homenagem, o deputado Luiz Eduardo (PL) expressou o sentimento coletivo da Casa: \u201cHoje, o Rio Grande do Norte escolhe oficialmente como cidad\u00e3o o General de Brigada L\u00facio Alves de Souza, a quem prestamos justos m\u00e9ritos e homenagem.\u201d A entrega do t\u00edtulo refor\u00e7a a rela\u00e7\u00e3o institucional e o respeito ao servi\u00e7o prestado pelo homenageado ao estado e \u00e0s For\u00e7as Armadas brasileiras.<\/p>\n<p>Em nome dos dois agraciados, o General Candian agradeceu a honraria e destacou a import\u00e2ncia simb\u00f3lica do gesto. Recebendo das m\u00e3os dos parlamentares a bandeira do Rio Grande do Norte.<\/p>\n<p>\u201cRecebo essa distin\u00e7\u00e3o com imensa honra, profundo respeito e renovado compromisso com este estado que t\u00e3o bem acolheu a mim e \u00e0 minha fam\u00edlia. Esta homenagem refor\u00e7a os la\u00e7os entre a Assembleia Legislativa do Rio Grande do Norte e o Ex\u00e9rcito Brasileiro e nos inspira a servir ainda mais com responsabilidade, lealdade e dedica\u00e7\u00e3o.\u201d<\/p>\n<p>No final da sess\u00e3o os homenageados receberam a bandeira do Rio Grande do Norte.<\/p>\n<p>&nbsp;<\/p>\n<p><img data-recalc-dims=\"1\" fetchpriority=\"high\" decoding=\"async\" class=\"alignnone size-medium wp-image-18573\" src=\"https:\/\/i0.wp.com\/blogdobispo.com.br\/wp-content\/uploads\/2025\/11\/JOuA9AYWioY5lRGEBHCNLaK2xp6IPvT4ETZD7fNr.jpg?resize=300%2C200\" alt=\"\" width=\"300\" height=\"200\" srcset=\"https:\/\/i0.wp.com\/blogdobispo.com.br\/wp-content\/uploads\/2025\/11\/JOuA9AYWioY5lRGEBHCNLaK2xp6IPvT4ETZD7fNr.jpg?resize=300%2C200&amp;ssl=1 300w, https:\/\/i0.wp.com\/blogdobispo.com.br\/wp-content\/uploads\/2025\/11\/JOuA9AYWioY5lRGEBHCNLaK2xp6IPvT4ETZD7fNr.jpg?resize=1024%2C682&amp;ssl=1 1024w, https:\/\/i0.wp.com\/blogdobispo.com.br\/wp-content\/uploads\/2025\/11\/JOuA9AYWioY5lRGEBHCNLaK2xp6IPvT4ETZD7fNr.jpg?resize=768%2C512&amp;ssl=1 768w, https:\/\/i0.wp.com\/blogdobispo.com.br\/wp-content\/uploads\/2025\/11\/JOuA9AYWioY5lRGEBHCNLaK2xp6IPvT4ETZD7fNr.jpg?resize=1536%2C1024&amp;ssl=1 1536w, https:\/\/i0.wp.com\/blogdobispo.com.br\/wp-content\/uploads\/2025\/11\/JOuA9AYWioY5lRGEBHCNLaK2xp6IPvT4ETZD7fNr.jpg?resize=2048%2C1365&amp;ssl=1 2048w, https:\/\/i0.wp.com\/blogdobispo.com.br\/wp-content\/uploads\/2025\/11\/JOuA9AYWioY5lRGEBHCNLaK2xp6IPvT4ETZD7fNr.jpg?w=1600 1600w, https:\/\/i0.wp.com\/blogdobispo.com.br\/wp-content\/uploads\/2025\/11\/JOuA9AYWioY5lRGEBHCNLaK2xp6IPvT4ETZD7fNr.jpg?w=2400 2400w\" sizes=\"(max-width: 300px) 100vw, 300px\" \/><\/p>\n","protected":false},"excerpt":{"rendered":"<p>A Assembleia Legislativa do Rio Grande do Norte promoveu, nesta segunda-feira (24), um momento de reconhecimento e gratid\u00e3o a quem dedicou parte de sua trajet\u00f3ria ao povo potiguar. Em sess\u00e3o solene, os deputados estaduais concederam a maior honraria do Parlamento, o t\u00edtulo de cidad\u00e3o norte-rio-grandense, aos generais de brigada Glauber Rog\u00e9rio Candian e L\u00facio Alves [&hellip;]<\/p>\n","protected":false},"author":1,"featured_media":18574,"comment_status":"open","ping_status":"open","sticky":false,"template":"","format":"standard","meta":{"cybocfi_hide_featured_image":"","_jetpack_memberships_contains_paid_content":false,"footnotes":""},"categories":[1],"tags":[],"class_list":["post-18572","post","type-post","status-publish","format-standard","has-post-thumbnail","hentry","category-diversos"],"yoast_head":"<!-- This site is optimized with the Yoast SEO plugin v25.6 - https:\/\/yoast.com\/wordpress\/plugins\/seo\/ -->\n<title>Assembleia reconhece generais com maior honraria do Legislativo potiguar - Blog do Bispo<\/title>\n<meta name=\"robots\" content=\"index, follow, max-snippet:-1, max-image-preview:large, max-video-preview:-1\" \/>\n<link rel=\"canonical\" href=\"https:\/\/blogdobispo.com.br\/?p=18572\" \/>\n<meta property=\"og:locale\" content=\"pt_BR\" \/>\n<meta property=\"og:type\" content=\"article\" \/>\n<meta property=\"og:title\" content=\"Assembleia reconhece generais com maior honraria do Legislativo potiguar - Blog do Bispo\" \/>\n<meta property=\"og:description\" content=\"A Assembleia Legislativa do Rio Grande do Norte promoveu, nesta segunda-feira (24), um momento de reconhecimento e gratid\u00e3o a quem dedicou parte de sua trajet\u00f3ria ao povo potiguar. Em sess\u00e3o solene, os deputados estaduais concederam a maior honraria do Parlamento, o t\u00edtulo de cidad\u00e3o norte-rio-grandense, aos generais de brigada Glauber Rog\u00e9rio Candian e L\u00facio Alves [&hellip;]\" \/>\n<meta property=\"og:url\" content=\"https:\/\/blogdobispo.com.br\/?p=18572\" \/>\n<meta property=\"og:site_name\" content=\"Blog do Bispo\" \/>\n<meta property=\"article:published_time\" content=\"2025-11-24T16:05:33+00:00\" \/>\n<meta property=\"og:image\" content=\"http:\/\/blogdobispo.com.br\/wp-content\/uploads\/2025\/11\/JOuA9AYWioY5lRGEBHCNLaK2xp6IPvT4ETZD7fNr-1.jpg\" \/>\n\t<meta property=\"og:image:width\" content=\"2560\" \/>\n\t<meta property=\"og:image:height\" content=\"1706\" \/>\n\t<meta property=\"og:image:type\" content=\"image\/jpeg\" \/>\n<meta name=\"author\" content=\"Jefferson Sterfeno\" \/>\n<meta name=\"twitter:card\" content=\"summary_large_image\" \/>\n<meta name=\"twitter:label1\" content=\"Escrito por\" \/>\n\t<meta name=\"twitter:data1\" content=\"Jefferson Sterfeno\" \/>\n\t<meta name=\"twitter:label2\" content=\"Est. tempo de leitura\" \/>\n\t<meta name=\"twitter:data2\" content=\"3 minutos\" \/>\n<script type=\"application\/ld+json\" class=\"yoast-schema-graph\">{\"@context\":\"https:\/\/schema.org\",\"@graph\":[{\"@type\":\"Article\",\"@id\":\"https:\/\/blogdobispo.com.br\/?p=18572#article\",\"isPartOf\":{\"@id\":\"https:\/\/blogdobispo.com.br\/?p=18572\"},\"author\":{\"name\":\"Jefferson Sterfeno\",\"@id\":\"https:\/\/blogdobispo.com.br\/#\/schema\/person\/e2209cc0e6cea5c5233d033e997b373f\"},\"headline\":\"Assembleia reconhece generais com maior honraria do Legislativo potiguar\",\"datePublished\":\"2025-11-24T16:05:33+00:00\",\"mainEntityOfPage\":{\"@id\":\"https:\/\/blogdobispo.com.br\/?p=18572\"},\"wordCount\":459,\"commentCount\":0,\"publisher\":{\"@id\":\"https:\/\/blogdobispo.com.br\/#organization\"},\"image\":{\"@id\":\"https:\/\/blogdobispo.com.br\/?p=18572#primaryimage\"},\"thumbnailUrl\":\"https:\/\/i0.wp.com\/blogdobispo.com.br\/wp-content\/uploads\/2025\/11\/JOuA9AYWioY5lRGEBHCNLaK2xp6IPvT4ETZD7fNr-1.jpg?fit=2560%2C1706&ssl=1\",\"articleSection\":[\"diversos\"],\"inLanguage\":\"pt-BR\",\"potentialAction\":[{\"@type\":\"CommentAction\",\"name\":\"Comment\",\"target\":[\"https:\/\/blogdobispo.com.br\/?p=18572#respond\"]}]},{\"@type\":\"WebPage\",\"@id\":\"https:\/\/blogdobispo.com.br\/?p=18572\",\"url\":\"https:\/\/blogdobispo.com.br\/?p=18572\",\"name\":\"Assembleia reconhece generais com maior honraria do Legislativo potiguar - Blog do Bispo\",\"isPartOf\":{\"@id\":\"https:\/\/blogdobispo.com.br\/#website\"},\"primaryImageOfPage\":{\"@id\":\"https:\/\/blogdobispo.com.br\/?p=18572#primaryimage\"},\"image\":{\"@id\":\"https:\/\/blogdobispo.com.br\/?p=18572#primaryimage\"},\"thumbnailUrl\":\"https:\/\/i0.wp.com\/blogdobispo.com.br\/wp-content\/uploads\/2025\/11\/JOuA9AYWioY5lRGEBHCNLaK2xp6IPvT4ETZD7fNr-1.jpg?fit=2560%2C1706&ssl=1\",\"datePublished\":\"2025-11-24T16:05:33+00:00\",\"breadcrumb\":{\"@id\":\"https:\/\/blogdobispo.com.br\/?p=18572#breadcrumb\"},\"inLanguage\":\"pt-BR\",\"potentialAction\":[{\"@type\":\"ReadAction\",\"target\":[\"https:\/\/blogdobispo.com.br\/?p=18572\"]}]},{\"@type\":\"ImageObject\",\"inLanguage\":\"pt-BR\",\"@id\":\"https:\/\/blogdobispo.com.br\/?p=18572#primaryimage\",\"url\":\"https:\/\/i0.wp.com\/blogdobispo.com.br\/wp-content\/uploads\/2025\/11\/JOuA9AYWioY5lRGEBHCNLaK2xp6IPvT4ETZD7fNr-1.jpg?fit=2560%2C1706&ssl=1\",\"contentUrl\":\"https:\/\/i0.wp.com\/blogdobispo.com.br\/wp-content\/uploads\/2025\/11\/JOuA9AYWioY5lRGEBHCNLaK2xp6IPvT4ETZD7fNr-1.jpg?fit=2560%2C1706&ssl=1\",\"width\":2560,\"height\":1706},{\"@type\":\"BreadcrumbList\",\"@id\":\"https:\/\/blogdobispo.com.br\/?p=18572#breadcrumb\",\"itemListElement\":[{\"@type\":\"ListItem\",\"position\":1,\"name\":\"In\u00edcio\",\"item\":\"https:\/\/blogdobispo.com.br\/\"},{\"@type\":\"ListItem\",\"position\":2,\"name\":\"Assembleia reconhece generais com maior honraria do Legislativo potiguar\"}]},{\"@type\":\"WebSite\",\"@id\":\"https:\/\/blogdobispo.com.br\/#website\",\"url\":\"https:\/\/blogdobispo.com.br\/\",\"name\":\"Blog do Bispo\",\"description\":\"Comprometido apenas com o leitor\",\"publisher\":{\"@id\":\"https:\/\/blogdobispo.com.br\/#organization\"},\"potentialAction\":[{\"@type\":\"SearchAction\",\"target\":{\"@type\":\"EntryPoint\",\"urlTemplate\":\"https:\/\/blogdobispo.com.br\/?s={search_term_string}\"},\"query-input\":{\"@type\":\"PropertyValueSpecification\",\"valueRequired\":true,\"valueName\":\"search_term_string\"}}],\"inLanguage\":\"pt-BR\"},{\"@type\":\"Organization\",\"@id\":\"https:\/\/blogdobispo.com.br\/#organization\",\"name\":\"Blog do Bispo\",\"url\":\"https:\/\/blogdobispo.com.br\/\",\"logo\":{\"@type\":\"ImageObject\",\"inLanguage\":\"pt-BR\",\"@id\":\"https:\/\/blogdobispo.com.br\/#\/schema\/logo\/image\/\",\"url\":\"http:\/\/blogdobispo.com.br\/wp-content\/uploads\/2023\/05\/cropped-headear.png\",\"contentUrl\":\"http:\/\/blogdobispo.com.br\/wp-content\/uploads\/2023\/05\/cropped-headear.png\",\"width\":1500,\"height\":399,\"caption\":\"Blog do Bispo\"},\"image\":{\"@id\":\"https:\/\/blogdobispo.com.br\/#\/schema\/logo\/image\/\"}},{\"@type\":\"Person\",\"@id\":\"https:\/\/blogdobispo.com.br\/#\/schema\/person\/e2209cc0e6cea5c5233d033e997b373f\",\"name\":\"Jefferson Sterfeno\",\"image\":{\"@type\":\"ImageObject\",\"inLanguage\":\"pt-BR\",\"@id\":\"https:\/\/blogdobispo.com.br\/#\/schema\/person\/image\/\",\"url\":\"https:\/\/secure.gravatar.com\/avatar\/0534e84764641168a677026b6d57a3f51dc7ac4db0b4f6186d9cb330d4ee1160?s=96&d=mm&r=g\",\"contentUrl\":\"https:\/\/secure.gravatar.com\/avatar\/0534e84764641168a677026b6d57a3f51dc7ac4db0b4f6186d9cb330d4ee1160?s=96&d=mm&r=g\",\"caption\":\"Jefferson Sterfeno\"},\"sameAs\":[\"http:\/\/blogdobispo.com.br\"],\"url\":\"https:\/\/blogdobispo.com.br\/?author=1\"}]}<\/script>\n<!-- \/ Yoast SEO plugin. -->","yoast_head_json":{"title":"Assembleia reconhece generais com maior honraria do Legislativo potiguar - Blog do Bispo","robots":{"index":"index","follow":"follow","max-snippet":"max-snippet:-1","max-image-preview":"max-image-preview:large","max-video-preview":"max-video-preview:-1"},"canonical":"https:\/\/blogdobispo.com.br\/?p=18572","og_locale":"pt_BR","og_type":"article","og_title":"Assembleia reconhece generais com maior honraria do Legislativo potiguar - Blog do Bispo","og_description":"A Assembleia Legislativa do Rio Grande do Norte promoveu, nesta segunda-feira (24), um momento de reconhecimento e gratid\u00e3o a quem dedicou parte de sua trajet\u00f3ria ao povo potiguar. Em sess\u00e3o solene, os deputados estaduais concederam a maior honraria do Parlamento, o t\u00edtulo de cidad\u00e3o norte-rio-grandense, aos generais de brigada Glauber Rog\u00e9rio Candian e L\u00facio Alves [&hellip;]","og_url":"https:\/\/blogdobispo.com.br\/?p=18572","og_site_name":"Blog do Bispo","article_published_time":"2025-11-24T16:05:33+00:00","og_image":[{"width":2560,"height":1706,"url":"http:\/\/blogdobispo.com.br\/wp-content\/uploads\/2025\/11\/JOuA9AYWioY5lRGEBHCNLaK2xp6IPvT4ETZD7fNr-1.jpg","type":"image\/jpeg"}],"author":"Jefferson Sterfeno","twitter_card":"summary_large_image","twitter_misc":{"Escrito por":"Jefferson Sterfeno","Est. tempo de leitura":"3 minutos"},"schema":{"@context":"https:\/\/schema.org","@graph":[{"@type":"Article","@id":"https:\/\/blogdobispo.com.br\/?p=18572#article","isPartOf":{"@id":"https:\/\/blogdobispo.com.br\/?p=18572"},"author":{"name":"Jefferson Sterfeno","@id":"https:\/\/blogdobispo.com.br\/#\/schema\/person\/e2209cc0e6cea5c5233d033e997b373f"},"headline":"Assembleia reconhece generais com maior honraria do Legislativo potiguar","datePublished":"2025-11-24T16:05:33+00:00","mainEntityOfPage":{"@id":"https:\/\/blogdobispo.com.br\/?p=18572"},"wordCount":459,"commentCount":0,"publisher":{"@id":"https:\/\/blogdobispo.com.br\/#organization"},"image":{"@id":"https:\/\/blogdobispo.com.br\/?p=18572#primaryimage"},"thumbnailUrl":"https:\/\/i0.wp.com\/blogdobispo.com.br\/wp-content\/uploads\/2025\/11\/JOuA9AYWioY5lRGEBHCNLaK2xp6IPvT4ETZD7fNr-1.jpg?fit=2560%2C1706&ssl=1","articleSection":["diversos"],"inLanguage":"pt-BR","potentialAction":[{"@type":"CommentAction","name":"Comment","target":["https:\/\/blogdobispo.com.br\/?p=18572#respond"]}]},{"@type":"WebPage","@id":"https:\/\/blogdobispo.com.br\/?p=18572","url":"https:\/\/blogdobispo.com.br\/?p=18572","name":"Assembleia reconhece generais com maior honraria do Legislativo potiguar - Blog do Bispo","isPartOf":{"@id":"https:\/\/blogdobispo.com.br\/#website"},"primaryImageOfPage":{"@id":"https:\/\/blogdobispo.com.br\/?p=18572#primaryimage"},"image":{"@id":"https:\/\/blogdobispo.com.br\/?p=18572#primaryimage"},"thumbnailUrl":"https:\/\/i0.wp.com\/blogdobispo.com.br\/wp-content\/uploads\/2025\/11\/JOuA9AYWioY5lRGEBHCNLaK2xp6IPvT4ETZD7fNr-1.jpg?fit=2560%2C1706&ssl=1","datePublished":"2025-11-24T16:05:33+00:00","breadcrumb":{"@id":"https:\/\/blogdobispo.com.br\/?p=18572#breadcrumb"},"inLanguage":"pt-BR","potentialAction":[{"@type":"ReadAction","target":["https:\/\/blogdobispo.com.br\/?p=18572"]}]},{"@type":"ImageObject","inLanguage":"pt-BR","@id":"https:\/\/blogdobispo.com.br\/?p=18572#primaryimage","url":"https:\/\/i0.wp.com\/blogdobispo.com.br\/wp-content\/uploads\/2025\/11\/JOuA9AYWioY5lRGEBHCNLaK2xp6IPvT4ETZD7fNr-1.jpg?fit=2560%2C1706&ssl=1","contentUrl":"https:\/\/i0.wp.com\/blogdobispo.com.br\/wp-content\/uploads\/2025\/11\/JOuA9AYWioY5lRGEBHCNLaK2xp6IPvT4ETZD7fNr-1.jpg?fit=2560%2C1706&ssl=1","width":2560,"height":1706},{"@type":"BreadcrumbList","@id":"https:\/\/blogdobispo.com.br\/?p=18572#breadcrumb","itemListElement":[{"@type":"ListItem","position":1,"name":"In\u00edcio","item":"https:\/\/blogdobispo.com.br\/"},{"@type":"ListItem","position":2,"name":"Assembleia reconhece generais com maior honraria do Legislativo potiguar"}]},{"@type":"WebSite","@id":"https:\/\/blogdobispo.com.br\/#website","url":"https:\/\/blogdobispo.com.br\/","name":"Blog do Bispo","description":"Comprometido apenas com o leitor","publisher":{"@id":"https:\/\/blogdobispo.com.br\/#organization"},"potentialAction":[{"@type":"SearchAction","target":{"@type":"EntryPoint","urlTemplate":"https:\/\/blogdobispo.com.br\/?s={search_term_string}"},"query-input":{"@type":"PropertyValueSpecification","valueRequired":true,"valueName":"search_term_string"}}],"inLanguage":"pt-BR"},{"@type":"Organization","@id":"https:\/\/blogdobispo.com.br\/#organization","name":"Blog do Bispo","url":"https:\/\/blogdobispo.com.br\/","logo":{"@type":"ImageObject","inLanguage":"pt-BR","@id":"https:\/\/blogdobispo.com.br\/#\/schema\/logo\/image\/","url":"http:\/\/blogdobispo.com.br\/wp-content\/uploads\/2023\/05\/cropped-headear.png","contentUrl":"http:\/\/blogdobispo.com.br\/wp-content\/uploads\/2023\/05\/cropped-headear.png","width":1500,"height":399,"caption":"Blog do Bispo"},"image":{"@id":"https:\/\/blogdobispo.com.br\/#\/schema\/logo\/image\/"}},{"@type":"Person","@id":"https:\/\/blogdobispo.com.br\/#\/schema\/person\/e2209cc0e6cea5c5233d033e997b373f","name":"Jefferson Sterfeno","image":{"@type":"ImageObject","inLanguage":"pt-BR","@id":"https:\/\/blogdobispo.com.br\/#\/schema\/person\/image\/","url":"https:\/\/secure.gravatar.com\/avatar\/0534e84764641168a677026b6d57a3f51dc7ac4db0b4f6186d9cb330d4ee1160?s=96&d=mm&r=g","contentUrl":"https:\/\/secure.gravatar.com\/avatar\/0534e84764641168a677026b6d57a3f51dc7ac4db0b4f6186d9cb330d4ee1160?s=96&d=mm&r=g","caption":"Jefferson Sterfeno"},"sameAs":["http:\/\/blogdobispo.com.br"],"url":"https:\/\/blogdobispo.com.br\/?author=1"}]}},"featured_image_urls":{"full":["https:\/\/i0.wp.com\/blogdobispo.com.br\/wp-content\/uploads\/2025\/11\/JOuA9AYWioY5lRGEBHCNLaK2xp6IPvT4ETZD7fNr-1.jpg?fit=2560%2C1706&ssl=1",2560,1706,false],"thumbnail":["https:\/\/i0.wp.com\/blogdobispo.com.br\/wp-content\/uploads\/2025\/11\/JOuA9AYWioY5lRGEBHCNLaK2xp6IPvT4ETZD7fNr-1.jpg?resize=150%2C150&ssl=1",150,150,true],"medium":["https:\/\/i0.wp.com\/blogdobispo.com.br\/wp-content\/uploads\/2025\/11\/JOuA9AYWioY5lRGEBHCNLaK2xp6IPvT4ETZD7fNr-1.jpg?fit=300%2C200&ssl=1",300,200,true],"medium_large":["https:\/\/i0.wp.com\/blogdobispo.com.br\/wp-content\/uploads\/2025\/11\/JOuA9AYWioY5lRGEBHCNLaK2xp6IPvT4ETZD7fNr-1.jpg?fit=768%2C512&ssl=1",768,512,true],"large":["https:\/\/i0.wp.com\/blogdobispo.com.br\/wp-content\/uploads\/2025\/11\/JOuA9AYWioY5lRGEBHCNLaK2xp6IPvT4ETZD7fNr-1.jpg?fit=800%2C533&ssl=1",800,533,true],"1536x1536":["https:\/\/i0.wp.com\/blogdobispo.com.br\/wp-content\/uploads\/2025\/11\/JOuA9AYWioY5lRGEBHCNLaK2xp6IPvT4ETZD7fNr-1.jpg?fit=1536%2C1024&ssl=1",1536,1024,true],"2048x2048":["https:\/\/i0.wp.com\/blogdobispo.com.br\/wp-content\/uploads\/2025\/11\/JOuA9AYWioY5lRGEBHCNLaK2xp6IPvT4ETZD7fNr-1.jpg?fit=2048%2C1365&ssl=1",2048,1365,true]},"author_info":{"display_name":"Jefferson Sterfeno","author_link":"https:\/\/blogdobispo.com.br\/?author=1"},"category_info":"<a href=\"https:\/\/blogdobispo.com.br\/?cat=1\" rel=\"category\">diversos<\/a>","tag_info":"diversos","comment_count":"0","jetpack_featured_media_url":"https:\/\/i0.wp.com\/blogdobispo.com.br\/wp-content\/uploads\/2025\/11\/JOuA9AYWioY5lRGEBHCNLaK2xp6IPvT4ETZD7fNr-1.jpg?fit=2560%2C1706&ssl=1","jetpack_sharing_enabled":true,"_links":{"self":[{"href":"https:\/\/blogdobispo.com.br\/index.php?rest_route=\/wp\/v2\/posts\/18572","targetHints":{"allow":["GET"]}}],"collection":[{"href":"https:\/\/blogdobispo.com.br\/index.php?rest_route=\/wp\/v2\/posts"}],"about":[{"href":"https:\/\/blogdobispo.com.br\/index.php?rest_route=\/wp\/v2\/types\/post"}],"author":[{"embeddable":true,"href":"https:\/\/blogdobispo.com.br\/index.php?rest_route=\/wp\/v2\/users\/1"}],"replies":[{"embeddable":true,"href":"https:\/\/blogdobispo.com.br\/index.php?rest_route=%2Fwp%2Fv2%2Fcomments&post=18572"}],"version-history":[{"count":1,"href":"https:\/\/blogdobispo.com.br\/index.php?rest_route=\/wp\/v2\/posts\/18572\/revisions"}],"predecessor-version":[{"id":18575,"href":"https:\/\/blogdobispo.com.br\/index.php?rest_route=\/wp\/v2\/posts\/18572\/revisions\/18575"}],"wp:featuredmedia":[{"embeddable":true,"href":"https:\/\/blogdobispo.com.br\/index.php?rest_route=\/wp\/v2\/media\/18574"}],"wp:attachment":[{"href":"https:\/\/blogdobispo.com.br\/index.php?rest_route=%2Fwp%2Fv2%2Fmedia&parent=18572"}],"wp:term":[{"taxonomy":"category","embeddable":true,"href":"https:\/\/blogdobispo.com.br\/index.php?rest_route=%2Fwp%2Fv2%2Fcategories&post=18572"},{"taxonomy":"post_tag","embeddable":true,"href":"https:\/\/blogdobispo.com.br\/index.php?rest_route=%2Fwp%2Fv2%2Ftags&post=18572"}],"curies":[{"name":"wp","href":"https:\/\/api.w.org\/{rel}","templated":true}]}}