{"id":18565,"date":"2025-11-21T20:22:50","date_gmt":"2025-11-21T20:22:50","guid":{"rendered":"https:\/\/blogdobispo.com.br\/?p=18565"},"modified":"2025-11-21T20:22:50","modified_gmt":"2025-11-21T20:22:50","slug":"era-uma-vez-a-historia-de-uma-assessora-que-sonhava-em-ser-esposa-de-um-politico","status":"publish","type":"post","link":"https:\/\/blogdobispo.com.br\/?p=18565","title":{"rendered":"Era uma vez a hist\u00f3ria de uma assessora que sonhava em ser esposa de um pol\u00edtico"},"content":{"rendered":"\n<figure class=\"wp-block-image size-large\"><img data-recalc-dims=\"1\" fetchpriority=\"high\" decoding=\"async\" width=\"678\" height=\"452\" src=\"https:\/\/i0.wp.com\/blogdobispo.com.br\/wp-content\/uploads\/2025\/11\/img_7812.jpg?resize=678%2C452&#038;ssl=1\" class=\"wp-image-18563\" srcset=\"https:\/\/i0.wp.com\/blogdobispo.com.br\/wp-content\/uploads\/2025\/11\/img_7812.jpg?w=678&amp;ssl=1 678w, https:\/\/i0.wp.com\/blogdobispo.com.br\/wp-content\/uploads\/2025\/11\/img_7812.jpg?resize=300%2C200&amp;ssl=1 300w\" sizes=\"(max-width: 678px) 100vw, 678px\" \/><\/figure>\n\n\n\n<p class=\"p1\"><\/p>\n\n\n\n<p class=\"p3\">Era uma vez a hist\u00f3ria de uma assessora parlamentar que, ao longo de muitos anos, acreditou que poderia transformar uma rela\u00e7\u00e3o informal com um pol\u00edtico em um compromisso real. Ela se dedicou ao parlamentar de todas as formas poss\u00edveis: esteve ao lado dele nas agendas, nos bastidores, nas viagens e nas articula\u00e7\u00f5es, sempre acreditando que aquela proximidade abriria espa\u00e7o para algo maior.<\/p>\n\n\n\n<p class=\"p3\">O pol\u00edtico, de fato, manteve um relacionamento com ela. Por\u00e9m, segundo pessoas pr\u00f3ximas, jamais demonstrou qualquer inten\u00e7\u00e3o de trocar sua fam\u00edlia pela assessora. O v\u00ednculo permanecia sempre no campo privado, sem reconhecimento e sem perspectivas de evolu\u00e7\u00e3o.<\/p>\n\n\n\n<p class=\"p3\">Com o passar dos anos, a assessora viu sua vida pessoal ser marcada por expectativas frustradas. N\u00e3o conseguiu constituir fam\u00edlia nem levar adiante planos que sempre sonhou. Amigos relatam que ela percebeu ter vivido anos em uma rela\u00e7\u00e3o desigual, que a desgastou emocionalmente e atrasou seu pr\u00f3prio projeto de vida.<\/p>\n\n\n\n<p class=\"p3\">Agora, ap\u00f3s duas d\u00e9cadas envolvida nesse ciclo, ela decidiu encerrar o relacionamento e tentar recuperar o tempo perdido. Como diria Mar\u00edlia Mendon\u00e7a, \u201ca outra sempre vai ser a outra\u201d, e foi essa consci\u00eancia tardia que finalmente a fez virar a p\u00e1gina.<\/p>\n\n\n\n<p class=\"p3\">Depois de 20 anos, ela tenta reescrever sua pr\u00f3pria hist\u00f3ria \u2014 longe das sombras do poder e em busca de uma vida que, por muito tempo, deixou de existir.<\/p>\n\n\n\n<p class=\"p3\">Este texto \u00e9 apenas um conto, qualquer semelhan\u00e7a \u00e9 mera coincid\u00eancia.<\/p>\n","protected":false},"excerpt":{"rendered":"<p>Era uma vez a hist\u00f3ria de uma assessora parlamentar que, ao longo de muitos anos, acreditou que poderia transformar uma rela\u00e7\u00e3o informal com um pol\u00edtico em um compromisso real. Ela se dedicou ao parlamentar de todas as formas poss\u00edveis: esteve ao lado dele nas agendas, nos bastidores, nas viagens e nas articula\u00e7\u00f5es, sempre acreditando que [&hellip;]<\/p>\n","protected":false},"author":1,"featured_media":18564,"comment_status":"open","ping_status":"open","sticky":false,"template":"","format":"standard","meta":{"cybocfi_hide_featured_image":"","_jetpack_memberships_contains_paid_content":false,"footnotes":""},"categories":[1],"tags":[],"class_list":["post-18565","post","type-post","status-publish","format-standard","has-post-thumbnail","hentry","category-diversos"],"yoast_head":"<!-- This site is optimized with the Yoast SEO plugin v25.6 - https:\/\/yoast.com\/wordpress\/plugins\/seo\/ -->\n<title>Era uma vez a hist\u00f3ria de uma assessora que sonhava em ser esposa de um pol\u00edtico - Blog do Bispo<\/title>\n<meta name=\"robots\" content=\"index, follow, max-snippet:-1, max-image-preview:large, max-video-preview:-1\" \/>\n<link rel=\"canonical\" href=\"https:\/\/blogdobispo.com.br\/?p=18565\" \/>\n<meta property=\"og:locale\" content=\"pt_BR\" \/>\n<meta property=\"og:type\" content=\"article\" \/>\n<meta property=\"og:title\" content=\"Era uma vez a hist\u00f3ria de uma assessora que sonhava em ser esposa de um pol\u00edtico - Blog do Bispo\" \/>\n<meta property=\"og:description\" content=\"Era uma vez a hist\u00f3ria de uma assessora parlamentar que, ao longo de muitos anos, acreditou que poderia transformar uma rela\u00e7\u00e3o informal com um pol\u00edtico em um compromisso real. Ela se dedicou ao parlamentar de todas as formas poss\u00edveis: esteve ao lado dele nas agendas, nos bastidores, nas viagens e nas articula\u00e7\u00f5es, sempre acreditando que [&hellip;]\" \/>\n<meta property=\"og:url\" content=\"https:\/\/blogdobispo.com.br\/?p=18565\" \/>\n<meta property=\"og:site_name\" content=\"Blog do Bispo\" \/>\n<meta property=\"article:published_time\" content=\"2025-11-21T20:22:50+00:00\" \/>\n<meta property=\"og:image\" content=\"https:\/\/blogdobispo.com.br\/wp-content\/uploads\/2025\/11\/img_7812.jpg\" \/>\n<meta name=\"author\" content=\"Jefferson Sterfeno\" \/>\n<meta name=\"twitter:card\" content=\"summary_large_image\" \/>\n<meta name=\"twitter:label1\" content=\"Escrito por\" \/>\n\t<meta name=\"twitter:data1\" content=\"Jefferson Sterfeno\" \/>\n\t<meta name=\"twitter:label2\" content=\"Est. tempo de leitura\" \/>\n\t<meta name=\"twitter:data2\" content=\"1 minuto\" \/>\n<script type=\"application\/ld+json\" class=\"yoast-schema-graph\">{\"@context\":\"https:\/\/schema.org\",\"@graph\":[{\"@type\":\"Article\",\"@id\":\"https:\/\/blogdobispo.com.br\/?p=18565#article\",\"isPartOf\":{\"@id\":\"https:\/\/blogdobispo.com.br\/?p=18565\"},\"author\":{\"name\":\"Jefferson Sterfeno\",\"@id\":\"https:\/\/blogdobispo.com.br\/#\/schema\/person\/e2209cc0e6cea5c5233d033e997b373f\"},\"headline\":\"Era uma vez a hist\u00f3ria de uma assessora que sonhava em ser esposa de um pol\u00edtico\",\"datePublished\":\"2025-11-21T20:22:50+00:00\",\"mainEntityOfPage\":{\"@id\":\"https:\/\/blogdobispo.com.br\/?p=18565\"},\"wordCount\":271,\"commentCount\":0,\"publisher\":{\"@id\":\"https:\/\/blogdobispo.com.br\/#organization\"},\"image\":{\"@id\":\"https:\/\/blogdobispo.com.br\/?p=18565#primaryimage\"},\"thumbnailUrl\":\"https:\/\/i0.wp.com\/blogdobispo.com.br\/wp-content\/uploads\/2025\/11\/img_7812-1.jpg?fit=678%2C452&ssl=1\",\"articleSection\":[\"diversos\"],\"inLanguage\":\"pt-BR\",\"potentialAction\":[{\"@type\":\"CommentAction\",\"name\":\"Comment\",\"target\":[\"https:\/\/blogdobispo.com.br\/?p=18565#respond\"]}]},{\"@type\":\"WebPage\",\"@id\":\"https:\/\/blogdobispo.com.br\/?p=18565\",\"url\":\"https:\/\/blogdobispo.com.br\/?p=18565\",\"name\":\"Era uma vez a hist\u00f3ria de uma assessora que sonhava em ser esposa de um pol\u00edtico - Blog do Bispo\",\"isPartOf\":{\"@id\":\"https:\/\/blogdobispo.com.br\/#website\"},\"primaryImageOfPage\":{\"@id\":\"https:\/\/blogdobispo.com.br\/?p=18565#primaryimage\"},\"image\":{\"@id\":\"https:\/\/blogdobispo.com.br\/?p=18565#primaryimage\"},\"thumbnailUrl\":\"https:\/\/i0.wp.com\/blogdobispo.com.br\/wp-content\/uploads\/2025\/11\/img_7812-1.jpg?fit=678%2C452&ssl=1\",\"datePublished\":\"2025-11-21T20:22:50+00:00\",\"breadcrumb\":{\"@id\":\"https:\/\/blogdobispo.com.br\/?p=18565#breadcrumb\"},\"inLanguage\":\"pt-BR\",\"potentialAction\":[{\"@type\":\"ReadAction\",\"target\":[\"https:\/\/blogdobispo.com.br\/?p=18565\"]}]},{\"@type\":\"ImageObject\",\"inLanguage\":\"pt-BR\",\"@id\":\"https:\/\/blogdobispo.com.br\/?p=18565#primaryimage\",\"url\":\"https:\/\/i0.wp.com\/blogdobispo.com.br\/wp-content\/uploads\/2025\/11\/img_7812-1.jpg?fit=678%2C452&ssl=1\",\"contentUrl\":\"https:\/\/i0.wp.com\/blogdobispo.com.br\/wp-content\/uploads\/2025\/11\/img_7812-1.jpg?fit=678%2C452&ssl=1\",\"width\":678,\"height\":452},{\"@type\":\"BreadcrumbList\",\"@id\":\"https:\/\/blogdobispo.com.br\/?p=18565#breadcrumb\",\"itemListElement\":[{\"@type\":\"ListItem\",\"position\":1,\"name\":\"In\u00edcio\",\"item\":\"https:\/\/blogdobispo.com.br\/\"},{\"@type\":\"ListItem\",\"position\":2,\"name\":\"Era uma vez a hist\u00f3ria de uma assessora que sonhava em ser esposa de um pol\u00edtico\"}]},{\"@type\":\"WebSite\",\"@id\":\"https:\/\/blogdobispo.com.br\/#website\",\"url\":\"https:\/\/blogdobispo.com.br\/\",\"name\":\"Blog do Bispo\",\"description\":\"Comprometido apenas com o leitor\",\"publisher\":{\"@id\":\"https:\/\/blogdobispo.com.br\/#organization\"},\"potentialAction\":[{\"@type\":\"SearchAction\",\"target\":{\"@type\":\"EntryPoint\",\"urlTemplate\":\"https:\/\/blogdobispo.com.br\/?s={search_term_string}\"},\"query-input\":{\"@type\":\"PropertyValueSpecification\",\"valueRequired\":true,\"valueName\":\"search_term_string\"}}],\"inLanguage\":\"pt-BR\"},{\"@type\":\"Organization\",\"@id\":\"https:\/\/blogdobispo.com.br\/#organization\",\"name\":\"Blog do Bispo\",\"url\":\"https:\/\/blogdobispo.com.br\/\",\"logo\":{\"@type\":\"ImageObject\",\"inLanguage\":\"pt-BR\",\"@id\":\"https:\/\/blogdobispo.com.br\/#\/schema\/logo\/image\/\",\"url\":\"http:\/\/blogdobispo.com.br\/wp-content\/uploads\/2023\/05\/cropped-headear.png\",\"contentUrl\":\"http:\/\/blogdobispo.com.br\/wp-content\/uploads\/2023\/05\/cropped-headear.png\",\"width\":1500,\"height\":399,\"caption\":\"Blog do Bispo\"},\"image\":{\"@id\":\"https:\/\/blogdobispo.com.br\/#\/schema\/logo\/image\/\"}},{\"@type\":\"Person\",\"@id\":\"https:\/\/blogdobispo.com.br\/#\/schema\/person\/e2209cc0e6cea5c5233d033e997b373f\",\"name\":\"Jefferson Sterfeno\",\"image\":{\"@type\":\"ImageObject\",\"inLanguage\":\"pt-BR\",\"@id\":\"https:\/\/blogdobispo.com.br\/#\/schema\/person\/image\/\",\"url\":\"https:\/\/secure.gravatar.com\/avatar\/0534e84764641168a677026b6d57a3f51dc7ac4db0b4f6186d9cb330d4ee1160?s=96&d=mm&r=g\",\"contentUrl\":\"https:\/\/secure.gravatar.com\/avatar\/0534e84764641168a677026b6d57a3f51dc7ac4db0b4f6186d9cb330d4ee1160?s=96&d=mm&r=g\",\"caption\":\"Jefferson Sterfeno\"},\"sameAs\":[\"http:\/\/blogdobispo.com.br\"],\"url\":\"https:\/\/blogdobispo.com.br\/?author=1\"}]}<\/script>\n<!-- \/ Yoast SEO plugin. -->","yoast_head_json":{"title":"Era uma vez a hist\u00f3ria de uma assessora que sonhava em ser esposa de um pol\u00edtico - Blog do Bispo","robots":{"index":"index","follow":"follow","max-snippet":"max-snippet:-1","max-image-preview":"max-image-preview:large","max-video-preview":"max-video-preview:-1"},"canonical":"https:\/\/blogdobispo.com.br\/?p=18565","og_locale":"pt_BR","og_type":"article","og_title":"Era uma vez a hist\u00f3ria de uma assessora que sonhava em ser esposa de um pol\u00edtico - Blog do Bispo","og_description":"Era uma vez a hist\u00f3ria de uma assessora parlamentar que, ao longo de muitos anos, acreditou que poderia transformar uma rela\u00e7\u00e3o informal com um pol\u00edtico em um compromisso real. Ela se dedicou ao parlamentar de todas as formas poss\u00edveis: esteve ao lado dele nas agendas, nos bastidores, nas viagens e nas articula\u00e7\u00f5es, sempre acreditando que [&hellip;]","og_url":"https:\/\/blogdobispo.com.br\/?p=18565","og_site_name":"Blog do Bispo","article_published_time":"2025-11-21T20:22:50+00:00","og_image":[{"url":"https:\/\/blogdobispo.com.br\/wp-content\/uploads\/2025\/11\/img_7812.jpg","type":"","width":"","height":""}],"author":"Jefferson Sterfeno","twitter_card":"summary_large_image","twitter_misc":{"Escrito por":"Jefferson Sterfeno","Est. tempo de leitura":"1 minuto"},"schema":{"@context":"https:\/\/schema.org","@graph":[{"@type":"Article","@id":"https:\/\/blogdobispo.com.br\/?p=18565#article","isPartOf":{"@id":"https:\/\/blogdobispo.com.br\/?p=18565"},"author":{"name":"Jefferson Sterfeno","@id":"https:\/\/blogdobispo.com.br\/#\/schema\/person\/e2209cc0e6cea5c5233d033e997b373f"},"headline":"Era uma vez a hist\u00f3ria de uma assessora que sonhava em ser esposa de um pol\u00edtico","datePublished":"2025-11-21T20:22:50+00:00","mainEntityOfPage":{"@id":"https:\/\/blogdobispo.com.br\/?p=18565"},"wordCount":271,"commentCount":0,"publisher":{"@id":"https:\/\/blogdobispo.com.br\/#organization"},"image":{"@id":"https:\/\/blogdobispo.com.br\/?p=18565#primaryimage"},"thumbnailUrl":"https:\/\/i0.wp.com\/blogdobispo.com.br\/wp-content\/uploads\/2025\/11\/img_7812-1.jpg?fit=678%2C452&ssl=1","articleSection":["diversos"],"inLanguage":"pt-BR","potentialAction":[{"@type":"CommentAction","name":"Comment","target":["https:\/\/blogdobispo.com.br\/?p=18565#respond"]}]},{"@type":"WebPage","@id":"https:\/\/blogdobispo.com.br\/?p=18565","url":"https:\/\/blogdobispo.com.br\/?p=18565","name":"Era uma vez a hist\u00f3ria de uma assessora que sonhava em ser esposa de um pol\u00edtico - Blog do Bispo","isPartOf":{"@id":"https:\/\/blogdobispo.com.br\/#website"},"primaryImageOfPage":{"@id":"https:\/\/blogdobispo.com.br\/?p=18565#primaryimage"},"image":{"@id":"https:\/\/blogdobispo.com.br\/?p=18565#primaryimage"},"thumbnailUrl":"https:\/\/i0.wp.com\/blogdobispo.com.br\/wp-content\/uploads\/2025\/11\/img_7812-1.jpg?fit=678%2C452&ssl=1","datePublished":"2025-11-21T20:22:50+00:00","breadcrumb":{"@id":"https:\/\/blogdobispo.com.br\/?p=18565#breadcrumb"},"inLanguage":"pt-BR","potentialAction":[{"@type":"ReadAction","target":["https:\/\/blogdobispo.com.br\/?p=18565"]}]},{"@type":"ImageObject","inLanguage":"pt-BR","@id":"https:\/\/blogdobispo.com.br\/?p=18565#primaryimage","url":"https:\/\/i0.wp.com\/blogdobispo.com.br\/wp-content\/uploads\/2025\/11\/img_7812-1.jpg?fit=678%2C452&ssl=1","contentUrl":"https:\/\/i0.wp.com\/blogdobispo.com.br\/wp-content\/uploads\/2025\/11\/img_7812-1.jpg?fit=678%2C452&ssl=1","width":678,"height":452},{"@type":"BreadcrumbList","@id":"https:\/\/blogdobispo.com.br\/?p=18565#breadcrumb","itemListElement":[{"@type":"ListItem","position":1,"name":"In\u00edcio","item":"https:\/\/blogdobispo.com.br\/"},{"@type":"ListItem","position":2,"name":"Era uma vez a hist\u00f3ria de uma assessora que sonhava em ser esposa de um pol\u00edtico"}]},{"@type":"WebSite","@id":"https:\/\/blogdobispo.com.br\/#website","url":"https:\/\/blogdobispo.com.br\/","name":"Blog do Bispo","description":"Comprometido apenas com o leitor","publisher":{"@id":"https:\/\/blogdobispo.com.br\/#organization"},"potentialAction":[{"@type":"SearchAction","target":{"@type":"EntryPoint","urlTemplate":"https:\/\/blogdobispo.com.br\/?s={search_term_string}"},"query-input":{"@type":"PropertyValueSpecification","valueRequired":true,"valueName":"search_term_string"}}],"inLanguage":"pt-BR"},{"@type":"Organization","@id":"https:\/\/blogdobispo.com.br\/#organization","name":"Blog do Bispo","url":"https:\/\/blogdobispo.com.br\/","logo":{"@type":"ImageObject","inLanguage":"pt-BR","@id":"https:\/\/blogdobispo.com.br\/#\/schema\/logo\/image\/","url":"http:\/\/blogdobispo.com.br\/wp-content\/uploads\/2023\/05\/cropped-headear.png","contentUrl":"http:\/\/blogdobispo.com.br\/wp-content\/uploads\/2023\/05\/cropped-headear.png","width":1500,"height":399,"caption":"Blog do Bispo"},"image":{"@id":"https:\/\/blogdobispo.com.br\/#\/schema\/logo\/image\/"}},{"@type":"Person","@id":"https:\/\/blogdobispo.com.br\/#\/schema\/person\/e2209cc0e6cea5c5233d033e997b373f","name":"Jefferson Sterfeno","image":{"@type":"ImageObject","inLanguage":"pt-BR","@id":"https:\/\/blogdobispo.com.br\/#\/schema\/person\/image\/","url":"https:\/\/secure.gravatar.com\/avatar\/0534e84764641168a677026b6d57a3f51dc7ac4db0b4f6186d9cb330d4ee1160?s=96&d=mm&r=g","contentUrl":"https:\/\/secure.gravatar.com\/avatar\/0534e84764641168a677026b6d57a3f51dc7ac4db0b4f6186d9cb330d4ee1160?s=96&d=mm&r=g","caption":"Jefferson Sterfeno"},"sameAs":["http:\/\/blogdobispo.com.br"],"url":"https:\/\/blogdobispo.com.br\/?author=1"}]}},"featured_image_urls":{"full":["https:\/\/i0.wp.com\/blogdobispo.com.br\/wp-content\/uploads\/2025\/11\/img_7812-1.jpg?fit=678%2C452&ssl=1",678,452,false],"thumbnail":["https:\/\/i0.wp.com\/blogdobispo.com.br\/wp-content\/uploads\/2025\/11\/img_7812-1.jpg?resize=150%2C150&ssl=1",150,150,true],"medium":["https:\/\/i0.wp.com\/blogdobispo.com.br\/wp-content\/uploads\/2025\/11\/img_7812-1.jpg?fit=300%2C200&ssl=1",300,200,true],"medium_large":["https:\/\/i0.wp.com\/blogdobispo.com.br\/wp-content\/uploads\/2025\/11\/img_7812-1.jpg?fit=678%2C452&ssl=1",678,452,true],"large":["https:\/\/i0.wp.com\/blogdobispo.com.br\/wp-content\/uploads\/2025\/11\/img_7812-1.jpg?fit=678%2C452&ssl=1",678,452,true],"1536x1536":["https:\/\/i0.wp.com\/blogdobispo.com.br\/wp-content\/uploads\/2025\/11\/img_7812-1.jpg?fit=678%2C452&ssl=1",678,452,true],"2048x2048":["https:\/\/i0.wp.com\/blogdobispo.com.br\/wp-content\/uploads\/2025\/11\/img_7812-1.jpg?fit=678%2C452&ssl=1",678,452,true]},"author_info":{"display_name":"Jefferson Sterfeno","author_link":"https:\/\/blogdobispo.com.br\/?author=1"},"category_info":"<a href=\"https:\/\/blogdobispo.com.br\/?cat=1\" rel=\"category\">diversos<\/a>","tag_info":"diversos","comment_count":"0","jetpack_featured_media_url":"https:\/\/i0.wp.com\/blogdobispo.com.br\/wp-content\/uploads\/2025\/11\/img_7812-1.jpg?fit=678%2C452&ssl=1","jetpack_sharing_enabled":true,"_links":{"self":[{"href":"https:\/\/blogdobispo.com.br\/index.php?rest_route=\/wp\/v2\/posts\/18565","targetHints":{"allow":["GET"]}}],"collection":[{"href":"https:\/\/blogdobispo.com.br\/index.php?rest_route=\/wp\/v2\/posts"}],"about":[{"href":"https:\/\/blogdobispo.com.br\/index.php?rest_route=\/wp\/v2\/types\/post"}],"author":[{"embeddable":true,"href":"https:\/\/blogdobispo.com.br\/index.php?rest_route=\/wp\/v2\/users\/1"}],"replies":[{"embeddable":true,"href":"https:\/\/blogdobispo.com.br\/index.php?rest_route=%2Fwp%2Fv2%2Fcomments&post=18565"}],"version-history":[{"count":0,"href":"https:\/\/blogdobispo.com.br\/index.php?rest_route=\/wp\/v2\/posts\/18565\/revisions"}],"wp:featuredmedia":[{"embeddable":true,"href":"https:\/\/blogdobispo.com.br\/index.php?rest_route=\/wp\/v2\/media\/18564"}],"wp:attachment":[{"href":"https:\/\/blogdobispo.com.br\/index.php?rest_route=%2Fwp%2Fv2%2Fmedia&parent=18565"}],"wp:term":[{"taxonomy":"category","embeddable":true,"href":"https:\/\/blogdobispo.com.br\/index.php?rest_route=%2Fwp%2Fv2%2Fcategories&post=18565"},{"taxonomy":"post_tag","embeddable":true,"href":"https:\/\/blogdobispo.com.br\/index.php?rest_route=%2Fwp%2Fv2%2Ftags&post=18565"}],"curies":[{"name":"wp","href":"https:\/\/api.w.org\/{rel}","templated":true}]}}