{"id":18561,"date":"2025-11-20T15:11:42","date_gmt":"2025-11-20T15:11:42","guid":{"rendered":"https:\/\/blogdobispo.com.br\/?p=18561"},"modified":"2025-11-20T15:36:57","modified_gmt":"2025-11-20T15:36:57","slug":"autor-potiguar-une-educacao-e-tradicao-em-livro-gratuito-sobre-a-historia-da-padroeira-de-natal","status":"publish","type":"post","link":"https:\/\/blogdobispo.com.br\/?p=18561","title":{"rendered":"Autor potiguar une educa\u00e7\u00e3o e tradi\u00e7\u00e3o em livro gratuito sobre a hist\u00f3ria da Padroeira de Natal"},"content":{"rendered":"\n<p><\/p>\n\n\n\n<p>O novo livro infantil \u201cO Milagre que Veio das \u00c1guas\u201d acaba de ser lan\u00e7ado e j\u00e1 se destaca como uma proposta educativa e cultural para crian\u00e7as e fam\u00edlias de Natal. Totalmente online e gratuito, o livrinho apresenta \u2014 em linguagem simples, po\u00e9tica e ilustrada \u2014 a hist\u00f3ria de Nossa Senhora da Apresenta\u00e7\u00e3o, cuja imagem foi encontrada por pescadores no Rio Potengi em 1753 e que mais tarde se tornaria a padroeira da cidade.<\/p>\n\n\n\n<p>Com ilustra\u00e7\u00f5es vibrantes, tra\u00e7os suaves e atmosfera acolhedora, o autor Lincoln Werner reconstr\u00f3i cenas da Natal do s\u00e9culo XVIII: os pescadores, o rio, a vila, a paisagem natural e a devo\u00e7\u00e3o popular. O livro prop\u00f5e uma experi\u00eancia visual e afetiva para apresentar \u00e0s crian\u00e7as um cap\u00edtulo importante da identidade potiguar.<\/p>\n\n\n\n<p>Em um cen\u00e1rio em que crian\u00e7as t\u00eam acesso a uma infinidade de conte\u00fados, muitas vezes sem filtro, a obra se coloca como uma alternativa formativa, que refor\u00e7a valores, mem\u00f3ria cultural, f\u00e9 e pertencimento. Ao revisitar a hist\u00f3ria da padroeira, o livro tamb\u00e9m aproxima as novas gera\u00e7\u00f5es das tradi\u00e7\u00f5es do povo natalense.<\/p>\n\n\n\n<blockquote class=\"wp-block-quote is-layout-flow wp-block-quote-is-layout-flow\">\n<p>\u201cHoje h\u00e1 muita informa\u00e7\u00e3o chegando \u00e0s crian\u00e7as, de todos os lados. Minha ideia foi oferecer um conte\u00fado bom, que educa, que forma e que resgata nossas ra\u00edzes\u201d, explica o autor.<\/p>\n<\/blockquote>\n\n\n\n<p>O livro pode ser acessado gratuitamente no link:<br \/>\ud83d\udd17 https:\/\/lincolnwerner.my.canva.site\/o-milagre-que-veio-das-aguas\/<\/p>\n\n\n\n<p>O autor, de 43 anos, \u00e9 advogado e diretor da Escola do Legislativo \u2018Professora Wilma de Faria\u2019, da C\u00e2mara Municipal de Natal.<\/p>\n\n\n\n<p><\/p>\n\n\n\n<p><\/p>\n\n\n\n<p><\/p>\n\n\n\n<p><\/p>\n\n\n\n<figure class=\"wp-block-image size-large\"><img data-recalc-dims=\"1\" fetchpriority=\"high\" decoding=\"async\" width=\"800\" height=\"800\" src=\"https:\/\/i0.wp.com\/blogdobispo.com.br\/wp-content\/uploads\/2025\/11\/5efb1989-9a0f-4b3a-b77d-1cbc0973117e-1024x1024.jpg?resize=800%2C800&#038;ssl=1\" alt=\"\" class=\"wp-image-18559\" srcset=\"https:\/\/i0.wp.com\/blogdobispo.com.br\/wp-content\/uploads\/2025\/11\/5efb1989-9a0f-4b3a-b77d-1cbc0973117e.jpg?resize=1024%2C1024&amp;ssl=1 1024w, https:\/\/i0.wp.com\/blogdobispo.com.br\/wp-content\/uploads\/2025\/11\/5efb1989-9a0f-4b3a-b77d-1cbc0973117e.jpg?resize=300%2C300&amp;ssl=1 300w, https:\/\/i0.wp.com\/blogdobispo.com.br\/wp-content\/uploads\/2025\/11\/5efb1989-9a0f-4b3a-b77d-1cbc0973117e.jpg?resize=150%2C150&amp;ssl=1 150w, https:\/\/i0.wp.com\/blogdobispo.com.br\/wp-content\/uploads\/2025\/11\/5efb1989-9a0f-4b3a-b77d-1cbc0973117e.jpg?resize=768%2C769&amp;ssl=1 768w, https:\/\/i0.wp.com\/blogdobispo.com.br\/wp-content\/uploads\/2025\/11\/5efb1989-9a0f-4b3a-b77d-1cbc0973117e.jpg?w=1079&amp;ssl=1 1079w\" sizes=\"(max-width: 800px) 100vw, 800px\" \/><\/figure>\n","protected":false},"excerpt":{"rendered":"<p>O novo livro infantil \u201cO Milagre que Veio das \u00c1guas\u201d acaba de ser lan\u00e7ado e j\u00e1 se destaca como uma proposta educativa e cultural para crian\u00e7as e fam\u00edlias de Natal. Totalmente online e gratuito, o livrinho apresenta \u2014 em linguagem simples, po\u00e9tica e ilustrada \u2014 a hist\u00f3ria de Nossa Senhora da Apresenta\u00e7\u00e3o, cuja imagem foi [&hellip;]<\/p>\n","protected":false},"author":1,"featured_media":18560,"comment_status":"open","ping_status":"open","sticky":false,"template":"","format":"standard","meta":{"cybocfi_hide_featured_image":"","_jetpack_memberships_contains_paid_content":false,"footnotes":""},"categories":[1],"tags":[],"class_list":["post-18561","post","type-post","status-publish","format-standard","has-post-thumbnail","hentry","category-diversos"],"yoast_head":"<!-- This site is optimized with the Yoast SEO plugin v25.6 - https:\/\/yoast.com\/wordpress\/plugins\/seo\/ -->\n<title>Autor potiguar une educa\u00e7\u00e3o e tradi\u00e7\u00e3o em livro gratuito sobre a hist\u00f3ria da Padroeira de Natal - Blog do Bispo<\/title>\n<meta name=\"robots\" content=\"index, follow, max-snippet:-1, max-image-preview:large, max-video-preview:-1\" \/>\n<link rel=\"canonical\" href=\"https:\/\/blogdobispo.com.br\/?p=18561\" \/>\n<meta property=\"og:locale\" content=\"pt_BR\" \/>\n<meta property=\"og:type\" content=\"article\" \/>\n<meta property=\"og:title\" content=\"Autor potiguar une educa\u00e7\u00e3o e tradi\u00e7\u00e3o em livro gratuito sobre a hist\u00f3ria da Padroeira de Natal - Blog do Bispo\" \/>\n<meta property=\"og:description\" content=\"O novo livro infantil \u201cO Milagre que Veio das \u00c1guas\u201d acaba de ser lan\u00e7ado e j\u00e1 se destaca como uma proposta educativa e cultural para crian\u00e7as e fam\u00edlias de Natal. Totalmente online e gratuito, o livrinho apresenta \u2014 em linguagem simples, po\u00e9tica e ilustrada \u2014 a hist\u00f3ria de Nossa Senhora da Apresenta\u00e7\u00e3o, cuja imagem foi [&hellip;]\" \/>\n<meta property=\"og:url\" content=\"https:\/\/blogdobispo.com.br\/?p=18561\" \/>\n<meta property=\"og:site_name\" content=\"Blog do Bispo\" \/>\n<meta property=\"article:published_time\" content=\"2025-11-20T15:11:42+00:00\" \/>\n<meta property=\"article:modified_time\" content=\"2025-11-20T15:36:57+00:00\" \/>\n<meta property=\"og:image\" content=\"https:\/\/i0.wp.com\/blogdobispo.com.br\/wp-content\/uploads\/2025\/11\/5efb1989-9a0f-4b3a-b77d-1cbc0973117e-1.jpg?fit=1079%2C1080&ssl=1\" \/>\n\t<meta property=\"og:image:width\" content=\"1079\" \/>\n\t<meta property=\"og:image:height\" content=\"1080\" \/>\n\t<meta property=\"og:image:type\" content=\"image\/jpeg\" \/>\n<meta name=\"author\" content=\"Jefferson Sterfeno\" \/>\n<meta name=\"twitter:card\" content=\"summary_large_image\" \/>\n<meta name=\"twitter:label1\" content=\"Escrito por\" \/>\n\t<meta name=\"twitter:data1\" content=\"Jefferson Sterfeno\" \/>\n\t<meta name=\"twitter:label2\" content=\"Est. tempo de leitura\" \/>\n\t<meta name=\"twitter:data2\" content=\"1 minuto\" \/>\n<script type=\"application\/ld+json\" class=\"yoast-schema-graph\">{\"@context\":\"https:\/\/schema.org\",\"@graph\":[{\"@type\":\"Article\",\"@id\":\"https:\/\/blogdobispo.com.br\/?p=18561#article\",\"isPartOf\":{\"@id\":\"https:\/\/blogdobispo.com.br\/?p=18561\"},\"author\":{\"name\":\"Jefferson Sterfeno\",\"@id\":\"https:\/\/blogdobispo.com.br\/#\/schema\/person\/e2209cc0e6cea5c5233d033e997b373f\"},\"headline\":\"Autor potiguar une educa\u00e7\u00e3o e tradi\u00e7\u00e3o em livro gratuito sobre a hist\u00f3ria da Padroeira de Natal\",\"datePublished\":\"2025-11-20T15:11:42+00:00\",\"dateModified\":\"2025-11-20T15:36:57+00:00\",\"mainEntityOfPage\":{\"@id\":\"https:\/\/blogdobispo.com.br\/?p=18561\"},\"wordCount\":284,\"commentCount\":0,\"publisher\":{\"@id\":\"https:\/\/blogdobispo.com.br\/#organization\"},\"image\":{\"@id\":\"https:\/\/blogdobispo.com.br\/?p=18561#primaryimage\"},\"thumbnailUrl\":\"https:\/\/i0.wp.com\/blogdobispo.com.br\/wp-content\/uploads\/2025\/11\/5efb1989-9a0f-4b3a-b77d-1cbc0973117e-1.jpg?fit=1079%2C1080&ssl=1\",\"articleSection\":[\"diversos\"],\"inLanguage\":\"pt-BR\",\"potentialAction\":[{\"@type\":\"CommentAction\",\"name\":\"Comment\",\"target\":[\"https:\/\/blogdobispo.com.br\/?p=18561#respond\"]}]},{\"@type\":\"WebPage\",\"@id\":\"https:\/\/blogdobispo.com.br\/?p=18561\",\"url\":\"https:\/\/blogdobispo.com.br\/?p=18561\",\"name\":\"Autor potiguar une educa\u00e7\u00e3o e tradi\u00e7\u00e3o em livro gratuito sobre a hist\u00f3ria da Padroeira de Natal - Blog do Bispo\",\"isPartOf\":{\"@id\":\"https:\/\/blogdobispo.com.br\/#website\"},\"primaryImageOfPage\":{\"@id\":\"https:\/\/blogdobispo.com.br\/?p=18561#primaryimage\"},\"image\":{\"@id\":\"https:\/\/blogdobispo.com.br\/?p=18561#primaryimage\"},\"thumbnailUrl\":\"https:\/\/i0.wp.com\/blogdobispo.com.br\/wp-content\/uploads\/2025\/11\/5efb1989-9a0f-4b3a-b77d-1cbc0973117e-1.jpg?fit=1079%2C1080&ssl=1\",\"datePublished\":\"2025-11-20T15:11:42+00:00\",\"dateModified\":\"2025-11-20T15:36:57+00:00\",\"breadcrumb\":{\"@id\":\"https:\/\/blogdobispo.com.br\/?p=18561#breadcrumb\"},\"inLanguage\":\"pt-BR\",\"potentialAction\":[{\"@type\":\"ReadAction\",\"target\":[\"https:\/\/blogdobispo.com.br\/?p=18561\"]}]},{\"@type\":\"ImageObject\",\"inLanguage\":\"pt-BR\",\"@id\":\"https:\/\/blogdobispo.com.br\/?p=18561#primaryimage\",\"url\":\"https:\/\/i0.wp.com\/blogdobispo.com.br\/wp-content\/uploads\/2025\/11\/5efb1989-9a0f-4b3a-b77d-1cbc0973117e-1.jpg?fit=1079%2C1080&ssl=1\",\"contentUrl\":\"https:\/\/i0.wp.com\/blogdobispo.com.br\/wp-content\/uploads\/2025\/11\/5efb1989-9a0f-4b3a-b77d-1cbc0973117e-1.jpg?fit=1079%2C1080&ssl=1\",\"width\":1079,\"height\":1080},{\"@type\":\"BreadcrumbList\",\"@id\":\"https:\/\/blogdobispo.com.br\/?p=18561#breadcrumb\",\"itemListElement\":[{\"@type\":\"ListItem\",\"position\":1,\"name\":\"In\u00edcio\",\"item\":\"https:\/\/blogdobispo.com.br\/\"},{\"@type\":\"ListItem\",\"position\":2,\"name\":\"Autor potiguar une educa\u00e7\u00e3o e tradi\u00e7\u00e3o em livro gratuito sobre a hist\u00f3ria da Padroeira de Natal\"}]},{\"@type\":\"WebSite\",\"@id\":\"https:\/\/blogdobispo.com.br\/#website\",\"url\":\"https:\/\/blogdobispo.com.br\/\",\"name\":\"Blog do Bispo\",\"description\":\"Comprometido apenas com o leitor\",\"publisher\":{\"@id\":\"https:\/\/blogdobispo.com.br\/#organization\"},\"potentialAction\":[{\"@type\":\"SearchAction\",\"target\":{\"@type\":\"EntryPoint\",\"urlTemplate\":\"https:\/\/blogdobispo.com.br\/?s={search_term_string}\"},\"query-input\":{\"@type\":\"PropertyValueSpecification\",\"valueRequired\":true,\"valueName\":\"search_term_string\"}}],\"inLanguage\":\"pt-BR\"},{\"@type\":\"Organization\",\"@id\":\"https:\/\/blogdobispo.com.br\/#organization\",\"name\":\"Blog do Bispo\",\"url\":\"https:\/\/blogdobispo.com.br\/\",\"logo\":{\"@type\":\"ImageObject\",\"inLanguage\":\"pt-BR\",\"@id\":\"https:\/\/blogdobispo.com.br\/#\/schema\/logo\/image\/\",\"url\":\"http:\/\/blogdobispo.com.br\/wp-content\/uploads\/2023\/05\/cropped-headear.png\",\"contentUrl\":\"http:\/\/blogdobispo.com.br\/wp-content\/uploads\/2023\/05\/cropped-headear.png\",\"width\":1500,\"height\":399,\"caption\":\"Blog do Bispo\"},\"image\":{\"@id\":\"https:\/\/blogdobispo.com.br\/#\/schema\/logo\/image\/\"}},{\"@type\":\"Person\",\"@id\":\"https:\/\/blogdobispo.com.br\/#\/schema\/person\/e2209cc0e6cea5c5233d033e997b373f\",\"name\":\"Jefferson Sterfeno\",\"image\":{\"@type\":\"ImageObject\",\"inLanguage\":\"pt-BR\",\"@id\":\"https:\/\/blogdobispo.com.br\/#\/schema\/person\/image\/\",\"url\":\"https:\/\/secure.gravatar.com\/avatar\/0534e84764641168a677026b6d57a3f51dc7ac4db0b4f6186d9cb330d4ee1160?s=96&d=mm&r=g\",\"contentUrl\":\"https:\/\/secure.gravatar.com\/avatar\/0534e84764641168a677026b6d57a3f51dc7ac4db0b4f6186d9cb330d4ee1160?s=96&d=mm&r=g\",\"caption\":\"Jefferson Sterfeno\"},\"sameAs\":[\"http:\/\/blogdobispo.com.br\"],\"url\":\"https:\/\/blogdobispo.com.br\/?author=1\"}]}<\/script>\n<!-- \/ Yoast SEO plugin. -->","yoast_head_json":{"title":"Autor potiguar une educa\u00e7\u00e3o e tradi\u00e7\u00e3o em livro gratuito sobre a hist\u00f3ria da Padroeira de Natal - Blog do Bispo","robots":{"index":"index","follow":"follow","max-snippet":"max-snippet:-1","max-image-preview":"max-image-preview:large","max-video-preview":"max-video-preview:-1"},"canonical":"https:\/\/blogdobispo.com.br\/?p=18561","og_locale":"pt_BR","og_type":"article","og_title":"Autor potiguar une educa\u00e7\u00e3o e tradi\u00e7\u00e3o em livro gratuito sobre a hist\u00f3ria da Padroeira de Natal - Blog do Bispo","og_description":"O novo livro infantil \u201cO Milagre que Veio das \u00c1guas\u201d acaba de ser lan\u00e7ado e j\u00e1 se destaca como uma proposta educativa e cultural para crian\u00e7as e fam\u00edlias de Natal. Totalmente online e gratuito, o livrinho apresenta \u2014 em linguagem simples, po\u00e9tica e ilustrada \u2014 a hist\u00f3ria de Nossa Senhora da Apresenta\u00e7\u00e3o, cuja imagem foi [&hellip;]","og_url":"https:\/\/blogdobispo.com.br\/?p=18561","og_site_name":"Blog do Bispo","article_published_time":"2025-11-20T15:11:42+00:00","article_modified_time":"2025-11-20T15:36:57+00:00","og_image":[{"width":1079,"height":1080,"url":"https:\/\/i0.wp.com\/blogdobispo.com.br\/wp-content\/uploads\/2025\/11\/5efb1989-9a0f-4b3a-b77d-1cbc0973117e-1.jpg?fit=1079%2C1080&ssl=1","type":"image\/jpeg"}],"author":"Jefferson Sterfeno","twitter_card":"summary_large_image","twitter_misc":{"Escrito por":"Jefferson Sterfeno","Est. tempo de leitura":"1 minuto"},"schema":{"@context":"https:\/\/schema.org","@graph":[{"@type":"Article","@id":"https:\/\/blogdobispo.com.br\/?p=18561#article","isPartOf":{"@id":"https:\/\/blogdobispo.com.br\/?p=18561"},"author":{"name":"Jefferson Sterfeno","@id":"https:\/\/blogdobispo.com.br\/#\/schema\/person\/e2209cc0e6cea5c5233d033e997b373f"},"headline":"Autor potiguar une educa\u00e7\u00e3o e tradi\u00e7\u00e3o em livro gratuito sobre a hist\u00f3ria da Padroeira de Natal","datePublished":"2025-11-20T15:11:42+00:00","dateModified":"2025-11-20T15:36:57+00:00","mainEntityOfPage":{"@id":"https:\/\/blogdobispo.com.br\/?p=18561"},"wordCount":284,"commentCount":0,"publisher":{"@id":"https:\/\/blogdobispo.com.br\/#organization"},"image":{"@id":"https:\/\/blogdobispo.com.br\/?p=18561#primaryimage"},"thumbnailUrl":"https:\/\/i0.wp.com\/blogdobispo.com.br\/wp-content\/uploads\/2025\/11\/5efb1989-9a0f-4b3a-b77d-1cbc0973117e-1.jpg?fit=1079%2C1080&ssl=1","articleSection":["diversos"],"inLanguage":"pt-BR","potentialAction":[{"@type":"CommentAction","name":"Comment","target":["https:\/\/blogdobispo.com.br\/?p=18561#respond"]}]},{"@type":"WebPage","@id":"https:\/\/blogdobispo.com.br\/?p=18561","url":"https:\/\/blogdobispo.com.br\/?p=18561","name":"Autor potiguar une educa\u00e7\u00e3o e tradi\u00e7\u00e3o em livro gratuito sobre a hist\u00f3ria da Padroeira de Natal - Blog do Bispo","isPartOf":{"@id":"https:\/\/blogdobispo.com.br\/#website"},"primaryImageOfPage":{"@id":"https:\/\/blogdobispo.com.br\/?p=18561#primaryimage"},"image":{"@id":"https:\/\/blogdobispo.com.br\/?p=18561#primaryimage"},"thumbnailUrl":"https:\/\/i0.wp.com\/blogdobispo.com.br\/wp-content\/uploads\/2025\/11\/5efb1989-9a0f-4b3a-b77d-1cbc0973117e-1.jpg?fit=1079%2C1080&ssl=1","datePublished":"2025-11-20T15:11:42+00:00","dateModified":"2025-11-20T15:36:57+00:00","breadcrumb":{"@id":"https:\/\/blogdobispo.com.br\/?p=18561#breadcrumb"},"inLanguage":"pt-BR","potentialAction":[{"@type":"ReadAction","target":["https:\/\/blogdobispo.com.br\/?p=18561"]}]},{"@type":"ImageObject","inLanguage":"pt-BR","@id":"https:\/\/blogdobispo.com.br\/?p=18561#primaryimage","url":"https:\/\/i0.wp.com\/blogdobispo.com.br\/wp-content\/uploads\/2025\/11\/5efb1989-9a0f-4b3a-b77d-1cbc0973117e-1.jpg?fit=1079%2C1080&ssl=1","contentUrl":"https:\/\/i0.wp.com\/blogdobispo.com.br\/wp-content\/uploads\/2025\/11\/5efb1989-9a0f-4b3a-b77d-1cbc0973117e-1.jpg?fit=1079%2C1080&ssl=1","width":1079,"height":1080},{"@type":"BreadcrumbList","@id":"https:\/\/blogdobispo.com.br\/?p=18561#breadcrumb","itemListElement":[{"@type":"ListItem","position":1,"name":"In\u00edcio","item":"https:\/\/blogdobispo.com.br\/"},{"@type":"ListItem","position":2,"name":"Autor potiguar une educa\u00e7\u00e3o e tradi\u00e7\u00e3o em livro gratuito sobre a hist\u00f3ria da Padroeira de Natal"}]},{"@type":"WebSite","@id":"https:\/\/blogdobispo.com.br\/#website","url":"https:\/\/blogdobispo.com.br\/","name":"Blog do Bispo","description":"Comprometido apenas com o leitor","publisher":{"@id":"https:\/\/blogdobispo.com.br\/#organization"},"potentialAction":[{"@type":"SearchAction","target":{"@type":"EntryPoint","urlTemplate":"https:\/\/blogdobispo.com.br\/?s={search_term_string}"},"query-input":{"@type":"PropertyValueSpecification","valueRequired":true,"valueName":"search_term_string"}}],"inLanguage":"pt-BR"},{"@type":"Organization","@id":"https:\/\/blogdobispo.com.br\/#organization","name":"Blog do Bispo","url":"https:\/\/blogdobispo.com.br\/","logo":{"@type":"ImageObject","inLanguage":"pt-BR","@id":"https:\/\/blogdobispo.com.br\/#\/schema\/logo\/image\/","url":"http:\/\/blogdobispo.com.br\/wp-content\/uploads\/2023\/05\/cropped-headear.png","contentUrl":"http:\/\/blogdobispo.com.br\/wp-content\/uploads\/2023\/05\/cropped-headear.png","width":1500,"height":399,"caption":"Blog do Bispo"},"image":{"@id":"https:\/\/blogdobispo.com.br\/#\/schema\/logo\/image\/"}},{"@type":"Person","@id":"https:\/\/blogdobispo.com.br\/#\/schema\/person\/e2209cc0e6cea5c5233d033e997b373f","name":"Jefferson Sterfeno","image":{"@type":"ImageObject","inLanguage":"pt-BR","@id":"https:\/\/blogdobispo.com.br\/#\/schema\/person\/image\/","url":"https:\/\/secure.gravatar.com\/avatar\/0534e84764641168a677026b6d57a3f51dc7ac4db0b4f6186d9cb330d4ee1160?s=96&d=mm&r=g","contentUrl":"https:\/\/secure.gravatar.com\/avatar\/0534e84764641168a677026b6d57a3f51dc7ac4db0b4f6186d9cb330d4ee1160?s=96&d=mm&r=g","caption":"Jefferson Sterfeno"},"sameAs":["http:\/\/blogdobispo.com.br"],"url":"https:\/\/blogdobispo.com.br\/?author=1"}]}},"featured_image_urls":{"full":["https:\/\/i0.wp.com\/blogdobispo.com.br\/wp-content\/uploads\/2025\/11\/5efb1989-9a0f-4b3a-b77d-1cbc0973117e-1.jpg?fit=1079%2C1080&ssl=1",1079,1080,false],"thumbnail":["https:\/\/i0.wp.com\/blogdobispo.com.br\/wp-content\/uploads\/2025\/11\/5efb1989-9a0f-4b3a-b77d-1cbc0973117e-1.jpg?resize=150%2C150&ssl=1",150,150,true],"medium":["https:\/\/i0.wp.com\/blogdobispo.com.br\/wp-content\/uploads\/2025\/11\/5efb1989-9a0f-4b3a-b77d-1cbc0973117e-1.jpg?fit=300%2C300&ssl=1",300,300,true],"medium_large":["https:\/\/i0.wp.com\/blogdobispo.com.br\/wp-content\/uploads\/2025\/11\/5efb1989-9a0f-4b3a-b77d-1cbc0973117e-1.jpg?fit=768%2C769&ssl=1",768,769,true],"large":["https:\/\/i0.wp.com\/blogdobispo.com.br\/wp-content\/uploads\/2025\/11\/5efb1989-9a0f-4b3a-b77d-1cbc0973117e-1.jpg?fit=800%2C800&ssl=1",800,800,true],"1536x1536":["https:\/\/i0.wp.com\/blogdobispo.com.br\/wp-content\/uploads\/2025\/11\/5efb1989-9a0f-4b3a-b77d-1cbc0973117e-1.jpg?fit=1079%2C1080&ssl=1",1079,1080,true],"2048x2048":["https:\/\/i0.wp.com\/blogdobispo.com.br\/wp-content\/uploads\/2025\/11\/5efb1989-9a0f-4b3a-b77d-1cbc0973117e-1.jpg?fit=1079%2C1080&ssl=1",1079,1080,true]},"author_info":{"display_name":"Jefferson Sterfeno","author_link":"https:\/\/blogdobispo.com.br\/?author=1"},"category_info":"<a href=\"https:\/\/blogdobispo.com.br\/?cat=1\" rel=\"category\">diversos<\/a>","tag_info":"diversos","comment_count":"0","jetpack_featured_media_url":"https:\/\/i0.wp.com\/blogdobispo.com.br\/wp-content\/uploads\/2025\/11\/5efb1989-9a0f-4b3a-b77d-1cbc0973117e-1.jpg?fit=1079%2C1080&ssl=1","jetpack_sharing_enabled":true,"_links":{"self":[{"href":"https:\/\/blogdobispo.com.br\/index.php?rest_route=\/wp\/v2\/posts\/18561","targetHints":{"allow":["GET"]}}],"collection":[{"href":"https:\/\/blogdobispo.com.br\/index.php?rest_route=\/wp\/v2\/posts"}],"about":[{"href":"https:\/\/blogdobispo.com.br\/index.php?rest_route=\/wp\/v2\/types\/post"}],"author":[{"embeddable":true,"href":"https:\/\/blogdobispo.com.br\/index.php?rest_route=\/wp\/v2\/users\/1"}],"replies":[{"embeddable":true,"href":"https:\/\/blogdobispo.com.br\/index.php?rest_route=%2Fwp%2Fv2%2Fcomments&post=18561"}],"version-history":[{"count":1,"href":"https:\/\/blogdobispo.com.br\/index.php?rest_route=\/wp\/v2\/posts\/18561\/revisions"}],"predecessor-version":[{"id":18562,"href":"https:\/\/blogdobispo.com.br\/index.php?rest_route=\/wp\/v2\/posts\/18561\/revisions\/18562"}],"wp:featuredmedia":[{"embeddable":true,"href":"https:\/\/blogdobispo.com.br\/index.php?rest_route=\/wp\/v2\/media\/18560"}],"wp:attachment":[{"href":"https:\/\/blogdobispo.com.br\/index.php?rest_route=%2Fwp%2Fv2%2Fmedia&parent=18561"}],"wp:term":[{"taxonomy":"category","embeddable":true,"href":"https:\/\/blogdobispo.com.br\/index.php?rest_route=%2Fwp%2Fv2%2Fcategories&post=18561"},{"taxonomy":"post_tag","embeddable":true,"href":"https:\/\/blogdobispo.com.br\/index.php?rest_route=%2Fwp%2Fv2%2Ftags&post=18561"}],"curies":[{"name":"wp","href":"https:\/\/api.w.org\/{rel}","templated":true}]}}