{"id":18558,"date":"2025-11-19T21:31:58","date_gmt":"2025-11-19T21:31:58","guid":{"rendered":"https:\/\/blogdobispo.com.br\/?p=18558"},"modified":"2025-11-19T21:31:58","modified_gmt":"2025-11-19T21:31:58","slug":"presidente-eriko-jacome-afirma-compromisso-da-camara-de-natal-com-o-respeito-e-cumprimento-da-justica","status":"publish","type":"post","link":"https:\/\/blogdobispo.com.br\/?p=18558","title":{"rendered":"Presidente Eriko J\u00e1come afirma compromisso da C\u00e2mara de Natal com o respeito e cumprimento da Justi\u00e7a"},"content":{"rendered":"\n<figure class=\"wp-block-image size-large\"><img decoding=\"async\" src=\"file:\/\/\/private\/var\/mobile\/Containers\/Data\/Application\/23BB1B20-7500-4F0D-952C-C76322472613\/tmp\/org.automattic.MediaImageServiceSymlinks\/thumbnail-54b05b39-ba81-4ea1-ac35-50fbfe1a4e28-1242x1024.jpeg\" class=\"wp-image--660834463\"\/><\/figure>\n\n\n\n<p><\/p>\n\n\n\n<p>Em nota oficial divulgada nesta quarta-feira (19), o presidente da C\u00e2mara Municipal de Natal, Eriko J\u00e1come, reafirmou que o Legislativo natalense cumpre integralmente todas as determina\u00e7\u00f5es judiciais e mant\u00e9m di\u00e1logo constante com as autoridades competentes para garantir total conformidade com a lei.<\/p>\n\n\n\n<p>O presidente tamb\u00e9m ressaltou que a C\u00e2mara Municipal de Natal n\u00e3o se responsabiliza por falas, opini\u00f5es ou manifesta\u00e7\u00f5es individuais, sejam de vereadores, servidores ou de cidad\u00e3os, uma vez que cada declara\u00e7\u00e3o p\u00fablica \u00e9 de inteira responsabilidade de quem a profere. A institui\u00e7\u00e3o segue comprometida com seu papel institucional.<\/p>\n\n\n\n<p>Eriko J\u00e1come destacou ainda que, assim que houver autoriza\u00e7\u00e3o e concord\u00e2ncia da Justi\u00e7a, a C\u00e2mara Municipal seguir\u00e1 com o processo de julgamento de cassa\u00e7\u00e3o da vereadora, observando rigorosamente todos os ritos legais e regimentais previstos.<\/p>\n\n\n\n<p>\u201cEstamos obedecendo a todas as orienta\u00e7\u00f5es da Justi\u00e7a e tomando todas as medidas para preservar o bom andamento dos trabalhos. A C\u00e2mara de Natal segue funcionando normalmente, com responsabilidade e respeito \u00e0 legalidade\u201d, afirmou Eriko J\u00e1come.<\/p>\n\n\n\n<p>Apesar dos recentes questionamentos externos, o presidente reiterou que as atividades legislativas continuam ocorrendo regularmente, incluindo sess\u00f5es plen\u00e1rias, reuni\u00f5es das comiss\u00f5es e atos administrativos.<\/p>\n\n\n\n<p>A nota encerra refor\u00e7ando o compromisso da Mesa Diretora com uma gest\u00e3o transparente, segura e rigorosamente alinhada \u00e0s determina\u00e7\u00f5es legais em todos os seus \u00e2mbitos, reafirmando o respeito absoluto \u00e0s institui\u00e7\u00f5es e ao Estado Democr\u00e1tico de Direito.<\/p>\n","protected":false},"excerpt":{"rendered":"<p>Em nota oficial divulgada nesta quarta-feira (19), o presidente da C\u00e2mara Municipal de Natal, Eriko J\u00e1come, reafirmou que o Legislativo natalense cumpre integralmente todas as determina\u00e7\u00f5es judiciais e mant\u00e9m di\u00e1logo constante com as autoridades competentes para garantir total conformidade com a lei. O presidente tamb\u00e9m ressaltou que a C\u00e2mara Municipal de Natal n\u00e3o se responsabiliza [&hellip;]<\/p>\n","protected":false},"author":1,"featured_media":0,"comment_status":"open","ping_status":"open","sticky":false,"template":"","format":"standard","meta":{"cybocfi_hide_featured_image":"","_jetpack_memberships_contains_paid_content":false,"footnotes":""},"categories":[1],"tags":[],"class_list":["post-18558","post","type-post","status-publish","format-standard","hentry","category-diversos"],"yoast_head":"<!-- This site is optimized with the Yoast SEO plugin v25.6 - https:\/\/yoast.com\/wordpress\/plugins\/seo\/ -->\n<title>Presidente Eriko J\u00e1come afirma compromisso da C\u00e2mara de Natal com o respeito e cumprimento da Justi\u00e7a - Blog do Bispo<\/title>\n<meta name=\"robots\" content=\"index, follow, max-snippet:-1, max-image-preview:large, max-video-preview:-1\" \/>\n<link rel=\"canonical\" href=\"https:\/\/blogdobispo.com.br\/?p=18558\" \/>\n<meta property=\"og:locale\" content=\"pt_BR\" \/>\n<meta property=\"og:type\" content=\"article\" \/>\n<meta property=\"og:title\" content=\"Presidente Eriko J\u00e1come afirma compromisso da C\u00e2mara de Natal com o respeito e cumprimento da Justi\u00e7a - Blog do Bispo\" \/>\n<meta property=\"og:description\" content=\"Em nota oficial divulgada nesta quarta-feira (19), o presidente da C\u00e2mara Municipal de Natal, Eriko J\u00e1come, reafirmou que o Legislativo natalense cumpre integralmente todas as determina\u00e7\u00f5es judiciais e mant\u00e9m di\u00e1logo constante com as autoridades competentes para garantir total conformidade com a lei. O presidente tamb\u00e9m ressaltou que a C\u00e2mara Municipal de Natal n\u00e3o se responsabiliza [&hellip;]\" \/>\n<meta property=\"og:url\" content=\"https:\/\/blogdobispo.com.br\/?p=18558\" \/>\n<meta property=\"og:site_name\" content=\"Blog do Bispo\" \/>\n<meta property=\"article:published_time\" content=\"2025-11-19T21:31:58+00:00\" \/>\n<meta property=\"og:image\" content=\"\" \/>\n<meta name=\"author\" content=\"Jefferson Sterfeno\" \/>\n<meta name=\"twitter:card\" content=\"summary_large_image\" \/>\n<meta name=\"twitter:label1\" content=\"Escrito por\" \/>\n\t<meta name=\"twitter:data1\" content=\"Jefferson Sterfeno\" \/>\n\t<meta name=\"twitter:label2\" content=\"Est. tempo de leitura\" \/>\n\t<meta name=\"twitter:data2\" content=\"1 minuto\" \/>\n<script type=\"application\/ld+json\" class=\"yoast-schema-graph\">{\"@context\":\"https:\/\/schema.org\",\"@graph\":[{\"@type\":\"Article\",\"@id\":\"https:\/\/blogdobispo.com.br\/?p=18558#article\",\"isPartOf\":{\"@id\":\"https:\/\/blogdobispo.com.br\/?p=18558\"},\"author\":{\"name\":\"Jefferson Sterfeno\",\"@id\":\"https:\/\/blogdobispo.com.br\/#\/schema\/person\/e2209cc0e6cea5c5233d033e997b373f\"},\"headline\":\"Presidente Eriko J\u00e1come afirma compromisso da C\u00e2mara de Natal com o respeito e cumprimento da Justi\u00e7a\",\"datePublished\":\"2025-11-19T21:31:58+00:00\",\"mainEntityOfPage\":{\"@id\":\"https:\/\/blogdobispo.com.br\/?p=18558\"},\"wordCount\":271,\"commentCount\":0,\"publisher\":{\"@id\":\"https:\/\/blogdobispo.com.br\/#organization\"},\"image\":{\"@id\":\"https:\/\/blogdobispo.com.br\/?p=18558#primaryimage\"},\"thumbnailUrl\":\"file:\/\/\/private\/var\/mobile\/Containers\/Data\/Application\/23BB1B20-7500-4F0D-952C-C76322472613\/tmp\/org.automattic.MediaImageServiceSymlinks\/thumbnail-54b05b39-ba81-4ea1-ac35-50fbfe1a4e28-1242x1024.jpeg\",\"articleSection\":[\"diversos\"],\"inLanguage\":\"pt-BR\",\"potentialAction\":[{\"@type\":\"CommentAction\",\"name\":\"Comment\",\"target\":[\"https:\/\/blogdobispo.com.br\/?p=18558#respond\"]}]},{\"@type\":\"WebPage\",\"@id\":\"https:\/\/blogdobispo.com.br\/?p=18558\",\"url\":\"https:\/\/blogdobispo.com.br\/?p=18558\",\"name\":\"Presidente Eriko J\u00e1come afirma compromisso da C\u00e2mara de Natal com o respeito e cumprimento da Justi\u00e7a - Blog do Bispo\",\"isPartOf\":{\"@id\":\"https:\/\/blogdobispo.com.br\/#website\"},\"primaryImageOfPage\":{\"@id\":\"https:\/\/blogdobispo.com.br\/?p=18558#primaryimage\"},\"image\":{\"@id\":\"https:\/\/blogdobispo.com.br\/?p=18558#primaryimage\"},\"thumbnailUrl\":\"file:\/\/\/private\/var\/mobile\/Containers\/Data\/Application\/23BB1B20-7500-4F0D-952C-C76322472613\/tmp\/org.automattic.MediaImageServiceSymlinks\/thumbnail-54b05b39-ba81-4ea1-ac35-50fbfe1a4e28-1242x1024.jpeg\",\"datePublished\":\"2025-11-19T21:31:58+00:00\",\"breadcrumb\":{\"@id\":\"https:\/\/blogdobispo.com.br\/?p=18558#breadcrumb\"},\"inLanguage\":\"pt-BR\",\"potentialAction\":[{\"@type\":\"ReadAction\",\"target\":[\"https:\/\/blogdobispo.com.br\/?p=18558\"]}]},{\"@type\":\"ImageObject\",\"inLanguage\":\"pt-BR\",\"@id\":\"https:\/\/blogdobispo.com.br\/?p=18558#primaryimage\",\"url\":\"file:\/\/\/private\/var\/mobile\/Containers\/Data\/Application\/23BB1B20-7500-4F0D-952C-C76322472613\/tmp\/org.automattic.MediaImageServiceSymlinks\/thumbnail-54b05b39-ba81-4ea1-ac35-50fbfe1a4e28-1242x1024.jpeg\",\"contentUrl\":\"file:\/\/\/private\/var\/mobile\/Containers\/Data\/Application\/23BB1B20-7500-4F0D-952C-C76322472613\/tmp\/org.automattic.MediaImageServiceSymlinks\/thumbnail-54b05b39-ba81-4ea1-ac35-50fbfe1a4e28-1242x1024.jpeg\"},{\"@type\":\"BreadcrumbList\",\"@id\":\"https:\/\/blogdobispo.com.br\/?p=18558#breadcrumb\",\"itemListElement\":[{\"@type\":\"ListItem\",\"position\":1,\"name\":\"In\u00edcio\",\"item\":\"https:\/\/blogdobispo.com.br\/\"},{\"@type\":\"ListItem\",\"position\":2,\"name\":\"Presidente Eriko J\u00e1come afirma compromisso da C\u00e2mara de Natal com o respeito e cumprimento da Justi\u00e7a\"}]},{\"@type\":\"WebSite\",\"@id\":\"https:\/\/blogdobispo.com.br\/#website\",\"url\":\"https:\/\/blogdobispo.com.br\/\",\"name\":\"Blog do Bispo\",\"description\":\"Comprometido apenas com o leitor\",\"publisher\":{\"@id\":\"https:\/\/blogdobispo.com.br\/#organization\"},\"potentialAction\":[{\"@type\":\"SearchAction\",\"target\":{\"@type\":\"EntryPoint\",\"urlTemplate\":\"https:\/\/blogdobispo.com.br\/?s={search_term_string}\"},\"query-input\":{\"@type\":\"PropertyValueSpecification\",\"valueRequired\":true,\"valueName\":\"search_term_string\"}}],\"inLanguage\":\"pt-BR\"},{\"@type\":\"Organization\",\"@id\":\"https:\/\/blogdobispo.com.br\/#organization\",\"name\":\"Blog do Bispo\",\"url\":\"https:\/\/blogdobispo.com.br\/\",\"logo\":{\"@type\":\"ImageObject\",\"inLanguage\":\"pt-BR\",\"@id\":\"https:\/\/blogdobispo.com.br\/#\/schema\/logo\/image\/\",\"url\":\"http:\/\/blogdobispo.com.br\/wp-content\/uploads\/2023\/05\/cropped-headear.png\",\"contentUrl\":\"http:\/\/blogdobispo.com.br\/wp-content\/uploads\/2023\/05\/cropped-headear.png\",\"width\":1500,\"height\":399,\"caption\":\"Blog do Bispo\"},\"image\":{\"@id\":\"https:\/\/blogdobispo.com.br\/#\/schema\/logo\/image\/\"}},{\"@type\":\"Person\",\"@id\":\"https:\/\/blogdobispo.com.br\/#\/schema\/person\/e2209cc0e6cea5c5233d033e997b373f\",\"name\":\"Jefferson Sterfeno\",\"image\":{\"@type\":\"ImageObject\",\"inLanguage\":\"pt-BR\",\"@id\":\"https:\/\/blogdobispo.com.br\/#\/schema\/person\/image\/\",\"url\":\"https:\/\/secure.gravatar.com\/avatar\/0534e84764641168a677026b6d57a3f51dc7ac4db0b4f6186d9cb330d4ee1160?s=96&d=mm&r=g\",\"contentUrl\":\"https:\/\/secure.gravatar.com\/avatar\/0534e84764641168a677026b6d57a3f51dc7ac4db0b4f6186d9cb330d4ee1160?s=96&d=mm&r=g\",\"caption\":\"Jefferson Sterfeno\"},\"sameAs\":[\"http:\/\/blogdobispo.com.br\"],\"url\":\"https:\/\/blogdobispo.com.br\/?author=1\"}]}<\/script>\n<!-- \/ Yoast SEO plugin. -->","yoast_head_json":{"title":"Presidente Eriko J\u00e1come afirma compromisso da C\u00e2mara de Natal com o respeito e cumprimento da Justi\u00e7a - Blog do Bispo","robots":{"index":"index","follow":"follow","max-snippet":"max-snippet:-1","max-image-preview":"max-image-preview:large","max-video-preview":"max-video-preview:-1"},"canonical":"https:\/\/blogdobispo.com.br\/?p=18558","og_locale":"pt_BR","og_type":"article","og_title":"Presidente Eriko J\u00e1come afirma compromisso da C\u00e2mara de Natal com o respeito e cumprimento da Justi\u00e7a - Blog do Bispo","og_description":"Em nota oficial divulgada nesta quarta-feira (19), o presidente da C\u00e2mara Municipal de Natal, Eriko J\u00e1come, reafirmou que o Legislativo natalense cumpre integralmente todas as determina\u00e7\u00f5es judiciais e mant\u00e9m di\u00e1logo constante com as autoridades competentes para garantir total conformidade com a lei. O presidente tamb\u00e9m ressaltou que a C\u00e2mara Municipal de Natal n\u00e3o se responsabiliza [&hellip;]","og_url":"https:\/\/blogdobispo.com.br\/?p=18558","og_site_name":"Blog do Bispo","article_published_time":"2025-11-19T21:31:58+00:00","og_image":[{"url":"file:\/\/\/private\/var\/mobile\/Containers\/Data\/Application\/23BB1B20-7500-4F0D-952C-C76322472613\/tmp\/org.automattic.MediaImageServiceSymlinks\/thumbnail-54b05b39-ba81-4ea1-ac35-50fbfe1a4e28-1242x1024.jpeg","type":"","width":"","height":""}],"author":"Jefferson Sterfeno","twitter_card":"summary_large_image","twitter_misc":{"Escrito por":"Jefferson Sterfeno","Est. tempo de leitura":"1 minuto"},"schema":{"@context":"https:\/\/schema.org","@graph":[{"@type":"Article","@id":"https:\/\/blogdobispo.com.br\/?p=18558#article","isPartOf":{"@id":"https:\/\/blogdobispo.com.br\/?p=18558"},"author":{"name":"Jefferson Sterfeno","@id":"https:\/\/blogdobispo.com.br\/#\/schema\/person\/e2209cc0e6cea5c5233d033e997b373f"},"headline":"Presidente Eriko J\u00e1come afirma compromisso da C\u00e2mara de Natal com o respeito e cumprimento da Justi\u00e7a","datePublished":"2025-11-19T21:31:58+00:00","mainEntityOfPage":{"@id":"https:\/\/blogdobispo.com.br\/?p=18558"},"wordCount":271,"commentCount":0,"publisher":{"@id":"https:\/\/blogdobispo.com.br\/#organization"},"image":{"@id":"https:\/\/blogdobispo.com.br\/?p=18558#primaryimage"},"thumbnailUrl":"file:\/\/\/private\/var\/mobile\/Containers\/Data\/Application\/23BB1B20-7500-4F0D-952C-C76322472613\/tmp\/org.automattic.MediaImageServiceSymlinks\/thumbnail-54b05b39-ba81-4ea1-ac35-50fbfe1a4e28-1242x1024.jpeg","articleSection":["diversos"],"inLanguage":"pt-BR","potentialAction":[{"@type":"CommentAction","name":"Comment","target":["https:\/\/blogdobispo.com.br\/?p=18558#respond"]}]},{"@type":"WebPage","@id":"https:\/\/blogdobispo.com.br\/?p=18558","url":"https:\/\/blogdobispo.com.br\/?p=18558","name":"Presidente Eriko J\u00e1come afirma compromisso da C\u00e2mara de Natal com o respeito e cumprimento da Justi\u00e7a - Blog do Bispo","isPartOf":{"@id":"https:\/\/blogdobispo.com.br\/#website"},"primaryImageOfPage":{"@id":"https:\/\/blogdobispo.com.br\/?p=18558#primaryimage"},"image":{"@id":"https:\/\/blogdobispo.com.br\/?p=18558#primaryimage"},"thumbnailUrl":"file:\/\/\/private\/var\/mobile\/Containers\/Data\/Application\/23BB1B20-7500-4F0D-952C-C76322472613\/tmp\/org.automattic.MediaImageServiceSymlinks\/thumbnail-54b05b39-ba81-4ea1-ac35-50fbfe1a4e28-1242x1024.jpeg","datePublished":"2025-11-19T21:31:58+00:00","breadcrumb":{"@id":"https:\/\/blogdobispo.com.br\/?p=18558#breadcrumb"},"inLanguage":"pt-BR","potentialAction":[{"@type":"ReadAction","target":["https:\/\/blogdobispo.com.br\/?p=18558"]}]},{"@type":"ImageObject","inLanguage":"pt-BR","@id":"https:\/\/blogdobispo.com.br\/?p=18558#primaryimage","url":"file:\/\/\/private\/var\/mobile\/Containers\/Data\/Application\/23BB1B20-7500-4F0D-952C-C76322472613\/tmp\/org.automattic.MediaImageServiceSymlinks\/thumbnail-54b05b39-ba81-4ea1-ac35-50fbfe1a4e28-1242x1024.jpeg","contentUrl":"file:\/\/\/private\/var\/mobile\/Containers\/Data\/Application\/23BB1B20-7500-4F0D-952C-C76322472613\/tmp\/org.automattic.MediaImageServiceSymlinks\/thumbnail-54b05b39-ba81-4ea1-ac35-50fbfe1a4e28-1242x1024.jpeg"},{"@type":"BreadcrumbList","@id":"https:\/\/blogdobispo.com.br\/?p=18558#breadcrumb","itemListElement":[{"@type":"ListItem","position":1,"name":"In\u00edcio","item":"https:\/\/blogdobispo.com.br\/"},{"@type":"ListItem","position":2,"name":"Presidente Eriko J\u00e1come afirma compromisso da C\u00e2mara de Natal com o respeito e cumprimento da Justi\u00e7a"}]},{"@type":"WebSite","@id":"https:\/\/blogdobispo.com.br\/#website","url":"https:\/\/blogdobispo.com.br\/","name":"Blog do Bispo","description":"Comprometido apenas com o leitor","publisher":{"@id":"https:\/\/blogdobispo.com.br\/#organization"},"potentialAction":[{"@type":"SearchAction","target":{"@type":"EntryPoint","urlTemplate":"https:\/\/blogdobispo.com.br\/?s={search_term_string}"},"query-input":{"@type":"PropertyValueSpecification","valueRequired":true,"valueName":"search_term_string"}}],"inLanguage":"pt-BR"},{"@type":"Organization","@id":"https:\/\/blogdobispo.com.br\/#organization","name":"Blog do Bispo","url":"https:\/\/blogdobispo.com.br\/","logo":{"@type":"ImageObject","inLanguage":"pt-BR","@id":"https:\/\/blogdobispo.com.br\/#\/schema\/logo\/image\/","url":"http:\/\/blogdobispo.com.br\/wp-content\/uploads\/2023\/05\/cropped-headear.png","contentUrl":"http:\/\/blogdobispo.com.br\/wp-content\/uploads\/2023\/05\/cropped-headear.png","width":1500,"height":399,"caption":"Blog do Bispo"},"image":{"@id":"https:\/\/blogdobispo.com.br\/#\/schema\/logo\/image\/"}},{"@type":"Person","@id":"https:\/\/blogdobispo.com.br\/#\/schema\/person\/e2209cc0e6cea5c5233d033e997b373f","name":"Jefferson Sterfeno","image":{"@type":"ImageObject","inLanguage":"pt-BR","@id":"https:\/\/blogdobispo.com.br\/#\/schema\/person\/image\/","url":"https:\/\/secure.gravatar.com\/avatar\/0534e84764641168a677026b6d57a3f51dc7ac4db0b4f6186d9cb330d4ee1160?s=96&d=mm&r=g","contentUrl":"https:\/\/secure.gravatar.com\/avatar\/0534e84764641168a677026b6d57a3f51dc7ac4db0b4f6186d9cb330d4ee1160?s=96&d=mm&r=g","caption":"Jefferson Sterfeno"},"sameAs":["http:\/\/blogdobispo.com.br"],"url":"https:\/\/blogdobispo.com.br\/?author=1"}]}},"featured_image_urls":{"full":"","thumbnail":"","medium":"","medium_large":"","large":"","1536x1536":"","2048x2048":""},"author_info":{"display_name":"Jefferson Sterfeno","author_link":"https:\/\/blogdobispo.com.br\/?author=1"},"category_info":"<a href=\"https:\/\/blogdobispo.com.br\/?cat=1\" rel=\"category\">diversos<\/a>","tag_info":"diversos","comment_count":"0","jetpack_featured_media_url":"","jetpack_sharing_enabled":true,"_links":{"self":[{"href":"https:\/\/blogdobispo.com.br\/index.php?rest_route=\/wp\/v2\/posts\/18558","targetHints":{"allow":["GET"]}}],"collection":[{"href":"https:\/\/blogdobispo.com.br\/index.php?rest_route=\/wp\/v2\/posts"}],"about":[{"href":"https:\/\/blogdobispo.com.br\/index.php?rest_route=\/wp\/v2\/types\/post"}],"author":[{"embeddable":true,"href":"https:\/\/blogdobispo.com.br\/index.php?rest_route=\/wp\/v2\/users\/1"}],"replies":[{"embeddable":true,"href":"https:\/\/blogdobispo.com.br\/index.php?rest_route=%2Fwp%2Fv2%2Fcomments&post=18558"}],"version-history":[{"count":0,"href":"https:\/\/blogdobispo.com.br\/index.php?rest_route=\/wp\/v2\/posts\/18558\/revisions"}],"wp:attachment":[{"href":"https:\/\/blogdobispo.com.br\/index.php?rest_route=%2Fwp%2Fv2%2Fmedia&parent=18558"}],"wp:term":[{"taxonomy":"category","embeddable":true,"href":"https:\/\/blogdobispo.com.br\/index.php?rest_route=%2Fwp%2Fv2%2Fcategories&post=18558"},{"taxonomy":"post_tag","embeddable":true,"href":"https:\/\/blogdobispo.com.br\/index.php?rest_route=%2Fwp%2Fv2%2Ftags&post=18558"}],"curies":[{"name":"wp","href":"https:\/\/api.w.org\/{rel}","templated":true}]}}