{"id":18555,"date":"2025-11-19T01:37:23","date_gmt":"2025-11-19T01:37:23","guid":{"rendered":"https:\/\/blogdobispo.com.br\/?p=18555"},"modified":"2025-11-19T01:37:23","modified_gmt":"2025-11-19T01:37:23","slug":"lei-do-deputado-coronel-azevedo-cria-o-dia-estadual-de-combate-a-maconha-no-rio-grande-do-norte","status":"publish","type":"post","link":"https:\/\/blogdobispo.com.br\/?p=18555","title":{"rendered":"Lei do Deputado Coronel Azevedo cria o Dia Estadual de Combate \u00e0 Maconha no Rio Grande do Norte"},"content":{"rendered":"\n<figure class=\"wp-block-image size-large\"><img data-recalc-dims=\"1\" fetchpriority=\"high\" decoding=\"async\" width=\"800\" height=\"534\" src=\"https:\/\/i0.wp.com\/blogdobispo.com.br\/wp-content\/uploads\/2025\/11\/d03c06bb-69ab-47e0-a899-4205292d2931-1024x683.jpg?resize=800%2C534&#038;ssl=1\" class=\"wp-image-18553\" srcset=\"https:\/\/i0.wp.com\/blogdobispo.com.br\/wp-content\/uploads\/2025\/11\/d03c06bb-69ab-47e0-a899-4205292d2931.jpg?resize=1024%2C683&amp;ssl=1 1024w, https:\/\/i0.wp.com\/blogdobispo.com.br\/wp-content\/uploads\/2025\/11\/d03c06bb-69ab-47e0-a899-4205292d2931.jpg?resize=300%2C200&amp;ssl=1 300w, https:\/\/i0.wp.com\/blogdobispo.com.br\/wp-content\/uploads\/2025\/11\/d03c06bb-69ab-47e0-a899-4205292d2931.jpg?resize=768%2C512&amp;ssl=1 768w, https:\/\/i0.wp.com\/blogdobispo.com.br\/wp-content\/uploads\/2025\/11\/d03c06bb-69ab-47e0-a899-4205292d2931.jpg?w=1280&amp;ssl=1 1280w\" sizes=\"(max-width: 800px) 100vw, 800px\" \/><\/figure>\n\n\n\n<p><\/p>\n\n\n\n<p>A Assembleia Legislativa do Rio Grande do Norte promulgou a Lei n\u00ba 12.507, de autoria do deputado estadual Coronel Azevedo, que institui o Dia Estadual de Combate \u00e0 Maconha, a ser celebrado anualmente em 29 de agosto em todo o estado. A norma foi oficialmente promulgada e j\u00e1 entra em vigor na data de sua publica\u00e7\u00e3o.<\/p>\n\n\n\n<p>A proposi\u00e7\u00e3o surgiu em resposta a um apelo do Conselho Federal de Medicina (CFM) e da Associa\u00e7\u00e3o Brasileira de Psiquiatria (ABP), que publicaram nota conjunta alertando a sociedade para iniciativas do governo do PT que buscam descriminalizar a maconha no Brasil. As entidades m\u00e9dicas destacaram os graves riscos associados ao consumo da droga e defenderam a\u00e7\u00f5es concretas de preven\u00e7\u00e3o e conscientiza\u00e7\u00e3o.<\/p>\n\n\n\n<p>\u00c9 importante destacar que a governadora F\u00e1tima Bezerra (PT) n\u00e3o sancionou a proposta. Com isso, obedecendo a Constitui\u00e7\u00e3o Estadual, a Assembleia Legislativa promulgou a Lei, garantindo sua vig\u00eancia e assegurando a implementa\u00e7\u00e3o da pol\u00edtica p\u00fablica defendida pelo deputado Coronel Azevedo.<\/p>\n\n\n\n<p>A legisla\u00e7\u00e3o refor\u00e7a o compromisso do parlamentar com iniciativas de preven\u00e7\u00e3o ao uso de drogas, ampliando a\u00e7\u00f5es educativas e de conscientiza\u00e7\u00e3o sobre os riscos associados ao consumo da maconha, droga il\u00edcita que, segundo o deputado, tem causado impactos diretos na seguran\u00e7a p\u00fablica, na sa\u00fade e na vida de in\u00fameras fam\u00edlias potiguares.<\/p>\n\n\n\n<p>A Lei determina que a Secretaria Estadual de Sa\u00fade promova campanhas educativas na semana que antecede a data oficial, alertando a popula\u00e7\u00e3o sobre os malef\u00edcios do uso da maconha. O texto ainda estabelece que a medida n\u00e3o se aplica aos subprodutos medicinais da cannabis aprovados pela Anvisa, garantindo clareza jur\u00eddica e foco exclusivo na preven\u00e7\u00e3o ao consumo il\u00edcito da droga.<\/p>\n\n\n\n<p>Com a promulga\u00e7\u00e3o, o Rio Grande do Norte passa a contar oficialmente com uma data dedicada ao enfrentamento da maconha, fortalecendo a\u00e7\u00f5es de preven\u00e7\u00e3o e ampliando o debate sobre prote\u00e7\u00e3o social, sa\u00fade e seguran\u00e7a.<\/p>\n","protected":false},"excerpt":{"rendered":"<p>A Assembleia Legislativa do Rio Grande do Norte promulgou a Lei n\u00ba 12.507, de autoria do deputado estadual Coronel Azevedo, que institui o Dia Estadual de Combate \u00e0 Maconha, a ser celebrado anualmente em 29 de agosto em todo o estado. A norma foi oficialmente promulgada e j\u00e1 entra em vigor na data de sua [&hellip;]<\/p>\n","protected":false},"author":1,"featured_media":18554,"comment_status":"open","ping_status":"open","sticky":false,"template":"","format":"standard","meta":{"cybocfi_hide_featured_image":"","_jetpack_memberships_contains_paid_content":false,"footnotes":""},"categories":[1],"tags":[],"class_list":["post-18555","post","type-post","status-publish","format-standard","has-post-thumbnail","hentry","category-diversos"],"yoast_head":"<!-- This site is optimized with the Yoast SEO plugin v25.6 - https:\/\/yoast.com\/wordpress\/plugins\/seo\/ -->\n<title>Lei do Deputado Coronel Azevedo cria o Dia Estadual de Combate \u00e0 Maconha no Rio Grande do Norte - Blog do Bispo<\/title>\n<meta name=\"robots\" content=\"index, follow, max-snippet:-1, max-image-preview:large, max-video-preview:-1\" \/>\n<link rel=\"canonical\" href=\"https:\/\/blogdobispo.com.br\/?p=18555\" \/>\n<meta property=\"og:locale\" content=\"pt_BR\" \/>\n<meta property=\"og:type\" content=\"article\" \/>\n<meta property=\"og:title\" content=\"Lei do Deputado Coronel Azevedo cria o Dia Estadual de Combate \u00e0 Maconha no Rio Grande do Norte - Blog do Bispo\" \/>\n<meta property=\"og:description\" content=\"A Assembleia Legislativa do Rio Grande do Norte promulgou a Lei n\u00ba 12.507, de autoria do deputado estadual Coronel Azevedo, que institui o Dia Estadual de Combate \u00e0 Maconha, a ser celebrado anualmente em 29 de agosto em todo o estado. A norma foi oficialmente promulgada e j\u00e1 entra em vigor na data de sua [&hellip;]\" \/>\n<meta property=\"og:url\" content=\"https:\/\/blogdobispo.com.br\/?p=18555\" \/>\n<meta property=\"og:site_name\" content=\"Blog do Bispo\" \/>\n<meta property=\"article:published_time\" content=\"2025-11-19T01:37:23+00:00\" \/>\n<meta property=\"og:image\" content=\"https:\/\/blogdobispo.com.br\/wp-content\/uploads\/2025\/11\/d03c06bb-69ab-47e0-a899-4205292d2931-1024x683.jpg\" \/>\n<meta name=\"author\" content=\"Jefferson Sterfeno\" \/>\n<meta name=\"twitter:card\" content=\"summary_large_image\" \/>\n<meta name=\"twitter:label1\" content=\"Escrito por\" \/>\n\t<meta name=\"twitter:data1\" content=\"Jefferson Sterfeno\" \/>\n\t<meta name=\"twitter:label2\" content=\"Est. tempo de leitura\" \/>\n\t<meta name=\"twitter:data2\" content=\"2 minutos\" \/>\n<script type=\"application\/ld+json\" class=\"yoast-schema-graph\">{\"@context\":\"https:\/\/schema.org\",\"@graph\":[{\"@type\":\"Article\",\"@id\":\"https:\/\/blogdobispo.com.br\/?p=18555#article\",\"isPartOf\":{\"@id\":\"https:\/\/blogdobispo.com.br\/?p=18555\"},\"author\":{\"name\":\"Jefferson Sterfeno\",\"@id\":\"https:\/\/blogdobispo.com.br\/#\/schema\/person\/e2209cc0e6cea5c5233d033e997b373f\"},\"headline\":\"Lei do Deputado Coronel Azevedo cria o Dia Estadual de Combate \u00e0 Maconha no Rio Grande do Norte\",\"datePublished\":\"2025-11-19T01:37:23+00:00\",\"mainEntityOfPage\":{\"@id\":\"https:\/\/blogdobispo.com.br\/?p=18555\"},\"wordCount\":353,\"commentCount\":0,\"publisher\":{\"@id\":\"https:\/\/blogdobispo.com.br\/#organization\"},\"image\":{\"@id\":\"https:\/\/blogdobispo.com.br\/?p=18555#primaryimage\"},\"thumbnailUrl\":\"https:\/\/i0.wp.com\/blogdobispo.com.br\/wp-content\/uploads\/2025\/11\/d03c06bb-69ab-47e0-a899-4205292d2931-1.jpg?fit=1280%2C854&ssl=1\",\"articleSection\":[\"diversos\"],\"inLanguage\":\"pt-BR\",\"potentialAction\":[{\"@type\":\"CommentAction\",\"name\":\"Comment\",\"target\":[\"https:\/\/blogdobispo.com.br\/?p=18555#respond\"]}]},{\"@type\":\"WebPage\",\"@id\":\"https:\/\/blogdobispo.com.br\/?p=18555\",\"url\":\"https:\/\/blogdobispo.com.br\/?p=18555\",\"name\":\"Lei do Deputado Coronel Azevedo cria o Dia Estadual de Combate \u00e0 Maconha no Rio Grande do Norte - Blog do Bispo\",\"isPartOf\":{\"@id\":\"https:\/\/blogdobispo.com.br\/#website\"},\"primaryImageOfPage\":{\"@id\":\"https:\/\/blogdobispo.com.br\/?p=18555#primaryimage\"},\"image\":{\"@id\":\"https:\/\/blogdobispo.com.br\/?p=18555#primaryimage\"},\"thumbnailUrl\":\"https:\/\/i0.wp.com\/blogdobispo.com.br\/wp-content\/uploads\/2025\/11\/d03c06bb-69ab-47e0-a899-4205292d2931-1.jpg?fit=1280%2C854&ssl=1\",\"datePublished\":\"2025-11-19T01:37:23+00:00\",\"breadcrumb\":{\"@id\":\"https:\/\/blogdobispo.com.br\/?p=18555#breadcrumb\"},\"inLanguage\":\"pt-BR\",\"potentialAction\":[{\"@type\":\"ReadAction\",\"target\":[\"https:\/\/blogdobispo.com.br\/?p=18555\"]}]},{\"@type\":\"ImageObject\",\"inLanguage\":\"pt-BR\",\"@id\":\"https:\/\/blogdobispo.com.br\/?p=18555#primaryimage\",\"url\":\"https:\/\/i0.wp.com\/blogdobispo.com.br\/wp-content\/uploads\/2025\/11\/d03c06bb-69ab-47e0-a899-4205292d2931-1.jpg?fit=1280%2C854&ssl=1\",\"contentUrl\":\"https:\/\/i0.wp.com\/blogdobispo.com.br\/wp-content\/uploads\/2025\/11\/d03c06bb-69ab-47e0-a899-4205292d2931-1.jpg?fit=1280%2C854&ssl=1\",\"width\":1280,\"height\":854},{\"@type\":\"BreadcrumbList\",\"@id\":\"https:\/\/blogdobispo.com.br\/?p=18555#breadcrumb\",\"itemListElement\":[{\"@type\":\"ListItem\",\"position\":1,\"name\":\"In\u00edcio\",\"item\":\"https:\/\/blogdobispo.com.br\/\"},{\"@type\":\"ListItem\",\"position\":2,\"name\":\"Lei do Deputado Coronel Azevedo cria o Dia Estadual de Combate \u00e0 Maconha no Rio Grande do Norte\"}]},{\"@type\":\"WebSite\",\"@id\":\"https:\/\/blogdobispo.com.br\/#website\",\"url\":\"https:\/\/blogdobispo.com.br\/\",\"name\":\"Blog do Bispo\",\"description\":\"Comprometido apenas com o leitor\",\"publisher\":{\"@id\":\"https:\/\/blogdobispo.com.br\/#organization\"},\"potentialAction\":[{\"@type\":\"SearchAction\",\"target\":{\"@type\":\"EntryPoint\",\"urlTemplate\":\"https:\/\/blogdobispo.com.br\/?s={search_term_string}\"},\"query-input\":{\"@type\":\"PropertyValueSpecification\",\"valueRequired\":true,\"valueName\":\"search_term_string\"}}],\"inLanguage\":\"pt-BR\"},{\"@type\":\"Organization\",\"@id\":\"https:\/\/blogdobispo.com.br\/#organization\",\"name\":\"Blog do Bispo\",\"url\":\"https:\/\/blogdobispo.com.br\/\",\"logo\":{\"@type\":\"ImageObject\",\"inLanguage\":\"pt-BR\",\"@id\":\"https:\/\/blogdobispo.com.br\/#\/schema\/logo\/image\/\",\"url\":\"http:\/\/blogdobispo.com.br\/wp-content\/uploads\/2023\/05\/cropped-headear.png\",\"contentUrl\":\"http:\/\/blogdobispo.com.br\/wp-content\/uploads\/2023\/05\/cropped-headear.png\",\"width\":1500,\"height\":399,\"caption\":\"Blog do Bispo\"},\"image\":{\"@id\":\"https:\/\/blogdobispo.com.br\/#\/schema\/logo\/image\/\"}},{\"@type\":\"Person\",\"@id\":\"https:\/\/blogdobispo.com.br\/#\/schema\/person\/e2209cc0e6cea5c5233d033e997b373f\",\"name\":\"Jefferson Sterfeno\",\"image\":{\"@type\":\"ImageObject\",\"inLanguage\":\"pt-BR\",\"@id\":\"https:\/\/blogdobispo.com.br\/#\/schema\/person\/image\/\",\"url\":\"https:\/\/secure.gravatar.com\/avatar\/0534e84764641168a677026b6d57a3f51dc7ac4db0b4f6186d9cb330d4ee1160?s=96&d=mm&r=g\",\"contentUrl\":\"https:\/\/secure.gravatar.com\/avatar\/0534e84764641168a677026b6d57a3f51dc7ac4db0b4f6186d9cb330d4ee1160?s=96&d=mm&r=g\",\"caption\":\"Jefferson Sterfeno\"},\"sameAs\":[\"http:\/\/blogdobispo.com.br\"],\"url\":\"https:\/\/blogdobispo.com.br\/?author=1\"}]}<\/script>\n<!-- \/ Yoast SEO plugin. -->","yoast_head_json":{"title":"Lei do Deputado Coronel Azevedo cria o Dia Estadual de Combate \u00e0 Maconha no Rio Grande do Norte - Blog do Bispo","robots":{"index":"index","follow":"follow","max-snippet":"max-snippet:-1","max-image-preview":"max-image-preview:large","max-video-preview":"max-video-preview:-1"},"canonical":"https:\/\/blogdobispo.com.br\/?p=18555","og_locale":"pt_BR","og_type":"article","og_title":"Lei do Deputado Coronel Azevedo cria o Dia Estadual de Combate \u00e0 Maconha no Rio Grande do Norte - Blog do Bispo","og_description":"A Assembleia Legislativa do Rio Grande do Norte promulgou a Lei n\u00ba 12.507, de autoria do deputado estadual Coronel Azevedo, que institui o Dia Estadual de Combate \u00e0 Maconha, a ser celebrado anualmente em 29 de agosto em todo o estado. A norma foi oficialmente promulgada e j\u00e1 entra em vigor na data de sua [&hellip;]","og_url":"https:\/\/blogdobispo.com.br\/?p=18555","og_site_name":"Blog do Bispo","article_published_time":"2025-11-19T01:37:23+00:00","og_image":[{"url":"https:\/\/blogdobispo.com.br\/wp-content\/uploads\/2025\/11\/d03c06bb-69ab-47e0-a899-4205292d2931-1024x683.jpg","type":"","width":"","height":""}],"author":"Jefferson Sterfeno","twitter_card":"summary_large_image","twitter_misc":{"Escrito por":"Jefferson Sterfeno","Est. tempo de leitura":"2 minutos"},"schema":{"@context":"https:\/\/schema.org","@graph":[{"@type":"Article","@id":"https:\/\/blogdobispo.com.br\/?p=18555#article","isPartOf":{"@id":"https:\/\/blogdobispo.com.br\/?p=18555"},"author":{"name":"Jefferson Sterfeno","@id":"https:\/\/blogdobispo.com.br\/#\/schema\/person\/e2209cc0e6cea5c5233d033e997b373f"},"headline":"Lei do Deputado Coronel Azevedo cria o Dia Estadual de Combate \u00e0 Maconha no Rio Grande do Norte","datePublished":"2025-11-19T01:37:23+00:00","mainEntityOfPage":{"@id":"https:\/\/blogdobispo.com.br\/?p=18555"},"wordCount":353,"commentCount":0,"publisher":{"@id":"https:\/\/blogdobispo.com.br\/#organization"},"image":{"@id":"https:\/\/blogdobispo.com.br\/?p=18555#primaryimage"},"thumbnailUrl":"https:\/\/i0.wp.com\/blogdobispo.com.br\/wp-content\/uploads\/2025\/11\/d03c06bb-69ab-47e0-a899-4205292d2931-1.jpg?fit=1280%2C854&ssl=1","articleSection":["diversos"],"inLanguage":"pt-BR","potentialAction":[{"@type":"CommentAction","name":"Comment","target":["https:\/\/blogdobispo.com.br\/?p=18555#respond"]}]},{"@type":"WebPage","@id":"https:\/\/blogdobispo.com.br\/?p=18555","url":"https:\/\/blogdobispo.com.br\/?p=18555","name":"Lei do Deputado Coronel Azevedo cria o Dia Estadual de Combate \u00e0 Maconha no Rio Grande do Norte - Blog do Bispo","isPartOf":{"@id":"https:\/\/blogdobispo.com.br\/#website"},"primaryImageOfPage":{"@id":"https:\/\/blogdobispo.com.br\/?p=18555#primaryimage"},"image":{"@id":"https:\/\/blogdobispo.com.br\/?p=18555#primaryimage"},"thumbnailUrl":"https:\/\/i0.wp.com\/blogdobispo.com.br\/wp-content\/uploads\/2025\/11\/d03c06bb-69ab-47e0-a899-4205292d2931-1.jpg?fit=1280%2C854&ssl=1","datePublished":"2025-11-19T01:37:23+00:00","breadcrumb":{"@id":"https:\/\/blogdobispo.com.br\/?p=18555#breadcrumb"},"inLanguage":"pt-BR","potentialAction":[{"@type":"ReadAction","target":["https:\/\/blogdobispo.com.br\/?p=18555"]}]},{"@type":"ImageObject","inLanguage":"pt-BR","@id":"https:\/\/blogdobispo.com.br\/?p=18555#primaryimage","url":"https:\/\/i0.wp.com\/blogdobispo.com.br\/wp-content\/uploads\/2025\/11\/d03c06bb-69ab-47e0-a899-4205292d2931-1.jpg?fit=1280%2C854&ssl=1","contentUrl":"https:\/\/i0.wp.com\/blogdobispo.com.br\/wp-content\/uploads\/2025\/11\/d03c06bb-69ab-47e0-a899-4205292d2931-1.jpg?fit=1280%2C854&ssl=1","width":1280,"height":854},{"@type":"BreadcrumbList","@id":"https:\/\/blogdobispo.com.br\/?p=18555#breadcrumb","itemListElement":[{"@type":"ListItem","position":1,"name":"In\u00edcio","item":"https:\/\/blogdobispo.com.br\/"},{"@type":"ListItem","position":2,"name":"Lei do Deputado Coronel Azevedo cria o Dia Estadual de Combate \u00e0 Maconha no Rio Grande do Norte"}]},{"@type":"WebSite","@id":"https:\/\/blogdobispo.com.br\/#website","url":"https:\/\/blogdobispo.com.br\/","name":"Blog do Bispo","description":"Comprometido apenas com o leitor","publisher":{"@id":"https:\/\/blogdobispo.com.br\/#organization"},"potentialAction":[{"@type":"SearchAction","target":{"@type":"EntryPoint","urlTemplate":"https:\/\/blogdobispo.com.br\/?s={search_term_string}"},"query-input":{"@type":"PropertyValueSpecification","valueRequired":true,"valueName":"search_term_string"}}],"inLanguage":"pt-BR"},{"@type":"Organization","@id":"https:\/\/blogdobispo.com.br\/#organization","name":"Blog do Bispo","url":"https:\/\/blogdobispo.com.br\/","logo":{"@type":"ImageObject","inLanguage":"pt-BR","@id":"https:\/\/blogdobispo.com.br\/#\/schema\/logo\/image\/","url":"http:\/\/blogdobispo.com.br\/wp-content\/uploads\/2023\/05\/cropped-headear.png","contentUrl":"http:\/\/blogdobispo.com.br\/wp-content\/uploads\/2023\/05\/cropped-headear.png","width":1500,"height":399,"caption":"Blog do Bispo"},"image":{"@id":"https:\/\/blogdobispo.com.br\/#\/schema\/logo\/image\/"}},{"@type":"Person","@id":"https:\/\/blogdobispo.com.br\/#\/schema\/person\/e2209cc0e6cea5c5233d033e997b373f","name":"Jefferson Sterfeno","image":{"@type":"ImageObject","inLanguage":"pt-BR","@id":"https:\/\/blogdobispo.com.br\/#\/schema\/person\/image\/","url":"https:\/\/secure.gravatar.com\/avatar\/0534e84764641168a677026b6d57a3f51dc7ac4db0b4f6186d9cb330d4ee1160?s=96&d=mm&r=g","contentUrl":"https:\/\/secure.gravatar.com\/avatar\/0534e84764641168a677026b6d57a3f51dc7ac4db0b4f6186d9cb330d4ee1160?s=96&d=mm&r=g","caption":"Jefferson Sterfeno"},"sameAs":["http:\/\/blogdobispo.com.br"],"url":"https:\/\/blogdobispo.com.br\/?author=1"}]}},"featured_image_urls":{"full":["https:\/\/i0.wp.com\/blogdobispo.com.br\/wp-content\/uploads\/2025\/11\/d03c06bb-69ab-47e0-a899-4205292d2931-1.jpg?fit=1280%2C854&ssl=1",1280,854,false],"thumbnail":["https:\/\/i0.wp.com\/blogdobispo.com.br\/wp-content\/uploads\/2025\/11\/d03c06bb-69ab-47e0-a899-4205292d2931-1.jpg?resize=150%2C150&ssl=1",150,150,true],"medium":["https:\/\/i0.wp.com\/blogdobispo.com.br\/wp-content\/uploads\/2025\/11\/d03c06bb-69ab-47e0-a899-4205292d2931-1.jpg?fit=300%2C200&ssl=1",300,200,true],"medium_large":["https:\/\/i0.wp.com\/blogdobispo.com.br\/wp-content\/uploads\/2025\/11\/d03c06bb-69ab-47e0-a899-4205292d2931-1.jpg?fit=768%2C512&ssl=1",768,512,true],"large":["https:\/\/i0.wp.com\/blogdobispo.com.br\/wp-content\/uploads\/2025\/11\/d03c06bb-69ab-47e0-a899-4205292d2931-1.jpg?fit=800%2C534&ssl=1",800,534,true],"1536x1536":["https:\/\/i0.wp.com\/blogdobispo.com.br\/wp-content\/uploads\/2025\/11\/d03c06bb-69ab-47e0-a899-4205292d2931-1.jpg?fit=1280%2C854&ssl=1",1280,854,true],"2048x2048":["https:\/\/i0.wp.com\/blogdobispo.com.br\/wp-content\/uploads\/2025\/11\/d03c06bb-69ab-47e0-a899-4205292d2931-1.jpg?fit=1280%2C854&ssl=1",1280,854,true]},"author_info":{"display_name":"Jefferson Sterfeno","author_link":"https:\/\/blogdobispo.com.br\/?author=1"},"category_info":"<a href=\"https:\/\/blogdobispo.com.br\/?cat=1\" rel=\"category\">diversos<\/a>","tag_info":"diversos","comment_count":"0","jetpack_featured_media_url":"https:\/\/i0.wp.com\/blogdobispo.com.br\/wp-content\/uploads\/2025\/11\/d03c06bb-69ab-47e0-a899-4205292d2931-1.jpg?fit=1280%2C854&ssl=1","jetpack_sharing_enabled":true,"_links":{"self":[{"href":"https:\/\/blogdobispo.com.br\/index.php?rest_route=\/wp\/v2\/posts\/18555","targetHints":{"allow":["GET"]}}],"collection":[{"href":"https:\/\/blogdobispo.com.br\/index.php?rest_route=\/wp\/v2\/posts"}],"about":[{"href":"https:\/\/blogdobispo.com.br\/index.php?rest_route=\/wp\/v2\/types\/post"}],"author":[{"embeddable":true,"href":"https:\/\/blogdobispo.com.br\/index.php?rest_route=\/wp\/v2\/users\/1"}],"replies":[{"embeddable":true,"href":"https:\/\/blogdobispo.com.br\/index.php?rest_route=%2Fwp%2Fv2%2Fcomments&post=18555"}],"version-history":[{"count":0,"href":"https:\/\/blogdobispo.com.br\/index.php?rest_route=\/wp\/v2\/posts\/18555\/revisions"}],"wp:featuredmedia":[{"embeddable":true,"href":"https:\/\/blogdobispo.com.br\/index.php?rest_route=\/wp\/v2\/media\/18554"}],"wp:attachment":[{"href":"https:\/\/blogdobispo.com.br\/index.php?rest_route=%2Fwp%2Fv2%2Fmedia&parent=18555"}],"wp:term":[{"taxonomy":"category","embeddable":true,"href":"https:\/\/blogdobispo.com.br\/index.php?rest_route=%2Fwp%2Fv2%2Fcategories&post=18555"},{"taxonomy":"post_tag","embeddable":true,"href":"https:\/\/blogdobispo.com.br\/index.php?rest_route=%2Fwp%2Fv2%2Ftags&post=18555"}],"curies":[{"name":"wp","href":"https:\/\/api.w.org\/{rel}","templated":true}]}}