{"id":18552,"date":"2025-11-18T11:19:45","date_gmt":"2025-11-18T11:19:45","guid":{"rendered":"https:\/\/blogdobispo.com.br\/?p=18552"},"modified":"2025-11-18T11:19:45","modified_gmt":"2025-11-18T11:19:45","slug":"urgente-tjrn-suspende-sessao-de-cassacao-de-brisa-por-suposto-erro-na-convocacao","status":"publish","type":"post","link":"https:\/\/blogdobispo.com.br\/?p=18552","title":{"rendered":"URGENTE: TJRN suspende sess\u00e3o de cassa\u00e7\u00e3o de Brisa por suposto erro na convoca\u00e7\u00e3o"},"content":{"rendered":"\n<p>O desembargador Corn\u00e9lio Alves, do Tribunal de Justi\u00e7a do Rio Grande do Norte (TJRN), suspendeu a sess\u00e3o da C\u00e2mara Municipal de Natal que votaria, nesta ter\u00e7a-feira (18), a cassa\u00e7\u00e3o do mandato da vereadora Brisa Bracchi (PT). A decis\u00e3o atende a um pedido da pr\u00f3pria parlamentar.<\/p>\n\n\n\n<p>Segundo o magistrado, houve falha no processo de convoca\u00e7\u00e3o da sess\u00e3o, que n\u00e3o teria seguido corretamente o rito previsto no Regimento Interno da C\u00e2mara. Para o desembargador, o suposto erro compromete a legalidade do procedimento e impede que a vota\u00e7\u00e3o avance.<\/p>\n\n\n\n<p>Com a liminar, a sess\u00e3o fica paralisada at\u00e9 nova an\u00e1lise da Justi\u00e7a.<\/p>\n\n\n\n<p>A C\u00e2mara de Natal ainda n\u00e3o se manifestou sobre o pr\u00f3ximo passo nem sobre eventual recurso ao TJRN para tentar reverter a suspens\u00e3o<\/p>\n\n\n\n<figure class=\"wp-block-image size-large\"><img data-recalc-dims=\"1\" fetchpriority=\"high\" decoding=\"async\" width=\"605\" height=\"405\" src=\"https:\/\/i0.wp.com\/blogdobispo.com.br\/wp-content\/uploads\/2025\/11\/img_7764.png?resize=605%2C405&#038;ssl=1\" class=\"wp-image-18550\" srcset=\"https:\/\/i0.wp.com\/blogdobispo.com.br\/wp-content\/uploads\/2025\/11\/img_7764.png?w=605&amp;ssl=1 605w, https:\/\/i0.wp.com\/blogdobispo.com.br\/wp-content\/uploads\/2025\/11\/img_7764.png?resize=300%2C201&amp;ssl=1 300w\" sizes=\"(max-width: 605px) 100vw, 605px\" \/><\/figure>\n","protected":false},"excerpt":{"rendered":"<p>O desembargador Corn\u00e9lio Alves, do Tribunal de Justi\u00e7a do Rio Grande do Norte (TJRN), suspendeu a sess\u00e3o da C\u00e2mara Municipal de Natal que votaria, nesta ter\u00e7a-feira (18), a cassa\u00e7\u00e3o do mandato da vereadora Brisa Bracchi (PT). A decis\u00e3o atende a um pedido da pr\u00f3pria parlamentar. Segundo o magistrado, houve falha no processo de convoca\u00e7\u00e3o da [&hellip;]<\/p>\n","protected":false},"author":1,"featured_media":18551,"comment_status":"open","ping_status":"open","sticky":false,"template":"","format":"standard","meta":{"cybocfi_hide_featured_image":"","_jetpack_memberships_contains_paid_content":false,"footnotes":""},"categories":[1],"tags":[],"class_list":["post-18552","post","type-post","status-publish","format-standard","has-post-thumbnail","hentry","category-diversos"],"yoast_head":"<!-- This site is optimized with the Yoast SEO plugin v25.6 - https:\/\/yoast.com\/wordpress\/plugins\/seo\/ -->\n<title>URGENTE: TJRN suspende sess\u00e3o de cassa\u00e7\u00e3o de Brisa por suposto erro na convoca\u00e7\u00e3o - Blog do Bispo<\/title>\n<meta name=\"robots\" content=\"index, follow, max-snippet:-1, max-image-preview:large, max-video-preview:-1\" \/>\n<link rel=\"canonical\" href=\"https:\/\/blogdobispo.com.br\/?p=18552\" \/>\n<meta property=\"og:locale\" content=\"pt_BR\" \/>\n<meta property=\"og:type\" content=\"article\" \/>\n<meta property=\"og:title\" content=\"URGENTE: TJRN suspende sess\u00e3o de cassa\u00e7\u00e3o de Brisa por suposto erro na convoca\u00e7\u00e3o - Blog do Bispo\" \/>\n<meta property=\"og:description\" content=\"O desembargador Corn\u00e9lio Alves, do Tribunal de Justi\u00e7a do Rio Grande do Norte (TJRN), suspendeu a sess\u00e3o da C\u00e2mara Municipal de Natal que votaria, nesta ter\u00e7a-feira (18), a cassa\u00e7\u00e3o do mandato da vereadora Brisa Bracchi (PT). A decis\u00e3o atende a um pedido da pr\u00f3pria parlamentar. Segundo o magistrado, houve falha no processo de convoca\u00e7\u00e3o da [&hellip;]\" \/>\n<meta property=\"og:url\" content=\"https:\/\/blogdobispo.com.br\/?p=18552\" \/>\n<meta property=\"og:site_name\" content=\"Blog do Bispo\" \/>\n<meta property=\"article:published_time\" content=\"2025-11-18T11:19:45+00:00\" \/>\n<meta property=\"og:image\" content=\"https:\/\/blogdobispo.com.br\/wp-content\/uploads\/2025\/11\/img_7764.png\" \/>\n<meta name=\"author\" content=\"Jefferson Sterfeno\" \/>\n<meta name=\"twitter:card\" content=\"summary_large_image\" \/>\n<meta name=\"twitter:label1\" content=\"Escrito por\" \/>\n\t<meta name=\"twitter:data1\" content=\"Jefferson Sterfeno\" \/>\n\t<meta name=\"twitter:label2\" content=\"Est. tempo de leitura\" \/>\n\t<meta name=\"twitter:data2\" content=\"1 minuto\" \/>\n<script type=\"application\/ld+json\" class=\"yoast-schema-graph\">{\"@context\":\"https:\/\/schema.org\",\"@graph\":[{\"@type\":\"Article\",\"@id\":\"https:\/\/blogdobispo.com.br\/?p=18552#article\",\"isPartOf\":{\"@id\":\"https:\/\/blogdobispo.com.br\/?p=18552\"},\"author\":{\"name\":\"Jefferson Sterfeno\",\"@id\":\"https:\/\/blogdobispo.com.br\/#\/schema\/person\/e2209cc0e6cea5c5233d033e997b373f\"},\"headline\":\"URGENTE: TJRN suspende sess\u00e3o de cassa\u00e7\u00e3o de Brisa por suposto erro na convoca\u00e7\u00e3o\",\"datePublished\":\"2025-11-18T11:19:45+00:00\",\"mainEntityOfPage\":{\"@id\":\"https:\/\/blogdobispo.com.br\/?p=18552\"},\"wordCount\":156,\"commentCount\":0,\"publisher\":{\"@id\":\"https:\/\/blogdobispo.com.br\/#organization\"},\"image\":{\"@id\":\"https:\/\/blogdobispo.com.br\/?p=18552#primaryimage\"},\"thumbnailUrl\":\"https:\/\/i0.wp.com\/blogdobispo.com.br\/wp-content\/uploads\/2025\/11\/img_7764-1.png?fit=605%2C405&ssl=1\",\"articleSection\":[\"diversos\"],\"inLanguage\":\"pt-BR\",\"potentialAction\":[{\"@type\":\"CommentAction\",\"name\":\"Comment\",\"target\":[\"https:\/\/blogdobispo.com.br\/?p=18552#respond\"]}]},{\"@type\":\"WebPage\",\"@id\":\"https:\/\/blogdobispo.com.br\/?p=18552\",\"url\":\"https:\/\/blogdobispo.com.br\/?p=18552\",\"name\":\"URGENTE: TJRN suspende sess\u00e3o de cassa\u00e7\u00e3o de Brisa por suposto erro na convoca\u00e7\u00e3o - Blog do Bispo\",\"isPartOf\":{\"@id\":\"https:\/\/blogdobispo.com.br\/#website\"},\"primaryImageOfPage\":{\"@id\":\"https:\/\/blogdobispo.com.br\/?p=18552#primaryimage\"},\"image\":{\"@id\":\"https:\/\/blogdobispo.com.br\/?p=18552#primaryimage\"},\"thumbnailUrl\":\"https:\/\/i0.wp.com\/blogdobispo.com.br\/wp-content\/uploads\/2025\/11\/img_7764-1.png?fit=605%2C405&ssl=1\",\"datePublished\":\"2025-11-18T11:19:45+00:00\",\"breadcrumb\":{\"@id\":\"https:\/\/blogdobispo.com.br\/?p=18552#breadcrumb\"},\"inLanguage\":\"pt-BR\",\"potentialAction\":[{\"@type\":\"ReadAction\",\"target\":[\"https:\/\/blogdobispo.com.br\/?p=18552\"]}]},{\"@type\":\"ImageObject\",\"inLanguage\":\"pt-BR\",\"@id\":\"https:\/\/blogdobispo.com.br\/?p=18552#primaryimage\",\"url\":\"https:\/\/i0.wp.com\/blogdobispo.com.br\/wp-content\/uploads\/2025\/11\/img_7764-1.png?fit=605%2C405&ssl=1\",\"contentUrl\":\"https:\/\/i0.wp.com\/blogdobispo.com.br\/wp-content\/uploads\/2025\/11\/img_7764-1.png?fit=605%2C405&ssl=1\",\"width\":605,\"height\":405},{\"@type\":\"BreadcrumbList\",\"@id\":\"https:\/\/blogdobispo.com.br\/?p=18552#breadcrumb\",\"itemListElement\":[{\"@type\":\"ListItem\",\"position\":1,\"name\":\"In\u00edcio\",\"item\":\"https:\/\/blogdobispo.com.br\/\"},{\"@type\":\"ListItem\",\"position\":2,\"name\":\"URGENTE: TJRN suspende sess\u00e3o de cassa\u00e7\u00e3o de Brisa por suposto erro na convoca\u00e7\u00e3o\"}]},{\"@type\":\"WebSite\",\"@id\":\"https:\/\/blogdobispo.com.br\/#website\",\"url\":\"https:\/\/blogdobispo.com.br\/\",\"name\":\"Blog do Bispo\",\"description\":\"Comprometido apenas com o leitor\",\"publisher\":{\"@id\":\"https:\/\/blogdobispo.com.br\/#organization\"},\"potentialAction\":[{\"@type\":\"SearchAction\",\"target\":{\"@type\":\"EntryPoint\",\"urlTemplate\":\"https:\/\/blogdobispo.com.br\/?s={search_term_string}\"},\"query-input\":{\"@type\":\"PropertyValueSpecification\",\"valueRequired\":true,\"valueName\":\"search_term_string\"}}],\"inLanguage\":\"pt-BR\"},{\"@type\":\"Organization\",\"@id\":\"https:\/\/blogdobispo.com.br\/#organization\",\"name\":\"Blog do Bispo\",\"url\":\"https:\/\/blogdobispo.com.br\/\",\"logo\":{\"@type\":\"ImageObject\",\"inLanguage\":\"pt-BR\",\"@id\":\"https:\/\/blogdobispo.com.br\/#\/schema\/logo\/image\/\",\"url\":\"http:\/\/blogdobispo.com.br\/wp-content\/uploads\/2023\/05\/cropped-headear.png\",\"contentUrl\":\"http:\/\/blogdobispo.com.br\/wp-content\/uploads\/2023\/05\/cropped-headear.png\",\"width\":1500,\"height\":399,\"caption\":\"Blog do Bispo\"},\"image\":{\"@id\":\"https:\/\/blogdobispo.com.br\/#\/schema\/logo\/image\/\"}},{\"@type\":\"Person\",\"@id\":\"https:\/\/blogdobispo.com.br\/#\/schema\/person\/e2209cc0e6cea5c5233d033e997b373f\",\"name\":\"Jefferson Sterfeno\",\"image\":{\"@type\":\"ImageObject\",\"inLanguage\":\"pt-BR\",\"@id\":\"https:\/\/blogdobispo.com.br\/#\/schema\/person\/image\/\",\"url\":\"https:\/\/secure.gravatar.com\/avatar\/0534e84764641168a677026b6d57a3f51dc7ac4db0b4f6186d9cb330d4ee1160?s=96&d=mm&r=g\",\"contentUrl\":\"https:\/\/secure.gravatar.com\/avatar\/0534e84764641168a677026b6d57a3f51dc7ac4db0b4f6186d9cb330d4ee1160?s=96&d=mm&r=g\",\"caption\":\"Jefferson Sterfeno\"},\"sameAs\":[\"http:\/\/blogdobispo.com.br\"],\"url\":\"https:\/\/blogdobispo.com.br\/?author=1\"}]}<\/script>\n<!-- \/ Yoast SEO plugin. -->","yoast_head_json":{"title":"URGENTE: TJRN suspende sess\u00e3o de cassa\u00e7\u00e3o de Brisa por suposto erro na convoca\u00e7\u00e3o - Blog do Bispo","robots":{"index":"index","follow":"follow","max-snippet":"max-snippet:-1","max-image-preview":"max-image-preview:large","max-video-preview":"max-video-preview:-1"},"canonical":"https:\/\/blogdobispo.com.br\/?p=18552","og_locale":"pt_BR","og_type":"article","og_title":"URGENTE: TJRN suspende sess\u00e3o de cassa\u00e7\u00e3o de Brisa por suposto erro na convoca\u00e7\u00e3o - Blog do Bispo","og_description":"O desembargador Corn\u00e9lio Alves, do Tribunal de Justi\u00e7a do Rio Grande do Norte (TJRN), suspendeu a sess\u00e3o da C\u00e2mara Municipal de Natal que votaria, nesta ter\u00e7a-feira (18), a cassa\u00e7\u00e3o do mandato da vereadora Brisa Bracchi (PT). A decis\u00e3o atende a um pedido da pr\u00f3pria parlamentar. Segundo o magistrado, houve falha no processo de convoca\u00e7\u00e3o da [&hellip;]","og_url":"https:\/\/blogdobispo.com.br\/?p=18552","og_site_name":"Blog do Bispo","article_published_time":"2025-11-18T11:19:45+00:00","og_image":[{"url":"https:\/\/blogdobispo.com.br\/wp-content\/uploads\/2025\/11\/img_7764.png","type":"","width":"","height":""}],"author":"Jefferson Sterfeno","twitter_card":"summary_large_image","twitter_misc":{"Escrito por":"Jefferson Sterfeno","Est. tempo de leitura":"1 minuto"},"schema":{"@context":"https:\/\/schema.org","@graph":[{"@type":"Article","@id":"https:\/\/blogdobispo.com.br\/?p=18552#article","isPartOf":{"@id":"https:\/\/blogdobispo.com.br\/?p=18552"},"author":{"name":"Jefferson Sterfeno","@id":"https:\/\/blogdobispo.com.br\/#\/schema\/person\/e2209cc0e6cea5c5233d033e997b373f"},"headline":"URGENTE: TJRN suspende sess\u00e3o de cassa\u00e7\u00e3o de Brisa por suposto erro na convoca\u00e7\u00e3o","datePublished":"2025-11-18T11:19:45+00:00","mainEntityOfPage":{"@id":"https:\/\/blogdobispo.com.br\/?p=18552"},"wordCount":156,"commentCount":0,"publisher":{"@id":"https:\/\/blogdobispo.com.br\/#organization"},"image":{"@id":"https:\/\/blogdobispo.com.br\/?p=18552#primaryimage"},"thumbnailUrl":"https:\/\/i0.wp.com\/blogdobispo.com.br\/wp-content\/uploads\/2025\/11\/img_7764-1.png?fit=605%2C405&ssl=1","articleSection":["diversos"],"inLanguage":"pt-BR","potentialAction":[{"@type":"CommentAction","name":"Comment","target":["https:\/\/blogdobispo.com.br\/?p=18552#respond"]}]},{"@type":"WebPage","@id":"https:\/\/blogdobispo.com.br\/?p=18552","url":"https:\/\/blogdobispo.com.br\/?p=18552","name":"URGENTE: TJRN suspende sess\u00e3o de cassa\u00e7\u00e3o de Brisa por suposto erro na convoca\u00e7\u00e3o - Blog do Bispo","isPartOf":{"@id":"https:\/\/blogdobispo.com.br\/#website"},"primaryImageOfPage":{"@id":"https:\/\/blogdobispo.com.br\/?p=18552#primaryimage"},"image":{"@id":"https:\/\/blogdobispo.com.br\/?p=18552#primaryimage"},"thumbnailUrl":"https:\/\/i0.wp.com\/blogdobispo.com.br\/wp-content\/uploads\/2025\/11\/img_7764-1.png?fit=605%2C405&ssl=1","datePublished":"2025-11-18T11:19:45+00:00","breadcrumb":{"@id":"https:\/\/blogdobispo.com.br\/?p=18552#breadcrumb"},"inLanguage":"pt-BR","potentialAction":[{"@type":"ReadAction","target":["https:\/\/blogdobispo.com.br\/?p=18552"]}]},{"@type":"ImageObject","inLanguage":"pt-BR","@id":"https:\/\/blogdobispo.com.br\/?p=18552#primaryimage","url":"https:\/\/i0.wp.com\/blogdobispo.com.br\/wp-content\/uploads\/2025\/11\/img_7764-1.png?fit=605%2C405&ssl=1","contentUrl":"https:\/\/i0.wp.com\/blogdobispo.com.br\/wp-content\/uploads\/2025\/11\/img_7764-1.png?fit=605%2C405&ssl=1","width":605,"height":405},{"@type":"BreadcrumbList","@id":"https:\/\/blogdobispo.com.br\/?p=18552#breadcrumb","itemListElement":[{"@type":"ListItem","position":1,"name":"In\u00edcio","item":"https:\/\/blogdobispo.com.br\/"},{"@type":"ListItem","position":2,"name":"URGENTE: TJRN suspende sess\u00e3o de cassa\u00e7\u00e3o de Brisa por suposto erro na convoca\u00e7\u00e3o"}]},{"@type":"WebSite","@id":"https:\/\/blogdobispo.com.br\/#website","url":"https:\/\/blogdobispo.com.br\/","name":"Blog do Bispo","description":"Comprometido apenas com o leitor","publisher":{"@id":"https:\/\/blogdobispo.com.br\/#organization"},"potentialAction":[{"@type":"SearchAction","target":{"@type":"EntryPoint","urlTemplate":"https:\/\/blogdobispo.com.br\/?s={search_term_string}"},"query-input":{"@type":"PropertyValueSpecification","valueRequired":true,"valueName":"search_term_string"}}],"inLanguage":"pt-BR"},{"@type":"Organization","@id":"https:\/\/blogdobispo.com.br\/#organization","name":"Blog do Bispo","url":"https:\/\/blogdobispo.com.br\/","logo":{"@type":"ImageObject","inLanguage":"pt-BR","@id":"https:\/\/blogdobispo.com.br\/#\/schema\/logo\/image\/","url":"http:\/\/blogdobispo.com.br\/wp-content\/uploads\/2023\/05\/cropped-headear.png","contentUrl":"http:\/\/blogdobispo.com.br\/wp-content\/uploads\/2023\/05\/cropped-headear.png","width":1500,"height":399,"caption":"Blog do Bispo"},"image":{"@id":"https:\/\/blogdobispo.com.br\/#\/schema\/logo\/image\/"}},{"@type":"Person","@id":"https:\/\/blogdobispo.com.br\/#\/schema\/person\/e2209cc0e6cea5c5233d033e997b373f","name":"Jefferson Sterfeno","image":{"@type":"ImageObject","inLanguage":"pt-BR","@id":"https:\/\/blogdobispo.com.br\/#\/schema\/person\/image\/","url":"https:\/\/secure.gravatar.com\/avatar\/0534e84764641168a677026b6d57a3f51dc7ac4db0b4f6186d9cb330d4ee1160?s=96&d=mm&r=g","contentUrl":"https:\/\/secure.gravatar.com\/avatar\/0534e84764641168a677026b6d57a3f51dc7ac4db0b4f6186d9cb330d4ee1160?s=96&d=mm&r=g","caption":"Jefferson Sterfeno"},"sameAs":["http:\/\/blogdobispo.com.br"],"url":"https:\/\/blogdobispo.com.br\/?author=1"}]}},"featured_image_urls":{"full":["https:\/\/i0.wp.com\/blogdobispo.com.br\/wp-content\/uploads\/2025\/11\/img_7764-1.png?fit=605%2C405&ssl=1",605,405,false],"thumbnail":["https:\/\/i0.wp.com\/blogdobispo.com.br\/wp-content\/uploads\/2025\/11\/img_7764-1.png?resize=150%2C150&ssl=1",150,150,true],"medium":["https:\/\/i0.wp.com\/blogdobispo.com.br\/wp-content\/uploads\/2025\/11\/img_7764-1.png?fit=300%2C201&ssl=1",300,201,true],"medium_large":["https:\/\/i0.wp.com\/blogdobispo.com.br\/wp-content\/uploads\/2025\/11\/img_7764-1.png?fit=605%2C405&ssl=1",605,405,true],"large":["https:\/\/i0.wp.com\/blogdobispo.com.br\/wp-content\/uploads\/2025\/11\/img_7764-1.png?fit=605%2C405&ssl=1",605,405,true],"1536x1536":["https:\/\/i0.wp.com\/blogdobispo.com.br\/wp-content\/uploads\/2025\/11\/img_7764-1.png?fit=605%2C405&ssl=1",605,405,true],"2048x2048":["https:\/\/i0.wp.com\/blogdobispo.com.br\/wp-content\/uploads\/2025\/11\/img_7764-1.png?fit=605%2C405&ssl=1",605,405,true]},"author_info":{"display_name":"Jefferson Sterfeno","author_link":"https:\/\/blogdobispo.com.br\/?author=1"},"category_info":"<a href=\"https:\/\/blogdobispo.com.br\/?cat=1\" rel=\"category\">diversos<\/a>","tag_info":"diversos","comment_count":"0","jetpack_featured_media_url":"https:\/\/i0.wp.com\/blogdobispo.com.br\/wp-content\/uploads\/2025\/11\/img_7764-1.png?fit=605%2C405&ssl=1","jetpack_sharing_enabled":true,"_links":{"self":[{"href":"https:\/\/blogdobispo.com.br\/index.php?rest_route=\/wp\/v2\/posts\/18552","targetHints":{"allow":["GET"]}}],"collection":[{"href":"https:\/\/blogdobispo.com.br\/index.php?rest_route=\/wp\/v2\/posts"}],"about":[{"href":"https:\/\/blogdobispo.com.br\/index.php?rest_route=\/wp\/v2\/types\/post"}],"author":[{"embeddable":true,"href":"https:\/\/blogdobispo.com.br\/index.php?rest_route=\/wp\/v2\/users\/1"}],"replies":[{"embeddable":true,"href":"https:\/\/blogdobispo.com.br\/index.php?rest_route=%2Fwp%2Fv2%2Fcomments&post=18552"}],"version-history":[{"count":0,"href":"https:\/\/blogdobispo.com.br\/index.php?rest_route=\/wp\/v2\/posts\/18552\/revisions"}],"wp:featuredmedia":[{"embeddable":true,"href":"https:\/\/blogdobispo.com.br\/index.php?rest_route=\/wp\/v2\/media\/18551"}],"wp:attachment":[{"href":"https:\/\/blogdobispo.com.br\/index.php?rest_route=%2Fwp%2Fv2%2Fmedia&parent=18552"}],"wp:term":[{"taxonomy":"category","embeddable":true,"href":"https:\/\/blogdobispo.com.br\/index.php?rest_route=%2Fwp%2Fv2%2Fcategories&post=18552"},{"taxonomy":"post_tag","embeddable":true,"href":"https:\/\/blogdobispo.com.br\/index.php?rest_route=%2Fwp%2Fv2%2Ftags&post=18552"}],"curies":[{"name":"wp","href":"https:\/\/api.w.org\/{rel}","templated":true}]}}