{"id":18549,"date":"2025-11-18T02:27:36","date_gmt":"2025-11-18T02:27:36","guid":{"rendered":"https:\/\/blogdobispo.com.br\/?p=18549"},"modified":"2025-12-01T19:05:19","modified_gmt":"2025-12-01T19:05:19","slug":"congresso-de-jovens-da-ieadern-reune-milhares-de-pessoas-no-nelio-dias-e-recebe-homenagem-do-presidente-da-camara-eriko-jacome","status":"publish","type":"post","link":"https:\/\/blogdobispo.com.br\/?p=18549","title":{"rendered":"C\u00e2mara aprova subs\u00eddio tarif\u00e1rio para o transporte p\u00fablico em Natal"},"content":{"rendered":"\r\n\r\n\r\n<p>&nbsp;<\/p>\r\n\r\n\r\n\r\n<p>Os vereadores de Natal aprovaram em vota\u00e7\u00e3o definitiva, nesta ter\u00e7a-feira (28), o Projeto de Lei Complementar n\u00ba 15\/2025, que autoriza a Prefeitura a conceder subs\u00eddio tarif\u00e1rio ao transporte p\u00fablico coletivo. O texto, encaminhado pelo Executivo, foi aprovado sem emendas e prev\u00ea aporte financeiro de at\u00e9 40% do custo operacional do sistema a partir de 2026, com objetivo de controlar o valor da tarifa e incentivar o uso dos \u00f4nibus. Na mesma sess\u00e3o, outros sete projetos foram apreciados em primeira discuss\u00e3o.<\/p>\r\n<p>Uma emenda da vereadora Samanda Alves (PT) foi rejeitada. \u201cApresentamos emenda para garantir o subs\u00eddio, mas com exig\u00eancias m\u00ednimas como manuten\u00e7\u00e3o de 100% da frota, regularidade das linhas e tarifa social\u201d, disse a parlamentar, ao criticar a rejei\u00e7\u00e3o de sua proposta.<\/p>\r\n<p>J\u00e1 o vice-l\u00edder da bancada governista, Kleber Fernandes (Republicanos), argumentou que as contrapartidas estar\u00e3o previstas no processo licitat\u00f3rio. Segundo ele, o edital dever\u00e1 estabelecer crit\u00e9rios como renova\u00e7\u00e3o da frota, retomada de linhas suspensas e integra\u00e7\u00e3o com o transporte alternativo contratado pelas empresas vencedoras. \u201cPara garantir todos esses investimentos, n\u00e3o podemos permitir que o custo resulte em aumento da tarifa ao usu\u00e1rio e por isso a necessidade de aprovarmos esse subs\u00eddio\u201d, afirmou.<\/p>\r\n<p>Os vereadores Samanda Alves, Daniel Valen\u00e7a e Brisa Bracchi, do PT, al\u00e9m de Thabatta Pimenta (PSOL) e Matheus Faustino (Uni\u00e3o) votaram contra a mat\u00e9ria. Com a aprova\u00e7\u00e3o do subs\u00eddio, o Executivo conclui o conjunto de medidas que considera essenciais para viabilizar a licita\u00e7\u00e3o do sistema. J\u00e1 foram aprovados o PL n\u00ba 811\/2025, que renova a isen\u00e7\u00e3o do ISS para empresas do setor, e o PL n\u00ba 812\/2025, que revoga as permiss\u00f5es atuais do transporte opcional, mantendo regime transit\u00f3rio at\u00e9 a nova contrata\u00e7\u00e3o.<\/p>\r\n<p>Texto: Cl\u00e1udio Oliveira<\/p>\r\n<p>Fotos: Francisco de Assis<img data-recalc-dims=\"1\" fetchpriority=\"high\" decoding=\"async\" class=\"alignnone size-medium wp-image-18721\" src=\"https:\/\/i0.wp.com\/blogdobispo.com.br\/wp-content\/uploads\/2025\/11\/a151773bc1a7a91666db936fb3a4e4d5.jpg?resize=300%2C215\" alt=\"\" width=\"300\" height=\"215\" srcset=\"https:\/\/i0.wp.com\/blogdobispo.com.br\/wp-content\/uploads\/2025\/11\/a151773bc1a7a91666db936fb3a4e4d5.jpg?resize=300%2C215&amp;ssl=1 300w, https:\/\/i0.wp.com\/blogdobispo.com.br\/wp-content\/uploads\/2025\/11\/a151773bc1a7a91666db936fb3a4e4d5.jpg?resize=1024%2C733&amp;ssl=1 1024w, https:\/\/i0.wp.com\/blogdobispo.com.br\/wp-content\/uploads\/2025\/11\/a151773bc1a7a91666db936fb3a4e4d5.jpg?resize=768%2C550&amp;ssl=1 768w, https:\/\/i0.wp.com\/blogdobispo.com.br\/wp-content\/uploads\/2025\/11\/a151773bc1a7a91666db936fb3a4e4d5.jpg?resize=1536%2C1100&amp;ssl=1 1536w, https:\/\/i0.wp.com\/blogdobispo.com.br\/wp-content\/uploads\/2025\/11\/a151773bc1a7a91666db936fb3a4e4d5.jpg?w=1600&amp;ssl=1 1600w\" sizes=\"(max-width: 300px) 100vw, 300px\" \/><\/p>\r\n","protected":false},"excerpt":{"rendered":"<p>&nbsp; Os vereadores de Natal aprovaram em vota\u00e7\u00e3o definitiva, nesta ter\u00e7a-feira (28), o Projeto de Lei Complementar n\u00ba 15\/2025, que autoriza a Prefeitura a conceder subs\u00eddio tarif\u00e1rio ao transporte p\u00fablico coletivo. O texto, encaminhado pelo Executivo, foi aprovado sem emendas e prev\u00ea aporte financeiro de at\u00e9 40% do custo operacional do sistema a partir de [&hellip;]<\/p>\n","protected":false},"author":1,"featured_media":18721,"comment_status":"open","ping_status":"open","sticky":false,"template":"","format":"standard","meta":{"cybocfi_hide_featured_image":"","_jetpack_memberships_contains_paid_content":false,"footnotes":""},"categories":[1],"tags":[],"class_list":["post-18549","post","type-post","status-publish","format-standard","has-post-thumbnail","hentry","category-diversos"],"yoast_head":"<!-- This site is optimized with the Yoast SEO plugin v25.6 - https:\/\/yoast.com\/wordpress\/plugins\/seo\/ -->\n<title>C\u00e2mara aprova subs\u00eddio tarif\u00e1rio para o transporte p\u00fablico em Natal - Blog do Bispo<\/title>\n<meta name=\"robots\" content=\"index, follow, max-snippet:-1, max-image-preview:large, max-video-preview:-1\" \/>\n<link rel=\"canonical\" href=\"https:\/\/blogdobispo.com.br\/?p=18549\" \/>\n<meta property=\"og:locale\" content=\"pt_BR\" \/>\n<meta property=\"og:type\" content=\"article\" \/>\n<meta property=\"og:title\" content=\"C\u00e2mara aprova subs\u00eddio tarif\u00e1rio para o transporte p\u00fablico em Natal - Blog do Bispo\" \/>\n<meta property=\"og:description\" content=\"&nbsp; Os vereadores de Natal aprovaram em vota\u00e7\u00e3o definitiva, nesta ter\u00e7a-feira (28), o Projeto de Lei Complementar n\u00ba 15\/2025, que autoriza a Prefeitura a conceder subs\u00eddio tarif\u00e1rio ao transporte p\u00fablico coletivo. O texto, encaminhado pelo Executivo, foi aprovado sem emendas e prev\u00ea aporte financeiro de at\u00e9 40% do custo operacional do sistema a partir de [&hellip;]\" \/>\n<meta property=\"og:url\" content=\"https:\/\/blogdobispo.com.br\/?p=18549\" \/>\n<meta property=\"og:site_name\" content=\"Blog do Bispo\" \/>\n<meta property=\"article:published_time\" content=\"2025-11-18T02:27:36+00:00\" \/>\n<meta property=\"article:modified_time\" content=\"2025-12-01T19:05:19+00:00\" \/>\n<meta property=\"og:image\" content=\"http:\/\/blogdobispo.com.br\/wp-content\/uploads\/2025\/11\/a151773bc1a7a91666db936fb3a4e4d5.jpg\" \/>\n\t<meta property=\"og:image:width\" content=\"1600\" \/>\n\t<meta property=\"og:image:height\" content=\"1146\" \/>\n\t<meta property=\"og:image:type\" content=\"image\/jpeg\" \/>\n<meta name=\"author\" content=\"Jefferson Sterfeno\" \/>\n<meta name=\"twitter:card\" content=\"summary_large_image\" \/>\n<meta name=\"twitter:label1\" content=\"Escrito por\" \/>\n\t<meta name=\"twitter:data1\" content=\"Jefferson Sterfeno\" \/>\n\t<meta name=\"twitter:label2\" content=\"Est. tempo de leitura\" \/>\n\t<meta name=\"twitter:data2\" content=\"2 minutos\" \/>\n<script type=\"application\/ld+json\" class=\"yoast-schema-graph\">{\"@context\":\"https:\/\/schema.org\",\"@graph\":[{\"@type\":\"Article\",\"@id\":\"https:\/\/blogdobispo.com.br\/?p=18549#article\",\"isPartOf\":{\"@id\":\"https:\/\/blogdobispo.com.br\/?p=18549\"},\"author\":{\"name\":\"Jefferson Sterfeno\",\"@id\":\"https:\/\/blogdobispo.com.br\/#\/schema\/person\/e2209cc0e6cea5c5233d033e997b373f\"},\"headline\":\"C\u00e2mara aprova subs\u00eddio tarif\u00e1rio para o transporte p\u00fablico em Natal\",\"datePublished\":\"2025-11-18T02:27:36+00:00\",\"dateModified\":\"2025-12-01T19:05:19+00:00\",\"mainEntityOfPage\":{\"@id\":\"https:\/\/blogdobispo.com.br\/?p=18549\"},\"wordCount\":322,\"commentCount\":0,\"publisher\":{\"@id\":\"https:\/\/blogdobispo.com.br\/#organization\"},\"image\":{\"@id\":\"https:\/\/blogdobispo.com.br\/?p=18549#primaryimage\"},\"thumbnailUrl\":\"https:\/\/i0.wp.com\/blogdobispo.com.br\/wp-content\/uploads\/2025\/11\/a151773bc1a7a91666db936fb3a4e4d5.jpg?fit=1600%2C1146&ssl=1\",\"articleSection\":[\"diversos\"],\"inLanguage\":\"pt-BR\",\"potentialAction\":[{\"@type\":\"CommentAction\",\"name\":\"Comment\",\"target\":[\"https:\/\/blogdobispo.com.br\/?p=18549#respond\"]}]},{\"@type\":\"WebPage\",\"@id\":\"https:\/\/blogdobispo.com.br\/?p=18549\",\"url\":\"https:\/\/blogdobispo.com.br\/?p=18549\",\"name\":\"C\u00e2mara aprova subs\u00eddio tarif\u00e1rio para o transporte p\u00fablico em Natal - Blog do Bispo\",\"isPartOf\":{\"@id\":\"https:\/\/blogdobispo.com.br\/#website\"},\"primaryImageOfPage\":{\"@id\":\"https:\/\/blogdobispo.com.br\/?p=18549#primaryimage\"},\"image\":{\"@id\":\"https:\/\/blogdobispo.com.br\/?p=18549#primaryimage\"},\"thumbnailUrl\":\"https:\/\/i0.wp.com\/blogdobispo.com.br\/wp-content\/uploads\/2025\/11\/a151773bc1a7a91666db936fb3a4e4d5.jpg?fit=1600%2C1146&ssl=1\",\"datePublished\":\"2025-11-18T02:27:36+00:00\",\"dateModified\":\"2025-12-01T19:05:19+00:00\",\"breadcrumb\":{\"@id\":\"https:\/\/blogdobispo.com.br\/?p=18549#breadcrumb\"},\"inLanguage\":\"pt-BR\",\"potentialAction\":[{\"@type\":\"ReadAction\",\"target\":[\"https:\/\/blogdobispo.com.br\/?p=18549\"]}]},{\"@type\":\"ImageObject\",\"inLanguage\":\"pt-BR\",\"@id\":\"https:\/\/blogdobispo.com.br\/?p=18549#primaryimage\",\"url\":\"https:\/\/i0.wp.com\/blogdobispo.com.br\/wp-content\/uploads\/2025\/11\/a151773bc1a7a91666db936fb3a4e4d5.jpg?fit=1600%2C1146&ssl=1\",\"contentUrl\":\"https:\/\/i0.wp.com\/blogdobispo.com.br\/wp-content\/uploads\/2025\/11\/a151773bc1a7a91666db936fb3a4e4d5.jpg?fit=1600%2C1146&ssl=1\",\"width\":1600,\"height\":1146},{\"@type\":\"BreadcrumbList\",\"@id\":\"https:\/\/blogdobispo.com.br\/?p=18549#breadcrumb\",\"itemListElement\":[{\"@type\":\"ListItem\",\"position\":1,\"name\":\"In\u00edcio\",\"item\":\"https:\/\/blogdobispo.com.br\/\"},{\"@type\":\"ListItem\",\"position\":2,\"name\":\"C\u00e2mara aprova subs\u00eddio tarif\u00e1rio para o transporte p\u00fablico em Natal\"}]},{\"@type\":\"WebSite\",\"@id\":\"https:\/\/blogdobispo.com.br\/#website\",\"url\":\"https:\/\/blogdobispo.com.br\/\",\"name\":\"Blog do Bispo\",\"description\":\"Comprometido apenas com o leitor\",\"publisher\":{\"@id\":\"https:\/\/blogdobispo.com.br\/#organization\"},\"potentialAction\":[{\"@type\":\"SearchAction\",\"target\":{\"@type\":\"EntryPoint\",\"urlTemplate\":\"https:\/\/blogdobispo.com.br\/?s={search_term_string}\"},\"query-input\":{\"@type\":\"PropertyValueSpecification\",\"valueRequired\":true,\"valueName\":\"search_term_string\"}}],\"inLanguage\":\"pt-BR\"},{\"@type\":\"Organization\",\"@id\":\"https:\/\/blogdobispo.com.br\/#organization\",\"name\":\"Blog do Bispo\",\"url\":\"https:\/\/blogdobispo.com.br\/\",\"logo\":{\"@type\":\"ImageObject\",\"inLanguage\":\"pt-BR\",\"@id\":\"https:\/\/blogdobispo.com.br\/#\/schema\/logo\/image\/\",\"url\":\"http:\/\/blogdobispo.com.br\/wp-content\/uploads\/2023\/05\/cropped-headear.png\",\"contentUrl\":\"http:\/\/blogdobispo.com.br\/wp-content\/uploads\/2023\/05\/cropped-headear.png\",\"width\":1500,\"height\":399,\"caption\":\"Blog do Bispo\"},\"image\":{\"@id\":\"https:\/\/blogdobispo.com.br\/#\/schema\/logo\/image\/\"}},{\"@type\":\"Person\",\"@id\":\"https:\/\/blogdobispo.com.br\/#\/schema\/person\/e2209cc0e6cea5c5233d033e997b373f\",\"name\":\"Jefferson Sterfeno\",\"image\":{\"@type\":\"ImageObject\",\"inLanguage\":\"pt-BR\",\"@id\":\"https:\/\/blogdobispo.com.br\/#\/schema\/person\/image\/\",\"url\":\"https:\/\/secure.gravatar.com\/avatar\/0534e84764641168a677026b6d57a3f51dc7ac4db0b4f6186d9cb330d4ee1160?s=96&d=mm&r=g\",\"contentUrl\":\"https:\/\/secure.gravatar.com\/avatar\/0534e84764641168a677026b6d57a3f51dc7ac4db0b4f6186d9cb330d4ee1160?s=96&d=mm&r=g\",\"caption\":\"Jefferson Sterfeno\"},\"sameAs\":[\"http:\/\/blogdobispo.com.br\"],\"url\":\"https:\/\/blogdobispo.com.br\/?author=1\"}]}<\/script>\n<!-- \/ Yoast SEO plugin. -->","yoast_head_json":{"title":"C\u00e2mara aprova subs\u00eddio tarif\u00e1rio para o transporte p\u00fablico em Natal - Blog do Bispo","robots":{"index":"index","follow":"follow","max-snippet":"max-snippet:-1","max-image-preview":"max-image-preview:large","max-video-preview":"max-video-preview:-1"},"canonical":"https:\/\/blogdobispo.com.br\/?p=18549","og_locale":"pt_BR","og_type":"article","og_title":"C\u00e2mara aprova subs\u00eddio tarif\u00e1rio para o transporte p\u00fablico em Natal - Blog do Bispo","og_description":"&nbsp; Os vereadores de Natal aprovaram em vota\u00e7\u00e3o definitiva, nesta ter\u00e7a-feira (28), o Projeto de Lei Complementar n\u00ba 15\/2025, que autoriza a Prefeitura a conceder subs\u00eddio tarif\u00e1rio ao transporte p\u00fablico coletivo. O texto, encaminhado pelo Executivo, foi aprovado sem emendas e prev\u00ea aporte financeiro de at\u00e9 40% do custo operacional do sistema a partir de [&hellip;]","og_url":"https:\/\/blogdobispo.com.br\/?p=18549","og_site_name":"Blog do Bispo","article_published_time":"2025-11-18T02:27:36+00:00","article_modified_time":"2025-12-01T19:05:19+00:00","og_image":[{"width":1600,"height":1146,"url":"http:\/\/blogdobispo.com.br\/wp-content\/uploads\/2025\/11\/a151773bc1a7a91666db936fb3a4e4d5.jpg","type":"image\/jpeg"}],"author":"Jefferson Sterfeno","twitter_card":"summary_large_image","twitter_misc":{"Escrito por":"Jefferson Sterfeno","Est. tempo de leitura":"2 minutos"},"schema":{"@context":"https:\/\/schema.org","@graph":[{"@type":"Article","@id":"https:\/\/blogdobispo.com.br\/?p=18549#article","isPartOf":{"@id":"https:\/\/blogdobispo.com.br\/?p=18549"},"author":{"name":"Jefferson Sterfeno","@id":"https:\/\/blogdobispo.com.br\/#\/schema\/person\/e2209cc0e6cea5c5233d033e997b373f"},"headline":"C\u00e2mara aprova subs\u00eddio tarif\u00e1rio para o transporte p\u00fablico em Natal","datePublished":"2025-11-18T02:27:36+00:00","dateModified":"2025-12-01T19:05:19+00:00","mainEntityOfPage":{"@id":"https:\/\/blogdobispo.com.br\/?p=18549"},"wordCount":322,"commentCount":0,"publisher":{"@id":"https:\/\/blogdobispo.com.br\/#organization"},"image":{"@id":"https:\/\/blogdobispo.com.br\/?p=18549#primaryimage"},"thumbnailUrl":"https:\/\/i0.wp.com\/blogdobispo.com.br\/wp-content\/uploads\/2025\/11\/a151773bc1a7a91666db936fb3a4e4d5.jpg?fit=1600%2C1146&ssl=1","articleSection":["diversos"],"inLanguage":"pt-BR","potentialAction":[{"@type":"CommentAction","name":"Comment","target":["https:\/\/blogdobispo.com.br\/?p=18549#respond"]}]},{"@type":"WebPage","@id":"https:\/\/blogdobispo.com.br\/?p=18549","url":"https:\/\/blogdobispo.com.br\/?p=18549","name":"C\u00e2mara aprova subs\u00eddio tarif\u00e1rio para o transporte p\u00fablico em Natal - Blog do Bispo","isPartOf":{"@id":"https:\/\/blogdobispo.com.br\/#website"},"primaryImageOfPage":{"@id":"https:\/\/blogdobispo.com.br\/?p=18549#primaryimage"},"image":{"@id":"https:\/\/blogdobispo.com.br\/?p=18549#primaryimage"},"thumbnailUrl":"https:\/\/i0.wp.com\/blogdobispo.com.br\/wp-content\/uploads\/2025\/11\/a151773bc1a7a91666db936fb3a4e4d5.jpg?fit=1600%2C1146&ssl=1","datePublished":"2025-11-18T02:27:36+00:00","dateModified":"2025-12-01T19:05:19+00:00","breadcrumb":{"@id":"https:\/\/blogdobispo.com.br\/?p=18549#breadcrumb"},"inLanguage":"pt-BR","potentialAction":[{"@type":"ReadAction","target":["https:\/\/blogdobispo.com.br\/?p=18549"]}]},{"@type":"ImageObject","inLanguage":"pt-BR","@id":"https:\/\/blogdobispo.com.br\/?p=18549#primaryimage","url":"https:\/\/i0.wp.com\/blogdobispo.com.br\/wp-content\/uploads\/2025\/11\/a151773bc1a7a91666db936fb3a4e4d5.jpg?fit=1600%2C1146&ssl=1","contentUrl":"https:\/\/i0.wp.com\/blogdobispo.com.br\/wp-content\/uploads\/2025\/11\/a151773bc1a7a91666db936fb3a4e4d5.jpg?fit=1600%2C1146&ssl=1","width":1600,"height":1146},{"@type":"BreadcrumbList","@id":"https:\/\/blogdobispo.com.br\/?p=18549#breadcrumb","itemListElement":[{"@type":"ListItem","position":1,"name":"In\u00edcio","item":"https:\/\/blogdobispo.com.br\/"},{"@type":"ListItem","position":2,"name":"C\u00e2mara aprova subs\u00eddio tarif\u00e1rio para o transporte p\u00fablico em Natal"}]},{"@type":"WebSite","@id":"https:\/\/blogdobispo.com.br\/#website","url":"https:\/\/blogdobispo.com.br\/","name":"Blog do Bispo","description":"Comprometido apenas com o leitor","publisher":{"@id":"https:\/\/blogdobispo.com.br\/#organization"},"potentialAction":[{"@type":"SearchAction","target":{"@type":"EntryPoint","urlTemplate":"https:\/\/blogdobispo.com.br\/?s={search_term_string}"},"query-input":{"@type":"PropertyValueSpecification","valueRequired":true,"valueName":"search_term_string"}}],"inLanguage":"pt-BR"},{"@type":"Organization","@id":"https:\/\/blogdobispo.com.br\/#organization","name":"Blog do Bispo","url":"https:\/\/blogdobispo.com.br\/","logo":{"@type":"ImageObject","inLanguage":"pt-BR","@id":"https:\/\/blogdobispo.com.br\/#\/schema\/logo\/image\/","url":"http:\/\/blogdobispo.com.br\/wp-content\/uploads\/2023\/05\/cropped-headear.png","contentUrl":"http:\/\/blogdobispo.com.br\/wp-content\/uploads\/2023\/05\/cropped-headear.png","width":1500,"height":399,"caption":"Blog do Bispo"},"image":{"@id":"https:\/\/blogdobispo.com.br\/#\/schema\/logo\/image\/"}},{"@type":"Person","@id":"https:\/\/blogdobispo.com.br\/#\/schema\/person\/e2209cc0e6cea5c5233d033e997b373f","name":"Jefferson Sterfeno","image":{"@type":"ImageObject","inLanguage":"pt-BR","@id":"https:\/\/blogdobispo.com.br\/#\/schema\/person\/image\/","url":"https:\/\/secure.gravatar.com\/avatar\/0534e84764641168a677026b6d57a3f51dc7ac4db0b4f6186d9cb330d4ee1160?s=96&d=mm&r=g","contentUrl":"https:\/\/secure.gravatar.com\/avatar\/0534e84764641168a677026b6d57a3f51dc7ac4db0b4f6186d9cb330d4ee1160?s=96&d=mm&r=g","caption":"Jefferson Sterfeno"},"sameAs":["http:\/\/blogdobispo.com.br"],"url":"https:\/\/blogdobispo.com.br\/?author=1"}]}},"featured_image_urls":{"full":["https:\/\/i0.wp.com\/blogdobispo.com.br\/wp-content\/uploads\/2025\/11\/a151773bc1a7a91666db936fb3a4e4d5.jpg?fit=1600%2C1146&ssl=1",1600,1146,false],"thumbnail":["https:\/\/i0.wp.com\/blogdobispo.com.br\/wp-content\/uploads\/2025\/11\/a151773bc1a7a91666db936fb3a4e4d5.jpg?resize=150%2C150&ssl=1",150,150,true],"medium":["https:\/\/i0.wp.com\/blogdobispo.com.br\/wp-content\/uploads\/2025\/11\/a151773bc1a7a91666db936fb3a4e4d5.jpg?fit=300%2C215&ssl=1",300,215,true],"medium_large":["https:\/\/i0.wp.com\/blogdobispo.com.br\/wp-content\/uploads\/2025\/11\/a151773bc1a7a91666db936fb3a4e4d5.jpg?fit=768%2C550&ssl=1",768,550,true],"large":["https:\/\/i0.wp.com\/blogdobispo.com.br\/wp-content\/uploads\/2025\/11\/a151773bc1a7a91666db936fb3a4e4d5.jpg?fit=800%2C573&ssl=1",800,573,true],"1536x1536":["https:\/\/i0.wp.com\/blogdobispo.com.br\/wp-content\/uploads\/2025\/11\/a151773bc1a7a91666db936fb3a4e4d5.jpg?fit=1536%2C1100&ssl=1",1536,1100,true],"2048x2048":["https:\/\/i0.wp.com\/blogdobispo.com.br\/wp-content\/uploads\/2025\/11\/a151773bc1a7a91666db936fb3a4e4d5.jpg?fit=1600%2C1146&ssl=1",1600,1146,true]},"author_info":{"display_name":"Jefferson Sterfeno","author_link":"https:\/\/blogdobispo.com.br\/?author=1"},"category_info":"<a href=\"https:\/\/blogdobispo.com.br\/?cat=1\" rel=\"category\">diversos<\/a>","tag_info":"diversos","comment_count":"0","jetpack_featured_media_url":"https:\/\/i0.wp.com\/blogdobispo.com.br\/wp-content\/uploads\/2025\/11\/a151773bc1a7a91666db936fb3a4e4d5.jpg?fit=1600%2C1146&ssl=1","jetpack_sharing_enabled":true,"_links":{"self":[{"href":"https:\/\/blogdobispo.com.br\/index.php?rest_route=\/wp\/v2\/posts\/18549","targetHints":{"allow":["GET"]}}],"collection":[{"href":"https:\/\/blogdobispo.com.br\/index.php?rest_route=\/wp\/v2\/posts"}],"about":[{"href":"https:\/\/blogdobispo.com.br\/index.php?rest_route=\/wp\/v2\/types\/post"}],"author":[{"embeddable":true,"href":"https:\/\/blogdobispo.com.br\/index.php?rest_route=\/wp\/v2\/users\/1"}],"replies":[{"embeddable":true,"href":"https:\/\/blogdobispo.com.br\/index.php?rest_route=%2Fwp%2Fv2%2Fcomments&post=18549"}],"version-history":[{"count":1,"href":"https:\/\/blogdobispo.com.br\/index.php?rest_route=\/wp\/v2\/posts\/18549\/revisions"}],"predecessor-version":[{"id":18722,"href":"https:\/\/blogdobispo.com.br\/index.php?rest_route=\/wp\/v2\/posts\/18549\/revisions\/18722"}],"wp:featuredmedia":[{"embeddable":true,"href":"https:\/\/blogdobispo.com.br\/index.php?rest_route=\/wp\/v2\/media\/18721"}],"wp:attachment":[{"href":"https:\/\/blogdobispo.com.br\/index.php?rest_route=%2Fwp%2Fv2%2Fmedia&parent=18549"}],"wp:term":[{"taxonomy":"category","embeddable":true,"href":"https:\/\/blogdobispo.com.br\/index.php?rest_route=%2Fwp%2Fv2%2Fcategories&post=18549"},{"taxonomy":"post_tag","embeddable":true,"href":"https:\/\/blogdobispo.com.br\/index.php?rest_route=%2Fwp%2Fv2%2Ftags&post=18549"}],"curies":[{"name":"wp","href":"https:\/\/api.w.org\/{rel}","templated":true}]}}