{"id":18546,"date":"2025-11-18T02:25:00","date_gmt":"2025-11-18T02:25:00","guid":{"rendered":"https:\/\/blogdobispo.com.br\/?p=18546"},"modified":"2025-11-18T02:25:00","modified_gmt":"2025-11-18T02:25:00","slug":"claudio-custodio-o-voto-que-pode-decidir-tudo","status":"publish","type":"post","link":"https:\/\/blogdobispo.com.br\/?p=18546","title":{"rendered":"Cl\u00e1udio Cust\u00f3dio: O voto que pode decidir tudo"},"content":{"rendered":"\n<figure class=\"wp-block-image size-large\"><img data-recalc-dims=\"1\" fetchpriority=\"high\" decoding=\"async\" width=\"800\" height=\"591\" src=\"https:\/\/i0.wp.com\/blogdobispo.com.br\/wp-content\/uploads\/2025\/11\/img_7759-1024x756.jpg?resize=800%2C591&#038;ssl=1\" class=\"wp-image-18544\" srcset=\"https:\/\/i0.wp.com\/blogdobispo.com.br\/wp-content\/uploads\/2025\/11\/img_7759.jpg?resize=1024%2C756&amp;ssl=1 1024w, https:\/\/i0.wp.com\/blogdobispo.com.br\/wp-content\/uploads\/2025\/11\/img_7759.jpg?resize=300%2C221&amp;ssl=1 300w, https:\/\/i0.wp.com\/blogdobispo.com.br\/wp-content\/uploads\/2025\/11\/img_7759.jpg?resize=768%2C567&amp;ssl=1 768w, https:\/\/i0.wp.com\/blogdobispo.com.br\/wp-content\/uploads\/2025\/11\/img_7759.jpg?resize=1536%2C1134&amp;ssl=1 1536w, https:\/\/i0.wp.com\/blogdobispo.com.br\/wp-content\/uploads\/2025\/11\/img_7759.jpg?w=2000&amp;ssl=1 2000w, https:\/\/i0.wp.com\/blogdobispo.com.br\/wp-content\/uploads\/2025\/11\/img_7759.jpg?w=1600 1600w\" sizes=\"(max-width: 800px) 100vw, 800px\" \/><\/figure>\n\n\n\n<p class=\"p1\"><\/p>\n\n\n\n<p class=\"p1\">Nos bastidores da C\u00e2mara Municipal de Natal, cresce a expectativa para o julgamento do pedido de cassa\u00e7\u00e3o da vereadora Brisa Bracchi. E, embora cada voto seja importante, um nome desponta como o voto de Minerva, aquele que pode definir todo o resultado: o vereador Cl\u00e1udio Cust\u00f3dio.<\/p>\n\n\n\n<p class=\"p1\">Hoje, comenta-se abertamente entre vereadores e assessores que o voto de Cl\u00e1udio ser\u00e1 o mais decisivo. N\u00e3o apenas pela matem\u00e1tica do plen\u00e1rio, mas pelo contexto pol\u00edtico que o envolve \u2014 um contexto que o coloca no centro de uma disputa entre lealdade pol\u00edtica e fidelidade ao eleitorado.<\/p>\n\n\n\n<p class=\"p3\">Entre o eleitorado conservador e o grupo pol\u00edtico<\/p>\n\n\n\n<p class=\"p1\">Cl\u00e1udio Cust\u00f3dio tem uma base eleitoral formada majoritariamente por eleitores conservadores, de direita, de perfil urbano e de classe m\u00e9dia \u2014 um p\u00fablico que, em sua maioria, defende a cassa\u00e7\u00e3o de Brisa Bracchi e v\u00ea o vereador como algu\u00e9m alinhado a esses valores.<\/p>\n\n\n\n<p class=\"p1\">Por outro lado, Cl\u00e1udio integra atualmente o grupo pol\u00edtico da deputada estadual Eudiane Macedo, figura influente na Assembleia Legislativa. E, dentro desse grupo, pesa um elemento crucial: o esposo de Eudiane, lideran\u00e7a pol\u00edtica de grande articula\u00e7\u00e3o, j\u00e1 indicou que votar\u00e1 pela continuidade do mandato de Brisa.<\/p>\n\n\n\n<p class=\"p1\">Esse movimento gerou surpresa e abriu uma disputa silenciosa sobre que lado Cl\u00e1udio dever\u00e1 seguir no dia do julgamento.<\/p>\n\n\n\n<p class=\"p3\">O dilema de Cl\u00e1udio Cust\u00f3dio<\/p>\n\n\n\n<p class=\"p1\">Assim, a pergunta que domina os bastidores \u00e9 inevit\u00e1vel:<\/p>\n\n\n\n<p class=\"p1\">A quem Cl\u00e1udio ser\u00e1 fiel?<\/p>\n\n\n\n<p class=\"p1\">Ao eleitorado conservador, que sustenta sua trajet\u00f3ria pol\u00edtica?<\/p>\n\n\n\n<p class=\"p1\">Ou ao grupo de Eudiane Macedo, que lhe oferece estrutura, articula\u00e7\u00e3o e proje\u00e7\u00e3o?<\/p>\n\n\n\n<p class=\"p1\">H\u00e1 quem diga que o voto de Cl\u00e1udio ser\u00e1 \u201ca jogada final\u201d do processo. Uma decis\u00e3o que, seja qual for, ter\u00e1 impactos imediatos no seu futuro pol\u00edtico \u2014 aproximando-o ainda mais de sua base ou refor\u00e7ando (ou tensionando) sua perman\u00eancia no grupo de Eudiane.<\/p>\n\n\n\n<p class=\"p3\">O voto que define o destino<\/p>\n\n\n\n<p class=\"p1\">Enquanto o plen\u00e1rio se prepara para um dos julgamentos mais acalorados da legislatura, uma certeza se destaca:<\/p>\n\n\n\n<p class=\"p1\">O voto de Cl\u00e1udio Cust\u00f3dio ser\u00e1 mais do que um voto \u2014 ser\u00e1 um sinal pol\u00edtico.<\/p>\n\n\n\n<p class=\"p1\">E a d\u00favida que paira no ar continua sem resposta:<\/p>\n\n\n\n<p class=\"p1\">Cl\u00e1udio atender\u00e1 \u00e0 voz dos seus eleitores ou seguir\u00e1 o compasso do seu grupo pol\u00edtico?<\/p>\n","protected":false},"excerpt":{"rendered":"<p>Nos bastidores da C\u00e2mara Municipal de Natal, cresce a expectativa para o julgamento do pedido de cassa\u00e7\u00e3o da vereadora Brisa Bracchi. E, embora cada voto seja importante, um nome desponta como o voto de Minerva, aquele que pode definir todo o resultado: o vereador Cl\u00e1udio Cust\u00f3dio. Hoje, comenta-se abertamente entre vereadores e assessores que o [&hellip;]<\/p>\n","protected":false},"author":1,"featured_media":18545,"comment_status":"open","ping_status":"open","sticky":false,"template":"","format":"standard","meta":{"cybocfi_hide_featured_image":"","_jetpack_memberships_contains_paid_content":false,"footnotes":""},"categories":[1],"tags":[],"class_list":["post-18546","post","type-post","status-publish","format-standard","has-post-thumbnail","hentry","category-diversos"],"yoast_head":"<!-- This site is optimized with the Yoast SEO plugin v25.6 - https:\/\/yoast.com\/wordpress\/plugins\/seo\/ -->\n<title>Cl\u00e1udio Cust\u00f3dio: O voto que pode decidir tudo - Blog do Bispo<\/title>\n<meta name=\"robots\" content=\"index, follow, max-snippet:-1, max-image-preview:large, max-video-preview:-1\" \/>\n<link rel=\"canonical\" href=\"https:\/\/blogdobispo.com.br\/?p=18546\" \/>\n<meta property=\"og:locale\" content=\"pt_BR\" \/>\n<meta property=\"og:type\" content=\"article\" \/>\n<meta property=\"og:title\" content=\"Cl\u00e1udio Cust\u00f3dio: O voto que pode decidir tudo - Blog do Bispo\" \/>\n<meta property=\"og:description\" content=\"Nos bastidores da C\u00e2mara Municipal de Natal, cresce a expectativa para o julgamento do pedido de cassa\u00e7\u00e3o da vereadora Brisa Bracchi. E, embora cada voto seja importante, um nome desponta como o voto de Minerva, aquele que pode definir todo o resultado: o vereador Cl\u00e1udio Cust\u00f3dio. Hoje, comenta-se abertamente entre vereadores e assessores que o [&hellip;]\" \/>\n<meta property=\"og:url\" content=\"https:\/\/blogdobispo.com.br\/?p=18546\" \/>\n<meta property=\"og:site_name\" content=\"Blog do Bispo\" \/>\n<meta property=\"article:published_time\" content=\"2025-11-18T02:25:00+00:00\" \/>\n<meta property=\"og:image\" content=\"https:\/\/blogdobispo.com.br\/wp-content\/uploads\/2025\/11\/img_7759-1024x756.jpg\" \/>\n<meta name=\"author\" content=\"Jefferson Sterfeno\" \/>\n<meta name=\"twitter:card\" content=\"summary_large_image\" \/>\n<meta name=\"twitter:label1\" content=\"Escrito por\" \/>\n\t<meta name=\"twitter:data1\" content=\"Jefferson Sterfeno\" \/>\n\t<meta name=\"twitter:label2\" content=\"Est. tempo de leitura\" \/>\n\t<meta name=\"twitter:data2\" content=\"2 minutos\" \/>\n<script type=\"application\/ld+json\" class=\"yoast-schema-graph\">{\"@context\":\"https:\/\/schema.org\",\"@graph\":[{\"@type\":\"Article\",\"@id\":\"https:\/\/blogdobispo.com.br\/?p=18546#article\",\"isPartOf\":{\"@id\":\"https:\/\/blogdobispo.com.br\/?p=18546\"},\"author\":{\"name\":\"Jefferson Sterfeno\",\"@id\":\"https:\/\/blogdobispo.com.br\/#\/schema\/person\/e2209cc0e6cea5c5233d033e997b373f\"},\"headline\":\"Cl\u00e1udio Cust\u00f3dio: O voto que pode decidir tudo\",\"datePublished\":\"2025-11-18T02:25:00+00:00\",\"mainEntityOfPage\":{\"@id\":\"https:\/\/blogdobispo.com.br\/?p=18546\"},\"wordCount\":404,\"commentCount\":0,\"publisher\":{\"@id\":\"https:\/\/blogdobispo.com.br\/#organization\"},\"image\":{\"@id\":\"https:\/\/blogdobispo.com.br\/?p=18546#primaryimage\"},\"thumbnailUrl\":\"https:\/\/i0.wp.com\/blogdobispo.com.br\/wp-content\/uploads\/2025\/11\/img_7759-1.jpg?fit=2000%2C1476&ssl=1\",\"articleSection\":[\"diversos\"],\"inLanguage\":\"pt-BR\",\"potentialAction\":[{\"@type\":\"CommentAction\",\"name\":\"Comment\",\"target\":[\"https:\/\/blogdobispo.com.br\/?p=18546#respond\"]}]},{\"@type\":\"WebPage\",\"@id\":\"https:\/\/blogdobispo.com.br\/?p=18546\",\"url\":\"https:\/\/blogdobispo.com.br\/?p=18546\",\"name\":\"Cl\u00e1udio Cust\u00f3dio: O voto que pode decidir tudo - Blog do Bispo\",\"isPartOf\":{\"@id\":\"https:\/\/blogdobispo.com.br\/#website\"},\"primaryImageOfPage\":{\"@id\":\"https:\/\/blogdobispo.com.br\/?p=18546#primaryimage\"},\"image\":{\"@id\":\"https:\/\/blogdobispo.com.br\/?p=18546#primaryimage\"},\"thumbnailUrl\":\"https:\/\/i0.wp.com\/blogdobispo.com.br\/wp-content\/uploads\/2025\/11\/img_7759-1.jpg?fit=2000%2C1476&ssl=1\",\"datePublished\":\"2025-11-18T02:25:00+00:00\",\"breadcrumb\":{\"@id\":\"https:\/\/blogdobispo.com.br\/?p=18546#breadcrumb\"},\"inLanguage\":\"pt-BR\",\"potentialAction\":[{\"@type\":\"ReadAction\",\"target\":[\"https:\/\/blogdobispo.com.br\/?p=18546\"]}]},{\"@type\":\"ImageObject\",\"inLanguage\":\"pt-BR\",\"@id\":\"https:\/\/blogdobispo.com.br\/?p=18546#primaryimage\",\"url\":\"https:\/\/i0.wp.com\/blogdobispo.com.br\/wp-content\/uploads\/2025\/11\/img_7759-1.jpg?fit=2000%2C1476&ssl=1\",\"contentUrl\":\"https:\/\/i0.wp.com\/blogdobispo.com.br\/wp-content\/uploads\/2025\/11\/img_7759-1.jpg?fit=2000%2C1476&ssl=1\",\"width\":2000,\"height\":1476},{\"@type\":\"BreadcrumbList\",\"@id\":\"https:\/\/blogdobispo.com.br\/?p=18546#breadcrumb\",\"itemListElement\":[{\"@type\":\"ListItem\",\"position\":1,\"name\":\"In\u00edcio\",\"item\":\"https:\/\/blogdobispo.com.br\/\"},{\"@type\":\"ListItem\",\"position\":2,\"name\":\"Cl\u00e1udio Cust\u00f3dio: O voto que pode decidir tudo\"}]},{\"@type\":\"WebSite\",\"@id\":\"https:\/\/blogdobispo.com.br\/#website\",\"url\":\"https:\/\/blogdobispo.com.br\/\",\"name\":\"Blog do Bispo\",\"description\":\"Comprometido apenas com o leitor\",\"publisher\":{\"@id\":\"https:\/\/blogdobispo.com.br\/#organization\"},\"potentialAction\":[{\"@type\":\"SearchAction\",\"target\":{\"@type\":\"EntryPoint\",\"urlTemplate\":\"https:\/\/blogdobispo.com.br\/?s={search_term_string}\"},\"query-input\":{\"@type\":\"PropertyValueSpecification\",\"valueRequired\":true,\"valueName\":\"search_term_string\"}}],\"inLanguage\":\"pt-BR\"},{\"@type\":\"Organization\",\"@id\":\"https:\/\/blogdobispo.com.br\/#organization\",\"name\":\"Blog do Bispo\",\"url\":\"https:\/\/blogdobispo.com.br\/\",\"logo\":{\"@type\":\"ImageObject\",\"inLanguage\":\"pt-BR\",\"@id\":\"https:\/\/blogdobispo.com.br\/#\/schema\/logo\/image\/\",\"url\":\"http:\/\/blogdobispo.com.br\/wp-content\/uploads\/2023\/05\/cropped-headear.png\",\"contentUrl\":\"http:\/\/blogdobispo.com.br\/wp-content\/uploads\/2023\/05\/cropped-headear.png\",\"width\":1500,\"height\":399,\"caption\":\"Blog do Bispo\"},\"image\":{\"@id\":\"https:\/\/blogdobispo.com.br\/#\/schema\/logo\/image\/\"}},{\"@type\":\"Person\",\"@id\":\"https:\/\/blogdobispo.com.br\/#\/schema\/person\/e2209cc0e6cea5c5233d033e997b373f\",\"name\":\"Jefferson Sterfeno\",\"image\":{\"@type\":\"ImageObject\",\"inLanguage\":\"pt-BR\",\"@id\":\"https:\/\/blogdobispo.com.br\/#\/schema\/person\/image\/\",\"url\":\"https:\/\/secure.gravatar.com\/avatar\/0534e84764641168a677026b6d57a3f51dc7ac4db0b4f6186d9cb330d4ee1160?s=96&d=mm&r=g\",\"contentUrl\":\"https:\/\/secure.gravatar.com\/avatar\/0534e84764641168a677026b6d57a3f51dc7ac4db0b4f6186d9cb330d4ee1160?s=96&d=mm&r=g\",\"caption\":\"Jefferson Sterfeno\"},\"sameAs\":[\"http:\/\/blogdobispo.com.br\"],\"url\":\"https:\/\/blogdobispo.com.br\/?author=1\"}]}<\/script>\n<!-- \/ Yoast SEO plugin. -->","yoast_head_json":{"title":"Cl\u00e1udio Cust\u00f3dio: O voto que pode decidir tudo - Blog do Bispo","robots":{"index":"index","follow":"follow","max-snippet":"max-snippet:-1","max-image-preview":"max-image-preview:large","max-video-preview":"max-video-preview:-1"},"canonical":"https:\/\/blogdobispo.com.br\/?p=18546","og_locale":"pt_BR","og_type":"article","og_title":"Cl\u00e1udio Cust\u00f3dio: O voto que pode decidir tudo - Blog do Bispo","og_description":"Nos bastidores da C\u00e2mara Municipal de Natal, cresce a expectativa para o julgamento do pedido de cassa\u00e7\u00e3o da vereadora Brisa Bracchi. E, embora cada voto seja importante, um nome desponta como o voto de Minerva, aquele que pode definir todo o resultado: o vereador Cl\u00e1udio Cust\u00f3dio. Hoje, comenta-se abertamente entre vereadores e assessores que o [&hellip;]","og_url":"https:\/\/blogdobispo.com.br\/?p=18546","og_site_name":"Blog do Bispo","article_published_time":"2025-11-18T02:25:00+00:00","og_image":[{"url":"https:\/\/blogdobispo.com.br\/wp-content\/uploads\/2025\/11\/img_7759-1024x756.jpg","type":"","width":"","height":""}],"author":"Jefferson Sterfeno","twitter_card":"summary_large_image","twitter_misc":{"Escrito por":"Jefferson Sterfeno","Est. tempo de leitura":"2 minutos"},"schema":{"@context":"https:\/\/schema.org","@graph":[{"@type":"Article","@id":"https:\/\/blogdobispo.com.br\/?p=18546#article","isPartOf":{"@id":"https:\/\/blogdobispo.com.br\/?p=18546"},"author":{"name":"Jefferson Sterfeno","@id":"https:\/\/blogdobispo.com.br\/#\/schema\/person\/e2209cc0e6cea5c5233d033e997b373f"},"headline":"Cl\u00e1udio Cust\u00f3dio: O voto que pode decidir tudo","datePublished":"2025-11-18T02:25:00+00:00","mainEntityOfPage":{"@id":"https:\/\/blogdobispo.com.br\/?p=18546"},"wordCount":404,"commentCount":0,"publisher":{"@id":"https:\/\/blogdobispo.com.br\/#organization"},"image":{"@id":"https:\/\/blogdobispo.com.br\/?p=18546#primaryimage"},"thumbnailUrl":"https:\/\/i0.wp.com\/blogdobispo.com.br\/wp-content\/uploads\/2025\/11\/img_7759-1.jpg?fit=2000%2C1476&ssl=1","articleSection":["diversos"],"inLanguage":"pt-BR","potentialAction":[{"@type":"CommentAction","name":"Comment","target":["https:\/\/blogdobispo.com.br\/?p=18546#respond"]}]},{"@type":"WebPage","@id":"https:\/\/blogdobispo.com.br\/?p=18546","url":"https:\/\/blogdobispo.com.br\/?p=18546","name":"Cl\u00e1udio Cust\u00f3dio: O voto que pode decidir tudo - Blog do Bispo","isPartOf":{"@id":"https:\/\/blogdobispo.com.br\/#website"},"primaryImageOfPage":{"@id":"https:\/\/blogdobispo.com.br\/?p=18546#primaryimage"},"image":{"@id":"https:\/\/blogdobispo.com.br\/?p=18546#primaryimage"},"thumbnailUrl":"https:\/\/i0.wp.com\/blogdobispo.com.br\/wp-content\/uploads\/2025\/11\/img_7759-1.jpg?fit=2000%2C1476&ssl=1","datePublished":"2025-11-18T02:25:00+00:00","breadcrumb":{"@id":"https:\/\/blogdobispo.com.br\/?p=18546#breadcrumb"},"inLanguage":"pt-BR","potentialAction":[{"@type":"ReadAction","target":["https:\/\/blogdobispo.com.br\/?p=18546"]}]},{"@type":"ImageObject","inLanguage":"pt-BR","@id":"https:\/\/blogdobispo.com.br\/?p=18546#primaryimage","url":"https:\/\/i0.wp.com\/blogdobispo.com.br\/wp-content\/uploads\/2025\/11\/img_7759-1.jpg?fit=2000%2C1476&ssl=1","contentUrl":"https:\/\/i0.wp.com\/blogdobispo.com.br\/wp-content\/uploads\/2025\/11\/img_7759-1.jpg?fit=2000%2C1476&ssl=1","width":2000,"height":1476},{"@type":"BreadcrumbList","@id":"https:\/\/blogdobispo.com.br\/?p=18546#breadcrumb","itemListElement":[{"@type":"ListItem","position":1,"name":"In\u00edcio","item":"https:\/\/blogdobispo.com.br\/"},{"@type":"ListItem","position":2,"name":"Cl\u00e1udio Cust\u00f3dio: O voto que pode decidir tudo"}]},{"@type":"WebSite","@id":"https:\/\/blogdobispo.com.br\/#website","url":"https:\/\/blogdobispo.com.br\/","name":"Blog do Bispo","description":"Comprometido apenas com o leitor","publisher":{"@id":"https:\/\/blogdobispo.com.br\/#organization"},"potentialAction":[{"@type":"SearchAction","target":{"@type":"EntryPoint","urlTemplate":"https:\/\/blogdobispo.com.br\/?s={search_term_string}"},"query-input":{"@type":"PropertyValueSpecification","valueRequired":true,"valueName":"search_term_string"}}],"inLanguage":"pt-BR"},{"@type":"Organization","@id":"https:\/\/blogdobispo.com.br\/#organization","name":"Blog do Bispo","url":"https:\/\/blogdobispo.com.br\/","logo":{"@type":"ImageObject","inLanguage":"pt-BR","@id":"https:\/\/blogdobispo.com.br\/#\/schema\/logo\/image\/","url":"http:\/\/blogdobispo.com.br\/wp-content\/uploads\/2023\/05\/cropped-headear.png","contentUrl":"http:\/\/blogdobispo.com.br\/wp-content\/uploads\/2023\/05\/cropped-headear.png","width":1500,"height":399,"caption":"Blog do Bispo"},"image":{"@id":"https:\/\/blogdobispo.com.br\/#\/schema\/logo\/image\/"}},{"@type":"Person","@id":"https:\/\/blogdobispo.com.br\/#\/schema\/person\/e2209cc0e6cea5c5233d033e997b373f","name":"Jefferson Sterfeno","image":{"@type":"ImageObject","inLanguage":"pt-BR","@id":"https:\/\/blogdobispo.com.br\/#\/schema\/person\/image\/","url":"https:\/\/secure.gravatar.com\/avatar\/0534e84764641168a677026b6d57a3f51dc7ac4db0b4f6186d9cb330d4ee1160?s=96&d=mm&r=g","contentUrl":"https:\/\/secure.gravatar.com\/avatar\/0534e84764641168a677026b6d57a3f51dc7ac4db0b4f6186d9cb330d4ee1160?s=96&d=mm&r=g","caption":"Jefferson Sterfeno"},"sameAs":["http:\/\/blogdobispo.com.br"],"url":"https:\/\/blogdobispo.com.br\/?author=1"}]}},"featured_image_urls":{"full":["https:\/\/i0.wp.com\/blogdobispo.com.br\/wp-content\/uploads\/2025\/11\/img_7759-1.jpg?fit=2000%2C1476&ssl=1",2000,1476,false],"thumbnail":["https:\/\/i0.wp.com\/blogdobispo.com.br\/wp-content\/uploads\/2025\/11\/img_7759-1.jpg?resize=150%2C150&ssl=1",150,150,true],"medium":["https:\/\/i0.wp.com\/blogdobispo.com.br\/wp-content\/uploads\/2025\/11\/img_7759-1.jpg?fit=300%2C221&ssl=1",300,221,true],"medium_large":["https:\/\/i0.wp.com\/blogdobispo.com.br\/wp-content\/uploads\/2025\/11\/img_7759-1.jpg?fit=768%2C567&ssl=1",768,567,true],"large":["https:\/\/i0.wp.com\/blogdobispo.com.br\/wp-content\/uploads\/2025\/11\/img_7759-1.jpg?fit=800%2C591&ssl=1",800,591,true],"1536x1536":["https:\/\/i0.wp.com\/blogdobispo.com.br\/wp-content\/uploads\/2025\/11\/img_7759-1.jpg?fit=1536%2C1134&ssl=1",1536,1134,true],"2048x2048":["https:\/\/i0.wp.com\/blogdobispo.com.br\/wp-content\/uploads\/2025\/11\/img_7759-1.jpg?fit=2000%2C1476&ssl=1",2000,1476,true]},"author_info":{"display_name":"Jefferson Sterfeno","author_link":"https:\/\/blogdobispo.com.br\/?author=1"},"category_info":"<a href=\"https:\/\/blogdobispo.com.br\/?cat=1\" rel=\"category\">diversos<\/a>","tag_info":"diversos","comment_count":"0","jetpack_featured_media_url":"https:\/\/i0.wp.com\/blogdobispo.com.br\/wp-content\/uploads\/2025\/11\/img_7759-1.jpg?fit=2000%2C1476&ssl=1","jetpack_sharing_enabled":true,"_links":{"self":[{"href":"https:\/\/blogdobispo.com.br\/index.php?rest_route=\/wp\/v2\/posts\/18546","targetHints":{"allow":["GET"]}}],"collection":[{"href":"https:\/\/blogdobispo.com.br\/index.php?rest_route=\/wp\/v2\/posts"}],"about":[{"href":"https:\/\/blogdobispo.com.br\/index.php?rest_route=\/wp\/v2\/types\/post"}],"author":[{"embeddable":true,"href":"https:\/\/blogdobispo.com.br\/index.php?rest_route=\/wp\/v2\/users\/1"}],"replies":[{"embeddable":true,"href":"https:\/\/blogdobispo.com.br\/index.php?rest_route=%2Fwp%2Fv2%2Fcomments&post=18546"}],"version-history":[{"count":0,"href":"https:\/\/blogdobispo.com.br\/index.php?rest_route=\/wp\/v2\/posts\/18546\/revisions"}],"wp:featuredmedia":[{"embeddable":true,"href":"https:\/\/blogdobispo.com.br\/index.php?rest_route=\/wp\/v2\/media\/18545"}],"wp:attachment":[{"href":"https:\/\/blogdobispo.com.br\/index.php?rest_route=%2Fwp%2Fv2%2Fmedia&parent=18546"}],"wp:term":[{"taxonomy":"category","embeddable":true,"href":"https:\/\/blogdobispo.com.br\/index.php?rest_route=%2Fwp%2Fv2%2Fcategories&post=18546"},{"taxonomy":"post_tag","embeddable":true,"href":"https:\/\/blogdobispo.com.br\/index.php?rest_route=%2Fwp%2Fv2%2Ftags&post=18546"}],"curies":[{"name":"wp","href":"https:\/\/api.w.org\/{rel}","templated":true}]}}