{"id":18543,"date":"2025-11-17T19:13:47","date_gmt":"2025-11-17T19:13:47","guid":{"rendered":"https:\/\/blogdobispo.com.br\/?p=18543"},"modified":"2025-11-17T19:13:47","modified_gmt":"2025-11-17T19:13:47","slug":"presidencia-marca-sessao-decisiva-sobre-cassacao-de-brisa-bracchi","status":"publish","type":"post","link":"https:\/\/blogdobispo.com.br\/?p=18543","title":{"rendered":"Presid\u00eancia marca sess\u00e3o decisiva sobre cassa\u00e7\u00e3o de Brisa Bracchi"},"content":{"rendered":"\n<figure class=\"wp-block-image size-large\"><img data-recalc-dims=\"1\" fetchpriority=\"high\" decoding=\"async\" width=\"738\" height=\"416\" src=\"https:\/\/i0.wp.com\/blogdobispo.com.br\/wp-content\/uploads\/2025\/11\/img_7730.jpg?resize=738%2C416&#038;ssl=1\" class=\"wp-image-18541\" srcset=\"https:\/\/i0.wp.com\/blogdobispo.com.br\/wp-content\/uploads\/2025\/11\/img_7730.jpg?w=738&amp;ssl=1 738w, https:\/\/i0.wp.com\/blogdobispo.com.br\/wp-content\/uploads\/2025\/11\/img_7730.jpg?resize=300%2C169&amp;ssl=1 300w\" sizes=\"(max-width: 738px) 100vw, 738px\" \/><\/figure>\n\n\n\n<p class=\"p1\"><\/p>\n\n\n\n<p class=\"p1\">A pr\u00f3xima ter\u00e7a-feira, \u00e0s 9h, deve ser marcada por um dos momentos mais tensos da atual legislatura na C\u00e2mara Municipal de Natal. A Presid\u00eancia da Casa confirmou, por meio do Ato da Presid\u00eancia n\u00ba 28, a data e o hor\u00e1rio do julgamento do pedido de cassa\u00e7\u00e3o da vereadora Brisa Bracchi (PT).<\/p>\n\n\n\n<p class=\"p1\">O ato tamb\u00e9m oficializou a convoca\u00e7\u00e3o dos suplentes Albert Dickson, que assume a cadeira do vereador Matheus Faustino, autor da den\u00fancia, e J\u00falia Arruda, suplente de Brisa, que poder\u00e1 ocupar o lugar da parlamentar durante a sess\u00e3o.<\/p>\n\n\n\n<p class=\"p1\">Nos bastidores, o clima \u00e9 de expectativa e cautela. Fontes relatam um ambiente carregado no Pal\u00e1cio Frei Miguelinho, com articula\u00e7\u00f5es intensificadas e vereadores sendo pressionados por diferentes grupos pol\u00edticos \u00e0s v\u00e9speras da vota\u00e7\u00e3o.<\/p>\n\n\n\n<p class=\"p1\">A sess\u00e3o promete atrair a aten\u00e7\u00e3o de movimentos sociais, assessores, lideran\u00e7as partid\u00e1rias e da sociedade civil, que acompanham de perto o desfecho de um processo que pode alterar o equil\u00edbrio pol\u00edtico dentro da C\u00e2mara.<\/p>\n\n\n\n<p class=\"p1\">At\u00e9 l\u00e1, as especula\u00e7\u00f5es seguem fortes: enquanto aliados de Brisa tentam evitar o avan\u00e7o do pedido de cassa\u00e7\u00e3o, setores favor\u00e1veis ao processo acreditam que a convoca\u00e7\u00e3o dos suplentes j\u00e1 indica um embate duro e decisivo.<\/p>\n","protected":false},"excerpt":{"rendered":"<p>A pr\u00f3xima ter\u00e7a-feira, \u00e0s 9h, deve ser marcada por um dos momentos mais tensos da atual legislatura na C\u00e2mara Municipal de Natal. A Presid\u00eancia da Casa confirmou, por meio do Ato da Presid\u00eancia n\u00ba 28, a data e o hor\u00e1rio do julgamento do pedido de cassa\u00e7\u00e3o da vereadora Brisa Bracchi (PT). O ato tamb\u00e9m oficializou [&hellip;]<\/p>\n","protected":false},"author":1,"featured_media":18542,"comment_status":"open","ping_status":"open","sticky":false,"template":"","format":"standard","meta":{"cybocfi_hide_featured_image":"","_jetpack_memberships_contains_paid_content":false,"footnotes":""},"categories":[1],"tags":[],"class_list":["post-18543","post","type-post","status-publish","format-standard","has-post-thumbnail","hentry","category-diversos"],"yoast_head":"<!-- This site is optimized with the Yoast SEO plugin v25.6 - https:\/\/yoast.com\/wordpress\/plugins\/seo\/ -->\n<title>Presid\u00eancia marca sess\u00e3o decisiva sobre cassa\u00e7\u00e3o de Brisa Bracchi - Blog do Bispo<\/title>\n<meta name=\"robots\" content=\"index, follow, max-snippet:-1, max-image-preview:large, max-video-preview:-1\" \/>\n<link rel=\"canonical\" href=\"https:\/\/blogdobispo.com.br\/?p=18543\" \/>\n<meta property=\"og:locale\" content=\"pt_BR\" \/>\n<meta property=\"og:type\" content=\"article\" \/>\n<meta property=\"og:title\" content=\"Presid\u00eancia marca sess\u00e3o decisiva sobre cassa\u00e7\u00e3o de Brisa Bracchi - Blog do Bispo\" \/>\n<meta property=\"og:description\" content=\"A pr\u00f3xima ter\u00e7a-feira, \u00e0s 9h, deve ser marcada por um dos momentos mais tensos da atual legislatura na C\u00e2mara Municipal de Natal. A Presid\u00eancia da Casa confirmou, por meio do Ato da Presid\u00eancia n\u00ba 28, a data e o hor\u00e1rio do julgamento do pedido de cassa\u00e7\u00e3o da vereadora Brisa Bracchi (PT). O ato tamb\u00e9m oficializou [&hellip;]\" \/>\n<meta property=\"og:url\" content=\"https:\/\/blogdobispo.com.br\/?p=18543\" \/>\n<meta property=\"og:site_name\" content=\"Blog do Bispo\" \/>\n<meta property=\"article:published_time\" content=\"2025-11-17T19:13:47+00:00\" \/>\n<meta property=\"og:image\" content=\"https:\/\/blogdobispo.com.br\/wp-content\/uploads\/2025\/11\/img_7730.jpg\" \/>\n<meta name=\"author\" content=\"Jefferson Sterfeno\" \/>\n<meta name=\"twitter:card\" content=\"summary_large_image\" \/>\n<meta name=\"twitter:label1\" content=\"Escrito por\" \/>\n\t<meta name=\"twitter:data1\" content=\"Jefferson Sterfeno\" \/>\n\t<meta name=\"twitter:label2\" content=\"Est. tempo de leitura\" \/>\n\t<meta name=\"twitter:data2\" content=\"1 minuto\" \/>\n<script type=\"application\/ld+json\" class=\"yoast-schema-graph\">{\"@context\":\"https:\/\/schema.org\",\"@graph\":[{\"@type\":\"Article\",\"@id\":\"https:\/\/blogdobispo.com.br\/?p=18543#article\",\"isPartOf\":{\"@id\":\"https:\/\/blogdobispo.com.br\/?p=18543\"},\"author\":{\"name\":\"Jefferson Sterfeno\",\"@id\":\"https:\/\/blogdobispo.com.br\/#\/schema\/person\/e2209cc0e6cea5c5233d033e997b373f\"},\"headline\":\"Presid\u00eancia marca sess\u00e3o decisiva sobre cassa\u00e7\u00e3o de Brisa Bracchi\",\"datePublished\":\"2025-11-17T19:13:47+00:00\",\"mainEntityOfPage\":{\"@id\":\"https:\/\/blogdobispo.com.br\/?p=18543\"},\"wordCount\":229,\"commentCount\":0,\"publisher\":{\"@id\":\"https:\/\/blogdobispo.com.br\/#organization\"},\"image\":{\"@id\":\"https:\/\/blogdobispo.com.br\/?p=18543#primaryimage\"},\"thumbnailUrl\":\"https:\/\/i0.wp.com\/blogdobispo.com.br\/wp-content\/uploads\/2025\/11\/img_7730-1.jpg?fit=738%2C416&ssl=1\",\"articleSection\":[\"diversos\"],\"inLanguage\":\"pt-BR\",\"potentialAction\":[{\"@type\":\"CommentAction\",\"name\":\"Comment\",\"target\":[\"https:\/\/blogdobispo.com.br\/?p=18543#respond\"]}]},{\"@type\":\"WebPage\",\"@id\":\"https:\/\/blogdobispo.com.br\/?p=18543\",\"url\":\"https:\/\/blogdobispo.com.br\/?p=18543\",\"name\":\"Presid\u00eancia marca sess\u00e3o decisiva sobre cassa\u00e7\u00e3o de Brisa Bracchi - Blog do Bispo\",\"isPartOf\":{\"@id\":\"https:\/\/blogdobispo.com.br\/#website\"},\"primaryImageOfPage\":{\"@id\":\"https:\/\/blogdobispo.com.br\/?p=18543#primaryimage\"},\"image\":{\"@id\":\"https:\/\/blogdobispo.com.br\/?p=18543#primaryimage\"},\"thumbnailUrl\":\"https:\/\/i0.wp.com\/blogdobispo.com.br\/wp-content\/uploads\/2025\/11\/img_7730-1.jpg?fit=738%2C416&ssl=1\",\"datePublished\":\"2025-11-17T19:13:47+00:00\",\"breadcrumb\":{\"@id\":\"https:\/\/blogdobispo.com.br\/?p=18543#breadcrumb\"},\"inLanguage\":\"pt-BR\",\"potentialAction\":[{\"@type\":\"ReadAction\",\"target\":[\"https:\/\/blogdobispo.com.br\/?p=18543\"]}]},{\"@type\":\"ImageObject\",\"inLanguage\":\"pt-BR\",\"@id\":\"https:\/\/blogdobispo.com.br\/?p=18543#primaryimage\",\"url\":\"https:\/\/i0.wp.com\/blogdobispo.com.br\/wp-content\/uploads\/2025\/11\/img_7730-1.jpg?fit=738%2C416&ssl=1\",\"contentUrl\":\"https:\/\/i0.wp.com\/blogdobispo.com.br\/wp-content\/uploads\/2025\/11\/img_7730-1.jpg?fit=738%2C416&ssl=1\",\"width\":738,\"height\":416},{\"@type\":\"BreadcrumbList\",\"@id\":\"https:\/\/blogdobispo.com.br\/?p=18543#breadcrumb\",\"itemListElement\":[{\"@type\":\"ListItem\",\"position\":1,\"name\":\"In\u00edcio\",\"item\":\"https:\/\/blogdobispo.com.br\/\"},{\"@type\":\"ListItem\",\"position\":2,\"name\":\"Presid\u00eancia marca sess\u00e3o decisiva sobre cassa\u00e7\u00e3o de Brisa Bracchi\"}]},{\"@type\":\"WebSite\",\"@id\":\"https:\/\/blogdobispo.com.br\/#website\",\"url\":\"https:\/\/blogdobispo.com.br\/\",\"name\":\"Blog do Bispo\",\"description\":\"Comprometido apenas com o leitor\",\"publisher\":{\"@id\":\"https:\/\/blogdobispo.com.br\/#organization\"},\"potentialAction\":[{\"@type\":\"SearchAction\",\"target\":{\"@type\":\"EntryPoint\",\"urlTemplate\":\"https:\/\/blogdobispo.com.br\/?s={search_term_string}\"},\"query-input\":{\"@type\":\"PropertyValueSpecification\",\"valueRequired\":true,\"valueName\":\"search_term_string\"}}],\"inLanguage\":\"pt-BR\"},{\"@type\":\"Organization\",\"@id\":\"https:\/\/blogdobispo.com.br\/#organization\",\"name\":\"Blog do Bispo\",\"url\":\"https:\/\/blogdobispo.com.br\/\",\"logo\":{\"@type\":\"ImageObject\",\"inLanguage\":\"pt-BR\",\"@id\":\"https:\/\/blogdobispo.com.br\/#\/schema\/logo\/image\/\",\"url\":\"http:\/\/blogdobispo.com.br\/wp-content\/uploads\/2023\/05\/cropped-headear.png\",\"contentUrl\":\"http:\/\/blogdobispo.com.br\/wp-content\/uploads\/2023\/05\/cropped-headear.png\",\"width\":1500,\"height\":399,\"caption\":\"Blog do Bispo\"},\"image\":{\"@id\":\"https:\/\/blogdobispo.com.br\/#\/schema\/logo\/image\/\"}},{\"@type\":\"Person\",\"@id\":\"https:\/\/blogdobispo.com.br\/#\/schema\/person\/e2209cc0e6cea5c5233d033e997b373f\",\"name\":\"Jefferson Sterfeno\",\"image\":{\"@type\":\"ImageObject\",\"inLanguage\":\"pt-BR\",\"@id\":\"https:\/\/blogdobispo.com.br\/#\/schema\/person\/image\/\",\"url\":\"https:\/\/secure.gravatar.com\/avatar\/0534e84764641168a677026b6d57a3f51dc7ac4db0b4f6186d9cb330d4ee1160?s=96&d=mm&r=g\",\"contentUrl\":\"https:\/\/secure.gravatar.com\/avatar\/0534e84764641168a677026b6d57a3f51dc7ac4db0b4f6186d9cb330d4ee1160?s=96&d=mm&r=g\",\"caption\":\"Jefferson Sterfeno\"},\"sameAs\":[\"http:\/\/blogdobispo.com.br\"],\"url\":\"https:\/\/blogdobispo.com.br\/?author=1\"}]}<\/script>\n<!-- \/ Yoast SEO plugin. -->","yoast_head_json":{"title":"Presid\u00eancia marca sess\u00e3o decisiva sobre cassa\u00e7\u00e3o de Brisa Bracchi - Blog do Bispo","robots":{"index":"index","follow":"follow","max-snippet":"max-snippet:-1","max-image-preview":"max-image-preview:large","max-video-preview":"max-video-preview:-1"},"canonical":"https:\/\/blogdobispo.com.br\/?p=18543","og_locale":"pt_BR","og_type":"article","og_title":"Presid\u00eancia marca sess\u00e3o decisiva sobre cassa\u00e7\u00e3o de Brisa Bracchi - Blog do Bispo","og_description":"A pr\u00f3xima ter\u00e7a-feira, \u00e0s 9h, deve ser marcada por um dos momentos mais tensos da atual legislatura na C\u00e2mara Municipal de Natal. A Presid\u00eancia da Casa confirmou, por meio do Ato da Presid\u00eancia n\u00ba 28, a data e o hor\u00e1rio do julgamento do pedido de cassa\u00e7\u00e3o da vereadora Brisa Bracchi (PT). O ato tamb\u00e9m oficializou [&hellip;]","og_url":"https:\/\/blogdobispo.com.br\/?p=18543","og_site_name":"Blog do Bispo","article_published_time":"2025-11-17T19:13:47+00:00","og_image":[{"url":"https:\/\/blogdobispo.com.br\/wp-content\/uploads\/2025\/11\/img_7730.jpg","type":"","width":"","height":""}],"author":"Jefferson Sterfeno","twitter_card":"summary_large_image","twitter_misc":{"Escrito por":"Jefferson Sterfeno","Est. tempo de leitura":"1 minuto"},"schema":{"@context":"https:\/\/schema.org","@graph":[{"@type":"Article","@id":"https:\/\/blogdobispo.com.br\/?p=18543#article","isPartOf":{"@id":"https:\/\/blogdobispo.com.br\/?p=18543"},"author":{"name":"Jefferson Sterfeno","@id":"https:\/\/blogdobispo.com.br\/#\/schema\/person\/e2209cc0e6cea5c5233d033e997b373f"},"headline":"Presid\u00eancia marca sess\u00e3o decisiva sobre cassa\u00e7\u00e3o de Brisa Bracchi","datePublished":"2025-11-17T19:13:47+00:00","mainEntityOfPage":{"@id":"https:\/\/blogdobispo.com.br\/?p=18543"},"wordCount":229,"commentCount":0,"publisher":{"@id":"https:\/\/blogdobispo.com.br\/#organization"},"image":{"@id":"https:\/\/blogdobispo.com.br\/?p=18543#primaryimage"},"thumbnailUrl":"https:\/\/i0.wp.com\/blogdobispo.com.br\/wp-content\/uploads\/2025\/11\/img_7730-1.jpg?fit=738%2C416&ssl=1","articleSection":["diversos"],"inLanguage":"pt-BR","potentialAction":[{"@type":"CommentAction","name":"Comment","target":["https:\/\/blogdobispo.com.br\/?p=18543#respond"]}]},{"@type":"WebPage","@id":"https:\/\/blogdobispo.com.br\/?p=18543","url":"https:\/\/blogdobispo.com.br\/?p=18543","name":"Presid\u00eancia marca sess\u00e3o decisiva sobre cassa\u00e7\u00e3o de Brisa Bracchi - Blog do Bispo","isPartOf":{"@id":"https:\/\/blogdobispo.com.br\/#website"},"primaryImageOfPage":{"@id":"https:\/\/blogdobispo.com.br\/?p=18543#primaryimage"},"image":{"@id":"https:\/\/blogdobispo.com.br\/?p=18543#primaryimage"},"thumbnailUrl":"https:\/\/i0.wp.com\/blogdobispo.com.br\/wp-content\/uploads\/2025\/11\/img_7730-1.jpg?fit=738%2C416&ssl=1","datePublished":"2025-11-17T19:13:47+00:00","breadcrumb":{"@id":"https:\/\/blogdobispo.com.br\/?p=18543#breadcrumb"},"inLanguage":"pt-BR","potentialAction":[{"@type":"ReadAction","target":["https:\/\/blogdobispo.com.br\/?p=18543"]}]},{"@type":"ImageObject","inLanguage":"pt-BR","@id":"https:\/\/blogdobispo.com.br\/?p=18543#primaryimage","url":"https:\/\/i0.wp.com\/blogdobispo.com.br\/wp-content\/uploads\/2025\/11\/img_7730-1.jpg?fit=738%2C416&ssl=1","contentUrl":"https:\/\/i0.wp.com\/blogdobispo.com.br\/wp-content\/uploads\/2025\/11\/img_7730-1.jpg?fit=738%2C416&ssl=1","width":738,"height":416},{"@type":"BreadcrumbList","@id":"https:\/\/blogdobispo.com.br\/?p=18543#breadcrumb","itemListElement":[{"@type":"ListItem","position":1,"name":"In\u00edcio","item":"https:\/\/blogdobispo.com.br\/"},{"@type":"ListItem","position":2,"name":"Presid\u00eancia marca sess\u00e3o decisiva sobre cassa\u00e7\u00e3o de Brisa Bracchi"}]},{"@type":"WebSite","@id":"https:\/\/blogdobispo.com.br\/#website","url":"https:\/\/blogdobispo.com.br\/","name":"Blog do Bispo","description":"Comprometido apenas com o leitor","publisher":{"@id":"https:\/\/blogdobispo.com.br\/#organization"},"potentialAction":[{"@type":"SearchAction","target":{"@type":"EntryPoint","urlTemplate":"https:\/\/blogdobispo.com.br\/?s={search_term_string}"},"query-input":{"@type":"PropertyValueSpecification","valueRequired":true,"valueName":"search_term_string"}}],"inLanguage":"pt-BR"},{"@type":"Organization","@id":"https:\/\/blogdobispo.com.br\/#organization","name":"Blog do Bispo","url":"https:\/\/blogdobispo.com.br\/","logo":{"@type":"ImageObject","inLanguage":"pt-BR","@id":"https:\/\/blogdobispo.com.br\/#\/schema\/logo\/image\/","url":"http:\/\/blogdobispo.com.br\/wp-content\/uploads\/2023\/05\/cropped-headear.png","contentUrl":"http:\/\/blogdobispo.com.br\/wp-content\/uploads\/2023\/05\/cropped-headear.png","width":1500,"height":399,"caption":"Blog do Bispo"},"image":{"@id":"https:\/\/blogdobispo.com.br\/#\/schema\/logo\/image\/"}},{"@type":"Person","@id":"https:\/\/blogdobispo.com.br\/#\/schema\/person\/e2209cc0e6cea5c5233d033e997b373f","name":"Jefferson Sterfeno","image":{"@type":"ImageObject","inLanguage":"pt-BR","@id":"https:\/\/blogdobispo.com.br\/#\/schema\/person\/image\/","url":"https:\/\/secure.gravatar.com\/avatar\/0534e84764641168a677026b6d57a3f51dc7ac4db0b4f6186d9cb330d4ee1160?s=96&d=mm&r=g","contentUrl":"https:\/\/secure.gravatar.com\/avatar\/0534e84764641168a677026b6d57a3f51dc7ac4db0b4f6186d9cb330d4ee1160?s=96&d=mm&r=g","caption":"Jefferson Sterfeno"},"sameAs":["http:\/\/blogdobispo.com.br"],"url":"https:\/\/blogdobispo.com.br\/?author=1"}]}},"featured_image_urls":{"full":["https:\/\/i0.wp.com\/blogdobispo.com.br\/wp-content\/uploads\/2025\/11\/img_7730-1.jpg?fit=738%2C416&ssl=1",738,416,false],"thumbnail":["https:\/\/i0.wp.com\/blogdobispo.com.br\/wp-content\/uploads\/2025\/11\/img_7730-1.jpg?resize=150%2C150&ssl=1",150,150,true],"medium":["https:\/\/i0.wp.com\/blogdobispo.com.br\/wp-content\/uploads\/2025\/11\/img_7730-1.jpg?fit=300%2C169&ssl=1",300,169,true],"medium_large":["https:\/\/i0.wp.com\/blogdobispo.com.br\/wp-content\/uploads\/2025\/11\/img_7730-1.jpg?fit=738%2C416&ssl=1",738,416,true],"large":["https:\/\/i0.wp.com\/blogdobispo.com.br\/wp-content\/uploads\/2025\/11\/img_7730-1.jpg?fit=738%2C416&ssl=1",738,416,true],"1536x1536":["https:\/\/i0.wp.com\/blogdobispo.com.br\/wp-content\/uploads\/2025\/11\/img_7730-1.jpg?fit=738%2C416&ssl=1",738,416,true],"2048x2048":["https:\/\/i0.wp.com\/blogdobispo.com.br\/wp-content\/uploads\/2025\/11\/img_7730-1.jpg?fit=738%2C416&ssl=1",738,416,true]},"author_info":{"display_name":"Jefferson Sterfeno","author_link":"https:\/\/blogdobispo.com.br\/?author=1"},"category_info":"<a href=\"https:\/\/blogdobispo.com.br\/?cat=1\" rel=\"category\">diversos<\/a>","tag_info":"diversos","comment_count":"0","jetpack_featured_media_url":"https:\/\/i0.wp.com\/blogdobispo.com.br\/wp-content\/uploads\/2025\/11\/img_7730-1.jpg?fit=738%2C416&ssl=1","jetpack_sharing_enabled":true,"_links":{"self":[{"href":"https:\/\/blogdobispo.com.br\/index.php?rest_route=\/wp\/v2\/posts\/18543","targetHints":{"allow":["GET"]}}],"collection":[{"href":"https:\/\/blogdobispo.com.br\/index.php?rest_route=\/wp\/v2\/posts"}],"about":[{"href":"https:\/\/blogdobispo.com.br\/index.php?rest_route=\/wp\/v2\/types\/post"}],"author":[{"embeddable":true,"href":"https:\/\/blogdobispo.com.br\/index.php?rest_route=\/wp\/v2\/users\/1"}],"replies":[{"embeddable":true,"href":"https:\/\/blogdobispo.com.br\/index.php?rest_route=%2Fwp%2Fv2%2Fcomments&post=18543"}],"version-history":[{"count":0,"href":"https:\/\/blogdobispo.com.br\/index.php?rest_route=\/wp\/v2\/posts\/18543\/revisions"}],"wp:featuredmedia":[{"embeddable":true,"href":"https:\/\/blogdobispo.com.br\/index.php?rest_route=\/wp\/v2\/media\/18542"}],"wp:attachment":[{"href":"https:\/\/blogdobispo.com.br\/index.php?rest_route=%2Fwp%2Fv2%2Fmedia&parent=18543"}],"wp:term":[{"taxonomy":"category","embeddable":true,"href":"https:\/\/blogdobispo.com.br\/index.php?rest_route=%2Fwp%2Fv2%2Fcategories&post=18543"},{"taxonomy":"post_tag","embeddable":true,"href":"https:\/\/blogdobispo.com.br\/index.php?rest_route=%2Fwp%2Fv2%2Ftags&post=18543"}],"curies":[{"name":"wp","href":"https:\/\/api.w.org\/{rel}","templated":true}]}}